{"id":569329,"date":"2026-03-16T16:42:41","date_gmt":"2026-03-16T15:42:41","guid":{"rendered":"https:\/\/www.igr.univ-rennes.fr\/?p=569329"},"modified":"2026-03-17T09:53:04","modified_gmt":"2026-03-17T08:53:04","slug":"la-recherche-parle-aux-rh-par-reference-rh-et-agrh-managers-de-proximite-acteurs-du-vivre-ensemble-au-travail","status":"publish","type":"post","link":"https:\/\/www.igr.univ-rennes.fr\/fr\/la-recherche-parle-aux-rh-par-reference-rh-et-agrh-managers-de-proximite-acteurs-du-vivre-ensemble-au-travail\/","title":{"rendered":"\u00abLa recherche parle aux RH\u00bb par R\u00e9f\u00e9rence RH et AGRH : Managers de proximit\u00e9, acteurs du \u00abvivre ensemble\u00bb au travail"},"content":{"rendered":"\t\t<div data-elementor-type=\"wp-post\" data-elementor-id=\"569329\" class=\"elementor elementor-569329\" data-elementor-post-type=\"post\">\n\t\t\t\t\t\t<section class=\"elementor-section elementor-top-section elementor-element elementor-element-fc4062f elementor-section-boxed elementor-section-height-default elementor-section-height-default\" data-id=\"fc4062f\" data-element_type=\"section\" data-e-type=\"section\">\n\t\t\t\t\t\t<div class=\"elementor-container elementor-column-gap-default\">\n\t\t\t\t\t<div class=\"elementor-column elementor-col-100 elementor-top-column elementor-element elementor-element-d6ecfd5\" data-id=\"d6ecfd5\" data-element_type=\"column\" data-e-type=\"column\">\n\t\t\t<div class=\"elementor-widget-wrap elementor-element-populated\">\n\t\t\t\t\t\t<div class=\"elementor-element elementor-element-2d5281c elementor-widget elementor-widget-text-editor\" data-id=\"2d5281c\" data-element_type=\"widget\" data-e-type=\"widget\" data-widget_type=\"text-editor.default\">\n\t\t\t\t<div class=\"elementor-widget-container\">\n\t\t\t\t\t\t\t\t\t<p>Une nouvelle chronique de la s\u00e9rie \u00ab<strong>La recherche parle aux RH<\/strong>\u00bb, r\u00e9alis\u00e9e en partenariat avec <a href=\"https:\/\/www.reference-rh.org\/\" target=\"_blank\" rel=\"noopener\">R\u00e9f\u00e9rence RH<\/a> et l\u2019<a href=\"https:\/\/www.agrh.fr\/\" target=\"_blank\" rel=\"noopener\">AGRH<\/a>, vient d\u2019\u00eatre publi\u00e9e dans <a href=\"https:\/\/www.liaisons-sociales.fr\/Content\/Index.aspx\" target=\"_blank\" rel=\"noopener\">Liaisons Sociales<\/a>.<\/p><p>Dans cette contribution,<strong> Anne Joyeau<\/strong>, professeure des universit\u00e9s en sciences de gestion, et <strong>Gw\u00e9na\u00eblle Poilpot\u2011Rocaboy<\/strong>, professeure en sciences de gestion, toutes deux \u00e0 l\u2019IGR\u2011IAE Rennes, s\u2019int\u00e9ressent au r\u00f4le des <strong>managers de proximit\u00e9<\/strong> dans la construction et la pr\u00e9servation du \u00ab vivre ensemble \u00bb au travail.<\/p><p>En mobilisant les apports de la recherche en gestion des ressources humaines, les autrices mettent en \u00e9vidence la position strat\u00e9gique occup\u00e9e par ces managers dans la <strong>r\u00e9gulation des relations de travail, la coh\u00e9sion des \u00e9quipes et la qualit\u00e9 du climat social<\/strong>. \u00c0 l\u2019interface entre la direction et les collaborateurs, ils contribuent au quotidien \u00e0 faire vivre les valeurs collectives, \u00e0 pr\u00e9venir les tensions et \u00e0 soutenir la coop\u00e9ration au sein des \u00e9quipes.<\/p><p>Dans un contexte marqu\u00e9 par les transformations des organisations et des modes de travail, cette chronique rappelle combien le <strong>management de proximit\u00e9<\/strong> constitue un levier essentiel pour favoriser l\u2019engagement des salari\u00e9s et renforcer la dynamique collective.<\/p>\t\t\t\t\t\t\t\t<\/div>\n\t\t\t\t<\/div>\n\t\t\t\t\t<\/div>\n\t\t<\/div>\n\t\t\t\t\t<\/div>\n\t\t<\/section>\n\t\t\t\t<section class=\"elementor-section elementor-top-section elementor-element elementor-element-d4cb3bc elementor-section-boxed elementor-section-height-default elementor-section-height-default\" data-id=\"d4cb3bc\" data-element_type=\"section\" data-e-type=\"section\">\n\t\t\t\t\t\t<div class=\"elementor-container elementor-column-gap-default\">\n\t\t\t\t\t<div class=\"elementor-column elementor-col-100 elementor-top-column elementor-element elementor-element-4b35584\" data-id=\"4b35584\" data-element_type=\"column\" data-e-type=\"column\">\n\t\t\t<div class=\"elementor-widget-wrap elementor-element-populated\">\n\t\t\t\t\t\t<div class=\"elementor-element elementor-element-22ff071 elementor-align-center elementor-widget elementor-widget-button\" data-id=\"22ff071\" data-element_type=\"widget\" data-e-type=\"widget\" data-widget_type=\"button.default\">\n\t\t\t\t<div class=\"elementor-widget-container\">\n\t\t\t\t\t\t\t\t\t<div class=\"elementor-button-wrapper\">\n\t\t\t\t\t<a class=\"elementor-button elementor-button-link elementor-size-sm\" href=\"https:\/\/www.liaisons-sociales.fr\/lsfr\/2026\/03\/04\/la-recherche-parle-aux-rh-par-reference-rh-et-agrh-managers-de-proximite-acteurs-du-vivre-ensemble-au-travail\" target=\"_blank\">\n\t\t\t\t\t\t<span class=\"elementor-button-content-wrapper\">\n\t\t\t\t\t\t\t\t\t<span class=\"elementor-button-text\">Lire la chronique dans Liaisons Sociales<\/span>\n\t\t\t\t\t<\/span>\n\t\t\t\t\t<\/a>\n\t\t\t\t<\/div>\n\t\t\t\t\t\t\t\t<\/div>\n\t\t\t\t<\/div>\n\t\t\t\t\t<\/div>\n\t\t<\/div>\n\t\t\t\t\t<\/div>\n\t\t<\/section>\n\t\t\t\t<section class=\"elementor-section elementor-top-section elementor-element elementor-element-69d4564 elementor-section-boxed elementor-section-height-default elementor-section-height-default\" data-id=\"69d4564\" data-element_type=\"section\" data-e-type=\"section\">\n\t\t\t\t\t\t<div class=\"elementor-container elementor-column-gap-default\">\n\t\t\t\t\t<div class=\"elementor-column elementor-col-100 elementor-top-column elementor-element elementor-element-fcdbf09\" data-id=\"fcdbf09\" data-element_type=\"column\" data-e-type=\"column\">\n\t\t\t<div class=\"elementor-widget-wrap elementor-element-populated\">\n\t\t\t\t\t\t<div class=\"elementor-element elementor-element-8dc4e53 elementor-align-center elementor-widget elementor-widget-button\" data-id=\"8dc4e53\" data-element_type=\"widget\" data-e-type=\"widget\" data-widget_type=\"button.default\">\n\t\t\t\t<div class=\"elementor-widget-container\">\n\t\t\t\t\t\t\t\t\t<div class=\"elementor-button-wrapper\">\n\t\t\t\t\t<a class=\"elementor-button elementor-button-link elementor-size-sm\" href=\"https:\/\/www.igr.univ-rennes.fr\/wp-content\/uploads\/2026\/02\/La-recherche-parle-aux-RH-par-Reference-RH-et.-10.pdf\" target=\"_blank\">\n\t\t\t\t\t\t<span class=\"elementor-button-content-wrapper\">\n\t\t\t\t\t\t\t\t\t<span class=\"elementor-button-text\">T\u00e9l\u00e9charger l'article<\/span>\n\t\t\t\t\t<\/span>\n\t\t\t\t\t<\/a>\n\t\t\t\t<\/div>\n\t\t\t\t\t\t\t\t<\/div>\n\t\t\t\t<\/div>\n\t\t\t\t\t<\/div>\n\t\t<\/div>\n\t\t\t\t\t<\/div>\n\t\t<\/section>\n\t\t\t\t<\/div>\n\t\t","protected":false},"excerpt":{"rendered":"<p>Une nouvelle chronique de la s\u00e9rie \u00ab La recherche parle aux RH \u00bb<\/p>\n","protected":false},"author":11,"featured_media":569361,"comment_status":"closed","ping_status":"closed","sticky":true,"template":"","format":"standard","meta":{"_acf_changed":false,"footnotes":""},"categories":[66],"tags":[],"class_list":["post-569329","post","type-post","status-publish","format-standard","has-post-thumbnail","hentry","category-recherche"],"acf":[],"yoast_head":"<!-- This site is optimized with the Yoast SEO plugin v27.5 - https:\/\/yoast.com\/product\/yoast-seo-wordpress\/ -->\n<title>\u00abLa recherche parle aux RH\u00bb par R\u00e9f\u00e9rence RH et AGRH : Managers de proximit\u00e9, acteurs du \u00abvivre ensemble\u00bb au travail - IGR IAE Rennes<\/title>\n<meta name=\"robots\" content=\"index, follow, max-snippet:-1, max-image-preview:large, max-video-preview:-1\" \/>\n<link rel=\"canonical\" href=\"https:\/\/www.igr.univ-rennes.fr\/fr\/la-recherche-parle-aux-rh-par-reference-rh-et-agrh-managers-de-proximite-acteurs-du-vivre-ensemble-au-travail\/\" \/>\n<meta property=\"og:locale\" content=\"fr_FR\" \/>\n<meta property=\"og:type\" content=\"article\" \/>\n<meta property=\"og:title\" content=\"\u00abLa recherche parle aux RH\u00bb par R\u00e9f\u00e9rence RH et AGRH : Managers de proximit\u00e9, acteurs du \u00abvivre ensemble\u00bb au travail - IGR IAE Rennes\" \/>\n<meta property=\"og:description\" content=\"Une nouvelle chronique de la s\u00e9rie \u00ab La recherche parle aux RH \u00bb\" \/>\n<meta property=\"og:url\" content=\"https:\/\/www.igr.univ-rennes.fr\/fr\/la-recherche-parle-aux-rh-par-reference-rh-et-agrh-managers-de-proximite-acteurs-du-vivre-ensemble-au-travail\/\" \/>\n<meta property=\"og:site_name\" content=\"IGR IAE Rennes\" \/>\n<meta property=\"article:published_time\" content=\"2026-03-16T15:42:41+00:00\" \/>\n<meta property=\"article:modified_time\" content=\"2026-03-17T08:53:04+00:00\" \/>\n<meta property=\"og:image\" content=\"https:\/\/www.igr.univ-rennes.fr\/wp-content\/uploads\/2026\/03\/chronique-liaisons-sociales-mars2026-2.jpg\" \/>\n\t<meta property=\"og:image:width\" content=\"2400\" \/>\n\t<meta property=\"og:image:height\" content=\"1260\" \/>\n\t<meta property=\"og:image:type\" content=\"image\/jpeg\" \/>\n<meta name=\"author\" content=\"Marie-Annick Robin\" \/>\n<meta name=\"twitter:card\" content=\"summary_large_image\" \/>\n<meta name=\"twitter:label1\" content=\"\u00c9crit par\" \/>\n\t<meta name=\"twitter:data1\" content=\"Marie-Annick Robin\" \/>\n\t<meta name=\"twitter:label2\" content=\"Dur\u00e9e de lecture estim\u00e9e\" \/>\n\t<meta name=\"twitter:data2\" content=\"1 minute\" \/>\n<script type=\"application\/ld+json\" class=\"yoast-schema-graph\">{\"@context\":\"https:\\\/\\\/schema.org\",\"@graph\":[{\"@type\":\"Article\",\"@id\":\"https:\\\/\\\/www.igr.univ-rennes.fr\\\/fr\\\/la-recherche-parle-aux-rh-par-reference-rh-et-agrh-managers-de-proximite-acteurs-du-vivre-ensemble-au-travail\\\/#article\",\"isPartOf\":{\"@id\":\"https:\\\/\\\/www.igr.univ-rennes.fr\\\/fr\\\/la-recherche-parle-aux-rh-par-reference-rh-et-agrh-managers-de-proximite-acteurs-du-vivre-ensemble-au-travail\\\/\"},\"author\":{\"name\":\"Marie-Annick Robin\",\"@id\":\"https:\\\/\\\/www.igr.univ-rennes.fr\\\/fr\\\/#\\\/schema\\\/person\\\/5f1ef906f2986c0eaa338b7258c4082b\"},\"headline\":\"\u00abLa recherche parle aux RH\u00bb par R\u00e9f\u00e9rence RH et AGRH : Managers de proximit\u00e9, acteurs du \u00abvivre ensemble\u00bb au travail\",\"datePublished\":\"2026-03-16T15:42:41+00:00\",\"dateModified\":\"2026-03-17T08:53:04+00:00\",\"mainEntityOfPage\":{\"@id\":\"https:\\\/\\\/www.igr.univ-rennes.fr\\\/fr\\\/la-recherche-parle-aux-rh-par-reference-rh-et-agrh-managers-de-proximite-acteurs-du-vivre-ensemble-au-travail\\\/\"},\"wordCount\":230,\"publisher\":{\"@id\":\"https:\\\/\\\/www.igr.univ-rennes.fr\\\/fr\\\/#organization\"},\"image\":{\"@id\":\"https:\\\/\\\/www.igr.univ-rennes.fr\\\/fr\\\/la-recherche-parle-aux-rh-par-reference-rh-et-agrh-managers-de-proximite-acteurs-du-vivre-ensemble-au-travail\\\/#primaryimage\"},\"thumbnailUrl\":\"https:\\\/\\\/www.igr.univ-rennes.fr\\\/wp-content\\\/uploads\\\/2026\\\/03\\\/chronique-liaisons-sociales-mars2026-2.jpg\",\"articleSection\":[\"Recherche\"],\"inLanguage\":\"fr-FR\"},{\"@type\":\"WebPage\",\"@id\":\"https:\\\/\\\/www.igr.univ-rennes.fr\\\/fr\\\/la-recherche-parle-aux-rh-par-reference-rh-et-agrh-managers-de-proximite-acteurs-du-vivre-ensemble-au-travail\\\/\",\"url\":\"https:\\\/\\\/www.igr.univ-rennes.fr\\\/fr\\\/la-recherche-parle-aux-rh-par-reference-rh-et-agrh-managers-de-proximite-acteurs-du-vivre-ensemble-au-travail\\\/\",\"name\":\"\u00abLa recherche parle aux RH\u00bb par R\u00e9f\u00e9rence RH et AGRH : Managers de proximit\u00e9, acteurs du \u00abvivre ensemble\u00bb au travail - IGR IAE Rennes\",\"isPartOf\":{\"@id\":\"https:\\\/\\\/www.igr.univ-rennes.fr\\\/fr\\\/#website\"},\"primaryImageOfPage\":{\"@id\":\"https:\\\/\\\/www.igr.univ-rennes.fr\\\/fr\\\/la-recherche-parle-aux-rh-par-reference-rh-et-agrh-managers-de-proximite-acteurs-du-vivre-ensemble-au-travail\\\/#primaryimage\"},\"image\":{\"@id\":\"https:\\\/\\\/www.igr.univ-rennes.fr\\\/fr\\\/la-recherche-parle-aux-rh-par-reference-rh-et-agrh-managers-de-proximite-acteurs-du-vivre-ensemble-au-travail\\\/#primaryimage\"},\"thumbnailUrl\":\"https:\\\/\\\/www.igr.univ-rennes.fr\\\/wp-content\\\/uploads\\\/2026\\\/03\\\/chronique-liaisons-sociales-mars2026-2.jpg\",\"datePublished\":\"2026-03-16T15:42:41+00:00\",\"dateModified\":\"2026-03-17T08:53:04+00:00\",\"breadcrumb\":{\"@id\":\"https:\\\/\\\/www.igr.univ-rennes.fr\\\/fr\\\/la-recherche-parle-aux-rh-par-reference-rh-et-agrh-managers-de-proximite-acteurs-du-vivre-ensemble-au-travail\\\/#breadcrumb\"},\"inLanguage\":\"fr-FR\",\"potentialAction\":[{\"@type\":\"ReadAction\",\"target\":[\"https:\\\/\\\/www.igr.univ-rennes.fr\\\/fr\\\/la-recherche-parle-aux-rh-par-reference-rh-et-agrh-managers-de-proximite-acteurs-du-vivre-ensemble-au-travail\\\/\"]}]},{\"@type\":\"ImageObject\",\"inLanguage\":\"fr-FR\",\"@id\":\"https:\\\/\\\/www.igr.univ-rennes.fr\\\/fr\\\/la-recherche-parle-aux-rh-par-reference-rh-et-agrh-managers-de-proximite-acteurs-du-vivre-ensemble-au-travail\\\/#primaryimage\",\"url\":\"https:\\\/\\\/www.igr.univ-rennes.fr\\\/wp-content\\\/uploads\\\/2026\\\/03\\\/chronique-liaisons-sociales-mars2026-2.jpg\",\"contentUrl\":\"https:\\\/\\\/www.igr.univ-rennes.fr\\\/wp-content\\\/uploads\\\/2026\\\/03\\\/chronique-liaisons-sociales-mars2026-2.jpg\",\"width\":2400,\"height\":1260,\"caption\":\"chronique-liaisons-sociales-mars2026\"},{\"@type\":\"BreadcrumbList\",\"@id\":\"https:\\\/\\\/www.igr.univ-rennes.fr\\\/fr\\\/la-recherche-parle-aux-rh-par-reference-rh-et-agrh-managers-de-proximite-acteurs-du-vivre-ensemble-au-travail\\\/#breadcrumb\",\"itemListElement\":[{\"@type\":\"ListItem\",\"position\":1,\"name\":\"Accueil\",\"item\":\"https:\\\/\\\/www.igr.univ-rennes.fr\\\/fr\\\/\"},{\"@type\":\"ListItem\",\"position\":2,\"name\":\"\u00abLa recherche parle aux RH\u00bb par R\u00e9f\u00e9rence RH et AGRH : Managers de proximit\u00e9, acteurs du \u00abvivre ensemble\u00bb au travail\"}]},{\"@type\":\"WebSite\",\"@id\":\"https:\\\/\\\/www.igr.univ-rennes.fr\\\/fr\\\/#website\",\"url\":\"https:\\\/\\\/www.igr.univ-rennes.fr\\\/fr\\\/\",\"name\":\"IGR IAE Rennes\",\"description\":\"\",\"publisher\":{\"@id\":\"https:\\\/\\\/www.igr.univ-rennes.fr\\\/fr\\\/#organization\"},\"potentialAction\":[{\"@type\":\"SearchAction\",\"target\":{\"@type\":\"EntryPoint\",\"urlTemplate\":\"https:\\\/\\\/www.igr.univ-rennes.fr\\\/fr\\\/?s={search_term_string}\"},\"query-input\":{\"@type\":\"PropertyValueSpecification\",\"valueRequired\":true,\"valueName\":\"search_term_string\"}}],\"inLanguage\":\"fr-FR\"},{\"@type\":\"Organization\",\"@id\":\"https:\\\/\\\/www.igr.univ-rennes.fr\\\/fr\\\/#organization\",\"name\":\"IGR IAE Rennes\",\"url\":\"https:\\\/\\\/www.igr.univ-rennes.fr\\\/fr\\\/\",\"logo\":{\"@type\":\"ImageObject\",\"inLanguage\":\"fr-FR\",\"@id\":\"https:\\\/\\\/www.igr.univ-rennes.fr\\\/fr\\\/#\\\/schema\\\/logo\\\/image\\\/\",\"url\":\"https:\\\/\\\/www.igr.univ-rennes.fr\\\/wp-content\\\/uploads\\\/2020\\\/06\\\/Logo-IGR-IAE-Rennes_Blanc-300dpi-RVB-e1597327228224.png\",\"contentUrl\":\"https:\\\/\\\/www.igr.univ-rennes.fr\\\/wp-content\\\/uploads\\\/2020\\\/06\\\/Logo-IGR-IAE-Rennes_Blanc-300dpi-RVB-e1597327228224.png\",\"width\":290,\"height\":107,\"caption\":\"IGR IAE Rennes\"},\"image\":{\"@id\":\"https:\\\/\\\/www.igr.univ-rennes.fr\\\/fr\\\/#\\\/schema\\\/logo\\\/image\\\/\"}},{\"@type\":\"Person\",\"@id\":\"https:\\\/\\\/www.igr.univ-rennes.fr\\\/fr\\\/#\\\/schema\\\/person\\\/5f1ef906f2986c0eaa338b7258c4082b\",\"name\":\"Marie-Annick Robin\",\"image\":{\"@type\":\"ImageObject\",\"inLanguage\":\"fr-FR\",\"@id\":\"https:\\\/\\\/secure.gravatar.com\\\/avatar\\\/f9293e68571e20c548e6d32c7885fdfb06e6f56349fe920439a102a2234f78c3?s=96&d=mm&r=g\",\"url\":\"https:\\\/\\\/secure.gravatar.com\\\/avatar\\\/f9293e68571e20c548e6d32c7885fdfb06e6f56349fe920439a102a2234f78c3?s=96&d=mm&r=g\",\"contentUrl\":\"https:\\\/\\\/secure.gravatar.com\\\/avatar\\\/f9293e68571e20c548e6d32c7885fdfb06e6f56349fe920439a102a2234f78c3?s=96&d=mm&r=g\",\"caption\":\"Marie-Annick Robin\"}}]}<\/script>\n<!-- \/ Yoast SEO plugin. -->","yoast_head_json":{"title":"\u00abLa recherche parle aux RH\u00bb par R\u00e9f\u00e9rence RH et AGRH : Managers de proximit\u00e9, acteurs du \u00abvivre ensemble\u00bb au travail - IGR IAE Rennes","robots":{"index":"index","follow":"follow","max-snippet":"max-snippet:-1","max-image-preview":"max-image-preview:large","max-video-preview":"max-video-preview:-1"},"canonical":"https:\/\/www.igr.univ-rennes.fr\/fr\/la-recherche-parle-aux-rh-par-reference-rh-et-agrh-managers-de-proximite-acteurs-du-vivre-ensemble-au-travail\/","og_locale":"fr_FR","og_type":"article","og_title":"\u00abLa recherche parle aux RH\u00bb par R\u00e9f\u00e9rence RH et AGRH : Managers de proximit\u00e9, acteurs du \u00abvivre ensemble\u00bb au travail - IGR IAE Rennes","og_description":"Une nouvelle chronique de la s\u00e9rie \u00ab La recherche parle aux RH \u00bb","og_url":"https:\/\/www.igr.univ-rennes.fr\/fr\/la-recherche-parle-aux-rh-par-reference-rh-et-agrh-managers-de-proximite-acteurs-du-vivre-ensemble-au-travail\/","og_site_name":"IGR IAE Rennes","article_published_time":"2026-03-16T15:42:41+00:00","article_modified_time":"2026-03-17T08:53:04+00:00","og_image":[{"width":2400,"height":1260,"url":"https:\/\/www.igr.univ-rennes.fr\/wp-content\/uploads\/2026\/03\/chronique-liaisons-sociales-mars2026-2.jpg","type":"image\/jpeg"}],"author":"Marie-Annick Robin","twitter_card":"summary_large_image","twitter_misc":{"\u00c9crit par":"Marie-Annick Robin","Dur\u00e9e de lecture estim\u00e9e":"1 minute"},"schema":{"@context":"https:\/\/schema.org","@graph":[{"@type":"Article","@id":"https:\/\/www.igr.univ-rennes.fr\/fr\/la-recherche-parle-aux-rh-par-reference-rh-et-agrh-managers-de-proximite-acteurs-du-vivre-ensemble-au-travail\/#article","isPartOf":{"@id":"https:\/\/www.igr.univ-rennes.fr\/fr\/la-recherche-parle-aux-rh-par-reference-rh-et-agrh-managers-de-proximite-acteurs-du-vivre-ensemble-au-travail\/"},"author":{"name":"Marie-Annick Robin","@id":"https:\/\/www.igr.univ-rennes.fr\/fr\/#\/schema\/person\/5f1ef906f2986c0eaa338b7258c4082b"},"headline":"\u00abLa recherche parle aux RH\u00bb par R\u00e9f\u00e9rence RH et AGRH : Managers de proximit\u00e9, acteurs du \u00abvivre ensemble\u00bb au travail","datePublished":"2026-03-16T15:42:41+00:00","dateModified":"2026-03-17T08:53:04+00:00","mainEntityOfPage":{"@id":"https:\/\/www.igr.univ-rennes.fr\/fr\/la-recherche-parle-aux-rh-par-reference-rh-et-agrh-managers-de-proximite-acteurs-du-vivre-ensemble-au-travail\/"},"wordCount":230,"publisher":{"@id":"https:\/\/www.igr.univ-rennes.fr\/fr\/#organization"},"image":{"@id":"https:\/\/www.igr.univ-rennes.fr\/fr\/la-recherche-parle-aux-rh-par-reference-rh-et-agrh-managers-de-proximite-acteurs-du-vivre-ensemble-au-travail\/#primaryimage"},"thumbnailUrl":"https:\/\/www.igr.univ-rennes.fr\/wp-content\/uploads\/2026\/03\/chronique-liaisons-sociales-mars2026-2.jpg","articleSection":["Recherche"],"inLanguage":"fr-FR"},{"@type":"WebPage","@id":"https:\/\/www.igr.univ-rennes.fr\/fr\/la-recherche-parle-aux-rh-par-reference-rh-et-agrh-managers-de-proximite-acteurs-du-vivre-ensemble-au-travail\/","url":"https:\/\/www.igr.univ-rennes.fr\/fr\/la-recherche-parle-aux-rh-par-reference-rh-et-agrh-managers-de-proximite-acteurs-du-vivre-ensemble-au-travail\/","name":"\u00abLa recherche parle aux RH\u00bb par R\u00e9f\u00e9rence RH et AGRH : Managers de proximit\u00e9, acteurs du \u00abvivre ensemble\u00bb au travail - IGR IAE Rennes","isPartOf":{"@id":"https:\/\/www.igr.univ-rennes.fr\/fr\/#website"},"primaryImageOfPage":{"@id":"https:\/\/www.igr.univ-rennes.fr\/fr\/la-recherche-parle-aux-rh-par-reference-rh-et-agrh-managers-de-proximite-acteurs-du-vivre-ensemble-au-travail\/#primaryimage"},"image":{"@id":"https:\/\/www.igr.univ-rennes.fr\/fr\/la-recherche-parle-aux-rh-par-reference-rh-et-agrh-managers-de-proximite-acteurs-du-vivre-ensemble-au-travail\/#primaryimage"},"thumbnailUrl":"https:\/\/www.igr.univ-rennes.fr\/wp-content\/uploads\/2026\/03\/chronique-liaisons-sociales-mars2026-2.jpg","datePublished":"2026-03-16T15:42:41+00:00","dateModified":"2026-03-17T08:53:04+00:00","breadcrumb":{"@id":"https:\/\/www.igr.univ-rennes.fr\/fr\/la-recherche-parle-aux-rh-par-reference-rh-et-agrh-managers-de-proximite-acteurs-du-vivre-ensemble-au-travail\/#breadcrumb"},"inLanguage":"fr-FR","potentialAction":[{"@type":"ReadAction","target":["https:\/\/www.igr.univ-rennes.fr\/fr\/la-recherche-parle-aux-rh-par-reference-rh-et-agrh-managers-de-proximite-acteurs-du-vivre-ensemble-au-travail\/"]}]},{"@type":"ImageObject","inLanguage":"fr-FR","@id":"https:\/\/www.igr.univ-rennes.fr\/fr\/la-recherche-parle-aux-rh-par-reference-rh-et-agrh-managers-de-proximite-acteurs-du-vivre-ensemble-au-travail\/#primaryimage","url":"https:\/\/www.igr.univ-rennes.fr\/wp-content\/uploads\/2026\/03\/chronique-liaisons-sociales-mars2026-2.jpg","contentUrl":"https:\/\/www.igr.univ-rennes.fr\/wp-content\/uploads\/2026\/03\/chronique-liaisons-sociales-mars2026-2.jpg","width":2400,"height":1260,"caption":"chronique-liaisons-sociales-mars2026"},{"@type":"BreadcrumbList","@id":"https:\/\/www.igr.univ-rennes.fr\/fr\/la-recherche-parle-aux-rh-par-reference-rh-et-agrh-managers-de-proximite-acteurs-du-vivre-ensemble-au-travail\/#breadcrumb","itemListElement":[{"@type":"ListItem","position":1,"name":"Accueil","item":"https:\/\/www.igr.univ-rennes.fr\/fr\/"},{"@type":"ListItem","position":2,"name":"\u00abLa recherche parle aux RH\u00bb par R\u00e9f\u00e9rence RH et AGRH : Managers de proximit\u00e9, acteurs du \u00abvivre ensemble\u00bb au travail"}]},{"@type":"WebSite","@id":"https:\/\/www.igr.univ-rennes.fr\/fr\/#website","url":"https:\/\/www.igr.univ-rennes.fr\/fr\/","name":"IGR IAE Rennes","description":"","publisher":{"@id":"https:\/\/www.igr.univ-rennes.fr\/fr\/#organization"},"potentialAction":[{"@type":"SearchAction","target":{"@type":"EntryPoint","urlTemplate":"https:\/\/www.igr.univ-rennes.fr\/fr\/?s={search_term_string}"},"query-input":{"@type":"PropertyValueSpecification","valueRequired":true,"valueName":"search_term_string"}}],"inLanguage":"fr-FR"},{"@type":"Organization","@id":"https:\/\/www.igr.univ-rennes.fr\/fr\/#organization","name":"IGR IAE Rennes","url":"https:\/\/www.igr.univ-rennes.fr\/fr\/","logo":{"@type":"ImageObject","inLanguage":"fr-FR","@id":"https:\/\/www.igr.univ-rennes.fr\/fr\/#\/schema\/logo\/image\/","url":"https:\/\/www.igr.univ-rennes.fr\/wp-content\/uploads\/2020\/06\/Logo-IGR-IAE-Rennes_Blanc-300dpi-RVB-e1597327228224.png","contentUrl":"https:\/\/www.igr.univ-rennes.fr\/wp-content\/uploads\/2020\/06\/Logo-IGR-IAE-Rennes_Blanc-300dpi-RVB-e1597327228224.png","width":290,"height":107,"caption":"IGR IAE Rennes"},"image":{"@id":"https:\/\/www.igr.univ-rennes.fr\/fr\/#\/schema\/logo\/image\/"}},{"@type":"Person","@id":"https:\/\/www.igr.univ-rennes.fr\/fr\/#\/schema\/person\/5f1ef906f2986c0eaa338b7258c4082b","name":"Marie-Annick Robin","image":{"@type":"ImageObject","inLanguage":"fr-FR","@id":"https:\/\/secure.gravatar.com\/avatar\/f9293e68571e20c548e6d32c7885fdfb06e6f56349fe920439a102a2234f78c3?s=96&d=mm&r=g","url":"https:\/\/secure.gravatar.com\/avatar\/f9293e68571e20c548e6d32c7885fdfb06e6f56349fe920439a102a2234f78c3?s=96&d=mm&r=g","contentUrl":"https:\/\/secure.gravatar.com\/avatar\/f9293e68571e20c548e6d32c7885fdfb06e6f56349fe920439a102a2234f78c3?s=96&d=mm&r=g","caption":"Marie-Annick Robin"}}]}},"_links":{"self":[{"href":"https:\/\/www.igr.univ-rennes.fr\/fr\/wp-json\/wp\/v2\/posts\/569329","targetHints":{"allow":["GET"]}}],"collection":[{"href":"https:\/\/www.igr.univ-rennes.fr\/fr\/wp-json\/wp\/v2\/posts"}],"about":[{"href":"https:\/\/www.igr.univ-rennes.fr\/fr\/wp-json\/wp\/v2\/types\/post"}],"author":[{"embeddable":true,"href":"https:\/\/www.igr.univ-rennes.fr\/fr\/wp-json\/wp\/v2\/users\/11"}],"replies":[{"embeddable":true,"href":"https:\/\/www.igr.univ-rennes.fr\/fr\/wp-json\/wp\/v2\/comments?post=569329"}],"version-history":[{"count":10,"href":"https:\/\/www.igr.univ-rennes.fr\/fr\/wp-json\/wp\/v2\/posts\/569329\/revisions"}],"predecessor-version":[{"id":569360,"href":"https:\/\/www.igr.univ-rennes.fr\/fr\/wp-json\/wp\/v2\/posts\/569329\/revisions\/569360"}],"wp:featuredmedia":[{"embeddable":true,"href":"https:\/\/www.igr.univ-rennes.fr\/fr\/wp-json\/wp\/v2\/media\/569361"}],"wp:attachment":[{"href":"https:\/\/www.igr.univ-rennes.fr\/fr\/wp-json\/wp\/v2\/media?parent=569329"}],"wp:term":[{"taxonomy":"category","embeddable":true,"href":"https:\/\/www.igr.univ-rennes.fr\/fr\/wp-json\/wp\/v2\/categories?post=569329"},{"taxonomy":"post_tag","embeddable":true,"href":"https:\/\/www.igr.univ-rennes.fr\/fr\/wp-json\/wp\/v2\/tags?post=569329"}],"curies":[{"name":"wp","href":"https:\/\/api.w.org\/{rel}","templated":true}]}}