{"id":569273,"date":"2026-03-12T15:57:51","date_gmt":"2026-03-12T14:57:51","guid":{"rendered":"https:\/\/www.igr.univ-rennes.fr\/?p=569273"},"modified":"2026-03-16T09:32:30","modified_gmt":"2026-03-16T08:32:30","slug":"ligr-iae-rennes-accueille-35-lyceens-rennais-dans-le-cadre-du-projet-brio","status":"publish","type":"post","link":"https:\/\/www.igr.univ-rennes.fr\/fr\/ligr-iae-rennes-accueille-35-lyceens-rennais-dans-le-cadre-du-projet-brio\/","title":{"rendered":"L\u2019IGR-IAE Rennes accueille 35 lyc\u00e9ens rennais dans le cadre du projet BRIO"},"content":{"rendered":"\t\t<div data-elementor-type=\"wp-post\" data-elementor-id=\"569273\" class=\"elementor elementor-569273\" data-elementor-post-type=\"post\">\n\t\t\t\t\t\t<section class=\"elementor-section elementor-top-section elementor-element elementor-element-a372115 elementor-section-boxed elementor-section-height-default elementor-section-height-default\" data-id=\"a372115\" data-element_type=\"section\" data-e-type=\"section\">\n\t\t\t\t\t\t<div class=\"elementor-container elementor-column-gap-default\">\n\t\t\t\t\t<div class=\"elementor-column elementor-col-100 elementor-top-column elementor-element elementor-element-39246ea\" data-id=\"39246ea\" data-element_type=\"column\" data-e-type=\"column\">\n\t\t\t<div class=\"elementor-widget-wrap elementor-element-populated\">\n\t\t\t\t\t\t<div class=\"elementor-element elementor-element-7627709 elementor-widget elementor-widget-text-editor\" data-id=\"7627709\" data-element_type=\"widget\" data-e-type=\"widget\" data-widget_type=\"text-editor.default\">\n\t\t\t\t<div class=\"elementor-widget-container\">\n\t\t\t\t\t\t\t\t\t<p>L\u2019IGR-IAE Rennes a eu le plaisir d\u2019accueillir 35 lyc\u00e9ens rennais dans le cadre du <a href=\"https:\/\/soie.univ-rennes.fr\/BRIO\" target=\"_blank\" rel=\"noopener\">projet BRIO<\/a>.<\/p><p>Laur\u00e9at de l\u2019appel \u00e0 projets du Programme d\u2019Investissement d\u2019Avenir 3, le projet BRIO vise, sur une p\u00e9riode de dix ans, \u00e0 cr\u00e9er les catalyseurs d\u2019une orientation r\u00e9ussie pour les jeunes du territoire breton.<\/p><p>Pendant deux heures, les lyc\u00e9ens ont \u00e9t\u00e9 immerg\u00e9s au c\u0153ur de l\u2019IGR-IAE Rennes. Au programme : visite des locaux, d\u00e9couverte des m\u00e9tiers de la gestion et \u00e9changes avec les enseignantes <strong>Hajar Hilali et H\u00e9l\u00e8ne Fayet<\/strong>. Cette immersion leur a permis de mieux comprendre les parcours possibles dans l\u2019enseignement sup\u00e9rieur et les d\u00e9bouch\u00e9s offerts par les formations en management.<\/p><p>Une exp\u00e9rience enrichissante pour ces lyc\u00e9ens, qui a suscit\u00e9 curiosit\u00e9 et enthousiasme, et peut-\u00eatre m\u00eame fait na\u00eetre de nouvelles vocations.<\/p><p>Nous esp\u00e9rons avoir le plaisir de les retrouver nombreux dans quelques ann\u00e9es au sein de notre Licence 3 !<\/p>\t\t\t\t\t\t\t\t<\/div>\n\t\t\t\t<\/div>\n\t\t\t\t\t<\/div>\n\t\t<\/div>\n\t\t\t\t\t<\/div>\n\t\t<\/section>\n\t\t\t\t<\/div>\n\t\t","protected":false},"excerpt":{"rendered":"<p>Une exp\u00e9rience enrichissante pour susciter de nouvelles vocations.<\/p>\n","protected":false},"author":11,"featured_media":569307,"comment_status":"closed","ping_status":"closed","sticky":true,"template":"","format":"standard","meta":{"_acf_changed":false,"footnotes":""},"categories":[64],"tags":[],"class_list":["post-569273","post","type-post","status-publish","format-standard","has-post-thumbnail","hentry","category-formation"],"acf":[],"yoast_head":"<!-- This site is optimized with the Yoast SEO plugin v27.5 - https:\/\/yoast.com\/product\/yoast-seo-wordpress\/ -->\n<title>L\u2019IGR-IAE Rennes accueille 35 lyc\u00e9ens rennais dans le cadre du projet BRIO - IGR IAE Rennes<\/title>\n<meta name=\"robots\" content=\"index, follow, max-snippet:-1, max-image-preview:large, max-video-preview:-1\" \/>\n<link rel=\"canonical\" href=\"https:\/\/www.igr.univ-rennes.fr\/fr\/ligr-iae-rennes-accueille-35-lyceens-rennais-dans-le-cadre-du-projet-brio\/\" \/>\n<meta property=\"og:locale\" content=\"fr_FR\" \/>\n<meta property=\"og:type\" content=\"article\" \/>\n<meta property=\"og:title\" content=\"L\u2019IGR-IAE Rennes accueille 35 lyc\u00e9ens rennais dans le cadre du projet BRIO - IGR IAE Rennes\" \/>\n<meta property=\"og:description\" content=\"Une exp\u00e9rience enrichissante pour susciter de nouvelles vocations.\" \/>\n<meta property=\"og:url\" content=\"https:\/\/www.igr.univ-rennes.fr\/fr\/ligr-iae-rennes-accueille-35-lyceens-rennais-dans-le-cadre-du-projet-brio\/\" \/>\n<meta property=\"og:site_name\" content=\"IGR IAE Rennes\" \/>\n<meta property=\"article:published_time\" content=\"2026-03-12T14:57:51+00:00\" \/>\n<meta property=\"article:modified_time\" content=\"2026-03-16T08:32:30+00:00\" \/>\n<meta property=\"og:image\" content=\"https:\/\/www.igr.univ-rennes.fr\/wp-content\/uploads\/2026\/03\/BRIO-12mars2026-1.jpg\" \/>\n\t<meta property=\"og:image:width\" content=\"1181\" \/>\n\t<meta property=\"og:image:height\" content=\"620\" \/>\n\t<meta property=\"og:image:type\" content=\"image\/jpeg\" \/>\n<meta name=\"author\" content=\"Marie-Annick Robin\" \/>\n<meta name=\"twitter:card\" content=\"summary_large_image\" \/>\n<meta name=\"twitter:label1\" content=\"\u00c9crit par\" \/>\n\t<meta name=\"twitter:data1\" content=\"Marie-Annick Robin\" \/>\n\t<meta name=\"twitter:label2\" content=\"Dur\u00e9e de lecture estim\u00e9e\" \/>\n\t<meta name=\"twitter:data2\" content=\"1 minute\" \/>\n<script type=\"application\/ld+json\" class=\"yoast-schema-graph\">{\"@context\":\"https:\\\/\\\/schema.org\",\"@graph\":[{\"@type\":\"Article\",\"@id\":\"https:\\\/\\\/www.igr.univ-rennes.fr\\\/fr\\\/ligr-iae-rennes-accueille-35-lyceens-rennais-dans-le-cadre-du-projet-brio\\\/#article\",\"isPartOf\":{\"@id\":\"https:\\\/\\\/www.igr.univ-rennes.fr\\\/fr\\\/ligr-iae-rennes-accueille-35-lyceens-rennais-dans-le-cadre-du-projet-brio\\\/\"},\"author\":{\"name\":\"Marie-Annick Robin\",\"@id\":\"https:\\\/\\\/www.igr.univ-rennes.fr\\\/fr\\\/#\\\/schema\\\/person\\\/5f1ef906f2986c0eaa338b7258c4082b\"},\"headline\":\"L\u2019IGR-IAE Rennes accueille 35 lyc\u00e9ens rennais dans le cadre du projet BRIO\",\"datePublished\":\"2026-03-12T14:57:51+00:00\",\"dateModified\":\"2026-03-16T08:32:30+00:00\",\"mainEntityOfPage\":{\"@id\":\"https:\\\/\\\/www.igr.univ-rennes.fr\\\/fr\\\/ligr-iae-rennes-accueille-35-lyceens-rennais-dans-le-cadre-du-projet-brio\\\/\"},\"wordCount\":182,\"publisher\":{\"@id\":\"https:\\\/\\\/www.igr.univ-rennes.fr\\\/fr\\\/#organization\"},\"image\":{\"@id\":\"https:\\\/\\\/www.igr.univ-rennes.fr\\\/fr\\\/ligr-iae-rennes-accueille-35-lyceens-rennais-dans-le-cadre-du-projet-brio\\\/#primaryimage\"},\"thumbnailUrl\":\"https:\\\/\\\/www.igr.univ-rennes.fr\\\/wp-content\\\/uploads\\\/2026\\\/03\\\/BRIO-12mars2026-1.jpg\",\"articleSection\":[\"Formation\"],\"inLanguage\":\"fr-FR\"},{\"@type\":\"WebPage\",\"@id\":\"https:\\\/\\\/www.igr.univ-rennes.fr\\\/fr\\\/ligr-iae-rennes-accueille-35-lyceens-rennais-dans-le-cadre-du-projet-brio\\\/\",\"url\":\"https:\\\/\\\/www.igr.univ-rennes.fr\\\/fr\\\/ligr-iae-rennes-accueille-35-lyceens-rennais-dans-le-cadre-du-projet-brio\\\/\",\"name\":\"L\u2019IGR-IAE Rennes accueille 35 lyc\u00e9ens rennais dans le cadre du projet BRIO - IGR IAE Rennes\",\"isPartOf\":{\"@id\":\"https:\\\/\\\/www.igr.univ-rennes.fr\\\/fr\\\/#website\"},\"primaryImageOfPage\":{\"@id\":\"https:\\\/\\\/www.igr.univ-rennes.fr\\\/fr\\\/ligr-iae-rennes-accueille-35-lyceens-rennais-dans-le-cadre-du-projet-brio\\\/#primaryimage\"},\"image\":{\"@id\":\"https:\\\/\\\/www.igr.univ-rennes.fr\\\/fr\\\/ligr-iae-rennes-accueille-35-lyceens-rennais-dans-le-cadre-du-projet-brio\\\/#primaryimage\"},\"thumbnailUrl\":\"https:\\\/\\\/www.igr.univ-rennes.fr\\\/wp-content\\\/uploads\\\/2026\\\/03\\\/BRIO-12mars2026-1.jpg\",\"datePublished\":\"2026-03-12T14:57:51+00:00\",\"dateModified\":\"2026-03-16T08:32:30+00:00\",\"breadcrumb\":{\"@id\":\"https:\\\/\\\/www.igr.univ-rennes.fr\\\/fr\\\/ligr-iae-rennes-accueille-35-lyceens-rennais-dans-le-cadre-du-projet-brio\\\/#breadcrumb\"},\"inLanguage\":\"fr-FR\",\"potentialAction\":[{\"@type\":\"ReadAction\",\"target\":[\"https:\\\/\\\/www.igr.univ-rennes.fr\\\/fr\\\/ligr-iae-rennes-accueille-35-lyceens-rennais-dans-le-cadre-du-projet-brio\\\/\"]}]},{\"@type\":\"ImageObject\",\"inLanguage\":\"fr-FR\",\"@id\":\"https:\\\/\\\/www.igr.univ-rennes.fr\\\/fr\\\/ligr-iae-rennes-accueille-35-lyceens-rennais-dans-le-cadre-du-projet-brio\\\/#primaryimage\",\"url\":\"https:\\\/\\\/www.igr.univ-rennes.fr\\\/wp-content\\\/uploads\\\/2026\\\/03\\\/BRIO-12mars2026-1.jpg\",\"contentUrl\":\"https:\\\/\\\/www.igr.univ-rennes.fr\\\/wp-content\\\/uploads\\\/2026\\\/03\\\/BRIO-12mars2026-1.jpg\",\"width\":1181,\"height\":620,\"caption\":\"BRIO-12mars2026\"},{\"@type\":\"BreadcrumbList\",\"@id\":\"https:\\\/\\\/www.igr.univ-rennes.fr\\\/fr\\\/ligr-iae-rennes-accueille-35-lyceens-rennais-dans-le-cadre-du-projet-brio\\\/#breadcrumb\",\"itemListElement\":[{\"@type\":\"ListItem\",\"position\":1,\"name\":\"Accueil\",\"item\":\"https:\\\/\\\/www.igr.univ-rennes.fr\\\/fr\\\/\"},{\"@type\":\"ListItem\",\"position\":2,\"name\":\"L\u2019IGR-IAE Rennes accueille 35 lyc\u00e9ens rennais dans le cadre du projet BRIO\"}]},{\"@type\":\"WebSite\",\"@id\":\"https:\\\/\\\/www.igr.univ-rennes.fr\\\/fr\\\/#website\",\"url\":\"https:\\\/\\\/www.igr.univ-rennes.fr\\\/fr\\\/\",\"name\":\"IGR IAE Rennes\",\"description\":\"\",\"publisher\":{\"@id\":\"https:\\\/\\\/www.igr.univ-rennes.fr\\\/fr\\\/#organization\"},\"potentialAction\":[{\"@type\":\"SearchAction\",\"target\":{\"@type\":\"EntryPoint\",\"urlTemplate\":\"https:\\\/\\\/www.igr.univ-rennes.fr\\\/fr\\\/?s={search_term_string}\"},\"query-input\":{\"@type\":\"PropertyValueSpecification\",\"valueRequired\":true,\"valueName\":\"search_term_string\"}}],\"inLanguage\":\"fr-FR\"},{\"@type\":\"Organization\",\"@id\":\"https:\\\/\\\/www.igr.univ-rennes.fr\\\/fr\\\/#organization\",\"name\":\"IGR IAE Rennes\",\"url\":\"https:\\\/\\\/www.igr.univ-rennes.fr\\\/fr\\\/\",\"logo\":{\"@type\":\"ImageObject\",\"inLanguage\":\"fr-FR\",\"@id\":\"https:\\\/\\\/www.igr.univ-rennes.fr\\\/fr\\\/#\\\/schema\\\/logo\\\/image\\\/\",\"url\":\"https:\\\/\\\/www.igr.univ-rennes.fr\\\/wp-content\\\/uploads\\\/2020\\\/06\\\/Logo-IGR-IAE-Rennes_Blanc-300dpi-RVB-e1597327228224.png\",\"contentUrl\":\"https:\\\/\\\/www.igr.univ-rennes.fr\\\/wp-content\\\/uploads\\\/2020\\\/06\\\/Logo-IGR-IAE-Rennes_Blanc-300dpi-RVB-e1597327228224.png\",\"width\":290,\"height\":107,\"caption\":\"IGR IAE Rennes\"},\"image\":{\"@id\":\"https:\\\/\\\/www.igr.univ-rennes.fr\\\/fr\\\/#\\\/schema\\\/logo\\\/image\\\/\"}},{\"@type\":\"Person\",\"@id\":\"https:\\\/\\\/www.igr.univ-rennes.fr\\\/fr\\\/#\\\/schema\\\/person\\\/5f1ef906f2986c0eaa338b7258c4082b\",\"name\":\"Marie-Annick Robin\",\"image\":{\"@type\":\"ImageObject\",\"inLanguage\":\"fr-FR\",\"@id\":\"https:\\\/\\\/secure.gravatar.com\\\/avatar\\\/f9293e68571e20c548e6d32c7885fdfb06e6f56349fe920439a102a2234f78c3?s=96&d=mm&r=g\",\"url\":\"https:\\\/\\\/secure.gravatar.com\\\/avatar\\\/f9293e68571e20c548e6d32c7885fdfb06e6f56349fe920439a102a2234f78c3?s=96&d=mm&r=g\",\"contentUrl\":\"https:\\\/\\\/secure.gravatar.com\\\/avatar\\\/f9293e68571e20c548e6d32c7885fdfb06e6f56349fe920439a102a2234f78c3?s=96&d=mm&r=g\",\"caption\":\"Marie-Annick Robin\"}}]}<\/script>\n<!-- \/ Yoast SEO plugin. -->","yoast_head_json":{"title":"L\u2019IGR-IAE Rennes accueille 35 lyc\u00e9ens rennais dans le cadre du projet BRIO - IGR IAE Rennes","robots":{"index":"index","follow":"follow","max-snippet":"max-snippet:-1","max-image-preview":"max-image-preview:large","max-video-preview":"max-video-preview:-1"},"canonical":"https:\/\/www.igr.univ-rennes.fr\/fr\/ligr-iae-rennes-accueille-35-lyceens-rennais-dans-le-cadre-du-projet-brio\/","og_locale":"fr_FR","og_type":"article","og_title":"L\u2019IGR-IAE Rennes accueille 35 lyc\u00e9ens rennais dans le cadre du projet BRIO - IGR IAE Rennes","og_description":"Une exp\u00e9rience enrichissante pour susciter de nouvelles vocations.","og_url":"https:\/\/www.igr.univ-rennes.fr\/fr\/ligr-iae-rennes-accueille-35-lyceens-rennais-dans-le-cadre-du-projet-brio\/","og_site_name":"IGR IAE Rennes","article_published_time":"2026-03-12T14:57:51+00:00","article_modified_time":"2026-03-16T08:32:30+00:00","og_image":[{"width":1181,"height":620,"url":"https:\/\/www.igr.univ-rennes.fr\/wp-content\/uploads\/2026\/03\/BRIO-12mars2026-1.jpg","type":"image\/jpeg"}],"author":"Marie-Annick Robin","twitter_card":"summary_large_image","twitter_misc":{"\u00c9crit par":"Marie-Annick Robin","Dur\u00e9e de lecture estim\u00e9e":"1 minute"},"schema":{"@context":"https:\/\/schema.org","@graph":[{"@type":"Article","@id":"https:\/\/www.igr.univ-rennes.fr\/fr\/ligr-iae-rennes-accueille-35-lyceens-rennais-dans-le-cadre-du-projet-brio\/#article","isPartOf":{"@id":"https:\/\/www.igr.univ-rennes.fr\/fr\/ligr-iae-rennes-accueille-35-lyceens-rennais-dans-le-cadre-du-projet-brio\/"},"author":{"name":"Marie-Annick Robin","@id":"https:\/\/www.igr.univ-rennes.fr\/fr\/#\/schema\/person\/5f1ef906f2986c0eaa338b7258c4082b"},"headline":"L\u2019IGR-IAE Rennes accueille 35 lyc\u00e9ens rennais dans le cadre du projet BRIO","datePublished":"2026-03-12T14:57:51+00:00","dateModified":"2026-03-16T08:32:30+00:00","mainEntityOfPage":{"@id":"https:\/\/www.igr.univ-rennes.fr\/fr\/ligr-iae-rennes-accueille-35-lyceens-rennais-dans-le-cadre-du-projet-brio\/"},"wordCount":182,"publisher":{"@id":"https:\/\/www.igr.univ-rennes.fr\/fr\/#organization"},"image":{"@id":"https:\/\/www.igr.univ-rennes.fr\/fr\/ligr-iae-rennes-accueille-35-lyceens-rennais-dans-le-cadre-du-projet-brio\/#primaryimage"},"thumbnailUrl":"https:\/\/www.igr.univ-rennes.fr\/wp-content\/uploads\/2026\/03\/BRIO-12mars2026-1.jpg","articleSection":["Formation"],"inLanguage":"fr-FR"},{"@type":"WebPage","@id":"https:\/\/www.igr.univ-rennes.fr\/fr\/ligr-iae-rennes-accueille-35-lyceens-rennais-dans-le-cadre-du-projet-brio\/","url":"https:\/\/www.igr.univ-rennes.fr\/fr\/ligr-iae-rennes-accueille-35-lyceens-rennais-dans-le-cadre-du-projet-brio\/","name":"L\u2019IGR-IAE Rennes accueille 35 lyc\u00e9ens rennais dans le cadre du projet BRIO - IGR IAE Rennes","isPartOf":{"@id":"https:\/\/www.igr.univ-rennes.fr\/fr\/#website"},"primaryImageOfPage":{"@id":"https:\/\/www.igr.univ-rennes.fr\/fr\/ligr-iae-rennes-accueille-35-lyceens-rennais-dans-le-cadre-du-projet-brio\/#primaryimage"},"image":{"@id":"https:\/\/www.igr.univ-rennes.fr\/fr\/ligr-iae-rennes-accueille-35-lyceens-rennais-dans-le-cadre-du-projet-brio\/#primaryimage"},"thumbnailUrl":"https:\/\/www.igr.univ-rennes.fr\/wp-content\/uploads\/2026\/03\/BRIO-12mars2026-1.jpg","datePublished":"2026-03-12T14:57:51+00:00","dateModified":"2026-03-16T08:32:30+00:00","breadcrumb":{"@id":"https:\/\/www.igr.univ-rennes.fr\/fr\/ligr-iae-rennes-accueille-35-lyceens-rennais-dans-le-cadre-du-projet-brio\/#breadcrumb"},"inLanguage":"fr-FR","potentialAction":[{"@type":"ReadAction","target":["https:\/\/www.igr.univ-rennes.fr\/fr\/ligr-iae-rennes-accueille-35-lyceens-rennais-dans-le-cadre-du-projet-brio\/"]}]},{"@type":"ImageObject","inLanguage":"fr-FR","@id":"https:\/\/www.igr.univ-rennes.fr\/fr\/ligr-iae-rennes-accueille-35-lyceens-rennais-dans-le-cadre-du-projet-brio\/#primaryimage","url":"https:\/\/www.igr.univ-rennes.fr\/wp-content\/uploads\/2026\/03\/BRIO-12mars2026-1.jpg","contentUrl":"https:\/\/www.igr.univ-rennes.fr\/wp-content\/uploads\/2026\/03\/BRIO-12mars2026-1.jpg","width":1181,"height":620,"caption":"BRIO-12mars2026"},{"@type":"BreadcrumbList","@id":"https:\/\/www.igr.univ-rennes.fr\/fr\/ligr-iae-rennes-accueille-35-lyceens-rennais-dans-le-cadre-du-projet-brio\/#breadcrumb","itemListElement":[{"@type":"ListItem","position":1,"name":"Accueil","item":"https:\/\/www.igr.univ-rennes.fr\/fr\/"},{"@type":"ListItem","position":2,"name":"L\u2019IGR-IAE Rennes accueille 35 lyc\u00e9ens rennais dans le cadre du projet BRIO"}]},{"@type":"WebSite","@id":"https:\/\/www.igr.univ-rennes.fr\/fr\/#website","url":"https:\/\/www.igr.univ-rennes.fr\/fr\/","name":"IGR IAE Rennes","description":"","publisher":{"@id":"https:\/\/www.igr.univ-rennes.fr\/fr\/#organization"},"potentialAction":[{"@type":"SearchAction","target":{"@type":"EntryPoint","urlTemplate":"https:\/\/www.igr.univ-rennes.fr\/fr\/?s={search_term_string}"},"query-input":{"@type":"PropertyValueSpecification","valueRequired":true,"valueName":"search_term_string"}}],"inLanguage":"fr-FR"},{"@type":"Organization","@id":"https:\/\/www.igr.univ-rennes.fr\/fr\/#organization","name":"IGR IAE Rennes","url":"https:\/\/www.igr.univ-rennes.fr\/fr\/","logo":{"@type":"ImageObject","inLanguage":"fr-FR","@id":"https:\/\/www.igr.univ-rennes.fr\/fr\/#\/schema\/logo\/image\/","url":"https:\/\/www.igr.univ-rennes.fr\/wp-content\/uploads\/2020\/06\/Logo-IGR-IAE-Rennes_Blanc-300dpi-RVB-e1597327228224.png","contentUrl":"https:\/\/www.igr.univ-rennes.fr\/wp-content\/uploads\/2020\/06\/Logo-IGR-IAE-Rennes_Blanc-300dpi-RVB-e1597327228224.png","width":290,"height":107,"caption":"IGR IAE Rennes"},"image":{"@id":"https:\/\/www.igr.univ-rennes.fr\/fr\/#\/schema\/logo\/image\/"}},{"@type":"Person","@id":"https:\/\/www.igr.univ-rennes.fr\/fr\/#\/schema\/person\/5f1ef906f2986c0eaa338b7258c4082b","name":"Marie-Annick Robin","image":{"@type":"ImageObject","inLanguage":"fr-FR","@id":"https:\/\/secure.gravatar.com\/avatar\/f9293e68571e20c548e6d32c7885fdfb06e6f56349fe920439a102a2234f78c3?s=96&d=mm&r=g","url":"https:\/\/secure.gravatar.com\/avatar\/f9293e68571e20c548e6d32c7885fdfb06e6f56349fe920439a102a2234f78c3?s=96&d=mm&r=g","contentUrl":"https:\/\/secure.gravatar.com\/avatar\/f9293e68571e20c548e6d32c7885fdfb06e6f56349fe920439a102a2234f78c3?s=96&d=mm&r=g","caption":"Marie-Annick Robin"}}]}},"_links":{"self":[{"href":"https:\/\/www.igr.univ-rennes.fr\/fr\/wp-json\/wp\/v2\/posts\/569273","targetHints":{"allow":["GET"]}}],"collection":[{"href":"https:\/\/www.igr.univ-rennes.fr\/fr\/wp-json\/wp\/v2\/posts"}],"about":[{"href":"https:\/\/www.igr.univ-rennes.fr\/fr\/wp-json\/wp\/v2\/types\/post"}],"author":[{"embeddable":true,"href":"https:\/\/www.igr.univ-rennes.fr\/fr\/wp-json\/wp\/v2\/users\/11"}],"replies":[{"embeddable":true,"href":"https:\/\/www.igr.univ-rennes.fr\/fr\/wp-json\/wp\/v2\/comments?post=569273"}],"version-history":[{"count":10,"href":"https:\/\/www.igr.univ-rennes.fr\/fr\/wp-json\/wp\/v2\/posts\/569273\/revisions"}],"predecessor-version":[{"id":569311,"href":"https:\/\/www.igr.univ-rennes.fr\/fr\/wp-json\/wp\/v2\/posts\/569273\/revisions\/569311"}],"wp:featuredmedia":[{"embeddable":true,"href":"https:\/\/www.igr.univ-rennes.fr\/fr\/wp-json\/wp\/v2\/media\/569307"}],"wp:attachment":[{"href":"https:\/\/www.igr.univ-rennes.fr\/fr\/wp-json\/wp\/v2\/media?parent=569273"}],"wp:term":[{"taxonomy":"category","embeddable":true,"href":"https:\/\/www.igr.univ-rennes.fr\/fr\/wp-json\/wp\/v2\/categories?post=569273"},{"taxonomy":"post_tag","embeddable":true,"href":"https:\/\/www.igr.univ-rennes.fr\/fr\/wp-json\/wp\/v2\/tags?post=569273"}],"curies":[{"name":"wp","href":"https:\/\/api.w.org\/{rel}","templated":true}]}}