{"id":569249,"date":"2026-03-26T12:03:48","date_gmt":"2026-03-26T11:03:48","guid":{"rendered":"https:\/\/www.igr.univ-rennes.fr\/?p=569249"},"modified":"2026-03-26T12:18:58","modified_gmt":"2026-03-26T11:18:58","slug":"reunion-sur-la-preparation-intensive-aux-ue1-ue-4-du-dscg-le-18-juin-2026","status":"publish","type":"post","link":"https:\/\/www.igr.univ-rennes.fr\/fr\/reunion-sur-la-preparation-intensive-aux-ue1-ue-4-du-dscg-le-18-juin-2026\/","title":{"rendered":"R\u00e9union sur la pr\u00e9paration intensive aux UE1 &#038; UE 4 du DSCG le 18 juin 2026"},"content":{"rendered":"\t\t<div data-elementor-type=\"wp-post\" data-elementor-id=\"569249\" class=\"elementor elementor-569249\" data-elementor-post-type=\"post\">\n\t\t\t\t\t\t<section class=\"elementor-section elementor-top-section elementor-element elementor-element-b28ddae elementor-section-boxed elementor-section-height-default elementor-section-height-default\" data-id=\"b28ddae\" data-element_type=\"section\" data-e-type=\"section\">\n\t\t\t\t\t\t<div class=\"elementor-container elementor-column-gap-default\">\n\t\t\t\t\t<div class=\"elementor-column elementor-col-100 elementor-top-column elementor-element elementor-element-18f7d50\" data-id=\"18f7d50\" data-element_type=\"column\" data-e-type=\"column\">\n\t\t\t<div class=\"elementor-widget-wrap elementor-element-populated\">\n\t\t\t\t\t\t<div class=\"elementor-element elementor-element-26bb5ae elementor-widget elementor-widget-text-editor\" data-id=\"26bb5ae\" data-element_type=\"widget\" data-e-type=\"widget\" data-widget_type=\"text-editor.default\">\n\t\t\t\t<div class=\"elementor-widget-container\">\n\t\t\t\t\t\t\t\t\t<p><strong><span id=\"OBJ_PREFIX_DWT2310_com_zimbra_date\" class=\"Object\" role=\"link\"><span id=\"OBJ_PREFIX_DWT2313_com_zimbra_date\" class=\"Object\" role=\"link\">Jeudi<\/span><\/span> 18 juin de 12h45 \u00e0 13h30<\/strong>, une r\u00e9union sera organis\u00e9e <strong>en visioconf\u00e9rence, mais \u00e9galement en pr\u00e9sentiel<\/strong>, <strong> salle 115<\/strong>, anim\u00e9e par <strong>Karine Le Rudulier<\/strong>.<\/p><p>Cette session de pr\u00e9paration intensive est sp\u00e9cialement con\u00e7ue pour les \u00e9tudiants et professionnels souhaitant se <strong>pr\u00e9parer aux \u00e9preuves des UE1 et UE4 du DSCG<\/strong>. Que vous soyez en formation ou d\u00e9j\u00e0 en cabinet, notamment en expertise comptable, cette r\u00e9union vous permettra d\u2019approfondir vos connaissances et de vous pr\u00e9parer de mani\u00e8re optimale aux exigences de ces unit\u00e9s d\u2019enseignement.<\/p><p>Une occasion id\u00e9ale pour \u00e9changer et se former sur des th\u00e9matiques cl\u00e9s du secteur.<\/p>\t\t\t\t\t\t\t\t<\/div>\n\t\t\t\t<\/div>\n\t\t\t\t\t<\/div>\n\t\t<\/div>\n\t\t\t\t\t<\/div>\n\t\t<\/section>\n\t\t\t\t<section class=\"elementor-section elementor-top-section elementor-element elementor-element-2cc1190 elementor-section-boxed elementor-section-height-default elementor-section-height-default\" data-id=\"2cc1190\" data-element_type=\"section\" data-e-type=\"section\">\n\t\t\t\t\t\t<div class=\"elementor-container elementor-column-gap-default\">\n\t\t\t\t\t<div class=\"elementor-column elementor-col-100 elementor-top-column elementor-element elementor-element-2159540\" data-id=\"2159540\" data-element_type=\"column\" data-e-type=\"column\">\n\t\t\t<div class=\"elementor-widget-wrap elementor-element-populated\">\n\t\t\t\t\t\t<div class=\"elementor-element elementor-element-b4199d4 elementor-align-center elementor-widget elementor-widget-button\" data-id=\"b4199d4\" data-element_type=\"widget\" data-e-type=\"widget\" data-widget_type=\"button.default\">\n\t\t\t\t<div class=\"elementor-widget-container\">\n\t\t\t\t\t\t\t\t\t<div class=\"elementor-button-wrapper\">\n\t\t\t\t\t<a class=\"elementor-button elementor-button-link elementor-size-sm\" href=\"https:\/\/bbb.univ-rennes.fr\/rooms\/xiv-hit-fsx-2y8\/join\" target=\"_blank\">\n\t\t\t\t\t\t<span class=\"elementor-button-content-wrapper\">\n\t\t\t\t\t\t\t\t\t<span class=\"elementor-button-text\">Participer \u00e0 la r\u00e9union<\/span>\n\t\t\t\t\t<\/span>\n\t\t\t\t\t<\/a>\n\t\t\t\t<\/div>\n\t\t\t\t\t\t\t\t<\/div>\n\t\t\t\t<\/div>\n\t\t\t\t\t<\/div>\n\t\t<\/div>\n\t\t\t\t\t<\/div>\n\t\t<\/section>\n\t\t\t\t<section class=\"elementor-section elementor-top-section elementor-element elementor-element-ae47f26 elementor-section-boxed elementor-section-height-default elementor-section-height-default\" data-id=\"ae47f26\" data-element_type=\"section\" data-e-type=\"section\">\n\t\t\t\t\t\t<div class=\"elementor-container elementor-column-gap-default\">\n\t\t\t\t\t<div class=\"elementor-column elementor-col-100 elementor-top-column elementor-element elementor-element-606e2fb\" data-id=\"606e2fb\" data-element_type=\"column\" data-e-type=\"column\">\n\t\t\t<div class=\"elementor-widget-wrap elementor-element-populated\">\n\t\t\t\t\t\t<div class=\"elementor-element elementor-element-05b6e09 elementor-widget elementor-widget-image\" data-id=\"05b6e09\" data-element_type=\"widget\" data-e-type=\"widget\" data-widget_type=\"image.default\">\n\t\t\t\t<div class=\"elementor-widget-container\">\n\t\t\t\t\t\t\t\t\t\t\t\t\t\t\t<img fetchpriority=\"high\" decoding=\"async\" width=\"300\" height=\"250\" src=\"https:\/\/www.igr.univ-rennes.fr\/wp-content\/uploads\/2026\/03\/nouvelle-date-300x250.png\" class=\"attachment-medium size-medium wp-image-572660\" alt=\"nouvelle-date\" srcset=\"https:\/\/www.igr.univ-rennes.fr\/wp-content\/uploads\/2026\/03\/nouvelle-date-300x250.png 300w, https:\/\/www.igr.univ-rennes.fr\/wp-content\/uploads\/2026\/03\/nouvelle-date-1024x853.png 1024w, https:\/\/www.igr.univ-rennes.fr\/wp-content\/uploads\/2026\/03\/nouvelle-date-768x640.png 768w, https:\/\/www.igr.univ-rennes.fr\/wp-content\/uploads\/2026\/03\/nouvelle-date.png 1265w\" sizes=\"(max-width: 300px) 100vw, 300px\" \/>\t\t\t\t\t\t\t\t\t\t\t\t\t\t\t<\/div>\n\t\t\t\t<\/div>\n\t\t\t\t\t<\/div>\n\t\t<\/div>\n\t\t\t\t\t<\/div>\n\t\t<\/section>\n\t\t\t\t<\/div>\n\t\t","protected":false},"excerpt":{"rendered":"<p>Jeudi 18 juin de 12h45 \u00e0 13h30, une r\u00e9union sera organis\u00e9e en visioconf\u00e9rence, mais \u00e9galement en pr\u00e9sentiel, salle 115, anim\u00e9e par Karine Le Rudulier<\/p>\n","protected":false},"author":11,"featured_media":572671,"comment_status":"closed","ping_status":"closed","sticky":true,"template":"","format":"standard","meta":{"_acf_changed":false,"footnotes":""},"categories":[64],"tags":[],"class_list":["post-569249","post","type-post","status-publish","format-standard","has-post-thumbnail","hentry","category-formation"],"acf":[],"yoast_head":"<!-- This site is optimized with the Yoast SEO plugin v27.5 - https:\/\/yoast.com\/product\/yoast-seo-wordpress\/ -->\n<title>R\u00e9union sur la pr\u00e9paration intensive aux UE1 &#038; UE 4 du DSCG le 18 juin 2026 - IGR IAE Rennes<\/title>\n<meta name=\"robots\" content=\"index, follow, max-snippet:-1, max-image-preview:large, max-video-preview:-1\" \/>\n<link rel=\"canonical\" href=\"https:\/\/www.igr.univ-rennes.fr\/fr\/reunion-sur-la-preparation-intensive-aux-ue1-ue-4-du-dscg-le-18-juin-2026\/\" \/>\n<meta property=\"og:locale\" content=\"fr_FR\" \/>\n<meta property=\"og:type\" content=\"article\" \/>\n<meta property=\"og:title\" content=\"R\u00e9union sur la pr\u00e9paration intensive aux UE1 &#038; UE 4 du DSCG le 18 juin 2026 - IGR IAE Rennes\" \/>\n<meta property=\"og:description\" content=\"Jeudi 18 juin de 12h45 \u00e0 13h30, une r\u00e9union sera organis\u00e9e en visioconf\u00e9rence, mais \u00e9galement en pr\u00e9sentiel, salle 115, anim\u00e9e par Karine Le Rudulier\" \/>\n<meta property=\"og:url\" content=\"https:\/\/www.igr.univ-rennes.fr\/fr\/reunion-sur-la-preparation-intensive-aux-ue1-ue-4-du-dscg-le-18-juin-2026\/\" \/>\n<meta property=\"og:site_name\" content=\"IGR IAE Rennes\" \/>\n<meta property=\"article:published_time\" content=\"2026-03-26T11:03:48+00:00\" \/>\n<meta property=\"article:modified_time\" content=\"2026-03-26T11:18:58+00:00\" \/>\n<meta property=\"og:image\" content=\"https:\/\/www.igr.univ-rennes.fr\/wp-content\/uploads\/2026\/03\/prepa-UE14-DSCG-18juin2026.jpg\" \/>\n\t<meta property=\"og:image:width\" content=\"2400\" \/>\n\t<meta property=\"og:image:height\" content=\"1260\" \/>\n\t<meta property=\"og:image:type\" content=\"image\/jpeg\" \/>\n<meta name=\"author\" content=\"Marie-Annick Robin\" \/>\n<meta name=\"twitter:card\" content=\"summary_large_image\" \/>\n<meta name=\"twitter:label1\" content=\"\u00c9crit par\" \/>\n\t<meta name=\"twitter:data1\" content=\"Marie-Annick Robin\" \/>\n\t<meta name=\"twitter:label2\" content=\"Dur\u00e9e de lecture estim\u00e9e\" \/>\n\t<meta name=\"twitter:data2\" content=\"1 minute\" \/>\n<script type=\"application\/ld+json\" class=\"yoast-schema-graph\">{\"@context\":\"https:\\\/\\\/schema.org\",\"@graph\":[{\"@type\":\"Article\",\"@id\":\"https:\\\/\\\/www.igr.univ-rennes.fr\\\/fr\\\/reunion-sur-la-preparation-intensive-aux-ue1-ue-4-du-dscg-le-18-juin-2026\\\/#article\",\"isPartOf\":{\"@id\":\"https:\\\/\\\/www.igr.univ-rennes.fr\\\/fr\\\/reunion-sur-la-preparation-intensive-aux-ue1-ue-4-du-dscg-le-18-juin-2026\\\/\"},\"author\":{\"name\":\"Marie-Annick Robin\",\"@id\":\"https:\\\/\\\/www.igr.univ-rennes.fr\\\/fr\\\/#\\\/schema\\\/person\\\/5f1ef906f2986c0eaa338b7258c4082b\"},\"headline\":\"R\u00e9union sur la pr\u00e9paration intensive aux UE1 &#038; UE 4 du DSCG le 18 juin 2026\",\"datePublished\":\"2026-03-26T11:03:48+00:00\",\"dateModified\":\"2026-03-26T11:18:58+00:00\",\"mainEntityOfPage\":{\"@id\":\"https:\\\/\\\/www.igr.univ-rennes.fr\\\/fr\\\/reunion-sur-la-preparation-intensive-aux-ue1-ue-4-du-dscg-le-18-juin-2026\\\/\"},\"wordCount\":129,\"publisher\":{\"@id\":\"https:\\\/\\\/www.igr.univ-rennes.fr\\\/fr\\\/#organization\"},\"image\":{\"@id\":\"https:\\\/\\\/www.igr.univ-rennes.fr\\\/fr\\\/reunion-sur-la-preparation-intensive-aux-ue1-ue-4-du-dscg-le-18-juin-2026\\\/#primaryimage\"},\"thumbnailUrl\":\"https:\\\/\\\/www.igr.univ-rennes.fr\\\/wp-content\\\/uploads\\\/2026\\\/03\\\/prepa-UE14-DSCG-18juin2026.jpg\",\"articleSection\":[\"Formation\"],\"inLanguage\":\"fr-FR\"},{\"@type\":\"WebPage\",\"@id\":\"https:\\\/\\\/www.igr.univ-rennes.fr\\\/fr\\\/reunion-sur-la-preparation-intensive-aux-ue1-ue-4-du-dscg-le-18-juin-2026\\\/\",\"url\":\"https:\\\/\\\/www.igr.univ-rennes.fr\\\/fr\\\/reunion-sur-la-preparation-intensive-aux-ue1-ue-4-du-dscg-le-18-juin-2026\\\/\",\"name\":\"R\u00e9union sur la pr\u00e9paration intensive aux UE1 &#038; UE 4 du DSCG le 18 juin 2026 - IGR IAE Rennes\",\"isPartOf\":{\"@id\":\"https:\\\/\\\/www.igr.univ-rennes.fr\\\/fr\\\/#website\"},\"primaryImageOfPage\":{\"@id\":\"https:\\\/\\\/www.igr.univ-rennes.fr\\\/fr\\\/reunion-sur-la-preparation-intensive-aux-ue1-ue-4-du-dscg-le-18-juin-2026\\\/#primaryimage\"},\"image\":{\"@id\":\"https:\\\/\\\/www.igr.univ-rennes.fr\\\/fr\\\/reunion-sur-la-preparation-intensive-aux-ue1-ue-4-du-dscg-le-18-juin-2026\\\/#primaryimage\"},\"thumbnailUrl\":\"https:\\\/\\\/www.igr.univ-rennes.fr\\\/wp-content\\\/uploads\\\/2026\\\/03\\\/prepa-UE14-DSCG-18juin2026.jpg\",\"datePublished\":\"2026-03-26T11:03:48+00:00\",\"dateModified\":\"2026-03-26T11:18:58+00:00\",\"breadcrumb\":{\"@id\":\"https:\\\/\\\/www.igr.univ-rennes.fr\\\/fr\\\/reunion-sur-la-preparation-intensive-aux-ue1-ue-4-du-dscg-le-18-juin-2026\\\/#breadcrumb\"},\"inLanguage\":\"fr-FR\",\"potentialAction\":[{\"@type\":\"ReadAction\",\"target\":[\"https:\\\/\\\/www.igr.univ-rennes.fr\\\/fr\\\/reunion-sur-la-preparation-intensive-aux-ue1-ue-4-du-dscg-le-18-juin-2026\\\/\"]}]},{\"@type\":\"ImageObject\",\"inLanguage\":\"fr-FR\",\"@id\":\"https:\\\/\\\/www.igr.univ-rennes.fr\\\/fr\\\/reunion-sur-la-preparation-intensive-aux-ue1-ue-4-du-dscg-le-18-juin-2026\\\/#primaryimage\",\"url\":\"https:\\\/\\\/www.igr.univ-rennes.fr\\\/wp-content\\\/uploads\\\/2026\\\/03\\\/prepa-UE14-DSCG-18juin2026.jpg\",\"contentUrl\":\"https:\\\/\\\/www.igr.univ-rennes.fr\\\/wp-content\\\/uploads\\\/2026\\\/03\\\/prepa-UE14-DSCG-18juin2026.jpg\",\"width\":2400,\"height\":1260,\"caption\":\"prepa-UE1&4-DSCG-18juin2026\"},{\"@type\":\"BreadcrumbList\",\"@id\":\"https:\\\/\\\/www.igr.univ-rennes.fr\\\/fr\\\/reunion-sur-la-preparation-intensive-aux-ue1-ue-4-du-dscg-le-18-juin-2026\\\/#breadcrumb\",\"itemListElement\":[{\"@type\":\"ListItem\",\"position\":1,\"name\":\"Accueil\",\"item\":\"https:\\\/\\\/www.igr.univ-rennes.fr\\\/fr\\\/\"},{\"@type\":\"ListItem\",\"position\":2,\"name\":\"R\u00e9union sur la pr\u00e9paration intensive aux UE1 &#038; UE 4 du DSCG le 18 juin 2026\"}]},{\"@type\":\"WebSite\",\"@id\":\"https:\\\/\\\/www.igr.univ-rennes.fr\\\/fr\\\/#website\",\"url\":\"https:\\\/\\\/www.igr.univ-rennes.fr\\\/fr\\\/\",\"name\":\"IGR IAE Rennes\",\"description\":\"\",\"publisher\":{\"@id\":\"https:\\\/\\\/www.igr.univ-rennes.fr\\\/fr\\\/#organization\"},\"potentialAction\":[{\"@type\":\"SearchAction\",\"target\":{\"@type\":\"EntryPoint\",\"urlTemplate\":\"https:\\\/\\\/www.igr.univ-rennes.fr\\\/fr\\\/?s={search_term_string}\"},\"query-input\":{\"@type\":\"PropertyValueSpecification\",\"valueRequired\":true,\"valueName\":\"search_term_string\"}}],\"inLanguage\":\"fr-FR\"},{\"@type\":\"Organization\",\"@id\":\"https:\\\/\\\/www.igr.univ-rennes.fr\\\/fr\\\/#organization\",\"name\":\"IGR IAE Rennes\",\"url\":\"https:\\\/\\\/www.igr.univ-rennes.fr\\\/fr\\\/\",\"logo\":{\"@type\":\"ImageObject\",\"inLanguage\":\"fr-FR\",\"@id\":\"https:\\\/\\\/www.igr.univ-rennes.fr\\\/fr\\\/#\\\/schema\\\/logo\\\/image\\\/\",\"url\":\"https:\\\/\\\/www.igr.univ-rennes.fr\\\/wp-content\\\/uploads\\\/2020\\\/06\\\/Logo-IGR-IAE-Rennes_Blanc-300dpi-RVB-e1597327228224.png\",\"contentUrl\":\"https:\\\/\\\/www.igr.univ-rennes.fr\\\/wp-content\\\/uploads\\\/2020\\\/06\\\/Logo-IGR-IAE-Rennes_Blanc-300dpi-RVB-e1597327228224.png\",\"width\":290,\"height\":107,\"caption\":\"IGR IAE Rennes\"},\"image\":{\"@id\":\"https:\\\/\\\/www.igr.univ-rennes.fr\\\/fr\\\/#\\\/schema\\\/logo\\\/image\\\/\"}},{\"@type\":\"Person\",\"@id\":\"https:\\\/\\\/www.igr.univ-rennes.fr\\\/fr\\\/#\\\/schema\\\/person\\\/5f1ef906f2986c0eaa338b7258c4082b\",\"name\":\"Marie-Annick Robin\",\"image\":{\"@type\":\"ImageObject\",\"inLanguage\":\"fr-FR\",\"@id\":\"https:\\\/\\\/secure.gravatar.com\\\/avatar\\\/f9293e68571e20c548e6d32c7885fdfb06e6f56349fe920439a102a2234f78c3?s=96&d=mm&r=g\",\"url\":\"https:\\\/\\\/secure.gravatar.com\\\/avatar\\\/f9293e68571e20c548e6d32c7885fdfb06e6f56349fe920439a102a2234f78c3?s=96&d=mm&r=g\",\"contentUrl\":\"https:\\\/\\\/secure.gravatar.com\\\/avatar\\\/f9293e68571e20c548e6d32c7885fdfb06e6f56349fe920439a102a2234f78c3?s=96&d=mm&r=g\",\"caption\":\"Marie-Annick Robin\"}}]}<\/script>\n<!-- \/ Yoast SEO plugin. -->","yoast_head_json":{"title":"R\u00e9union sur la pr\u00e9paration intensive aux UE1 &#038; UE 4 du DSCG le 18 juin 2026 - IGR IAE Rennes","robots":{"index":"index","follow":"follow","max-snippet":"max-snippet:-1","max-image-preview":"max-image-preview:large","max-video-preview":"max-video-preview:-1"},"canonical":"https:\/\/www.igr.univ-rennes.fr\/fr\/reunion-sur-la-preparation-intensive-aux-ue1-ue-4-du-dscg-le-18-juin-2026\/","og_locale":"fr_FR","og_type":"article","og_title":"R\u00e9union sur la pr\u00e9paration intensive aux UE1 &#038; UE 4 du DSCG le 18 juin 2026 - IGR IAE Rennes","og_description":"Jeudi 18 juin de 12h45 \u00e0 13h30, une r\u00e9union sera organis\u00e9e en visioconf\u00e9rence, mais \u00e9galement en pr\u00e9sentiel, salle 115, anim\u00e9e par Karine Le Rudulier","og_url":"https:\/\/www.igr.univ-rennes.fr\/fr\/reunion-sur-la-preparation-intensive-aux-ue1-ue-4-du-dscg-le-18-juin-2026\/","og_site_name":"IGR IAE Rennes","article_published_time":"2026-03-26T11:03:48+00:00","article_modified_time":"2026-03-26T11:18:58+00:00","og_image":[{"width":2400,"height":1260,"url":"https:\/\/www.igr.univ-rennes.fr\/wp-content\/uploads\/2026\/03\/prepa-UE14-DSCG-18juin2026.jpg","type":"image\/jpeg"}],"author":"Marie-Annick Robin","twitter_card":"summary_large_image","twitter_misc":{"\u00c9crit par":"Marie-Annick Robin","Dur\u00e9e de lecture estim\u00e9e":"1 minute"},"schema":{"@context":"https:\/\/schema.org","@graph":[{"@type":"Article","@id":"https:\/\/www.igr.univ-rennes.fr\/fr\/reunion-sur-la-preparation-intensive-aux-ue1-ue-4-du-dscg-le-18-juin-2026\/#article","isPartOf":{"@id":"https:\/\/www.igr.univ-rennes.fr\/fr\/reunion-sur-la-preparation-intensive-aux-ue1-ue-4-du-dscg-le-18-juin-2026\/"},"author":{"name":"Marie-Annick Robin","@id":"https:\/\/www.igr.univ-rennes.fr\/fr\/#\/schema\/person\/5f1ef906f2986c0eaa338b7258c4082b"},"headline":"R\u00e9union sur la pr\u00e9paration intensive aux UE1 &#038; UE 4 du DSCG le 18 juin 2026","datePublished":"2026-03-26T11:03:48+00:00","dateModified":"2026-03-26T11:18:58+00:00","mainEntityOfPage":{"@id":"https:\/\/www.igr.univ-rennes.fr\/fr\/reunion-sur-la-preparation-intensive-aux-ue1-ue-4-du-dscg-le-18-juin-2026\/"},"wordCount":129,"publisher":{"@id":"https:\/\/www.igr.univ-rennes.fr\/fr\/#organization"},"image":{"@id":"https:\/\/www.igr.univ-rennes.fr\/fr\/reunion-sur-la-preparation-intensive-aux-ue1-ue-4-du-dscg-le-18-juin-2026\/#primaryimage"},"thumbnailUrl":"https:\/\/www.igr.univ-rennes.fr\/wp-content\/uploads\/2026\/03\/prepa-UE14-DSCG-18juin2026.jpg","articleSection":["Formation"],"inLanguage":"fr-FR"},{"@type":"WebPage","@id":"https:\/\/www.igr.univ-rennes.fr\/fr\/reunion-sur-la-preparation-intensive-aux-ue1-ue-4-du-dscg-le-18-juin-2026\/","url":"https:\/\/www.igr.univ-rennes.fr\/fr\/reunion-sur-la-preparation-intensive-aux-ue1-ue-4-du-dscg-le-18-juin-2026\/","name":"R\u00e9union sur la pr\u00e9paration intensive aux UE1 &#038; UE 4 du DSCG le 18 juin 2026 - IGR IAE Rennes","isPartOf":{"@id":"https:\/\/www.igr.univ-rennes.fr\/fr\/#website"},"primaryImageOfPage":{"@id":"https:\/\/www.igr.univ-rennes.fr\/fr\/reunion-sur-la-preparation-intensive-aux-ue1-ue-4-du-dscg-le-18-juin-2026\/#primaryimage"},"image":{"@id":"https:\/\/www.igr.univ-rennes.fr\/fr\/reunion-sur-la-preparation-intensive-aux-ue1-ue-4-du-dscg-le-18-juin-2026\/#primaryimage"},"thumbnailUrl":"https:\/\/www.igr.univ-rennes.fr\/wp-content\/uploads\/2026\/03\/prepa-UE14-DSCG-18juin2026.jpg","datePublished":"2026-03-26T11:03:48+00:00","dateModified":"2026-03-26T11:18:58+00:00","breadcrumb":{"@id":"https:\/\/www.igr.univ-rennes.fr\/fr\/reunion-sur-la-preparation-intensive-aux-ue1-ue-4-du-dscg-le-18-juin-2026\/#breadcrumb"},"inLanguage":"fr-FR","potentialAction":[{"@type":"ReadAction","target":["https:\/\/www.igr.univ-rennes.fr\/fr\/reunion-sur-la-preparation-intensive-aux-ue1-ue-4-du-dscg-le-18-juin-2026\/"]}]},{"@type":"ImageObject","inLanguage":"fr-FR","@id":"https:\/\/www.igr.univ-rennes.fr\/fr\/reunion-sur-la-preparation-intensive-aux-ue1-ue-4-du-dscg-le-18-juin-2026\/#primaryimage","url":"https:\/\/www.igr.univ-rennes.fr\/wp-content\/uploads\/2026\/03\/prepa-UE14-DSCG-18juin2026.jpg","contentUrl":"https:\/\/www.igr.univ-rennes.fr\/wp-content\/uploads\/2026\/03\/prepa-UE14-DSCG-18juin2026.jpg","width":2400,"height":1260,"caption":"prepa-UE1&4-DSCG-18juin2026"},{"@type":"BreadcrumbList","@id":"https:\/\/www.igr.univ-rennes.fr\/fr\/reunion-sur-la-preparation-intensive-aux-ue1-ue-4-du-dscg-le-18-juin-2026\/#breadcrumb","itemListElement":[{"@type":"ListItem","position":1,"name":"Accueil","item":"https:\/\/www.igr.univ-rennes.fr\/fr\/"},{"@type":"ListItem","position":2,"name":"R\u00e9union sur la pr\u00e9paration intensive aux UE1 &#038; UE 4 du DSCG le 18 juin 2026"}]},{"@type":"WebSite","@id":"https:\/\/www.igr.univ-rennes.fr\/fr\/#website","url":"https:\/\/www.igr.univ-rennes.fr\/fr\/","name":"IGR IAE Rennes","description":"","publisher":{"@id":"https:\/\/www.igr.univ-rennes.fr\/fr\/#organization"},"potentialAction":[{"@type":"SearchAction","target":{"@type":"EntryPoint","urlTemplate":"https:\/\/www.igr.univ-rennes.fr\/fr\/?s={search_term_string}"},"query-input":{"@type":"PropertyValueSpecification","valueRequired":true,"valueName":"search_term_string"}}],"inLanguage":"fr-FR"},{"@type":"Organization","@id":"https:\/\/www.igr.univ-rennes.fr\/fr\/#organization","name":"IGR IAE Rennes","url":"https:\/\/www.igr.univ-rennes.fr\/fr\/","logo":{"@type":"ImageObject","inLanguage":"fr-FR","@id":"https:\/\/www.igr.univ-rennes.fr\/fr\/#\/schema\/logo\/image\/","url":"https:\/\/www.igr.univ-rennes.fr\/wp-content\/uploads\/2020\/06\/Logo-IGR-IAE-Rennes_Blanc-300dpi-RVB-e1597327228224.png","contentUrl":"https:\/\/www.igr.univ-rennes.fr\/wp-content\/uploads\/2020\/06\/Logo-IGR-IAE-Rennes_Blanc-300dpi-RVB-e1597327228224.png","width":290,"height":107,"caption":"IGR IAE Rennes"},"image":{"@id":"https:\/\/www.igr.univ-rennes.fr\/fr\/#\/schema\/logo\/image\/"}},{"@type":"Person","@id":"https:\/\/www.igr.univ-rennes.fr\/fr\/#\/schema\/person\/5f1ef906f2986c0eaa338b7258c4082b","name":"Marie-Annick Robin","image":{"@type":"ImageObject","inLanguage":"fr-FR","@id":"https:\/\/secure.gravatar.com\/avatar\/f9293e68571e20c548e6d32c7885fdfb06e6f56349fe920439a102a2234f78c3?s=96&d=mm&r=g","url":"https:\/\/secure.gravatar.com\/avatar\/f9293e68571e20c548e6d32c7885fdfb06e6f56349fe920439a102a2234f78c3?s=96&d=mm&r=g","contentUrl":"https:\/\/secure.gravatar.com\/avatar\/f9293e68571e20c548e6d32c7885fdfb06e6f56349fe920439a102a2234f78c3?s=96&d=mm&r=g","caption":"Marie-Annick Robin"}}]}},"_links":{"self":[{"href":"https:\/\/www.igr.univ-rennes.fr\/fr\/wp-json\/wp\/v2\/posts\/569249","targetHints":{"allow":["GET"]}}],"collection":[{"href":"https:\/\/www.igr.univ-rennes.fr\/fr\/wp-json\/wp\/v2\/posts"}],"about":[{"href":"https:\/\/www.igr.univ-rennes.fr\/fr\/wp-json\/wp\/v2\/types\/post"}],"author":[{"embeddable":true,"href":"https:\/\/www.igr.univ-rennes.fr\/fr\/wp-json\/wp\/v2\/users\/11"}],"replies":[{"embeddable":true,"href":"https:\/\/www.igr.univ-rennes.fr\/fr\/wp-json\/wp\/v2\/comments?post=569249"}],"version-history":[{"count":10,"href":"https:\/\/www.igr.univ-rennes.fr\/fr\/wp-json\/wp\/v2\/posts\/569249\/revisions"}],"predecessor-version":[{"id":572679,"href":"https:\/\/www.igr.univ-rennes.fr\/fr\/wp-json\/wp\/v2\/posts\/569249\/revisions\/572679"}],"wp:featuredmedia":[{"embeddable":true,"href":"https:\/\/www.igr.univ-rennes.fr\/fr\/wp-json\/wp\/v2\/media\/572671"}],"wp:attachment":[{"href":"https:\/\/www.igr.univ-rennes.fr\/fr\/wp-json\/wp\/v2\/media?parent=569249"}],"wp:term":[{"taxonomy":"category","embeddable":true,"href":"https:\/\/www.igr.univ-rennes.fr\/fr\/wp-json\/wp\/v2\/categories?post=569249"},{"taxonomy":"post_tag","embeddable":true,"href":"https:\/\/www.igr.univ-rennes.fr\/fr\/wp-json\/wp\/v2\/tags?post=569249"}],"curies":[{"name":"wp","href":"https:\/\/api.w.org\/{rel}","templated":true}]}}