{"id":567570,"date":"2026-03-09T12:10:31","date_gmt":"2026-03-09T11:10:31","guid":{"rendered":"https:\/\/www.igr.univ-rennes.fr\/?p=567570"},"modified":"2026-03-09T12:21:49","modified_gmt":"2026-03-09T11:21:49","slug":"visioconference-le-mardi-24-mars-2026-le-master-2-mae-parcours-entrepreneuriat-et-innovation-ei","status":"publish","type":"post","link":"https:\/\/www.igr.univ-rennes.fr\/fr\/visioconference-le-mardi-24-mars-2026-le-master-2-mae-parcours-entrepreneuriat-et-innovation-ei\/","title":{"rendered":"Visioconf\u00e9rence le mardi 24 mars 2026 : le Master 2 MAE parcours Entrepreneuriat et innovation (EI)"},"content":{"rendered":"\t\t<div data-elementor-type=\"wp-post\" data-elementor-id=\"567570\" class=\"elementor elementor-567570\">\n\t\t\t\t\t\t\t\t\t<section class=\"elementor-section elementor-top-section elementor-element elementor-element-7435d2e elementor-section-boxed elementor-section-height-default elementor-section-height-default\" data-id=\"7435d2e\" data-element_type=\"section\">\n\t\t\t\t\t\t<div class=\"elementor-container elementor-column-gap-default\">\n\t\t\t\t\t<div class=\"elementor-column elementor-col-100 elementor-top-column elementor-element elementor-element-4062b92\" data-id=\"4062b92\" data-element_type=\"column\">\n\t\t\t<div class=\"elementor-widget-wrap elementor-element-populated\">\n\t\t\t\t\t\t\t\t<div class=\"elementor-element elementor-element-8ee7e49 elementor-widget elementor-widget-text-editor\" data-id=\"8ee7e49\" data-element_type=\"widget\" data-widget_type=\"text-editor.default\">\n\t\t\t\t<div class=\"elementor-widget-container\">\n\t\t\t\t\t\t\t<p>Le <strong>mardi 24 mars 2026 \u00e0 17h00<\/strong>, <strong>Karine Le Rudulier<\/strong>, responsable p\u00e9dagogique du dipl\u00f4me, vous propose une conf\u00e9rence en ligne afin de vous pr\u00e9senter le <a href=\"https:\/\/www.igr.univ-rennes.fr\/fr\/formation\/master-entrepreneuriat-management-innovation\/\" target=\"_blank\" rel=\"noopener\">Master 2 MAE Entrepreneuriat et Innovation<\/a> pour la rentr\u00e9e 2026-2027 :<\/p><p>Le <strong>Master 2 Management et Administration des Entreprises (MAE)<\/strong>, \u00e9quivalent fran\u00e7ais du MBA, s\u2019adresse \u00e0 des \u00e9tudiant.es en droit, langues, \u00e9conomie, sociologie ou encore \u00e0 des scientifiques, ing\u00e9nieurs, m\u00e9decins, pharmaciens, architectes, etc. qui recherchent une formation compl\u00e9mentaire en management.<\/p><p>Cette formation inclut \u00e0 la fois des enseignements portants sur l\u2019ensemble des fondamentaux en management, des cours de sp\u00e9cialisation, la r\u00e9alisation d\u2019un projet et celle d\u2019un stage.<\/p><p>Dipl\u00f4me phare des <a href=\"https:\/\/www.iae-france.fr\/\" target=\"_blank\" rel=\"noopener\">Instituts d\u2019Administration des Entreprises (IAE)<\/a>, le Master 2 MAE parcours Entrepreneuriat et innovation (EI) vise \u00e0 faire acqu\u00e9rir des savoir et savoir-faire polyvalents en management et permet ainsi l\u2019acquisition d\u2019une double comp\u00e9tence : les \u00e9tudiants valorisent les comp\u00e9tences acquises dans leur formation initiale par celles relatives au pilotage et au fonctionnement des organisations en g\u00e9n\u00e9ral, et des entreprises en particulier.<\/p><h4>Exemples de d\u00e9bouch\u00e9s<\/h4><ul><li>Chef(e)s de projet junior ; ing\u00e9nieur(e) projet d\u2019affaires ou d\u00e9veloppement logiciels ; chef(e)s de projet d\u00e9ploiement, charg\u00e9(e)s de projets innovation dans des entreprises jeunes ou en d\u00e9veloppement, ou des organisations ou collectivit\u00e9s\u2026 A terme, chef(e)s de projets senior ou d\u2019exploitation, manager(e) ou coordinateur(e)<\/li><li>Cr\u00e9ateur(e)s d\u2019entreprises ou d\u2019organismes \u00e0 but non lucratif (coop\u00e9ratives), consultant(e)<\/li><li>Charg\u00e9(e)s de mission ou de d\u00e9veloppement ou de d\u00e9tection innovation pour une collectivit\u00e9, charg\u00e9(e) de mission entrepreneuriat \u00e0 la SATT\u2026<\/li><\/ul>\t\t\t\t\t\t<\/div>\n\t\t\t\t<\/div>\n\t\t\t\t\t<\/div>\n\t\t<\/div>\n\t\t\t\t\t\t\t<\/div>\n\t\t<\/section>\n\t\t\t\t<section class=\"elementor-section elementor-top-section elementor-element elementor-element-e408584 elementor-section-boxed elementor-section-height-default elementor-section-height-default\" data-id=\"e408584\" data-element_type=\"section\">\n\t\t\t\t\t\t<div class=\"elementor-container elementor-column-gap-default\">\n\t\t\t\t\t<div class=\"elementor-column elementor-col-100 elementor-top-column elementor-element elementor-element-d629351\" data-id=\"d629351\" data-element_type=\"column\">\n\t\t\t<div class=\"elementor-widget-wrap elementor-element-populated\">\n\t\t\t\t\t\t\t\t<div class=\"elementor-element elementor-element-89ea8a8 elementor-align-center elementor-widget elementor-widget-button\" data-id=\"89ea8a8\" data-element_type=\"widget\" data-widget_type=\"button.default\">\n\t\t\t\t<div class=\"elementor-widget-container\">\n\t\t\t\t\t<div class=\"elementor-button-wrapper\">\n\t\t\t<a class=\"elementor-button elementor-button-link elementor-size-sm\" href=\"https:\/\/bbb.univ-rennes.fr\/rooms\/xiv-hit-fsx-2y8\/join\" target=\"_blank\">\n\t\t\t\t\t\t<span class=\"elementor-button-content-wrapper\">\n\t\t\t\t\t\t<span class=\"elementor-button-text\">Participer \u00e0 la visioconf\u00e9rence<\/span>\n\t\t<\/span>\n\t\t\t\t\t<\/a>\n\t\t<\/div>\n\t\t\t\t<\/div>\n\t\t\t\t<\/div>\n\t\t\t\t\t<\/div>\n\t\t<\/div>\n\t\t\t\t\t\t\t<\/div>\n\t\t<\/section>\n\t\t\t\t\t\t\t<\/div>\n\t\t","protected":false},"excerpt":{"rendered":"<p>La responsable p\u00e9dagogique vous propose une conf\u00e9rence en ligne afin de vous pr\u00e9senter le Master 2 MAE parcours Entrepreneuriat et innovation \u00e0 l&rsquo;IGR-IAE Rennes<\/p>\n","protected":false},"author":11,"featured_media":567571,"comment_status":"closed","ping_status":"closed","sticky":false,"template":"","format":"standard","meta":{"footnotes":""},"categories":[64],"tags":[],"yoast_head":"<!-- This site is optimized with the Yoast SEO plugin v21.1 - https:\/\/yoast.com\/wordpress\/plugins\/seo\/ -->\n<title>Visioconf\u00e9rence le mardi 24 mars 2026 : le Master 2 MAE parcours Entrepreneuriat et innovation (EI) - IGR IAE Rennes<\/title>\n<meta name=\"robots\" content=\"index, follow, max-snippet:-1, max-image-preview:large, max-video-preview:-1\" \/>\n<link rel=\"canonical\" href=\"https:\/\/www.igr.univ-rennes.fr\/fr\/visioconference-le-mardi-24-mars-2026-le-master-2-mae-parcours-entrepreneuriat-et-innovation-ei\/\" \/>\n<meta property=\"og:locale\" content=\"fr_FR\" \/>\n<meta property=\"og:type\" content=\"article\" \/>\n<meta property=\"og:title\" content=\"Visioconf\u00e9rence le mardi 24 mars 2026 : le Master 2 MAE parcours Entrepreneuriat et innovation (EI) - IGR IAE Rennes\" \/>\n<meta property=\"og:description\" content=\"La responsable p\u00e9dagogique vous propose une conf\u00e9rence en ligne afin de vous pr\u00e9senter le Master 2 MAE parcours Entrepreneuriat et innovation \u00e0 l&#039;IGR-IAE Rennes\" \/>\n<meta property=\"og:url\" content=\"https:\/\/www.igr.univ-rennes.fr\/fr\/visioconference-le-mardi-24-mars-2026-le-master-2-mae-parcours-entrepreneuriat-et-innovation-ei\/\" \/>\n<meta property=\"og:site_name\" content=\"IGR IAE Rennes\" \/>\n<meta property=\"article:published_time\" content=\"2026-03-09T11:10:31+00:00\" \/>\n<meta property=\"article:modified_time\" content=\"2026-03-09T11:21:49+00:00\" \/>\n<meta property=\"og:image\" content=\"https:\/\/www.igr.univ-rennes.fr\/wp-content\/uploads\/2026\/03\/confMAE-EI-24mars2026.jpg\" \/>\n\t<meta property=\"og:image:width\" content=\"2400\" \/>\n\t<meta property=\"og:image:height\" content=\"1260\" \/>\n\t<meta property=\"og:image:type\" content=\"image\/jpeg\" \/>\n<meta name=\"author\" content=\"Marie-Annick Robin\" \/>\n<meta name=\"twitter:card\" content=\"summary_large_image\" \/>\n<meta name=\"twitter:label1\" content=\"\u00c9crit par\" \/>\n\t<meta name=\"twitter:data1\" content=\"Marie-Annick Robin\" \/>\n\t<meta name=\"twitter:label2\" content=\"Dur\u00e9e de lecture estim\u00e9e\" \/>\n\t<meta name=\"twitter:data2\" content=\"2 minutes\" \/>\n<script type=\"application\/ld+json\" class=\"yoast-schema-graph\">{\"@context\":\"https:\/\/schema.org\",\"@graph\":[{\"@type\":\"Article\",\"@id\":\"https:\/\/www.igr.univ-rennes.fr\/fr\/visioconference-le-mardi-24-mars-2026-le-master-2-mae-parcours-entrepreneuriat-et-innovation-ei\/#article\",\"isPartOf\":{\"@id\":\"https:\/\/www.igr.univ-rennes.fr\/fr\/visioconference-le-mardi-24-mars-2026-le-master-2-mae-parcours-entrepreneuriat-et-innovation-ei\/\"},\"author\":{\"name\":\"Marie-Annick Robin\",\"@id\":\"https:\/\/www.igr.univ-rennes.fr\/fr\/#\/schema\/person\/5f1ef906f2986c0eaa338b7258c4082b\"},\"headline\":\"Visioconf\u00e9rence le mardi 24 mars 2026 : le Master 2 MAE parcours Entrepreneuriat et innovation (EI)\",\"datePublished\":\"2026-03-09T11:10:31+00:00\",\"dateModified\":\"2026-03-09T11:21:49+00:00\",\"mainEntityOfPage\":{\"@id\":\"https:\/\/www.igr.univ-rennes.fr\/fr\/visioconference-le-mardi-24-mars-2026-le-master-2-mae-parcours-entrepreneuriat-et-innovation-ei\/\"},\"wordCount\":299,\"publisher\":{\"@id\":\"https:\/\/www.igr.univ-rennes.fr\/fr\/#organization\"},\"articleSection\":[\"Formation\"],\"inLanguage\":\"fr-FR\"},{\"@type\":\"WebPage\",\"@id\":\"https:\/\/www.igr.univ-rennes.fr\/fr\/visioconference-le-mardi-24-mars-2026-le-master-2-mae-parcours-entrepreneuriat-et-innovation-ei\/\",\"url\":\"https:\/\/www.igr.univ-rennes.fr\/fr\/visioconference-le-mardi-24-mars-2026-le-master-2-mae-parcours-entrepreneuriat-et-innovation-ei\/\",\"name\":\"Visioconf\u00e9rence le mardi 24 mars 2026 : le Master 2 MAE parcours Entrepreneuriat et innovation (EI) - IGR IAE Rennes\",\"isPartOf\":{\"@id\":\"https:\/\/www.igr.univ-rennes.fr\/fr\/#website\"},\"datePublished\":\"2026-03-09T11:10:31+00:00\",\"dateModified\":\"2026-03-09T11:21:49+00:00\",\"breadcrumb\":{\"@id\":\"https:\/\/www.igr.univ-rennes.fr\/fr\/visioconference-le-mardi-24-mars-2026-le-master-2-mae-parcours-entrepreneuriat-et-innovation-ei\/#breadcrumb\"},\"inLanguage\":\"fr-FR\",\"potentialAction\":[{\"@type\":\"ReadAction\",\"target\":[\"https:\/\/www.igr.univ-rennes.fr\/fr\/visioconference-le-mardi-24-mars-2026-le-master-2-mae-parcours-entrepreneuriat-et-innovation-ei\/\"]}]},{\"@type\":\"BreadcrumbList\",\"@id\":\"https:\/\/www.igr.univ-rennes.fr\/fr\/visioconference-le-mardi-24-mars-2026-le-master-2-mae-parcours-entrepreneuriat-et-innovation-ei\/#breadcrumb\",\"itemListElement\":[{\"@type\":\"ListItem\",\"position\":1,\"name\":\"Accueil\",\"item\":\"https:\/\/www.igr.univ-rennes.fr\/fr\/\"},{\"@type\":\"ListItem\",\"position\":2,\"name\":\"Visioconf\u00e9rence le mardi 24 mars 2026 : le Master 2 MAE parcours Entrepreneuriat et innovation (EI)\"}]},{\"@type\":\"WebSite\",\"@id\":\"https:\/\/www.igr.univ-rennes.fr\/fr\/#website\",\"url\":\"https:\/\/www.igr.univ-rennes.fr\/fr\/\",\"name\":\"IGR IAE Rennes\",\"description\":\"\",\"publisher\":{\"@id\":\"https:\/\/www.igr.univ-rennes.fr\/fr\/#organization\"},\"potentialAction\":[{\"@type\":\"SearchAction\",\"target\":{\"@type\":\"EntryPoint\",\"urlTemplate\":\"https:\/\/www.igr.univ-rennes.fr\/fr\/?s={search_term_string}\"},\"query-input\":\"required name=search_term_string\"}],\"inLanguage\":\"fr-FR\"},{\"@type\":\"Organization\",\"@id\":\"https:\/\/www.igr.univ-rennes.fr\/fr\/#organization\",\"name\":\"IGR IAE Rennes\",\"url\":\"https:\/\/www.igr.univ-rennes.fr\/fr\/\",\"logo\":{\"@type\":\"ImageObject\",\"inLanguage\":\"fr-FR\",\"@id\":\"https:\/\/www.igr.univ-rennes.fr\/fr\/#\/schema\/logo\/image\/\",\"url\":\"https:\/\/www.igr.univ-rennes.fr\/wp-content\/uploads\/2020\/06\/Logo-IGR-IAE-Rennes_Blanc-300dpi-RVB-e1597327228224.png\",\"contentUrl\":\"https:\/\/www.igr.univ-rennes.fr\/wp-content\/uploads\/2020\/06\/Logo-IGR-IAE-Rennes_Blanc-300dpi-RVB-e1597327228224.png\",\"width\":290,\"height\":107,\"caption\":\"IGR IAE Rennes\"},\"image\":{\"@id\":\"https:\/\/www.igr.univ-rennes.fr\/fr\/#\/schema\/logo\/image\/\"}},{\"@type\":\"Person\",\"@id\":\"https:\/\/www.igr.univ-rennes.fr\/fr\/#\/schema\/person\/5f1ef906f2986c0eaa338b7258c4082b\",\"name\":\"Marie-Annick Robin\",\"image\":{\"@type\":\"ImageObject\",\"inLanguage\":\"fr-FR\",\"@id\":\"https:\/\/www.igr.univ-rennes.fr\/fr\/#\/schema\/person\/image\/\",\"url\":\"https:\/\/secure.gravatar.com\/avatar\/2be340e59f359ca7aa475c1693137388?s=96&d=mm&r=g\",\"contentUrl\":\"https:\/\/secure.gravatar.com\/avatar\/2be340e59f359ca7aa475c1693137388?s=96&d=mm&r=g\",\"caption\":\"Marie-Annick Robin\"}}]}<\/script>\n<!-- \/ Yoast SEO plugin. -->","yoast_head_json":{"title":"Visioconf\u00e9rence le mardi 24 mars 2026 : le Master 2 MAE parcours Entrepreneuriat et innovation (EI) - IGR IAE Rennes","robots":{"index":"index","follow":"follow","max-snippet":"max-snippet:-1","max-image-preview":"max-image-preview:large","max-video-preview":"max-video-preview:-1"},"canonical":"https:\/\/www.igr.univ-rennes.fr\/fr\/visioconference-le-mardi-24-mars-2026-le-master-2-mae-parcours-entrepreneuriat-et-innovation-ei\/","og_locale":"fr_FR","og_type":"article","og_title":"Visioconf\u00e9rence le mardi 24 mars 2026 : le Master 2 MAE parcours Entrepreneuriat et innovation (EI) - IGR IAE Rennes","og_description":"La responsable p\u00e9dagogique vous propose une conf\u00e9rence en ligne afin de vous pr\u00e9senter le Master 2 MAE parcours Entrepreneuriat et innovation \u00e0 l'IGR-IAE Rennes","og_url":"https:\/\/www.igr.univ-rennes.fr\/fr\/visioconference-le-mardi-24-mars-2026-le-master-2-mae-parcours-entrepreneuriat-et-innovation-ei\/","og_site_name":"IGR IAE Rennes","article_published_time":"2026-03-09T11:10:31+00:00","article_modified_time":"2026-03-09T11:21:49+00:00","og_image":[{"width":2400,"height":1260,"url":"https:\/\/www.igr.univ-rennes.fr\/wp-content\/uploads\/2026\/03\/confMAE-EI-24mars2026.jpg","type":"image\/jpeg"}],"author":"Marie-Annick Robin","twitter_card":"summary_large_image","twitter_misc":{"\u00c9crit par":"Marie-Annick Robin","Dur\u00e9e de lecture estim\u00e9e":"2 minutes"},"schema":{"@context":"https:\/\/schema.org","@graph":[{"@type":"Article","@id":"https:\/\/www.igr.univ-rennes.fr\/fr\/visioconference-le-mardi-24-mars-2026-le-master-2-mae-parcours-entrepreneuriat-et-innovation-ei\/#article","isPartOf":{"@id":"https:\/\/www.igr.univ-rennes.fr\/fr\/visioconference-le-mardi-24-mars-2026-le-master-2-mae-parcours-entrepreneuriat-et-innovation-ei\/"},"author":{"name":"Marie-Annick Robin","@id":"https:\/\/www.igr.univ-rennes.fr\/fr\/#\/schema\/person\/5f1ef906f2986c0eaa338b7258c4082b"},"headline":"Visioconf\u00e9rence le mardi 24 mars 2026 : le Master 2 MAE parcours Entrepreneuriat et innovation (EI)","datePublished":"2026-03-09T11:10:31+00:00","dateModified":"2026-03-09T11:21:49+00:00","mainEntityOfPage":{"@id":"https:\/\/www.igr.univ-rennes.fr\/fr\/visioconference-le-mardi-24-mars-2026-le-master-2-mae-parcours-entrepreneuriat-et-innovation-ei\/"},"wordCount":299,"publisher":{"@id":"https:\/\/www.igr.univ-rennes.fr\/fr\/#organization"},"articleSection":["Formation"],"inLanguage":"fr-FR"},{"@type":"WebPage","@id":"https:\/\/www.igr.univ-rennes.fr\/fr\/visioconference-le-mardi-24-mars-2026-le-master-2-mae-parcours-entrepreneuriat-et-innovation-ei\/","url":"https:\/\/www.igr.univ-rennes.fr\/fr\/visioconference-le-mardi-24-mars-2026-le-master-2-mae-parcours-entrepreneuriat-et-innovation-ei\/","name":"Visioconf\u00e9rence le mardi 24 mars 2026 : le Master 2 MAE parcours Entrepreneuriat et innovation (EI) - IGR IAE Rennes","isPartOf":{"@id":"https:\/\/www.igr.univ-rennes.fr\/fr\/#website"},"datePublished":"2026-03-09T11:10:31+00:00","dateModified":"2026-03-09T11:21:49+00:00","breadcrumb":{"@id":"https:\/\/www.igr.univ-rennes.fr\/fr\/visioconference-le-mardi-24-mars-2026-le-master-2-mae-parcours-entrepreneuriat-et-innovation-ei\/#breadcrumb"},"inLanguage":"fr-FR","potentialAction":[{"@type":"ReadAction","target":["https:\/\/www.igr.univ-rennes.fr\/fr\/visioconference-le-mardi-24-mars-2026-le-master-2-mae-parcours-entrepreneuriat-et-innovation-ei\/"]}]},{"@type":"BreadcrumbList","@id":"https:\/\/www.igr.univ-rennes.fr\/fr\/visioconference-le-mardi-24-mars-2026-le-master-2-mae-parcours-entrepreneuriat-et-innovation-ei\/#breadcrumb","itemListElement":[{"@type":"ListItem","position":1,"name":"Accueil","item":"https:\/\/www.igr.univ-rennes.fr\/fr\/"},{"@type":"ListItem","position":2,"name":"Visioconf\u00e9rence le mardi 24 mars 2026 : le Master 2 MAE parcours Entrepreneuriat et innovation (EI)"}]},{"@type":"WebSite","@id":"https:\/\/www.igr.univ-rennes.fr\/fr\/#website","url":"https:\/\/www.igr.univ-rennes.fr\/fr\/","name":"IGR IAE Rennes","description":"","publisher":{"@id":"https:\/\/www.igr.univ-rennes.fr\/fr\/#organization"},"potentialAction":[{"@type":"SearchAction","target":{"@type":"EntryPoint","urlTemplate":"https:\/\/www.igr.univ-rennes.fr\/fr\/?s={search_term_string}"},"query-input":"required name=search_term_string"}],"inLanguage":"fr-FR"},{"@type":"Organization","@id":"https:\/\/www.igr.univ-rennes.fr\/fr\/#organization","name":"IGR IAE Rennes","url":"https:\/\/www.igr.univ-rennes.fr\/fr\/","logo":{"@type":"ImageObject","inLanguage":"fr-FR","@id":"https:\/\/www.igr.univ-rennes.fr\/fr\/#\/schema\/logo\/image\/","url":"https:\/\/www.igr.univ-rennes.fr\/wp-content\/uploads\/2020\/06\/Logo-IGR-IAE-Rennes_Blanc-300dpi-RVB-e1597327228224.png","contentUrl":"https:\/\/www.igr.univ-rennes.fr\/wp-content\/uploads\/2020\/06\/Logo-IGR-IAE-Rennes_Blanc-300dpi-RVB-e1597327228224.png","width":290,"height":107,"caption":"IGR IAE Rennes"},"image":{"@id":"https:\/\/www.igr.univ-rennes.fr\/fr\/#\/schema\/logo\/image\/"}},{"@type":"Person","@id":"https:\/\/www.igr.univ-rennes.fr\/fr\/#\/schema\/person\/5f1ef906f2986c0eaa338b7258c4082b","name":"Marie-Annick Robin","image":{"@type":"ImageObject","inLanguage":"fr-FR","@id":"https:\/\/www.igr.univ-rennes.fr\/fr\/#\/schema\/person\/image\/","url":"https:\/\/secure.gravatar.com\/avatar\/2be340e59f359ca7aa475c1693137388?s=96&d=mm&r=g","contentUrl":"https:\/\/secure.gravatar.com\/avatar\/2be340e59f359ca7aa475c1693137388?s=96&d=mm&r=g","caption":"Marie-Annick Robin"}}]}},"_links":{"self":[{"href":"https:\/\/www.igr.univ-rennes.fr\/fr\/wp-json\/wp\/v2\/posts\/567570"}],"collection":[{"href":"https:\/\/www.igr.univ-rennes.fr\/fr\/wp-json\/wp\/v2\/posts"}],"about":[{"href":"https:\/\/www.igr.univ-rennes.fr\/fr\/wp-json\/wp\/v2\/types\/post"}],"author":[{"embeddable":true,"href":"https:\/\/www.igr.univ-rennes.fr\/fr\/wp-json\/wp\/v2\/users\/11"}],"replies":[{"embeddable":true,"href":"https:\/\/www.igr.univ-rennes.fr\/fr\/wp-json\/wp\/v2\/comments?post=567570"}],"version-history":[{"count":28,"href":"https:\/\/www.igr.univ-rennes.fr\/fr\/wp-json\/wp\/v2\/posts\/567570\/revisions"}],"predecessor-version":[{"id":567609,"href":"https:\/\/www.igr.univ-rennes.fr\/fr\/wp-json\/wp\/v2\/posts\/567570\/revisions\/567609"}],"wp:featuredmedia":[{"embeddable":true,"href":"https:\/\/www.igr.univ-rennes.fr\/fr\/wp-json\/wp\/v2\/media\/567571"}],"wp:attachment":[{"href":"https:\/\/www.igr.univ-rennes.fr\/fr\/wp-json\/wp\/v2\/media?parent=567570"}],"wp:term":[{"taxonomy":"category","embeddable":true,"href":"https:\/\/www.igr.univ-rennes.fr\/fr\/wp-json\/wp\/v2\/categories?post=567570"},{"taxonomy":"post_tag","embeddable":true,"href":"https:\/\/www.igr.univ-rennes.fr\/fr\/wp-json\/wp\/v2\/tags?post=567570"}],"curies":[{"name":"wp","href":"https:\/\/api.w.org\/{rel}","templated":true}]}}