{"id":567546,"date":"2026-03-16T09:02:41","date_gmt":"2026-03-16T08:02:41","guid":{"rendered":"https:\/\/www.igr.univ-rennes.fr\/?p=567546"},"modified":"2026-03-20T08:36:37","modified_gmt":"2026-03-20T07:36:37","slug":"harcelement-et-discriminations-theatre-interactif-avec-echappees-belles","status":"publish","type":"post","link":"https:\/\/www.igr.univ-rennes.fr\/fr\/harcelement-et-discriminations-theatre-interactif-avec-echappees-belles\/","title":{"rendered":"Harc\u00e8lement et discriminations : th\u00e9\u00e2tre interactif avec \u00c9chapp\u00e9es Belles"},"content":{"rendered":"\t\t<div data-elementor-type=\"wp-post\" data-elementor-id=\"567546\" class=\"elementor elementor-567546\">\n\t\t\t\t\t\t\t\t\t<section class=\"elementor-section elementor-top-section elementor-element elementor-element-fd9981e elementor-section-boxed elementor-section-height-default elementor-section-height-default\" data-id=\"fd9981e\" data-element_type=\"section\">\n\t\t\t\t\t\t<div class=\"elementor-container elementor-column-gap-default\">\n\t\t\t\t\t<div class=\"elementor-column elementor-col-100 elementor-top-column elementor-element elementor-element-f93a6cf\" data-id=\"f93a6cf\" data-element_type=\"column\">\n\t\t\t<div class=\"elementor-widget-wrap elementor-element-populated\">\n\t\t\t\t\t\t\t\t<div class=\"elementor-element elementor-element-a79b852 elementor-widget elementor-widget-text-editor\" data-id=\"a79b852\" data-element_type=\"widget\" data-widget_type=\"text-editor.default\">\n\t\t\t\t<div class=\"elementor-widget-container\">\n\t\t\t\t\t\t\t<p data-start=\"350\" data-end=\"622\">Dans le cadre de ses actions de sensibilisation aux enjeux d\u2019\u00e9galit\u00e9, de respect et d\u2019inclusion, l\u2019IGR-IAE Rennes accueillera la <strong data-start=\"479\" data-end=\"517\">troupe de th\u00e9\u00e2tre \u00c9chapp\u00e9es Belles<\/strong> pour une repr\u00e9sentation interactive consacr\u00e9e aux th\u00e9matiques du <strong data-start=\"583\" data-end=\"621\">harc\u00e8lement et des discriminations<\/strong>.<\/p><p data-start=\"624\" data-end=\"712\">\ud83d\udcc5 <strong data-start=\"627\" data-end=\"649\">Mardi 17 mars 2026<\/strong><br data-start=\"649\" data-end=\"652\" \/>\ud83d\udd58 <strong data-start=\"655\" data-end=\"671\">9h00 \u2013 12h30<\/strong><br data-start=\"671\" data-end=\"674\" \/>\ud83d\udccd <strong data-start=\"677\" data-end=\"712\">Amphith\u00e9\u00e2tre 1 Claude Champaud<\/strong><\/p><h3 data-section-id=\"1ebkvwn\" data-start=\"714\" data-end=\"774\">Une approche participative pour r\u00e9fl\u00e9chir collectivement<\/h3><p data-start=\"776\" data-end=\"966\">\u00c0 travers des <strong data-start=\"790\" data-end=\"840\">sc\u00e9nettes inspir\u00e9es de situations du quotidien<\/strong>, les com\u00e9diens proposeront une mise en sc\u00e8ne de situations pouvant survenir dans les environnements d\u2019\u00e9tudes ou de travail.<\/p><p data-start=\"968\" data-end=\"1200\">Le public sera invit\u00e9 \u00e0 participer et \u00e0 \u00e9changer avec les acteurs afin de <strong data-start=\"1042\" data-end=\"1115\">mieux comprendre les m\u00e9canismes du harc\u00e8lement et des discriminations<\/strong>, et r\u00e9fl\u00e9chir collectivement aux diff\u00e9rentes fa\u00e7ons de r\u00e9agir face \u00e0 ces situations.<\/p><p data-start=\"1202\" data-end=\"1381\">Cette approche interactive vise \u00e0 favoriser la prise de conscience, le dialogue et le partage d\u2019exp\u00e9riences autour de ces enjeux essentiels dans la vie professionnelle et sociale.<\/p><h3 data-section-id=\"1yuf3ja\" data-start=\"1383\" data-end=\"1431\">Un \u00e9v\u00e9nement ouvert \u00e0 la communaut\u00e9 de l\u2019IGR-IAE Rennes<\/h3><p data-start=\"1433\" data-end=\"1701\">Initialement organis\u00e9e pour les \u00e9tudiants de <strong data-start=\"1478\" data-end=\"1511\">licence en formation initiale<\/strong>, cette repr\u00e9sentation est \u00e9galement <strong data-start=\"1548\" data-end=\"1661\">ouverte aux \u00e9tudiantes et \u00e9tudiants ainsi qu\u2019aux personnels enseignants et administratifs de l\u2019IGR-IAE Rennes<\/strong>, dans la limite des places disponibles.<\/p><p data-start=\"1703\" data-end=\"1903\">Ce temps de rencontre constitue une <strong data-start=\"1739\" data-end=\"1786\">opportunit\u00e9 de sensibilisation et d\u2019\u00e9change<\/strong>, en s\u2019appuyant sur l\u2019outil th\u00e9\u00e2tral pour aborder des sujets parfois difficiles de mani\u00e8re p\u00e9dagogique et collective.<\/p><p data-start=\"1905\" data-end=\"1976\">\u26a0\ufe0f <strong data-start=\"1908\" data-end=\"1976\">Le nombre de places \u00e9tant limit\u00e9, l\u2019inscription est obligatoire.<\/strong><\/p>\t\t\t\t\t\t<\/div>\n\t\t\t\t<\/div>\n\t\t\t\t\t<\/div>\n\t\t<\/div>\n\t\t\t\t\t\t\t<\/div>\n\t\t<\/section>\n\t\t\t\t<section class=\"elementor-section elementor-top-section elementor-element elementor-element-f0f2c57 elementor-section-boxed elementor-section-height-default elementor-section-height-default\" data-id=\"f0f2c57\" data-element_type=\"section\">\n\t\t\t\t\t\t<div class=\"elementor-container elementor-column-gap-default\">\n\t\t\t\t\t<div class=\"elementor-column elementor-col-100 elementor-top-column elementor-element elementor-element-83087ea\" data-id=\"83087ea\" data-element_type=\"column\">\n\t\t\t<div class=\"elementor-widget-wrap elementor-element-populated\">\n\t\t\t\t\t\t\t\t<div class=\"elementor-element elementor-element-2a1c78f elementor-align-center elementor-widget elementor-widget-button\" data-id=\"2a1c78f\" data-element_type=\"widget\" data-widget_type=\"button.default\">\n\t\t\t\t<div class=\"elementor-widget-container\">\n\t\t\t\t\t<div class=\"elementor-button-wrapper\">\n\t\t\t<a class=\"elementor-button elementor-button-link elementor-size-sm\" href=\"https:\/\/docs.google.com\/forms\/d\/e\/1FAIpQLScd-VBTwtOAOFduFo1mEFp2WyBDDSds2cRKiK8cKWQH8f47yQ\/viewform\" target=\"_blank\">\n\t\t\t\t\t\t<span class=\"elementor-button-content-wrapper\">\n\t\t\t\t\t\t<span class=\"elementor-button-text\">Je m'inscris<\/span>\n\t\t<\/span>\n\t\t\t\t\t<\/a>\n\t\t<\/div>\n\t\t\t\t<\/div>\n\t\t\t\t<\/div>\n\t\t\t\t\t<\/div>\n\t\t<\/div>\n\t\t\t\t\t\t\t<\/div>\n\t\t<\/section>\n\t\t\t\t\t\t\t<\/div>\n\t\t","protected":false},"excerpt":{"rendered":"<p>Dans le cadre de ses actions de sensibilisation aux enjeux d\u2019\u00e9galit\u00e9, de respect et d\u2019inclusion, l\u2019IGR-IAE Rennes accueillera la troupe de th\u00e9\u00e2tre \u00c9chapp\u00e9es Belles pour une repr\u00e9sentation interactive consacr\u00e9e aux th\u00e9matiques du harc\u00e8lement et des discriminations.<\/p>\n","protected":false},"author":9,"featured_media":567547,"comment_status":"closed","ping_status":"closed","sticky":false,"template":"","format":"standard","meta":{"footnotes":""},"categories":[64],"tags":[],"yoast_head":"<!-- This site is optimized with the Yoast SEO plugin v21.1 - https:\/\/yoast.com\/wordpress\/plugins\/seo\/ -->\n<title>Harc\u00e8lement et discriminations : th\u00e9\u00e2tre interactif avec \u00c9chapp\u00e9es Belles - IGR IAE Rennes<\/title>\n<meta name=\"robots\" content=\"index, follow, max-snippet:-1, max-image-preview:large, max-video-preview:-1\" \/>\n<link rel=\"canonical\" href=\"https:\/\/www.igr.univ-rennes.fr\/fr\/harcelement-et-discriminations-theatre-interactif-avec-echappees-belles\/\" \/>\n<meta property=\"og:locale\" content=\"fr_FR\" \/>\n<meta property=\"og:type\" content=\"article\" \/>\n<meta property=\"og:title\" content=\"Harc\u00e8lement et discriminations : th\u00e9\u00e2tre interactif avec \u00c9chapp\u00e9es Belles - IGR IAE Rennes\" \/>\n<meta property=\"og:description\" content=\"Dans le cadre de ses actions de sensibilisation aux enjeux d\u2019\u00e9galit\u00e9, de respect et d\u2019inclusion, l\u2019IGR-IAE Rennes accueillera la troupe de th\u00e9\u00e2tre \u00c9chapp\u00e9es Belles pour une repr\u00e9sentation interactive consacr\u00e9e aux th\u00e9matiques du harc\u00e8lement et des discriminations.\" \/>\n<meta property=\"og:url\" content=\"https:\/\/www.igr.univ-rennes.fr\/fr\/harcelement-et-discriminations-theatre-interactif-avec-echappees-belles\/\" \/>\n<meta property=\"og:site_name\" content=\"IGR IAE Rennes\" \/>\n<meta property=\"article:published_time\" content=\"2026-03-16T08:02:41+00:00\" \/>\n<meta property=\"article:modified_time\" content=\"2026-03-20T07:36:37+00:00\" \/>\n<meta property=\"og:image\" content=\"https:\/\/www.igr.univ-rennes.fr\/wp-content\/uploads\/2026\/03\/TEMPLATES-VF-IGR-3.jpg\" \/>\n\t<meta property=\"og:image:width\" content=\"2400\" \/>\n\t<meta property=\"og:image:height\" content=\"1260\" \/>\n\t<meta property=\"og:image:type\" content=\"image\/jpeg\" \/>\n<meta name=\"author\" content=\"Emma Lebaut\" \/>\n<meta name=\"twitter:card\" content=\"summary_large_image\" \/>\n<meta name=\"twitter:label1\" content=\"\u00c9crit par\" \/>\n\t<meta name=\"twitter:data1\" content=\"Emma Lebaut\" \/>\n\t<meta name=\"twitter:label2\" content=\"Dur\u00e9e de lecture estim\u00e9e\" \/>\n\t<meta name=\"twitter:data2\" content=\"2 minutes\" \/>\n<script type=\"application\/ld+json\" class=\"yoast-schema-graph\">{\"@context\":\"https:\/\/schema.org\",\"@graph\":[{\"@type\":\"Article\",\"@id\":\"https:\/\/www.igr.univ-rennes.fr\/fr\/harcelement-et-discriminations-theatre-interactif-avec-echappees-belles\/#article\",\"isPartOf\":{\"@id\":\"https:\/\/www.igr.univ-rennes.fr\/fr\/harcelement-et-discriminations-theatre-interactif-avec-echappees-belles\/\"},\"author\":{\"name\":\"Emma Lebaut\",\"@id\":\"https:\/\/www.igr.univ-rennes.fr\/fr\/#\/schema\/person\/ccc43b9cca93cd7a471bce264778297c\"},\"headline\":\"Harc\u00e8lement et discriminations : th\u00e9\u00e2tre interactif avec \u00c9chapp\u00e9es Belles\",\"datePublished\":\"2026-03-16T08:02:41+00:00\",\"dateModified\":\"2026-03-20T07:36:37+00:00\",\"mainEntityOfPage\":{\"@id\":\"https:\/\/www.igr.univ-rennes.fr\/fr\/harcelement-et-discriminations-theatre-interactif-avec-echappees-belles\/\"},\"wordCount\":263,\"publisher\":{\"@id\":\"https:\/\/www.igr.univ-rennes.fr\/fr\/#organization\"},\"articleSection\":[\"Formation\"],\"inLanguage\":\"fr-FR\"},{\"@type\":\"WebPage\",\"@id\":\"https:\/\/www.igr.univ-rennes.fr\/fr\/harcelement-et-discriminations-theatre-interactif-avec-echappees-belles\/\",\"url\":\"https:\/\/www.igr.univ-rennes.fr\/fr\/harcelement-et-discriminations-theatre-interactif-avec-echappees-belles\/\",\"name\":\"Harc\u00e8lement et discriminations : th\u00e9\u00e2tre interactif avec \u00c9chapp\u00e9es Belles - IGR IAE Rennes\",\"isPartOf\":{\"@id\":\"https:\/\/www.igr.univ-rennes.fr\/fr\/#website\"},\"datePublished\":\"2026-03-16T08:02:41+00:00\",\"dateModified\":\"2026-03-20T07:36:37+00:00\",\"breadcrumb\":{\"@id\":\"https:\/\/www.igr.univ-rennes.fr\/fr\/harcelement-et-discriminations-theatre-interactif-avec-echappees-belles\/#breadcrumb\"},\"inLanguage\":\"fr-FR\",\"potentialAction\":[{\"@type\":\"ReadAction\",\"target\":[\"https:\/\/www.igr.univ-rennes.fr\/fr\/harcelement-et-discriminations-theatre-interactif-avec-echappees-belles\/\"]}]},{\"@type\":\"BreadcrumbList\",\"@id\":\"https:\/\/www.igr.univ-rennes.fr\/fr\/harcelement-et-discriminations-theatre-interactif-avec-echappees-belles\/#breadcrumb\",\"itemListElement\":[{\"@type\":\"ListItem\",\"position\":1,\"name\":\"Accueil\",\"item\":\"https:\/\/www.igr.univ-rennes.fr\/fr\/\"},{\"@type\":\"ListItem\",\"position\":2,\"name\":\"Harc\u00e8lement et discriminations : th\u00e9\u00e2tre interactif avec \u00c9chapp\u00e9es Belles\"}]},{\"@type\":\"WebSite\",\"@id\":\"https:\/\/www.igr.univ-rennes.fr\/fr\/#website\",\"url\":\"https:\/\/www.igr.univ-rennes.fr\/fr\/\",\"name\":\"IGR IAE Rennes\",\"description\":\"\",\"publisher\":{\"@id\":\"https:\/\/www.igr.univ-rennes.fr\/fr\/#organization\"},\"potentialAction\":[{\"@type\":\"SearchAction\",\"target\":{\"@type\":\"EntryPoint\",\"urlTemplate\":\"https:\/\/www.igr.univ-rennes.fr\/fr\/?s={search_term_string}\"},\"query-input\":\"required name=search_term_string\"}],\"inLanguage\":\"fr-FR\"},{\"@type\":\"Organization\",\"@id\":\"https:\/\/www.igr.univ-rennes.fr\/fr\/#organization\",\"name\":\"IGR IAE Rennes\",\"url\":\"https:\/\/www.igr.univ-rennes.fr\/fr\/\",\"logo\":{\"@type\":\"ImageObject\",\"inLanguage\":\"fr-FR\",\"@id\":\"https:\/\/www.igr.univ-rennes.fr\/fr\/#\/schema\/logo\/image\/\",\"url\":\"https:\/\/www.igr.univ-rennes.fr\/wp-content\/uploads\/2020\/06\/Logo-IGR-IAE-Rennes_Blanc-300dpi-RVB-e1597327228224.png\",\"contentUrl\":\"https:\/\/www.igr.univ-rennes.fr\/wp-content\/uploads\/2020\/06\/Logo-IGR-IAE-Rennes_Blanc-300dpi-RVB-e1597327228224.png\",\"width\":290,\"height\":107,\"caption\":\"IGR IAE Rennes\"},\"image\":{\"@id\":\"https:\/\/www.igr.univ-rennes.fr\/fr\/#\/schema\/logo\/image\/\"}},{\"@type\":\"Person\",\"@id\":\"https:\/\/www.igr.univ-rennes.fr\/fr\/#\/schema\/person\/ccc43b9cca93cd7a471bce264778297c\",\"name\":\"Emma Lebaut\",\"image\":{\"@type\":\"ImageObject\",\"inLanguage\":\"fr-FR\",\"@id\":\"https:\/\/www.igr.univ-rennes.fr\/fr\/#\/schema\/person\/image\/\",\"url\":\"https:\/\/secure.gravatar.com\/avatar\/5595dd0d6a0a6d72d586285ccf5929f4?s=96&d=mm&r=g\",\"contentUrl\":\"https:\/\/secure.gravatar.com\/avatar\/5595dd0d6a0a6d72d586285ccf5929f4?s=96&d=mm&r=g\",\"caption\":\"Emma Lebaut\"}}]}<\/script>\n<!-- \/ Yoast SEO plugin. -->","yoast_head_json":{"title":"Harc\u00e8lement et discriminations : th\u00e9\u00e2tre interactif avec \u00c9chapp\u00e9es Belles - IGR IAE Rennes","robots":{"index":"index","follow":"follow","max-snippet":"max-snippet:-1","max-image-preview":"max-image-preview:large","max-video-preview":"max-video-preview:-1"},"canonical":"https:\/\/www.igr.univ-rennes.fr\/fr\/harcelement-et-discriminations-theatre-interactif-avec-echappees-belles\/","og_locale":"fr_FR","og_type":"article","og_title":"Harc\u00e8lement et discriminations : th\u00e9\u00e2tre interactif avec \u00c9chapp\u00e9es Belles - IGR IAE Rennes","og_description":"Dans le cadre de ses actions de sensibilisation aux enjeux d\u2019\u00e9galit\u00e9, de respect et d\u2019inclusion, l\u2019IGR-IAE Rennes accueillera la troupe de th\u00e9\u00e2tre \u00c9chapp\u00e9es Belles pour une repr\u00e9sentation interactive consacr\u00e9e aux th\u00e9matiques du harc\u00e8lement et des discriminations.","og_url":"https:\/\/www.igr.univ-rennes.fr\/fr\/harcelement-et-discriminations-theatre-interactif-avec-echappees-belles\/","og_site_name":"IGR IAE Rennes","article_published_time":"2026-03-16T08:02:41+00:00","article_modified_time":"2026-03-20T07:36:37+00:00","og_image":[{"width":2400,"height":1260,"url":"https:\/\/www.igr.univ-rennes.fr\/wp-content\/uploads\/2026\/03\/TEMPLATES-VF-IGR-3.jpg","type":"image\/jpeg"}],"author":"Emma Lebaut","twitter_card":"summary_large_image","twitter_misc":{"\u00c9crit par":"Emma Lebaut","Dur\u00e9e de lecture estim\u00e9e":"2 minutes"},"schema":{"@context":"https:\/\/schema.org","@graph":[{"@type":"Article","@id":"https:\/\/www.igr.univ-rennes.fr\/fr\/harcelement-et-discriminations-theatre-interactif-avec-echappees-belles\/#article","isPartOf":{"@id":"https:\/\/www.igr.univ-rennes.fr\/fr\/harcelement-et-discriminations-theatre-interactif-avec-echappees-belles\/"},"author":{"name":"Emma Lebaut","@id":"https:\/\/www.igr.univ-rennes.fr\/fr\/#\/schema\/person\/ccc43b9cca93cd7a471bce264778297c"},"headline":"Harc\u00e8lement et discriminations : th\u00e9\u00e2tre interactif avec \u00c9chapp\u00e9es Belles","datePublished":"2026-03-16T08:02:41+00:00","dateModified":"2026-03-20T07:36:37+00:00","mainEntityOfPage":{"@id":"https:\/\/www.igr.univ-rennes.fr\/fr\/harcelement-et-discriminations-theatre-interactif-avec-echappees-belles\/"},"wordCount":263,"publisher":{"@id":"https:\/\/www.igr.univ-rennes.fr\/fr\/#organization"},"articleSection":["Formation"],"inLanguage":"fr-FR"},{"@type":"WebPage","@id":"https:\/\/www.igr.univ-rennes.fr\/fr\/harcelement-et-discriminations-theatre-interactif-avec-echappees-belles\/","url":"https:\/\/www.igr.univ-rennes.fr\/fr\/harcelement-et-discriminations-theatre-interactif-avec-echappees-belles\/","name":"Harc\u00e8lement et discriminations : th\u00e9\u00e2tre interactif avec \u00c9chapp\u00e9es Belles - IGR IAE Rennes","isPartOf":{"@id":"https:\/\/www.igr.univ-rennes.fr\/fr\/#website"},"datePublished":"2026-03-16T08:02:41+00:00","dateModified":"2026-03-20T07:36:37+00:00","breadcrumb":{"@id":"https:\/\/www.igr.univ-rennes.fr\/fr\/harcelement-et-discriminations-theatre-interactif-avec-echappees-belles\/#breadcrumb"},"inLanguage":"fr-FR","potentialAction":[{"@type":"ReadAction","target":["https:\/\/www.igr.univ-rennes.fr\/fr\/harcelement-et-discriminations-theatre-interactif-avec-echappees-belles\/"]}]},{"@type":"BreadcrumbList","@id":"https:\/\/www.igr.univ-rennes.fr\/fr\/harcelement-et-discriminations-theatre-interactif-avec-echappees-belles\/#breadcrumb","itemListElement":[{"@type":"ListItem","position":1,"name":"Accueil","item":"https:\/\/www.igr.univ-rennes.fr\/fr\/"},{"@type":"ListItem","position":2,"name":"Harc\u00e8lement et discriminations : th\u00e9\u00e2tre interactif avec \u00c9chapp\u00e9es Belles"}]},{"@type":"WebSite","@id":"https:\/\/www.igr.univ-rennes.fr\/fr\/#website","url":"https:\/\/www.igr.univ-rennes.fr\/fr\/","name":"IGR IAE Rennes","description":"","publisher":{"@id":"https:\/\/www.igr.univ-rennes.fr\/fr\/#organization"},"potentialAction":[{"@type":"SearchAction","target":{"@type":"EntryPoint","urlTemplate":"https:\/\/www.igr.univ-rennes.fr\/fr\/?s={search_term_string}"},"query-input":"required name=search_term_string"}],"inLanguage":"fr-FR"},{"@type":"Organization","@id":"https:\/\/www.igr.univ-rennes.fr\/fr\/#organization","name":"IGR IAE Rennes","url":"https:\/\/www.igr.univ-rennes.fr\/fr\/","logo":{"@type":"ImageObject","inLanguage":"fr-FR","@id":"https:\/\/www.igr.univ-rennes.fr\/fr\/#\/schema\/logo\/image\/","url":"https:\/\/www.igr.univ-rennes.fr\/wp-content\/uploads\/2020\/06\/Logo-IGR-IAE-Rennes_Blanc-300dpi-RVB-e1597327228224.png","contentUrl":"https:\/\/www.igr.univ-rennes.fr\/wp-content\/uploads\/2020\/06\/Logo-IGR-IAE-Rennes_Blanc-300dpi-RVB-e1597327228224.png","width":290,"height":107,"caption":"IGR IAE Rennes"},"image":{"@id":"https:\/\/www.igr.univ-rennes.fr\/fr\/#\/schema\/logo\/image\/"}},{"@type":"Person","@id":"https:\/\/www.igr.univ-rennes.fr\/fr\/#\/schema\/person\/ccc43b9cca93cd7a471bce264778297c","name":"Emma Lebaut","image":{"@type":"ImageObject","inLanguage":"fr-FR","@id":"https:\/\/www.igr.univ-rennes.fr\/fr\/#\/schema\/person\/image\/","url":"https:\/\/secure.gravatar.com\/avatar\/5595dd0d6a0a6d72d586285ccf5929f4?s=96&d=mm&r=g","contentUrl":"https:\/\/secure.gravatar.com\/avatar\/5595dd0d6a0a6d72d586285ccf5929f4?s=96&d=mm&r=g","caption":"Emma Lebaut"}}]}},"_links":{"self":[{"href":"https:\/\/www.igr.univ-rennes.fr\/fr\/wp-json\/wp\/v2\/posts\/567546"}],"collection":[{"href":"https:\/\/www.igr.univ-rennes.fr\/fr\/wp-json\/wp\/v2\/posts"}],"about":[{"href":"https:\/\/www.igr.univ-rennes.fr\/fr\/wp-json\/wp\/v2\/types\/post"}],"author":[{"embeddable":true,"href":"https:\/\/www.igr.univ-rennes.fr\/fr\/wp-json\/wp\/v2\/users\/9"}],"replies":[{"embeddable":true,"href":"https:\/\/www.igr.univ-rennes.fr\/fr\/wp-json\/wp\/v2\/comments?post=567546"}],"version-history":[{"count":5,"href":"https:\/\/www.igr.univ-rennes.fr\/fr\/wp-json\/wp\/v2\/posts\/567546\/revisions"}],"predecessor-version":[{"id":569314,"href":"https:\/\/www.igr.univ-rennes.fr\/fr\/wp-json\/wp\/v2\/posts\/567546\/revisions\/569314"}],"wp:featuredmedia":[{"embeddable":true,"href":"https:\/\/www.igr.univ-rennes.fr\/fr\/wp-json\/wp\/v2\/media\/567547"}],"wp:attachment":[{"href":"https:\/\/www.igr.univ-rennes.fr\/fr\/wp-json\/wp\/v2\/media?parent=567546"}],"wp:term":[{"taxonomy":"category","embeddable":true,"href":"https:\/\/www.igr.univ-rennes.fr\/fr\/wp-json\/wp\/v2\/categories?post=567546"},{"taxonomy":"post_tag","embeddable":true,"href":"https:\/\/www.igr.univ-rennes.fr\/fr\/wp-json\/wp\/v2\/tags?post=567546"}],"curies":[{"name":"wp","href":"https:\/\/api.w.org\/{rel}","templated":true}]}}