{"id":567530,"date":"2026-03-16T08:27:27","date_gmt":"2026-03-16T07:27:27","guid":{"rendered":"https:\/\/www.igr.univ-rennes.fr\/?p=567530"},"modified":"2026-03-20T08:40:38","modified_gmt":"2026-03-20T07:40:38","slug":"tedx-igr-iae-rennes-une-conference-inspirante-organisee-par-lassociation-etudiante-maestro","status":"publish","type":"post","link":"https:\/\/www.igr.univ-rennes.fr\/fr\/tedx-igr-iae-rennes-une-conference-inspirante-organisee-par-lassociation-etudiante-maestro\/","title":{"rendered":"TEDx IGR-IAE Rennes : une conf\u00e9rence inspirante organis\u00e9e par l\u2019association \u00e9tudiante MAEstro"},"content":{"rendered":"\t\t<div data-elementor-type=\"wp-post\" data-elementor-id=\"567530\" class=\"elementor elementor-567530\">\n\t\t\t\t\t\t\t\t\t<section class=\"elementor-section elementor-top-section elementor-element elementor-element-6006f91 elementor-section-boxed elementor-section-height-default elementor-section-height-default\" data-id=\"6006f91\" data-element_type=\"section\">\n\t\t\t\t\t\t<div class=\"elementor-container elementor-column-gap-default\">\n\t\t\t\t\t<div class=\"elementor-column elementor-col-100 elementor-top-column elementor-element elementor-element-d7d6607\" data-id=\"d7d6607\" data-element_type=\"column\">\n\t\t\t<div class=\"elementor-widget-wrap elementor-element-populated\">\n\t\t\t\t\t\t\t\t<div class=\"elementor-element elementor-element-95c2042 elementor-widget elementor-widget-text-editor\" data-id=\"95c2042\" data-element_type=\"widget\" data-widget_type=\"text-editor.default\">\n\t\t\t\t<div class=\"elementor-widget-container\">\n\t\t\t\t\t\t\t<p>Le mercredi 18 mars \u00e0 17h, l\u2019IGR-IAE Rennes accueillera une <strong>conf\u00e9rence TEDx IGR-IAE Rennes<\/strong>, organis\u00e9e par l\u2019<strong>association \u00e9tudiante MAEstro.<\/strong> Cet \u00e9v\u00e9nement r\u00e9unira \u00e9tudiants, alumni, professionnels et personnels p\u00e9dagogiques autour de t\u00e9moignages inspirants et de r\u00e9flexions sur les parcours professionnels, l\u2019entrepreneuriat et la confiance en soi.<\/p><p>Pens\u00e9e comme un moment d\u2019\u00e9change et de prise de recul, la conf\u00e9rence mettra en lumi\u00e8re des retours d\u2019exp\u00e9rience concrets, permettant d\u2019aborder des questions que rencontrent de nombreux \u00e9tudiants et jeunes professionnels : <strong>les choix d\u2019orientation, les d\u00e9fis des projets entrepreneuriaux<\/strong> ou encore la confiance n\u00e9cessaire pour se lancer dans un nouveau domaine.<\/p><p><strong>Des intervenants aux parcours inspirants<\/strong><\/p><p>Plusieurs intervenants partageront leurs exp\u00e9riences et leurs enseignements :<\/p><ul><li>Lionel Rieulier : pourquoi certains projets, pourtant bien organis\u00e9s, peuvent-ils d\u00e9railler malgr\u00e9 une pr\u00e9paration rigoureuse ?<\/li><li>Alexis Prigent : une intervention autour de son parcours et de ses r\u00e9flexions professionnelles.<\/li><li>Michel Lannou : comment le temps peut-il devenir un v\u00e9ritable moteur pour entreprendre ?<\/li><li>Morgane Keriguy : comment d\u00e9velopper la confiance en soi lorsque l\u2019on d\u00e9bute dans un nouveau domaine ?<\/li><\/ul><p>\u00c0 travers ces interventions, l\u2019objectif est d\u2019apporter des \u00e9clairages concrets et de susciter la r\u00e9flexion sur les parcours professionnels et les d\u00e9fis rencontr\u00e9s tout au long de la carri\u00e8re.<\/p><p><strong>Un moment de networking pour prolonger les \u00e9changes<\/strong><\/p><p>\u00c0 l\u2019issue de la conf\u00e9rence, un afterwork sera organis\u00e9 \u00e0 La Louperie, permettant aux participants d\u2019\u00e9changer librement avec les intervenants, les alumni et les professionnels pr\u00e9sents. Ce moment convivial offrira l\u2019opportunit\u00e9 de poursuivre les discussions et de d\u00e9velopper son r\u00e9seau dans un cadre informel.<\/p><p><strong>Informations pratiques<\/strong><\/p><p>\ud83d\udcc5 Date : mercredi 18 mars<br \/>\ud83d\udd54 Heure : 17h<br \/>\ud83d\udccd Lieu : IGR-IAE Rennes<br \/>\ud83c\udf9f Conf\u00e9rence gratuite \u2013 places limit\u00e9es<\/p><p>Organis\u00e9 par l\u2019association \u00e9tudiante MAEstro, cet \u00e9v\u00e9nement s\u2019inscrit dans la volont\u00e9 de l\u2019IGR-IAE Rennes de favoriser les rencontres entre \u00e9tudiants, dipl\u00f4m\u00e9s et professionnels, et de cr\u00e9er des espaces de r\u00e9flexion autour des parcours et des ambitions de chacun.<\/p>\t\t\t\t\t\t<\/div>\n\t\t\t\t<\/div>\n\t\t\t\t\t<\/div>\n\t\t<\/div>\n\t\t\t\t\t\t\t<\/div>\n\t\t<\/section>\n\t\t\t\t<section class=\"elementor-section elementor-top-section elementor-element elementor-element-d12f554 elementor-section-boxed elementor-section-height-default elementor-section-height-default\" data-id=\"d12f554\" data-element_type=\"section\">\n\t\t\t\t\t\t<div class=\"elementor-container elementor-column-gap-default\">\n\t\t\t\t\t<div class=\"elementor-column elementor-col-100 elementor-top-column elementor-element elementor-element-0217e66\" data-id=\"0217e66\" data-element_type=\"column\">\n\t\t\t<div class=\"elementor-widget-wrap elementor-element-populated\">\n\t\t\t\t\t\t\t\t<div class=\"elementor-element elementor-element-4d01f06 elementor-align-center elementor-widget elementor-widget-button\" data-id=\"4d01f06\" data-element_type=\"widget\" data-widget_type=\"button.default\">\n\t\t\t\t<div class=\"elementor-widget-container\">\n\t\t\t\t\t<div class=\"elementor-button-wrapper\">\n\t\t\t<a class=\"elementor-button elementor-button-link elementor-size-sm\" href=\"https:\/\/www.helloasso.com\/associations\/maestro-igr\/evenements\/tedx-igr-iae-rennes-etudiant\" target=\"_blank\">\n\t\t\t\t\t\t<span class=\"elementor-button-content-wrapper\">\n\t\t\t\t\t\t<span class=\"elementor-button-text\">Je m'inscris<\/span>\n\t\t<\/span>\n\t\t\t\t\t<\/a>\n\t\t<\/div>\n\t\t\t\t<\/div>\n\t\t\t\t<\/div>\n\t\t\t\t\t<\/div>\n\t\t<\/div>\n\t\t\t\t\t\t\t<\/div>\n\t\t<\/section>\n\t\t\t\t\t\t\t<\/div>\n\t\t","protected":false},"excerpt":{"rendered":"<p>Le mercredi 18 mars \u00e0 17h, l\u2019IGR-IAE Rennes accueillera une conf\u00e9rence TEDx IGR-IAE Rennes, organis\u00e9e par l\u2019association \u00e9tudiante MAEstro.<\/p>\n","protected":false},"author":9,"featured_media":567531,"comment_status":"closed","ping_status":"closed","sticky":false,"template":"","format":"standard","meta":{"footnotes":""},"categories":[67,63],"tags":[],"yoast_head":"<!-- This site is optimized with the Yoast SEO plugin v21.1 - https:\/\/yoast.com\/wordpress\/plugins\/seo\/ -->\n<title>TEDx IGR-IAE Rennes : une conf\u00e9rence inspirante organis\u00e9e par l\u2019association \u00e9tudiante MAEstro - IGR IAE Rennes<\/title>\n<meta name=\"robots\" content=\"index, follow, max-snippet:-1, max-image-preview:large, max-video-preview:-1\" \/>\n<link rel=\"canonical\" href=\"https:\/\/www.igr.univ-rennes.fr\/fr\/tedx-igr-iae-rennes-une-conference-inspirante-organisee-par-lassociation-etudiante-maestro\/\" \/>\n<meta property=\"og:locale\" content=\"fr_FR\" \/>\n<meta property=\"og:type\" content=\"article\" \/>\n<meta property=\"og:title\" content=\"TEDx IGR-IAE Rennes : une conf\u00e9rence inspirante organis\u00e9e par l\u2019association \u00e9tudiante MAEstro - IGR IAE Rennes\" \/>\n<meta property=\"og:description\" content=\"Le mercredi 18 mars \u00e0 17h, l\u2019IGR-IAE Rennes accueillera une conf\u00e9rence TEDx IGR-IAE Rennes, organis\u00e9e par l\u2019association \u00e9tudiante MAEstro.\" \/>\n<meta property=\"og:url\" content=\"https:\/\/www.igr.univ-rennes.fr\/fr\/tedx-igr-iae-rennes-une-conference-inspirante-organisee-par-lassociation-etudiante-maestro\/\" \/>\n<meta property=\"og:site_name\" content=\"IGR IAE Rennes\" \/>\n<meta property=\"article:published_time\" content=\"2026-03-16T07:27:27+00:00\" \/>\n<meta property=\"article:modified_time\" content=\"2026-03-20T07:40:38+00:00\" \/>\n<meta property=\"og:image\" content=\"https:\/\/www.igr.univ-rennes.fr\/wp-content\/uploads\/2026\/03\/Fichier_website_IGR.png\" \/>\n\t<meta property=\"og:image:width\" content=\"1920\" \/>\n\t<meta property=\"og:image:height\" content=\"1080\" \/>\n\t<meta property=\"og:image:type\" content=\"image\/png\" \/>\n<meta name=\"author\" content=\"Emma Lebaut\" \/>\n<meta name=\"twitter:card\" content=\"summary_large_image\" \/>\n<meta name=\"twitter:label1\" content=\"\u00c9crit par\" \/>\n\t<meta name=\"twitter:data1\" content=\"Emma Lebaut\" \/>\n\t<meta name=\"twitter:label2\" content=\"Dur\u00e9e de lecture estim\u00e9e\" \/>\n\t<meta name=\"twitter:data2\" content=\"2 minutes\" \/>\n<script type=\"application\/ld+json\" class=\"yoast-schema-graph\">{\"@context\":\"https:\/\/schema.org\",\"@graph\":[{\"@type\":\"Article\",\"@id\":\"https:\/\/www.igr.univ-rennes.fr\/fr\/tedx-igr-iae-rennes-une-conference-inspirante-organisee-par-lassociation-etudiante-maestro\/#article\",\"isPartOf\":{\"@id\":\"https:\/\/www.igr.univ-rennes.fr\/fr\/tedx-igr-iae-rennes-une-conference-inspirante-organisee-par-lassociation-etudiante-maestro\/\"},\"author\":{\"name\":\"Emma Lebaut\",\"@id\":\"https:\/\/www.igr.univ-rennes.fr\/fr\/#\/schema\/person\/ccc43b9cca93cd7a471bce264778297c\"},\"headline\":\"TEDx IGR-IAE Rennes : une conf\u00e9rence inspirante organis\u00e9e par l\u2019association \u00e9tudiante MAEstro\",\"datePublished\":\"2026-03-16T07:27:27+00:00\",\"dateModified\":\"2026-03-20T07:40:38+00:00\",\"mainEntityOfPage\":{\"@id\":\"https:\/\/www.igr.univ-rennes.fr\/fr\/tedx-igr-iae-rennes-une-conference-inspirante-organisee-par-lassociation-etudiante-maestro\/\"},\"wordCount\":359,\"publisher\":{\"@id\":\"https:\/\/www.igr.univ-rennes.fr\/fr\/#organization\"},\"articleSection\":[\"Entreprise\",\"Vie associative\"],\"inLanguage\":\"fr-FR\"},{\"@type\":\"WebPage\",\"@id\":\"https:\/\/www.igr.univ-rennes.fr\/fr\/tedx-igr-iae-rennes-une-conference-inspirante-organisee-par-lassociation-etudiante-maestro\/\",\"url\":\"https:\/\/www.igr.univ-rennes.fr\/fr\/tedx-igr-iae-rennes-une-conference-inspirante-organisee-par-lassociation-etudiante-maestro\/\",\"name\":\"TEDx IGR-IAE Rennes : une conf\u00e9rence inspirante organis\u00e9e par l\u2019association \u00e9tudiante MAEstro - IGR IAE Rennes\",\"isPartOf\":{\"@id\":\"https:\/\/www.igr.univ-rennes.fr\/fr\/#website\"},\"datePublished\":\"2026-03-16T07:27:27+00:00\",\"dateModified\":\"2026-03-20T07:40:38+00:00\",\"breadcrumb\":{\"@id\":\"https:\/\/www.igr.univ-rennes.fr\/fr\/tedx-igr-iae-rennes-une-conference-inspirante-organisee-par-lassociation-etudiante-maestro\/#breadcrumb\"},\"inLanguage\":\"fr-FR\",\"potentialAction\":[{\"@type\":\"ReadAction\",\"target\":[\"https:\/\/www.igr.univ-rennes.fr\/fr\/tedx-igr-iae-rennes-une-conference-inspirante-organisee-par-lassociation-etudiante-maestro\/\"]}]},{\"@type\":\"BreadcrumbList\",\"@id\":\"https:\/\/www.igr.univ-rennes.fr\/fr\/tedx-igr-iae-rennes-une-conference-inspirante-organisee-par-lassociation-etudiante-maestro\/#breadcrumb\",\"itemListElement\":[{\"@type\":\"ListItem\",\"position\":1,\"name\":\"Accueil\",\"item\":\"https:\/\/www.igr.univ-rennes.fr\/fr\/\"},{\"@type\":\"ListItem\",\"position\":2,\"name\":\"TEDx IGR-IAE Rennes : une conf\u00e9rence inspirante organis\u00e9e par l\u2019association \u00e9tudiante MAEstro\"}]},{\"@type\":\"WebSite\",\"@id\":\"https:\/\/www.igr.univ-rennes.fr\/fr\/#website\",\"url\":\"https:\/\/www.igr.univ-rennes.fr\/fr\/\",\"name\":\"IGR IAE Rennes\",\"description\":\"\",\"publisher\":{\"@id\":\"https:\/\/www.igr.univ-rennes.fr\/fr\/#organization\"},\"potentialAction\":[{\"@type\":\"SearchAction\",\"target\":{\"@type\":\"EntryPoint\",\"urlTemplate\":\"https:\/\/www.igr.univ-rennes.fr\/fr\/?s={search_term_string}\"},\"query-input\":\"required name=search_term_string\"}],\"inLanguage\":\"fr-FR\"},{\"@type\":\"Organization\",\"@id\":\"https:\/\/www.igr.univ-rennes.fr\/fr\/#organization\",\"name\":\"IGR IAE Rennes\",\"url\":\"https:\/\/www.igr.univ-rennes.fr\/fr\/\",\"logo\":{\"@type\":\"ImageObject\",\"inLanguage\":\"fr-FR\",\"@id\":\"https:\/\/www.igr.univ-rennes.fr\/fr\/#\/schema\/logo\/image\/\",\"url\":\"https:\/\/www.igr.univ-rennes.fr\/wp-content\/uploads\/2020\/06\/Logo-IGR-IAE-Rennes_Blanc-300dpi-RVB-e1597327228224.png\",\"contentUrl\":\"https:\/\/www.igr.univ-rennes.fr\/wp-content\/uploads\/2020\/06\/Logo-IGR-IAE-Rennes_Blanc-300dpi-RVB-e1597327228224.png\",\"width\":290,\"height\":107,\"caption\":\"IGR IAE Rennes\"},\"image\":{\"@id\":\"https:\/\/www.igr.univ-rennes.fr\/fr\/#\/schema\/logo\/image\/\"}},{\"@type\":\"Person\",\"@id\":\"https:\/\/www.igr.univ-rennes.fr\/fr\/#\/schema\/person\/ccc43b9cca93cd7a471bce264778297c\",\"name\":\"Emma Lebaut\",\"image\":{\"@type\":\"ImageObject\",\"inLanguage\":\"fr-FR\",\"@id\":\"https:\/\/www.igr.univ-rennes.fr\/fr\/#\/schema\/person\/image\/\",\"url\":\"https:\/\/secure.gravatar.com\/avatar\/5595dd0d6a0a6d72d586285ccf5929f4?s=96&d=mm&r=g\",\"contentUrl\":\"https:\/\/secure.gravatar.com\/avatar\/5595dd0d6a0a6d72d586285ccf5929f4?s=96&d=mm&r=g\",\"caption\":\"Emma Lebaut\"}}]}<\/script>\n<!-- \/ Yoast SEO plugin. -->","yoast_head_json":{"title":"TEDx IGR-IAE Rennes : une conf\u00e9rence inspirante organis\u00e9e par l\u2019association \u00e9tudiante MAEstro - IGR IAE Rennes","robots":{"index":"index","follow":"follow","max-snippet":"max-snippet:-1","max-image-preview":"max-image-preview:large","max-video-preview":"max-video-preview:-1"},"canonical":"https:\/\/www.igr.univ-rennes.fr\/fr\/tedx-igr-iae-rennes-une-conference-inspirante-organisee-par-lassociation-etudiante-maestro\/","og_locale":"fr_FR","og_type":"article","og_title":"TEDx IGR-IAE Rennes : une conf\u00e9rence inspirante organis\u00e9e par l\u2019association \u00e9tudiante MAEstro - IGR IAE Rennes","og_description":"Le mercredi 18 mars \u00e0 17h, l\u2019IGR-IAE Rennes accueillera une conf\u00e9rence TEDx IGR-IAE Rennes, organis\u00e9e par l\u2019association \u00e9tudiante MAEstro.","og_url":"https:\/\/www.igr.univ-rennes.fr\/fr\/tedx-igr-iae-rennes-une-conference-inspirante-organisee-par-lassociation-etudiante-maestro\/","og_site_name":"IGR IAE Rennes","article_published_time":"2026-03-16T07:27:27+00:00","article_modified_time":"2026-03-20T07:40:38+00:00","og_image":[{"width":1920,"height":1080,"url":"https:\/\/www.igr.univ-rennes.fr\/wp-content\/uploads\/2026\/03\/Fichier_website_IGR.png","type":"image\/png"}],"author":"Emma Lebaut","twitter_card":"summary_large_image","twitter_misc":{"\u00c9crit par":"Emma Lebaut","Dur\u00e9e de lecture estim\u00e9e":"2 minutes"},"schema":{"@context":"https:\/\/schema.org","@graph":[{"@type":"Article","@id":"https:\/\/www.igr.univ-rennes.fr\/fr\/tedx-igr-iae-rennes-une-conference-inspirante-organisee-par-lassociation-etudiante-maestro\/#article","isPartOf":{"@id":"https:\/\/www.igr.univ-rennes.fr\/fr\/tedx-igr-iae-rennes-une-conference-inspirante-organisee-par-lassociation-etudiante-maestro\/"},"author":{"name":"Emma Lebaut","@id":"https:\/\/www.igr.univ-rennes.fr\/fr\/#\/schema\/person\/ccc43b9cca93cd7a471bce264778297c"},"headline":"TEDx IGR-IAE Rennes : une conf\u00e9rence inspirante organis\u00e9e par l\u2019association \u00e9tudiante MAEstro","datePublished":"2026-03-16T07:27:27+00:00","dateModified":"2026-03-20T07:40:38+00:00","mainEntityOfPage":{"@id":"https:\/\/www.igr.univ-rennes.fr\/fr\/tedx-igr-iae-rennes-une-conference-inspirante-organisee-par-lassociation-etudiante-maestro\/"},"wordCount":359,"publisher":{"@id":"https:\/\/www.igr.univ-rennes.fr\/fr\/#organization"},"articleSection":["Entreprise","Vie associative"],"inLanguage":"fr-FR"},{"@type":"WebPage","@id":"https:\/\/www.igr.univ-rennes.fr\/fr\/tedx-igr-iae-rennes-une-conference-inspirante-organisee-par-lassociation-etudiante-maestro\/","url":"https:\/\/www.igr.univ-rennes.fr\/fr\/tedx-igr-iae-rennes-une-conference-inspirante-organisee-par-lassociation-etudiante-maestro\/","name":"TEDx IGR-IAE Rennes : une conf\u00e9rence inspirante organis\u00e9e par l\u2019association \u00e9tudiante MAEstro - IGR IAE Rennes","isPartOf":{"@id":"https:\/\/www.igr.univ-rennes.fr\/fr\/#website"},"datePublished":"2026-03-16T07:27:27+00:00","dateModified":"2026-03-20T07:40:38+00:00","breadcrumb":{"@id":"https:\/\/www.igr.univ-rennes.fr\/fr\/tedx-igr-iae-rennes-une-conference-inspirante-organisee-par-lassociation-etudiante-maestro\/#breadcrumb"},"inLanguage":"fr-FR","potentialAction":[{"@type":"ReadAction","target":["https:\/\/www.igr.univ-rennes.fr\/fr\/tedx-igr-iae-rennes-une-conference-inspirante-organisee-par-lassociation-etudiante-maestro\/"]}]},{"@type":"BreadcrumbList","@id":"https:\/\/www.igr.univ-rennes.fr\/fr\/tedx-igr-iae-rennes-une-conference-inspirante-organisee-par-lassociation-etudiante-maestro\/#breadcrumb","itemListElement":[{"@type":"ListItem","position":1,"name":"Accueil","item":"https:\/\/www.igr.univ-rennes.fr\/fr\/"},{"@type":"ListItem","position":2,"name":"TEDx IGR-IAE Rennes : une conf\u00e9rence inspirante organis\u00e9e par l\u2019association \u00e9tudiante MAEstro"}]},{"@type":"WebSite","@id":"https:\/\/www.igr.univ-rennes.fr\/fr\/#website","url":"https:\/\/www.igr.univ-rennes.fr\/fr\/","name":"IGR IAE Rennes","description":"","publisher":{"@id":"https:\/\/www.igr.univ-rennes.fr\/fr\/#organization"},"potentialAction":[{"@type":"SearchAction","target":{"@type":"EntryPoint","urlTemplate":"https:\/\/www.igr.univ-rennes.fr\/fr\/?s={search_term_string}"},"query-input":"required name=search_term_string"}],"inLanguage":"fr-FR"},{"@type":"Organization","@id":"https:\/\/www.igr.univ-rennes.fr\/fr\/#organization","name":"IGR IAE Rennes","url":"https:\/\/www.igr.univ-rennes.fr\/fr\/","logo":{"@type":"ImageObject","inLanguage":"fr-FR","@id":"https:\/\/www.igr.univ-rennes.fr\/fr\/#\/schema\/logo\/image\/","url":"https:\/\/www.igr.univ-rennes.fr\/wp-content\/uploads\/2020\/06\/Logo-IGR-IAE-Rennes_Blanc-300dpi-RVB-e1597327228224.png","contentUrl":"https:\/\/www.igr.univ-rennes.fr\/wp-content\/uploads\/2020\/06\/Logo-IGR-IAE-Rennes_Blanc-300dpi-RVB-e1597327228224.png","width":290,"height":107,"caption":"IGR IAE Rennes"},"image":{"@id":"https:\/\/www.igr.univ-rennes.fr\/fr\/#\/schema\/logo\/image\/"}},{"@type":"Person","@id":"https:\/\/www.igr.univ-rennes.fr\/fr\/#\/schema\/person\/ccc43b9cca93cd7a471bce264778297c","name":"Emma Lebaut","image":{"@type":"ImageObject","inLanguage":"fr-FR","@id":"https:\/\/www.igr.univ-rennes.fr\/fr\/#\/schema\/person\/image\/","url":"https:\/\/secure.gravatar.com\/avatar\/5595dd0d6a0a6d72d586285ccf5929f4?s=96&d=mm&r=g","contentUrl":"https:\/\/secure.gravatar.com\/avatar\/5595dd0d6a0a6d72d586285ccf5929f4?s=96&d=mm&r=g","caption":"Emma Lebaut"}}]}},"_links":{"self":[{"href":"https:\/\/www.igr.univ-rennes.fr\/fr\/wp-json\/wp\/v2\/posts\/567530"}],"collection":[{"href":"https:\/\/www.igr.univ-rennes.fr\/fr\/wp-json\/wp\/v2\/posts"}],"about":[{"href":"https:\/\/www.igr.univ-rennes.fr\/fr\/wp-json\/wp\/v2\/types\/post"}],"author":[{"embeddable":true,"href":"https:\/\/www.igr.univ-rennes.fr\/fr\/wp-json\/wp\/v2\/users\/9"}],"replies":[{"embeddable":true,"href":"https:\/\/www.igr.univ-rennes.fr\/fr\/wp-json\/wp\/v2\/comments?post=567530"}],"version-history":[{"count":5,"href":"https:\/\/www.igr.univ-rennes.fr\/fr\/wp-json\/wp\/v2\/posts\/567530\/revisions"}],"predecessor-version":[{"id":569316,"href":"https:\/\/www.igr.univ-rennes.fr\/fr\/wp-json\/wp\/v2\/posts\/567530\/revisions\/569316"}],"wp:featuredmedia":[{"embeddable":true,"href":"https:\/\/www.igr.univ-rennes.fr\/fr\/wp-json\/wp\/v2\/media\/567531"}],"wp:attachment":[{"href":"https:\/\/www.igr.univ-rennes.fr\/fr\/wp-json\/wp\/v2\/media?parent=567530"}],"wp:term":[{"taxonomy":"category","embeddable":true,"href":"https:\/\/www.igr.univ-rennes.fr\/fr\/wp-json\/wp\/v2\/categories?post=567530"},{"taxonomy":"post_tag","embeddable":true,"href":"https:\/\/www.igr.univ-rennes.fr\/fr\/wp-json\/wp\/v2\/tags?post=567530"}],"curies":[{"name":"wp","href":"https:\/\/api.w.org\/{rel}","templated":true}]}}