{"id":556508,"date":"2026-01-26T16:55:34","date_gmt":"2026-01-26T15:55:34","guid":{"rendered":"https:\/\/www.igr.univ-rennes.fr\/?p=556508"},"modified":"2026-01-29T10:46:05","modified_gmt":"2026-01-29T09:46:05","slug":"visioconference-le-lundi-2-mars-2026-les-licences-de-gestion","status":"publish","type":"post","link":"https:\/\/www.igr.univ-rennes.fr\/fr\/visioconference-le-lundi-2-mars-2026-les-licences-de-gestion\/","title":{"rendered":"Visioconf\u00e9rence le lundi 2 mars 2026 : les Licences de Gestion"},"content":{"rendered":"\t\t<div data-elementor-type=\"wp-post\" data-elementor-id=\"556508\" class=\"elementor elementor-556508\">\n\t\t\t\t\t\t\t\t\t<section class=\"elementor-section elementor-top-section elementor-element elementor-element-e5a0ef6 elementor-section-boxed elementor-section-height-default elementor-section-height-default\" data-id=\"e5a0ef6\" data-element_type=\"section\">\n\t\t\t\t\t\t<div class=\"elementor-container elementor-column-gap-default\">\n\t\t\t\t\t<div class=\"elementor-column elementor-col-100 elementor-top-column elementor-element elementor-element-0036593\" data-id=\"0036593\" data-element_type=\"column\">\n\t\t\t<div class=\"elementor-widget-wrap elementor-element-populated\">\n\t\t\t\t\t\t\t\t<div class=\"elementor-element elementor-element-0101db6 elementor-widget elementor-widget-text-editor\" data-id=\"0101db6\" data-element_type=\"widget\" data-widget_type=\"text-editor.default\">\n\t\t\t\t<div class=\"elementor-widget-container\">\n\t\t\t\t\t\t\t<p>Le <strong>lundi 2 mars 2026 \u00e0 12h30<\/strong>, les responsables p\u00e9dagogiques des <a href=\"https:\/\/www.igr.univ-rennes.fr\/fr\/mention-licence-de-gestion\/\" target=\"_blank\" rel=\"noopener\">Licences de Gestion<\/a> vous proposent une conf\u00e9rence en ligne afin de vous pr\u00e9senter :<\/p><ul><li><a href=\"https:\/\/www.igr.univ-rennes.fr\/fr\/formation\/licence-sciences-gestion-management\/\" target=\"_blank\" rel=\"noopener\">La Licence Sciences de Gestion et Management en formation initiale<\/a><br \/>Responsable p\u00e9dagogique : <strong>Jacques-Fran\u00e7ois Diouf<\/strong><\/li><li><a href=\"https:\/\/www.igr.univ-rennes.fr\/fr\/formation\/licence-comptabilite-controle-audit\/\" target=\"_blank\" rel=\"noopener\">La Licence Comptabilit\u00e9 Contr\u00f4le Audit en formation initiale<\/a><br \/>Responsable p\u00e9dagogique : <strong>Julien Lachuer<\/strong><\/li><li><a href=\"https:\/\/www.igr.univ-rennes.fr\/fr\/formation\/licence-finance-controle-gestion\/\" target=\"_blank\" rel=\"noopener\">La Licence Finance et Contr\u00f4le de Gestion en alternance<\/a><br \/>Responsable p\u00e9dagogique : <strong>Emmanuelle Fromont<\/strong><\/li><\/ul><p>Cette conf\u00e9rence est ouverte \u00e0 toutes celles et tous ceux qui sont int\u00e9ress\u00e9s par ces formations et qui souhaitent avoir :<\/p><ul><li><em>Une pr\u00e9sentation des Licences<\/em><\/li><li><em>Les possibilit\u00e9s de poursuite d\u2019\u00e9tudes apr\u00e8s ces Licences<\/em><\/li><li><em>Un temps d\u2019\u00e9changes pour poser toutes vos questions aupr\u00e8s des responsables<\/em><\/li><\/ul>\t\t\t\t\t\t<\/div>\n\t\t\t\t<\/div>\n\t\t\t\t\t<\/div>\n\t\t<\/div>\n\t\t\t\t\t\t\t<\/div>\n\t\t<\/section>\n\t\t\t\t<section class=\"elementor-section elementor-top-section elementor-element elementor-element-97c33eb elementor-section-boxed elementor-section-height-default elementor-section-height-default\" data-id=\"97c33eb\" data-element_type=\"section\">\n\t\t\t\t\t\t<div class=\"elementor-container elementor-column-gap-default\">\n\t\t\t\t\t<div class=\"elementor-column elementor-col-100 elementor-top-column elementor-element elementor-element-18ba6d6\" data-id=\"18ba6d6\" data-element_type=\"column\">\n\t\t\t<div class=\"elementor-widget-wrap elementor-element-populated\">\n\t\t\t\t\t\t\t\t<div class=\"elementor-element elementor-element-efc7e09 elementor-align-center elementor-widget elementor-widget-button\" data-id=\"efc7e09\" data-element_type=\"widget\" data-widget_type=\"button.default\">\n\t\t\t\t<div class=\"elementor-widget-container\">\n\t\t\t\t\t<div class=\"elementor-button-wrapper\">\n\t\t\t<a class=\"elementor-button elementor-button-link elementor-size-sm\" href=\"https:\/\/bbb.univ-rennes.fr\/rooms\/msi-pfk-26d-c4s\/join\" target=\"_blank\">\n\t\t\t\t\t\t<span class=\"elementor-button-content-wrapper\">\n\t\t\t\t\t\t<span class=\"elementor-button-text\">Participer \u00e0 la visioconf\u00e9rence<\/span>\n\t\t<\/span>\n\t\t\t\t\t<\/a>\n\t\t<\/div>\n\t\t\t\t<\/div>\n\t\t\t\t<\/div>\n\t\t\t\t\t<\/div>\n\t\t<\/div>\n\t\t\t\t\t\t\t<\/div>\n\t\t<\/section>\n\t\t\t\t\t\t\t<\/div>\n\t\t","protected":false},"excerpt":{"rendered":"<p>Les responsables p\u00e9dagogiques vous proposent une conf\u00e9rence en ligne afin de vous pr\u00e9senter les Licences \u00e0 l&rsquo;IGR-IAE Rennes<\/p>\n","protected":false},"author":11,"featured_media":556574,"comment_status":"closed","ping_status":"closed","sticky":false,"template":"","format":"standard","meta":{"footnotes":""},"categories":[64],"tags":[],"yoast_head":"<!-- This site is optimized with the Yoast SEO plugin v21.1 - https:\/\/yoast.com\/wordpress\/plugins\/seo\/ -->\n<title>Visioconf\u00e9rence le lundi 2 mars 2026 : les Licences de Gestion - IGR IAE Rennes<\/title>\n<meta name=\"robots\" content=\"index, follow, max-snippet:-1, max-image-preview:large, max-video-preview:-1\" \/>\n<link rel=\"canonical\" href=\"https:\/\/www.igr.univ-rennes.fr\/fr\/visioconference-le-lundi-2-mars-2026-les-licences-de-gestion\/\" \/>\n<meta property=\"og:locale\" content=\"fr_FR\" \/>\n<meta property=\"og:type\" content=\"article\" \/>\n<meta property=\"og:title\" content=\"Visioconf\u00e9rence le lundi 2 mars 2026 : les Licences de Gestion - IGR IAE Rennes\" \/>\n<meta property=\"og:description\" content=\"Les responsables p\u00e9dagogiques vous proposent une conf\u00e9rence en ligne afin de vous pr\u00e9senter les Licences \u00e0 l&#039;IGR-IAE Rennes\" \/>\n<meta property=\"og:url\" content=\"https:\/\/www.igr.univ-rennes.fr\/fr\/visioconference-le-lundi-2-mars-2026-les-licences-de-gestion\/\" \/>\n<meta property=\"og:site_name\" content=\"IGR IAE Rennes\" \/>\n<meta property=\"article:published_time\" content=\"2026-01-26T15:55:34+00:00\" \/>\n<meta property=\"article:modified_time\" content=\"2026-01-29T09:46:05+00:00\" \/>\n<meta property=\"og:image\" content=\"https:\/\/www.igr.univ-rennes.fr\/wp-content\/uploads\/2026\/01\/confLicence-2mars2026-1.jpg\" \/>\n\t<meta property=\"og:image:width\" content=\"2400\" \/>\n\t<meta property=\"og:image:height\" content=\"1260\" \/>\n\t<meta property=\"og:image:type\" content=\"image\/jpeg\" \/>\n<meta name=\"author\" content=\"Marie-Annick Robin\" \/>\n<meta name=\"twitter:card\" content=\"summary_large_image\" \/>\n<meta name=\"twitter:label1\" content=\"\u00c9crit par\" \/>\n\t<meta name=\"twitter:data1\" content=\"Marie-Annick Robin\" \/>\n\t<meta name=\"twitter:label2\" content=\"Dur\u00e9e de lecture estim\u00e9e\" \/>\n\t<meta name=\"twitter:data2\" content=\"1 minute\" \/>\n<script type=\"application\/ld+json\" class=\"yoast-schema-graph\">{\"@context\":\"https:\/\/schema.org\",\"@graph\":[{\"@type\":\"Article\",\"@id\":\"https:\/\/www.igr.univ-rennes.fr\/fr\/visioconference-le-lundi-2-mars-2026-les-licences-de-gestion\/#article\",\"isPartOf\":{\"@id\":\"https:\/\/www.igr.univ-rennes.fr\/fr\/visioconference-le-lundi-2-mars-2026-les-licences-de-gestion\/\"},\"author\":{\"name\":\"Marie-Annick Robin\",\"@id\":\"https:\/\/www.igr.univ-rennes.fr\/fr\/#\/schema\/person\/5f1ef906f2986c0eaa338b7258c4082b\"},\"headline\":\"Visioconf\u00e9rence le lundi 2 mars 2026 : les Licences de Gestion\",\"datePublished\":\"2026-01-26T15:55:34+00:00\",\"dateModified\":\"2026-01-29T09:46:05+00:00\",\"mainEntityOfPage\":{\"@id\":\"https:\/\/www.igr.univ-rennes.fr\/fr\/visioconference-le-lundi-2-mars-2026-les-licences-de-gestion\/\"},\"wordCount\":133,\"publisher\":{\"@id\":\"https:\/\/www.igr.univ-rennes.fr\/fr\/#organization\"},\"articleSection\":[\"Formation\"],\"inLanguage\":\"fr-FR\"},{\"@type\":\"WebPage\",\"@id\":\"https:\/\/www.igr.univ-rennes.fr\/fr\/visioconference-le-lundi-2-mars-2026-les-licences-de-gestion\/\",\"url\":\"https:\/\/www.igr.univ-rennes.fr\/fr\/visioconference-le-lundi-2-mars-2026-les-licences-de-gestion\/\",\"name\":\"Visioconf\u00e9rence le lundi 2 mars 2026 : les Licences de Gestion - IGR IAE Rennes\",\"isPartOf\":{\"@id\":\"https:\/\/www.igr.univ-rennes.fr\/fr\/#website\"},\"datePublished\":\"2026-01-26T15:55:34+00:00\",\"dateModified\":\"2026-01-29T09:46:05+00:00\",\"breadcrumb\":{\"@id\":\"https:\/\/www.igr.univ-rennes.fr\/fr\/visioconference-le-lundi-2-mars-2026-les-licences-de-gestion\/#breadcrumb\"},\"inLanguage\":\"fr-FR\",\"potentialAction\":[{\"@type\":\"ReadAction\",\"target\":[\"https:\/\/www.igr.univ-rennes.fr\/fr\/visioconference-le-lundi-2-mars-2026-les-licences-de-gestion\/\"]}]},{\"@type\":\"BreadcrumbList\",\"@id\":\"https:\/\/www.igr.univ-rennes.fr\/fr\/visioconference-le-lundi-2-mars-2026-les-licences-de-gestion\/#breadcrumb\",\"itemListElement\":[{\"@type\":\"ListItem\",\"position\":1,\"name\":\"Accueil\",\"item\":\"https:\/\/www.igr.univ-rennes.fr\/fr\/\"},{\"@type\":\"ListItem\",\"position\":2,\"name\":\"Visioconf\u00e9rence le lundi 2 mars 2026 : les Licences de Gestion\"}]},{\"@type\":\"WebSite\",\"@id\":\"https:\/\/www.igr.univ-rennes.fr\/fr\/#website\",\"url\":\"https:\/\/www.igr.univ-rennes.fr\/fr\/\",\"name\":\"IGR IAE Rennes\",\"description\":\"\",\"publisher\":{\"@id\":\"https:\/\/www.igr.univ-rennes.fr\/fr\/#organization\"},\"potentialAction\":[{\"@type\":\"SearchAction\",\"target\":{\"@type\":\"EntryPoint\",\"urlTemplate\":\"https:\/\/www.igr.univ-rennes.fr\/fr\/?s={search_term_string}\"},\"query-input\":\"required name=search_term_string\"}],\"inLanguage\":\"fr-FR\"},{\"@type\":\"Organization\",\"@id\":\"https:\/\/www.igr.univ-rennes.fr\/fr\/#organization\",\"name\":\"IGR IAE Rennes\",\"url\":\"https:\/\/www.igr.univ-rennes.fr\/fr\/\",\"logo\":{\"@type\":\"ImageObject\",\"inLanguage\":\"fr-FR\",\"@id\":\"https:\/\/www.igr.univ-rennes.fr\/fr\/#\/schema\/logo\/image\/\",\"url\":\"https:\/\/www.igr.univ-rennes.fr\/wp-content\/uploads\/2020\/06\/Logo-IGR-IAE-Rennes_Blanc-300dpi-RVB-e1597327228224.png\",\"contentUrl\":\"https:\/\/www.igr.univ-rennes.fr\/wp-content\/uploads\/2020\/06\/Logo-IGR-IAE-Rennes_Blanc-300dpi-RVB-e1597327228224.png\",\"width\":290,\"height\":107,\"caption\":\"IGR IAE Rennes\"},\"image\":{\"@id\":\"https:\/\/www.igr.univ-rennes.fr\/fr\/#\/schema\/logo\/image\/\"}},{\"@type\":\"Person\",\"@id\":\"https:\/\/www.igr.univ-rennes.fr\/fr\/#\/schema\/person\/5f1ef906f2986c0eaa338b7258c4082b\",\"name\":\"Marie-Annick Robin\",\"image\":{\"@type\":\"ImageObject\",\"inLanguage\":\"fr-FR\",\"@id\":\"https:\/\/www.igr.univ-rennes.fr\/fr\/#\/schema\/person\/image\/\",\"url\":\"https:\/\/secure.gravatar.com\/avatar\/2be340e59f359ca7aa475c1693137388?s=96&d=mm&r=g\",\"contentUrl\":\"https:\/\/secure.gravatar.com\/avatar\/2be340e59f359ca7aa475c1693137388?s=96&d=mm&r=g\",\"caption\":\"Marie-Annick Robin\"}}]}<\/script>\n<!-- \/ Yoast SEO plugin. -->","yoast_head_json":{"title":"Visioconf\u00e9rence le lundi 2 mars 2026 : les Licences de Gestion - IGR IAE Rennes","robots":{"index":"index","follow":"follow","max-snippet":"max-snippet:-1","max-image-preview":"max-image-preview:large","max-video-preview":"max-video-preview:-1"},"canonical":"https:\/\/www.igr.univ-rennes.fr\/fr\/visioconference-le-lundi-2-mars-2026-les-licences-de-gestion\/","og_locale":"fr_FR","og_type":"article","og_title":"Visioconf\u00e9rence le lundi 2 mars 2026 : les Licences de Gestion - IGR IAE Rennes","og_description":"Les responsables p\u00e9dagogiques vous proposent une conf\u00e9rence en ligne afin de vous pr\u00e9senter les Licences \u00e0 l'IGR-IAE Rennes","og_url":"https:\/\/www.igr.univ-rennes.fr\/fr\/visioconference-le-lundi-2-mars-2026-les-licences-de-gestion\/","og_site_name":"IGR IAE Rennes","article_published_time":"2026-01-26T15:55:34+00:00","article_modified_time":"2026-01-29T09:46:05+00:00","og_image":[{"width":2400,"height":1260,"url":"https:\/\/www.igr.univ-rennes.fr\/wp-content\/uploads\/2026\/01\/confLicence-2mars2026-1.jpg","type":"image\/jpeg"}],"author":"Marie-Annick Robin","twitter_card":"summary_large_image","twitter_misc":{"\u00c9crit par":"Marie-Annick Robin","Dur\u00e9e de lecture estim\u00e9e":"1 minute"},"schema":{"@context":"https:\/\/schema.org","@graph":[{"@type":"Article","@id":"https:\/\/www.igr.univ-rennes.fr\/fr\/visioconference-le-lundi-2-mars-2026-les-licences-de-gestion\/#article","isPartOf":{"@id":"https:\/\/www.igr.univ-rennes.fr\/fr\/visioconference-le-lundi-2-mars-2026-les-licences-de-gestion\/"},"author":{"name":"Marie-Annick Robin","@id":"https:\/\/www.igr.univ-rennes.fr\/fr\/#\/schema\/person\/5f1ef906f2986c0eaa338b7258c4082b"},"headline":"Visioconf\u00e9rence le lundi 2 mars 2026 : les Licences de Gestion","datePublished":"2026-01-26T15:55:34+00:00","dateModified":"2026-01-29T09:46:05+00:00","mainEntityOfPage":{"@id":"https:\/\/www.igr.univ-rennes.fr\/fr\/visioconference-le-lundi-2-mars-2026-les-licences-de-gestion\/"},"wordCount":133,"publisher":{"@id":"https:\/\/www.igr.univ-rennes.fr\/fr\/#organization"},"articleSection":["Formation"],"inLanguage":"fr-FR"},{"@type":"WebPage","@id":"https:\/\/www.igr.univ-rennes.fr\/fr\/visioconference-le-lundi-2-mars-2026-les-licences-de-gestion\/","url":"https:\/\/www.igr.univ-rennes.fr\/fr\/visioconference-le-lundi-2-mars-2026-les-licences-de-gestion\/","name":"Visioconf\u00e9rence le lundi 2 mars 2026 : les Licences de Gestion - IGR IAE Rennes","isPartOf":{"@id":"https:\/\/www.igr.univ-rennes.fr\/fr\/#website"},"datePublished":"2026-01-26T15:55:34+00:00","dateModified":"2026-01-29T09:46:05+00:00","breadcrumb":{"@id":"https:\/\/www.igr.univ-rennes.fr\/fr\/visioconference-le-lundi-2-mars-2026-les-licences-de-gestion\/#breadcrumb"},"inLanguage":"fr-FR","potentialAction":[{"@type":"ReadAction","target":["https:\/\/www.igr.univ-rennes.fr\/fr\/visioconference-le-lundi-2-mars-2026-les-licences-de-gestion\/"]}]},{"@type":"BreadcrumbList","@id":"https:\/\/www.igr.univ-rennes.fr\/fr\/visioconference-le-lundi-2-mars-2026-les-licences-de-gestion\/#breadcrumb","itemListElement":[{"@type":"ListItem","position":1,"name":"Accueil","item":"https:\/\/www.igr.univ-rennes.fr\/fr\/"},{"@type":"ListItem","position":2,"name":"Visioconf\u00e9rence le lundi 2 mars 2026 : les Licences de Gestion"}]},{"@type":"WebSite","@id":"https:\/\/www.igr.univ-rennes.fr\/fr\/#website","url":"https:\/\/www.igr.univ-rennes.fr\/fr\/","name":"IGR IAE Rennes","description":"","publisher":{"@id":"https:\/\/www.igr.univ-rennes.fr\/fr\/#organization"},"potentialAction":[{"@type":"SearchAction","target":{"@type":"EntryPoint","urlTemplate":"https:\/\/www.igr.univ-rennes.fr\/fr\/?s={search_term_string}"},"query-input":"required name=search_term_string"}],"inLanguage":"fr-FR"},{"@type":"Organization","@id":"https:\/\/www.igr.univ-rennes.fr\/fr\/#organization","name":"IGR IAE Rennes","url":"https:\/\/www.igr.univ-rennes.fr\/fr\/","logo":{"@type":"ImageObject","inLanguage":"fr-FR","@id":"https:\/\/www.igr.univ-rennes.fr\/fr\/#\/schema\/logo\/image\/","url":"https:\/\/www.igr.univ-rennes.fr\/wp-content\/uploads\/2020\/06\/Logo-IGR-IAE-Rennes_Blanc-300dpi-RVB-e1597327228224.png","contentUrl":"https:\/\/www.igr.univ-rennes.fr\/wp-content\/uploads\/2020\/06\/Logo-IGR-IAE-Rennes_Blanc-300dpi-RVB-e1597327228224.png","width":290,"height":107,"caption":"IGR IAE Rennes"},"image":{"@id":"https:\/\/www.igr.univ-rennes.fr\/fr\/#\/schema\/logo\/image\/"}},{"@type":"Person","@id":"https:\/\/www.igr.univ-rennes.fr\/fr\/#\/schema\/person\/5f1ef906f2986c0eaa338b7258c4082b","name":"Marie-Annick Robin","image":{"@type":"ImageObject","inLanguage":"fr-FR","@id":"https:\/\/www.igr.univ-rennes.fr\/fr\/#\/schema\/person\/image\/","url":"https:\/\/secure.gravatar.com\/avatar\/2be340e59f359ca7aa475c1693137388?s=96&d=mm&r=g","contentUrl":"https:\/\/secure.gravatar.com\/avatar\/2be340e59f359ca7aa475c1693137388?s=96&d=mm&r=g","caption":"Marie-Annick Robin"}}]}},"_links":{"self":[{"href":"https:\/\/www.igr.univ-rennes.fr\/fr\/wp-json\/wp\/v2\/posts\/556508"}],"collection":[{"href":"https:\/\/www.igr.univ-rennes.fr\/fr\/wp-json\/wp\/v2\/posts"}],"about":[{"href":"https:\/\/www.igr.univ-rennes.fr\/fr\/wp-json\/wp\/v2\/types\/post"}],"author":[{"embeddable":true,"href":"https:\/\/www.igr.univ-rennes.fr\/fr\/wp-json\/wp\/v2\/users\/11"}],"replies":[{"embeddable":true,"href":"https:\/\/www.igr.univ-rennes.fr\/fr\/wp-json\/wp\/v2\/comments?post=556508"}],"version-history":[{"count":42,"href":"https:\/\/www.igr.univ-rennes.fr\/fr\/wp-json\/wp\/v2\/posts\/556508\/revisions"}],"predecessor-version":[{"id":558232,"href":"https:\/\/www.igr.univ-rennes.fr\/fr\/wp-json\/wp\/v2\/posts\/556508\/revisions\/558232"}],"wp:featuredmedia":[{"embeddable":true,"href":"https:\/\/www.igr.univ-rennes.fr\/fr\/wp-json\/wp\/v2\/media\/556574"}],"wp:attachment":[{"href":"https:\/\/www.igr.univ-rennes.fr\/fr\/wp-json\/wp\/v2\/media?parent=556508"}],"wp:term":[{"taxonomy":"category","embeddable":true,"href":"https:\/\/www.igr.univ-rennes.fr\/fr\/wp-json\/wp\/v2\/categories?post=556508"},{"taxonomy":"post_tag","embeddable":true,"href":"https:\/\/www.igr.univ-rennes.fr\/fr\/wp-json\/wp\/v2\/tags?post=556508"}],"curies":[{"name":"wp","href":"https:\/\/api.w.org\/{rel}","templated":true}]}}