{"id":556281,"date":"2026-01-22T16:05:39","date_gmt":"2026-01-22T15:05:39","guid":{"rendered":"https:\/\/www.igr.univ-rennes.fr\/?p=556281"},"modified":"2026-01-22T16:35:12","modified_gmt":"2026-01-22T15:35:12","slug":"visioconference-le-mardi-3-mars-2026-les-masters-marketing-et-vente","status":"publish","type":"post","link":"https:\/\/www.igr.univ-rennes.fr\/fr\/visioconference-le-mardi-3-mars-2026-les-masters-marketing-et-vente\/","title":{"rendered":"Visioconf\u00e9rence le mardi 3 mars 2026 : les Masters Marketing et Vente"},"content":{"rendered":"\t\t<div data-elementor-type=\"wp-post\" data-elementor-id=\"556281\" class=\"elementor elementor-556281\">\n\t\t\t\t\t\t\t\t\t<section class=\"elementor-section elementor-top-section elementor-element elementor-element-6159f85 elementor-section-boxed elementor-section-height-default elementor-section-height-default\" data-id=\"6159f85\" data-element_type=\"section\">\n\t\t\t\t\t\t<div class=\"elementor-container elementor-column-gap-default\">\n\t\t\t\t\t<div class=\"elementor-column elementor-col-100 elementor-top-column elementor-element elementor-element-8d3cc1c\" data-id=\"8d3cc1c\" data-element_type=\"column\">\n\t\t\t<div class=\"elementor-widget-wrap elementor-element-populated\">\n\t\t\t\t\t\t\t\t<div class=\"elementor-element elementor-element-94c4d12 elementor-widget elementor-widget-text-editor\" data-id=\"94c4d12\" data-element_type=\"widget\" data-widget_type=\"text-editor.default\">\n\t\t\t\t<div class=\"elementor-widget-container\">\n\t\t\t\t\t\t\t<p>Le <strong>mardi 3 Mars de 13h \u00e0 14h<\/strong>, les responsables p\u00e9dagogiques des <a href=\"https:\/\/www.igr.univ-rennes.fr\/fr\/mention-marketing-vente\/\" target=\"_blank\" rel=\"noopener\">Masters Marketing et Vente<\/a> :<\/p><ul><li><strong>Rozenn Perrigot<\/strong> (responsable p\u00e9dagogique du <a href=\"https:\/\/www.igr.univ-rennes.fr\/fr\/formation\/master-marketing-franchise-commerce\/\" target=\"_blank\" rel=\"noopener\">Master Franchise et Commerce en R\u00e9seau<\/a>)<\/li><li><strong>Olivier Droulers et Dany Vyt<\/strong> (responsables du <a href=\"https:\/\/www.igr.univ-rennes.fr\/fr\/formation\/master-marketing-vente\/\" target=\"_blank\" rel=\"noopener\">Master Marketing Strat\u00e9gique et Op\u00e9rationnel<\/a>)<\/li><li><strong>Maud Daniel Chever<\/strong> (responsable du <a href=\"https:\/\/www.igr.univ-rennes.fr\/fr\/formation\/master-management-projets-marketing\/\" target=\"_blank\" rel=\"noopener\">Master Management et D\u00e9veloppement de Projets Marketing<\/a>)<\/li><\/ul><p>pr\u00e9senteront les diff\u00e9rents parcours et possibilit\u00e9s de formation en marketing \u00e0 l&rsquo;IGR-IAE Rennes :<\/p><ul><li><em>les objectifs et contenus des diff\u00e9rents parcours<\/em><\/li><li><em>les atouts et expertises de ces formations<\/em><\/li><li><em>les d\u00e9bouch\u00e9s professionnels et exemples de m\u00e9tiers accessibles,<\/em><\/li><li><em>les modalit\u00e9s de recrutement pour chacune des voies de formation.<\/em><\/li><\/ul>\t\t\t\t\t\t<\/div>\n\t\t\t\t<\/div>\n\t\t\t\t\t<\/div>\n\t\t<\/div>\n\t\t\t\t\t\t\t<\/div>\n\t\t<\/section>\n\t\t\t\t<section class=\"elementor-section elementor-top-section elementor-element elementor-element-9323fd3 elementor-section-boxed elementor-section-height-default elementor-section-height-default\" data-id=\"9323fd3\" data-element_type=\"section\">\n\t\t\t\t\t\t<div class=\"elementor-container elementor-column-gap-default\">\n\t\t\t\t\t<div class=\"elementor-column elementor-col-100 elementor-top-column elementor-element elementor-element-c852c75\" data-id=\"c852c75\" data-element_type=\"column\">\n\t\t\t<div class=\"elementor-widget-wrap elementor-element-populated\">\n\t\t\t\t\t\t\t\t<div class=\"elementor-element elementor-element-dd04bd7 elementor-align-center elementor-widget elementor-widget-button\" data-id=\"dd04bd7\" data-element_type=\"widget\" data-widget_type=\"button.default\">\n\t\t\t\t<div class=\"elementor-widget-container\">\n\t\t\t\t\t<div class=\"elementor-button-wrapper\">\n\t\t\t<a class=\"elementor-button elementor-button-link elementor-size-sm\" href=\"https:\/\/bbb.univ-rennes.fr\/rooms\/uiw-uqx-iz1-kwh\/join\" target=\"_blank\">\n\t\t\t\t\t\t<span class=\"elementor-button-content-wrapper\">\n\t\t\t\t\t\t<span class=\"elementor-button-text\">Participer \u00e0 la visioconf\u00e9rence<\/span>\n\t\t<\/span>\n\t\t\t\t\t<\/a>\n\t\t<\/div>\n\t\t\t\t<\/div>\n\t\t\t\t<\/div>\n\t\t\t\t\t<\/div>\n\t\t<\/div>\n\t\t\t\t\t\t\t<\/div>\n\t\t<\/section>\n\t\t\t\t\t\t\t<\/div>\n\t\t","protected":false},"excerpt":{"rendered":"<p>Les responsables p\u00e9dagogiques et enseignants vous proposent une conf\u00e9rence en ligne afin de vous pr\u00e9senter les Masters Marketing et Vente<\/p>\n","protected":false},"author":11,"featured_media":556282,"comment_status":"closed","ping_status":"closed","sticky":false,"template":"","format":"standard","meta":{"footnotes":""},"categories":[64],"tags":[],"yoast_head":"<!-- This site is optimized with the Yoast SEO plugin v21.1 - https:\/\/yoast.com\/wordpress\/plugins\/seo\/ -->\n<title>Visioconf\u00e9rence le mardi 3 mars 2026 : les Masters Marketing et Vente - IGR IAE Rennes<\/title>\n<meta name=\"robots\" content=\"index, follow, max-snippet:-1, max-image-preview:large, max-video-preview:-1\" \/>\n<link rel=\"canonical\" href=\"https:\/\/www.igr.univ-rennes.fr\/fr\/visioconference-le-mardi-3-mars-2026-les-masters-marketing-et-vente\/\" \/>\n<meta property=\"og:locale\" content=\"fr_FR\" \/>\n<meta property=\"og:type\" content=\"article\" \/>\n<meta property=\"og:title\" content=\"Visioconf\u00e9rence le mardi 3 mars 2026 : les Masters Marketing et Vente - IGR IAE Rennes\" \/>\n<meta property=\"og:description\" content=\"Les responsables p\u00e9dagogiques et enseignants vous proposent une conf\u00e9rence en ligne afin de vous pr\u00e9senter les Masters Marketing et Vente\" \/>\n<meta property=\"og:url\" content=\"https:\/\/www.igr.univ-rennes.fr\/fr\/visioconference-le-mardi-3-mars-2026-les-masters-marketing-et-vente\/\" \/>\n<meta property=\"og:site_name\" content=\"IGR IAE Rennes\" \/>\n<meta property=\"article:published_time\" content=\"2026-01-22T15:05:39+00:00\" \/>\n<meta property=\"article:modified_time\" content=\"2026-01-22T15:35:12+00:00\" \/>\n<meta property=\"og:image\" content=\"https:\/\/www.igr.univ-rennes.fr\/wp-content\/uploads\/2026\/01\/confMKG-3mars2026.jpg\" \/>\n\t<meta property=\"og:image:width\" content=\"2400\" \/>\n\t<meta property=\"og:image:height\" content=\"1260\" \/>\n\t<meta property=\"og:image:type\" content=\"image\/jpeg\" \/>\n<meta name=\"author\" content=\"Marie-Annick Robin\" \/>\n<meta name=\"twitter:card\" content=\"summary_large_image\" \/>\n<meta name=\"twitter:label1\" content=\"\u00c9crit par\" \/>\n\t<meta name=\"twitter:data1\" content=\"Marie-Annick Robin\" \/>\n\t<meta name=\"twitter:label2\" content=\"Dur\u00e9e de lecture estim\u00e9e\" \/>\n\t<meta name=\"twitter:data2\" content=\"1 minute\" \/>\n<script type=\"application\/ld+json\" class=\"yoast-schema-graph\">{\"@context\":\"https:\/\/schema.org\",\"@graph\":[{\"@type\":\"Article\",\"@id\":\"https:\/\/www.igr.univ-rennes.fr\/fr\/visioconference-le-mardi-3-mars-2026-les-masters-marketing-et-vente\/#article\",\"isPartOf\":{\"@id\":\"https:\/\/www.igr.univ-rennes.fr\/fr\/visioconference-le-mardi-3-mars-2026-les-masters-marketing-et-vente\/\"},\"author\":{\"name\":\"Marie-Annick Robin\",\"@id\":\"https:\/\/www.igr.univ-rennes.fr\/fr\/#\/schema\/person\/5f1ef906f2986c0eaa338b7258c4082b\"},\"headline\":\"Visioconf\u00e9rence le mardi 3 mars 2026 : les Masters Marketing et Vente\",\"datePublished\":\"2026-01-22T15:05:39+00:00\",\"dateModified\":\"2026-01-22T15:35:12+00:00\",\"mainEntityOfPage\":{\"@id\":\"https:\/\/www.igr.univ-rennes.fr\/fr\/visioconference-le-mardi-3-mars-2026-les-masters-marketing-et-vente\/\"},\"wordCount\":121,\"publisher\":{\"@id\":\"https:\/\/www.igr.univ-rennes.fr\/fr\/#organization\"},\"articleSection\":[\"Formation\"],\"inLanguage\":\"fr-FR\"},{\"@type\":\"WebPage\",\"@id\":\"https:\/\/www.igr.univ-rennes.fr\/fr\/visioconference-le-mardi-3-mars-2026-les-masters-marketing-et-vente\/\",\"url\":\"https:\/\/www.igr.univ-rennes.fr\/fr\/visioconference-le-mardi-3-mars-2026-les-masters-marketing-et-vente\/\",\"name\":\"Visioconf\u00e9rence le mardi 3 mars 2026 : les Masters Marketing et Vente - IGR IAE Rennes\",\"isPartOf\":{\"@id\":\"https:\/\/www.igr.univ-rennes.fr\/fr\/#website\"},\"datePublished\":\"2026-01-22T15:05:39+00:00\",\"dateModified\":\"2026-01-22T15:35:12+00:00\",\"breadcrumb\":{\"@id\":\"https:\/\/www.igr.univ-rennes.fr\/fr\/visioconference-le-mardi-3-mars-2026-les-masters-marketing-et-vente\/#breadcrumb\"},\"inLanguage\":\"fr-FR\",\"potentialAction\":[{\"@type\":\"ReadAction\",\"target\":[\"https:\/\/www.igr.univ-rennes.fr\/fr\/visioconference-le-mardi-3-mars-2026-les-masters-marketing-et-vente\/\"]}]},{\"@type\":\"BreadcrumbList\",\"@id\":\"https:\/\/www.igr.univ-rennes.fr\/fr\/visioconference-le-mardi-3-mars-2026-les-masters-marketing-et-vente\/#breadcrumb\",\"itemListElement\":[{\"@type\":\"ListItem\",\"position\":1,\"name\":\"Accueil\",\"item\":\"https:\/\/www.igr.univ-rennes.fr\/fr\/\"},{\"@type\":\"ListItem\",\"position\":2,\"name\":\"Visioconf\u00e9rence le mardi 3 mars 2026 : les Masters Marketing et Vente\"}]},{\"@type\":\"WebSite\",\"@id\":\"https:\/\/www.igr.univ-rennes.fr\/fr\/#website\",\"url\":\"https:\/\/www.igr.univ-rennes.fr\/fr\/\",\"name\":\"IGR IAE Rennes\",\"description\":\"\",\"publisher\":{\"@id\":\"https:\/\/www.igr.univ-rennes.fr\/fr\/#organization\"},\"potentialAction\":[{\"@type\":\"SearchAction\",\"target\":{\"@type\":\"EntryPoint\",\"urlTemplate\":\"https:\/\/www.igr.univ-rennes.fr\/fr\/?s={search_term_string}\"},\"query-input\":\"required name=search_term_string\"}],\"inLanguage\":\"fr-FR\"},{\"@type\":\"Organization\",\"@id\":\"https:\/\/www.igr.univ-rennes.fr\/fr\/#organization\",\"name\":\"IGR IAE Rennes\",\"url\":\"https:\/\/www.igr.univ-rennes.fr\/fr\/\",\"logo\":{\"@type\":\"ImageObject\",\"inLanguage\":\"fr-FR\",\"@id\":\"https:\/\/www.igr.univ-rennes.fr\/fr\/#\/schema\/logo\/image\/\",\"url\":\"https:\/\/www.igr.univ-rennes.fr\/wp-content\/uploads\/2020\/06\/Logo-IGR-IAE-Rennes_Blanc-300dpi-RVB-e1597327228224.png\",\"contentUrl\":\"https:\/\/www.igr.univ-rennes.fr\/wp-content\/uploads\/2020\/06\/Logo-IGR-IAE-Rennes_Blanc-300dpi-RVB-e1597327228224.png\",\"width\":290,\"height\":107,\"caption\":\"IGR IAE Rennes\"},\"image\":{\"@id\":\"https:\/\/www.igr.univ-rennes.fr\/fr\/#\/schema\/logo\/image\/\"}},{\"@type\":\"Person\",\"@id\":\"https:\/\/www.igr.univ-rennes.fr\/fr\/#\/schema\/person\/5f1ef906f2986c0eaa338b7258c4082b\",\"name\":\"Marie-Annick Robin\",\"image\":{\"@type\":\"ImageObject\",\"inLanguage\":\"fr-FR\",\"@id\":\"https:\/\/www.igr.univ-rennes.fr\/fr\/#\/schema\/person\/image\/\",\"url\":\"https:\/\/secure.gravatar.com\/avatar\/2be340e59f359ca7aa475c1693137388?s=96&d=mm&r=g\",\"contentUrl\":\"https:\/\/secure.gravatar.com\/avatar\/2be340e59f359ca7aa475c1693137388?s=96&d=mm&r=g\",\"caption\":\"Marie-Annick Robin\"}}]}<\/script>\n<!-- \/ Yoast SEO plugin. -->","yoast_head_json":{"title":"Visioconf\u00e9rence le mardi 3 mars 2026 : les Masters Marketing et Vente - IGR IAE Rennes","robots":{"index":"index","follow":"follow","max-snippet":"max-snippet:-1","max-image-preview":"max-image-preview:large","max-video-preview":"max-video-preview:-1"},"canonical":"https:\/\/www.igr.univ-rennes.fr\/fr\/visioconference-le-mardi-3-mars-2026-les-masters-marketing-et-vente\/","og_locale":"fr_FR","og_type":"article","og_title":"Visioconf\u00e9rence le mardi 3 mars 2026 : les Masters Marketing et Vente - IGR IAE Rennes","og_description":"Les responsables p\u00e9dagogiques et enseignants vous proposent une conf\u00e9rence en ligne afin de vous pr\u00e9senter les Masters Marketing et Vente","og_url":"https:\/\/www.igr.univ-rennes.fr\/fr\/visioconference-le-mardi-3-mars-2026-les-masters-marketing-et-vente\/","og_site_name":"IGR IAE Rennes","article_published_time":"2026-01-22T15:05:39+00:00","article_modified_time":"2026-01-22T15:35:12+00:00","og_image":[{"width":2400,"height":1260,"url":"https:\/\/www.igr.univ-rennes.fr\/wp-content\/uploads\/2026\/01\/confMKG-3mars2026.jpg","type":"image\/jpeg"}],"author":"Marie-Annick Robin","twitter_card":"summary_large_image","twitter_misc":{"\u00c9crit par":"Marie-Annick Robin","Dur\u00e9e de lecture estim\u00e9e":"1 minute"},"schema":{"@context":"https:\/\/schema.org","@graph":[{"@type":"Article","@id":"https:\/\/www.igr.univ-rennes.fr\/fr\/visioconference-le-mardi-3-mars-2026-les-masters-marketing-et-vente\/#article","isPartOf":{"@id":"https:\/\/www.igr.univ-rennes.fr\/fr\/visioconference-le-mardi-3-mars-2026-les-masters-marketing-et-vente\/"},"author":{"name":"Marie-Annick Robin","@id":"https:\/\/www.igr.univ-rennes.fr\/fr\/#\/schema\/person\/5f1ef906f2986c0eaa338b7258c4082b"},"headline":"Visioconf\u00e9rence le mardi 3 mars 2026 : les Masters Marketing et Vente","datePublished":"2026-01-22T15:05:39+00:00","dateModified":"2026-01-22T15:35:12+00:00","mainEntityOfPage":{"@id":"https:\/\/www.igr.univ-rennes.fr\/fr\/visioconference-le-mardi-3-mars-2026-les-masters-marketing-et-vente\/"},"wordCount":121,"publisher":{"@id":"https:\/\/www.igr.univ-rennes.fr\/fr\/#organization"},"articleSection":["Formation"],"inLanguage":"fr-FR"},{"@type":"WebPage","@id":"https:\/\/www.igr.univ-rennes.fr\/fr\/visioconference-le-mardi-3-mars-2026-les-masters-marketing-et-vente\/","url":"https:\/\/www.igr.univ-rennes.fr\/fr\/visioconference-le-mardi-3-mars-2026-les-masters-marketing-et-vente\/","name":"Visioconf\u00e9rence le mardi 3 mars 2026 : les Masters Marketing et Vente - IGR IAE Rennes","isPartOf":{"@id":"https:\/\/www.igr.univ-rennes.fr\/fr\/#website"},"datePublished":"2026-01-22T15:05:39+00:00","dateModified":"2026-01-22T15:35:12+00:00","breadcrumb":{"@id":"https:\/\/www.igr.univ-rennes.fr\/fr\/visioconference-le-mardi-3-mars-2026-les-masters-marketing-et-vente\/#breadcrumb"},"inLanguage":"fr-FR","potentialAction":[{"@type":"ReadAction","target":["https:\/\/www.igr.univ-rennes.fr\/fr\/visioconference-le-mardi-3-mars-2026-les-masters-marketing-et-vente\/"]}]},{"@type":"BreadcrumbList","@id":"https:\/\/www.igr.univ-rennes.fr\/fr\/visioconference-le-mardi-3-mars-2026-les-masters-marketing-et-vente\/#breadcrumb","itemListElement":[{"@type":"ListItem","position":1,"name":"Accueil","item":"https:\/\/www.igr.univ-rennes.fr\/fr\/"},{"@type":"ListItem","position":2,"name":"Visioconf\u00e9rence le mardi 3 mars 2026 : les Masters Marketing et Vente"}]},{"@type":"WebSite","@id":"https:\/\/www.igr.univ-rennes.fr\/fr\/#website","url":"https:\/\/www.igr.univ-rennes.fr\/fr\/","name":"IGR IAE Rennes","description":"","publisher":{"@id":"https:\/\/www.igr.univ-rennes.fr\/fr\/#organization"},"potentialAction":[{"@type":"SearchAction","target":{"@type":"EntryPoint","urlTemplate":"https:\/\/www.igr.univ-rennes.fr\/fr\/?s={search_term_string}"},"query-input":"required name=search_term_string"}],"inLanguage":"fr-FR"},{"@type":"Organization","@id":"https:\/\/www.igr.univ-rennes.fr\/fr\/#organization","name":"IGR IAE Rennes","url":"https:\/\/www.igr.univ-rennes.fr\/fr\/","logo":{"@type":"ImageObject","inLanguage":"fr-FR","@id":"https:\/\/www.igr.univ-rennes.fr\/fr\/#\/schema\/logo\/image\/","url":"https:\/\/www.igr.univ-rennes.fr\/wp-content\/uploads\/2020\/06\/Logo-IGR-IAE-Rennes_Blanc-300dpi-RVB-e1597327228224.png","contentUrl":"https:\/\/www.igr.univ-rennes.fr\/wp-content\/uploads\/2020\/06\/Logo-IGR-IAE-Rennes_Blanc-300dpi-RVB-e1597327228224.png","width":290,"height":107,"caption":"IGR IAE Rennes"},"image":{"@id":"https:\/\/www.igr.univ-rennes.fr\/fr\/#\/schema\/logo\/image\/"}},{"@type":"Person","@id":"https:\/\/www.igr.univ-rennes.fr\/fr\/#\/schema\/person\/5f1ef906f2986c0eaa338b7258c4082b","name":"Marie-Annick Robin","image":{"@type":"ImageObject","inLanguage":"fr-FR","@id":"https:\/\/www.igr.univ-rennes.fr\/fr\/#\/schema\/person\/image\/","url":"https:\/\/secure.gravatar.com\/avatar\/2be340e59f359ca7aa475c1693137388?s=96&d=mm&r=g","contentUrl":"https:\/\/secure.gravatar.com\/avatar\/2be340e59f359ca7aa475c1693137388?s=96&d=mm&r=g","caption":"Marie-Annick Robin"}}]}},"_links":{"self":[{"href":"https:\/\/www.igr.univ-rennes.fr\/fr\/wp-json\/wp\/v2\/posts\/556281"}],"collection":[{"href":"https:\/\/www.igr.univ-rennes.fr\/fr\/wp-json\/wp\/v2\/posts"}],"about":[{"href":"https:\/\/www.igr.univ-rennes.fr\/fr\/wp-json\/wp\/v2\/types\/post"}],"author":[{"embeddable":true,"href":"https:\/\/www.igr.univ-rennes.fr\/fr\/wp-json\/wp\/v2\/users\/11"}],"replies":[{"embeddable":true,"href":"https:\/\/www.igr.univ-rennes.fr\/fr\/wp-json\/wp\/v2\/comments?post=556281"}],"version-history":[{"count":34,"href":"https:\/\/www.igr.univ-rennes.fr\/fr\/wp-json\/wp\/v2\/posts\/556281\/revisions"}],"predecessor-version":[{"id":556336,"href":"https:\/\/www.igr.univ-rennes.fr\/fr\/wp-json\/wp\/v2\/posts\/556281\/revisions\/556336"}],"wp:featuredmedia":[{"embeddable":true,"href":"https:\/\/www.igr.univ-rennes.fr\/fr\/wp-json\/wp\/v2\/media\/556282"}],"wp:attachment":[{"href":"https:\/\/www.igr.univ-rennes.fr\/fr\/wp-json\/wp\/v2\/media?parent=556281"}],"wp:term":[{"taxonomy":"category","embeddable":true,"href":"https:\/\/www.igr.univ-rennes.fr\/fr\/wp-json\/wp\/v2\/categories?post=556281"},{"taxonomy":"post_tag","embeddable":true,"href":"https:\/\/www.igr.univ-rennes.fr\/fr\/wp-json\/wp\/v2\/tags?post=556281"}],"curies":[{"name":"wp","href":"https:\/\/api.w.org\/{rel}","templated":true}]}}