{"id":556104,"date":"2026-01-20T16:27:09","date_gmt":"2026-01-20T15:27:09","guid":{"rendered":"https:\/\/www.igr.univ-rennes.fr\/?p=556104"},"modified":"2026-01-22T12:22:06","modified_gmt":"2026-01-22T11:22:06","slug":"visioconference-le-lundi-9-fevrier-2026-presentation-du-master-finance-de-luniversite-de-rennes-m1-m2-finance-igr-iae-de-rennes","status":"publish","type":"post","link":"https:\/\/www.igr.univ-rennes.fr\/fr\/visioconference-le-lundi-9-fevrier-2026-presentation-du-master-finance-de-luniversite-de-rennes-m1-m2-finance-igr-iae-de-rennes\/","title":{"rendered":"Visioconf\u00e9rence le lundi 9 f\u00e9vrier 2026 : Pr\u00e9sentation du Master Finance de l&rsquo;Universit\u00e9 de Rennes (M1 &#038; M2 Finance \/ IGR-IAE de Rennes)"},"content":{"rendered":"\t\t<div data-elementor-type=\"wp-post\" data-elementor-id=\"556104\" class=\"elementor elementor-556104\">\n\t\t\t\t\t\t\t\t\t<section class=\"elementor-section elementor-top-section elementor-element elementor-element-5e8b8bd elementor-section-boxed elementor-section-height-default elementor-section-height-default\" data-id=\"5e8b8bd\" data-element_type=\"section\">\n\t\t\t\t\t\t<div class=\"elementor-container elementor-column-gap-default\">\n\t\t\t\t\t<div class=\"elementor-column elementor-col-100 elementor-top-column elementor-element elementor-element-d6b0e5e\" data-id=\"d6b0e5e\" data-element_type=\"column\">\n\t\t\t<div class=\"elementor-widget-wrap elementor-element-populated\">\n\t\t\t\t\t\t\t\t<div class=\"elementor-element elementor-element-9aaa6ca elementor-widget elementor-widget-text-editor\" data-id=\"9aaa6ca\" data-element_type=\"widget\" data-widget_type=\"text-editor.default\">\n\t\t\t\t<div class=\"elementor-widget-container\">\n\t\t\t\t\t\t\t<p>Le<strong> lundi 9 f\u00e9vrier \u00e0 18h00<\/strong>, les responsables p\u00e9dagogiques des <a href=\"https:\/\/www.igr.univ-rennes.fr\/fr\/mention-finance\/\" target=\"_blank\" rel=\"noopener\">masters Finance<\/a>, <strong>Jean-Jacques Lilti<\/strong>, <strong>Florence Andr\u00e9<\/strong> et <strong>Ga\u00eblle Lenormand<\/strong> vous proposent une visioconf\u00e9rence (Big Button Blue) en ligne afin de vous pr\u00e9senter le <strong>Master 1 Finance et ses diff\u00e9rentes sp\u00e9cialisations en Master 2<\/strong>.<\/p><p>Cette conf\u00e9rence est ouverte \u00e0 toutes celles et tous ceux qui sont int\u00e9ress\u00e9s par ces formations et qui souhaitent avoir :<\/p><ul><li><em>Une pr\u00e9sentation des diff\u00e9rents Masters<\/em><\/li><li><em>Des exemples de parcours \u00e0 l\u2019issue d\u2019un Master Finance<\/em><\/li><li><em>Un temps d\u2019\u00e9changes pour poser toutes vos questions aupr\u00e8s du responsable<\/em><\/li><\/ul><p>Vous souhaitez participer \u00e0 cette r\u00e9union ? Voici le lien de la visioconf\u00e9rence :<\/p>\t\t\t\t\t\t<\/div>\n\t\t\t\t<\/div>\n\t\t\t\t\t<\/div>\n\t\t<\/div>\n\t\t\t\t\t\t\t<\/div>\n\t\t<\/section>\n\t\t\t\t<section class=\"elementor-section elementor-top-section elementor-element elementor-element-8f19fcd elementor-section-boxed elementor-section-height-default elementor-section-height-default\" data-id=\"8f19fcd\" data-element_type=\"section\">\n\t\t\t\t\t\t<div class=\"elementor-container elementor-column-gap-default\">\n\t\t\t\t\t<div class=\"elementor-column elementor-col-100 elementor-top-column elementor-element elementor-element-6e992e1\" data-id=\"6e992e1\" data-element_type=\"column\">\n\t\t\t<div class=\"elementor-widget-wrap elementor-element-populated\">\n\t\t\t\t\t\t\t\t<div class=\"elementor-element elementor-element-f681888 elementor-align-center elementor-widget elementor-widget-button\" data-id=\"f681888\" data-element_type=\"widget\" data-widget_type=\"button.default\">\n\t\t\t\t<div class=\"elementor-widget-container\">\n\t\t\t\t\t<div class=\"elementor-button-wrapper\">\n\t\t\t<a class=\"elementor-button elementor-button-link elementor-size-sm\" href=\"https:\/\/bbb.univ-rennes.fr\/rooms\/bgk-teg-0zj-iub\/join\" target=\"_blank\">\n\t\t\t\t\t\t<span class=\"elementor-button-content-wrapper\">\n\t\t\t\t\t\t<span class=\"elementor-button-text\">Participer \u00e0 la visioconf\u00e9rence<\/span>\n\t\t<\/span>\n\t\t\t\t\t<\/a>\n\t\t<\/div>\n\t\t\t\t<\/div>\n\t\t\t\t<\/div>\n\t\t\t\t\t<\/div>\n\t\t<\/div>\n\t\t\t\t\t\t\t<\/div>\n\t\t<\/section>\n\t\t\t\t\t\t\t<\/div>\n\t\t","protected":false},"excerpt":{"rendered":"<p>Le responsable p\u00e9dagogique de la mention Finance vous propose une pr\u00e9sentation des diff\u00e9rents Masters en visioconf\u00e9rence<\/p>\n","protected":false},"author":11,"featured_media":556105,"comment_status":"closed","ping_status":"closed","sticky":false,"template":"","format":"standard","meta":{"footnotes":""},"categories":[64],"tags":[],"yoast_head":"<!-- This site is optimized with the Yoast SEO plugin v21.1 - https:\/\/yoast.com\/wordpress\/plugins\/seo\/ -->\n<title>Visioconf\u00e9rence le lundi 9 f\u00e9vrier 2026 : Pr\u00e9sentation du Master Finance de l&rsquo;Universit\u00e9 de Rennes (M1 &#038; M2 Finance \/ IGR-IAE de Rennes) - IGR IAE Rennes<\/title>\n<meta name=\"robots\" content=\"index, follow, max-snippet:-1, max-image-preview:large, max-video-preview:-1\" \/>\n<link rel=\"canonical\" href=\"https:\/\/www.igr.univ-rennes.fr\/fr\/visioconference-le-lundi-9-fevrier-2026-presentation-du-master-finance-de-luniversite-de-rennes-m1-m2-finance-igr-iae-de-rennes\/\" \/>\n<meta property=\"og:locale\" content=\"fr_FR\" \/>\n<meta property=\"og:type\" content=\"article\" \/>\n<meta property=\"og:title\" content=\"Visioconf\u00e9rence le lundi 9 f\u00e9vrier 2026 : Pr\u00e9sentation du Master Finance de l&rsquo;Universit\u00e9 de Rennes (M1 &#038; M2 Finance \/ IGR-IAE de Rennes) - IGR IAE Rennes\" \/>\n<meta property=\"og:description\" content=\"Le responsable p\u00e9dagogique de la mention Finance vous propose une pr\u00e9sentation des diff\u00e9rents Masters en visioconf\u00e9rence\" \/>\n<meta property=\"og:url\" content=\"https:\/\/www.igr.univ-rennes.fr\/fr\/visioconference-le-lundi-9-fevrier-2026-presentation-du-master-finance-de-luniversite-de-rennes-m1-m2-finance-igr-iae-de-rennes\/\" \/>\n<meta property=\"og:site_name\" content=\"IGR IAE Rennes\" \/>\n<meta property=\"article:published_time\" content=\"2026-01-20T15:27:09+00:00\" \/>\n<meta property=\"article:modified_time\" content=\"2026-01-22T11:22:06+00:00\" \/>\n<meta property=\"og:image\" content=\"https:\/\/www.igr.univ-rennes.fr\/wp-content\/uploads\/2026\/01\/confFinance-9fev2026.jpg\" \/>\n\t<meta property=\"og:image:width\" content=\"2400\" \/>\n\t<meta property=\"og:image:height\" content=\"1260\" \/>\n\t<meta property=\"og:image:type\" content=\"image\/jpeg\" \/>\n<meta name=\"author\" content=\"Marie-Annick Robin\" \/>\n<meta name=\"twitter:card\" content=\"summary_large_image\" \/>\n<meta name=\"twitter:label1\" content=\"\u00c9crit par\" \/>\n\t<meta name=\"twitter:data1\" content=\"Marie-Annick Robin\" \/>\n\t<meta name=\"twitter:label2\" content=\"Dur\u00e9e de lecture estim\u00e9e\" \/>\n\t<meta name=\"twitter:data2\" content=\"1 minute\" \/>\n<script type=\"application\/ld+json\" class=\"yoast-schema-graph\">{\"@context\":\"https:\/\/schema.org\",\"@graph\":[{\"@type\":\"Article\",\"@id\":\"https:\/\/www.igr.univ-rennes.fr\/fr\/visioconference-le-lundi-9-fevrier-2026-presentation-du-master-finance-de-luniversite-de-rennes-m1-m2-finance-igr-iae-de-rennes\/#article\",\"isPartOf\":{\"@id\":\"https:\/\/www.igr.univ-rennes.fr\/fr\/visioconference-le-lundi-9-fevrier-2026-presentation-du-master-finance-de-luniversite-de-rennes-m1-m2-finance-igr-iae-de-rennes\/\"},\"author\":{\"name\":\"Marie-Annick Robin\",\"@id\":\"https:\/\/www.igr.univ-rennes.fr\/fr\/#\/schema\/person\/5f1ef906f2986c0eaa338b7258c4082b\"},\"headline\":\"Visioconf\u00e9rence le lundi 9 f\u00e9vrier 2026 : Pr\u00e9sentation du Master Finance de l&rsquo;Universit\u00e9 de Rennes (M1 &#038; M2 Finance \/ IGR-IAE de Rennes)\",\"datePublished\":\"2026-01-20T15:27:09+00:00\",\"dateModified\":\"2026-01-22T11:22:06+00:00\",\"mainEntityOfPage\":{\"@id\":\"https:\/\/www.igr.univ-rennes.fr\/fr\/visioconference-le-lundi-9-fevrier-2026-presentation-du-master-finance-de-luniversite-de-rennes-m1-m2-finance-igr-iae-de-rennes\/\"},\"wordCount\":138,\"publisher\":{\"@id\":\"https:\/\/www.igr.univ-rennes.fr\/fr\/#organization\"},\"articleSection\":[\"Formation\"],\"inLanguage\":\"fr-FR\"},{\"@type\":\"WebPage\",\"@id\":\"https:\/\/www.igr.univ-rennes.fr\/fr\/visioconference-le-lundi-9-fevrier-2026-presentation-du-master-finance-de-luniversite-de-rennes-m1-m2-finance-igr-iae-de-rennes\/\",\"url\":\"https:\/\/www.igr.univ-rennes.fr\/fr\/visioconference-le-lundi-9-fevrier-2026-presentation-du-master-finance-de-luniversite-de-rennes-m1-m2-finance-igr-iae-de-rennes\/\",\"name\":\"Visioconf\u00e9rence le lundi 9 f\u00e9vrier 2026 : Pr\u00e9sentation du Master Finance de l&rsquo;Universit\u00e9 de Rennes (M1 &#038; M2 Finance \/ IGR-IAE de Rennes) - IGR IAE Rennes\",\"isPartOf\":{\"@id\":\"https:\/\/www.igr.univ-rennes.fr\/fr\/#website\"},\"datePublished\":\"2026-01-20T15:27:09+00:00\",\"dateModified\":\"2026-01-22T11:22:06+00:00\",\"breadcrumb\":{\"@id\":\"https:\/\/www.igr.univ-rennes.fr\/fr\/visioconference-le-lundi-9-fevrier-2026-presentation-du-master-finance-de-luniversite-de-rennes-m1-m2-finance-igr-iae-de-rennes\/#breadcrumb\"},\"inLanguage\":\"fr-FR\",\"potentialAction\":[{\"@type\":\"ReadAction\",\"target\":[\"https:\/\/www.igr.univ-rennes.fr\/fr\/visioconference-le-lundi-9-fevrier-2026-presentation-du-master-finance-de-luniversite-de-rennes-m1-m2-finance-igr-iae-de-rennes\/\"]}]},{\"@type\":\"BreadcrumbList\",\"@id\":\"https:\/\/www.igr.univ-rennes.fr\/fr\/visioconference-le-lundi-9-fevrier-2026-presentation-du-master-finance-de-luniversite-de-rennes-m1-m2-finance-igr-iae-de-rennes\/#breadcrumb\",\"itemListElement\":[{\"@type\":\"ListItem\",\"position\":1,\"name\":\"Accueil\",\"item\":\"https:\/\/www.igr.univ-rennes.fr\/fr\/\"},{\"@type\":\"ListItem\",\"position\":2,\"name\":\"Visioconf\u00e9rence le lundi 9 f\u00e9vrier 2026 : Pr\u00e9sentation du Master Finance de l&rsquo;Universit\u00e9 de Rennes (M1 &#038; M2 Finance \/ IGR-IAE de Rennes)\"}]},{\"@type\":\"WebSite\",\"@id\":\"https:\/\/www.igr.univ-rennes.fr\/fr\/#website\",\"url\":\"https:\/\/www.igr.univ-rennes.fr\/fr\/\",\"name\":\"IGR IAE Rennes\",\"description\":\"\",\"publisher\":{\"@id\":\"https:\/\/www.igr.univ-rennes.fr\/fr\/#organization\"},\"potentialAction\":[{\"@type\":\"SearchAction\",\"target\":{\"@type\":\"EntryPoint\",\"urlTemplate\":\"https:\/\/www.igr.univ-rennes.fr\/fr\/?s={search_term_string}\"},\"query-input\":\"required name=search_term_string\"}],\"inLanguage\":\"fr-FR\"},{\"@type\":\"Organization\",\"@id\":\"https:\/\/www.igr.univ-rennes.fr\/fr\/#organization\",\"name\":\"IGR IAE Rennes\",\"url\":\"https:\/\/www.igr.univ-rennes.fr\/fr\/\",\"logo\":{\"@type\":\"ImageObject\",\"inLanguage\":\"fr-FR\",\"@id\":\"https:\/\/www.igr.univ-rennes.fr\/fr\/#\/schema\/logo\/image\/\",\"url\":\"https:\/\/www.igr.univ-rennes.fr\/wp-content\/uploads\/2020\/06\/Logo-IGR-IAE-Rennes_Blanc-300dpi-RVB-e1597327228224.png\",\"contentUrl\":\"https:\/\/www.igr.univ-rennes.fr\/wp-content\/uploads\/2020\/06\/Logo-IGR-IAE-Rennes_Blanc-300dpi-RVB-e1597327228224.png\",\"width\":290,\"height\":107,\"caption\":\"IGR IAE Rennes\"},\"image\":{\"@id\":\"https:\/\/www.igr.univ-rennes.fr\/fr\/#\/schema\/logo\/image\/\"}},{\"@type\":\"Person\",\"@id\":\"https:\/\/www.igr.univ-rennes.fr\/fr\/#\/schema\/person\/5f1ef906f2986c0eaa338b7258c4082b\",\"name\":\"Marie-Annick Robin\",\"image\":{\"@type\":\"ImageObject\",\"inLanguage\":\"fr-FR\",\"@id\":\"https:\/\/www.igr.univ-rennes.fr\/fr\/#\/schema\/person\/image\/\",\"url\":\"https:\/\/secure.gravatar.com\/avatar\/2be340e59f359ca7aa475c1693137388?s=96&d=mm&r=g\",\"contentUrl\":\"https:\/\/secure.gravatar.com\/avatar\/2be340e59f359ca7aa475c1693137388?s=96&d=mm&r=g\",\"caption\":\"Marie-Annick Robin\"}}]}<\/script>\n<!-- \/ Yoast SEO plugin. -->","yoast_head_json":{"title":"Visioconf\u00e9rence le lundi 9 f\u00e9vrier 2026 : Pr\u00e9sentation du Master Finance de l&rsquo;Universit\u00e9 de Rennes (M1 &#038; M2 Finance \/ IGR-IAE de Rennes) - IGR IAE Rennes","robots":{"index":"index","follow":"follow","max-snippet":"max-snippet:-1","max-image-preview":"max-image-preview:large","max-video-preview":"max-video-preview:-1"},"canonical":"https:\/\/www.igr.univ-rennes.fr\/fr\/visioconference-le-lundi-9-fevrier-2026-presentation-du-master-finance-de-luniversite-de-rennes-m1-m2-finance-igr-iae-de-rennes\/","og_locale":"fr_FR","og_type":"article","og_title":"Visioconf\u00e9rence le lundi 9 f\u00e9vrier 2026 : Pr\u00e9sentation du Master Finance de l&rsquo;Universit\u00e9 de Rennes (M1 &#038; M2 Finance \/ IGR-IAE de Rennes) - IGR IAE Rennes","og_description":"Le responsable p\u00e9dagogique de la mention Finance vous propose une pr\u00e9sentation des diff\u00e9rents Masters en visioconf\u00e9rence","og_url":"https:\/\/www.igr.univ-rennes.fr\/fr\/visioconference-le-lundi-9-fevrier-2026-presentation-du-master-finance-de-luniversite-de-rennes-m1-m2-finance-igr-iae-de-rennes\/","og_site_name":"IGR IAE Rennes","article_published_time":"2026-01-20T15:27:09+00:00","article_modified_time":"2026-01-22T11:22:06+00:00","og_image":[{"width":2400,"height":1260,"url":"https:\/\/www.igr.univ-rennes.fr\/wp-content\/uploads\/2026\/01\/confFinance-9fev2026.jpg","type":"image\/jpeg"}],"author":"Marie-Annick Robin","twitter_card":"summary_large_image","twitter_misc":{"\u00c9crit par":"Marie-Annick Robin","Dur\u00e9e de lecture estim\u00e9e":"1 minute"},"schema":{"@context":"https:\/\/schema.org","@graph":[{"@type":"Article","@id":"https:\/\/www.igr.univ-rennes.fr\/fr\/visioconference-le-lundi-9-fevrier-2026-presentation-du-master-finance-de-luniversite-de-rennes-m1-m2-finance-igr-iae-de-rennes\/#article","isPartOf":{"@id":"https:\/\/www.igr.univ-rennes.fr\/fr\/visioconference-le-lundi-9-fevrier-2026-presentation-du-master-finance-de-luniversite-de-rennes-m1-m2-finance-igr-iae-de-rennes\/"},"author":{"name":"Marie-Annick Robin","@id":"https:\/\/www.igr.univ-rennes.fr\/fr\/#\/schema\/person\/5f1ef906f2986c0eaa338b7258c4082b"},"headline":"Visioconf\u00e9rence le lundi 9 f\u00e9vrier 2026 : Pr\u00e9sentation du Master Finance de l&rsquo;Universit\u00e9 de Rennes (M1 &#038; M2 Finance \/ IGR-IAE de Rennes)","datePublished":"2026-01-20T15:27:09+00:00","dateModified":"2026-01-22T11:22:06+00:00","mainEntityOfPage":{"@id":"https:\/\/www.igr.univ-rennes.fr\/fr\/visioconference-le-lundi-9-fevrier-2026-presentation-du-master-finance-de-luniversite-de-rennes-m1-m2-finance-igr-iae-de-rennes\/"},"wordCount":138,"publisher":{"@id":"https:\/\/www.igr.univ-rennes.fr\/fr\/#organization"},"articleSection":["Formation"],"inLanguage":"fr-FR"},{"@type":"WebPage","@id":"https:\/\/www.igr.univ-rennes.fr\/fr\/visioconference-le-lundi-9-fevrier-2026-presentation-du-master-finance-de-luniversite-de-rennes-m1-m2-finance-igr-iae-de-rennes\/","url":"https:\/\/www.igr.univ-rennes.fr\/fr\/visioconference-le-lundi-9-fevrier-2026-presentation-du-master-finance-de-luniversite-de-rennes-m1-m2-finance-igr-iae-de-rennes\/","name":"Visioconf\u00e9rence le lundi 9 f\u00e9vrier 2026 : Pr\u00e9sentation du Master Finance de l&rsquo;Universit\u00e9 de Rennes (M1 &#038; M2 Finance \/ IGR-IAE de Rennes) - IGR IAE Rennes","isPartOf":{"@id":"https:\/\/www.igr.univ-rennes.fr\/fr\/#website"},"datePublished":"2026-01-20T15:27:09+00:00","dateModified":"2026-01-22T11:22:06+00:00","breadcrumb":{"@id":"https:\/\/www.igr.univ-rennes.fr\/fr\/visioconference-le-lundi-9-fevrier-2026-presentation-du-master-finance-de-luniversite-de-rennes-m1-m2-finance-igr-iae-de-rennes\/#breadcrumb"},"inLanguage":"fr-FR","potentialAction":[{"@type":"ReadAction","target":["https:\/\/www.igr.univ-rennes.fr\/fr\/visioconference-le-lundi-9-fevrier-2026-presentation-du-master-finance-de-luniversite-de-rennes-m1-m2-finance-igr-iae-de-rennes\/"]}]},{"@type":"BreadcrumbList","@id":"https:\/\/www.igr.univ-rennes.fr\/fr\/visioconference-le-lundi-9-fevrier-2026-presentation-du-master-finance-de-luniversite-de-rennes-m1-m2-finance-igr-iae-de-rennes\/#breadcrumb","itemListElement":[{"@type":"ListItem","position":1,"name":"Accueil","item":"https:\/\/www.igr.univ-rennes.fr\/fr\/"},{"@type":"ListItem","position":2,"name":"Visioconf\u00e9rence le lundi 9 f\u00e9vrier 2026 : Pr\u00e9sentation du Master Finance de l&rsquo;Universit\u00e9 de Rennes (M1 &#038; M2 Finance \/ IGR-IAE de Rennes)"}]},{"@type":"WebSite","@id":"https:\/\/www.igr.univ-rennes.fr\/fr\/#website","url":"https:\/\/www.igr.univ-rennes.fr\/fr\/","name":"IGR IAE Rennes","description":"","publisher":{"@id":"https:\/\/www.igr.univ-rennes.fr\/fr\/#organization"},"potentialAction":[{"@type":"SearchAction","target":{"@type":"EntryPoint","urlTemplate":"https:\/\/www.igr.univ-rennes.fr\/fr\/?s={search_term_string}"},"query-input":"required name=search_term_string"}],"inLanguage":"fr-FR"},{"@type":"Organization","@id":"https:\/\/www.igr.univ-rennes.fr\/fr\/#organization","name":"IGR IAE Rennes","url":"https:\/\/www.igr.univ-rennes.fr\/fr\/","logo":{"@type":"ImageObject","inLanguage":"fr-FR","@id":"https:\/\/www.igr.univ-rennes.fr\/fr\/#\/schema\/logo\/image\/","url":"https:\/\/www.igr.univ-rennes.fr\/wp-content\/uploads\/2020\/06\/Logo-IGR-IAE-Rennes_Blanc-300dpi-RVB-e1597327228224.png","contentUrl":"https:\/\/www.igr.univ-rennes.fr\/wp-content\/uploads\/2020\/06\/Logo-IGR-IAE-Rennes_Blanc-300dpi-RVB-e1597327228224.png","width":290,"height":107,"caption":"IGR IAE Rennes"},"image":{"@id":"https:\/\/www.igr.univ-rennes.fr\/fr\/#\/schema\/logo\/image\/"}},{"@type":"Person","@id":"https:\/\/www.igr.univ-rennes.fr\/fr\/#\/schema\/person\/5f1ef906f2986c0eaa338b7258c4082b","name":"Marie-Annick Robin","image":{"@type":"ImageObject","inLanguage":"fr-FR","@id":"https:\/\/www.igr.univ-rennes.fr\/fr\/#\/schema\/person\/image\/","url":"https:\/\/secure.gravatar.com\/avatar\/2be340e59f359ca7aa475c1693137388?s=96&d=mm&r=g","contentUrl":"https:\/\/secure.gravatar.com\/avatar\/2be340e59f359ca7aa475c1693137388?s=96&d=mm&r=g","caption":"Marie-Annick Robin"}}]}},"_links":{"self":[{"href":"https:\/\/www.igr.univ-rennes.fr\/fr\/wp-json\/wp\/v2\/posts\/556104"}],"collection":[{"href":"https:\/\/www.igr.univ-rennes.fr\/fr\/wp-json\/wp\/v2\/posts"}],"about":[{"href":"https:\/\/www.igr.univ-rennes.fr\/fr\/wp-json\/wp\/v2\/types\/post"}],"author":[{"embeddable":true,"href":"https:\/\/www.igr.univ-rennes.fr\/fr\/wp-json\/wp\/v2\/users\/11"}],"replies":[{"embeddable":true,"href":"https:\/\/www.igr.univ-rennes.fr\/fr\/wp-json\/wp\/v2\/comments?post=556104"}],"version-history":[{"count":30,"href":"https:\/\/www.igr.univ-rennes.fr\/fr\/wp-json\/wp\/v2\/posts\/556104\/revisions"}],"predecessor-version":[{"id":556263,"href":"https:\/\/www.igr.univ-rennes.fr\/fr\/wp-json\/wp\/v2\/posts\/556104\/revisions\/556263"}],"wp:featuredmedia":[{"embeddable":true,"href":"https:\/\/www.igr.univ-rennes.fr\/fr\/wp-json\/wp\/v2\/media\/556105"}],"wp:attachment":[{"href":"https:\/\/www.igr.univ-rennes.fr\/fr\/wp-json\/wp\/v2\/media?parent=556104"}],"wp:term":[{"taxonomy":"category","embeddable":true,"href":"https:\/\/www.igr.univ-rennes.fr\/fr\/wp-json\/wp\/v2\/categories?post=556104"},{"taxonomy":"post_tag","embeddable":true,"href":"https:\/\/www.igr.univ-rennes.fr\/fr\/wp-json\/wp\/v2\/tags?post=556104"}],"curies":[{"name":"wp","href":"https:\/\/api.w.org\/{rel}","templated":true}]}}