{"id":556002,"date":"2026-01-20T14:26:29","date_gmt":"2026-01-20T13:26:29","guid":{"rendered":"https:\/\/www.igr.univ-rennes.fr\/?p=556002"},"modified":"2026-01-22T15:30:41","modified_gmt":"2026-01-22T14:30:41","slug":"visioconference-le-mardi-10-mars-2026-presentation-du-master-cca-en-formation-continue","status":"publish","type":"post","link":"https:\/\/www.igr.univ-rennes.fr\/fr\/visioconference-le-mardi-10-mars-2026-presentation-du-master-cca-en-formation-continue\/","title":{"rendered":"Visioconf\u00e9rence le mardi 10 mars 2026 : Pr\u00e9sentation du master CCA en formation continue"},"content":{"rendered":"\t\t<div data-elementor-type=\"wp-post\" data-elementor-id=\"556002\" class=\"elementor elementor-556002\">\n\t\t\t\t\t\t\t\t\t<section class=\"elementor-section elementor-top-section elementor-element elementor-element-d4dd817 elementor-section-boxed elementor-section-height-default elementor-section-height-default\" data-id=\"d4dd817\" data-element_type=\"section\">\n\t\t\t\t\t\t<div class=\"elementor-container elementor-column-gap-default\">\n\t\t\t\t\t<div class=\"elementor-column elementor-col-100 elementor-top-column elementor-element elementor-element-134007c\" data-id=\"134007c\" data-element_type=\"column\">\n\t\t\t<div class=\"elementor-widget-wrap elementor-element-populated\">\n\t\t\t\t\t\t\t\t<div class=\"elementor-element elementor-element-7abf127 elementor-widget elementor-widget-text-editor\" data-id=\"7abf127\" data-element_type=\"widget\" data-widget_type=\"text-editor.default\">\n\t\t\t\t<div class=\"elementor-widget-container\">\n\t\t\t\t\t\t\t<p>Le <strong>mardi 10 mars 2026 \u00e0 17h30<\/strong>, une visioconf\u00e9rence (Big Button Blue) d\u00e9di\u00e9e au <a href=\"https:\/\/www.igr.univ-rennes.fr\/fr\/formation\/master-comptabilite-controle-audit-continue\/\" target=\"_blank\" rel=\"noopener\">Master CCA (Comptabilit\u00e9, Contr\u00f4le, Audit) en formation continue<\/a> est organis\u00e9e afin de pr\u00e9senter la formation et les d\u00e9bouch\u00e9s professionnels auxquels elle pr\u00e9pare.<\/p><p>Anim\u00e9e par <strong>Lionel Touchais, Emmanuelle Fromont et les repr\u00e9sentants du SFCA<\/strong>, cette rencontre s\u2019adresse aux personnes souhaitant mieux comprendre les objectifs et les sp\u00e9cificit\u00e9s des masters CCA en formation continue.<\/p>\t\t\t\t\t\t<\/div>\n\t\t\t\t<\/div>\n\t\t\t\t\t<\/div>\n\t\t<\/div>\n\t\t\t\t\t\t\t<\/div>\n\t\t<\/section>\n\t\t\t\t<section class=\"elementor-section elementor-top-section elementor-element elementor-element-050c067 elementor-section-boxed elementor-section-height-default elementor-section-height-default\" data-id=\"050c067\" data-element_type=\"section\">\n\t\t\t\t\t\t<div class=\"elementor-container elementor-column-gap-default\">\n\t\t\t\t\t<div class=\"elementor-column elementor-col-100 elementor-top-column elementor-element elementor-element-8d2458c\" data-id=\"8d2458c\" data-element_type=\"column\">\n\t\t\t<div class=\"elementor-widget-wrap elementor-element-populated\">\n\t\t\t\t\t\t\t\t<div class=\"elementor-element elementor-element-a558496 elementor-align-center elementor-widget elementor-widget-button\" data-id=\"a558496\" data-element_type=\"widget\" data-widget_type=\"button.default\">\n\t\t\t\t<div class=\"elementor-widget-container\">\n\t\t\t\t\t<div class=\"elementor-button-wrapper\">\n\t\t\t<a class=\"elementor-button elementor-button-link elementor-size-sm\" href=\"https:\/\/bbb.univ-rennes.fr\/rooms\/hbc-445-42z-fdx\/join\" target=\"_blank\">\n\t\t\t\t\t\t<span class=\"elementor-button-content-wrapper\">\n\t\t\t\t\t\t<span class=\"elementor-button-text\">Participer \u00e0 la visioconf\u00e9rence<\/span>\n\t\t<\/span>\n\t\t\t\t\t<\/a>\n\t\t<\/div>\n\t\t\t\t<\/div>\n\t\t\t\t<\/div>\n\t\t\t\t\t<\/div>\n\t\t<\/div>\n\t\t\t\t\t\t\t<\/div>\n\t\t<\/section>\n\t\t\t\t\t\t\t<\/div>\n\t\t","protected":false},"excerpt":{"rendered":"<p>Les responsables p\u00e9dagogiques du Master CCA en formation continue vous proposent une visioconf\u00e9rence<\/p>\n","protected":false},"author":11,"featured_media":556016,"comment_status":"closed","ping_status":"closed","sticky":false,"template":"","format":"standard","meta":{"footnotes":""},"categories":[64],"tags":[],"yoast_head":"<!-- This site is optimized with the Yoast SEO plugin v21.1 - https:\/\/yoast.com\/wordpress\/plugins\/seo\/ -->\n<title>Visioconf\u00e9rence le mardi 10 mars 2026 : Pr\u00e9sentation du master CCA en formation continue - IGR IAE Rennes<\/title>\n<meta name=\"robots\" content=\"index, follow, max-snippet:-1, max-image-preview:large, max-video-preview:-1\" \/>\n<link rel=\"canonical\" href=\"https:\/\/www.igr.univ-rennes.fr\/fr\/visioconference-le-mardi-10-mars-2026-presentation-du-master-cca-en-formation-continue\/\" \/>\n<meta property=\"og:locale\" content=\"fr_FR\" \/>\n<meta property=\"og:type\" content=\"article\" \/>\n<meta property=\"og:title\" content=\"Visioconf\u00e9rence le mardi 10 mars 2026 : Pr\u00e9sentation du master CCA en formation continue - IGR IAE Rennes\" \/>\n<meta property=\"og:description\" content=\"Les responsables p\u00e9dagogiques du Master CCA en formation continue vous proposent une visioconf\u00e9rence\" \/>\n<meta property=\"og:url\" content=\"https:\/\/www.igr.univ-rennes.fr\/fr\/visioconference-le-mardi-10-mars-2026-presentation-du-master-cca-en-formation-continue\/\" \/>\n<meta property=\"og:site_name\" content=\"IGR IAE Rennes\" \/>\n<meta property=\"article:published_time\" content=\"2026-01-20T13:26:29+00:00\" \/>\n<meta property=\"article:modified_time\" content=\"2026-01-22T14:30:41+00:00\" \/>\n<meta property=\"og:image\" content=\"https:\/\/www.igr.univ-rennes.fr\/wp-content\/uploads\/2026\/01\/confCCA-FC-10mars2026.jpg\" \/>\n\t<meta property=\"og:image:width\" content=\"2400\" \/>\n\t<meta property=\"og:image:height\" content=\"1260\" \/>\n\t<meta property=\"og:image:type\" content=\"image\/jpeg\" \/>\n<meta name=\"author\" content=\"Marie-Annick Robin\" \/>\n<meta name=\"twitter:card\" content=\"summary_large_image\" \/>\n<meta name=\"twitter:label1\" content=\"\u00c9crit par\" \/>\n\t<meta name=\"twitter:data1\" content=\"Marie-Annick Robin\" \/>\n\t<meta name=\"twitter:label2\" content=\"Dur\u00e9e de lecture estim\u00e9e\" \/>\n\t<meta name=\"twitter:data2\" content=\"1 minute\" \/>\n<script type=\"application\/ld+json\" class=\"yoast-schema-graph\">{\"@context\":\"https:\/\/schema.org\",\"@graph\":[{\"@type\":\"Article\",\"@id\":\"https:\/\/www.igr.univ-rennes.fr\/fr\/visioconference-le-mardi-10-mars-2026-presentation-du-master-cca-en-formation-continue\/#article\",\"isPartOf\":{\"@id\":\"https:\/\/www.igr.univ-rennes.fr\/fr\/visioconference-le-mardi-10-mars-2026-presentation-du-master-cca-en-formation-continue\/\"},\"author\":{\"name\":\"Marie-Annick Robin\",\"@id\":\"https:\/\/www.igr.univ-rennes.fr\/fr\/#\/schema\/person\/5f1ef906f2986c0eaa338b7258c4082b\"},\"headline\":\"Visioconf\u00e9rence le mardi 10 mars 2026 : Pr\u00e9sentation du master CCA en formation continue\",\"datePublished\":\"2026-01-20T13:26:29+00:00\",\"dateModified\":\"2026-01-22T14:30:41+00:00\",\"mainEntityOfPage\":{\"@id\":\"https:\/\/www.igr.univ-rennes.fr\/fr\/visioconference-le-mardi-10-mars-2026-presentation-du-master-cca-en-formation-continue\/\"},\"wordCount\":94,\"publisher\":{\"@id\":\"https:\/\/www.igr.univ-rennes.fr\/fr\/#organization\"},\"articleSection\":[\"Formation\"],\"inLanguage\":\"fr-FR\"},{\"@type\":\"WebPage\",\"@id\":\"https:\/\/www.igr.univ-rennes.fr\/fr\/visioconference-le-mardi-10-mars-2026-presentation-du-master-cca-en-formation-continue\/\",\"url\":\"https:\/\/www.igr.univ-rennes.fr\/fr\/visioconference-le-mardi-10-mars-2026-presentation-du-master-cca-en-formation-continue\/\",\"name\":\"Visioconf\u00e9rence le mardi 10 mars 2026 : Pr\u00e9sentation du master CCA en formation continue - IGR IAE Rennes\",\"isPartOf\":{\"@id\":\"https:\/\/www.igr.univ-rennes.fr\/fr\/#website\"},\"datePublished\":\"2026-01-20T13:26:29+00:00\",\"dateModified\":\"2026-01-22T14:30:41+00:00\",\"breadcrumb\":{\"@id\":\"https:\/\/www.igr.univ-rennes.fr\/fr\/visioconference-le-mardi-10-mars-2026-presentation-du-master-cca-en-formation-continue\/#breadcrumb\"},\"inLanguage\":\"fr-FR\",\"potentialAction\":[{\"@type\":\"ReadAction\",\"target\":[\"https:\/\/www.igr.univ-rennes.fr\/fr\/visioconference-le-mardi-10-mars-2026-presentation-du-master-cca-en-formation-continue\/\"]}]},{\"@type\":\"BreadcrumbList\",\"@id\":\"https:\/\/www.igr.univ-rennes.fr\/fr\/visioconference-le-mardi-10-mars-2026-presentation-du-master-cca-en-formation-continue\/#breadcrumb\",\"itemListElement\":[{\"@type\":\"ListItem\",\"position\":1,\"name\":\"Accueil\",\"item\":\"https:\/\/www.igr.univ-rennes.fr\/fr\/\"},{\"@type\":\"ListItem\",\"position\":2,\"name\":\"Visioconf\u00e9rence le mardi 10 mars 2026 : Pr\u00e9sentation du master CCA en formation continue\"}]},{\"@type\":\"WebSite\",\"@id\":\"https:\/\/www.igr.univ-rennes.fr\/fr\/#website\",\"url\":\"https:\/\/www.igr.univ-rennes.fr\/fr\/\",\"name\":\"IGR IAE Rennes\",\"description\":\"\",\"publisher\":{\"@id\":\"https:\/\/www.igr.univ-rennes.fr\/fr\/#organization\"},\"potentialAction\":[{\"@type\":\"SearchAction\",\"target\":{\"@type\":\"EntryPoint\",\"urlTemplate\":\"https:\/\/www.igr.univ-rennes.fr\/fr\/?s={search_term_string}\"},\"query-input\":\"required name=search_term_string\"}],\"inLanguage\":\"fr-FR\"},{\"@type\":\"Organization\",\"@id\":\"https:\/\/www.igr.univ-rennes.fr\/fr\/#organization\",\"name\":\"IGR IAE Rennes\",\"url\":\"https:\/\/www.igr.univ-rennes.fr\/fr\/\",\"logo\":{\"@type\":\"ImageObject\",\"inLanguage\":\"fr-FR\",\"@id\":\"https:\/\/www.igr.univ-rennes.fr\/fr\/#\/schema\/logo\/image\/\",\"url\":\"https:\/\/www.igr.univ-rennes.fr\/wp-content\/uploads\/2020\/06\/Logo-IGR-IAE-Rennes_Blanc-300dpi-RVB-e1597327228224.png\",\"contentUrl\":\"https:\/\/www.igr.univ-rennes.fr\/wp-content\/uploads\/2020\/06\/Logo-IGR-IAE-Rennes_Blanc-300dpi-RVB-e1597327228224.png\",\"width\":290,\"height\":107,\"caption\":\"IGR IAE Rennes\"},\"image\":{\"@id\":\"https:\/\/www.igr.univ-rennes.fr\/fr\/#\/schema\/logo\/image\/\"}},{\"@type\":\"Person\",\"@id\":\"https:\/\/www.igr.univ-rennes.fr\/fr\/#\/schema\/person\/5f1ef906f2986c0eaa338b7258c4082b\",\"name\":\"Marie-Annick Robin\",\"image\":{\"@type\":\"ImageObject\",\"inLanguage\":\"fr-FR\",\"@id\":\"https:\/\/www.igr.univ-rennes.fr\/fr\/#\/schema\/person\/image\/\",\"url\":\"https:\/\/secure.gravatar.com\/avatar\/2be340e59f359ca7aa475c1693137388?s=96&d=mm&r=g\",\"contentUrl\":\"https:\/\/secure.gravatar.com\/avatar\/2be340e59f359ca7aa475c1693137388?s=96&d=mm&r=g\",\"caption\":\"Marie-Annick Robin\"}}]}<\/script>\n<!-- \/ Yoast SEO plugin. -->","yoast_head_json":{"title":"Visioconf\u00e9rence le mardi 10 mars 2026 : Pr\u00e9sentation du master CCA en formation continue - IGR IAE Rennes","robots":{"index":"index","follow":"follow","max-snippet":"max-snippet:-1","max-image-preview":"max-image-preview:large","max-video-preview":"max-video-preview:-1"},"canonical":"https:\/\/www.igr.univ-rennes.fr\/fr\/visioconference-le-mardi-10-mars-2026-presentation-du-master-cca-en-formation-continue\/","og_locale":"fr_FR","og_type":"article","og_title":"Visioconf\u00e9rence le mardi 10 mars 2026 : Pr\u00e9sentation du master CCA en formation continue - IGR IAE Rennes","og_description":"Les responsables p\u00e9dagogiques du Master CCA en formation continue vous proposent une visioconf\u00e9rence","og_url":"https:\/\/www.igr.univ-rennes.fr\/fr\/visioconference-le-mardi-10-mars-2026-presentation-du-master-cca-en-formation-continue\/","og_site_name":"IGR IAE Rennes","article_published_time":"2026-01-20T13:26:29+00:00","article_modified_time":"2026-01-22T14:30:41+00:00","og_image":[{"width":2400,"height":1260,"url":"https:\/\/www.igr.univ-rennes.fr\/wp-content\/uploads\/2026\/01\/confCCA-FC-10mars2026.jpg","type":"image\/jpeg"}],"author":"Marie-Annick Robin","twitter_card":"summary_large_image","twitter_misc":{"\u00c9crit par":"Marie-Annick Robin","Dur\u00e9e de lecture estim\u00e9e":"1 minute"},"schema":{"@context":"https:\/\/schema.org","@graph":[{"@type":"Article","@id":"https:\/\/www.igr.univ-rennes.fr\/fr\/visioconference-le-mardi-10-mars-2026-presentation-du-master-cca-en-formation-continue\/#article","isPartOf":{"@id":"https:\/\/www.igr.univ-rennes.fr\/fr\/visioconference-le-mardi-10-mars-2026-presentation-du-master-cca-en-formation-continue\/"},"author":{"name":"Marie-Annick Robin","@id":"https:\/\/www.igr.univ-rennes.fr\/fr\/#\/schema\/person\/5f1ef906f2986c0eaa338b7258c4082b"},"headline":"Visioconf\u00e9rence le mardi 10 mars 2026 : Pr\u00e9sentation du master CCA en formation continue","datePublished":"2026-01-20T13:26:29+00:00","dateModified":"2026-01-22T14:30:41+00:00","mainEntityOfPage":{"@id":"https:\/\/www.igr.univ-rennes.fr\/fr\/visioconference-le-mardi-10-mars-2026-presentation-du-master-cca-en-formation-continue\/"},"wordCount":94,"publisher":{"@id":"https:\/\/www.igr.univ-rennes.fr\/fr\/#organization"},"articleSection":["Formation"],"inLanguage":"fr-FR"},{"@type":"WebPage","@id":"https:\/\/www.igr.univ-rennes.fr\/fr\/visioconference-le-mardi-10-mars-2026-presentation-du-master-cca-en-formation-continue\/","url":"https:\/\/www.igr.univ-rennes.fr\/fr\/visioconference-le-mardi-10-mars-2026-presentation-du-master-cca-en-formation-continue\/","name":"Visioconf\u00e9rence le mardi 10 mars 2026 : Pr\u00e9sentation du master CCA en formation continue - IGR IAE Rennes","isPartOf":{"@id":"https:\/\/www.igr.univ-rennes.fr\/fr\/#website"},"datePublished":"2026-01-20T13:26:29+00:00","dateModified":"2026-01-22T14:30:41+00:00","breadcrumb":{"@id":"https:\/\/www.igr.univ-rennes.fr\/fr\/visioconference-le-mardi-10-mars-2026-presentation-du-master-cca-en-formation-continue\/#breadcrumb"},"inLanguage":"fr-FR","potentialAction":[{"@type":"ReadAction","target":["https:\/\/www.igr.univ-rennes.fr\/fr\/visioconference-le-mardi-10-mars-2026-presentation-du-master-cca-en-formation-continue\/"]}]},{"@type":"BreadcrumbList","@id":"https:\/\/www.igr.univ-rennes.fr\/fr\/visioconference-le-mardi-10-mars-2026-presentation-du-master-cca-en-formation-continue\/#breadcrumb","itemListElement":[{"@type":"ListItem","position":1,"name":"Accueil","item":"https:\/\/www.igr.univ-rennes.fr\/fr\/"},{"@type":"ListItem","position":2,"name":"Visioconf\u00e9rence le mardi 10 mars 2026 : Pr\u00e9sentation du master CCA en formation continue"}]},{"@type":"WebSite","@id":"https:\/\/www.igr.univ-rennes.fr\/fr\/#website","url":"https:\/\/www.igr.univ-rennes.fr\/fr\/","name":"IGR IAE Rennes","description":"","publisher":{"@id":"https:\/\/www.igr.univ-rennes.fr\/fr\/#organization"},"potentialAction":[{"@type":"SearchAction","target":{"@type":"EntryPoint","urlTemplate":"https:\/\/www.igr.univ-rennes.fr\/fr\/?s={search_term_string}"},"query-input":"required name=search_term_string"}],"inLanguage":"fr-FR"},{"@type":"Organization","@id":"https:\/\/www.igr.univ-rennes.fr\/fr\/#organization","name":"IGR IAE Rennes","url":"https:\/\/www.igr.univ-rennes.fr\/fr\/","logo":{"@type":"ImageObject","inLanguage":"fr-FR","@id":"https:\/\/www.igr.univ-rennes.fr\/fr\/#\/schema\/logo\/image\/","url":"https:\/\/www.igr.univ-rennes.fr\/wp-content\/uploads\/2020\/06\/Logo-IGR-IAE-Rennes_Blanc-300dpi-RVB-e1597327228224.png","contentUrl":"https:\/\/www.igr.univ-rennes.fr\/wp-content\/uploads\/2020\/06\/Logo-IGR-IAE-Rennes_Blanc-300dpi-RVB-e1597327228224.png","width":290,"height":107,"caption":"IGR IAE Rennes"},"image":{"@id":"https:\/\/www.igr.univ-rennes.fr\/fr\/#\/schema\/logo\/image\/"}},{"@type":"Person","@id":"https:\/\/www.igr.univ-rennes.fr\/fr\/#\/schema\/person\/5f1ef906f2986c0eaa338b7258c4082b","name":"Marie-Annick Robin","image":{"@type":"ImageObject","inLanguage":"fr-FR","@id":"https:\/\/www.igr.univ-rennes.fr\/fr\/#\/schema\/person\/image\/","url":"https:\/\/secure.gravatar.com\/avatar\/2be340e59f359ca7aa475c1693137388?s=96&d=mm&r=g","contentUrl":"https:\/\/secure.gravatar.com\/avatar\/2be340e59f359ca7aa475c1693137388?s=96&d=mm&r=g","caption":"Marie-Annick Robin"}}]}},"_links":{"self":[{"href":"https:\/\/www.igr.univ-rennes.fr\/fr\/wp-json\/wp\/v2\/posts\/556002"}],"collection":[{"href":"https:\/\/www.igr.univ-rennes.fr\/fr\/wp-json\/wp\/v2\/posts"}],"about":[{"href":"https:\/\/www.igr.univ-rennes.fr\/fr\/wp-json\/wp\/v2\/types\/post"}],"author":[{"embeddable":true,"href":"https:\/\/www.igr.univ-rennes.fr\/fr\/wp-json\/wp\/v2\/users\/11"}],"replies":[{"embeddable":true,"href":"https:\/\/www.igr.univ-rennes.fr\/fr\/wp-json\/wp\/v2\/comments?post=556002"}],"version-history":[{"count":13,"href":"https:\/\/www.igr.univ-rennes.fr\/fr\/wp-json\/wp\/v2\/posts\/556002\/revisions"}],"predecessor-version":[{"id":556280,"href":"https:\/\/www.igr.univ-rennes.fr\/fr\/wp-json\/wp\/v2\/posts\/556002\/revisions\/556280"}],"wp:featuredmedia":[{"embeddable":true,"href":"https:\/\/www.igr.univ-rennes.fr\/fr\/wp-json\/wp\/v2\/media\/556016"}],"wp:attachment":[{"href":"https:\/\/www.igr.univ-rennes.fr\/fr\/wp-json\/wp\/v2\/media?parent=556002"}],"wp:term":[{"taxonomy":"category","embeddable":true,"href":"https:\/\/www.igr.univ-rennes.fr\/fr\/wp-json\/wp\/v2\/categories?post=556002"},{"taxonomy":"post_tag","embeddable":true,"href":"https:\/\/www.igr.univ-rennes.fr\/fr\/wp-json\/wp\/v2\/tags?post=556002"}],"curies":[{"name":"wp","href":"https:\/\/api.w.org\/{rel}","templated":true}]}}