{"id":544805,"date":"2025-12-12T12:25:47","date_gmt":"2025-12-12T11:25:47","guid":{"rendered":"https:\/\/www.igr.univ-rennes.fr\/?p=544805"},"modified":"2025-12-18T15:11:33","modified_gmt":"2025-12-18T14:11:33","slug":"conference-pop-up-rh-et-vous-cest-quoi-votre-vision-du-handicap-au-travail","status":"publish","type":"post","link":"https:\/\/www.igr.univ-rennes.fr\/fr\/conference-pop-up-rh-et-vous-cest-quoi-votre-vision-du-handicap-au-travail\/","title":{"rendered":"Conf\u00e9rence POP UP RH+ Et vous, c\u2019est quoi votre vision du handicap au travail ?"},"content":{"rendered":"\t\t<div data-elementor-type=\"wp-post\" data-elementor-id=\"544805\" class=\"elementor elementor-544805\" data-elementor-post-type=\"post\">\n\t\t\t\t\t\t<section class=\"elementor-section elementor-top-section elementor-element elementor-element-a2bec90 elementor-section-boxed elementor-section-height-default elementor-section-height-default\" data-id=\"a2bec90\" data-element_type=\"section\" data-e-type=\"section\">\n\t\t\t\t\t\t<div class=\"elementor-container elementor-column-gap-default\">\n\t\t\t\t\t<div class=\"elementor-column elementor-col-100 elementor-top-column elementor-element elementor-element-3dff5df\" data-id=\"3dff5df\" data-element_type=\"column\" data-e-type=\"column\">\n\t\t\t<div class=\"elementor-widget-wrap elementor-element-populated\">\n\t\t\t\t\t\t<div class=\"elementor-element elementor-element-d9d1ed5 elementor-widget elementor-widget-text-editor\" data-id=\"d9d1ed5\" data-element_type=\"widget\" data-e-type=\"widget\" data-widget_type=\"text-editor.default\">\n\t\t\t\t<div class=\"elementor-widget-container\">\n\t\t\t\t\t\t\t\t\t<p>Les <strong>\u00e9tudiant(e)s du Master 1 GRH en Formation Alternance<\/strong> ont le plaisir de vous inviter \u00e0 la deuxi\u00e8me conf\u00e9rence POP UP RH+ de l\u2019ann\u00e9e, sur le th\u00e8me :<\/p><h4 style=\"text-align: center;\"><strong>Le handicap au travail, si on HANDiscutait ?<\/strong><\/h4><p>Parlons-en vraiment. Handicap visible, invisible, am\u00e9nagements, recrutement, inclusion au quotidien\u2026<\/p><p>Le handicap en entreprise, c\u2019est un sujet qui nous concerne tous. Et si on prenait enfin le temps d\u2019en discuter ?<\/p><p>\ud83d\uddd3 <strong>Mercredi 17 d\u00e9cembre<\/strong><br \/>\u23f0 17h30 \u2013 19h00<br \/>\ud83d\udccd Amphith\u00e9\u00e2tre 2 &#8211; Jane Aubert-Krier<br \/>\ud83c\udfa4 \u00ab <strong>Le handicap au travail, si on HANDIscutait ?<\/strong> \u00bb<\/p><p>Une rencontre conviviale et interactive pour mieux comprendre, lever les id\u00e9es re\u00e7ues et construire ensemble des environnements de travail plus inclusifs.<\/p>\t\t\t\t\t\t\t\t<\/div>\n\t\t\t\t<\/div>\n\t\t\t\t\t<\/div>\n\t\t<\/div>\n\t\t\t\t\t<\/div>\n\t\t<\/section>\n\t\t\t\t<\/div>\n\t\t","protected":false},"excerpt":{"rendered":"<p>Les \u00e9tudiant(e)s du Master 1 GRH FA ont le plaisir de vous inviter \u00e0 la deuxi\u00e8me conf\u00e9rence POP UP RH+ de l\u2019ann\u00e9e<\/p>\n","protected":false},"author":11,"featured_media":544806,"comment_status":"closed","ping_status":"closed","sticky":false,"template":"","format":"standard","meta":{"_acf_changed":false,"footnotes":""},"categories":[64],"tags":[],"class_list":["post-544805","post","type-post","status-publish","format-standard","has-post-thumbnail","hentry","category-formation"],"acf":[],"yoast_head":"<!-- This site is optimized with the Yoast SEO plugin v27.5 - https:\/\/yoast.com\/product\/yoast-seo-wordpress\/ -->\n<title>Conf\u00e9rence POP UP RH+ Et vous, c\u2019est quoi votre vision du handicap au travail ? - IGR IAE Rennes<\/title>\n<meta name=\"robots\" content=\"index, follow, max-snippet:-1, max-image-preview:large, max-video-preview:-1\" \/>\n<link rel=\"canonical\" href=\"https:\/\/www.igr.univ-rennes.fr\/fr\/conference-pop-up-rh-et-vous-cest-quoi-votre-vision-du-handicap-au-travail\/\" \/>\n<meta property=\"og:locale\" content=\"fr_FR\" \/>\n<meta property=\"og:type\" content=\"article\" \/>\n<meta property=\"og:title\" content=\"Conf\u00e9rence POP UP RH+ Et vous, c\u2019est quoi votre vision du handicap au travail ? - IGR IAE Rennes\" \/>\n<meta property=\"og:description\" content=\"Les \u00e9tudiant(e)s du Master 1 GRH FA ont le plaisir de vous inviter \u00e0 la deuxi\u00e8me conf\u00e9rence POP UP RH+ de l\u2019ann\u00e9e\" \/>\n<meta property=\"og:url\" content=\"https:\/\/www.igr.univ-rennes.fr\/fr\/conference-pop-up-rh-et-vous-cest-quoi-votre-vision-du-handicap-au-travail\/\" \/>\n<meta property=\"og:site_name\" content=\"IGR IAE Rennes\" \/>\n<meta property=\"article:published_time\" content=\"2025-12-12T11:25:47+00:00\" \/>\n<meta property=\"article:modified_time\" content=\"2025-12-18T14:11:33+00:00\" \/>\n<meta property=\"og:image\" content=\"https:\/\/www.igr.univ-rennes.fr\/wp-content\/uploads\/2025\/12\/POP-UP-RH-Affiche-Com.png\" \/>\n\t<meta property=\"og:image:width\" content=\"1080\" \/>\n\t<meta property=\"og:image:height\" content=\"1350\" \/>\n\t<meta property=\"og:image:type\" content=\"image\/png\" \/>\n<meta name=\"author\" content=\"Marie-Annick Robin\" \/>\n<meta name=\"twitter:card\" content=\"summary_large_image\" \/>\n<meta name=\"twitter:label1\" content=\"\u00c9crit par\" \/>\n\t<meta name=\"twitter:data1\" content=\"Marie-Annick Robin\" \/>\n\t<meta name=\"twitter:label2\" content=\"Dur\u00e9e de lecture estim\u00e9e\" \/>\n\t<meta name=\"twitter:data2\" content=\"1 minute\" \/>\n<script type=\"application\/ld+json\" class=\"yoast-schema-graph\">{\"@context\":\"https:\\\/\\\/schema.org\",\"@graph\":[{\"@type\":\"Article\",\"@id\":\"https:\\\/\\\/www.igr.univ-rennes.fr\\\/fr\\\/conference-pop-up-rh-et-vous-cest-quoi-votre-vision-du-handicap-au-travail\\\/#article\",\"isPartOf\":{\"@id\":\"https:\\\/\\\/www.igr.univ-rennes.fr\\\/fr\\\/conference-pop-up-rh-et-vous-cest-quoi-votre-vision-du-handicap-au-travail\\\/\"},\"author\":{\"name\":\"Marie-Annick Robin\",\"@id\":\"https:\\\/\\\/www.igr.univ-rennes.fr\\\/fr\\\/#\\\/schema\\\/person\\\/5f1ef906f2986c0eaa338b7258c4082b\"},\"headline\":\"Conf\u00e9rence POP UP RH+ Et vous, c\u2019est quoi votre vision du handicap au travail ?\",\"datePublished\":\"2025-12-12T11:25:47+00:00\",\"dateModified\":\"2025-12-18T14:11:33+00:00\",\"mainEntityOfPage\":{\"@id\":\"https:\\\/\\\/www.igr.univ-rennes.fr\\\/fr\\\/conference-pop-up-rh-et-vous-cest-quoi-votre-vision-du-handicap-au-travail\\\/\"},\"wordCount\":128,\"publisher\":{\"@id\":\"https:\\\/\\\/www.igr.univ-rennes.fr\\\/fr\\\/#organization\"},\"image\":{\"@id\":\"https:\\\/\\\/www.igr.univ-rennes.fr\\\/fr\\\/conference-pop-up-rh-et-vous-cest-quoi-votre-vision-du-handicap-au-travail\\\/#primaryimage\"},\"thumbnailUrl\":\"https:\\\/\\\/www.igr.univ-rennes.fr\\\/wp-content\\\/uploads\\\/2025\\\/12\\\/POP-UP-RH-Affiche-Com.png\",\"articleSection\":[\"Formation\"],\"inLanguage\":\"fr-FR\"},{\"@type\":\"WebPage\",\"@id\":\"https:\\\/\\\/www.igr.univ-rennes.fr\\\/fr\\\/conference-pop-up-rh-et-vous-cest-quoi-votre-vision-du-handicap-au-travail\\\/\",\"url\":\"https:\\\/\\\/www.igr.univ-rennes.fr\\\/fr\\\/conference-pop-up-rh-et-vous-cest-quoi-votre-vision-du-handicap-au-travail\\\/\",\"name\":\"Conf\u00e9rence POP UP RH+ Et vous, c\u2019est quoi votre vision du handicap au travail ? - IGR IAE Rennes\",\"isPartOf\":{\"@id\":\"https:\\\/\\\/www.igr.univ-rennes.fr\\\/fr\\\/#website\"},\"primaryImageOfPage\":{\"@id\":\"https:\\\/\\\/www.igr.univ-rennes.fr\\\/fr\\\/conference-pop-up-rh-et-vous-cest-quoi-votre-vision-du-handicap-au-travail\\\/#primaryimage\"},\"image\":{\"@id\":\"https:\\\/\\\/www.igr.univ-rennes.fr\\\/fr\\\/conference-pop-up-rh-et-vous-cest-quoi-votre-vision-du-handicap-au-travail\\\/#primaryimage\"},\"thumbnailUrl\":\"https:\\\/\\\/www.igr.univ-rennes.fr\\\/wp-content\\\/uploads\\\/2025\\\/12\\\/POP-UP-RH-Affiche-Com.png\",\"datePublished\":\"2025-12-12T11:25:47+00:00\",\"dateModified\":\"2025-12-18T14:11:33+00:00\",\"breadcrumb\":{\"@id\":\"https:\\\/\\\/www.igr.univ-rennes.fr\\\/fr\\\/conference-pop-up-rh-et-vous-cest-quoi-votre-vision-du-handicap-au-travail\\\/#breadcrumb\"},\"inLanguage\":\"fr-FR\",\"potentialAction\":[{\"@type\":\"ReadAction\",\"target\":[\"https:\\\/\\\/www.igr.univ-rennes.fr\\\/fr\\\/conference-pop-up-rh-et-vous-cest-quoi-votre-vision-du-handicap-au-travail\\\/\"]}]},{\"@type\":\"ImageObject\",\"inLanguage\":\"fr-FR\",\"@id\":\"https:\\\/\\\/www.igr.univ-rennes.fr\\\/fr\\\/conference-pop-up-rh-et-vous-cest-quoi-votre-vision-du-handicap-au-travail\\\/#primaryimage\",\"url\":\"https:\\\/\\\/www.igr.univ-rennes.fr\\\/wp-content\\\/uploads\\\/2025\\\/12\\\/POP-UP-RH-Affiche-Com.png\",\"contentUrl\":\"https:\\\/\\\/www.igr.univ-rennes.fr\\\/wp-content\\\/uploads\\\/2025\\\/12\\\/POP-UP-RH-Affiche-Com.png\",\"width\":1080,\"height\":1350,\"caption\":\"POP UP RH Affiche Com\"},{\"@type\":\"BreadcrumbList\",\"@id\":\"https:\\\/\\\/www.igr.univ-rennes.fr\\\/fr\\\/conference-pop-up-rh-et-vous-cest-quoi-votre-vision-du-handicap-au-travail\\\/#breadcrumb\",\"itemListElement\":[{\"@type\":\"ListItem\",\"position\":1,\"name\":\"Accueil\",\"item\":\"https:\\\/\\\/www.igr.univ-rennes.fr\\\/fr\\\/\"},{\"@type\":\"ListItem\",\"position\":2,\"name\":\"Conf\u00e9rence POP UP RH+ Et vous, c\u2019est quoi votre vision du handicap au travail ?\"}]},{\"@type\":\"WebSite\",\"@id\":\"https:\\\/\\\/www.igr.univ-rennes.fr\\\/fr\\\/#website\",\"url\":\"https:\\\/\\\/www.igr.univ-rennes.fr\\\/fr\\\/\",\"name\":\"IGR IAE Rennes\",\"description\":\"\",\"publisher\":{\"@id\":\"https:\\\/\\\/www.igr.univ-rennes.fr\\\/fr\\\/#organization\"},\"potentialAction\":[{\"@type\":\"SearchAction\",\"target\":{\"@type\":\"EntryPoint\",\"urlTemplate\":\"https:\\\/\\\/www.igr.univ-rennes.fr\\\/fr\\\/?s={search_term_string}\"},\"query-input\":{\"@type\":\"PropertyValueSpecification\",\"valueRequired\":true,\"valueName\":\"search_term_string\"}}],\"inLanguage\":\"fr-FR\"},{\"@type\":\"Organization\",\"@id\":\"https:\\\/\\\/www.igr.univ-rennes.fr\\\/fr\\\/#organization\",\"name\":\"IGR IAE Rennes\",\"url\":\"https:\\\/\\\/www.igr.univ-rennes.fr\\\/fr\\\/\",\"logo\":{\"@type\":\"ImageObject\",\"inLanguage\":\"fr-FR\",\"@id\":\"https:\\\/\\\/www.igr.univ-rennes.fr\\\/fr\\\/#\\\/schema\\\/logo\\\/image\\\/\",\"url\":\"https:\\\/\\\/www.igr.univ-rennes.fr\\\/wp-content\\\/uploads\\\/2020\\\/06\\\/Logo-IGR-IAE-Rennes_Blanc-300dpi-RVB-e1597327228224.png\",\"contentUrl\":\"https:\\\/\\\/www.igr.univ-rennes.fr\\\/wp-content\\\/uploads\\\/2020\\\/06\\\/Logo-IGR-IAE-Rennes_Blanc-300dpi-RVB-e1597327228224.png\",\"width\":290,\"height\":107,\"caption\":\"IGR IAE Rennes\"},\"image\":{\"@id\":\"https:\\\/\\\/www.igr.univ-rennes.fr\\\/fr\\\/#\\\/schema\\\/logo\\\/image\\\/\"}},{\"@type\":\"Person\",\"@id\":\"https:\\\/\\\/www.igr.univ-rennes.fr\\\/fr\\\/#\\\/schema\\\/person\\\/5f1ef906f2986c0eaa338b7258c4082b\",\"name\":\"Marie-Annick Robin\",\"image\":{\"@type\":\"ImageObject\",\"inLanguage\":\"fr-FR\",\"@id\":\"https:\\\/\\\/secure.gravatar.com\\\/avatar\\\/f9293e68571e20c548e6d32c7885fdfb06e6f56349fe920439a102a2234f78c3?s=96&d=mm&r=g\",\"url\":\"https:\\\/\\\/secure.gravatar.com\\\/avatar\\\/f9293e68571e20c548e6d32c7885fdfb06e6f56349fe920439a102a2234f78c3?s=96&d=mm&r=g\",\"contentUrl\":\"https:\\\/\\\/secure.gravatar.com\\\/avatar\\\/f9293e68571e20c548e6d32c7885fdfb06e6f56349fe920439a102a2234f78c3?s=96&d=mm&r=g\",\"caption\":\"Marie-Annick Robin\"}}]}<\/script>\n<!-- \/ Yoast SEO plugin. -->","yoast_head_json":{"title":"Conf\u00e9rence POP UP RH+ Et vous, c\u2019est quoi votre vision du handicap au travail ? - IGR IAE Rennes","robots":{"index":"index","follow":"follow","max-snippet":"max-snippet:-1","max-image-preview":"max-image-preview:large","max-video-preview":"max-video-preview:-1"},"canonical":"https:\/\/www.igr.univ-rennes.fr\/fr\/conference-pop-up-rh-et-vous-cest-quoi-votre-vision-du-handicap-au-travail\/","og_locale":"fr_FR","og_type":"article","og_title":"Conf\u00e9rence POP UP RH+ Et vous, c\u2019est quoi votre vision du handicap au travail ? - IGR IAE Rennes","og_description":"Les \u00e9tudiant(e)s du Master 1 GRH FA ont le plaisir de vous inviter \u00e0 la deuxi\u00e8me conf\u00e9rence POP UP RH+ de l\u2019ann\u00e9e","og_url":"https:\/\/www.igr.univ-rennes.fr\/fr\/conference-pop-up-rh-et-vous-cest-quoi-votre-vision-du-handicap-au-travail\/","og_site_name":"IGR IAE Rennes","article_published_time":"2025-12-12T11:25:47+00:00","article_modified_time":"2025-12-18T14:11:33+00:00","og_image":[{"width":1080,"height":1350,"url":"https:\/\/www.igr.univ-rennes.fr\/wp-content\/uploads\/2025\/12\/POP-UP-RH-Affiche-Com.png","type":"image\/png"}],"author":"Marie-Annick Robin","twitter_card":"summary_large_image","twitter_misc":{"\u00c9crit par":"Marie-Annick Robin","Dur\u00e9e de lecture estim\u00e9e":"1 minute"},"schema":{"@context":"https:\/\/schema.org","@graph":[{"@type":"Article","@id":"https:\/\/www.igr.univ-rennes.fr\/fr\/conference-pop-up-rh-et-vous-cest-quoi-votre-vision-du-handicap-au-travail\/#article","isPartOf":{"@id":"https:\/\/www.igr.univ-rennes.fr\/fr\/conference-pop-up-rh-et-vous-cest-quoi-votre-vision-du-handicap-au-travail\/"},"author":{"name":"Marie-Annick Robin","@id":"https:\/\/www.igr.univ-rennes.fr\/fr\/#\/schema\/person\/5f1ef906f2986c0eaa338b7258c4082b"},"headline":"Conf\u00e9rence POP UP RH+ Et vous, c\u2019est quoi votre vision du handicap au travail ?","datePublished":"2025-12-12T11:25:47+00:00","dateModified":"2025-12-18T14:11:33+00:00","mainEntityOfPage":{"@id":"https:\/\/www.igr.univ-rennes.fr\/fr\/conference-pop-up-rh-et-vous-cest-quoi-votre-vision-du-handicap-au-travail\/"},"wordCount":128,"publisher":{"@id":"https:\/\/www.igr.univ-rennes.fr\/fr\/#organization"},"image":{"@id":"https:\/\/www.igr.univ-rennes.fr\/fr\/conference-pop-up-rh-et-vous-cest-quoi-votre-vision-du-handicap-au-travail\/#primaryimage"},"thumbnailUrl":"https:\/\/www.igr.univ-rennes.fr\/wp-content\/uploads\/2025\/12\/POP-UP-RH-Affiche-Com.png","articleSection":["Formation"],"inLanguage":"fr-FR"},{"@type":"WebPage","@id":"https:\/\/www.igr.univ-rennes.fr\/fr\/conference-pop-up-rh-et-vous-cest-quoi-votre-vision-du-handicap-au-travail\/","url":"https:\/\/www.igr.univ-rennes.fr\/fr\/conference-pop-up-rh-et-vous-cest-quoi-votre-vision-du-handicap-au-travail\/","name":"Conf\u00e9rence POP UP RH+ Et vous, c\u2019est quoi votre vision du handicap au travail ? - IGR IAE Rennes","isPartOf":{"@id":"https:\/\/www.igr.univ-rennes.fr\/fr\/#website"},"primaryImageOfPage":{"@id":"https:\/\/www.igr.univ-rennes.fr\/fr\/conference-pop-up-rh-et-vous-cest-quoi-votre-vision-du-handicap-au-travail\/#primaryimage"},"image":{"@id":"https:\/\/www.igr.univ-rennes.fr\/fr\/conference-pop-up-rh-et-vous-cest-quoi-votre-vision-du-handicap-au-travail\/#primaryimage"},"thumbnailUrl":"https:\/\/www.igr.univ-rennes.fr\/wp-content\/uploads\/2025\/12\/POP-UP-RH-Affiche-Com.png","datePublished":"2025-12-12T11:25:47+00:00","dateModified":"2025-12-18T14:11:33+00:00","breadcrumb":{"@id":"https:\/\/www.igr.univ-rennes.fr\/fr\/conference-pop-up-rh-et-vous-cest-quoi-votre-vision-du-handicap-au-travail\/#breadcrumb"},"inLanguage":"fr-FR","potentialAction":[{"@type":"ReadAction","target":["https:\/\/www.igr.univ-rennes.fr\/fr\/conference-pop-up-rh-et-vous-cest-quoi-votre-vision-du-handicap-au-travail\/"]}]},{"@type":"ImageObject","inLanguage":"fr-FR","@id":"https:\/\/www.igr.univ-rennes.fr\/fr\/conference-pop-up-rh-et-vous-cest-quoi-votre-vision-du-handicap-au-travail\/#primaryimage","url":"https:\/\/www.igr.univ-rennes.fr\/wp-content\/uploads\/2025\/12\/POP-UP-RH-Affiche-Com.png","contentUrl":"https:\/\/www.igr.univ-rennes.fr\/wp-content\/uploads\/2025\/12\/POP-UP-RH-Affiche-Com.png","width":1080,"height":1350,"caption":"POP UP RH Affiche Com"},{"@type":"BreadcrumbList","@id":"https:\/\/www.igr.univ-rennes.fr\/fr\/conference-pop-up-rh-et-vous-cest-quoi-votre-vision-du-handicap-au-travail\/#breadcrumb","itemListElement":[{"@type":"ListItem","position":1,"name":"Accueil","item":"https:\/\/www.igr.univ-rennes.fr\/fr\/"},{"@type":"ListItem","position":2,"name":"Conf\u00e9rence POP UP RH+ Et vous, c\u2019est quoi votre vision du handicap au travail ?"}]},{"@type":"WebSite","@id":"https:\/\/www.igr.univ-rennes.fr\/fr\/#website","url":"https:\/\/www.igr.univ-rennes.fr\/fr\/","name":"IGR IAE Rennes","description":"","publisher":{"@id":"https:\/\/www.igr.univ-rennes.fr\/fr\/#organization"},"potentialAction":[{"@type":"SearchAction","target":{"@type":"EntryPoint","urlTemplate":"https:\/\/www.igr.univ-rennes.fr\/fr\/?s={search_term_string}"},"query-input":{"@type":"PropertyValueSpecification","valueRequired":true,"valueName":"search_term_string"}}],"inLanguage":"fr-FR"},{"@type":"Organization","@id":"https:\/\/www.igr.univ-rennes.fr\/fr\/#organization","name":"IGR IAE Rennes","url":"https:\/\/www.igr.univ-rennes.fr\/fr\/","logo":{"@type":"ImageObject","inLanguage":"fr-FR","@id":"https:\/\/www.igr.univ-rennes.fr\/fr\/#\/schema\/logo\/image\/","url":"https:\/\/www.igr.univ-rennes.fr\/wp-content\/uploads\/2020\/06\/Logo-IGR-IAE-Rennes_Blanc-300dpi-RVB-e1597327228224.png","contentUrl":"https:\/\/www.igr.univ-rennes.fr\/wp-content\/uploads\/2020\/06\/Logo-IGR-IAE-Rennes_Blanc-300dpi-RVB-e1597327228224.png","width":290,"height":107,"caption":"IGR IAE Rennes"},"image":{"@id":"https:\/\/www.igr.univ-rennes.fr\/fr\/#\/schema\/logo\/image\/"}},{"@type":"Person","@id":"https:\/\/www.igr.univ-rennes.fr\/fr\/#\/schema\/person\/5f1ef906f2986c0eaa338b7258c4082b","name":"Marie-Annick Robin","image":{"@type":"ImageObject","inLanguage":"fr-FR","@id":"https:\/\/secure.gravatar.com\/avatar\/f9293e68571e20c548e6d32c7885fdfb06e6f56349fe920439a102a2234f78c3?s=96&d=mm&r=g","url":"https:\/\/secure.gravatar.com\/avatar\/f9293e68571e20c548e6d32c7885fdfb06e6f56349fe920439a102a2234f78c3?s=96&d=mm&r=g","contentUrl":"https:\/\/secure.gravatar.com\/avatar\/f9293e68571e20c548e6d32c7885fdfb06e6f56349fe920439a102a2234f78c3?s=96&d=mm&r=g","caption":"Marie-Annick Robin"}}]}},"_links":{"self":[{"href":"https:\/\/www.igr.univ-rennes.fr\/fr\/wp-json\/wp\/v2\/posts\/544805","targetHints":{"allow":["GET"]}}],"collection":[{"href":"https:\/\/www.igr.univ-rennes.fr\/fr\/wp-json\/wp\/v2\/posts"}],"about":[{"href":"https:\/\/www.igr.univ-rennes.fr\/fr\/wp-json\/wp\/v2\/types\/post"}],"author":[{"embeddable":true,"href":"https:\/\/www.igr.univ-rennes.fr\/fr\/wp-json\/wp\/v2\/users\/11"}],"replies":[{"embeddable":true,"href":"https:\/\/www.igr.univ-rennes.fr\/fr\/wp-json\/wp\/v2\/comments?post=544805"}],"version-history":[{"count":10,"href":"https:\/\/www.igr.univ-rennes.fr\/fr\/wp-json\/wp\/v2\/posts\/544805\/revisions"}],"predecessor-version":[{"id":546702,"href":"https:\/\/www.igr.univ-rennes.fr\/fr\/wp-json\/wp\/v2\/posts\/544805\/revisions\/546702"}],"wp:featuredmedia":[{"embeddable":true,"href":"https:\/\/www.igr.univ-rennes.fr\/fr\/wp-json\/wp\/v2\/media\/544806"}],"wp:attachment":[{"href":"https:\/\/www.igr.univ-rennes.fr\/fr\/wp-json\/wp\/v2\/media?parent=544805"}],"wp:term":[{"taxonomy":"category","embeddable":true,"href":"https:\/\/www.igr.univ-rennes.fr\/fr\/wp-json\/wp\/v2\/categories?post=544805"},{"taxonomy":"post_tag","embeddable":true,"href":"https:\/\/www.igr.univ-rennes.fr\/fr\/wp-json\/wp\/v2\/tags?post=544805"}],"curies":[{"name":"wp","href":"https:\/\/api.w.org\/{rel}","templated":true}]}}