{"id":543028,"date":"2025-12-03T15:47:37","date_gmt":"2025-12-03T14:47:37","guid":{"rendered":"https:\/\/www.igr.univ-rennes.fr\/?p=543028"},"modified":"2025-12-03T15:57:50","modified_gmt":"2025-12-03T14:57:50","slug":"seminaire-futurs-experts-comptables-2025","status":"publish","type":"post","link":"https:\/\/www.igr.univ-rennes.fr\/fr\/seminaire-futurs-experts-comptables-2025\/","title":{"rendered":"S\u00e9minaire futurs experts-comptables 2025"},"content":{"rendered":"\t\t<div data-elementor-type=\"wp-post\" data-elementor-id=\"543028\" class=\"elementor elementor-543028\">\n\t\t\t\t\t\t\t\t\t<section class=\"elementor-section elementor-top-section elementor-element elementor-element-2b037ff elementor-section-boxed elementor-section-height-default elementor-section-height-default\" data-id=\"2b037ff\" data-element_type=\"section\">\n\t\t\t\t\t\t<div class=\"elementor-container elementor-column-gap-default\">\n\t\t\t\t\t<div class=\"elementor-column elementor-col-100 elementor-top-column elementor-element elementor-element-9737844\" data-id=\"9737844\" data-element_type=\"column\">\n\t\t\t<div class=\"elementor-widget-wrap elementor-element-populated\">\n\t\t\t\t\t\t\t\t<div class=\"elementor-element elementor-element-7be4882 elementor-widget elementor-widget-text-editor\" data-id=\"7be4882\" data-element_type=\"widget\" data-widget_type=\"text-editor.default\">\n\t\t\t\t<div class=\"elementor-widget-container\">\n\t\t\t\t\t\t\t<p>Le <strong>s\u00e9minaire de cr\u00e9ation d\u2019entreprises sp\u00e9cial futurs experts-comptables<\/strong> a lieu cette ann\u00e9e du <strong>1er au 5 d\u00e9cembre 2025<\/strong>.<\/p><ul><li><strong>68 \u00e9tudiant(e)s<\/strong> : Master CCA 2 en formation initiale et Master CCA 2 en<br \/>apprentissage<\/li><li><strong>14 porteur(e)s<\/strong> de projets<\/li><li>Programme recens\u00e9 par l\u2019OPPE : Office p\u00e9dagogique des pratiques<br \/>entrepreneuriales<\/li><li>Programme de formation-action, learning by doing, du c\u00f4t\u00e9 du conseil en cr\u00e9ation sur les aspects strat\u00e9giques, marketing, humains, juridiques, comptables et financiers des projets<\/li><\/ul><h4>Objectifs<\/h4><ul><li>Initiation \u00e0 la cr\u00e9ation d\u2019entreprises, du c\u00f4t\u00e9 du conseil en cr\u00e9ation.<\/li><li>Groupes de 4 \u00e0 5 \u00e9tudiants<\/li><li>Mise en situation de conseil du cr\u00e9ateur : aspects strat\u00e9giques, humains,<br \/>comptables\u2026<\/li><li>Audit de dossiers de cr\u00e9ation d\u2019entreprises<\/li><li>Mise en situation de confidentialit\u00e9<\/li><\/ul><h4>Contenu de l\u2019audit<\/h4><ul><li>Cas pratique : analyse du contenu d\u2019un dossier de cr\u00e9ation par \u00e9quipes \u2026.<\/li><li>Dossier de cr\u00e9ation d\u2019entreprises avec des probl\u00e9matiques<\/li><li>L\u2019id\u00e9e : se placer du c\u00f4t\u00e9 de l\u2019expert-comptable en tenant compte de l\u2019avis des<br \/>professionnels vus pendant la semaine pour donner des pr\u00e9conisations.<\/li><\/ul><h4>Crit\u00e8res \u00e0 prendre en compte et \u00e0 analyser<\/h4><ul><li>Aspects strat\u00e9giques (innovation, pertinence du concept), l\u2019actualit\u00e9 du concept,<\/li><li>Commerciaux (emplacement, politique de communication),<\/li><li>Politique de prix, marketing (pertinence de l\u2019\u00e9tude de march\u00e9, \u00e9tat de la concurrence<br \/>directe et indirecte)<\/li><li>Juridiques (choix de la structure, statut juridique du dirigeant, probl\u00e9matiques<br \/>juridiques particuli\u00e8res),<\/li><li>Comptables et financiers,<\/li><li>Humains.<\/li><li>Notation<\/li><\/ul><h4>Trois \u00e9l\u00e9ments constituent la notation<\/h4><ul><li>Une restitution de votre vision de l\u2019expert-comptable et de son r\u00f4le en cr\u00e9ation apport<br \/>des diff\u00e9rentes conf\u00e9rences,<\/li><li>Le CANVAS,<\/li><li>L\u2019oral de soutenance avec les r\u00e9ponses aux questions<\/li><\/ul><p>Merci aux diff\u00e9rents intervenants et coll\u00e8gues de l\u2019IGR-IAE Rennes qui ont donn\u00e9 de leur temps ou nous ont aid\u00e9 \u00e0 pr\u00e9parer ce s\u00e9minaire.<\/p><ul><li><strong>Thomas Auvray<\/strong> Fondateur de Klustomer, ancien \u00e9tudiant IGR-IAE Rennes<\/li><li><strong>L\u00e9o Bourdais<\/strong> Doctorant, IGR-IAE Rennes<\/li><li><strong>Moussa Diakho<\/strong> ATER, IGR-IAE Rennes<\/li><li><strong>Th\u00e9ophile Gallon<\/strong> Analyse Venture Capital, GO CAPITAL, ancien \u00e9tudiant IGR-<br \/>IAE Rennes<\/li><li><strong>Olivier Guillas<\/strong> Ma\u00eetre de conf\u00e9rences associ\u00e9, avocat droit social, IGR-IAE<br \/>Rennes<\/li><li><strong>Jean-Pascal Guinard<\/strong> Expert-comptable, Directeur qualit\u00e9 expertise, Cerfrance<\/li><li><strong>C\u00e9line Gu\u00e9rin-Delente<\/strong> Animatrice March\u00e9 des Professionnels,<br \/>Cr\u00e9dit Mutuel de Bretagne<\/li><li><strong>Laurent Le Hen<\/strong> Ma\u00eetre de conf\u00e9rences, IGR-IAE Rennes<\/li><li><strong>Emmanuel Lehuger<\/strong> Conseiller en Cr\u00e9ation d\u2019Entreprise, Inextenso<\/li><li><strong>Karine Le Rudulier<\/strong> Ma\u00eetre de conf\u00e9rences, IGR-IAE Rennes<\/li><li><strong>Emmanuel Lorant<\/strong> Expert-Comptable BLV Associ\u00e9s<\/li><li><strong>Emmanuelle Marte<\/strong>l Ma\u00eetre de conf\u00e9rences associ\u00e9e, juriste, IGR-IAE Rennes,<\/li><li><strong>Camille Planchais<\/strong> ATER, IGR-IAE Rennes<\/li><li><strong>Yassine Rochdi<\/strong> Sp\u00e9cialiste des marques de sport<\/li><li><strong>Laura Sabbado Da Rosa<\/strong> Ma\u00eetre de conf\u00e9rences, IGR-IAE Rennes<\/li><\/ul><p>Des \u00e9tudiants du MAE Entrepreneuriat et innovation seront \u00e9galement pr\u00e9sents dans les jurys.<\/p>\t\t\t\t\t\t<\/div>\n\t\t\t\t<\/div>\n\t\t\t\t\t<\/div>\n\t\t<\/div>\n\t\t\t\t\t\t\t<\/div>\n\t\t<\/section>\n\t\t\t\t\t\t\t<\/div>\n\t\t","protected":false},"excerpt":{"rendered":"<p>Le s\u00e9minaire de cr\u00e9ation d\u2019entreprises sp\u00e9cial futurs experts-comptables a lieu cette ann\u00e9e du 1er au 5 d\u00e9cembre 2025.<\/p>\n","protected":false},"author":11,"featured_media":543029,"comment_status":"closed","ping_status":"closed","sticky":true,"template":"","format":"standard","meta":{"footnotes":""},"categories":[64],"tags":[],"yoast_head":"<!-- This site is optimized with the Yoast SEO plugin v21.1 - https:\/\/yoast.com\/wordpress\/plugins\/seo\/ -->\n<title>S\u00e9minaire futurs experts-comptables 2025 - IGR IAE Rennes<\/title>\n<meta name=\"robots\" content=\"index, follow, max-snippet:-1, max-image-preview:large, max-video-preview:-1\" \/>\n<link rel=\"canonical\" href=\"https:\/\/www.igr.univ-rennes.fr\/fr\/seminaire-futurs-experts-comptables-2025\/\" \/>\n<meta property=\"og:locale\" content=\"fr_FR\" \/>\n<meta property=\"og:type\" content=\"article\" \/>\n<meta property=\"og:title\" content=\"S\u00e9minaire futurs experts-comptables 2025 - IGR IAE Rennes\" \/>\n<meta property=\"og:description\" content=\"Le s\u00e9minaire de cr\u00e9ation d\u2019entreprises sp\u00e9cial futurs experts-comptables a lieu cette ann\u00e9e du 1er au 5 d\u00e9cembre 2025.\" \/>\n<meta property=\"og:url\" content=\"https:\/\/www.igr.univ-rennes.fr\/fr\/seminaire-futurs-experts-comptables-2025\/\" \/>\n<meta property=\"og:site_name\" content=\"IGR IAE Rennes\" \/>\n<meta property=\"article:published_time\" content=\"2025-12-03T14:47:37+00:00\" \/>\n<meta property=\"article:modified_time\" content=\"2025-12-03T14:57:50+00:00\" \/>\n<meta property=\"og:image\" content=\"https:\/\/www.igr.univ-rennes.fr\/wp-content\/uploads\/2025\/12\/seminaire-futurs-experts-comptables-2025.jpg\" \/>\n\t<meta property=\"og:image:width\" content=\"2400\" \/>\n\t<meta property=\"og:image:height\" content=\"1260\" \/>\n\t<meta property=\"og:image:type\" content=\"image\/jpeg\" \/>\n<meta name=\"author\" content=\"Marie-Annick Robin\" \/>\n<meta name=\"twitter:card\" content=\"summary_large_image\" \/>\n<meta name=\"twitter:label1\" content=\"\u00c9crit par\" \/>\n\t<meta name=\"twitter:data1\" content=\"Marie-Annick Robin\" \/>\n\t<meta name=\"twitter:label2\" content=\"Dur\u00e9e de lecture estim\u00e9e\" \/>\n\t<meta name=\"twitter:data2\" content=\"3 minutes\" \/>\n<script type=\"application\/ld+json\" class=\"yoast-schema-graph\">{\"@context\":\"https:\/\/schema.org\",\"@graph\":[{\"@type\":\"Article\",\"@id\":\"https:\/\/www.igr.univ-rennes.fr\/fr\/seminaire-futurs-experts-comptables-2025\/#article\",\"isPartOf\":{\"@id\":\"https:\/\/www.igr.univ-rennes.fr\/fr\/seminaire-futurs-experts-comptables-2025\/\"},\"author\":{\"name\":\"Marie-Annick Robin\",\"@id\":\"https:\/\/www.igr.univ-rennes.fr\/fr\/#\/schema\/person\/5f1ef906f2986c0eaa338b7258c4082b\"},\"headline\":\"S\u00e9minaire futurs experts-comptables 2025\",\"datePublished\":\"2025-12-03T14:47:37+00:00\",\"dateModified\":\"2025-12-03T14:57:50+00:00\",\"mainEntityOfPage\":{\"@id\":\"https:\/\/www.igr.univ-rennes.fr\/fr\/seminaire-futurs-experts-comptables-2025\/\"},\"wordCount\":450,\"publisher\":{\"@id\":\"https:\/\/www.igr.univ-rennes.fr\/fr\/#organization\"},\"articleSection\":[\"Formation\"],\"inLanguage\":\"fr-FR\"},{\"@type\":\"WebPage\",\"@id\":\"https:\/\/www.igr.univ-rennes.fr\/fr\/seminaire-futurs-experts-comptables-2025\/\",\"url\":\"https:\/\/www.igr.univ-rennes.fr\/fr\/seminaire-futurs-experts-comptables-2025\/\",\"name\":\"S\u00e9minaire futurs experts-comptables 2025 - IGR IAE Rennes\",\"isPartOf\":{\"@id\":\"https:\/\/www.igr.univ-rennes.fr\/fr\/#website\"},\"datePublished\":\"2025-12-03T14:47:37+00:00\",\"dateModified\":\"2025-12-03T14:57:50+00:00\",\"breadcrumb\":{\"@id\":\"https:\/\/www.igr.univ-rennes.fr\/fr\/seminaire-futurs-experts-comptables-2025\/#breadcrumb\"},\"inLanguage\":\"fr-FR\",\"potentialAction\":[{\"@type\":\"ReadAction\",\"target\":[\"https:\/\/www.igr.univ-rennes.fr\/fr\/seminaire-futurs-experts-comptables-2025\/\"]}]},{\"@type\":\"BreadcrumbList\",\"@id\":\"https:\/\/www.igr.univ-rennes.fr\/fr\/seminaire-futurs-experts-comptables-2025\/#breadcrumb\",\"itemListElement\":[{\"@type\":\"ListItem\",\"position\":1,\"name\":\"Accueil\",\"item\":\"https:\/\/www.igr.univ-rennes.fr\/fr\/\"},{\"@type\":\"ListItem\",\"position\":2,\"name\":\"S\u00e9minaire futurs experts-comptables 2025\"}]},{\"@type\":\"WebSite\",\"@id\":\"https:\/\/www.igr.univ-rennes.fr\/fr\/#website\",\"url\":\"https:\/\/www.igr.univ-rennes.fr\/fr\/\",\"name\":\"IGR IAE Rennes\",\"description\":\"\",\"publisher\":{\"@id\":\"https:\/\/www.igr.univ-rennes.fr\/fr\/#organization\"},\"potentialAction\":[{\"@type\":\"SearchAction\",\"target\":{\"@type\":\"EntryPoint\",\"urlTemplate\":\"https:\/\/www.igr.univ-rennes.fr\/fr\/?s={search_term_string}\"},\"query-input\":\"required name=search_term_string\"}],\"inLanguage\":\"fr-FR\"},{\"@type\":\"Organization\",\"@id\":\"https:\/\/www.igr.univ-rennes.fr\/fr\/#organization\",\"name\":\"IGR IAE Rennes\",\"url\":\"https:\/\/www.igr.univ-rennes.fr\/fr\/\",\"logo\":{\"@type\":\"ImageObject\",\"inLanguage\":\"fr-FR\",\"@id\":\"https:\/\/www.igr.univ-rennes.fr\/fr\/#\/schema\/logo\/image\/\",\"url\":\"https:\/\/www.igr.univ-rennes.fr\/wp-content\/uploads\/2020\/06\/Logo-IGR-IAE-Rennes_Blanc-300dpi-RVB-e1597327228224.png\",\"contentUrl\":\"https:\/\/www.igr.univ-rennes.fr\/wp-content\/uploads\/2020\/06\/Logo-IGR-IAE-Rennes_Blanc-300dpi-RVB-e1597327228224.png\",\"width\":290,\"height\":107,\"caption\":\"IGR IAE Rennes\"},\"image\":{\"@id\":\"https:\/\/www.igr.univ-rennes.fr\/fr\/#\/schema\/logo\/image\/\"}},{\"@type\":\"Person\",\"@id\":\"https:\/\/www.igr.univ-rennes.fr\/fr\/#\/schema\/person\/5f1ef906f2986c0eaa338b7258c4082b\",\"name\":\"Marie-Annick Robin\",\"image\":{\"@type\":\"ImageObject\",\"inLanguage\":\"fr-FR\",\"@id\":\"https:\/\/www.igr.univ-rennes.fr\/fr\/#\/schema\/person\/image\/\",\"url\":\"https:\/\/secure.gravatar.com\/avatar\/2be340e59f359ca7aa475c1693137388?s=96&d=mm&r=g\",\"contentUrl\":\"https:\/\/secure.gravatar.com\/avatar\/2be340e59f359ca7aa475c1693137388?s=96&d=mm&r=g\",\"caption\":\"Marie-Annick Robin\"}}]}<\/script>\n<!-- \/ Yoast SEO plugin. -->","yoast_head_json":{"title":"S\u00e9minaire futurs experts-comptables 2025 - IGR IAE Rennes","robots":{"index":"index","follow":"follow","max-snippet":"max-snippet:-1","max-image-preview":"max-image-preview:large","max-video-preview":"max-video-preview:-1"},"canonical":"https:\/\/www.igr.univ-rennes.fr\/fr\/seminaire-futurs-experts-comptables-2025\/","og_locale":"fr_FR","og_type":"article","og_title":"S\u00e9minaire futurs experts-comptables 2025 - IGR IAE Rennes","og_description":"Le s\u00e9minaire de cr\u00e9ation d\u2019entreprises sp\u00e9cial futurs experts-comptables a lieu cette ann\u00e9e du 1er au 5 d\u00e9cembre 2025.","og_url":"https:\/\/www.igr.univ-rennes.fr\/fr\/seminaire-futurs-experts-comptables-2025\/","og_site_name":"IGR IAE Rennes","article_published_time":"2025-12-03T14:47:37+00:00","article_modified_time":"2025-12-03T14:57:50+00:00","og_image":[{"width":2400,"height":1260,"url":"https:\/\/www.igr.univ-rennes.fr\/wp-content\/uploads\/2025\/12\/seminaire-futurs-experts-comptables-2025.jpg","type":"image\/jpeg"}],"author":"Marie-Annick Robin","twitter_card":"summary_large_image","twitter_misc":{"\u00c9crit par":"Marie-Annick Robin","Dur\u00e9e de lecture estim\u00e9e":"3 minutes"},"schema":{"@context":"https:\/\/schema.org","@graph":[{"@type":"Article","@id":"https:\/\/www.igr.univ-rennes.fr\/fr\/seminaire-futurs-experts-comptables-2025\/#article","isPartOf":{"@id":"https:\/\/www.igr.univ-rennes.fr\/fr\/seminaire-futurs-experts-comptables-2025\/"},"author":{"name":"Marie-Annick Robin","@id":"https:\/\/www.igr.univ-rennes.fr\/fr\/#\/schema\/person\/5f1ef906f2986c0eaa338b7258c4082b"},"headline":"S\u00e9minaire futurs experts-comptables 2025","datePublished":"2025-12-03T14:47:37+00:00","dateModified":"2025-12-03T14:57:50+00:00","mainEntityOfPage":{"@id":"https:\/\/www.igr.univ-rennes.fr\/fr\/seminaire-futurs-experts-comptables-2025\/"},"wordCount":450,"publisher":{"@id":"https:\/\/www.igr.univ-rennes.fr\/fr\/#organization"},"articleSection":["Formation"],"inLanguage":"fr-FR"},{"@type":"WebPage","@id":"https:\/\/www.igr.univ-rennes.fr\/fr\/seminaire-futurs-experts-comptables-2025\/","url":"https:\/\/www.igr.univ-rennes.fr\/fr\/seminaire-futurs-experts-comptables-2025\/","name":"S\u00e9minaire futurs experts-comptables 2025 - IGR IAE Rennes","isPartOf":{"@id":"https:\/\/www.igr.univ-rennes.fr\/fr\/#website"},"datePublished":"2025-12-03T14:47:37+00:00","dateModified":"2025-12-03T14:57:50+00:00","breadcrumb":{"@id":"https:\/\/www.igr.univ-rennes.fr\/fr\/seminaire-futurs-experts-comptables-2025\/#breadcrumb"},"inLanguage":"fr-FR","potentialAction":[{"@type":"ReadAction","target":["https:\/\/www.igr.univ-rennes.fr\/fr\/seminaire-futurs-experts-comptables-2025\/"]}]},{"@type":"BreadcrumbList","@id":"https:\/\/www.igr.univ-rennes.fr\/fr\/seminaire-futurs-experts-comptables-2025\/#breadcrumb","itemListElement":[{"@type":"ListItem","position":1,"name":"Accueil","item":"https:\/\/www.igr.univ-rennes.fr\/fr\/"},{"@type":"ListItem","position":2,"name":"S\u00e9minaire futurs experts-comptables 2025"}]},{"@type":"WebSite","@id":"https:\/\/www.igr.univ-rennes.fr\/fr\/#website","url":"https:\/\/www.igr.univ-rennes.fr\/fr\/","name":"IGR IAE Rennes","description":"","publisher":{"@id":"https:\/\/www.igr.univ-rennes.fr\/fr\/#organization"},"potentialAction":[{"@type":"SearchAction","target":{"@type":"EntryPoint","urlTemplate":"https:\/\/www.igr.univ-rennes.fr\/fr\/?s={search_term_string}"},"query-input":"required name=search_term_string"}],"inLanguage":"fr-FR"},{"@type":"Organization","@id":"https:\/\/www.igr.univ-rennes.fr\/fr\/#organization","name":"IGR IAE Rennes","url":"https:\/\/www.igr.univ-rennes.fr\/fr\/","logo":{"@type":"ImageObject","inLanguage":"fr-FR","@id":"https:\/\/www.igr.univ-rennes.fr\/fr\/#\/schema\/logo\/image\/","url":"https:\/\/www.igr.univ-rennes.fr\/wp-content\/uploads\/2020\/06\/Logo-IGR-IAE-Rennes_Blanc-300dpi-RVB-e1597327228224.png","contentUrl":"https:\/\/www.igr.univ-rennes.fr\/wp-content\/uploads\/2020\/06\/Logo-IGR-IAE-Rennes_Blanc-300dpi-RVB-e1597327228224.png","width":290,"height":107,"caption":"IGR IAE Rennes"},"image":{"@id":"https:\/\/www.igr.univ-rennes.fr\/fr\/#\/schema\/logo\/image\/"}},{"@type":"Person","@id":"https:\/\/www.igr.univ-rennes.fr\/fr\/#\/schema\/person\/5f1ef906f2986c0eaa338b7258c4082b","name":"Marie-Annick Robin","image":{"@type":"ImageObject","inLanguage":"fr-FR","@id":"https:\/\/www.igr.univ-rennes.fr\/fr\/#\/schema\/person\/image\/","url":"https:\/\/secure.gravatar.com\/avatar\/2be340e59f359ca7aa475c1693137388?s=96&d=mm&r=g","contentUrl":"https:\/\/secure.gravatar.com\/avatar\/2be340e59f359ca7aa475c1693137388?s=96&d=mm&r=g","caption":"Marie-Annick Robin"}}]}},"_links":{"self":[{"href":"https:\/\/www.igr.univ-rennes.fr\/fr\/wp-json\/wp\/v2\/posts\/543028"}],"collection":[{"href":"https:\/\/www.igr.univ-rennes.fr\/fr\/wp-json\/wp\/v2\/posts"}],"about":[{"href":"https:\/\/www.igr.univ-rennes.fr\/fr\/wp-json\/wp\/v2\/types\/post"}],"author":[{"embeddable":true,"href":"https:\/\/www.igr.univ-rennes.fr\/fr\/wp-json\/wp\/v2\/users\/11"}],"replies":[{"embeddable":true,"href":"https:\/\/www.igr.univ-rennes.fr\/fr\/wp-json\/wp\/v2\/comments?post=543028"}],"version-history":[{"count":28,"href":"https:\/\/www.igr.univ-rennes.fr\/fr\/wp-json\/wp\/v2\/posts\/543028\/revisions"}],"predecessor-version":[{"id":543058,"href":"https:\/\/www.igr.univ-rennes.fr\/fr\/wp-json\/wp\/v2\/posts\/543028\/revisions\/543058"}],"wp:featuredmedia":[{"embeddable":true,"href":"https:\/\/www.igr.univ-rennes.fr\/fr\/wp-json\/wp\/v2\/media\/543029"}],"wp:attachment":[{"href":"https:\/\/www.igr.univ-rennes.fr\/fr\/wp-json\/wp\/v2\/media?parent=543028"}],"wp:term":[{"taxonomy":"category","embeddable":true,"href":"https:\/\/www.igr.univ-rennes.fr\/fr\/wp-json\/wp\/v2\/categories?post=543028"},{"taxonomy":"post_tag","embeddable":true,"href":"https:\/\/www.igr.univ-rennes.fr\/fr\/wp-json\/wp\/v2\/tags?post=543028"}],"curies":[{"name":"wp","href":"https:\/\/api.w.org\/{rel}","templated":true}]}}