{"id":541245,"date":"2025-11-27T12:54:35","date_gmt":"2025-11-27T11:54:35","guid":{"rendered":"https:\/\/www.igr.univ-rennes.fr\/?p=541245"},"modified":"2025-11-28T12:18:40","modified_gmt":"2025-11-28T11:18:40","slug":"lewin-show-2025-un-concentre-de-creativite-et-desprit-dequipe","status":"publish","type":"post","link":"https:\/\/www.igr.univ-rennes.fr\/fr\/lewin-show-2025-un-concentre-de-creativite-et-desprit-dequipe\/","title":{"rendered":"Lewin Show 2025 : un concentr\u00e9 de cr\u00e9ativit\u00e9 et d\u2019esprit d\u2019\u00e9quipe !"},"content":{"rendered":"\t\t<div data-elementor-type=\"wp-post\" data-elementor-id=\"541245\" class=\"elementor elementor-541245\" data-elementor-post-type=\"post\">\n\t\t\t\t\t\t<section class=\"elementor-section elementor-top-section elementor-element elementor-element-8e660bb elementor-section-boxed elementor-section-height-default elementor-section-height-default\" data-id=\"8e660bb\" data-element_type=\"section\" data-e-type=\"section\">\n\t\t\t\t\t\t<div class=\"elementor-container elementor-column-gap-default\">\n\t\t\t\t\t<div class=\"elementor-column elementor-col-100 elementor-top-column elementor-element elementor-element-1f1ee07\" data-id=\"1f1ee07\" data-element_type=\"column\" data-e-type=\"column\">\n\t\t\t<div class=\"elementor-widget-wrap elementor-element-populated\">\n\t\t\t\t\t\t<div class=\"elementor-element elementor-element-0ac96f2 elementor-widget elementor-widget-text-editor\" data-id=\"0ac96f2\" data-element_type=\"widget\" data-e-type=\"widget\" data-widget_type=\"text-editor.default\">\n\t\t\t\t<div class=\"elementor-widget-container\">\n\t\t\t\t\t\t\t\t\t<p>Le<strong> jeudi 2 octobre<\/strong> a marqu\u00e9 un temps fort pour les \u00e9tudiants de Licence 3 en formation initiale (parcours CCA et SGM) : la nouvelle \u00e9dition du <strong>Lewin Show<\/strong>, un rendez-vous incontournable m\u00ealant cr\u00e9ativit\u00e9, organisation en mode projet et dynamique collective.<\/p><p>Toute l\u2019\u00e9quipe p\u00e9dagogique &#8211; <strong>Xavier Barbare, H\u00e9l\u00e8ne Chotard, H\u00e9l\u00e8ne Fayet et Jean-Charles P\u00e9drono<\/strong> &#8211; adresse ses f\u00e9licitations \u00e0 l\u2019ensemble des \u00e9tudiants pour la qualit\u00e9 de leurs productions, leur engagement et l\u2019\u00e9nergie communiqu\u00e9e tout au long de cette journ\u00e9e.<\/p><h4>Au programme<\/h4><ul><li>Une v\u00e9ritable mise en situation de gestion de projet, avec la cr\u00e9ation d\u2019une vid\u00e9o et d\u2019une mise en sc\u00e8ne autour d\u2019un th\u00e8me central :<\/li><li>Mettre en valeur la richesse individuelle au service du collectif, v\u00e9ritable ADN de l\u2019IGR-IAE Rennes.<\/li><\/ul><p>Entre r\u00e9flexions, inventaire des comp\u00e9tences, structuration de l\u2019organisation, coordination et r\u00e9ajustements, les groupes ont relev\u00e9 le d\u00e9fi avec brio.<\/p><h4>Podium des r\u00e9sultats<\/h4><p>\ud83e\udd47 1ers ex \u00e6quo<br \/>\u2022 G4 \u2014 La r\u00e9v\u00e9lation<br \/>\u2022 G2 \u2014 IGR in Bordeland<\/p><p>\ud83e\udd48 2e place<br \/>\u2022 G3 \u2014 Sept \u00e0 huit<\/p><p>\ud83e\udd49 3e place<br \/>\u2022 G5 \u2014 R\u00e9trospective 70 ans IGR<\/p><p>\ud83d\udcca<strong> Classement complet<\/strong><\/p><p>\u2022 G1 \u2014 Mari\u00e9s au premier ringard<br \/>\u2022 G6 \u2014 Les So6<\/p>\t\t\t\t\t\t\t\t<\/div>\n\t\t\t\t<\/div>\n\t\t\t\t\t<\/div>\n\t\t<\/div>\n\t\t\t\t\t<\/div>\n\t\t<\/section>\n\t\t\t\t<\/div>\n\t\t","protected":false},"excerpt":{"rendered":"<p>D\u00e9couvrez le classement du Lewin Show 2025<\/p>\n","protected":false},"author":11,"featured_media":541263,"comment_status":"closed","ping_status":"closed","sticky":true,"template":"","format":"standard","meta":{"_acf_changed":false,"footnotes":""},"categories":[64],"tags":[],"class_list":["post-541245","post","type-post","status-publish","format-standard","has-post-thumbnail","hentry","category-formation"],"acf":[],"yoast_head":"<!-- This site is optimized with the Yoast SEO plugin v27.5 - https:\/\/yoast.com\/product\/yoast-seo-wordpress\/ -->\n<title>Lewin Show 2025 : un concentr\u00e9 de cr\u00e9ativit\u00e9 et d\u2019esprit d\u2019\u00e9quipe ! - IGR IAE Rennes<\/title>\n<meta name=\"robots\" content=\"index, follow, max-snippet:-1, max-image-preview:large, max-video-preview:-1\" \/>\n<link rel=\"canonical\" href=\"https:\/\/www.igr.univ-rennes.fr\/fr\/lewin-show-2025-un-concentre-de-creativite-et-desprit-dequipe\/\" \/>\n<meta property=\"og:locale\" content=\"fr_FR\" \/>\n<meta property=\"og:type\" content=\"article\" \/>\n<meta property=\"og:title\" content=\"Lewin Show 2025 : un concentr\u00e9 de cr\u00e9ativit\u00e9 et d\u2019esprit d\u2019\u00e9quipe ! - IGR IAE Rennes\" \/>\n<meta property=\"og:description\" content=\"D\u00e9couvrez le classement du Lewin Show 2025\" \/>\n<meta property=\"og:url\" content=\"https:\/\/www.igr.univ-rennes.fr\/fr\/lewin-show-2025-un-concentre-de-creativite-et-desprit-dequipe\/\" \/>\n<meta property=\"og:site_name\" content=\"IGR IAE Rennes\" \/>\n<meta property=\"article:published_time\" content=\"2025-11-27T11:54:35+00:00\" \/>\n<meta property=\"article:modified_time\" content=\"2025-11-28T11:18:40+00:00\" \/>\n<meta property=\"og:image\" content=\"https:\/\/www.igr.univ-rennes.fr\/wp-content\/uploads\/2025\/11\/actu-Lewin-Show2025.jpg\" \/>\n\t<meta property=\"og:image:width\" content=\"2000\" \/>\n\t<meta property=\"og:image:height\" content=\"1333\" \/>\n\t<meta property=\"og:image:type\" content=\"image\/jpeg\" \/>\n<meta name=\"author\" content=\"Marie-Annick Robin\" \/>\n<meta name=\"twitter:card\" content=\"summary_large_image\" \/>\n<meta name=\"twitter:label1\" content=\"\u00c9crit par\" \/>\n\t<meta name=\"twitter:data1\" content=\"Marie-Annick Robin\" \/>\n\t<meta name=\"twitter:label2\" content=\"Dur\u00e9e de lecture estim\u00e9e\" \/>\n\t<meta name=\"twitter:data2\" content=\"1 minute\" \/>\n<script type=\"application\/ld+json\" class=\"yoast-schema-graph\">{\"@context\":\"https:\\\/\\\/schema.org\",\"@graph\":[{\"@type\":\"Article\",\"@id\":\"https:\\\/\\\/www.igr.univ-rennes.fr\\\/fr\\\/lewin-show-2025-un-concentre-de-creativite-et-desprit-dequipe\\\/#article\",\"isPartOf\":{\"@id\":\"https:\\\/\\\/www.igr.univ-rennes.fr\\\/fr\\\/lewin-show-2025-un-concentre-de-creativite-et-desprit-dequipe\\\/\"},\"author\":{\"name\":\"Marie-Annick Robin\",\"@id\":\"https:\\\/\\\/www.igr.univ-rennes.fr\\\/fr\\\/#\\\/schema\\\/person\\\/5f1ef906f2986c0eaa338b7258c4082b\"},\"headline\":\"Lewin Show 2025 : un concentr\u00e9 de cr\u00e9ativit\u00e9 et d\u2019esprit d\u2019\u00e9quipe !\",\"datePublished\":\"2025-11-27T11:54:35+00:00\",\"dateModified\":\"2025-11-28T11:18:40+00:00\",\"mainEntityOfPage\":{\"@id\":\"https:\\\/\\\/www.igr.univ-rennes.fr\\\/fr\\\/lewin-show-2025-un-concentre-de-creativite-et-desprit-dequipe\\\/\"},\"wordCount\":214,\"publisher\":{\"@id\":\"https:\\\/\\\/www.igr.univ-rennes.fr\\\/fr\\\/#organization\"},\"image\":{\"@id\":\"https:\\\/\\\/www.igr.univ-rennes.fr\\\/fr\\\/lewin-show-2025-un-concentre-de-creativite-et-desprit-dequipe\\\/#primaryimage\"},\"thumbnailUrl\":\"https:\\\/\\\/www.igr.univ-rennes.fr\\\/wp-content\\\/uploads\\\/2025\\\/11\\\/actu-Lewin-Show2025.jpg\",\"articleSection\":[\"Formation\"],\"inLanguage\":\"fr-FR\"},{\"@type\":\"WebPage\",\"@id\":\"https:\\\/\\\/www.igr.univ-rennes.fr\\\/fr\\\/lewin-show-2025-un-concentre-de-creativite-et-desprit-dequipe\\\/\",\"url\":\"https:\\\/\\\/www.igr.univ-rennes.fr\\\/fr\\\/lewin-show-2025-un-concentre-de-creativite-et-desprit-dequipe\\\/\",\"name\":\"Lewin Show 2025 : un concentr\u00e9 de cr\u00e9ativit\u00e9 et d\u2019esprit d\u2019\u00e9quipe ! - IGR IAE Rennes\",\"isPartOf\":{\"@id\":\"https:\\\/\\\/www.igr.univ-rennes.fr\\\/fr\\\/#website\"},\"primaryImageOfPage\":{\"@id\":\"https:\\\/\\\/www.igr.univ-rennes.fr\\\/fr\\\/lewin-show-2025-un-concentre-de-creativite-et-desprit-dequipe\\\/#primaryimage\"},\"image\":{\"@id\":\"https:\\\/\\\/www.igr.univ-rennes.fr\\\/fr\\\/lewin-show-2025-un-concentre-de-creativite-et-desprit-dequipe\\\/#primaryimage\"},\"thumbnailUrl\":\"https:\\\/\\\/www.igr.univ-rennes.fr\\\/wp-content\\\/uploads\\\/2025\\\/11\\\/actu-Lewin-Show2025.jpg\",\"datePublished\":\"2025-11-27T11:54:35+00:00\",\"dateModified\":\"2025-11-28T11:18:40+00:00\",\"breadcrumb\":{\"@id\":\"https:\\\/\\\/www.igr.univ-rennes.fr\\\/fr\\\/lewin-show-2025-un-concentre-de-creativite-et-desprit-dequipe\\\/#breadcrumb\"},\"inLanguage\":\"fr-FR\",\"potentialAction\":[{\"@type\":\"ReadAction\",\"target\":[\"https:\\\/\\\/www.igr.univ-rennes.fr\\\/fr\\\/lewin-show-2025-un-concentre-de-creativite-et-desprit-dequipe\\\/\"]}]},{\"@type\":\"ImageObject\",\"inLanguage\":\"fr-FR\",\"@id\":\"https:\\\/\\\/www.igr.univ-rennes.fr\\\/fr\\\/lewin-show-2025-un-concentre-de-creativite-et-desprit-dequipe\\\/#primaryimage\",\"url\":\"https:\\\/\\\/www.igr.univ-rennes.fr\\\/wp-content\\\/uploads\\\/2025\\\/11\\\/actu-Lewin-Show2025.jpg\",\"contentUrl\":\"https:\\\/\\\/www.igr.univ-rennes.fr\\\/wp-content\\\/uploads\\\/2025\\\/11\\\/actu-Lewin-Show2025.jpg\",\"width\":2000,\"height\":1333,\"caption\":\"actu-Lewin-Show2025\"},{\"@type\":\"BreadcrumbList\",\"@id\":\"https:\\\/\\\/www.igr.univ-rennes.fr\\\/fr\\\/lewin-show-2025-un-concentre-de-creativite-et-desprit-dequipe\\\/#breadcrumb\",\"itemListElement\":[{\"@type\":\"ListItem\",\"position\":1,\"name\":\"Accueil\",\"item\":\"https:\\\/\\\/www.igr.univ-rennes.fr\\\/fr\\\/\"},{\"@type\":\"ListItem\",\"position\":2,\"name\":\"Lewin Show 2025 : un concentr\u00e9 de cr\u00e9ativit\u00e9 et d\u2019esprit d\u2019\u00e9quipe !\"}]},{\"@type\":\"WebSite\",\"@id\":\"https:\\\/\\\/www.igr.univ-rennes.fr\\\/fr\\\/#website\",\"url\":\"https:\\\/\\\/www.igr.univ-rennes.fr\\\/fr\\\/\",\"name\":\"IGR IAE Rennes\",\"description\":\"\",\"publisher\":{\"@id\":\"https:\\\/\\\/www.igr.univ-rennes.fr\\\/fr\\\/#organization\"},\"potentialAction\":[{\"@type\":\"SearchAction\",\"target\":{\"@type\":\"EntryPoint\",\"urlTemplate\":\"https:\\\/\\\/www.igr.univ-rennes.fr\\\/fr\\\/?s={search_term_string}\"},\"query-input\":{\"@type\":\"PropertyValueSpecification\",\"valueRequired\":true,\"valueName\":\"search_term_string\"}}],\"inLanguage\":\"fr-FR\"},{\"@type\":\"Organization\",\"@id\":\"https:\\\/\\\/www.igr.univ-rennes.fr\\\/fr\\\/#organization\",\"name\":\"IGR IAE Rennes\",\"url\":\"https:\\\/\\\/www.igr.univ-rennes.fr\\\/fr\\\/\",\"logo\":{\"@type\":\"ImageObject\",\"inLanguage\":\"fr-FR\",\"@id\":\"https:\\\/\\\/www.igr.univ-rennes.fr\\\/fr\\\/#\\\/schema\\\/logo\\\/image\\\/\",\"url\":\"https:\\\/\\\/www.igr.univ-rennes.fr\\\/wp-content\\\/uploads\\\/2020\\\/06\\\/Logo-IGR-IAE-Rennes_Blanc-300dpi-RVB-e1597327228224.png\",\"contentUrl\":\"https:\\\/\\\/www.igr.univ-rennes.fr\\\/wp-content\\\/uploads\\\/2020\\\/06\\\/Logo-IGR-IAE-Rennes_Blanc-300dpi-RVB-e1597327228224.png\",\"width\":290,\"height\":107,\"caption\":\"IGR IAE Rennes\"},\"image\":{\"@id\":\"https:\\\/\\\/www.igr.univ-rennes.fr\\\/fr\\\/#\\\/schema\\\/logo\\\/image\\\/\"}},{\"@type\":\"Person\",\"@id\":\"https:\\\/\\\/www.igr.univ-rennes.fr\\\/fr\\\/#\\\/schema\\\/person\\\/5f1ef906f2986c0eaa338b7258c4082b\",\"name\":\"Marie-Annick Robin\",\"image\":{\"@type\":\"ImageObject\",\"inLanguage\":\"fr-FR\",\"@id\":\"https:\\\/\\\/secure.gravatar.com\\\/avatar\\\/f9293e68571e20c548e6d32c7885fdfb06e6f56349fe920439a102a2234f78c3?s=96&d=mm&r=g\",\"url\":\"https:\\\/\\\/secure.gravatar.com\\\/avatar\\\/f9293e68571e20c548e6d32c7885fdfb06e6f56349fe920439a102a2234f78c3?s=96&d=mm&r=g\",\"contentUrl\":\"https:\\\/\\\/secure.gravatar.com\\\/avatar\\\/f9293e68571e20c548e6d32c7885fdfb06e6f56349fe920439a102a2234f78c3?s=96&d=mm&r=g\",\"caption\":\"Marie-Annick Robin\"}}]}<\/script>\n<!-- \/ Yoast SEO plugin. -->","yoast_head_json":{"title":"Lewin Show 2025 : un concentr\u00e9 de cr\u00e9ativit\u00e9 et d\u2019esprit d\u2019\u00e9quipe ! - IGR IAE Rennes","robots":{"index":"index","follow":"follow","max-snippet":"max-snippet:-1","max-image-preview":"max-image-preview:large","max-video-preview":"max-video-preview:-1"},"canonical":"https:\/\/www.igr.univ-rennes.fr\/fr\/lewin-show-2025-un-concentre-de-creativite-et-desprit-dequipe\/","og_locale":"fr_FR","og_type":"article","og_title":"Lewin Show 2025 : un concentr\u00e9 de cr\u00e9ativit\u00e9 et d\u2019esprit d\u2019\u00e9quipe ! - IGR IAE Rennes","og_description":"D\u00e9couvrez le classement du Lewin Show 2025","og_url":"https:\/\/www.igr.univ-rennes.fr\/fr\/lewin-show-2025-un-concentre-de-creativite-et-desprit-dequipe\/","og_site_name":"IGR IAE Rennes","article_published_time":"2025-11-27T11:54:35+00:00","article_modified_time":"2025-11-28T11:18:40+00:00","og_image":[{"width":2000,"height":1333,"url":"https:\/\/www.igr.univ-rennes.fr\/wp-content\/uploads\/2025\/11\/actu-Lewin-Show2025.jpg","type":"image\/jpeg"}],"author":"Marie-Annick Robin","twitter_card":"summary_large_image","twitter_misc":{"\u00c9crit par":"Marie-Annick Robin","Dur\u00e9e de lecture estim\u00e9e":"1 minute"},"schema":{"@context":"https:\/\/schema.org","@graph":[{"@type":"Article","@id":"https:\/\/www.igr.univ-rennes.fr\/fr\/lewin-show-2025-un-concentre-de-creativite-et-desprit-dequipe\/#article","isPartOf":{"@id":"https:\/\/www.igr.univ-rennes.fr\/fr\/lewin-show-2025-un-concentre-de-creativite-et-desprit-dequipe\/"},"author":{"name":"Marie-Annick Robin","@id":"https:\/\/www.igr.univ-rennes.fr\/fr\/#\/schema\/person\/5f1ef906f2986c0eaa338b7258c4082b"},"headline":"Lewin Show 2025 : un concentr\u00e9 de cr\u00e9ativit\u00e9 et d\u2019esprit d\u2019\u00e9quipe !","datePublished":"2025-11-27T11:54:35+00:00","dateModified":"2025-11-28T11:18:40+00:00","mainEntityOfPage":{"@id":"https:\/\/www.igr.univ-rennes.fr\/fr\/lewin-show-2025-un-concentre-de-creativite-et-desprit-dequipe\/"},"wordCount":214,"publisher":{"@id":"https:\/\/www.igr.univ-rennes.fr\/fr\/#organization"},"image":{"@id":"https:\/\/www.igr.univ-rennes.fr\/fr\/lewin-show-2025-un-concentre-de-creativite-et-desprit-dequipe\/#primaryimage"},"thumbnailUrl":"https:\/\/www.igr.univ-rennes.fr\/wp-content\/uploads\/2025\/11\/actu-Lewin-Show2025.jpg","articleSection":["Formation"],"inLanguage":"fr-FR"},{"@type":"WebPage","@id":"https:\/\/www.igr.univ-rennes.fr\/fr\/lewin-show-2025-un-concentre-de-creativite-et-desprit-dequipe\/","url":"https:\/\/www.igr.univ-rennes.fr\/fr\/lewin-show-2025-un-concentre-de-creativite-et-desprit-dequipe\/","name":"Lewin Show 2025 : un concentr\u00e9 de cr\u00e9ativit\u00e9 et d\u2019esprit d\u2019\u00e9quipe ! - IGR IAE Rennes","isPartOf":{"@id":"https:\/\/www.igr.univ-rennes.fr\/fr\/#website"},"primaryImageOfPage":{"@id":"https:\/\/www.igr.univ-rennes.fr\/fr\/lewin-show-2025-un-concentre-de-creativite-et-desprit-dequipe\/#primaryimage"},"image":{"@id":"https:\/\/www.igr.univ-rennes.fr\/fr\/lewin-show-2025-un-concentre-de-creativite-et-desprit-dequipe\/#primaryimage"},"thumbnailUrl":"https:\/\/www.igr.univ-rennes.fr\/wp-content\/uploads\/2025\/11\/actu-Lewin-Show2025.jpg","datePublished":"2025-11-27T11:54:35+00:00","dateModified":"2025-11-28T11:18:40+00:00","breadcrumb":{"@id":"https:\/\/www.igr.univ-rennes.fr\/fr\/lewin-show-2025-un-concentre-de-creativite-et-desprit-dequipe\/#breadcrumb"},"inLanguage":"fr-FR","potentialAction":[{"@type":"ReadAction","target":["https:\/\/www.igr.univ-rennes.fr\/fr\/lewin-show-2025-un-concentre-de-creativite-et-desprit-dequipe\/"]}]},{"@type":"ImageObject","inLanguage":"fr-FR","@id":"https:\/\/www.igr.univ-rennes.fr\/fr\/lewin-show-2025-un-concentre-de-creativite-et-desprit-dequipe\/#primaryimage","url":"https:\/\/www.igr.univ-rennes.fr\/wp-content\/uploads\/2025\/11\/actu-Lewin-Show2025.jpg","contentUrl":"https:\/\/www.igr.univ-rennes.fr\/wp-content\/uploads\/2025\/11\/actu-Lewin-Show2025.jpg","width":2000,"height":1333,"caption":"actu-Lewin-Show2025"},{"@type":"BreadcrumbList","@id":"https:\/\/www.igr.univ-rennes.fr\/fr\/lewin-show-2025-un-concentre-de-creativite-et-desprit-dequipe\/#breadcrumb","itemListElement":[{"@type":"ListItem","position":1,"name":"Accueil","item":"https:\/\/www.igr.univ-rennes.fr\/fr\/"},{"@type":"ListItem","position":2,"name":"Lewin Show 2025 : un concentr\u00e9 de cr\u00e9ativit\u00e9 et d\u2019esprit d\u2019\u00e9quipe !"}]},{"@type":"WebSite","@id":"https:\/\/www.igr.univ-rennes.fr\/fr\/#website","url":"https:\/\/www.igr.univ-rennes.fr\/fr\/","name":"IGR IAE Rennes","description":"","publisher":{"@id":"https:\/\/www.igr.univ-rennes.fr\/fr\/#organization"},"potentialAction":[{"@type":"SearchAction","target":{"@type":"EntryPoint","urlTemplate":"https:\/\/www.igr.univ-rennes.fr\/fr\/?s={search_term_string}"},"query-input":{"@type":"PropertyValueSpecification","valueRequired":true,"valueName":"search_term_string"}}],"inLanguage":"fr-FR"},{"@type":"Organization","@id":"https:\/\/www.igr.univ-rennes.fr\/fr\/#organization","name":"IGR IAE Rennes","url":"https:\/\/www.igr.univ-rennes.fr\/fr\/","logo":{"@type":"ImageObject","inLanguage":"fr-FR","@id":"https:\/\/www.igr.univ-rennes.fr\/fr\/#\/schema\/logo\/image\/","url":"https:\/\/www.igr.univ-rennes.fr\/wp-content\/uploads\/2020\/06\/Logo-IGR-IAE-Rennes_Blanc-300dpi-RVB-e1597327228224.png","contentUrl":"https:\/\/www.igr.univ-rennes.fr\/wp-content\/uploads\/2020\/06\/Logo-IGR-IAE-Rennes_Blanc-300dpi-RVB-e1597327228224.png","width":290,"height":107,"caption":"IGR IAE Rennes"},"image":{"@id":"https:\/\/www.igr.univ-rennes.fr\/fr\/#\/schema\/logo\/image\/"}},{"@type":"Person","@id":"https:\/\/www.igr.univ-rennes.fr\/fr\/#\/schema\/person\/5f1ef906f2986c0eaa338b7258c4082b","name":"Marie-Annick Robin","image":{"@type":"ImageObject","inLanguage":"fr-FR","@id":"https:\/\/secure.gravatar.com\/avatar\/f9293e68571e20c548e6d32c7885fdfb06e6f56349fe920439a102a2234f78c3?s=96&d=mm&r=g","url":"https:\/\/secure.gravatar.com\/avatar\/f9293e68571e20c548e6d32c7885fdfb06e6f56349fe920439a102a2234f78c3?s=96&d=mm&r=g","contentUrl":"https:\/\/secure.gravatar.com\/avatar\/f9293e68571e20c548e6d32c7885fdfb06e6f56349fe920439a102a2234f78c3?s=96&d=mm&r=g","caption":"Marie-Annick Robin"}}]}},"_links":{"self":[{"href":"https:\/\/www.igr.univ-rennes.fr\/fr\/wp-json\/wp\/v2\/posts\/541245","targetHints":{"allow":["GET"]}}],"collection":[{"href":"https:\/\/www.igr.univ-rennes.fr\/fr\/wp-json\/wp\/v2\/posts"}],"about":[{"href":"https:\/\/www.igr.univ-rennes.fr\/fr\/wp-json\/wp\/v2\/types\/post"}],"author":[{"embeddable":true,"href":"https:\/\/www.igr.univ-rennes.fr\/fr\/wp-json\/wp\/v2\/users\/11"}],"replies":[{"embeddable":true,"href":"https:\/\/www.igr.univ-rennes.fr\/fr\/wp-json\/wp\/v2\/comments?post=541245"}],"version-history":[{"count":10,"href":"https:\/\/www.igr.univ-rennes.fr\/fr\/wp-json\/wp\/v2\/posts\/541245\/revisions"}],"predecessor-version":[{"id":541262,"href":"https:\/\/www.igr.univ-rennes.fr\/fr\/wp-json\/wp\/v2\/posts\/541245\/revisions\/541262"}],"wp:featuredmedia":[{"embeddable":true,"href":"https:\/\/www.igr.univ-rennes.fr\/fr\/wp-json\/wp\/v2\/media\/541263"}],"wp:attachment":[{"href":"https:\/\/www.igr.univ-rennes.fr\/fr\/wp-json\/wp\/v2\/media?parent=541245"}],"wp:term":[{"taxonomy":"category","embeddable":true,"href":"https:\/\/www.igr.univ-rennes.fr\/fr\/wp-json\/wp\/v2\/categories?post=541245"},{"taxonomy":"post_tag","embeddable":true,"href":"https:\/\/www.igr.univ-rennes.fr\/fr\/wp-json\/wp\/v2\/tags?post=541245"}],"curies":[{"name":"wp","href":"https:\/\/api.w.org\/{rel}","templated":true}]}}