{"id":539675,"date":"2026-01-22T08:20:37","date_gmt":"2026-01-22T07:20:37","guid":{"rendered":"https:\/\/www.igr.univ-rennes.fr\/?p=539675"},"modified":"2026-02-16T08:52:53","modified_gmt":"2026-02-16T07:52:53","slug":"journees-portes-ouvertes-le-samedi-7-fevrier-2026","status":"publish","type":"post","link":"https:\/\/www.igr.univ-rennes.fr\/fr\/journees-portes-ouvertes-le-samedi-7-fevrier-2026\/","title":{"rendered":"Journ\u00e9es Portes Ouvertes le samedi 7 f\u00e9vrier 2026"},"content":{"rendered":"\t\t<div data-elementor-type=\"wp-post\" data-elementor-id=\"539675\" class=\"elementor elementor-539675\">\n\t\t\t\t\t\t\t\t\t<section class=\"elementor-section elementor-top-section elementor-element elementor-element-28eb2ad elementor-section-boxed elementor-section-height-default elementor-section-height-default\" data-id=\"28eb2ad\" data-element_type=\"section\">\n\t\t\t\t\t\t<div class=\"elementor-container elementor-column-gap-default\">\n\t\t\t\t\t<div class=\"elementor-column elementor-col-100 elementor-top-column elementor-element elementor-element-f45bb85\" data-id=\"f45bb85\" data-element_type=\"column\">\n\t\t\t<div class=\"elementor-widget-wrap elementor-element-populated\">\n\t\t\t\t\t\t\t\t<div class=\"elementor-element elementor-element-4bb1fe0 elementor-widget elementor-widget-text-editor\" data-id=\"4bb1fe0\" data-element_type=\"widget\" data-widget_type=\"text-editor.default\">\n\t\t\t\t<div class=\"elementor-widget-container\">\n\t\t\t\t\t\t\t<p>La <strong>Journ\u00e9e Portes Ouvertes<\/strong> se tiendra le <strong>samedi 7 f\u00e9vrier 2026 de 9h00 \u00e0 17h00<\/strong>.<\/p><p>Vous souhaitez en savoir plus sur l\u2019IGR-IAE Rennes, d\u00e9couvrir l\u2019\u00e9cole et ses formations ?<\/p><p>Venez nous rencontrer et \u00e9changer sur votre avenir avec nos \u00e9quipes et nos \u00e9tudiants !<\/p><h4>Programme<\/h4><ul><li>Conf\u00e9rences :<ul><li>Pr\u00e9sentation de l\u2019IGR-IAE Rennes et ses formations (<strong>10h00 &amp; 14h00<\/strong>)<\/li><li>Itin\u00e9raires d\u2019un ig\u00e9rien : les diff\u00e9rentes possibilit\u00e9s d\u2019un \u00e9tudiant \u00e0 l\u2019IGR-IAE Rennes (<strong>11h15 &amp; 15h15<\/strong>)<\/li><\/ul><\/li><li>Pr\u00e9sentation et visite de l\u2019\u00c9cole et de ses programmes<\/li><li>Rencontres et \u00e9changes avec les \u00e9tudiants et les \u00e9quipes p\u00e9dagogiques et administratives de l\u2019IGR-IAE Rennes<\/li><li>Stands vie associative, international, formation initiale, continue et Alternance<\/li><\/ul>\t\t\t\t\t\t<\/div>\n\t\t\t\t<\/div>\n\t\t\t\t\t<\/div>\n\t\t<\/div>\n\t\t\t\t\t\t\t<\/div>\n\t\t<\/section>\n\t\t\t\t\t\t\t<\/div>\n\t\t","protected":false},"excerpt":{"rendered":"<p>L&rsquo;IGR-IAE Rennes vous ouvre ses portes le samedi 7 f\u00e9vrier 2026 de 9h \u00e0 17h<\/p>\n","protected":false},"author":11,"featured_media":556063,"comment_status":"closed","ping_status":"closed","sticky":false,"template":"","format":"standard","meta":{"footnotes":""},"categories":[64],"tags":[],"yoast_head":"<!-- This site is optimized with the Yoast SEO plugin v21.1 - https:\/\/yoast.com\/wordpress\/plugins\/seo\/ -->\n<title>Journ\u00e9es Portes Ouvertes le samedi 7 f\u00e9vrier 2026 - IGR IAE Rennes<\/title>\n<meta name=\"robots\" content=\"index, follow, max-snippet:-1, max-image-preview:large, max-video-preview:-1\" \/>\n<link rel=\"canonical\" href=\"https:\/\/www.igr.univ-rennes.fr\/fr\/journees-portes-ouvertes-le-samedi-7-fevrier-2026\/\" \/>\n<meta property=\"og:locale\" content=\"fr_FR\" \/>\n<meta property=\"og:type\" content=\"article\" \/>\n<meta property=\"og:title\" content=\"Journ\u00e9es Portes Ouvertes le samedi 7 f\u00e9vrier 2026 - IGR IAE Rennes\" \/>\n<meta property=\"og:description\" content=\"L&#039;IGR-IAE Rennes vous ouvre ses portes le samedi 7 f\u00e9vrier 2026 de 9h \u00e0 17h\" \/>\n<meta property=\"og:url\" content=\"https:\/\/www.igr.univ-rennes.fr\/fr\/journees-portes-ouvertes-le-samedi-7-fevrier-2026\/\" \/>\n<meta property=\"og:site_name\" content=\"IGR IAE Rennes\" \/>\n<meta property=\"article:published_time\" content=\"2026-01-22T07:20:37+00:00\" \/>\n<meta property=\"article:modified_time\" content=\"2026-02-16T07:52:53+00:00\" \/>\n<meta property=\"og:image\" content=\"https:\/\/www.igr.univ-rennes.fr\/wp-content\/uploads\/2026\/01\/JPO2026-newlogo.jpg\" \/>\n\t<meta property=\"og:image:width\" content=\"2400\" \/>\n\t<meta property=\"og:image:height\" content=\"1260\" \/>\n\t<meta property=\"og:image:type\" content=\"image\/jpeg\" \/>\n<meta name=\"author\" content=\"Marie-Annick Robin\" \/>\n<meta name=\"twitter:card\" content=\"summary_large_image\" \/>\n<meta name=\"twitter:label1\" content=\"\u00c9crit par\" \/>\n\t<meta name=\"twitter:data1\" content=\"Marie-Annick Robin\" \/>\n\t<meta name=\"twitter:label2\" content=\"Dur\u00e9e de lecture estim\u00e9e\" \/>\n\t<meta name=\"twitter:data2\" content=\"1 minute\" \/>\n<script type=\"application\/ld+json\" class=\"yoast-schema-graph\">{\"@context\":\"https:\/\/schema.org\",\"@graph\":[{\"@type\":\"Article\",\"@id\":\"https:\/\/www.igr.univ-rennes.fr\/fr\/journees-portes-ouvertes-le-samedi-7-fevrier-2026\/#article\",\"isPartOf\":{\"@id\":\"https:\/\/www.igr.univ-rennes.fr\/fr\/journees-portes-ouvertes-le-samedi-7-fevrier-2026\/\"},\"author\":{\"name\":\"Marie-Annick Robin\",\"@id\":\"https:\/\/www.igr.univ-rennes.fr\/fr\/#\/schema\/person\/5f1ef906f2986c0eaa338b7258c4082b\"},\"headline\":\"Journ\u00e9es Portes Ouvertes le samedi 7 f\u00e9vrier 2026\",\"datePublished\":\"2026-01-22T07:20:37+00:00\",\"dateModified\":\"2026-02-16T07:52:53+00:00\",\"mainEntityOfPage\":{\"@id\":\"https:\/\/www.igr.univ-rennes.fr\/fr\/journees-portes-ouvertes-le-samedi-7-fevrier-2026\/\"},\"wordCount\":124,\"publisher\":{\"@id\":\"https:\/\/www.igr.univ-rennes.fr\/fr\/#organization\"},\"articleSection\":[\"Formation\"],\"inLanguage\":\"fr-FR\"},{\"@type\":\"WebPage\",\"@id\":\"https:\/\/www.igr.univ-rennes.fr\/fr\/journees-portes-ouvertes-le-samedi-7-fevrier-2026\/\",\"url\":\"https:\/\/www.igr.univ-rennes.fr\/fr\/journees-portes-ouvertes-le-samedi-7-fevrier-2026\/\",\"name\":\"Journ\u00e9es Portes Ouvertes le samedi 7 f\u00e9vrier 2026 - IGR IAE Rennes\",\"isPartOf\":{\"@id\":\"https:\/\/www.igr.univ-rennes.fr\/fr\/#website\"},\"datePublished\":\"2026-01-22T07:20:37+00:00\",\"dateModified\":\"2026-02-16T07:52:53+00:00\",\"breadcrumb\":{\"@id\":\"https:\/\/www.igr.univ-rennes.fr\/fr\/journees-portes-ouvertes-le-samedi-7-fevrier-2026\/#breadcrumb\"},\"inLanguage\":\"fr-FR\",\"potentialAction\":[{\"@type\":\"ReadAction\",\"target\":[\"https:\/\/www.igr.univ-rennes.fr\/fr\/journees-portes-ouvertes-le-samedi-7-fevrier-2026\/\"]}]},{\"@type\":\"BreadcrumbList\",\"@id\":\"https:\/\/www.igr.univ-rennes.fr\/fr\/journees-portes-ouvertes-le-samedi-7-fevrier-2026\/#breadcrumb\",\"itemListElement\":[{\"@type\":\"ListItem\",\"position\":1,\"name\":\"Accueil\",\"item\":\"https:\/\/www.igr.univ-rennes.fr\/fr\/\"},{\"@type\":\"ListItem\",\"position\":2,\"name\":\"Journ\u00e9es Portes Ouvertes le samedi 7 f\u00e9vrier 2026\"}]},{\"@type\":\"WebSite\",\"@id\":\"https:\/\/www.igr.univ-rennes.fr\/fr\/#website\",\"url\":\"https:\/\/www.igr.univ-rennes.fr\/fr\/\",\"name\":\"IGR IAE Rennes\",\"description\":\"\",\"publisher\":{\"@id\":\"https:\/\/www.igr.univ-rennes.fr\/fr\/#organization\"},\"potentialAction\":[{\"@type\":\"SearchAction\",\"target\":{\"@type\":\"EntryPoint\",\"urlTemplate\":\"https:\/\/www.igr.univ-rennes.fr\/fr\/?s={search_term_string}\"},\"query-input\":\"required name=search_term_string\"}],\"inLanguage\":\"fr-FR\"},{\"@type\":\"Organization\",\"@id\":\"https:\/\/www.igr.univ-rennes.fr\/fr\/#organization\",\"name\":\"IGR IAE Rennes\",\"url\":\"https:\/\/www.igr.univ-rennes.fr\/fr\/\",\"logo\":{\"@type\":\"ImageObject\",\"inLanguage\":\"fr-FR\",\"@id\":\"https:\/\/www.igr.univ-rennes.fr\/fr\/#\/schema\/logo\/image\/\",\"url\":\"https:\/\/www.igr.univ-rennes.fr\/wp-content\/uploads\/2020\/06\/Logo-IGR-IAE-Rennes_Blanc-300dpi-RVB-e1597327228224.png\",\"contentUrl\":\"https:\/\/www.igr.univ-rennes.fr\/wp-content\/uploads\/2020\/06\/Logo-IGR-IAE-Rennes_Blanc-300dpi-RVB-e1597327228224.png\",\"width\":290,\"height\":107,\"caption\":\"IGR IAE Rennes\"},\"image\":{\"@id\":\"https:\/\/www.igr.univ-rennes.fr\/fr\/#\/schema\/logo\/image\/\"}},{\"@type\":\"Person\",\"@id\":\"https:\/\/www.igr.univ-rennes.fr\/fr\/#\/schema\/person\/5f1ef906f2986c0eaa338b7258c4082b\",\"name\":\"Marie-Annick Robin\",\"image\":{\"@type\":\"ImageObject\",\"inLanguage\":\"fr-FR\",\"@id\":\"https:\/\/www.igr.univ-rennes.fr\/fr\/#\/schema\/person\/image\/\",\"url\":\"https:\/\/secure.gravatar.com\/avatar\/2be340e59f359ca7aa475c1693137388?s=96&d=mm&r=g\",\"contentUrl\":\"https:\/\/secure.gravatar.com\/avatar\/2be340e59f359ca7aa475c1693137388?s=96&d=mm&r=g\",\"caption\":\"Marie-Annick Robin\"}}]}<\/script>\n<!-- \/ Yoast SEO plugin. -->","yoast_head_json":{"title":"Journ\u00e9es Portes Ouvertes le samedi 7 f\u00e9vrier 2026 - IGR IAE Rennes","robots":{"index":"index","follow":"follow","max-snippet":"max-snippet:-1","max-image-preview":"max-image-preview:large","max-video-preview":"max-video-preview:-1"},"canonical":"https:\/\/www.igr.univ-rennes.fr\/fr\/journees-portes-ouvertes-le-samedi-7-fevrier-2026\/","og_locale":"fr_FR","og_type":"article","og_title":"Journ\u00e9es Portes Ouvertes le samedi 7 f\u00e9vrier 2026 - IGR IAE Rennes","og_description":"L'IGR-IAE Rennes vous ouvre ses portes le samedi 7 f\u00e9vrier 2026 de 9h \u00e0 17h","og_url":"https:\/\/www.igr.univ-rennes.fr\/fr\/journees-portes-ouvertes-le-samedi-7-fevrier-2026\/","og_site_name":"IGR IAE Rennes","article_published_time":"2026-01-22T07:20:37+00:00","article_modified_time":"2026-02-16T07:52:53+00:00","og_image":[{"width":2400,"height":1260,"url":"https:\/\/www.igr.univ-rennes.fr\/wp-content\/uploads\/2026\/01\/JPO2026-newlogo.jpg","type":"image\/jpeg"}],"author":"Marie-Annick Robin","twitter_card":"summary_large_image","twitter_misc":{"\u00c9crit par":"Marie-Annick Robin","Dur\u00e9e de lecture estim\u00e9e":"1 minute"},"schema":{"@context":"https:\/\/schema.org","@graph":[{"@type":"Article","@id":"https:\/\/www.igr.univ-rennes.fr\/fr\/journees-portes-ouvertes-le-samedi-7-fevrier-2026\/#article","isPartOf":{"@id":"https:\/\/www.igr.univ-rennes.fr\/fr\/journees-portes-ouvertes-le-samedi-7-fevrier-2026\/"},"author":{"name":"Marie-Annick Robin","@id":"https:\/\/www.igr.univ-rennes.fr\/fr\/#\/schema\/person\/5f1ef906f2986c0eaa338b7258c4082b"},"headline":"Journ\u00e9es Portes Ouvertes le samedi 7 f\u00e9vrier 2026","datePublished":"2026-01-22T07:20:37+00:00","dateModified":"2026-02-16T07:52:53+00:00","mainEntityOfPage":{"@id":"https:\/\/www.igr.univ-rennes.fr\/fr\/journees-portes-ouvertes-le-samedi-7-fevrier-2026\/"},"wordCount":124,"publisher":{"@id":"https:\/\/www.igr.univ-rennes.fr\/fr\/#organization"},"articleSection":["Formation"],"inLanguage":"fr-FR"},{"@type":"WebPage","@id":"https:\/\/www.igr.univ-rennes.fr\/fr\/journees-portes-ouvertes-le-samedi-7-fevrier-2026\/","url":"https:\/\/www.igr.univ-rennes.fr\/fr\/journees-portes-ouvertes-le-samedi-7-fevrier-2026\/","name":"Journ\u00e9es Portes Ouvertes le samedi 7 f\u00e9vrier 2026 - IGR IAE Rennes","isPartOf":{"@id":"https:\/\/www.igr.univ-rennes.fr\/fr\/#website"},"datePublished":"2026-01-22T07:20:37+00:00","dateModified":"2026-02-16T07:52:53+00:00","breadcrumb":{"@id":"https:\/\/www.igr.univ-rennes.fr\/fr\/journees-portes-ouvertes-le-samedi-7-fevrier-2026\/#breadcrumb"},"inLanguage":"fr-FR","potentialAction":[{"@type":"ReadAction","target":["https:\/\/www.igr.univ-rennes.fr\/fr\/journees-portes-ouvertes-le-samedi-7-fevrier-2026\/"]}]},{"@type":"BreadcrumbList","@id":"https:\/\/www.igr.univ-rennes.fr\/fr\/journees-portes-ouvertes-le-samedi-7-fevrier-2026\/#breadcrumb","itemListElement":[{"@type":"ListItem","position":1,"name":"Accueil","item":"https:\/\/www.igr.univ-rennes.fr\/fr\/"},{"@type":"ListItem","position":2,"name":"Journ\u00e9es Portes Ouvertes le samedi 7 f\u00e9vrier 2026"}]},{"@type":"WebSite","@id":"https:\/\/www.igr.univ-rennes.fr\/fr\/#website","url":"https:\/\/www.igr.univ-rennes.fr\/fr\/","name":"IGR IAE Rennes","description":"","publisher":{"@id":"https:\/\/www.igr.univ-rennes.fr\/fr\/#organization"},"potentialAction":[{"@type":"SearchAction","target":{"@type":"EntryPoint","urlTemplate":"https:\/\/www.igr.univ-rennes.fr\/fr\/?s={search_term_string}"},"query-input":"required name=search_term_string"}],"inLanguage":"fr-FR"},{"@type":"Organization","@id":"https:\/\/www.igr.univ-rennes.fr\/fr\/#organization","name":"IGR IAE Rennes","url":"https:\/\/www.igr.univ-rennes.fr\/fr\/","logo":{"@type":"ImageObject","inLanguage":"fr-FR","@id":"https:\/\/www.igr.univ-rennes.fr\/fr\/#\/schema\/logo\/image\/","url":"https:\/\/www.igr.univ-rennes.fr\/wp-content\/uploads\/2020\/06\/Logo-IGR-IAE-Rennes_Blanc-300dpi-RVB-e1597327228224.png","contentUrl":"https:\/\/www.igr.univ-rennes.fr\/wp-content\/uploads\/2020\/06\/Logo-IGR-IAE-Rennes_Blanc-300dpi-RVB-e1597327228224.png","width":290,"height":107,"caption":"IGR IAE Rennes"},"image":{"@id":"https:\/\/www.igr.univ-rennes.fr\/fr\/#\/schema\/logo\/image\/"}},{"@type":"Person","@id":"https:\/\/www.igr.univ-rennes.fr\/fr\/#\/schema\/person\/5f1ef906f2986c0eaa338b7258c4082b","name":"Marie-Annick Robin","image":{"@type":"ImageObject","inLanguage":"fr-FR","@id":"https:\/\/www.igr.univ-rennes.fr\/fr\/#\/schema\/person\/image\/","url":"https:\/\/secure.gravatar.com\/avatar\/2be340e59f359ca7aa475c1693137388?s=96&d=mm&r=g","contentUrl":"https:\/\/secure.gravatar.com\/avatar\/2be340e59f359ca7aa475c1693137388?s=96&d=mm&r=g","caption":"Marie-Annick Robin"}}]}},"_links":{"self":[{"href":"https:\/\/www.igr.univ-rennes.fr\/fr\/wp-json\/wp\/v2\/posts\/539675"}],"collection":[{"href":"https:\/\/www.igr.univ-rennes.fr\/fr\/wp-json\/wp\/v2\/posts"}],"about":[{"href":"https:\/\/www.igr.univ-rennes.fr\/fr\/wp-json\/wp\/v2\/types\/post"}],"author":[{"embeddable":true,"href":"https:\/\/www.igr.univ-rennes.fr\/fr\/wp-json\/wp\/v2\/users\/11"}],"replies":[{"embeddable":true,"href":"https:\/\/www.igr.univ-rennes.fr\/fr\/wp-json\/wp\/v2\/comments?post=539675"}],"version-history":[{"count":23,"href":"https:\/\/www.igr.univ-rennes.fr\/fr\/wp-json\/wp\/v2\/posts\/539675\/revisions"}],"predecessor-version":[{"id":554297,"href":"https:\/\/www.igr.univ-rennes.fr\/fr\/wp-json\/wp\/v2\/posts\/539675\/revisions\/554297"}],"wp:featuredmedia":[{"embeddable":true,"href":"https:\/\/www.igr.univ-rennes.fr\/fr\/wp-json\/wp\/v2\/media\/556063"}],"wp:attachment":[{"href":"https:\/\/www.igr.univ-rennes.fr\/fr\/wp-json\/wp\/v2\/media?parent=539675"}],"wp:term":[{"taxonomy":"category","embeddable":true,"href":"https:\/\/www.igr.univ-rennes.fr\/fr\/wp-json\/wp\/v2\/categories?post=539675"},{"taxonomy":"post_tag","embeddable":true,"href":"https:\/\/www.igr.univ-rennes.fr\/fr\/wp-json\/wp\/v2\/tags?post=539675"}],"curies":[{"name":"wp","href":"https:\/\/api.w.org\/{rel}","templated":true}]}}