{"id":532675,"date":"2025-10-23T15:53:05","date_gmt":"2025-10-23T13:53:05","guid":{"rendered":"https:\/\/www.igr.univ-rennes.fr\/?p=532675"},"modified":"2025-10-23T15:59:39","modified_gmt":"2025-10-23T13:59:39","slug":"parcours-expert-rh-%e2%88%99-le-cycle-2025-2026-commence-avec-la-conference-danne-sixou","status":"publish","type":"post","link":"https:\/\/www.igr.univ-rennes.fr\/fr\/parcours-expert-rh-%e2%88%99-le-cycle-2025-2026-commence-avec-la-conference-danne-sixou\/","title":{"rendered":"Parcours Expert RH \u2219 Le cycle 2025-2026 commence avec la conf\u00e9rence d&rsquo;Anne Sixou"},"content":{"rendered":"\t\t<div data-elementor-type=\"wp-post\" data-elementor-id=\"532675\" class=\"elementor elementor-532675\">\n\t\t\t\t\t\t\t\t\t<section class=\"elementor-section elementor-top-section elementor-element elementor-element-5b76716 elementor-section-boxed elementor-section-height-default elementor-section-height-default\" data-id=\"5b76716\" data-element_type=\"section\">\n\t\t\t\t\t\t<div class=\"elementor-container elementor-column-gap-default\">\n\t\t\t\t\t<div class=\"elementor-column elementor-col-100 elementor-top-column elementor-element elementor-element-d423538\" data-id=\"d423538\" data-element_type=\"column\">\n\t\t\t<div class=\"elementor-widget-wrap elementor-element-populated\">\n\t\t\t\t\t\t\t\t<div class=\"elementor-element elementor-element-3555a14 elementor-widget elementor-widget-text-editor\" data-id=\"3555a14\" data-element_type=\"widget\" data-widget_type=\"text-editor.default\">\n\t\t\t\t<div class=\"elementor-widget-container\">\n\t\t\t\t\t\t\t<h4>De la salle de classe \u00e0 la pratique professionnelle, le Parcours Expert RH est de retour !<\/h4><p>Le 2 octobre dernier, la premi\u00e8re conf\u00e9rence du cycle 2025-2026 \u00ab\u00a0<strong>Travailler comme HR Business Partner bilingue au Canada : l&rsquo;interculturalit\u00e9 incarn\u00e9e\u00a0\u00bb<\/strong>\u00a0a permis \u00e0 nos \u00e9tudiants de M1 BA \u2013 IHRM de rencontrer une professionnelle des ressources humaines dont le parcours international leur a apport\u00e9 \u00e0 la fois des rep\u00e8res concrets et un \u00e9clairage sur la r\u00e9alit\u00e9 du terrain, <strong>Anne Sixou<\/strong>.<\/p><p>\u00c0 travers des exemples pr\u00e9cis et des \u00e9changes ouverts, <strong>Anne Sixou<\/strong> (invit\u00e9e par <strong>Rebecca Dickason<\/strong>, responsable du M1 IHRM) a pr\u00e9sent\u00e9 les enjeux de <strong>son r\u00f4le de HR Business Partner bilingue au Canada<\/strong> : collaboration strat\u00e9gique, gestion des talents et adaptation aux cadres juridiques et culturels dans des environnements en \u00e9volution.<\/p><p>Les \u00e9tudiants ont ainsi pu mieux comprendre les dimensions pratiques des fonctions RH \u00e0 l&rsquo;international &#8211; la n\u00e9cessit\u00e9 de concilier conformit\u00e9 et compr\u00e9hension humaine, organisation et flexibilit\u00e9.<\/p><p>Merci \u00e0 Anne pour le partage de son exp\u00e9rience, et \u00e0 nos \u00e9tudiants pour leurs questions et leur participation active tout au long de la session.<\/p><p>Le Parcours Expert RH continue de renforcer le lien entre th\u00e9orie et pratique, en rapprochant les futurs professionnels RH des exp\u00e9riences qui structurent aujourd&rsquo;hui les pratiques internationales des ressources humaines.<\/p>\t\t\t\t\t\t<\/div>\n\t\t\t\t<\/div>\n\t\t\t\t\t<\/div>\n\t\t<\/div>\n\t\t\t\t\t\t\t<\/div>\n\t\t<\/section>\n\t\t\t\t\t\t\t<\/div>\n\t\t","protected":false},"excerpt":{"rendered":"<p>La 1\u00e8re conf\u00e9rence du Parcours Expert RH 2025-2026 a commenc\u00e9 avec la conf\u00e9rence d&rsquo;Anne Sixou<\/p>\n","protected":false},"author":11,"featured_media":532676,"comment_status":"closed","ping_status":"closed","sticky":true,"template":"","format":"standard","meta":{"footnotes":""},"categories":[64,68],"tags":[],"yoast_head":"<!-- This site is optimized with the Yoast SEO plugin v21.1 - https:\/\/yoast.com\/wordpress\/plugins\/seo\/ -->\n<title>Parcours Expert RH \u2219 Le cycle 2025-2026 commence avec la conf\u00e9rence d&rsquo;Anne Sixou - IGR IAE Rennes<\/title>\n<meta name=\"robots\" content=\"index, follow, max-snippet:-1, max-image-preview:large, max-video-preview:-1\" \/>\n<link rel=\"canonical\" href=\"https:\/\/www.igr.univ-rennes.fr\/fr\/parcours-expert-rh-%e2%88%99-le-cycle-2025-2026-commence-avec-la-conference-danne-sixou\/\" \/>\n<meta property=\"og:locale\" content=\"fr_FR\" \/>\n<meta property=\"og:type\" content=\"article\" \/>\n<meta property=\"og:title\" content=\"Parcours Expert RH \u2219 Le cycle 2025-2026 commence avec la conf\u00e9rence d&rsquo;Anne Sixou - IGR IAE Rennes\" \/>\n<meta property=\"og:description\" content=\"La 1\u00e8re conf\u00e9rence du Parcours Expert RH 2025-2026 a commenc\u00e9 avec la conf\u00e9rence d&#039;Anne Sixou\" \/>\n<meta property=\"og:url\" content=\"https:\/\/www.igr.univ-rennes.fr\/fr\/parcours-expert-rh-%e2%88%99-le-cycle-2025-2026-commence-avec-la-conference-danne-sixou\/\" \/>\n<meta property=\"og:site_name\" content=\"IGR IAE Rennes\" \/>\n<meta property=\"article:published_time\" content=\"2025-10-23T13:53:05+00:00\" \/>\n<meta property=\"article:modified_time\" content=\"2025-10-23T13:59:39+00:00\" \/>\n<meta property=\"og:image\" content=\"https:\/\/www.igr.univ-rennes.fr\/wp-content\/uploads\/2025\/10\/Anne-Sixou-2oct2025.jpg\" \/>\n\t<meta property=\"og:image:width\" content=\"2400\" \/>\n\t<meta property=\"og:image:height\" content=\"1260\" \/>\n\t<meta property=\"og:image:type\" content=\"image\/jpeg\" \/>\n<meta name=\"author\" content=\"Marie-Annick Robin\" \/>\n<meta name=\"twitter:card\" content=\"summary_large_image\" \/>\n<meta name=\"twitter:label1\" content=\"\u00c9crit par\" \/>\n\t<meta name=\"twitter:data1\" content=\"Marie-Annick Robin\" \/>\n\t<meta name=\"twitter:label2\" content=\"Dur\u00e9e de lecture estim\u00e9e\" \/>\n\t<meta name=\"twitter:data2\" content=\"2 minutes\" \/>\n<script type=\"application\/ld+json\" class=\"yoast-schema-graph\">{\"@context\":\"https:\/\/schema.org\",\"@graph\":[{\"@type\":\"Article\",\"@id\":\"https:\/\/www.igr.univ-rennes.fr\/fr\/parcours-expert-rh-%e2%88%99-le-cycle-2025-2026-commence-avec-la-conference-danne-sixou\/#article\",\"isPartOf\":{\"@id\":\"https:\/\/www.igr.univ-rennes.fr\/fr\/parcours-expert-rh-%e2%88%99-le-cycle-2025-2026-commence-avec-la-conference-danne-sixou\/\"},\"author\":{\"name\":\"Marie-Annick Robin\",\"@id\":\"https:\/\/www.igr.univ-rennes.fr\/fr\/#\/schema\/person\/5f1ef906f2986c0eaa338b7258c4082b\"},\"headline\":\"Parcours Expert RH \u2219 Le cycle 2025-2026 commence avec la conf\u00e9rence d&rsquo;Anne Sixou\",\"datePublished\":\"2025-10-23T13:53:05+00:00\",\"dateModified\":\"2025-10-23T13:59:39+00:00\",\"mainEntityOfPage\":{\"@id\":\"https:\/\/www.igr.univ-rennes.fr\/fr\/parcours-expert-rh-%e2%88%99-le-cycle-2025-2026-commence-avec-la-conference-danne-sixou\/\"},\"wordCount\":230,\"publisher\":{\"@id\":\"https:\/\/www.igr.univ-rennes.fr\/fr\/#organization\"},\"articleSection\":[\"Formation\",\"International\"],\"inLanguage\":\"fr-FR\"},{\"@type\":\"WebPage\",\"@id\":\"https:\/\/www.igr.univ-rennes.fr\/fr\/parcours-expert-rh-%e2%88%99-le-cycle-2025-2026-commence-avec-la-conference-danne-sixou\/\",\"url\":\"https:\/\/www.igr.univ-rennes.fr\/fr\/parcours-expert-rh-%e2%88%99-le-cycle-2025-2026-commence-avec-la-conference-danne-sixou\/\",\"name\":\"Parcours Expert RH \u2219 Le cycle 2025-2026 commence avec la conf\u00e9rence d&rsquo;Anne Sixou - IGR IAE Rennes\",\"isPartOf\":{\"@id\":\"https:\/\/www.igr.univ-rennes.fr\/fr\/#website\"},\"datePublished\":\"2025-10-23T13:53:05+00:00\",\"dateModified\":\"2025-10-23T13:59:39+00:00\",\"breadcrumb\":{\"@id\":\"https:\/\/www.igr.univ-rennes.fr\/fr\/parcours-expert-rh-%e2%88%99-le-cycle-2025-2026-commence-avec-la-conference-danne-sixou\/#breadcrumb\"},\"inLanguage\":\"fr-FR\",\"potentialAction\":[{\"@type\":\"ReadAction\",\"target\":[\"https:\/\/www.igr.univ-rennes.fr\/fr\/parcours-expert-rh-%e2%88%99-le-cycle-2025-2026-commence-avec-la-conference-danne-sixou\/\"]}]},{\"@type\":\"BreadcrumbList\",\"@id\":\"https:\/\/www.igr.univ-rennes.fr\/fr\/parcours-expert-rh-%e2%88%99-le-cycle-2025-2026-commence-avec-la-conference-danne-sixou\/#breadcrumb\",\"itemListElement\":[{\"@type\":\"ListItem\",\"position\":1,\"name\":\"Accueil\",\"item\":\"https:\/\/www.igr.univ-rennes.fr\/fr\/\"},{\"@type\":\"ListItem\",\"position\":2,\"name\":\"Parcours Expert RH \u2219 Le cycle 2025-2026 commence avec la conf\u00e9rence d&rsquo;Anne Sixou\"}]},{\"@type\":\"WebSite\",\"@id\":\"https:\/\/www.igr.univ-rennes.fr\/fr\/#website\",\"url\":\"https:\/\/www.igr.univ-rennes.fr\/fr\/\",\"name\":\"IGR IAE Rennes\",\"description\":\"\",\"publisher\":{\"@id\":\"https:\/\/www.igr.univ-rennes.fr\/fr\/#organization\"},\"potentialAction\":[{\"@type\":\"SearchAction\",\"target\":{\"@type\":\"EntryPoint\",\"urlTemplate\":\"https:\/\/www.igr.univ-rennes.fr\/fr\/?s={search_term_string}\"},\"query-input\":\"required name=search_term_string\"}],\"inLanguage\":\"fr-FR\"},{\"@type\":\"Organization\",\"@id\":\"https:\/\/www.igr.univ-rennes.fr\/fr\/#organization\",\"name\":\"IGR IAE Rennes\",\"url\":\"https:\/\/www.igr.univ-rennes.fr\/fr\/\",\"logo\":{\"@type\":\"ImageObject\",\"inLanguage\":\"fr-FR\",\"@id\":\"https:\/\/www.igr.univ-rennes.fr\/fr\/#\/schema\/logo\/image\/\",\"url\":\"https:\/\/www.igr.univ-rennes.fr\/wp-content\/uploads\/2020\/06\/Logo-IGR-IAE-Rennes_Blanc-300dpi-RVB-e1597327228224.png\",\"contentUrl\":\"https:\/\/www.igr.univ-rennes.fr\/wp-content\/uploads\/2020\/06\/Logo-IGR-IAE-Rennes_Blanc-300dpi-RVB-e1597327228224.png\",\"width\":290,\"height\":107,\"caption\":\"IGR IAE Rennes\"},\"image\":{\"@id\":\"https:\/\/www.igr.univ-rennes.fr\/fr\/#\/schema\/logo\/image\/\"}},{\"@type\":\"Person\",\"@id\":\"https:\/\/www.igr.univ-rennes.fr\/fr\/#\/schema\/person\/5f1ef906f2986c0eaa338b7258c4082b\",\"name\":\"Marie-Annick Robin\",\"image\":{\"@type\":\"ImageObject\",\"inLanguage\":\"fr-FR\",\"@id\":\"https:\/\/www.igr.univ-rennes.fr\/fr\/#\/schema\/person\/image\/\",\"url\":\"https:\/\/secure.gravatar.com\/avatar\/2be340e59f359ca7aa475c1693137388?s=96&d=mm&r=g\",\"contentUrl\":\"https:\/\/secure.gravatar.com\/avatar\/2be340e59f359ca7aa475c1693137388?s=96&d=mm&r=g\",\"caption\":\"Marie-Annick Robin\"}}]}<\/script>\n<!-- \/ Yoast SEO plugin. -->","yoast_head_json":{"title":"Parcours Expert RH \u2219 Le cycle 2025-2026 commence avec la conf\u00e9rence d&rsquo;Anne Sixou - IGR IAE Rennes","robots":{"index":"index","follow":"follow","max-snippet":"max-snippet:-1","max-image-preview":"max-image-preview:large","max-video-preview":"max-video-preview:-1"},"canonical":"https:\/\/www.igr.univ-rennes.fr\/fr\/parcours-expert-rh-%e2%88%99-le-cycle-2025-2026-commence-avec-la-conference-danne-sixou\/","og_locale":"fr_FR","og_type":"article","og_title":"Parcours Expert RH \u2219 Le cycle 2025-2026 commence avec la conf\u00e9rence d&rsquo;Anne Sixou - IGR IAE Rennes","og_description":"La 1\u00e8re conf\u00e9rence du Parcours Expert RH 2025-2026 a commenc\u00e9 avec la conf\u00e9rence d'Anne Sixou","og_url":"https:\/\/www.igr.univ-rennes.fr\/fr\/parcours-expert-rh-%e2%88%99-le-cycle-2025-2026-commence-avec-la-conference-danne-sixou\/","og_site_name":"IGR IAE Rennes","article_published_time":"2025-10-23T13:53:05+00:00","article_modified_time":"2025-10-23T13:59:39+00:00","og_image":[{"width":2400,"height":1260,"url":"https:\/\/www.igr.univ-rennes.fr\/wp-content\/uploads\/2025\/10\/Anne-Sixou-2oct2025.jpg","type":"image\/jpeg"}],"author":"Marie-Annick Robin","twitter_card":"summary_large_image","twitter_misc":{"\u00c9crit par":"Marie-Annick Robin","Dur\u00e9e de lecture estim\u00e9e":"2 minutes"},"schema":{"@context":"https:\/\/schema.org","@graph":[{"@type":"Article","@id":"https:\/\/www.igr.univ-rennes.fr\/fr\/parcours-expert-rh-%e2%88%99-le-cycle-2025-2026-commence-avec-la-conference-danne-sixou\/#article","isPartOf":{"@id":"https:\/\/www.igr.univ-rennes.fr\/fr\/parcours-expert-rh-%e2%88%99-le-cycle-2025-2026-commence-avec-la-conference-danne-sixou\/"},"author":{"name":"Marie-Annick Robin","@id":"https:\/\/www.igr.univ-rennes.fr\/fr\/#\/schema\/person\/5f1ef906f2986c0eaa338b7258c4082b"},"headline":"Parcours Expert RH \u2219 Le cycle 2025-2026 commence avec la conf\u00e9rence d&rsquo;Anne Sixou","datePublished":"2025-10-23T13:53:05+00:00","dateModified":"2025-10-23T13:59:39+00:00","mainEntityOfPage":{"@id":"https:\/\/www.igr.univ-rennes.fr\/fr\/parcours-expert-rh-%e2%88%99-le-cycle-2025-2026-commence-avec-la-conference-danne-sixou\/"},"wordCount":230,"publisher":{"@id":"https:\/\/www.igr.univ-rennes.fr\/fr\/#organization"},"articleSection":["Formation","International"],"inLanguage":"fr-FR"},{"@type":"WebPage","@id":"https:\/\/www.igr.univ-rennes.fr\/fr\/parcours-expert-rh-%e2%88%99-le-cycle-2025-2026-commence-avec-la-conference-danne-sixou\/","url":"https:\/\/www.igr.univ-rennes.fr\/fr\/parcours-expert-rh-%e2%88%99-le-cycle-2025-2026-commence-avec-la-conference-danne-sixou\/","name":"Parcours Expert RH \u2219 Le cycle 2025-2026 commence avec la conf\u00e9rence d&rsquo;Anne Sixou - IGR IAE Rennes","isPartOf":{"@id":"https:\/\/www.igr.univ-rennes.fr\/fr\/#website"},"datePublished":"2025-10-23T13:53:05+00:00","dateModified":"2025-10-23T13:59:39+00:00","breadcrumb":{"@id":"https:\/\/www.igr.univ-rennes.fr\/fr\/parcours-expert-rh-%e2%88%99-le-cycle-2025-2026-commence-avec-la-conference-danne-sixou\/#breadcrumb"},"inLanguage":"fr-FR","potentialAction":[{"@type":"ReadAction","target":["https:\/\/www.igr.univ-rennes.fr\/fr\/parcours-expert-rh-%e2%88%99-le-cycle-2025-2026-commence-avec-la-conference-danne-sixou\/"]}]},{"@type":"BreadcrumbList","@id":"https:\/\/www.igr.univ-rennes.fr\/fr\/parcours-expert-rh-%e2%88%99-le-cycle-2025-2026-commence-avec-la-conference-danne-sixou\/#breadcrumb","itemListElement":[{"@type":"ListItem","position":1,"name":"Accueil","item":"https:\/\/www.igr.univ-rennes.fr\/fr\/"},{"@type":"ListItem","position":2,"name":"Parcours Expert RH \u2219 Le cycle 2025-2026 commence avec la conf\u00e9rence d&rsquo;Anne Sixou"}]},{"@type":"WebSite","@id":"https:\/\/www.igr.univ-rennes.fr\/fr\/#website","url":"https:\/\/www.igr.univ-rennes.fr\/fr\/","name":"IGR IAE Rennes","description":"","publisher":{"@id":"https:\/\/www.igr.univ-rennes.fr\/fr\/#organization"},"potentialAction":[{"@type":"SearchAction","target":{"@type":"EntryPoint","urlTemplate":"https:\/\/www.igr.univ-rennes.fr\/fr\/?s={search_term_string}"},"query-input":"required name=search_term_string"}],"inLanguage":"fr-FR"},{"@type":"Organization","@id":"https:\/\/www.igr.univ-rennes.fr\/fr\/#organization","name":"IGR IAE Rennes","url":"https:\/\/www.igr.univ-rennes.fr\/fr\/","logo":{"@type":"ImageObject","inLanguage":"fr-FR","@id":"https:\/\/www.igr.univ-rennes.fr\/fr\/#\/schema\/logo\/image\/","url":"https:\/\/www.igr.univ-rennes.fr\/wp-content\/uploads\/2020\/06\/Logo-IGR-IAE-Rennes_Blanc-300dpi-RVB-e1597327228224.png","contentUrl":"https:\/\/www.igr.univ-rennes.fr\/wp-content\/uploads\/2020\/06\/Logo-IGR-IAE-Rennes_Blanc-300dpi-RVB-e1597327228224.png","width":290,"height":107,"caption":"IGR IAE Rennes"},"image":{"@id":"https:\/\/www.igr.univ-rennes.fr\/fr\/#\/schema\/logo\/image\/"}},{"@type":"Person","@id":"https:\/\/www.igr.univ-rennes.fr\/fr\/#\/schema\/person\/5f1ef906f2986c0eaa338b7258c4082b","name":"Marie-Annick Robin","image":{"@type":"ImageObject","inLanguage":"fr-FR","@id":"https:\/\/www.igr.univ-rennes.fr\/fr\/#\/schema\/person\/image\/","url":"https:\/\/secure.gravatar.com\/avatar\/2be340e59f359ca7aa475c1693137388?s=96&d=mm&r=g","contentUrl":"https:\/\/secure.gravatar.com\/avatar\/2be340e59f359ca7aa475c1693137388?s=96&d=mm&r=g","caption":"Marie-Annick Robin"}}]}},"_links":{"self":[{"href":"https:\/\/www.igr.univ-rennes.fr\/fr\/wp-json\/wp\/v2\/posts\/532675"}],"collection":[{"href":"https:\/\/www.igr.univ-rennes.fr\/fr\/wp-json\/wp\/v2\/posts"}],"about":[{"href":"https:\/\/www.igr.univ-rennes.fr\/fr\/wp-json\/wp\/v2\/types\/post"}],"author":[{"embeddable":true,"href":"https:\/\/www.igr.univ-rennes.fr\/fr\/wp-json\/wp\/v2\/users\/11"}],"replies":[{"embeddable":true,"href":"https:\/\/www.igr.univ-rennes.fr\/fr\/wp-json\/wp\/v2\/comments?post=532675"}],"version-history":[{"count":11,"href":"https:\/\/www.igr.univ-rennes.fr\/fr\/wp-json\/wp\/v2\/posts\/532675\/revisions"}],"predecessor-version":[{"id":532688,"href":"https:\/\/www.igr.univ-rennes.fr\/fr\/wp-json\/wp\/v2\/posts\/532675\/revisions\/532688"}],"wp:featuredmedia":[{"embeddable":true,"href":"https:\/\/www.igr.univ-rennes.fr\/fr\/wp-json\/wp\/v2\/media\/532676"}],"wp:attachment":[{"href":"https:\/\/www.igr.univ-rennes.fr\/fr\/wp-json\/wp\/v2\/media?parent=532675"}],"wp:term":[{"taxonomy":"category","embeddable":true,"href":"https:\/\/www.igr.univ-rennes.fr\/fr\/wp-json\/wp\/v2\/categories?post=532675"},{"taxonomy":"post_tag","embeddable":true,"href":"https:\/\/www.igr.univ-rennes.fr\/fr\/wp-json\/wp\/v2\/tags?post=532675"}],"curies":[{"name":"wp","href":"https:\/\/api.w.org\/{rel}","templated":true}]}}