{"id":532654,"date":"2025-10-23T15:26:27","date_gmt":"2025-10-23T13:26:27","guid":{"rendered":"https:\/\/www.igr.univ-rennes.fr\/?p=532654"},"modified":"2025-11-13T14:40:38","modified_gmt":"2025-11-13T13:40:38","slug":"conference-agora-parcours-de-vie-2eme-edition","status":"publish","type":"post","link":"https:\/\/www.igr.univ-rennes.fr\/fr\/conference-agora-parcours-de-vie-2eme-edition\/","title":{"rendered":"Conf\u00e9rence AGORA \u2013 Parcours de vie 2\u00e8me \u00e9dition"},"content":{"rendered":"\t\t<div data-elementor-type=\"wp-post\" data-elementor-id=\"532654\" class=\"elementor elementor-532654\">\n\t\t\t\t\t\t\t\t\t<section class=\"elementor-section elementor-top-section elementor-element elementor-element-ce89a58 elementor-section-boxed elementor-section-height-default elementor-section-height-default\" data-id=\"ce89a58\" data-element_type=\"section\">\n\t\t\t\t\t\t<div class=\"elementor-container elementor-column-gap-default\">\n\t\t\t\t\t<div class=\"elementor-column elementor-col-100 elementor-top-column elementor-element elementor-element-a02236e\" data-id=\"a02236e\" data-element_type=\"column\">\n\t\t\t<div class=\"elementor-widget-wrap elementor-element-populated\">\n\t\t\t\t\t\t\t\t<div class=\"elementor-element elementor-element-5eff5a4 elementor-widget elementor-widget-text-editor\" data-id=\"5eff5a4\" data-element_type=\"widget\" data-widget_type=\"text-editor.default\">\n\t\t\t\t<div class=\"elementor-widget-container\">\n\t\t\t\t\t\t\t<p>L\u2019association <a href=\"https:\/\/www.igr.univ-rennes.fr\/fr\/association\/igr-agora\/\" target=\"_blank\" rel=\"noopener\">IGR AGORA<\/a> pr\u00e9pare actuellement la deuxi\u00e8me \u00e9dition de la <strong>Conf\u00e9rence AGORA \u2013 Parcours de Vie<\/strong>, qui se tiendra le <strong>5 novembre<\/strong> prochain \u00e0 l\u2019IGR-IAE Rennes.<\/p><p>Cet \u00e9v\u00e9nement a pour objectif de favoriser les \u00e9changes entre \u00e9tudiants, alumni et personnels de l\u2019institut autour de t\u00e9moignages inspirants.<\/p><p>Chaque intervenant est invit\u00e9 \u00e0 partager son parcours acad\u00e9mique, son exp\u00e9rience professionnelle ainsi que des aspects de sa vie personnelle, illustrant la mani\u00e8re dont ces dimensions se compl\u00e8tent et s\u2019influencent mutuellement.<\/p><p>Pour cette \u00e9dition, venez d\u00e9couvrir ou red\u00e9couvrir quatre anciens \u00e9l\u00e8ves de l&rsquo;IGR-IAE Rennes :<\/p><ul><li>\ud83c\udfbe <strong>Antoine Ollivier<\/strong> : comment passe-t-on de la comptabilit\u00e9 \u00e0 l&rsquo;\u00e9v\u00e9nementiel sportif ?<\/li><li>\ud83d\udcc8 <strong>Nolwenn David<\/strong> : comment passe-t-on de l&rsquo;entreprise \u00e0 l&rsquo;ind\u00e9pendance ?<\/li><li>\ud83d\udcbb <strong>Benjamin Leraux<\/strong> : mais c&rsquo;est quoi le marketing produit ?<\/li><li>\ud83c\udf93 <strong>Lisa Chiappini<\/strong> : mais c&rsquo;est quoi une jeune dipl\u00f4m\u00e9e en GPLA ?<\/li><\/ul>\t\t\t\t\t\t<\/div>\n\t\t\t\t<\/div>\n\t\t\t\t\t<\/div>\n\t\t<\/div>\n\t\t\t\t\t\t\t<\/div>\n\t\t<\/section>\n\t\t\t\t<section class=\"elementor-section elementor-top-section elementor-element elementor-element-6a8482b elementor-section-boxed elementor-section-height-default elementor-section-height-default\" data-id=\"6a8482b\" data-element_type=\"section\">\n\t\t\t\t\t\t<div class=\"elementor-container elementor-column-gap-default\">\n\t\t\t\t\t<div class=\"elementor-column elementor-col-100 elementor-top-column elementor-element elementor-element-d35dc92\" data-id=\"d35dc92\" data-element_type=\"column\">\n\t\t\t<div class=\"elementor-widget-wrap elementor-element-populated\">\n\t\t\t\t\t\t\t\t<div class=\"elementor-element elementor-element-70dfb65 elementor-align-center elementor-widget elementor-widget-button\" data-id=\"70dfb65\" data-element_type=\"widget\" data-widget_type=\"button.default\">\n\t\t\t\t<div class=\"elementor-widget-container\">\n\t\t\t\t\t<div class=\"elementor-button-wrapper\">\n\t\t\t<a class=\"elementor-button elementor-button-link elementor-size-sm\" href=\"https:\/\/www.helloasso.com\/associations\/igr-agora\/evenements\/conference-alumni-parcours-de-vie-2e-edition\" target=\"_blank\">\n\t\t\t\t\t\t<span class=\"elementor-button-content-wrapper\">\n\t\t\t\t\t\t<span class=\"elementor-button-text\">Inscriptions en ligne<\/span>\n\t\t<\/span>\n\t\t\t\t\t<\/a>\n\t\t<\/div>\n\t\t\t\t<\/div>\n\t\t\t\t<\/div>\n\t\t\t\t\t<\/div>\n\t\t<\/div>\n\t\t\t\t\t\t\t<\/div>\n\t\t<\/section>\n\t\t\t\t\t\t\t<\/div>\n\t\t","protected":false},"excerpt":{"rendered":"<p>IGR AGORA et IGR Alumni ouvrent la billetterie pour la deuxi\u00e8me \u00e9dition de la Conf\u00e9rence Alumni &#8211; Parcours de Vie !<\/p>\n","protected":false},"author":11,"featured_media":532655,"comment_status":"closed","ping_status":"closed","sticky":false,"template":"","format":"standard","meta":{"footnotes":""},"categories":[63],"tags":[],"yoast_head":"<!-- This site is optimized with the Yoast SEO plugin v21.1 - https:\/\/yoast.com\/wordpress\/plugins\/seo\/ -->\n<title>Conf\u00e9rence AGORA \u2013 Parcours de vie 2\u00e8me \u00e9dition - IGR IAE Rennes<\/title>\n<meta name=\"robots\" content=\"index, follow, max-snippet:-1, max-image-preview:large, max-video-preview:-1\" \/>\n<link rel=\"canonical\" href=\"https:\/\/www.igr.univ-rennes.fr\/fr\/conference-agora-parcours-de-vie-2eme-edition\/\" \/>\n<meta property=\"og:locale\" content=\"fr_FR\" \/>\n<meta property=\"og:type\" content=\"article\" \/>\n<meta property=\"og:title\" content=\"Conf\u00e9rence AGORA \u2013 Parcours de vie 2\u00e8me \u00e9dition - IGR IAE Rennes\" \/>\n<meta property=\"og:description\" content=\"IGR AGORA et IGR Alumni ouvrent la billetterie pour la deuxi\u00e8me \u00e9dition de la Conf\u00e9rence Alumni - Parcours de Vie !\" \/>\n<meta property=\"og:url\" content=\"https:\/\/www.igr.univ-rennes.fr\/fr\/conference-agora-parcours-de-vie-2eme-edition\/\" \/>\n<meta property=\"og:site_name\" content=\"IGR IAE Rennes\" \/>\n<meta property=\"article:published_time\" content=\"2025-10-23T13:26:27+00:00\" \/>\n<meta property=\"article:modified_time\" content=\"2025-11-13T13:40:38+00:00\" \/>\n<meta property=\"og:image\" content=\"https:\/\/www.igr.univ-rennes.fr\/wp-content\/uploads\/2025\/10\/Agora-Parcours-de-vie-2nde-edition.jpg\" \/>\n\t<meta property=\"og:image:width\" content=\"1200\" \/>\n\t<meta property=\"og:image:height\" content=\"1200\" \/>\n\t<meta property=\"og:image:type\" content=\"image\/jpeg\" \/>\n<meta name=\"author\" content=\"Marie-Annick Robin\" \/>\n<meta name=\"twitter:card\" content=\"summary_large_image\" \/>\n<meta name=\"twitter:label1\" content=\"\u00c9crit par\" \/>\n\t<meta name=\"twitter:data1\" content=\"Marie-Annick Robin\" \/>\n\t<meta name=\"twitter:label2\" content=\"Dur\u00e9e de lecture estim\u00e9e\" \/>\n\t<meta name=\"twitter:data2\" content=\"1 minute\" \/>\n<script type=\"application\/ld+json\" class=\"yoast-schema-graph\">{\"@context\":\"https:\/\/schema.org\",\"@graph\":[{\"@type\":\"Article\",\"@id\":\"https:\/\/www.igr.univ-rennes.fr\/fr\/conference-agora-parcours-de-vie-2eme-edition\/#article\",\"isPartOf\":{\"@id\":\"https:\/\/www.igr.univ-rennes.fr\/fr\/conference-agora-parcours-de-vie-2eme-edition\/\"},\"author\":{\"name\":\"Marie-Annick Robin\",\"@id\":\"https:\/\/www.igr.univ-rennes.fr\/fr\/#\/schema\/person\/5f1ef906f2986c0eaa338b7258c4082b\"},\"headline\":\"Conf\u00e9rence AGORA \u2013 Parcours de vie 2\u00e8me \u00e9dition\",\"datePublished\":\"2025-10-23T13:26:27+00:00\",\"dateModified\":\"2025-11-13T13:40:38+00:00\",\"mainEntityOfPage\":{\"@id\":\"https:\/\/www.igr.univ-rennes.fr\/fr\/conference-agora-parcours-de-vie-2eme-edition\/\"},\"wordCount\":152,\"publisher\":{\"@id\":\"https:\/\/www.igr.univ-rennes.fr\/fr\/#organization\"},\"articleSection\":[\"Vie associative\"],\"inLanguage\":\"fr-FR\"},{\"@type\":\"WebPage\",\"@id\":\"https:\/\/www.igr.univ-rennes.fr\/fr\/conference-agora-parcours-de-vie-2eme-edition\/\",\"url\":\"https:\/\/www.igr.univ-rennes.fr\/fr\/conference-agora-parcours-de-vie-2eme-edition\/\",\"name\":\"Conf\u00e9rence AGORA \u2013 Parcours de vie 2\u00e8me \u00e9dition - IGR IAE Rennes\",\"isPartOf\":{\"@id\":\"https:\/\/www.igr.univ-rennes.fr\/fr\/#website\"},\"datePublished\":\"2025-10-23T13:26:27+00:00\",\"dateModified\":\"2025-11-13T13:40:38+00:00\",\"breadcrumb\":{\"@id\":\"https:\/\/www.igr.univ-rennes.fr\/fr\/conference-agora-parcours-de-vie-2eme-edition\/#breadcrumb\"},\"inLanguage\":\"fr-FR\",\"potentialAction\":[{\"@type\":\"ReadAction\",\"target\":[\"https:\/\/www.igr.univ-rennes.fr\/fr\/conference-agora-parcours-de-vie-2eme-edition\/\"]}]},{\"@type\":\"BreadcrumbList\",\"@id\":\"https:\/\/www.igr.univ-rennes.fr\/fr\/conference-agora-parcours-de-vie-2eme-edition\/#breadcrumb\",\"itemListElement\":[{\"@type\":\"ListItem\",\"position\":1,\"name\":\"Accueil\",\"item\":\"https:\/\/www.igr.univ-rennes.fr\/fr\/\"},{\"@type\":\"ListItem\",\"position\":2,\"name\":\"Conf\u00e9rence AGORA \u2013 Parcours de vie 2\u00e8me \u00e9dition\"}]},{\"@type\":\"WebSite\",\"@id\":\"https:\/\/www.igr.univ-rennes.fr\/fr\/#website\",\"url\":\"https:\/\/www.igr.univ-rennes.fr\/fr\/\",\"name\":\"IGR IAE Rennes\",\"description\":\"\",\"publisher\":{\"@id\":\"https:\/\/www.igr.univ-rennes.fr\/fr\/#organization\"},\"potentialAction\":[{\"@type\":\"SearchAction\",\"target\":{\"@type\":\"EntryPoint\",\"urlTemplate\":\"https:\/\/www.igr.univ-rennes.fr\/fr\/?s={search_term_string}\"},\"query-input\":\"required name=search_term_string\"}],\"inLanguage\":\"fr-FR\"},{\"@type\":\"Organization\",\"@id\":\"https:\/\/www.igr.univ-rennes.fr\/fr\/#organization\",\"name\":\"IGR IAE Rennes\",\"url\":\"https:\/\/www.igr.univ-rennes.fr\/fr\/\",\"logo\":{\"@type\":\"ImageObject\",\"inLanguage\":\"fr-FR\",\"@id\":\"https:\/\/www.igr.univ-rennes.fr\/fr\/#\/schema\/logo\/image\/\",\"url\":\"https:\/\/www.igr.univ-rennes.fr\/wp-content\/uploads\/2020\/06\/Logo-IGR-IAE-Rennes_Blanc-300dpi-RVB-e1597327228224.png\",\"contentUrl\":\"https:\/\/www.igr.univ-rennes.fr\/wp-content\/uploads\/2020\/06\/Logo-IGR-IAE-Rennes_Blanc-300dpi-RVB-e1597327228224.png\",\"width\":290,\"height\":107,\"caption\":\"IGR IAE Rennes\"},\"image\":{\"@id\":\"https:\/\/www.igr.univ-rennes.fr\/fr\/#\/schema\/logo\/image\/\"}},{\"@type\":\"Person\",\"@id\":\"https:\/\/www.igr.univ-rennes.fr\/fr\/#\/schema\/person\/5f1ef906f2986c0eaa338b7258c4082b\",\"name\":\"Marie-Annick Robin\",\"image\":{\"@type\":\"ImageObject\",\"inLanguage\":\"fr-FR\",\"@id\":\"https:\/\/www.igr.univ-rennes.fr\/fr\/#\/schema\/person\/image\/\",\"url\":\"https:\/\/secure.gravatar.com\/avatar\/2be340e59f359ca7aa475c1693137388?s=96&d=mm&r=g\",\"contentUrl\":\"https:\/\/secure.gravatar.com\/avatar\/2be340e59f359ca7aa475c1693137388?s=96&d=mm&r=g\",\"caption\":\"Marie-Annick Robin\"}}]}<\/script>\n<!-- \/ Yoast SEO plugin. -->","yoast_head_json":{"title":"Conf\u00e9rence AGORA \u2013 Parcours de vie 2\u00e8me \u00e9dition - IGR IAE Rennes","robots":{"index":"index","follow":"follow","max-snippet":"max-snippet:-1","max-image-preview":"max-image-preview:large","max-video-preview":"max-video-preview:-1"},"canonical":"https:\/\/www.igr.univ-rennes.fr\/fr\/conference-agora-parcours-de-vie-2eme-edition\/","og_locale":"fr_FR","og_type":"article","og_title":"Conf\u00e9rence AGORA \u2013 Parcours de vie 2\u00e8me \u00e9dition - IGR IAE Rennes","og_description":"IGR AGORA et IGR Alumni ouvrent la billetterie pour la deuxi\u00e8me \u00e9dition de la Conf\u00e9rence Alumni - Parcours de Vie !","og_url":"https:\/\/www.igr.univ-rennes.fr\/fr\/conference-agora-parcours-de-vie-2eme-edition\/","og_site_name":"IGR IAE Rennes","article_published_time":"2025-10-23T13:26:27+00:00","article_modified_time":"2025-11-13T13:40:38+00:00","og_image":[{"width":1200,"height":1200,"url":"https:\/\/www.igr.univ-rennes.fr\/wp-content\/uploads\/2025\/10\/Agora-Parcours-de-vie-2nde-edition.jpg","type":"image\/jpeg"}],"author":"Marie-Annick Robin","twitter_card":"summary_large_image","twitter_misc":{"\u00c9crit par":"Marie-Annick Robin","Dur\u00e9e de lecture estim\u00e9e":"1 minute"},"schema":{"@context":"https:\/\/schema.org","@graph":[{"@type":"Article","@id":"https:\/\/www.igr.univ-rennes.fr\/fr\/conference-agora-parcours-de-vie-2eme-edition\/#article","isPartOf":{"@id":"https:\/\/www.igr.univ-rennes.fr\/fr\/conference-agora-parcours-de-vie-2eme-edition\/"},"author":{"name":"Marie-Annick Robin","@id":"https:\/\/www.igr.univ-rennes.fr\/fr\/#\/schema\/person\/5f1ef906f2986c0eaa338b7258c4082b"},"headline":"Conf\u00e9rence AGORA \u2013 Parcours de vie 2\u00e8me \u00e9dition","datePublished":"2025-10-23T13:26:27+00:00","dateModified":"2025-11-13T13:40:38+00:00","mainEntityOfPage":{"@id":"https:\/\/www.igr.univ-rennes.fr\/fr\/conference-agora-parcours-de-vie-2eme-edition\/"},"wordCount":152,"publisher":{"@id":"https:\/\/www.igr.univ-rennes.fr\/fr\/#organization"},"articleSection":["Vie associative"],"inLanguage":"fr-FR"},{"@type":"WebPage","@id":"https:\/\/www.igr.univ-rennes.fr\/fr\/conference-agora-parcours-de-vie-2eme-edition\/","url":"https:\/\/www.igr.univ-rennes.fr\/fr\/conference-agora-parcours-de-vie-2eme-edition\/","name":"Conf\u00e9rence AGORA \u2013 Parcours de vie 2\u00e8me \u00e9dition - IGR IAE Rennes","isPartOf":{"@id":"https:\/\/www.igr.univ-rennes.fr\/fr\/#website"},"datePublished":"2025-10-23T13:26:27+00:00","dateModified":"2025-11-13T13:40:38+00:00","breadcrumb":{"@id":"https:\/\/www.igr.univ-rennes.fr\/fr\/conference-agora-parcours-de-vie-2eme-edition\/#breadcrumb"},"inLanguage":"fr-FR","potentialAction":[{"@type":"ReadAction","target":["https:\/\/www.igr.univ-rennes.fr\/fr\/conference-agora-parcours-de-vie-2eme-edition\/"]}]},{"@type":"BreadcrumbList","@id":"https:\/\/www.igr.univ-rennes.fr\/fr\/conference-agora-parcours-de-vie-2eme-edition\/#breadcrumb","itemListElement":[{"@type":"ListItem","position":1,"name":"Accueil","item":"https:\/\/www.igr.univ-rennes.fr\/fr\/"},{"@type":"ListItem","position":2,"name":"Conf\u00e9rence AGORA \u2013 Parcours de vie 2\u00e8me \u00e9dition"}]},{"@type":"WebSite","@id":"https:\/\/www.igr.univ-rennes.fr\/fr\/#website","url":"https:\/\/www.igr.univ-rennes.fr\/fr\/","name":"IGR IAE Rennes","description":"","publisher":{"@id":"https:\/\/www.igr.univ-rennes.fr\/fr\/#organization"},"potentialAction":[{"@type":"SearchAction","target":{"@type":"EntryPoint","urlTemplate":"https:\/\/www.igr.univ-rennes.fr\/fr\/?s={search_term_string}"},"query-input":"required name=search_term_string"}],"inLanguage":"fr-FR"},{"@type":"Organization","@id":"https:\/\/www.igr.univ-rennes.fr\/fr\/#organization","name":"IGR IAE Rennes","url":"https:\/\/www.igr.univ-rennes.fr\/fr\/","logo":{"@type":"ImageObject","inLanguage":"fr-FR","@id":"https:\/\/www.igr.univ-rennes.fr\/fr\/#\/schema\/logo\/image\/","url":"https:\/\/www.igr.univ-rennes.fr\/wp-content\/uploads\/2020\/06\/Logo-IGR-IAE-Rennes_Blanc-300dpi-RVB-e1597327228224.png","contentUrl":"https:\/\/www.igr.univ-rennes.fr\/wp-content\/uploads\/2020\/06\/Logo-IGR-IAE-Rennes_Blanc-300dpi-RVB-e1597327228224.png","width":290,"height":107,"caption":"IGR IAE Rennes"},"image":{"@id":"https:\/\/www.igr.univ-rennes.fr\/fr\/#\/schema\/logo\/image\/"}},{"@type":"Person","@id":"https:\/\/www.igr.univ-rennes.fr\/fr\/#\/schema\/person\/5f1ef906f2986c0eaa338b7258c4082b","name":"Marie-Annick Robin","image":{"@type":"ImageObject","inLanguage":"fr-FR","@id":"https:\/\/www.igr.univ-rennes.fr\/fr\/#\/schema\/person\/image\/","url":"https:\/\/secure.gravatar.com\/avatar\/2be340e59f359ca7aa475c1693137388?s=96&d=mm&r=g","contentUrl":"https:\/\/secure.gravatar.com\/avatar\/2be340e59f359ca7aa475c1693137388?s=96&d=mm&r=g","caption":"Marie-Annick Robin"}}]}},"_links":{"self":[{"href":"https:\/\/www.igr.univ-rennes.fr\/fr\/wp-json\/wp\/v2\/posts\/532654"}],"collection":[{"href":"https:\/\/www.igr.univ-rennes.fr\/fr\/wp-json\/wp\/v2\/posts"}],"about":[{"href":"https:\/\/www.igr.univ-rennes.fr\/fr\/wp-json\/wp\/v2\/types\/post"}],"author":[{"embeddable":true,"href":"https:\/\/www.igr.univ-rennes.fr\/fr\/wp-json\/wp\/v2\/users\/11"}],"replies":[{"embeddable":true,"href":"https:\/\/www.igr.univ-rennes.fr\/fr\/wp-json\/wp\/v2\/comments?post=532654"}],"version-history":[{"count":14,"href":"https:\/\/www.igr.univ-rennes.fr\/fr\/wp-json\/wp\/v2\/posts\/532654\/revisions"}],"predecessor-version":[{"id":532672,"href":"https:\/\/www.igr.univ-rennes.fr\/fr\/wp-json\/wp\/v2\/posts\/532654\/revisions\/532672"}],"wp:featuredmedia":[{"embeddable":true,"href":"https:\/\/www.igr.univ-rennes.fr\/fr\/wp-json\/wp\/v2\/media\/532655"}],"wp:attachment":[{"href":"https:\/\/www.igr.univ-rennes.fr\/fr\/wp-json\/wp\/v2\/media?parent=532654"}],"wp:term":[{"taxonomy":"category","embeddable":true,"href":"https:\/\/www.igr.univ-rennes.fr\/fr\/wp-json\/wp\/v2\/categories?post=532654"},{"taxonomy":"post_tag","embeddable":true,"href":"https:\/\/www.igr.univ-rennes.fr\/fr\/wp-json\/wp\/v2\/tags?post=532654"}],"curies":[{"name":"wp","href":"https:\/\/api.w.org\/{rel}","templated":true}]}}