{"id":530791,"date":"2025-10-16T16:44:19","date_gmt":"2025-10-16T14:44:19","guid":{"rendered":"https:\/\/www.igr.univ-rennes.fr\/?p=530791"},"modified":"2025-10-28T12:31:07","modified_gmt":"2025-10-28T11:31:07","slug":"nouvelle-formation-communication-responsable-une-offre-certifiante-au-coeur-des-transitions","status":"publish","type":"post","link":"https:\/\/www.igr.univ-rennes.fr\/fr\/nouvelle-formation-communication-responsable-une-offre-certifiante-au-coeur-des-transitions\/","title":{"rendered":"Nouvelle formation : Communication Responsable, une offre certifiante au c\u0153ur des transitions"},"content":{"rendered":"\t\t<div data-elementor-type=\"wp-post\" data-elementor-id=\"530791\" class=\"elementor elementor-530791\">\n\t\t\t\t\t\t\t\t\t<section class=\"elementor-section elementor-top-section elementor-element elementor-element-1cedc2e elementor-section-boxed elementor-section-height-default elementor-section-height-default\" data-id=\"1cedc2e\" data-element_type=\"section\">\n\t\t\t\t\t\t<div class=\"elementor-container elementor-column-gap-default\">\n\t\t\t\t\t<div class=\"elementor-column elementor-col-100 elementor-top-column elementor-element elementor-element-097e9f3\" data-id=\"097e9f3\" data-element_type=\"column\">\n\t\t\t<div class=\"elementor-widget-wrap elementor-element-populated\">\n\t\t\t\t\t\t\t\t<div class=\"elementor-element elementor-element-035813a elementor-widget elementor-widget-text-editor\" data-id=\"035813a\" data-element_type=\"widget\" data-widget_type=\"text-editor.default\">\n\t\t\t\t<div class=\"elementor-widget-container\">\n\t\t\t\t\t\t\t<div><a href=\"https:\/\/bretagne-next.bzh\/\" target=\"_blank\" rel=\"noopener\">Bretagne Next<\/a>, dans le cadre de sa mission <a href=\"https:\/\/www.marque.bretagne.bzh\/rendez-vous-du-reseau\/communication-responsable\/\" target=\"_blank\" rel=\"noopener\">marque Bretagne<\/a> s&rsquo;associe \u00e0 l\u2019IGR-IAE Rennes pour lancer une nouvelle formation certifiante d\u00e9di\u00e9e \u00e0 la<span style=\"font-size: 12pt;\"><strong> Communication Responsable.<br \/><br \/>La premi\u00e8re \u00e9dition aura lieu en\u00a0<span id=\"OBJ_PREFIX_DWT6849_com_zimbra_date\" class=\"Object\" role=\"link\"><span id=\"OBJ_PREFIX_DWT6858_com_zimbra_date\" class=\"Object\" role=\"link\"><span id=\"OBJ_PREFIX_DWT6867_com_zimbra_date\" class=\"Object\" role=\"link\"><span id=\"OBJ_PREFIX_DWT6876_com_zimbra_date\" class=\"Object\" role=\"link\">Mars 2026.<\/span><\/span><\/span><\/span><br \/><\/strong><\/span><\/div><h4>Notre ambition<\/h4><p>Accompagner les professionnels vers une communication plus \u00e9thique, durable et impactante. Cette formation de <strong>5 jours (35 h)<\/strong> en pr\u00e9sentiel \u00e0 l&rsquo;IGR-IAE Rennes, propose un parcours centr\u00e9 sur <strong>les enjeux RSE, l\u2019\u00e9co-conception, la lutte contre le greenwashing et le d\u00e9veloppement de r\u00e9cits responsables<\/strong>. Elle s\u2019adresse \u00e0 des professionnels de la communication, du marketing, de la strat\u00e9gie ou des m\u00e9tiers de la RSE qui souhaitent renforcer leurs comp\u00e9tences.<\/p><h4>Ce que vous apprendrez<\/h4><ul><li>Int\u00e9grer des enjeux de RSE et de d\u00e9veloppement durable dans la strat\u00e9gie de communication<\/li><li>Communiquer sur ses engagements RSE de mani\u00e8re \u00e9thique, sans greenwashing<\/li><li>D\u00e9finir une strat\u00e9gie de communication responsable \u00e0 destination des parties prenantes<\/li><li>Cr\u00e9er une marque forte et un territoire de marque engag\u00e9s<\/li><li>Eco-concevoir une campagne de communication et en mesurer les impacts<\/li><li>Organiser des \u00e9v\u00e9nements responsables<\/li><li>Conna\u00eetre et respecter ses droits &amp; devoirs en mati\u00e8re de communication<\/li><\/ul><h4>Pourquoi choisir cette formation ?<\/h4><ul><li>Formation certifiante (bloc RNCP)<\/li><li>Portage IGR-IAE Rennes &amp; Bretagne Next<\/li><li>Programme op\u00e9rationnel et concret<\/li><li>Experts acad\u00e9miques et professionnels<\/li><li>\u00c9ligible CPF<\/li><\/ul><p>\u27a1\ufe0f Les candidatures sont maintenant ouvertes.<\/p>\t\t\t\t\t\t<\/div>\n\t\t\t\t<\/div>\n\t\t\t\t\t<\/div>\n\t\t<\/div>\n\t\t\t\t\t\t\t<\/div>\n\t\t<\/section>\n\t\t\t\t<section class=\"elementor-section elementor-top-section elementor-element elementor-element-ded8794 elementor-section-boxed elementor-section-height-default elementor-section-height-default\" data-id=\"ded8794\" data-element_type=\"section\">\n\t\t\t\t\t\t<div class=\"elementor-container elementor-column-gap-default\">\n\t\t\t\t\t<div class=\"elementor-column elementor-col-100 elementor-top-column elementor-element elementor-element-367a8bf\" data-id=\"367a8bf\" data-element_type=\"column\">\n\t\t\t<div class=\"elementor-widget-wrap elementor-element-populated\">\n\t\t\t\t\t\t\t\t<div class=\"elementor-element elementor-element-24d528a elementor-widget elementor-widget-button\" data-id=\"24d528a\" data-element_type=\"widget\" data-widget_type=\"button.default\">\n\t\t\t\t<div class=\"elementor-widget-container\">\n\t\t\t\t\t<div class=\"elementor-button-wrapper\">\n\t\t\t<a class=\"elementor-button elementor-button-link elementor-size-sm\" href=\"https:\/\/www.igr.univ-rennes.fr\/fr\/formation\/communication-responsable\/#objectifs\" target=\"_blank\">\n\t\t\t\t\t\t<span class=\"elementor-button-content-wrapper\">\n\t\t\t\t\t\t<span class=\"elementor-button-text\">Pour en savoir plus, consulter le programme complet et d\u00e9poser votre dossier<\/span>\n\t\t<\/span>\n\t\t\t\t\t<\/a>\n\t\t<\/div>\n\t\t\t\t<\/div>\n\t\t\t\t<\/div>\n\t\t\t\t\t<\/div>\n\t\t<\/div>\n\t\t\t\t\t\t\t<\/div>\n\t\t<\/section>\n\t\t\t\t\t\t\t<\/div>\n\t\t","protected":false},"excerpt":{"rendered":"<p>L\u2019IGR-IAE Rennes lance une nouvelle formation certifiante : Communication Responsable<\/p>\n","protected":false},"author":11,"featured_media":530792,"comment_status":"closed","ping_status":"closed","sticky":true,"template":"","format":"standard","meta":{"footnotes":""},"categories":[64],"tags":[],"yoast_head":"<!-- This site is optimized with the Yoast SEO plugin v21.1 - https:\/\/yoast.com\/wordpress\/plugins\/seo\/ -->\n<title>Nouvelle formation : Communication Responsable, une offre certifiante au c\u0153ur des transitions - IGR IAE Rennes<\/title>\n<meta name=\"robots\" content=\"index, follow, max-snippet:-1, max-image-preview:large, max-video-preview:-1\" \/>\n<link rel=\"canonical\" href=\"https:\/\/www.igr.univ-rennes.fr\/fr\/nouvelle-formation-communication-responsable-une-offre-certifiante-au-coeur-des-transitions\/\" \/>\n<meta property=\"og:locale\" content=\"fr_FR\" \/>\n<meta property=\"og:type\" content=\"article\" \/>\n<meta property=\"og:title\" content=\"Nouvelle formation : Communication Responsable, une offre certifiante au c\u0153ur des transitions - IGR IAE Rennes\" \/>\n<meta property=\"og:description\" content=\"L\u2019IGR-IAE Rennes lance une nouvelle formation certifiante : Communication Responsable\" \/>\n<meta property=\"og:url\" content=\"https:\/\/www.igr.univ-rennes.fr\/fr\/nouvelle-formation-communication-responsable-une-offre-certifiante-au-coeur-des-transitions\/\" \/>\n<meta property=\"og:site_name\" content=\"IGR IAE Rennes\" \/>\n<meta property=\"article:published_time\" content=\"2025-10-16T14:44:19+00:00\" \/>\n<meta property=\"article:modified_time\" content=\"2025-10-28T11:31:07+00:00\" \/>\n<meta property=\"og:image\" content=\"https:\/\/www.igr.univ-rennes.fr\/wp-content\/uploads\/2025\/10\/com-resp-Marque-Bretagne-IGR-IAE-scaled.jpg\" \/>\n\t<meta property=\"og:image:width\" content=\"2560\" \/>\n\t<meta property=\"og:image:height\" content=\"1440\" \/>\n\t<meta property=\"og:image:type\" content=\"image\/jpeg\" \/>\n<meta name=\"author\" content=\"Marie-Annick Robin\" \/>\n<meta name=\"twitter:card\" content=\"summary_large_image\" \/>\n<meta name=\"twitter:label1\" content=\"\u00c9crit par\" \/>\n\t<meta name=\"twitter:data1\" content=\"Marie-Annick Robin\" \/>\n\t<meta name=\"twitter:label2\" content=\"Dur\u00e9e de lecture estim\u00e9e\" \/>\n\t<meta name=\"twitter:data2\" content=\"2 minutes\" \/>\n<script type=\"application\/ld+json\" class=\"yoast-schema-graph\">{\"@context\":\"https:\/\/schema.org\",\"@graph\":[{\"@type\":\"Article\",\"@id\":\"https:\/\/www.igr.univ-rennes.fr\/fr\/nouvelle-formation-communication-responsable-une-offre-certifiante-au-coeur-des-transitions\/#article\",\"isPartOf\":{\"@id\":\"https:\/\/www.igr.univ-rennes.fr\/fr\/nouvelle-formation-communication-responsable-une-offre-certifiante-au-coeur-des-transitions\/\"},\"author\":{\"name\":\"Marie-Annick Robin\",\"@id\":\"https:\/\/www.igr.univ-rennes.fr\/fr\/#\/schema\/person\/5f1ef906f2986c0eaa338b7258c4082b\"},\"headline\":\"Nouvelle formation : Communication Responsable, une offre certifiante au c\u0153ur des transitions\",\"datePublished\":\"2025-10-16T14:44:19+00:00\",\"dateModified\":\"2025-10-28T11:31:07+00:00\",\"mainEntityOfPage\":{\"@id\":\"https:\/\/www.igr.univ-rennes.fr\/fr\/nouvelle-formation-communication-responsable-une-offre-certifiante-au-coeur-des-transitions\/\"},\"wordCount\":247,\"publisher\":{\"@id\":\"https:\/\/www.igr.univ-rennes.fr\/fr\/#organization\"},\"articleSection\":[\"Formation\"],\"inLanguage\":\"fr-FR\"},{\"@type\":\"WebPage\",\"@id\":\"https:\/\/www.igr.univ-rennes.fr\/fr\/nouvelle-formation-communication-responsable-une-offre-certifiante-au-coeur-des-transitions\/\",\"url\":\"https:\/\/www.igr.univ-rennes.fr\/fr\/nouvelle-formation-communication-responsable-une-offre-certifiante-au-coeur-des-transitions\/\",\"name\":\"Nouvelle formation : Communication Responsable, une offre certifiante au c\u0153ur des transitions - IGR IAE Rennes\",\"isPartOf\":{\"@id\":\"https:\/\/www.igr.univ-rennes.fr\/fr\/#website\"},\"datePublished\":\"2025-10-16T14:44:19+00:00\",\"dateModified\":\"2025-10-28T11:31:07+00:00\",\"breadcrumb\":{\"@id\":\"https:\/\/www.igr.univ-rennes.fr\/fr\/nouvelle-formation-communication-responsable-une-offre-certifiante-au-coeur-des-transitions\/#breadcrumb\"},\"inLanguage\":\"fr-FR\",\"potentialAction\":[{\"@type\":\"ReadAction\",\"target\":[\"https:\/\/www.igr.univ-rennes.fr\/fr\/nouvelle-formation-communication-responsable-une-offre-certifiante-au-coeur-des-transitions\/\"]}]},{\"@type\":\"BreadcrumbList\",\"@id\":\"https:\/\/www.igr.univ-rennes.fr\/fr\/nouvelle-formation-communication-responsable-une-offre-certifiante-au-coeur-des-transitions\/#breadcrumb\",\"itemListElement\":[{\"@type\":\"ListItem\",\"position\":1,\"name\":\"Accueil\",\"item\":\"https:\/\/www.igr.univ-rennes.fr\/fr\/\"},{\"@type\":\"ListItem\",\"position\":2,\"name\":\"Nouvelle formation : Communication Responsable, une offre certifiante au c\u0153ur des transitions\"}]},{\"@type\":\"WebSite\",\"@id\":\"https:\/\/www.igr.univ-rennes.fr\/fr\/#website\",\"url\":\"https:\/\/www.igr.univ-rennes.fr\/fr\/\",\"name\":\"IGR IAE Rennes\",\"description\":\"\",\"publisher\":{\"@id\":\"https:\/\/www.igr.univ-rennes.fr\/fr\/#organization\"},\"potentialAction\":[{\"@type\":\"SearchAction\",\"target\":{\"@type\":\"EntryPoint\",\"urlTemplate\":\"https:\/\/www.igr.univ-rennes.fr\/fr\/?s={search_term_string}\"},\"query-input\":\"required name=search_term_string\"}],\"inLanguage\":\"fr-FR\"},{\"@type\":\"Organization\",\"@id\":\"https:\/\/www.igr.univ-rennes.fr\/fr\/#organization\",\"name\":\"IGR IAE Rennes\",\"url\":\"https:\/\/www.igr.univ-rennes.fr\/fr\/\",\"logo\":{\"@type\":\"ImageObject\",\"inLanguage\":\"fr-FR\",\"@id\":\"https:\/\/www.igr.univ-rennes.fr\/fr\/#\/schema\/logo\/image\/\",\"url\":\"https:\/\/www.igr.univ-rennes.fr\/wp-content\/uploads\/2020\/06\/Logo-IGR-IAE-Rennes_Blanc-300dpi-RVB-e1597327228224.png\",\"contentUrl\":\"https:\/\/www.igr.univ-rennes.fr\/wp-content\/uploads\/2020\/06\/Logo-IGR-IAE-Rennes_Blanc-300dpi-RVB-e1597327228224.png\",\"width\":290,\"height\":107,\"caption\":\"IGR IAE Rennes\"},\"image\":{\"@id\":\"https:\/\/www.igr.univ-rennes.fr\/fr\/#\/schema\/logo\/image\/\"}},{\"@type\":\"Person\",\"@id\":\"https:\/\/www.igr.univ-rennes.fr\/fr\/#\/schema\/person\/5f1ef906f2986c0eaa338b7258c4082b\",\"name\":\"Marie-Annick Robin\",\"image\":{\"@type\":\"ImageObject\",\"inLanguage\":\"fr-FR\",\"@id\":\"https:\/\/www.igr.univ-rennes.fr\/fr\/#\/schema\/person\/image\/\",\"url\":\"https:\/\/secure.gravatar.com\/avatar\/2be340e59f359ca7aa475c1693137388?s=96&d=mm&r=g\",\"contentUrl\":\"https:\/\/secure.gravatar.com\/avatar\/2be340e59f359ca7aa475c1693137388?s=96&d=mm&r=g\",\"caption\":\"Marie-Annick Robin\"}}]}<\/script>\n<!-- \/ Yoast SEO plugin. -->","yoast_head_json":{"title":"Nouvelle formation : Communication Responsable, une offre certifiante au c\u0153ur des transitions - IGR IAE Rennes","robots":{"index":"index","follow":"follow","max-snippet":"max-snippet:-1","max-image-preview":"max-image-preview:large","max-video-preview":"max-video-preview:-1"},"canonical":"https:\/\/www.igr.univ-rennes.fr\/fr\/nouvelle-formation-communication-responsable-une-offre-certifiante-au-coeur-des-transitions\/","og_locale":"fr_FR","og_type":"article","og_title":"Nouvelle formation : Communication Responsable, une offre certifiante au c\u0153ur des transitions - IGR IAE Rennes","og_description":"L\u2019IGR-IAE Rennes lance une nouvelle formation certifiante : Communication Responsable","og_url":"https:\/\/www.igr.univ-rennes.fr\/fr\/nouvelle-formation-communication-responsable-une-offre-certifiante-au-coeur-des-transitions\/","og_site_name":"IGR IAE Rennes","article_published_time":"2025-10-16T14:44:19+00:00","article_modified_time":"2025-10-28T11:31:07+00:00","og_image":[{"width":2560,"height":1440,"url":"https:\/\/www.igr.univ-rennes.fr\/wp-content\/uploads\/2025\/10\/com-resp-Marque-Bretagne-IGR-IAE-scaled.jpg","type":"image\/jpeg"}],"author":"Marie-Annick Robin","twitter_card":"summary_large_image","twitter_misc":{"\u00c9crit par":"Marie-Annick Robin","Dur\u00e9e de lecture estim\u00e9e":"2 minutes"},"schema":{"@context":"https:\/\/schema.org","@graph":[{"@type":"Article","@id":"https:\/\/www.igr.univ-rennes.fr\/fr\/nouvelle-formation-communication-responsable-une-offre-certifiante-au-coeur-des-transitions\/#article","isPartOf":{"@id":"https:\/\/www.igr.univ-rennes.fr\/fr\/nouvelle-formation-communication-responsable-une-offre-certifiante-au-coeur-des-transitions\/"},"author":{"name":"Marie-Annick Robin","@id":"https:\/\/www.igr.univ-rennes.fr\/fr\/#\/schema\/person\/5f1ef906f2986c0eaa338b7258c4082b"},"headline":"Nouvelle formation : Communication Responsable, une offre certifiante au c\u0153ur des transitions","datePublished":"2025-10-16T14:44:19+00:00","dateModified":"2025-10-28T11:31:07+00:00","mainEntityOfPage":{"@id":"https:\/\/www.igr.univ-rennes.fr\/fr\/nouvelle-formation-communication-responsable-une-offre-certifiante-au-coeur-des-transitions\/"},"wordCount":247,"publisher":{"@id":"https:\/\/www.igr.univ-rennes.fr\/fr\/#organization"},"articleSection":["Formation"],"inLanguage":"fr-FR"},{"@type":"WebPage","@id":"https:\/\/www.igr.univ-rennes.fr\/fr\/nouvelle-formation-communication-responsable-une-offre-certifiante-au-coeur-des-transitions\/","url":"https:\/\/www.igr.univ-rennes.fr\/fr\/nouvelle-formation-communication-responsable-une-offre-certifiante-au-coeur-des-transitions\/","name":"Nouvelle formation : Communication Responsable, une offre certifiante au c\u0153ur des transitions - IGR IAE Rennes","isPartOf":{"@id":"https:\/\/www.igr.univ-rennes.fr\/fr\/#website"},"datePublished":"2025-10-16T14:44:19+00:00","dateModified":"2025-10-28T11:31:07+00:00","breadcrumb":{"@id":"https:\/\/www.igr.univ-rennes.fr\/fr\/nouvelle-formation-communication-responsable-une-offre-certifiante-au-coeur-des-transitions\/#breadcrumb"},"inLanguage":"fr-FR","potentialAction":[{"@type":"ReadAction","target":["https:\/\/www.igr.univ-rennes.fr\/fr\/nouvelle-formation-communication-responsable-une-offre-certifiante-au-coeur-des-transitions\/"]}]},{"@type":"BreadcrumbList","@id":"https:\/\/www.igr.univ-rennes.fr\/fr\/nouvelle-formation-communication-responsable-une-offre-certifiante-au-coeur-des-transitions\/#breadcrumb","itemListElement":[{"@type":"ListItem","position":1,"name":"Accueil","item":"https:\/\/www.igr.univ-rennes.fr\/fr\/"},{"@type":"ListItem","position":2,"name":"Nouvelle formation : Communication Responsable, une offre certifiante au c\u0153ur des transitions"}]},{"@type":"WebSite","@id":"https:\/\/www.igr.univ-rennes.fr\/fr\/#website","url":"https:\/\/www.igr.univ-rennes.fr\/fr\/","name":"IGR IAE Rennes","description":"","publisher":{"@id":"https:\/\/www.igr.univ-rennes.fr\/fr\/#organization"},"potentialAction":[{"@type":"SearchAction","target":{"@type":"EntryPoint","urlTemplate":"https:\/\/www.igr.univ-rennes.fr\/fr\/?s={search_term_string}"},"query-input":"required name=search_term_string"}],"inLanguage":"fr-FR"},{"@type":"Organization","@id":"https:\/\/www.igr.univ-rennes.fr\/fr\/#organization","name":"IGR IAE Rennes","url":"https:\/\/www.igr.univ-rennes.fr\/fr\/","logo":{"@type":"ImageObject","inLanguage":"fr-FR","@id":"https:\/\/www.igr.univ-rennes.fr\/fr\/#\/schema\/logo\/image\/","url":"https:\/\/www.igr.univ-rennes.fr\/wp-content\/uploads\/2020\/06\/Logo-IGR-IAE-Rennes_Blanc-300dpi-RVB-e1597327228224.png","contentUrl":"https:\/\/www.igr.univ-rennes.fr\/wp-content\/uploads\/2020\/06\/Logo-IGR-IAE-Rennes_Blanc-300dpi-RVB-e1597327228224.png","width":290,"height":107,"caption":"IGR IAE Rennes"},"image":{"@id":"https:\/\/www.igr.univ-rennes.fr\/fr\/#\/schema\/logo\/image\/"}},{"@type":"Person","@id":"https:\/\/www.igr.univ-rennes.fr\/fr\/#\/schema\/person\/5f1ef906f2986c0eaa338b7258c4082b","name":"Marie-Annick Robin","image":{"@type":"ImageObject","inLanguage":"fr-FR","@id":"https:\/\/www.igr.univ-rennes.fr\/fr\/#\/schema\/person\/image\/","url":"https:\/\/secure.gravatar.com\/avatar\/2be340e59f359ca7aa475c1693137388?s=96&d=mm&r=g","contentUrl":"https:\/\/secure.gravatar.com\/avatar\/2be340e59f359ca7aa475c1693137388?s=96&d=mm&r=g","caption":"Marie-Annick Robin"}}]}},"_links":{"self":[{"href":"https:\/\/www.igr.univ-rennes.fr\/fr\/wp-json\/wp\/v2\/posts\/530791"}],"collection":[{"href":"https:\/\/www.igr.univ-rennes.fr\/fr\/wp-json\/wp\/v2\/posts"}],"about":[{"href":"https:\/\/www.igr.univ-rennes.fr\/fr\/wp-json\/wp\/v2\/types\/post"}],"author":[{"embeddable":true,"href":"https:\/\/www.igr.univ-rennes.fr\/fr\/wp-json\/wp\/v2\/users\/11"}],"replies":[{"embeddable":true,"href":"https:\/\/www.igr.univ-rennes.fr\/fr\/wp-json\/wp\/v2\/comments?post=530791"}],"version-history":[{"count":54,"href":"https:\/\/www.igr.univ-rennes.fr\/fr\/wp-json\/wp\/v2\/posts\/530791\/revisions"}],"predecessor-version":[{"id":534403,"href":"https:\/\/www.igr.univ-rennes.fr\/fr\/wp-json\/wp\/v2\/posts\/530791\/revisions\/534403"}],"wp:featuredmedia":[{"embeddable":true,"href":"https:\/\/www.igr.univ-rennes.fr\/fr\/wp-json\/wp\/v2\/media\/530792"}],"wp:attachment":[{"href":"https:\/\/www.igr.univ-rennes.fr\/fr\/wp-json\/wp\/v2\/media?parent=530791"}],"wp:term":[{"taxonomy":"category","embeddable":true,"href":"https:\/\/www.igr.univ-rennes.fr\/fr\/wp-json\/wp\/v2\/categories?post=530791"},{"taxonomy":"post_tag","embeddable":true,"href":"https:\/\/www.igr.univ-rennes.fr\/fr\/wp-json\/wp\/v2\/tags?post=530791"}],"curies":[{"name":"wp","href":"https:\/\/api.w.org\/{rel}","templated":true}]}}