{"id":527453,"date":"2025-10-02T10:15:44","date_gmt":"2025-10-02T08:15:44","guid":{"rendered":"https:\/\/www.igr.univ-rennes.fr\/?p=527453"},"modified":"2025-10-14T17:20:50","modified_gmt":"2025-10-14T15:20:50","slug":"2%e1%b5%89-forum-des-metiers-de-laudit-le-9-octobre-2025","status":"publish","type":"post","link":"https:\/\/www.igr.univ-rennes.fr\/fr\/2%e1%b5%89-forum-des-metiers-de-laudit-le-9-octobre-2025\/","title":{"rendered":"2\u1d49 Forum des m\u00e9tiers de l\u2019Audit le 9 octobre 2025"},"content":{"rendered":"\t\t<div data-elementor-type=\"wp-post\" data-elementor-id=\"527453\" class=\"elementor elementor-527453\" data-elementor-post-type=\"post\">\n\t\t\t\t\t\t<section class=\"elementor-section elementor-top-section elementor-element elementor-element-e555ee4 elementor-section-boxed elementor-section-height-default elementor-section-height-default\" data-id=\"e555ee4\" data-element_type=\"section\" data-e-type=\"section\">\n\t\t\t\t\t\t<div class=\"elementor-container elementor-column-gap-default\">\n\t\t\t\t\t<div class=\"elementor-column elementor-col-100 elementor-top-column elementor-element elementor-element-33a7a9f\" data-id=\"33a7a9f\" data-element_type=\"column\" data-e-type=\"column\">\n\t\t\t<div class=\"elementor-widget-wrap elementor-element-populated\">\n\t\t\t\t\t\t<div class=\"elementor-element elementor-element-3f6e0dd elementor-widget elementor-widget-text-editor\" data-id=\"3f6e0dd\" data-element_type=\"widget\" data-e-type=\"widget\" data-widget_type=\"text-editor.default\">\n\t\t\t\t<div class=\"elementor-widget-container\">\n\t\t\t\t\t\t\t\t\t<p>Le <strong>9 octobre<\/strong> prochain, l\u2019IGR-IAE Rennes aura le plaisir d\u2019accueillir la <strong>seconde \u00e9dition du Forum des m\u00e9tiers de l\u2019Audit<\/strong>, organis\u00e9 en partenariat avec la <a href=\"https:\/\/www.crcc-ouestatlantique.fr\/\" target=\"_blank\" rel=\"noopener\">CRCC Ouest-Atlantique<\/a>.<\/p><p>Cet \u00e9v\u00e9nement s\u2019adresse aux \u00e9tudiants en pr\u00e9paration aux grandes \u00e9coles, en DCG ou DSCG, en IUT ou en \u00e9coles d\u2019ing\u00e9nieurs, ainsi qu\u2019\u00e0 tous ceux qui souhaitent d\u00e9couvrir les m\u00e9tiers de l\u2019audit. Les enseignants et professionnels du secteur sont \u00e9galement les bienvenus.<\/p><h4>Au programme de cette matin\u00e9e<\/h4><ul><li><strong>Une conf\u00e9rence pl\u00e9ni\u00e8re<\/strong> : pr\u00e9sentation des m\u00e9tiers de l\u2019audit, \u00e9volutions du secteur, perspectives RH et carri\u00e8re<\/li><li><strong>Des ateliers m\u00e9tiers<\/strong> :<ul><li>La Durabilit\u00e9 et les crit\u00e8res ESG : enjeu soci\u00e9tal et nouvelle mission des commissaires aux comptes<\/li><li>R\u00f4le et missions des commissaires aux comptes : jeu interactif<\/li><li>Les outils num\u00e9riques et d&rsquo;intelligence artificielle au service de l&rsquo;audit<\/li><\/ul><\/li><li><strong>Un cocktail de cl\u00f4ture<\/strong> permettant de poursuivre les \u00e9changes avec les intervenants.<\/li><\/ul><p>C\u2019est un plaisir de pouvoir accueillir \u00e0 nouveau cet \u00e9v\u00e9nement pour l\u2019\u00e9dition 2025 et d\u2019offrir aux participants une immersion compl\u00e8te dans le m\u00e9tier de commissaire aux comptes.<\/p>\t\t\t\t\t\t\t\t<\/div>\n\t\t\t\t<\/div>\n\t\t\t\t\t<\/div>\n\t\t<\/div>\n\t\t\t\t\t<\/div>\n\t\t<\/section>\n\t\t\t\t<\/div>\n\t\t","protected":false},"excerpt":{"rendered":"<p>Le 9 octobre prochain, l\u2019IGR-IAE Rennes aura le plaisir d\u2019accueillir la 2\u1d49 \u00e9dition du Forum des m\u00e9tiers de l\u2019Audit, organis\u00e9 en partenariat avec la CRCC Ouest-Atlantique<\/p>\n","protected":false},"author":11,"featured_media":527454,"comment_status":"closed","ping_status":"closed","sticky":false,"template":"","format":"standard","meta":{"_acf_changed":false,"footnotes":""},"categories":[67],"tags":[],"class_list":["post-527453","post","type-post","status-publish","format-standard","has-post-thumbnail","hentry","category-entreprise"],"acf":[],"yoast_head":"<!-- This site is optimized with the Yoast SEO plugin v27.5 - https:\/\/yoast.com\/product\/yoast-seo-wordpress\/ -->\n<title>2\u1d49 Forum des m\u00e9tiers de l\u2019Audit le 9 octobre 2025 - IGR IAE Rennes<\/title>\n<meta name=\"robots\" content=\"index, follow, max-snippet:-1, max-image-preview:large, max-video-preview:-1\" \/>\n<link rel=\"canonical\" href=\"https:\/\/www.igr.univ-rennes.fr\/fr\/2%e1%b5%89-forum-des-metiers-de-laudit-le-9-octobre-2025\/\" \/>\n<meta property=\"og:locale\" content=\"fr_FR\" \/>\n<meta property=\"og:type\" content=\"article\" \/>\n<meta property=\"og:title\" content=\"2\u1d49 Forum des m\u00e9tiers de l\u2019Audit le 9 octobre 2025 - IGR IAE Rennes\" \/>\n<meta property=\"og:description\" content=\"Le 9 octobre prochain, l\u2019IGR-IAE Rennes aura le plaisir d\u2019accueillir la 2\u1d49 \u00e9dition du Forum des m\u00e9tiers de l\u2019Audit, organis\u00e9 en partenariat avec la CRCC Ouest-Atlantique\" \/>\n<meta property=\"og:url\" content=\"https:\/\/www.igr.univ-rennes.fr\/fr\/2%e1%b5%89-forum-des-metiers-de-laudit-le-9-octobre-2025\/\" \/>\n<meta property=\"og:site_name\" content=\"IGR IAE Rennes\" \/>\n<meta property=\"article:published_time\" content=\"2025-10-02T08:15:44+00:00\" \/>\n<meta property=\"article:modified_time\" content=\"2025-10-14T15:20:50+00:00\" \/>\n<meta property=\"og:image\" content=\"https:\/\/www.igr.univ-rennes.fr\/wp-content\/uploads\/2025\/10\/ACTU-SITE-4-1024x576.png\" \/>\n\t<meta property=\"og:image:width\" content=\"1024\" \/>\n\t<meta property=\"og:image:height\" content=\"576\" \/>\n\t<meta property=\"og:image:type\" content=\"image\/png\" \/>\n<meta name=\"author\" content=\"Marie-Annick Robin\" \/>\n<meta name=\"twitter:card\" content=\"summary_large_image\" \/>\n<meta name=\"twitter:label1\" content=\"\u00c9crit par\" \/>\n\t<meta name=\"twitter:data1\" content=\"Marie-Annick Robin\" \/>\n\t<meta name=\"twitter:label2\" content=\"Dur\u00e9e de lecture estim\u00e9e\" \/>\n\t<meta name=\"twitter:data2\" content=\"1 minute\" \/>\n<script type=\"application\/ld+json\" class=\"yoast-schema-graph\">{\"@context\":\"https:\\\/\\\/schema.org\",\"@graph\":[{\"@type\":\"Article\",\"@id\":\"https:\\\/\\\/www.igr.univ-rennes.fr\\\/fr\\\/2%e1%b5%89-forum-des-metiers-de-laudit-le-9-octobre-2025\\\/#article\",\"isPartOf\":{\"@id\":\"https:\\\/\\\/www.igr.univ-rennes.fr\\\/fr\\\/2%e1%b5%89-forum-des-metiers-de-laudit-le-9-octobre-2025\\\/\"},\"author\":{\"name\":\"Marie-Annick Robin\",\"@id\":\"https:\\\/\\\/www.igr.univ-rennes.fr\\\/fr\\\/#\\\/schema\\\/person\\\/5f1ef906f2986c0eaa338b7258c4082b\"},\"headline\":\"2\u1d49 Forum des m\u00e9tiers de l\u2019Audit le 9 octobre 2025\",\"datePublished\":\"2025-10-02T08:15:44+00:00\",\"dateModified\":\"2025-10-14T15:20:50+00:00\",\"mainEntityOfPage\":{\"@id\":\"https:\\\/\\\/www.igr.univ-rennes.fr\\\/fr\\\/2%e1%b5%89-forum-des-metiers-de-laudit-le-9-octobre-2025\\\/\"},\"wordCount\":203,\"publisher\":{\"@id\":\"https:\\\/\\\/www.igr.univ-rennes.fr\\\/fr\\\/#organization\"},\"image\":{\"@id\":\"https:\\\/\\\/www.igr.univ-rennes.fr\\\/fr\\\/2%e1%b5%89-forum-des-metiers-de-laudit-le-9-octobre-2025\\\/#primaryimage\"},\"thumbnailUrl\":\"https:\\\/\\\/www.igr.univ-rennes.fr\\\/wp-content\\\/uploads\\\/2025\\\/10\\\/ACTU-SITE-4.png\",\"articleSection\":[\"Entreprise\"],\"inLanguage\":\"fr-FR\"},{\"@type\":\"WebPage\",\"@id\":\"https:\\\/\\\/www.igr.univ-rennes.fr\\\/fr\\\/2%e1%b5%89-forum-des-metiers-de-laudit-le-9-octobre-2025\\\/\",\"url\":\"https:\\\/\\\/www.igr.univ-rennes.fr\\\/fr\\\/2%e1%b5%89-forum-des-metiers-de-laudit-le-9-octobre-2025\\\/\",\"name\":\"2\u1d49 Forum des m\u00e9tiers de l\u2019Audit le 9 octobre 2025 - IGR IAE Rennes\",\"isPartOf\":{\"@id\":\"https:\\\/\\\/www.igr.univ-rennes.fr\\\/fr\\\/#website\"},\"primaryImageOfPage\":{\"@id\":\"https:\\\/\\\/www.igr.univ-rennes.fr\\\/fr\\\/2%e1%b5%89-forum-des-metiers-de-laudit-le-9-octobre-2025\\\/#primaryimage\"},\"image\":{\"@id\":\"https:\\\/\\\/www.igr.univ-rennes.fr\\\/fr\\\/2%e1%b5%89-forum-des-metiers-de-laudit-le-9-octobre-2025\\\/#primaryimage\"},\"thumbnailUrl\":\"https:\\\/\\\/www.igr.univ-rennes.fr\\\/wp-content\\\/uploads\\\/2025\\\/10\\\/ACTU-SITE-4.png\",\"datePublished\":\"2025-10-02T08:15:44+00:00\",\"dateModified\":\"2025-10-14T15:20:50+00:00\",\"breadcrumb\":{\"@id\":\"https:\\\/\\\/www.igr.univ-rennes.fr\\\/fr\\\/2%e1%b5%89-forum-des-metiers-de-laudit-le-9-octobre-2025\\\/#breadcrumb\"},\"inLanguage\":\"fr-FR\",\"potentialAction\":[{\"@type\":\"ReadAction\",\"target\":[\"https:\\\/\\\/www.igr.univ-rennes.fr\\\/fr\\\/2%e1%b5%89-forum-des-metiers-de-laudit-le-9-octobre-2025\\\/\"]}]},{\"@type\":\"ImageObject\",\"inLanguage\":\"fr-FR\",\"@id\":\"https:\\\/\\\/www.igr.univ-rennes.fr\\\/fr\\\/2%e1%b5%89-forum-des-metiers-de-laudit-le-9-octobre-2025\\\/#primaryimage\",\"url\":\"https:\\\/\\\/www.igr.univ-rennes.fr\\\/wp-content\\\/uploads\\\/2025\\\/10\\\/ACTU-SITE-4.png\",\"contentUrl\":\"https:\\\/\\\/www.igr.univ-rennes.fr\\\/wp-content\\\/uploads\\\/2025\\\/10\\\/ACTU-SITE-4.png\",\"width\":2560,\"height\":1440,\"caption\":\"2\u1d49 Forum des m\u00e9tiers de l\u2019Audit \u2013 9 octobre 2025\"},{\"@type\":\"BreadcrumbList\",\"@id\":\"https:\\\/\\\/www.igr.univ-rennes.fr\\\/fr\\\/2%e1%b5%89-forum-des-metiers-de-laudit-le-9-octobre-2025\\\/#breadcrumb\",\"itemListElement\":[{\"@type\":\"ListItem\",\"position\":1,\"name\":\"Accueil\",\"item\":\"https:\\\/\\\/www.igr.univ-rennes.fr\\\/fr\\\/\"},{\"@type\":\"ListItem\",\"position\":2,\"name\":\"2\u1d49 Forum des m\u00e9tiers de l\u2019Audit le 9 octobre 2025\"}]},{\"@type\":\"WebSite\",\"@id\":\"https:\\\/\\\/www.igr.univ-rennes.fr\\\/fr\\\/#website\",\"url\":\"https:\\\/\\\/www.igr.univ-rennes.fr\\\/fr\\\/\",\"name\":\"IGR IAE Rennes\",\"description\":\"\",\"publisher\":{\"@id\":\"https:\\\/\\\/www.igr.univ-rennes.fr\\\/fr\\\/#organization\"},\"potentialAction\":[{\"@type\":\"SearchAction\",\"target\":{\"@type\":\"EntryPoint\",\"urlTemplate\":\"https:\\\/\\\/www.igr.univ-rennes.fr\\\/fr\\\/?s={search_term_string}\"},\"query-input\":{\"@type\":\"PropertyValueSpecification\",\"valueRequired\":true,\"valueName\":\"search_term_string\"}}],\"inLanguage\":\"fr-FR\"},{\"@type\":\"Organization\",\"@id\":\"https:\\\/\\\/www.igr.univ-rennes.fr\\\/fr\\\/#organization\",\"name\":\"IGR IAE Rennes\",\"url\":\"https:\\\/\\\/www.igr.univ-rennes.fr\\\/fr\\\/\",\"logo\":{\"@type\":\"ImageObject\",\"inLanguage\":\"fr-FR\",\"@id\":\"https:\\\/\\\/www.igr.univ-rennes.fr\\\/fr\\\/#\\\/schema\\\/logo\\\/image\\\/\",\"url\":\"https:\\\/\\\/www.igr.univ-rennes.fr\\\/wp-content\\\/uploads\\\/2020\\\/06\\\/Logo-IGR-IAE-Rennes_Blanc-300dpi-RVB-e1597327228224.png\",\"contentUrl\":\"https:\\\/\\\/www.igr.univ-rennes.fr\\\/wp-content\\\/uploads\\\/2020\\\/06\\\/Logo-IGR-IAE-Rennes_Blanc-300dpi-RVB-e1597327228224.png\",\"width\":290,\"height\":107,\"caption\":\"IGR IAE Rennes\"},\"image\":{\"@id\":\"https:\\\/\\\/www.igr.univ-rennes.fr\\\/fr\\\/#\\\/schema\\\/logo\\\/image\\\/\"}},{\"@type\":\"Person\",\"@id\":\"https:\\\/\\\/www.igr.univ-rennes.fr\\\/fr\\\/#\\\/schema\\\/person\\\/5f1ef906f2986c0eaa338b7258c4082b\",\"name\":\"Marie-Annick Robin\",\"image\":{\"@type\":\"ImageObject\",\"inLanguage\":\"fr-FR\",\"@id\":\"https:\\\/\\\/secure.gravatar.com\\\/avatar\\\/f9293e68571e20c548e6d32c7885fdfb06e6f56349fe920439a102a2234f78c3?s=96&d=mm&r=g\",\"url\":\"https:\\\/\\\/secure.gravatar.com\\\/avatar\\\/f9293e68571e20c548e6d32c7885fdfb06e6f56349fe920439a102a2234f78c3?s=96&d=mm&r=g\",\"contentUrl\":\"https:\\\/\\\/secure.gravatar.com\\\/avatar\\\/f9293e68571e20c548e6d32c7885fdfb06e6f56349fe920439a102a2234f78c3?s=96&d=mm&r=g\",\"caption\":\"Marie-Annick Robin\"}}]}<\/script>\n<!-- \/ Yoast SEO plugin. -->","yoast_head_json":{"title":"2\u1d49 Forum des m\u00e9tiers de l\u2019Audit le 9 octobre 2025 - IGR IAE Rennes","robots":{"index":"index","follow":"follow","max-snippet":"max-snippet:-1","max-image-preview":"max-image-preview:large","max-video-preview":"max-video-preview:-1"},"canonical":"https:\/\/www.igr.univ-rennes.fr\/fr\/2%e1%b5%89-forum-des-metiers-de-laudit-le-9-octobre-2025\/","og_locale":"fr_FR","og_type":"article","og_title":"2\u1d49 Forum des m\u00e9tiers de l\u2019Audit le 9 octobre 2025 - IGR IAE Rennes","og_description":"Le 9 octobre prochain, l\u2019IGR-IAE Rennes aura le plaisir d\u2019accueillir la 2\u1d49 \u00e9dition du Forum des m\u00e9tiers de l\u2019Audit, organis\u00e9 en partenariat avec la CRCC Ouest-Atlantique","og_url":"https:\/\/www.igr.univ-rennes.fr\/fr\/2%e1%b5%89-forum-des-metiers-de-laudit-le-9-octobre-2025\/","og_site_name":"IGR IAE Rennes","article_published_time":"2025-10-02T08:15:44+00:00","article_modified_time":"2025-10-14T15:20:50+00:00","og_image":[{"width":1024,"height":576,"url":"https:\/\/www.igr.univ-rennes.fr\/wp-content\/uploads\/2025\/10\/ACTU-SITE-4-1024x576.png","type":"image\/png"}],"author":"Marie-Annick Robin","twitter_card":"summary_large_image","twitter_misc":{"\u00c9crit par":"Marie-Annick Robin","Dur\u00e9e de lecture estim\u00e9e":"1 minute"},"schema":{"@context":"https:\/\/schema.org","@graph":[{"@type":"Article","@id":"https:\/\/www.igr.univ-rennes.fr\/fr\/2%e1%b5%89-forum-des-metiers-de-laudit-le-9-octobre-2025\/#article","isPartOf":{"@id":"https:\/\/www.igr.univ-rennes.fr\/fr\/2%e1%b5%89-forum-des-metiers-de-laudit-le-9-octobre-2025\/"},"author":{"name":"Marie-Annick Robin","@id":"https:\/\/www.igr.univ-rennes.fr\/fr\/#\/schema\/person\/5f1ef906f2986c0eaa338b7258c4082b"},"headline":"2\u1d49 Forum des m\u00e9tiers de l\u2019Audit le 9 octobre 2025","datePublished":"2025-10-02T08:15:44+00:00","dateModified":"2025-10-14T15:20:50+00:00","mainEntityOfPage":{"@id":"https:\/\/www.igr.univ-rennes.fr\/fr\/2%e1%b5%89-forum-des-metiers-de-laudit-le-9-octobre-2025\/"},"wordCount":203,"publisher":{"@id":"https:\/\/www.igr.univ-rennes.fr\/fr\/#organization"},"image":{"@id":"https:\/\/www.igr.univ-rennes.fr\/fr\/2%e1%b5%89-forum-des-metiers-de-laudit-le-9-octobre-2025\/#primaryimage"},"thumbnailUrl":"https:\/\/www.igr.univ-rennes.fr\/wp-content\/uploads\/2025\/10\/ACTU-SITE-4.png","articleSection":["Entreprise"],"inLanguage":"fr-FR"},{"@type":"WebPage","@id":"https:\/\/www.igr.univ-rennes.fr\/fr\/2%e1%b5%89-forum-des-metiers-de-laudit-le-9-octobre-2025\/","url":"https:\/\/www.igr.univ-rennes.fr\/fr\/2%e1%b5%89-forum-des-metiers-de-laudit-le-9-octobre-2025\/","name":"2\u1d49 Forum des m\u00e9tiers de l\u2019Audit le 9 octobre 2025 - IGR IAE Rennes","isPartOf":{"@id":"https:\/\/www.igr.univ-rennes.fr\/fr\/#website"},"primaryImageOfPage":{"@id":"https:\/\/www.igr.univ-rennes.fr\/fr\/2%e1%b5%89-forum-des-metiers-de-laudit-le-9-octobre-2025\/#primaryimage"},"image":{"@id":"https:\/\/www.igr.univ-rennes.fr\/fr\/2%e1%b5%89-forum-des-metiers-de-laudit-le-9-octobre-2025\/#primaryimage"},"thumbnailUrl":"https:\/\/www.igr.univ-rennes.fr\/wp-content\/uploads\/2025\/10\/ACTU-SITE-4.png","datePublished":"2025-10-02T08:15:44+00:00","dateModified":"2025-10-14T15:20:50+00:00","breadcrumb":{"@id":"https:\/\/www.igr.univ-rennes.fr\/fr\/2%e1%b5%89-forum-des-metiers-de-laudit-le-9-octobre-2025\/#breadcrumb"},"inLanguage":"fr-FR","potentialAction":[{"@type":"ReadAction","target":["https:\/\/www.igr.univ-rennes.fr\/fr\/2%e1%b5%89-forum-des-metiers-de-laudit-le-9-octobre-2025\/"]}]},{"@type":"ImageObject","inLanguage":"fr-FR","@id":"https:\/\/www.igr.univ-rennes.fr\/fr\/2%e1%b5%89-forum-des-metiers-de-laudit-le-9-octobre-2025\/#primaryimage","url":"https:\/\/www.igr.univ-rennes.fr\/wp-content\/uploads\/2025\/10\/ACTU-SITE-4.png","contentUrl":"https:\/\/www.igr.univ-rennes.fr\/wp-content\/uploads\/2025\/10\/ACTU-SITE-4.png","width":2560,"height":1440,"caption":"2\u1d49 Forum des m\u00e9tiers de l\u2019Audit \u2013 9 octobre 2025"},{"@type":"BreadcrumbList","@id":"https:\/\/www.igr.univ-rennes.fr\/fr\/2%e1%b5%89-forum-des-metiers-de-laudit-le-9-octobre-2025\/#breadcrumb","itemListElement":[{"@type":"ListItem","position":1,"name":"Accueil","item":"https:\/\/www.igr.univ-rennes.fr\/fr\/"},{"@type":"ListItem","position":2,"name":"2\u1d49 Forum des m\u00e9tiers de l\u2019Audit le 9 octobre 2025"}]},{"@type":"WebSite","@id":"https:\/\/www.igr.univ-rennes.fr\/fr\/#website","url":"https:\/\/www.igr.univ-rennes.fr\/fr\/","name":"IGR IAE Rennes","description":"","publisher":{"@id":"https:\/\/www.igr.univ-rennes.fr\/fr\/#organization"},"potentialAction":[{"@type":"SearchAction","target":{"@type":"EntryPoint","urlTemplate":"https:\/\/www.igr.univ-rennes.fr\/fr\/?s={search_term_string}"},"query-input":{"@type":"PropertyValueSpecification","valueRequired":true,"valueName":"search_term_string"}}],"inLanguage":"fr-FR"},{"@type":"Organization","@id":"https:\/\/www.igr.univ-rennes.fr\/fr\/#organization","name":"IGR IAE Rennes","url":"https:\/\/www.igr.univ-rennes.fr\/fr\/","logo":{"@type":"ImageObject","inLanguage":"fr-FR","@id":"https:\/\/www.igr.univ-rennes.fr\/fr\/#\/schema\/logo\/image\/","url":"https:\/\/www.igr.univ-rennes.fr\/wp-content\/uploads\/2020\/06\/Logo-IGR-IAE-Rennes_Blanc-300dpi-RVB-e1597327228224.png","contentUrl":"https:\/\/www.igr.univ-rennes.fr\/wp-content\/uploads\/2020\/06\/Logo-IGR-IAE-Rennes_Blanc-300dpi-RVB-e1597327228224.png","width":290,"height":107,"caption":"IGR IAE Rennes"},"image":{"@id":"https:\/\/www.igr.univ-rennes.fr\/fr\/#\/schema\/logo\/image\/"}},{"@type":"Person","@id":"https:\/\/www.igr.univ-rennes.fr\/fr\/#\/schema\/person\/5f1ef906f2986c0eaa338b7258c4082b","name":"Marie-Annick Robin","image":{"@type":"ImageObject","inLanguage":"fr-FR","@id":"https:\/\/secure.gravatar.com\/avatar\/f9293e68571e20c548e6d32c7885fdfb06e6f56349fe920439a102a2234f78c3?s=96&d=mm&r=g","url":"https:\/\/secure.gravatar.com\/avatar\/f9293e68571e20c548e6d32c7885fdfb06e6f56349fe920439a102a2234f78c3?s=96&d=mm&r=g","contentUrl":"https:\/\/secure.gravatar.com\/avatar\/f9293e68571e20c548e6d32c7885fdfb06e6f56349fe920439a102a2234f78c3?s=96&d=mm&r=g","caption":"Marie-Annick Robin"}}]}},"_links":{"self":[{"href":"https:\/\/www.igr.univ-rennes.fr\/fr\/wp-json\/wp\/v2\/posts\/527453","targetHints":{"allow":["GET"]}}],"collection":[{"href":"https:\/\/www.igr.univ-rennes.fr\/fr\/wp-json\/wp\/v2\/posts"}],"about":[{"href":"https:\/\/www.igr.univ-rennes.fr\/fr\/wp-json\/wp\/v2\/types\/post"}],"author":[{"embeddable":true,"href":"https:\/\/www.igr.univ-rennes.fr\/fr\/wp-json\/wp\/v2\/users\/11"}],"replies":[{"embeddable":true,"href":"https:\/\/www.igr.univ-rennes.fr\/fr\/wp-json\/wp\/v2\/comments?post=527453"}],"version-history":[{"count":10,"href":"https:\/\/www.igr.univ-rennes.fr\/fr\/wp-json\/wp\/v2\/posts\/527453\/revisions"}],"predecessor-version":[{"id":530724,"href":"https:\/\/www.igr.univ-rennes.fr\/fr\/wp-json\/wp\/v2\/posts\/527453\/revisions\/530724"}],"wp:featuredmedia":[{"embeddable":true,"href":"https:\/\/www.igr.univ-rennes.fr\/fr\/wp-json\/wp\/v2\/media\/527454"}],"wp:attachment":[{"href":"https:\/\/www.igr.univ-rennes.fr\/fr\/wp-json\/wp\/v2\/media?parent=527453"}],"wp:term":[{"taxonomy":"category","embeddable":true,"href":"https:\/\/www.igr.univ-rennes.fr\/fr\/wp-json\/wp\/v2\/categories?post=527453"},{"taxonomy":"post_tag","embeddable":true,"href":"https:\/\/www.igr.univ-rennes.fr\/fr\/wp-json\/wp\/v2\/tags?post=527453"}],"curies":[{"name":"wp","href":"https:\/\/api.w.org\/{rel}","templated":true}]}}