{"id":525833,"date":"2025-09-29T14:52:35","date_gmt":"2025-09-29T12:52:35","guid":{"rendered":"https:\/\/www.igr.univ-rennes.fr\/?p=525833"},"modified":"2025-10-14T17:21:25","modified_gmt":"2025-10-14T15:21:25","slug":"seminaire-crem-igr-iae-rennes-eat-think-le-mardi-7-octobre-2025","status":"publish","type":"post","link":"https:\/\/www.igr.univ-rennes.fr\/fr\/seminaire-crem-igr-iae-rennes-eat-think-le-mardi-7-octobre-2025\/","title":{"rendered":"S\u00e9minaire CREM\/IGR-IAE Rennes Eat &#038;Think le mardi 7 octobre 2025"},"content":{"rendered":"\t\t<div data-elementor-type=\"wp-post\" data-elementor-id=\"525833\" class=\"elementor elementor-525833\" data-elementor-post-type=\"post\">\n\t\t\t\t\t\t<section class=\"elementor-section elementor-top-section elementor-element elementor-element-26f496d elementor-section-boxed elementor-section-height-default elementor-section-height-default\" data-id=\"26f496d\" data-element_type=\"section\" data-e-type=\"section\">\n\t\t\t\t\t\t<div class=\"elementor-container elementor-column-gap-default\">\n\t\t\t\t\t<div class=\"elementor-column elementor-col-100 elementor-top-column elementor-element elementor-element-a250433\" data-id=\"a250433\" data-element_type=\"column\" data-e-type=\"column\">\n\t\t\t<div class=\"elementor-widget-wrap elementor-element-populated\">\n\t\t\t\t\t\t<div class=\"elementor-element elementor-element-3b96158 elementor-widget elementor-widget-text-editor\" data-id=\"3b96158\" data-element_type=\"widget\" data-e-type=\"widget\" data-widget_type=\"text-editor.default\">\n\t\t\t\t<div class=\"elementor-widget-container\">\n\t\t\t\t\t\t\t\t\t<p>Nous avons le plaisir d\u2019accueillir notre \u00ab nouvelle \u00bb coll\u00e8gue Marie Cellou, qui revient parmi nous en tant que Ma\u00eetre de conf\u00e9rences en Finance \u00e0 l\u2019IGR-IAE Rennes\/Universit\u00e9 de Rennes\/CREM &#8211; UMR 6211.<\/p><p style=\"text-align: left;\">Marie pr\u00e9sentera ses travaux intitul\u00e9s :<\/p><p style=\"text-align: center;\">\u00ab <strong>L&rsquo;opinion publique, une menace pour les entreprises extractives de combustibles fossiles ?<\/strong> \u00bb.<\/p><h4>R\u00e9sum\u00e9<\/h4><p><em>Comment motiver les entreprises polluantes \u00e0 changer leurs pratiques ? Dans un monde confront\u00e9 aux menaces et aux risques li\u00e9s aux changements climatiques, cette question d\u2019int\u00e9r\u00eat public prend de l\u2019ampleur.<\/em><\/p><p><em>Ces vingt derni\u00e8res ann\u00e9es, la couverture m\u00e9diatique des enjeux climatique s\u2019est accrue. Par cons\u00e9quent, l\u2019int\u00e9r\u00eat et la sensibilisation de l\u2019opinion publique \u00e0 ces enjeux ont \u00e9galement augment\u00e9. Dans nos travaux de recherche, nous \u00e9tudions si, et comment l\u2019opinion publique affecte financi\u00e8rement des pratiques des entreprises extractives de combustibles fossiles. Nous souhaitons ainsi compl\u00e9ter les r\u00e9ponses partielles apport\u00e9es par la litt\u00e9rature financi\u00e8re.<\/em><\/p>\t\t\t\t\t\t\t\t<\/div>\n\t\t\t\t<\/div>\n\t\t\t\t\t<\/div>\n\t\t<\/div>\n\t\t\t\t\t<\/div>\n\t\t<\/section>\n\t\t\t\t<section class=\"elementor-section elementor-top-section elementor-element elementor-element-e9ddb42 elementor-section-boxed elementor-section-height-default elementor-section-height-default\" data-id=\"e9ddb42\" data-element_type=\"section\" data-e-type=\"section\">\n\t\t\t\t\t\t<div class=\"elementor-container elementor-column-gap-default\">\n\t\t\t\t\t<div class=\"elementor-column elementor-col-50 elementor-top-column elementor-element elementor-element-e1433b8\" data-id=\"e1433b8\" data-element_type=\"column\" data-e-type=\"column\">\n\t\t\t<div class=\"elementor-widget-wrap elementor-element-populated\">\n\t\t\t\t\t\t<div class=\"elementor-element elementor-element-d896267 elementor-widget elementor-widget-text-editor\" data-id=\"d896267\" data-element_type=\"widget\" data-e-type=\"widget\" data-widget_type=\"text-editor.default\">\n\t\t\t\t<div class=\"elementor-widget-container\">\n\t\t\t\t\t\t\t\t\t<p>Lieu : <strong>Salle du Conseil, IGR-IAE Rennes<\/strong><br \/>ID de r\u00e9union : <strong>638 3997 0220<\/strong><br \/>Code secret: <strong>875983<\/strong><\/p>\t\t\t\t\t\t\t\t<\/div>\n\t\t\t\t<\/div>\n\t\t\t\t\t<\/div>\n\t\t<\/div>\n\t\t\t\t<div class=\"elementor-column elementor-col-50 elementor-top-column elementor-element elementor-element-2c27b1c\" data-id=\"2c27b1c\" data-element_type=\"column\" data-e-type=\"column\">\n\t\t\t<div class=\"elementor-widget-wrap elementor-element-populated\">\n\t\t\t\t\t\t<div class=\"elementor-element elementor-element-e16efe8 elementor-align-center elementor-widget elementor-widget-button\" data-id=\"e16efe8\" data-element_type=\"widget\" data-e-type=\"widget\" data-widget_type=\"button.default\">\n\t\t\t\t<div class=\"elementor-widget-container\">\n\t\t\t\t\t\t\t\t\t<div class=\"elementor-button-wrapper\">\n\t\t\t\t\t<a class=\"elementor-button elementor-button-link elementor-size-sm\" href=\"https:\/\/univ-rennes1-fr.zoom.us\/j\/63839970220\" target=\"_blank\">\n\t\t\t\t\t\t<span class=\"elementor-button-content-wrapper\">\n\t\t\t\t\t\t\t\t\t<span class=\"elementor-button-text\">Cliquez ici<\/span>\n\t\t\t\t\t<\/span>\n\t\t\t\t\t<\/a>\n\t\t\t\t<\/div>\n\t\t\t\t\t\t\t\t<\/div>\n\t\t\t\t<\/div>\n\t\t\t\t\t<\/div>\n\t\t<\/div>\n\t\t\t\t\t<\/div>\n\t\t<\/section>\n\t\t\t\t<\/div>\n\t\t","protected":false},"excerpt":{"rendered":"<p>Le prochain s\u00e9minaire CREM\/IGR-IAE Rennes Eat &#038;Think aura lieu le mardi 7 octobre 2025 \u00e0 12h30<\/p>\n","protected":false},"author":11,"featured_media":525834,"comment_status":"closed","ping_status":"closed","sticky":false,"template":"","format":"standard","meta":{"_acf_changed":false,"footnotes":""},"categories":[66],"tags":[],"class_list":["post-525833","post","type-post","status-publish","format-standard","has-post-thumbnail","hentry","category-recherche"],"acf":[],"yoast_head":"<!-- This site is optimized with the Yoast SEO plugin v27.5 - https:\/\/yoast.com\/product\/yoast-seo-wordpress\/ -->\n<title>S\u00e9minaire CREM\/IGR-IAE Rennes Eat &#038;Think le mardi 7 octobre 2025 - IGR IAE Rennes<\/title>\n<meta name=\"robots\" content=\"index, follow, max-snippet:-1, max-image-preview:large, max-video-preview:-1\" \/>\n<link rel=\"canonical\" href=\"https:\/\/www.igr.univ-rennes.fr\/fr\/seminaire-crem-igr-iae-rennes-eat-think-le-mardi-7-octobre-2025\/\" \/>\n<meta property=\"og:locale\" content=\"fr_FR\" \/>\n<meta property=\"og:type\" content=\"article\" \/>\n<meta property=\"og:title\" content=\"S\u00e9minaire CREM\/IGR-IAE Rennes Eat &#038;Think le mardi 7 octobre 2025 - IGR IAE Rennes\" \/>\n<meta property=\"og:description\" content=\"Le prochain s\u00e9minaire CREM\/IGR-IAE Rennes Eat &amp;Think aura lieu le mardi 7 octobre 2025 \u00e0 12h30\" \/>\n<meta property=\"og:url\" content=\"https:\/\/www.igr.univ-rennes.fr\/fr\/seminaire-crem-igr-iae-rennes-eat-think-le-mardi-7-octobre-2025\/\" \/>\n<meta property=\"og:site_name\" content=\"IGR IAE Rennes\" \/>\n<meta property=\"article:published_time\" content=\"2025-09-29T12:52:35+00:00\" \/>\n<meta property=\"article:modified_time\" content=\"2025-10-14T15:21:25+00:00\" \/>\n<meta property=\"og:image\" content=\"https:\/\/www.igr.univ-rennes.fr\/wp-content\/uploads\/2025\/09\/Semaire-du-CREM-IGR.jpg\" \/>\n\t<meta property=\"og:image:width\" content=\"700\" \/>\n\t<meta property=\"og:image:height\" content=\"394\" \/>\n\t<meta property=\"og:image:type\" content=\"image\/jpeg\" \/>\n<meta name=\"author\" content=\"Marie-Annick Robin\" \/>\n<meta name=\"twitter:card\" content=\"summary_large_image\" \/>\n<meta name=\"twitter:label1\" content=\"\u00c9crit par\" \/>\n\t<meta name=\"twitter:data1\" content=\"Marie-Annick Robin\" \/>\n\t<meta name=\"twitter:label2\" content=\"Dur\u00e9e de lecture estim\u00e9e\" \/>\n\t<meta name=\"twitter:data2\" content=\"1 minute\" \/>\n<script type=\"application\/ld+json\" class=\"yoast-schema-graph\">{\"@context\":\"https:\\\/\\\/schema.org\",\"@graph\":[{\"@type\":\"Article\",\"@id\":\"https:\\\/\\\/www.igr.univ-rennes.fr\\\/fr\\\/seminaire-crem-igr-iae-rennes-eat-think-le-mardi-7-octobre-2025\\\/#article\",\"isPartOf\":{\"@id\":\"https:\\\/\\\/www.igr.univ-rennes.fr\\\/fr\\\/seminaire-crem-igr-iae-rennes-eat-think-le-mardi-7-octobre-2025\\\/\"},\"author\":{\"name\":\"Marie-Annick Robin\",\"@id\":\"https:\\\/\\\/www.igr.univ-rennes.fr\\\/fr\\\/#\\\/schema\\\/person\\\/5f1ef906f2986c0eaa338b7258c4082b\"},\"headline\":\"S\u00e9minaire CREM\\\/IGR-IAE Rennes Eat &#038;Think le mardi 7 octobre 2025\",\"datePublished\":\"2025-09-29T12:52:35+00:00\",\"dateModified\":\"2025-10-14T15:21:25+00:00\",\"mainEntityOfPage\":{\"@id\":\"https:\\\/\\\/www.igr.univ-rennes.fr\\\/fr\\\/seminaire-crem-igr-iae-rennes-eat-think-le-mardi-7-octobre-2025\\\/\"},\"wordCount\":189,\"publisher\":{\"@id\":\"https:\\\/\\\/www.igr.univ-rennes.fr\\\/fr\\\/#organization\"},\"image\":{\"@id\":\"https:\\\/\\\/www.igr.univ-rennes.fr\\\/fr\\\/seminaire-crem-igr-iae-rennes-eat-think-le-mardi-7-octobre-2025\\\/#primaryimage\"},\"thumbnailUrl\":\"https:\\\/\\\/www.igr.univ-rennes.fr\\\/wp-content\\\/uploads\\\/2025\\\/09\\\/Semaire-du-CREM-IGR.jpg\",\"articleSection\":[\"Recherche\"],\"inLanguage\":\"fr-FR\"},{\"@type\":\"WebPage\",\"@id\":\"https:\\\/\\\/www.igr.univ-rennes.fr\\\/fr\\\/seminaire-crem-igr-iae-rennes-eat-think-le-mardi-7-octobre-2025\\\/\",\"url\":\"https:\\\/\\\/www.igr.univ-rennes.fr\\\/fr\\\/seminaire-crem-igr-iae-rennes-eat-think-le-mardi-7-octobre-2025\\\/\",\"name\":\"S\u00e9minaire CREM\\\/IGR-IAE Rennes Eat &#038;Think le mardi 7 octobre 2025 - IGR IAE Rennes\",\"isPartOf\":{\"@id\":\"https:\\\/\\\/www.igr.univ-rennes.fr\\\/fr\\\/#website\"},\"primaryImageOfPage\":{\"@id\":\"https:\\\/\\\/www.igr.univ-rennes.fr\\\/fr\\\/seminaire-crem-igr-iae-rennes-eat-think-le-mardi-7-octobre-2025\\\/#primaryimage\"},\"image\":{\"@id\":\"https:\\\/\\\/www.igr.univ-rennes.fr\\\/fr\\\/seminaire-crem-igr-iae-rennes-eat-think-le-mardi-7-octobre-2025\\\/#primaryimage\"},\"thumbnailUrl\":\"https:\\\/\\\/www.igr.univ-rennes.fr\\\/wp-content\\\/uploads\\\/2025\\\/09\\\/Semaire-du-CREM-IGR.jpg\",\"datePublished\":\"2025-09-29T12:52:35+00:00\",\"dateModified\":\"2025-10-14T15:21:25+00:00\",\"breadcrumb\":{\"@id\":\"https:\\\/\\\/www.igr.univ-rennes.fr\\\/fr\\\/seminaire-crem-igr-iae-rennes-eat-think-le-mardi-7-octobre-2025\\\/#breadcrumb\"},\"inLanguage\":\"fr-FR\",\"potentialAction\":[{\"@type\":\"ReadAction\",\"target\":[\"https:\\\/\\\/www.igr.univ-rennes.fr\\\/fr\\\/seminaire-crem-igr-iae-rennes-eat-think-le-mardi-7-octobre-2025\\\/\"]}]},{\"@type\":\"ImageObject\",\"inLanguage\":\"fr-FR\",\"@id\":\"https:\\\/\\\/www.igr.univ-rennes.fr\\\/fr\\\/seminaire-crem-igr-iae-rennes-eat-think-le-mardi-7-octobre-2025\\\/#primaryimage\",\"url\":\"https:\\\/\\\/www.igr.univ-rennes.fr\\\/wp-content\\\/uploads\\\/2025\\\/09\\\/Semaire-du-CREM-IGR.jpg\",\"contentUrl\":\"https:\\\/\\\/www.igr.univ-rennes.fr\\\/wp-content\\\/uploads\\\/2025\\\/09\\\/Semaire-du-CREM-IGR.jpg\",\"width\":700,\"height\":394,\"caption\":\"S\u00e9minaire du CREM-IGR\"},{\"@type\":\"BreadcrumbList\",\"@id\":\"https:\\\/\\\/www.igr.univ-rennes.fr\\\/fr\\\/seminaire-crem-igr-iae-rennes-eat-think-le-mardi-7-octobre-2025\\\/#breadcrumb\",\"itemListElement\":[{\"@type\":\"ListItem\",\"position\":1,\"name\":\"Accueil\",\"item\":\"https:\\\/\\\/www.igr.univ-rennes.fr\\\/fr\\\/\"},{\"@type\":\"ListItem\",\"position\":2,\"name\":\"S\u00e9minaire CREM\\\/IGR-IAE Rennes Eat &#038;Think le mardi 7 octobre 2025\"}]},{\"@type\":\"WebSite\",\"@id\":\"https:\\\/\\\/www.igr.univ-rennes.fr\\\/fr\\\/#website\",\"url\":\"https:\\\/\\\/www.igr.univ-rennes.fr\\\/fr\\\/\",\"name\":\"IGR IAE Rennes\",\"description\":\"\",\"publisher\":{\"@id\":\"https:\\\/\\\/www.igr.univ-rennes.fr\\\/fr\\\/#organization\"},\"potentialAction\":[{\"@type\":\"SearchAction\",\"target\":{\"@type\":\"EntryPoint\",\"urlTemplate\":\"https:\\\/\\\/www.igr.univ-rennes.fr\\\/fr\\\/?s={search_term_string}\"},\"query-input\":{\"@type\":\"PropertyValueSpecification\",\"valueRequired\":true,\"valueName\":\"search_term_string\"}}],\"inLanguage\":\"fr-FR\"},{\"@type\":\"Organization\",\"@id\":\"https:\\\/\\\/www.igr.univ-rennes.fr\\\/fr\\\/#organization\",\"name\":\"IGR IAE Rennes\",\"url\":\"https:\\\/\\\/www.igr.univ-rennes.fr\\\/fr\\\/\",\"logo\":{\"@type\":\"ImageObject\",\"inLanguage\":\"fr-FR\",\"@id\":\"https:\\\/\\\/www.igr.univ-rennes.fr\\\/fr\\\/#\\\/schema\\\/logo\\\/image\\\/\",\"url\":\"https:\\\/\\\/www.igr.univ-rennes.fr\\\/wp-content\\\/uploads\\\/2020\\\/06\\\/Logo-IGR-IAE-Rennes_Blanc-300dpi-RVB-e1597327228224.png\",\"contentUrl\":\"https:\\\/\\\/www.igr.univ-rennes.fr\\\/wp-content\\\/uploads\\\/2020\\\/06\\\/Logo-IGR-IAE-Rennes_Blanc-300dpi-RVB-e1597327228224.png\",\"width\":290,\"height\":107,\"caption\":\"IGR IAE Rennes\"},\"image\":{\"@id\":\"https:\\\/\\\/www.igr.univ-rennes.fr\\\/fr\\\/#\\\/schema\\\/logo\\\/image\\\/\"}},{\"@type\":\"Person\",\"@id\":\"https:\\\/\\\/www.igr.univ-rennes.fr\\\/fr\\\/#\\\/schema\\\/person\\\/5f1ef906f2986c0eaa338b7258c4082b\",\"name\":\"Marie-Annick Robin\",\"image\":{\"@type\":\"ImageObject\",\"inLanguage\":\"fr-FR\",\"@id\":\"https:\\\/\\\/secure.gravatar.com\\\/avatar\\\/f9293e68571e20c548e6d32c7885fdfb06e6f56349fe920439a102a2234f78c3?s=96&d=mm&r=g\",\"url\":\"https:\\\/\\\/secure.gravatar.com\\\/avatar\\\/f9293e68571e20c548e6d32c7885fdfb06e6f56349fe920439a102a2234f78c3?s=96&d=mm&r=g\",\"contentUrl\":\"https:\\\/\\\/secure.gravatar.com\\\/avatar\\\/f9293e68571e20c548e6d32c7885fdfb06e6f56349fe920439a102a2234f78c3?s=96&d=mm&r=g\",\"caption\":\"Marie-Annick Robin\"}}]}<\/script>\n<!-- \/ Yoast SEO plugin. -->","yoast_head_json":{"title":"S\u00e9minaire CREM\/IGR-IAE Rennes Eat &#038;Think le mardi 7 octobre 2025 - IGR IAE Rennes","robots":{"index":"index","follow":"follow","max-snippet":"max-snippet:-1","max-image-preview":"max-image-preview:large","max-video-preview":"max-video-preview:-1"},"canonical":"https:\/\/www.igr.univ-rennes.fr\/fr\/seminaire-crem-igr-iae-rennes-eat-think-le-mardi-7-octobre-2025\/","og_locale":"fr_FR","og_type":"article","og_title":"S\u00e9minaire CREM\/IGR-IAE Rennes Eat &#038;Think le mardi 7 octobre 2025 - IGR IAE Rennes","og_description":"Le prochain s\u00e9minaire CREM\/IGR-IAE Rennes Eat &Think aura lieu le mardi 7 octobre 2025 \u00e0 12h30","og_url":"https:\/\/www.igr.univ-rennes.fr\/fr\/seminaire-crem-igr-iae-rennes-eat-think-le-mardi-7-octobre-2025\/","og_site_name":"IGR IAE Rennes","article_published_time":"2025-09-29T12:52:35+00:00","article_modified_time":"2025-10-14T15:21:25+00:00","og_image":[{"width":700,"height":394,"url":"https:\/\/www.igr.univ-rennes.fr\/wp-content\/uploads\/2025\/09\/Semaire-du-CREM-IGR.jpg","type":"image\/jpeg"}],"author":"Marie-Annick Robin","twitter_card":"summary_large_image","twitter_misc":{"\u00c9crit par":"Marie-Annick Robin","Dur\u00e9e de lecture estim\u00e9e":"1 minute"},"schema":{"@context":"https:\/\/schema.org","@graph":[{"@type":"Article","@id":"https:\/\/www.igr.univ-rennes.fr\/fr\/seminaire-crem-igr-iae-rennes-eat-think-le-mardi-7-octobre-2025\/#article","isPartOf":{"@id":"https:\/\/www.igr.univ-rennes.fr\/fr\/seminaire-crem-igr-iae-rennes-eat-think-le-mardi-7-octobre-2025\/"},"author":{"name":"Marie-Annick Robin","@id":"https:\/\/www.igr.univ-rennes.fr\/fr\/#\/schema\/person\/5f1ef906f2986c0eaa338b7258c4082b"},"headline":"S\u00e9minaire CREM\/IGR-IAE Rennes Eat &#038;Think le mardi 7 octobre 2025","datePublished":"2025-09-29T12:52:35+00:00","dateModified":"2025-10-14T15:21:25+00:00","mainEntityOfPage":{"@id":"https:\/\/www.igr.univ-rennes.fr\/fr\/seminaire-crem-igr-iae-rennes-eat-think-le-mardi-7-octobre-2025\/"},"wordCount":189,"publisher":{"@id":"https:\/\/www.igr.univ-rennes.fr\/fr\/#organization"},"image":{"@id":"https:\/\/www.igr.univ-rennes.fr\/fr\/seminaire-crem-igr-iae-rennes-eat-think-le-mardi-7-octobre-2025\/#primaryimage"},"thumbnailUrl":"https:\/\/www.igr.univ-rennes.fr\/wp-content\/uploads\/2025\/09\/Semaire-du-CREM-IGR.jpg","articleSection":["Recherche"],"inLanguage":"fr-FR"},{"@type":"WebPage","@id":"https:\/\/www.igr.univ-rennes.fr\/fr\/seminaire-crem-igr-iae-rennes-eat-think-le-mardi-7-octobre-2025\/","url":"https:\/\/www.igr.univ-rennes.fr\/fr\/seminaire-crem-igr-iae-rennes-eat-think-le-mardi-7-octobre-2025\/","name":"S\u00e9minaire CREM\/IGR-IAE Rennes Eat &#038;Think le mardi 7 octobre 2025 - IGR IAE Rennes","isPartOf":{"@id":"https:\/\/www.igr.univ-rennes.fr\/fr\/#website"},"primaryImageOfPage":{"@id":"https:\/\/www.igr.univ-rennes.fr\/fr\/seminaire-crem-igr-iae-rennes-eat-think-le-mardi-7-octobre-2025\/#primaryimage"},"image":{"@id":"https:\/\/www.igr.univ-rennes.fr\/fr\/seminaire-crem-igr-iae-rennes-eat-think-le-mardi-7-octobre-2025\/#primaryimage"},"thumbnailUrl":"https:\/\/www.igr.univ-rennes.fr\/wp-content\/uploads\/2025\/09\/Semaire-du-CREM-IGR.jpg","datePublished":"2025-09-29T12:52:35+00:00","dateModified":"2025-10-14T15:21:25+00:00","breadcrumb":{"@id":"https:\/\/www.igr.univ-rennes.fr\/fr\/seminaire-crem-igr-iae-rennes-eat-think-le-mardi-7-octobre-2025\/#breadcrumb"},"inLanguage":"fr-FR","potentialAction":[{"@type":"ReadAction","target":["https:\/\/www.igr.univ-rennes.fr\/fr\/seminaire-crem-igr-iae-rennes-eat-think-le-mardi-7-octobre-2025\/"]}]},{"@type":"ImageObject","inLanguage":"fr-FR","@id":"https:\/\/www.igr.univ-rennes.fr\/fr\/seminaire-crem-igr-iae-rennes-eat-think-le-mardi-7-octobre-2025\/#primaryimage","url":"https:\/\/www.igr.univ-rennes.fr\/wp-content\/uploads\/2025\/09\/Semaire-du-CREM-IGR.jpg","contentUrl":"https:\/\/www.igr.univ-rennes.fr\/wp-content\/uploads\/2025\/09\/Semaire-du-CREM-IGR.jpg","width":700,"height":394,"caption":"S\u00e9minaire du CREM-IGR"},{"@type":"BreadcrumbList","@id":"https:\/\/www.igr.univ-rennes.fr\/fr\/seminaire-crem-igr-iae-rennes-eat-think-le-mardi-7-octobre-2025\/#breadcrumb","itemListElement":[{"@type":"ListItem","position":1,"name":"Accueil","item":"https:\/\/www.igr.univ-rennes.fr\/fr\/"},{"@type":"ListItem","position":2,"name":"S\u00e9minaire CREM\/IGR-IAE Rennes Eat &#038;Think le mardi 7 octobre 2025"}]},{"@type":"WebSite","@id":"https:\/\/www.igr.univ-rennes.fr\/fr\/#website","url":"https:\/\/www.igr.univ-rennes.fr\/fr\/","name":"IGR IAE Rennes","description":"","publisher":{"@id":"https:\/\/www.igr.univ-rennes.fr\/fr\/#organization"},"potentialAction":[{"@type":"SearchAction","target":{"@type":"EntryPoint","urlTemplate":"https:\/\/www.igr.univ-rennes.fr\/fr\/?s={search_term_string}"},"query-input":{"@type":"PropertyValueSpecification","valueRequired":true,"valueName":"search_term_string"}}],"inLanguage":"fr-FR"},{"@type":"Organization","@id":"https:\/\/www.igr.univ-rennes.fr\/fr\/#organization","name":"IGR IAE Rennes","url":"https:\/\/www.igr.univ-rennes.fr\/fr\/","logo":{"@type":"ImageObject","inLanguage":"fr-FR","@id":"https:\/\/www.igr.univ-rennes.fr\/fr\/#\/schema\/logo\/image\/","url":"https:\/\/www.igr.univ-rennes.fr\/wp-content\/uploads\/2020\/06\/Logo-IGR-IAE-Rennes_Blanc-300dpi-RVB-e1597327228224.png","contentUrl":"https:\/\/www.igr.univ-rennes.fr\/wp-content\/uploads\/2020\/06\/Logo-IGR-IAE-Rennes_Blanc-300dpi-RVB-e1597327228224.png","width":290,"height":107,"caption":"IGR IAE Rennes"},"image":{"@id":"https:\/\/www.igr.univ-rennes.fr\/fr\/#\/schema\/logo\/image\/"}},{"@type":"Person","@id":"https:\/\/www.igr.univ-rennes.fr\/fr\/#\/schema\/person\/5f1ef906f2986c0eaa338b7258c4082b","name":"Marie-Annick Robin","image":{"@type":"ImageObject","inLanguage":"fr-FR","@id":"https:\/\/secure.gravatar.com\/avatar\/f9293e68571e20c548e6d32c7885fdfb06e6f56349fe920439a102a2234f78c3?s=96&d=mm&r=g","url":"https:\/\/secure.gravatar.com\/avatar\/f9293e68571e20c548e6d32c7885fdfb06e6f56349fe920439a102a2234f78c3?s=96&d=mm&r=g","contentUrl":"https:\/\/secure.gravatar.com\/avatar\/f9293e68571e20c548e6d32c7885fdfb06e6f56349fe920439a102a2234f78c3?s=96&d=mm&r=g","caption":"Marie-Annick Robin"}}]}},"_links":{"self":[{"href":"https:\/\/www.igr.univ-rennes.fr\/fr\/wp-json\/wp\/v2\/posts\/525833","targetHints":{"allow":["GET"]}}],"collection":[{"href":"https:\/\/www.igr.univ-rennes.fr\/fr\/wp-json\/wp\/v2\/posts"}],"about":[{"href":"https:\/\/www.igr.univ-rennes.fr\/fr\/wp-json\/wp\/v2\/types\/post"}],"author":[{"embeddable":true,"href":"https:\/\/www.igr.univ-rennes.fr\/fr\/wp-json\/wp\/v2\/users\/11"}],"replies":[{"embeddable":true,"href":"https:\/\/www.igr.univ-rennes.fr\/fr\/wp-json\/wp\/v2\/comments?post=525833"}],"version-history":[{"count":10,"href":"https:\/\/www.igr.univ-rennes.fr\/fr\/wp-json\/wp\/v2\/posts\/525833\/revisions"}],"predecessor-version":[{"id":525865,"href":"https:\/\/www.igr.univ-rennes.fr\/fr\/wp-json\/wp\/v2\/posts\/525833\/revisions\/525865"}],"wp:featuredmedia":[{"embeddable":true,"href":"https:\/\/www.igr.univ-rennes.fr\/fr\/wp-json\/wp\/v2\/media\/525834"}],"wp:attachment":[{"href":"https:\/\/www.igr.univ-rennes.fr\/fr\/wp-json\/wp\/v2\/media?parent=525833"}],"wp:term":[{"taxonomy":"category","embeddable":true,"href":"https:\/\/www.igr.univ-rennes.fr\/fr\/wp-json\/wp\/v2\/categories?post=525833"},{"taxonomy":"post_tag","embeddable":true,"href":"https:\/\/www.igr.univ-rennes.fr\/fr\/wp-json\/wp\/v2\/tags?post=525833"}],"curies":[{"name":"wp","href":"https:\/\/api.w.org\/{rel}","templated":true}]}}