{"id":507945,"date":"2025-07-11T13:59:21","date_gmt":"2025-07-11T11:59:21","guid":{"rendered":"https:\/\/www.igr.univ-rennes.fr\/?p=507945"},"modified":"2025-07-11T16:57:44","modified_gmt":"2025-07-11T14:57:44","slug":"corentin-le-bot-et-marie-cellou-primes-par-la-fondation-rennes-pour-lexcellence-de-leurs-travaux-en-shs","status":"publish","type":"post","link":"https:\/\/www.igr.univ-rennes.fr\/fr\/corentin-le-bot-et-marie-cellou-primes-par-la-fondation-rennes-pour-lexcellence-de-leurs-travaux-en-shs\/","title":{"rendered":"Corentin Le Bot et Marie Cellou prim\u00e9s par la Fondation de l&rsquo;Universit\u00e9 de Rennes pour l\u2019excellence de leurs travaux en SHS"},"content":{"rendered":"\t\t<div data-elementor-type=\"wp-post\" data-elementor-id=\"507945\" class=\"elementor elementor-507945\">\n\t\t\t\t\t\t\t\t\t<section class=\"elementor-section elementor-top-section elementor-element elementor-element-5883e0b elementor-section-boxed elementor-section-height-default elementor-section-height-default\" data-id=\"5883e0b\" data-element_type=\"section\">\n\t\t\t\t\t\t<div class=\"elementor-container elementor-column-gap-default\">\n\t\t\t\t\t<div class=\"elementor-column elementor-col-100 elementor-top-column elementor-element elementor-element-3617bde\" data-id=\"3617bde\" data-element_type=\"column\">\n\t\t\t<div class=\"elementor-widget-wrap elementor-element-populated\">\n\t\t\t\t\t\t\t\t<div class=\"elementor-element elementor-element-b5ae99e elementor-widget elementor-widget-text-editor\" data-id=\"b5ae99e\" data-element_type=\"widget\" data-widget_type=\"text-editor.default\">\n\t\t\t\t<div class=\"elementor-widget-container\">\n\t\t\t\t\t\t\t<p>Chaque ann\u00e9e, la <a href=\"https:\/\/fondation.univ-rennes.fr\/\" target=\"_blank\" rel=\"noopener\">Fondation de l&rsquo;Universit\u00e9 de Rennes<\/a> r\u00e9compense <strong>les meilleurs travaux de recherche<\/strong> men\u00e9s au sein de l\u2019universit\u00e9 \u00e0 travers ses prix de th\u00e8se. Destin\u00e9s \u00e0 mettre en lumi\u00e8re la qualit\u00e9 scientifique des doctorants et l\u2019impact soci\u00e9tal de leurs recherches, ces prix distinguent des th\u00e8ses remarquables toutes disciplines confondues.<\/p><p><span class=\"tex2jax_process\">Pour cette \u00e9dition 2024, deux jeunes docteurs<b>, <\/b>qui enseignent ou ont enseign\u00e9 \u00e0 l\u2019IGR-IAE Rennes, ont \u00e9t\u00e9 distingu\u00e9s<\/span><span class=\"tex2jax_process\">\u00a0dans le p\u00f4le <\/span><span class=\"tex2jax_process\">Sciences de l\u2019Homme et des Soci\u00e9t\u00e9s<\/span><span class=\"tex2jax_process\"> (SHOS)<\/span> :<\/p><p>\ud83e\udd47<strong> 1er Prix SHOS \u2013 Corentin Le Bot<\/strong><\/p><p>Pour sa th\u00e8se sur : <strong>La mise en \u0153uvre d&rsquo;une politique visant \u00e0 favoriser l&#8217;emploi des personnes en situation de handicap : le cas des r\u00e9seaux de la grande distribution alimentaire en France.<\/strong><br \/>Directrice de th\u00e8se : Professeure Rozenn Perrigot \/ Date de soutenance : 6 novembre 2024<\/p><p><em>Dans cette recherche, Corentin Le Bot analyse comment les grands r\u00e9seaux de la distribution alimentaire en France d\u00e9ploient des politiques en faveur de l\u2019emploi des personnes en situation de handicap, \u00e0 tous les niveaux de leurs structures : si\u00e8ges, plateformes logistiques et magasins. Son travail met en lumi\u00e8re l\u2019institutionnalisation de pratiques manag\u00e9riales inclusives, contribuant \u00e0 faire progresser l\u2019\u00e9galit\u00e9 des chances dans un secteur d\u2019envergure.<\/em><\/p><p>\ud83c\udfa5 \u00c0 d\u00e9couvrir ici : une <a href=\"https:\/\/youtu.be\/ckHlMyXYyM4](https:\/\/youtu.be\/ckHlMyXYyM4\" target=\"_blank\" rel=\"noopener\">vid\u00e9o de pr\u00e9sentation de sa th\u00e8se<\/a> r\u00e9alis\u00e9e en partenariat avec la <a href=\"https:\/\/chaire-vivre-ensemble.univ-rennes.fr\/\" target=\"_blank\" rel=\"noopener\">Chaire Vivre Ensemble<\/a><\/p><p>\ud83e\udd48<strong> 2e Prix SHOS \u2013 Marie Cellou<\/strong><\/p><p>Pour sa th\u00e8se sur : <strong>D\u00e9r\u00e8glement climatique : l\u2019influence de l\u2019opinion publique sur les pratiques environnementales et sur les contraintes et performances financi\u00e8res des entreprises des industries extractives de combustibles fossiles.<\/strong><br \/>Directrice de th\u00e8se : Professeure H\u00e9l\u00e8ne Rainelli Weiss \/ Date de soutenance : 4 d\u00e9cembre 2024<\/p><p><em>Dans une approche croisant \u00e9conomie, environnement et soci\u00e9t\u00e9, Marie Cellou met en \u00e9vidence l\u2019influence croissante de l\u2019opinion publique sur les pratiques environnementales des entreprises extractives de combustibles fossiles. Ses r\u00e9sultats montrent que la pression soci\u00e9tale peut affecter leur performance financi\u00e8re et les incite \u00e0 investir dans des mod\u00e8les plus durables.<\/em><\/p><p>Nous f\u00e9licitons chaleureusement Corentin et Marie !<\/p><p>Pour en savoir plus sur le Prix de th\u00e8se de la Fondation Rennes, rendez-vous sur leur site :<\/p>\t\t\t\t\t\t<\/div>\n\t\t\t\t<\/div>\n\t\t\t\t\t<\/div>\n\t\t<\/div>\n\t\t\t\t\t\t\t<\/div>\n\t\t<\/section>\n\t\t\t\t<section class=\"elementor-section elementor-top-section elementor-element elementor-element-6ae8b25 elementor-section-boxed elementor-section-height-default elementor-section-height-default\" data-id=\"6ae8b25\" data-element_type=\"section\">\n\t\t\t\t\t\t<div class=\"elementor-container elementor-column-gap-default\">\n\t\t\t\t\t<div class=\"elementor-column elementor-col-100 elementor-top-column elementor-element elementor-element-2aa7df6\" data-id=\"2aa7df6\" data-element_type=\"column\">\n\t\t\t<div class=\"elementor-widget-wrap elementor-element-populated\">\n\t\t\t\t\t\t\t\t<div class=\"elementor-element elementor-element-761c525 elementor-align-center elementor-widget elementor-widget-button\" data-id=\"761c525\" data-element_type=\"widget\" data-widget_type=\"button.default\">\n\t\t\t\t<div class=\"elementor-widget-container\">\n\t\t\t\t\t<div class=\"elementor-button-wrapper\">\n\t\t\t<a class=\"elementor-button elementor-button-link elementor-size-sm\" href=\"https:\/\/fondation.univ-rennes.fr\/les-prix-de-th%C3%A8ses-de-la-fondation\" target=\"_blank\">\n\t\t\t\t\t\t<span class=\"elementor-button-content-wrapper\">\n\t\t\t\t\t\t<span class=\"elementor-button-text\">Les Prix de th\u00e8se de la Fondation Universit\u00e9 de Rennes<\/span>\n\t\t<\/span>\n\t\t\t\t\t<\/a>\n\t\t<\/div>\n\t\t\t\t<\/div>\n\t\t\t\t<\/div>\n\t\t\t\t\t<\/div>\n\t\t<\/div>\n\t\t\t\t\t\t\t<\/div>\n\t\t<\/section>\n\t\t\t\t\t\t\t<\/div>\n\t\t","protected":false},"excerpt":{"rendered":"<p>Chaque ann\u00e9e, la Fondation de l&rsquo;Universit\u00e9 de Rennes r\u00e9compense les meilleurs travaux de recherche men\u00e9s au sein de l\u2019universit\u00e9 \u00e0 travers ses prix de th\u00e8se.<\/p>\n","protected":false},"author":11,"featured_media":507946,"comment_status":"closed","ping_status":"closed","sticky":true,"template":"","format":"standard","meta":{"footnotes":""},"categories":[66],"tags":[],"yoast_head":"<!-- This site is optimized with the Yoast SEO plugin v21.1 - https:\/\/yoast.com\/wordpress\/plugins\/seo\/ -->\n<title>Corentin Le Bot et Marie Cellou prim\u00e9s par la Fondation de l&rsquo;Universit\u00e9 de Rennes pour l\u2019excellence de leurs travaux en SHS - IGR IAE Rennes<\/title>\n<meta name=\"robots\" content=\"index, follow, max-snippet:-1, max-image-preview:large, max-video-preview:-1\" \/>\n<link rel=\"canonical\" href=\"https:\/\/www.igr.univ-rennes.fr\/fr\/corentin-le-bot-et-marie-cellou-primes-par-la-fondation-rennes-pour-lexcellence-de-leurs-travaux-en-shs\/\" \/>\n<meta property=\"og:locale\" content=\"fr_FR\" \/>\n<meta property=\"og:type\" content=\"article\" \/>\n<meta property=\"og:title\" content=\"Corentin Le Bot et Marie Cellou prim\u00e9s par la Fondation de l&rsquo;Universit\u00e9 de Rennes pour l\u2019excellence de leurs travaux en SHS - IGR IAE Rennes\" \/>\n<meta property=\"og:description\" content=\"Chaque ann\u00e9e, la Fondation de l&#039;Universit\u00e9 de Rennes r\u00e9compense les meilleurs travaux de recherche men\u00e9s au sein de l\u2019universit\u00e9 \u00e0 travers ses prix de th\u00e8se.\" \/>\n<meta property=\"og:url\" content=\"https:\/\/www.igr.univ-rennes.fr\/fr\/corentin-le-bot-et-marie-cellou-primes-par-la-fondation-rennes-pour-lexcellence-de-leurs-travaux-en-shs\/\" \/>\n<meta property=\"og:site_name\" content=\"IGR IAE Rennes\" \/>\n<meta property=\"article:published_time\" content=\"2025-07-11T11:59:21+00:00\" \/>\n<meta property=\"article:modified_time\" content=\"2025-07-11T14:57:44+00:00\" \/>\n<meta property=\"og:image\" content=\"https:\/\/www.igr.univ-rennes.fr\/wp-content\/uploads\/2025\/07\/prix-these-Fondation-UR-2025-scaled.jpg\" \/>\n\t<meta property=\"og:image:width\" content=\"2560\" \/>\n\t<meta property=\"og:image:height\" content=\"1440\" \/>\n\t<meta property=\"og:image:type\" content=\"image\/jpeg\" \/>\n<meta name=\"author\" content=\"Marie-Annick Robin\" \/>\n<meta name=\"twitter:card\" content=\"summary_large_image\" \/>\n<meta name=\"twitter:label1\" content=\"\u00c9crit par\" \/>\n\t<meta name=\"twitter:data1\" content=\"Marie-Annick Robin\" \/>\n\t<meta name=\"twitter:label2\" content=\"Dur\u00e9e de lecture estim\u00e9e\" \/>\n\t<meta name=\"twitter:data2\" content=\"2 minutes\" \/>\n<script type=\"application\/ld+json\" class=\"yoast-schema-graph\">{\"@context\":\"https:\/\/schema.org\",\"@graph\":[{\"@type\":\"Article\",\"@id\":\"https:\/\/www.igr.univ-rennes.fr\/fr\/corentin-le-bot-et-marie-cellou-primes-par-la-fondation-rennes-pour-lexcellence-de-leurs-travaux-en-shs\/#article\",\"isPartOf\":{\"@id\":\"https:\/\/www.igr.univ-rennes.fr\/fr\/corentin-le-bot-et-marie-cellou-primes-par-la-fondation-rennes-pour-lexcellence-de-leurs-travaux-en-shs\/\"},\"author\":{\"name\":\"Marie-Annick Robin\",\"@id\":\"https:\/\/www.igr.univ-rennes.fr\/fr\/#\/schema\/person\/5f1ef906f2986c0eaa338b7258c4082b\"},\"headline\":\"Corentin Le Bot et Marie Cellou prim\u00e9s par la Fondation de l&rsquo;Universit\u00e9 de Rennes pour l\u2019excellence de leurs travaux en SHS\",\"datePublished\":\"2025-07-11T11:59:21+00:00\",\"dateModified\":\"2025-07-11T14:57:44+00:00\",\"mainEntityOfPage\":{\"@id\":\"https:\/\/www.igr.univ-rennes.fr\/fr\/corentin-le-bot-et-marie-cellou-primes-par-la-fondation-rennes-pour-lexcellence-de-leurs-travaux-en-shs\/\"},\"wordCount\":404,\"publisher\":{\"@id\":\"https:\/\/www.igr.univ-rennes.fr\/fr\/#organization\"},\"articleSection\":[\"Recherche\"],\"inLanguage\":\"fr-FR\"},{\"@type\":\"WebPage\",\"@id\":\"https:\/\/www.igr.univ-rennes.fr\/fr\/corentin-le-bot-et-marie-cellou-primes-par-la-fondation-rennes-pour-lexcellence-de-leurs-travaux-en-shs\/\",\"url\":\"https:\/\/www.igr.univ-rennes.fr\/fr\/corentin-le-bot-et-marie-cellou-primes-par-la-fondation-rennes-pour-lexcellence-de-leurs-travaux-en-shs\/\",\"name\":\"Corentin Le Bot et Marie Cellou prim\u00e9s par la Fondation de l&rsquo;Universit\u00e9 de Rennes pour l\u2019excellence de leurs travaux en SHS - IGR IAE Rennes\",\"isPartOf\":{\"@id\":\"https:\/\/www.igr.univ-rennes.fr\/fr\/#website\"},\"datePublished\":\"2025-07-11T11:59:21+00:00\",\"dateModified\":\"2025-07-11T14:57:44+00:00\",\"breadcrumb\":{\"@id\":\"https:\/\/www.igr.univ-rennes.fr\/fr\/corentin-le-bot-et-marie-cellou-primes-par-la-fondation-rennes-pour-lexcellence-de-leurs-travaux-en-shs\/#breadcrumb\"},\"inLanguage\":\"fr-FR\",\"potentialAction\":[{\"@type\":\"ReadAction\",\"target\":[\"https:\/\/www.igr.univ-rennes.fr\/fr\/corentin-le-bot-et-marie-cellou-primes-par-la-fondation-rennes-pour-lexcellence-de-leurs-travaux-en-shs\/\"]}]},{\"@type\":\"BreadcrumbList\",\"@id\":\"https:\/\/www.igr.univ-rennes.fr\/fr\/corentin-le-bot-et-marie-cellou-primes-par-la-fondation-rennes-pour-lexcellence-de-leurs-travaux-en-shs\/#breadcrumb\",\"itemListElement\":[{\"@type\":\"ListItem\",\"position\":1,\"name\":\"Accueil\",\"item\":\"https:\/\/www.igr.univ-rennes.fr\/fr\/\"},{\"@type\":\"ListItem\",\"position\":2,\"name\":\"Corentin Le Bot et Marie Cellou prim\u00e9s par la Fondation de l&rsquo;Universit\u00e9 de Rennes pour l\u2019excellence de leurs travaux en SHS\"}]},{\"@type\":\"WebSite\",\"@id\":\"https:\/\/www.igr.univ-rennes.fr\/fr\/#website\",\"url\":\"https:\/\/www.igr.univ-rennes.fr\/fr\/\",\"name\":\"IGR IAE Rennes\",\"description\":\"\",\"publisher\":{\"@id\":\"https:\/\/www.igr.univ-rennes.fr\/fr\/#organization\"},\"potentialAction\":[{\"@type\":\"SearchAction\",\"target\":{\"@type\":\"EntryPoint\",\"urlTemplate\":\"https:\/\/www.igr.univ-rennes.fr\/fr\/?s={search_term_string}\"},\"query-input\":\"required name=search_term_string\"}],\"inLanguage\":\"fr-FR\"},{\"@type\":\"Organization\",\"@id\":\"https:\/\/www.igr.univ-rennes.fr\/fr\/#organization\",\"name\":\"IGR IAE Rennes\",\"url\":\"https:\/\/www.igr.univ-rennes.fr\/fr\/\",\"logo\":{\"@type\":\"ImageObject\",\"inLanguage\":\"fr-FR\",\"@id\":\"https:\/\/www.igr.univ-rennes.fr\/fr\/#\/schema\/logo\/image\/\",\"url\":\"https:\/\/www.igr.univ-rennes.fr\/wp-content\/uploads\/2020\/06\/Logo-IGR-IAE-Rennes_Blanc-300dpi-RVB-e1597327228224.png\",\"contentUrl\":\"https:\/\/www.igr.univ-rennes.fr\/wp-content\/uploads\/2020\/06\/Logo-IGR-IAE-Rennes_Blanc-300dpi-RVB-e1597327228224.png\",\"width\":290,\"height\":107,\"caption\":\"IGR IAE Rennes\"},\"image\":{\"@id\":\"https:\/\/www.igr.univ-rennes.fr\/fr\/#\/schema\/logo\/image\/\"}},{\"@type\":\"Person\",\"@id\":\"https:\/\/www.igr.univ-rennes.fr\/fr\/#\/schema\/person\/5f1ef906f2986c0eaa338b7258c4082b\",\"name\":\"Marie-Annick Robin\",\"image\":{\"@type\":\"ImageObject\",\"inLanguage\":\"fr-FR\",\"@id\":\"https:\/\/www.igr.univ-rennes.fr\/fr\/#\/schema\/person\/image\/\",\"url\":\"https:\/\/secure.gravatar.com\/avatar\/2be340e59f359ca7aa475c1693137388?s=96&d=mm&r=g\",\"contentUrl\":\"https:\/\/secure.gravatar.com\/avatar\/2be340e59f359ca7aa475c1693137388?s=96&d=mm&r=g\",\"caption\":\"Marie-Annick Robin\"}}]}<\/script>\n<!-- \/ Yoast SEO plugin. -->","yoast_head_json":{"title":"Corentin Le Bot et Marie Cellou prim\u00e9s par la Fondation de l&rsquo;Universit\u00e9 de Rennes pour l\u2019excellence de leurs travaux en SHS - IGR IAE Rennes","robots":{"index":"index","follow":"follow","max-snippet":"max-snippet:-1","max-image-preview":"max-image-preview:large","max-video-preview":"max-video-preview:-1"},"canonical":"https:\/\/www.igr.univ-rennes.fr\/fr\/corentin-le-bot-et-marie-cellou-primes-par-la-fondation-rennes-pour-lexcellence-de-leurs-travaux-en-shs\/","og_locale":"fr_FR","og_type":"article","og_title":"Corentin Le Bot et Marie Cellou prim\u00e9s par la Fondation de l&rsquo;Universit\u00e9 de Rennes pour l\u2019excellence de leurs travaux en SHS - IGR IAE Rennes","og_description":"Chaque ann\u00e9e, la Fondation de l'Universit\u00e9 de Rennes r\u00e9compense les meilleurs travaux de recherche men\u00e9s au sein de l\u2019universit\u00e9 \u00e0 travers ses prix de th\u00e8se.","og_url":"https:\/\/www.igr.univ-rennes.fr\/fr\/corentin-le-bot-et-marie-cellou-primes-par-la-fondation-rennes-pour-lexcellence-de-leurs-travaux-en-shs\/","og_site_name":"IGR IAE Rennes","article_published_time":"2025-07-11T11:59:21+00:00","article_modified_time":"2025-07-11T14:57:44+00:00","og_image":[{"width":2560,"height":1440,"url":"https:\/\/www.igr.univ-rennes.fr\/wp-content\/uploads\/2025\/07\/prix-these-Fondation-UR-2025-scaled.jpg","type":"image\/jpeg"}],"author":"Marie-Annick Robin","twitter_card":"summary_large_image","twitter_misc":{"\u00c9crit par":"Marie-Annick Robin","Dur\u00e9e de lecture estim\u00e9e":"2 minutes"},"schema":{"@context":"https:\/\/schema.org","@graph":[{"@type":"Article","@id":"https:\/\/www.igr.univ-rennes.fr\/fr\/corentin-le-bot-et-marie-cellou-primes-par-la-fondation-rennes-pour-lexcellence-de-leurs-travaux-en-shs\/#article","isPartOf":{"@id":"https:\/\/www.igr.univ-rennes.fr\/fr\/corentin-le-bot-et-marie-cellou-primes-par-la-fondation-rennes-pour-lexcellence-de-leurs-travaux-en-shs\/"},"author":{"name":"Marie-Annick Robin","@id":"https:\/\/www.igr.univ-rennes.fr\/fr\/#\/schema\/person\/5f1ef906f2986c0eaa338b7258c4082b"},"headline":"Corentin Le Bot et Marie Cellou prim\u00e9s par la Fondation de l&rsquo;Universit\u00e9 de Rennes pour l\u2019excellence de leurs travaux en SHS","datePublished":"2025-07-11T11:59:21+00:00","dateModified":"2025-07-11T14:57:44+00:00","mainEntityOfPage":{"@id":"https:\/\/www.igr.univ-rennes.fr\/fr\/corentin-le-bot-et-marie-cellou-primes-par-la-fondation-rennes-pour-lexcellence-de-leurs-travaux-en-shs\/"},"wordCount":404,"publisher":{"@id":"https:\/\/www.igr.univ-rennes.fr\/fr\/#organization"},"articleSection":["Recherche"],"inLanguage":"fr-FR"},{"@type":"WebPage","@id":"https:\/\/www.igr.univ-rennes.fr\/fr\/corentin-le-bot-et-marie-cellou-primes-par-la-fondation-rennes-pour-lexcellence-de-leurs-travaux-en-shs\/","url":"https:\/\/www.igr.univ-rennes.fr\/fr\/corentin-le-bot-et-marie-cellou-primes-par-la-fondation-rennes-pour-lexcellence-de-leurs-travaux-en-shs\/","name":"Corentin Le Bot et Marie Cellou prim\u00e9s par la Fondation de l&rsquo;Universit\u00e9 de Rennes pour l\u2019excellence de leurs travaux en SHS - IGR IAE Rennes","isPartOf":{"@id":"https:\/\/www.igr.univ-rennes.fr\/fr\/#website"},"datePublished":"2025-07-11T11:59:21+00:00","dateModified":"2025-07-11T14:57:44+00:00","breadcrumb":{"@id":"https:\/\/www.igr.univ-rennes.fr\/fr\/corentin-le-bot-et-marie-cellou-primes-par-la-fondation-rennes-pour-lexcellence-de-leurs-travaux-en-shs\/#breadcrumb"},"inLanguage":"fr-FR","potentialAction":[{"@type":"ReadAction","target":["https:\/\/www.igr.univ-rennes.fr\/fr\/corentin-le-bot-et-marie-cellou-primes-par-la-fondation-rennes-pour-lexcellence-de-leurs-travaux-en-shs\/"]}]},{"@type":"BreadcrumbList","@id":"https:\/\/www.igr.univ-rennes.fr\/fr\/corentin-le-bot-et-marie-cellou-primes-par-la-fondation-rennes-pour-lexcellence-de-leurs-travaux-en-shs\/#breadcrumb","itemListElement":[{"@type":"ListItem","position":1,"name":"Accueil","item":"https:\/\/www.igr.univ-rennes.fr\/fr\/"},{"@type":"ListItem","position":2,"name":"Corentin Le Bot et Marie Cellou prim\u00e9s par la Fondation de l&rsquo;Universit\u00e9 de Rennes pour l\u2019excellence de leurs travaux en SHS"}]},{"@type":"WebSite","@id":"https:\/\/www.igr.univ-rennes.fr\/fr\/#website","url":"https:\/\/www.igr.univ-rennes.fr\/fr\/","name":"IGR IAE Rennes","description":"","publisher":{"@id":"https:\/\/www.igr.univ-rennes.fr\/fr\/#organization"},"potentialAction":[{"@type":"SearchAction","target":{"@type":"EntryPoint","urlTemplate":"https:\/\/www.igr.univ-rennes.fr\/fr\/?s={search_term_string}"},"query-input":"required name=search_term_string"}],"inLanguage":"fr-FR"},{"@type":"Organization","@id":"https:\/\/www.igr.univ-rennes.fr\/fr\/#organization","name":"IGR IAE Rennes","url":"https:\/\/www.igr.univ-rennes.fr\/fr\/","logo":{"@type":"ImageObject","inLanguage":"fr-FR","@id":"https:\/\/www.igr.univ-rennes.fr\/fr\/#\/schema\/logo\/image\/","url":"https:\/\/www.igr.univ-rennes.fr\/wp-content\/uploads\/2020\/06\/Logo-IGR-IAE-Rennes_Blanc-300dpi-RVB-e1597327228224.png","contentUrl":"https:\/\/www.igr.univ-rennes.fr\/wp-content\/uploads\/2020\/06\/Logo-IGR-IAE-Rennes_Blanc-300dpi-RVB-e1597327228224.png","width":290,"height":107,"caption":"IGR IAE Rennes"},"image":{"@id":"https:\/\/www.igr.univ-rennes.fr\/fr\/#\/schema\/logo\/image\/"}},{"@type":"Person","@id":"https:\/\/www.igr.univ-rennes.fr\/fr\/#\/schema\/person\/5f1ef906f2986c0eaa338b7258c4082b","name":"Marie-Annick Robin","image":{"@type":"ImageObject","inLanguage":"fr-FR","@id":"https:\/\/www.igr.univ-rennes.fr\/fr\/#\/schema\/person\/image\/","url":"https:\/\/secure.gravatar.com\/avatar\/2be340e59f359ca7aa475c1693137388?s=96&d=mm&r=g","contentUrl":"https:\/\/secure.gravatar.com\/avatar\/2be340e59f359ca7aa475c1693137388?s=96&d=mm&r=g","caption":"Marie-Annick Robin"}}]}},"_links":{"self":[{"href":"https:\/\/www.igr.univ-rennes.fr\/fr\/wp-json\/wp\/v2\/posts\/507945"}],"collection":[{"href":"https:\/\/www.igr.univ-rennes.fr\/fr\/wp-json\/wp\/v2\/posts"}],"about":[{"href":"https:\/\/www.igr.univ-rennes.fr\/fr\/wp-json\/wp\/v2\/types\/post"}],"author":[{"embeddable":true,"href":"https:\/\/www.igr.univ-rennes.fr\/fr\/wp-json\/wp\/v2\/users\/11"}],"replies":[{"embeddable":true,"href":"https:\/\/www.igr.univ-rennes.fr\/fr\/wp-json\/wp\/v2\/comments?post=507945"}],"version-history":[{"count":48,"href":"https:\/\/www.igr.univ-rennes.fr\/fr\/wp-json\/wp\/v2\/posts\/507945\/revisions"}],"predecessor-version":[{"id":508105,"href":"https:\/\/www.igr.univ-rennes.fr\/fr\/wp-json\/wp\/v2\/posts\/507945\/revisions\/508105"}],"wp:featuredmedia":[{"embeddable":true,"href":"https:\/\/www.igr.univ-rennes.fr\/fr\/wp-json\/wp\/v2\/media\/507946"}],"wp:attachment":[{"href":"https:\/\/www.igr.univ-rennes.fr\/fr\/wp-json\/wp\/v2\/media?parent=507945"}],"wp:term":[{"taxonomy":"category","embeddable":true,"href":"https:\/\/www.igr.univ-rennes.fr\/fr\/wp-json\/wp\/v2\/categories?post=507945"},{"taxonomy":"post_tag","embeddable":true,"href":"https:\/\/www.igr.univ-rennes.fr\/fr\/wp-json\/wp\/v2\/tags?post=507945"}],"curies":[{"name":"wp","href":"https:\/\/api.w.org\/{rel}","templated":true}]}}