{"id":494765,"date":"2025-05-19T11:49:37","date_gmt":"2025-05-19T09:49:37","guid":{"rendered":"https:\/\/www.igr.univ-rennes.fr\/?p=494765"},"modified":"2025-05-27T09:53:06","modified_gmt":"2025-05-27T07:53:06","slug":"seminaire-crem-igr-iae-rennes-eatthink-le-vendredi-23-mai","status":"publish","type":"post","link":"https:\/\/www.igr.univ-rennes.fr\/fr\/seminaire-crem-igr-iae-rennes-eatthink-le-vendredi-23-mai\/","title":{"rendered":"S\u00e9minaire CREM\/IGR-IAE Rennes Eat&#038;Think le vendredi 23 mai"},"content":{"rendered":"\t\t<div data-elementor-type=\"wp-post\" data-elementor-id=\"494765\" class=\"elementor elementor-494765\" data-elementor-post-type=\"post\">\n\t\t\t\t\t\t<section class=\"elementor-section elementor-top-section elementor-element elementor-element-60f71cb elementor-section-boxed elementor-section-height-default elementor-section-height-default\" data-id=\"60f71cb\" data-element_type=\"section\" data-e-type=\"section\">\n\t\t\t\t\t\t<div class=\"elementor-container elementor-column-gap-default\">\n\t\t\t\t\t<div class=\"elementor-column elementor-col-100 elementor-top-column elementor-element elementor-element-b6c3671\" data-id=\"b6c3671\" data-element_type=\"column\" data-e-type=\"column\">\n\t\t\t<div class=\"elementor-widget-wrap elementor-element-populated\">\n\t\t\t\t\t\t<div class=\"elementor-element elementor-element-7f0ee69 elementor-widget elementor-widget-text-editor\" data-id=\"7f0ee69\" data-element_type=\"widget\" data-e-type=\"widget\" data-widget_type=\"text-editor.default\">\n\t\t\t\t<div class=\"elementor-widget-container\">\n\t\t\t\t\t\t\t\t\t<p>Notre prochain <strong>s\u00e9minaire CREM-IGR Eat &amp;Think<\/strong> aura lieu le <strong>vendredi 23 mai, \u00e0 12h30<\/strong>, en Salle de Conseil \u00e0 l\u2019IGR-IAE. La pr\u00e9sentation s\u2019inscrit dans notre souhait de privil\u00e9gier, pour les restants des dates, des pr\u00e9sentations de nos propres travaux. Afin de partager \/ promouvoir ce qui se fait au sein de CREM-IGR.<\/p><p>Nous avons le plaisir d\u2019accueillir nos coll\u00e8gues <strong>Matthieu Belarouci et Aur\u00e9lien Ragaigne<\/strong>, qui vont nous pr\u00e9senter leur papier.<\/p><h4>R\u00e9sum\u00e9<\/h4><p><em>L\u2019objectif de cet article est de mettre en \u00e9vidence l\u2019int\u00e9r\u00eat des d\u00e9clarations environnementales obligatoires des producteurs de biens dans les domaines de la construction pour la prise en compte des co\u00fbts \u00e9cologiques en comptabilit\u00e9 de gestion. Ces d\u00e9clarations issues de la r\u00e9glementation environnementale 2020 permettent de mesurer et de structurer une d\u00e9marche de comptabilit\u00e9 environnementale adoss\u00e9e \u00e0 une comptabilit\u00e9 de gestion traditionnelle. Nous illustrons la pertinence de ces indicateurs par le biais d\u2019une \u00e9tude de cas d\u2019un projet d\u2019autoproduction et d\u2019autoconsommation collective (ACC) d\u2019\u00e9lectricit\u00e9 (projet GROUPEE4.0). Nous mettons d\u2019abord en \u00e9vidence la complexit\u00e9 de l\u2019\u00e9valuation de la performance de l\u2019ACC et la n\u00e9cessit\u00e9 d\u2019une structuration sp\u00e9cifique de la d\u00e9marche du contr\u00f4leur de gestion. Ensuite, nous pr\u00e9sentons comment les outils de la comptabilit\u00e9 de gestion peuvent \u00eatre adapt\u00e9s pour tenir compte des co\u00fbts \u00e9cologiques dans la performance du dispositif et comment ces outils peuvent aider le d\u00e9cideur \u00e0 arbitrer entre les performances \u00e9conomiques et \u00e9cologiques. Enfin, nous soulignons les probl\u00e9matiques et les incertitudes que la prise en compte des co\u00fbts \u00e9cologiques soul\u00e8ve dans la d\u00e9marche de calcul de co\u00fbt et l\u2019enjeu du positionnement du contr\u00f4leur de gestion.<\/em><\/p><p>La pr\u00e9sentation sera en salle de conseil de l\u2019IGR-IAE. Aussi, vous trouverez un lien zoom pour celles\/ceux qui veulent participer en distanciel.<\/p>\t\t\t\t\t\t\t\t<\/div>\n\t\t\t\t<\/div>\n\t\t\t\t\t<\/div>\n\t\t<\/div>\n\t\t\t\t\t<\/div>\n\t\t<\/section>\n\t\t\t\t<section class=\"elementor-section elementor-top-section elementor-element elementor-element-a50a633 elementor-section-boxed elementor-section-height-default elementor-section-height-default\" data-id=\"a50a633\" data-element_type=\"section\" data-e-type=\"section\">\n\t\t\t\t\t\t<div class=\"elementor-container elementor-column-gap-default\">\n\t\t\t\t\t<div class=\"elementor-column elementor-col-50 elementor-top-column elementor-element elementor-element-31fcf54\" data-id=\"31fcf54\" data-element_type=\"column\" data-e-type=\"column\">\n\t\t\t<div class=\"elementor-widget-wrap elementor-element-populated\">\n\t\t\t\t\t\t<div class=\"elementor-element elementor-element-636a86a elementor-align-center elementor-widget elementor-widget-button\" data-id=\"636a86a\" data-element_type=\"widget\" data-e-type=\"widget\" data-widget_type=\"button.default\">\n\t\t\t\t<div class=\"elementor-widget-container\">\n\t\t\t\t\t\t\t\t\t<div class=\"elementor-button-wrapper\">\n\t\t\t\t\t<a class=\"elementor-button elementor-button-link elementor-size-sm\" href=\"https:\/\/univ-rennes1-fr.zoom.us\/j\/67676458318\" target=\"_blank\">\n\t\t\t\t\t\t<span class=\"elementor-button-content-wrapper\">\n\t\t\t\t\t\t\t\t\t<span class=\"elementor-button-text\">Lien Zoom<\/span>\n\t\t\t\t\t<\/span>\n\t\t\t\t\t<\/a>\n\t\t\t\t<\/div>\n\t\t\t\t\t\t\t\t<\/div>\n\t\t\t\t<\/div>\n\t\t\t\t\t<\/div>\n\t\t<\/div>\n\t\t\t\t<div class=\"elementor-column elementor-col-50 elementor-top-column elementor-element elementor-element-c01bd3b\" data-id=\"c01bd3b\" data-element_type=\"column\" data-e-type=\"column\">\n\t\t\t<div class=\"elementor-widget-wrap elementor-element-populated\">\n\t\t\t\t\t\t<div class=\"elementor-element elementor-element-afa62f9 elementor-widget elementor-widget-text-editor\" data-id=\"afa62f9\" data-element_type=\"widget\" data-e-type=\"widget\" data-widget_type=\"text-editor.default\">\n\t\t\t\t<div class=\"elementor-widget-container\">\n\t\t\t\t\t\t\t\t\t<p>ID de r\u00e9union : 676 7645 8318<br \/>Code secret : 662489<\/p>\t\t\t\t\t\t\t\t<\/div>\n\t\t\t\t<\/div>\n\t\t\t\t\t<\/div>\n\t\t<\/div>\n\t\t\t\t\t<\/div>\n\t\t<\/section>\n\t\t\t\t<\/div>\n\t\t","protected":false},"excerpt":{"rendered":"<p>Le prochain s\u00e9minaire CREM\/IGR-IAE Rennes Eat&#038;Think aura lieu le vendredi 23 mai 2025, \u00e0 12h30.<\/p>\n","protected":false},"author":11,"featured_media":494763,"comment_status":"closed","ping_status":"closed","sticky":false,"template":"","format":"standard","meta":{"_acf_changed":false,"footnotes":""},"categories":[66],"tags":[],"class_list":["post-494765","post","type-post","status-publish","format-standard","has-post-thumbnail","hentry","category-recherche"],"acf":[],"yoast_head":"<!-- This site is optimized with the Yoast SEO plugin v27.5 - https:\/\/yoast.com\/product\/yoast-seo-wordpress\/ -->\n<title>S\u00e9minaire CREM\/IGR-IAE Rennes Eat&#038;Think le vendredi 23 mai - IGR IAE Rennes<\/title>\n<meta name=\"robots\" content=\"index, follow, max-snippet:-1, max-image-preview:large, max-video-preview:-1\" \/>\n<link rel=\"canonical\" href=\"https:\/\/www.igr.univ-rennes.fr\/fr\/seminaire-crem-igr-iae-rennes-eatthink-le-vendredi-23-mai\/\" \/>\n<meta property=\"og:locale\" content=\"fr_FR\" \/>\n<meta property=\"og:type\" content=\"article\" \/>\n<meta property=\"og:title\" content=\"S\u00e9minaire CREM\/IGR-IAE Rennes Eat&#038;Think le vendredi 23 mai - IGR IAE Rennes\" \/>\n<meta property=\"og:description\" content=\"Le prochain s\u00e9minaire CREM\/IGR-IAE Rennes Eat&amp;Think aura lieu le vendredi 23 mai 2025, \u00e0 12h30.\" \/>\n<meta property=\"og:url\" content=\"https:\/\/www.igr.univ-rennes.fr\/fr\/seminaire-crem-igr-iae-rennes-eatthink-le-vendredi-23-mai\/\" \/>\n<meta property=\"og:site_name\" content=\"IGR IAE Rennes\" \/>\n<meta property=\"article:published_time\" content=\"2025-05-19T09:49:37+00:00\" \/>\n<meta property=\"article:modified_time\" content=\"2025-05-27T07:53:06+00:00\" \/>\n<meta property=\"og:image\" content=\"https:\/\/www.igr.univ-rennes.fr\/wp-content\/uploads\/2024\/09\/eatthink-23mai2025-scaled.jpg\" \/>\n\t<meta property=\"og:image:width\" content=\"2560\" \/>\n\t<meta property=\"og:image:height\" content=\"1440\" \/>\n\t<meta property=\"og:image:type\" content=\"image\/jpeg\" \/>\n<meta name=\"author\" content=\"Marie-Annick Robin\" \/>\n<meta name=\"twitter:card\" content=\"summary_large_image\" \/>\n<meta name=\"twitter:label1\" content=\"\u00c9crit par\" \/>\n\t<meta name=\"twitter:data1\" content=\"Marie-Annick Robin\" \/>\n\t<meta name=\"twitter:label2\" content=\"Dur\u00e9e de lecture estim\u00e9e\" \/>\n\t<meta name=\"twitter:data2\" content=\"2 minutes\" \/>\n<script type=\"application\/ld+json\" class=\"yoast-schema-graph\">{\"@context\":\"https:\\\/\\\/schema.org\",\"@graph\":[{\"@type\":\"Article\",\"@id\":\"https:\\\/\\\/www.igr.univ-rennes.fr\\\/fr\\\/seminaire-crem-igr-iae-rennes-eatthink-le-vendredi-23-mai\\\/#article\",\"isPartOf\":{\"@id\":\"https:\\\/\\\/www.igr.univ-rennes.fr\\\/fr\\\/seminaire-crem-igr-iae-rennes-eatthink-le-vendredi-23-mai\\\/\"},\"author\":{\"name\":\"Marie-Annick Robin\",\"@id\":\"https:\\\/\\\/www.igr.univ-rennes.fr\\\/fr\\\/#\\\/schema\\\/person\\\/5f1ef906f2986c0eaa338b7258c4082b\"},\"headline\":\"S\u00e9minaire CREM\\\/IGR-IAE Rennes Eat&#038;Think le vendredi 23 mai\",\"datePublished\":\"2025-05-19T09:49:37+00:00\",\"dateModified\":\"2025-05-27T07:53:06+00:00\",\"mainEntityOfPage\":{\"@id\":\"https:\\\/\\\/www.igr.univ-rennes.fr\\\/fr\\\/seminaire-crem-igr-iae-rennes-eatthink-le-vendredi-23-mai\\\/\"},\"wordCount\":339,\"publisher\":{\"@id\":\"https:\\\/\\\/www.igr.univ-rennes.fr\\\/fr\\\/#organization\"},\"image\":{\"@id\":\"https:\\\/\\\/www.igr.univ-rennes.fr\\\/fr\\\/seminaire-crem-igr-iae-rennes-eatthink-le-vendredi-23-mai\\\/#primaryimage\"},\"thumbnailUrl\":\"https:\\\/\\\/www.igr.univ-rennes.fr\\\/wp-content\\\/uploads\\\/2024\\\/09\\\/eatthink-23mai2025-scaled.jpg\",\"articleSection\":[\"Recherche\"],\"inLanguage\":\"fr-FR\"},{\"@type\":\"WebPage\",\"@id\":\"https:\\\/\\\/www.igr.univ-rennes.fr\\\/fr\\\/seminaire-crem-igr-iae-rennes-eatthink-le-vendredi-23-mai\\\/\",\"url\":\"https:\\\/\\\/www.igr.univ-rennes.fr\\\/fr\\\/seminaire-crem-igr-iae-rennes-eatthink-le-vendredi-23-mai\\\/\",\"name\":\"S\u00e9minaire CREM\\\/IGR-IAE Rennes Eat&#038;Think le vendredi 23 mai - IGR IAE Rennes\",\"isPartOf\":{\"@id\":\"https:\\\/\\\/www.igr.univ-rennes.fr\\\/fr\\\/#website\"},\"primaryImageOfPage\":{\"@id\":\"https:\\\/\\\/www.igr.univ-rennes.fr\\\/fr\\\/seminaire-crem-igr-iae-rennes-eatthink-le-vendredi-23-mai\\\/#primaryimage\"},\"image\":{\"@id\":\"https:\\\/\\\/www.igr.univ-rennes.fr\\\/fr\\\/seminaire-crem-igr-iae-rennes-eatthink-le-vendredi-23-mai\\\/#primaryimage\"},\"thumbnailUrl\":\"https:\\\/\\\/www.igr.univ-rennes.fr\\\/wp-content\\\/uploads\\\/2024\\\/09\\\/eatthink-23mai2025-scaled.jpg\",\"datePublished\":\"2025-05-19T09:49:37+00:00\",\"dateModified\":\"2025-05-27T07:53:06+00:00\",\"breadcrumb\":{\"@id\":\"https:\\\/\\\/www.igr.univ-rennes.fr\\\/fr\\\/seminaire-crem-igr-iae-rennes-eatthink-le-vendredi-23-mai\\\/#breadcrumb\"},\"inLanguage\":\"fr-FR\",\"potentialAction\":[{\"@type\":\"ReadAction\",\"target\":[\"https:\\\/\\\/www.igr.univ-rennes.fr\\\/fr\\\/seminaire-crem-igr-iae-rennes-eatthink-le-vendredi-23-mai\\\/\"]}]},{\"@type\":\"ImageObject\",\"inLanguage\":\"fr-FR\",\"@id\":\"https:\\\/\\\/www.igr.univ-rennes.fr\\\/fr\\\/seminaire-crem-igr-iae-rennes-eatthink-le-vendredi-23-mai\\\/#primaryimage\",\"url\":\"https:\\\/\\\/www.igr.univ-rennes.fr\\\/wp-content\\\/uploads\\\/2024\\\/09\\\/eatthink-23mai2025-scaled.jpg\",\"contentUrl\":\"https:\\\/\\\/www.igr.univ-rennes.fr\\\/wp-content\\\/uploads\\\/2024\\\/09\\\/eatthink-23mai2025-scaled.jpg\",\"width\":2560,\"height\":1440,\"caption\":\"S\u00e9minaire CREM-IGR Eat &Think le vendredi 23 mai\"},{\"@type\":\"BreadcrumbList\",\"@id\":\"https:\\\/\\\/www.igr.univ-rennes.fr\\\/fr\\\/seminaire-crem-igr-iae-rennes-eatthink-le-vendredi-23-mai\\\/#breadcrumb\",\"itemListElement\":[{\"@type\":\"ListItem\",\"position\":1,\"name\":\"Accueil\",\"item\":\"https:\\\/\\\/www.igr.univ-rennes.fr\\\/fr\\\/\"},{\"@type\":\"ListItem\",\"position\":2,\"name\":\"S\u00e9minaire CREM\\\/IGR-IAE Rennes Eat&#038;Think le vendredi 23 mai\"}]},{\"@type\":\"WebSite\",\"@id\":\"https:\\\/\\\/www.igr.univ-rennes.fr\\\/fr\\\/#website\",\"url\":\"https:\\\/\\\/www.igr.univ-rennes.fr\\\/fr\\\/\",\"name\":\"IGR IAE Rennes\",\"description\":\"\",\"publisher\":{\"@id\":\"https:\\\/\\\/www.igr.univ-rennes.fr\\\/fr\\\/#organization\"},\"potentialAction\":[{\"@type\":\"SearchAction\",\"target\":{\"@type\":\"EntryPoint\",\"urlTemplate\":\"https:\\\/\\\/www.igr.univ-rennes.fr\\\/fr\\\/?s={search_term_string}\"},\"query-input\":{\"@type\":\"PropertyValueSpecification\",\"valueRequired\":true,\"valueName\":\"search_term_string\"}}],\"inLanguage\":\"fr-FR\"},{\"@type\":\"Organization\",\"@id\":\"https:\\\/\\\/www.igr.univ-rennes.fr\\\/fr\\\/#organization\",\"name\":\"IGR IAE Rennes\",\"url\":\"https:\\\/\\\/www.igr.univ-rennes.fr\\\/fr\\\/\",\"logo\":{\"@type\":\"ImageObject\",\"inLanguage\":\"fr-FR\",\"@id\":\"https:\\\/\\\/www.igr.univ-rennes.fr\\\/fr\\\/#\\\/schema\\\/logo\\\/image\\\/\",\"url\":\"https:\\\/\\\/www.igr.univ-rennes.fr\\\/wp-content\\\/uploads\\\/2020\\\/06\\\/Logo-IGR-IAE-Rennes_Blanc-300dpi-RVB-e1597327228224.png\",\"contentUrl\":\"https:\\\/\\\/www.igr.univ-rennes.fr\\\/wp-content\\\/uploads\\\/2020\\\/06\\\/Logo-IGR-IAE-Rennes_Blanc-300dpi-RVB-e1597327228224.png\",\"width\":290,\"height\":107,\"caption\":\"IGR IAE Rennes\"},\"image\":{\"@id\":\"https:\\\/\\\/www.igr.univ-rennes.fr\\\/fr\\\/#\\\/schema\\\/logo\\\/image\\\/\"}},{\"@type\":\"Person\",\"@id\":\"https:\\\/\\\/www.igr.univ-rennes.fr\\\/fr\\\/#\\\/schema\\\/person\\\/5f1ef906f2986c0eaa338b7258c4082b\",\"name\":\"Marie-Annick Robin\",\"image\":{\"@type\":\"ImageObject\",\"inLanguage\":\"fr-FR\",\"@id\":\"https:\\\/\\\/secure.gravatar.com\\\/avatar\\\/f9293e68571e20c548e6d32c7885fdfb06e6f56349fe920439a102a2234f78c3?s=96&d=mm&r=g\",\"url\":\"https:\\\/\\\/secure.gravatar.com\\\/avatar\\\/f9293e68571e20c548e6d32c7885fdfb06e6f56349fe920439a102a2234f78c3?s=96&d=mm&r=g\",\"contentUrl\":\"https:\\\/\\\/secure.gravatar.com\\\/avatar\\\/f9293e68571e20c548e6d32c7885fdfb06e6f56349fe920439a102a2234f78c3?s=96&d=mm&r=g\",\"caption\":\"Marie-Annick Robin\"}}]}<\/script>\n<!-- \/ Yoast SEO plugin. -->","yoast_head_json":{"title":"S\u00e9minaire CREM\/IGR-IAE Rennes Eat&#038;Think le vendredi 23 mai - IGR IAE Rennes","robots":{"index":"index","follow":"follow","max-snippet":"max-snippet:-1","max-image-preview":"max-image-preview:large","max-video-preview":"max-video-preview:-1"},"canonical":"https:\/\/www.igr.univ-rennes.fr\/fr\/seminaire-crem-igr-iae-rennes-eatthink-le-vendredi-23-mai\/","og_locale":"fr_FR","og_type":"article","og_title":"S\u00e9minaire CREM\/IGR-IAE Rennes Eat&#038;Think le vendredi 23 mai - IGR IAE Rennes","og_description":"Le prochain s\u00e9minaire CREM\/IGR-IAE Rennes Eat&Think aura lieu le vendredi 23 mai 2025, \u00e0 12h30.","og_url":"https:\/\/www.igr.univ-rennes.fr\/fr\/seminaire-crem-igr-iae-rennes-eatthink-le-vendredi-23-mai\/","og_site_name":"IGR IAE Rennes","article_published_time":"2025-05-19T09:49:37+00:00","article_modified_time":"2025-05-27T07:53:06+00:00","og_image":[{"width":2560,"height":1440,"url":"https:\/\/www.igr.univ-rennes.fr\/wp-content\/uploads\/2024\/09\/eatthink-23mai2025-scaled.jpg","type":"image\/jpeg"}],"author":"Marie-Annick Robin","twitter_card":"summary_large_image","twitter_misc":{"\u00c9crit par":"Marie-Annick Robin","Dur\u00e9e de lecture estim\u00e9e":"2 minutes"},"schema":{"@context":"https:\/\/schema.org","@graph":[{"@type":"Article","@id":"https:\/\/www.igr.univ-rennes.fr\/fr\/seminaire-crem-igr-iae-rennes-eatthink-le-vendredi-23-mai\/#article","isPartOf":{"@id":"https:\/\/www.igr.univ-rennes.fr\/fr\/seminaire-crem-igr-iae-rennes-eatthink-le-vendredi-23-mai\/"},"author":{"name":"Marie-Annick Robin","@id":"https:\/\/www.igr.univ-rennes.fr\/fr\/#\/schema\/person\/5f1ef906f2986c0eaa338b7258c4082b"},"headline":"S\u00e9minaire CREM\/IGR-IAE Rennes Eat&#038;Think le vendredi 23 mai","datePublished":"2025-05-19T09:49:37+00:00","dateModified":"2025-05-27T07:53:06+00:00","mainEntityOfPage":{"@id":"https:\/\/www.igr.univ-rennes.fr\/fr\/seminaire-crem-igr-iae-rennes-eatthink-le-vendredi-23-mai\/"},"wordCount":339,"publisher":{"@id":"https:\/\/www.igr.univ-rennes.fr\/fr\/#organization"},"image":{"@id":"https:\/\/www.igr.univ-rennes.fr\/fr\/seminaire-crem-igr-iae-rennes-eatthink-le-vendredi-23-mai\/#primaryimage"},"thumbnailUrl":"https:\/\/www.igr.univ-rennes.fr\/wp-content\/uploads\/2024\/09\/eatthink-23mai2025-scaled.jpg","articleSection":["Recherche"],"inLanguage":"fr-FR"},{"@type":"WebPage","@id":"https:\/\/www.igr.univ-rennes.fr\/fr\/seminaire-crem-igr-iae-rennes-eatthink-le-vendredi-23-mai\/","url":"https:\/\/www.igr.univ-rennes.fr\/fr\/seminaire-crem-igr-iae-rennes-eatthink-le-vendredi-23-mai\/","name":"S\u00e9minaire CREM\/IGR-IAE Rennes Eat&#038;Think le vendredi 23 mai - IGR IAE Rennes","isPartOf":{"@id":"https:\/\/www.igr.univ-rennes.fr\/fr\/#website"},"primaryImageOfPage":{"@id":"https:\/\/www.igr.univ-rennes.fr\/fr\/seminaire-crem-igr-iae-rennes-eatthink-le-vendredi-23-mai\/#primaryimage"},"image":{"@id":"https:\/\/www.igr.univ-rennes.fr\/fr\/seminaire-crem-igr-iae-rennes-eatthink-le-vendredi-23-mai\/#primaryimage"},"thumbnailUrl":"https:\/\/www.igr.univ-rennes.fr\/wp-content\/uploads\/2024\/09\/eatthink-23mai2025-scaled.jpg","datePublished":"2025-05-19T09:49:37+00:00","dateModified":"2025-05-27T07:53:06+00:00","breadcrumb":{"@id":"https:\/\/www.igr.univ-rennes.fr\/fr\/seminaire-crem-igr-iae-rennes-eatthink-le-vendredi-23-mai\/#breadcrumb"},"inLanguage":"fr-FR","potentialAction":[{"@type":"ReadAction","target":["https:\/\/www.igr.univ-rennes.fr\/fr\/seminaire-crem-igr-iae-rennes-eatthink-le-vendredi-23-mai\/"]}]},{"@type":"ImageObject","inLanguage":"fr-FR","@id":"https:\/\/www.igr.univ-rennes.fr\/fr\/seminaire-crem-igr-iae-rennes-eatthink-le-vendredi-23-mai\/#primaryimage","url":"https:\/\/www.igr.univ-rennes.fr\/wp-content\/uploads\/2024\/09\/eatthink-23mai2025-scaled.jpg","contentUrl":"https:\/\/www.igr.univ-rennes.fr\/wp-content\/uploads\/2024\/09\/eatthink-23mai2025-scaled.jpg","width":2560,"height":1440,"caption":"S\u00e9minaire CREM-IGR Eat &Think le vendredi 23 mai"},{"@type":"BreadcrumbList","@id":"https:\/\/www.igr.univ-rennes.fr\/fr\/seminaire-crem-igr-iae-rennes-eatthink-le-vendredi-23-mai\/#breadcrumb","itemListElement":[{"@type":"ListItem","position":1,"name":"Accueil","item":"https:\/\/www.igr.univ-rennes.fr\/fr\/"},{"@type":"ListItem","position":2,"name":"S\u00e9minaire CREM\/IGR-IAE Rennes Eat&#038;Think le vendredi 23 mai"}]},{"@type":"WebSite","@id":"https:\/\/www.igr.univ-rennes.fr\/fr\/#website","url":"https:\/\/www.igr.univ-rennes.fr\/fr\/","name":"IGR IAE Rennes","description":"","publisher":{"@id":"https:\/\/www.igr.univ-rennes.fr\/fr\/#organization"},"potentialAction":[{"@type":"SearchAction","target":{"@type":"EntryPoint","urlTemplate":"https:\/\/www.igr.univ-rennes.fr\/fr\/?s={search_term_string}"},"query-input":{"@type":"PropertyValueSpecification","valueRequired":true,"valueName":"search_term_string"}}],"inLanguage":"fr-FR"},{"@type":"Organization","@id":"https:\/\/www.igr.univ-rennes.fr\/fr\/#organization","name":"IGR IAE Rennes","url":"https:\/\/www.igr.univ-rennes.fr\/fr\/","logo":{"@type":"ImageObject","inLanguage":"fr-FR","@id":"https:\/\/www.igr.univ-rennes.fr\/fr\/#\/schema\/logo\/image\/","url":"https:\/\/www.igr.univ-rennes.fr\/wp-content\/uploads\/2020\/06\/Logo-IGR-IAE-Rennes_Blanc-300dpi-RVB-e1597327228224.png","contentUrl":"https:\/\/www.igr.univ-rennes.fr\/wp-content\/uploads\/2020\/06\/Logo-IGR-IAE-Rennes_Blanc-300dpi-RVB-e1597327228224.png","width":290,"height":107,"caption":"IGR IAE Rennes"},"image":{"@id":"https:\/\/www.igr.univ-rennes.fr\/fr\/#\/schema\/logo\/image\/"}},{"@type":"Person","@id":"https:\/\/www.igr.univ-rennes.fr\/fr\/#\/schema\/person\/5f1ef906f2986c0eaa338b7258c4082b","name":"Marie-Annick Robin","image":{"@type":"ImageObject","inLanguage":"fr-FR","@id":"https:\/\/secure.gravatar.com\/avatar\/f9293e68571e20c548e6d32c7885fdfb06e6f56349fe920439a102a2234f78c3?s=96&d=mm&r=g","url":"https:\/\/secure.gravatar.com\/avatar\/f9293e68571e20c548e6d32c7885fdfb06e6f56349fe920439a102a2234f78c3?s=96&d=mm&r=g","contentUrl":"https:\/\/secure.gravatar.com\/avatar\/f9293e68571e20c548e6d32c7885fdfb06e6f56349fe920439a102a2234f78c3?s=96&d=mm&r=g","caption":"Marie-Annick Robin"}}]}},"_links":{"self":[{"href":"https:\/\/www.igr.univ-rennes.fr\/fr\/wp-json\/wp\/v2\/posts\/494765","targetHints":{"allow":["GET"]}}],"collection":[{"href":"https:\/\/www.igr.univ-rennes.fr\/fr\/wp-json\/wp\/v2\/posts"}],"about":[{"href":"https:\/\/www.igr.univ-rennes.fr\/fr\/wp-json\/wp\/v2\/types\/post"}],"author":[{"embeddable":true,"href":"https:\/\/www.igr.univ-rennes.fr\/fr\/wp-json\/wp\/v2\/users\/11"}],"replies":[{"embeddable":true,"href":"https:\/\/www.igr.univ-rennes.fr\/fr\/wp-json\/wp\/v2\/comments?post=494765"}],"version-history":[{"count":10,"href":"https:\/\/www.igr.univ-rennes.fr\/fr\/wp-json\/wp\/v2\/posts\/494765\/revisions"}],"predecessor-version":[{"id":494779,"href":"https:\/\/www.igr.univ-rennes.fr\/fr\/wp-json\/wp\/v2\/posts\/494765\/revisions\/494779"}],"wp:featuredmedia":[{"embeddable":true,"href":"https:\/\/www.igr.univ-rennes.fr\/fr\/wp-json\/wp\/v2\/media\/494763"}],"wp:attachment":[{"href":"https:\/\/www.igr.univ-rennes.fr\/fr\/wp-json\/wp\/v2\/media?parent=494765"}],"wp:term":[{"taxonomy":"category","embeddable":true,"href":"https:\/\/www.igr.univ-rennes.fr\/fr\/wp-json\/wp\/v2\/categories?post=494765"},{"taxonomy":"post_tag","embeddable":true,"href":"https:\/\/www.igr.univ-rennes.fr\/fr\/wp-json\/wp\/v2\/tags?post=494765"}],"curies":[{"name":"wp","href":"https:\/\/api.w.org\/{rel}","templated":true}]}}