{"id":494688,"date":"2025-05-19T09:53:25","date_gmt":"2025-05-19T07:53:25","guid":{"rendered":"https:\/\/www.igr.univ-rennes.fr\/?p=494688"},"modified":"2025-05-19T10:21:01","modified_gmt":"2025-05-19T08:21:01","slug":"retour-sur-le-46e-congres-de-lassociation-francophone-de-comptabilite-afc","status":"publish","type":"post","link":"https:\/\/www.igr.univ-rennes.fr\/fr\/retour-sur-le-46e-congres-de-lassociation-francophone-de-comptabilite-afc\/","title":{"rendered":"Retour sur le 46e Congr\u00e8s de l\u2019Association Francophone de Comptabilit\u00e9 (AFC)"},"content":{"rendered":"\t\t<div data-elementor-type=\"wp-post\" data-elementor-id=\"494688\" class=\"elementor elementor-494688\">\n\t\t\t\t\t\t\t\t\t<section class=\"elementor-section elementor-top-section elementor-element elementor-element-d2e9d13 elementor-section-boxed elementor-section-height-default elementor-section-height-default\" data-id=\"d2e9d13\" data-element_type=\"section\">\n\t\t\t\t\t\t<div class=\"elementor-container elementor-column-gap-default\">\n\t\t\t\t\t<div class=\"elementor-column elementor-col-100 elementor-top-column elementor-element elementor-element-6c8076f\" data-id=\"6c8076f\" data-element_type=\"column\">\n\t\t\t<div class=\"elementor-widget-wrap elementor-element-populated\">\n\t\t\t\t\t\t\t\t<div class=\"elementor-element elementor-element-19ae5e5 elementor-widget elementor-widget-text-editor\" data-id=\"19ae5e5\" data-element_type=\"widget\" data-widget_type=\"text-editor.default\">\n\t\t\t\t<div class=\"elementor-widget-container\">\n\t\t\t\t\t\t\t<h4>Organis\u00e9 par l\u2019IGR-IAE Rennes, \u00e0 l\u2019occasion de ses 70 ans \u00e0 Saint-Malo du 12 au 14 mai 2025<\/h4><p>Nous avons eu le grand plaisir d\u2019accueillir la communaut\u00e9 acad\u00e9mique francophone en comptabilit\u00e9, audit et contr\u00f4le autour de la th\u00e9matique :<\/p><p style=\"text-align: center;\">\u00ab <strong>Normes, repr\u00e9sentations, comportements<\/strong> \u00bb,<\/p><p>dans le cadre exceptionnel du <a href=\"https:\/\/www.pgl-congres.com\/\" target=\"_blank\" rel=\"noopener\">Palais du Grand Large<\/a>.<\/p><h4>Journ\u00e9e 1 : Ateliers doctoraux &amp; groupes de travail<\/h4><p>Des \u00e9changes riches pour les jeunes chercheurs et les groupes th\u00e9matiques de l\u2019AFC (comptabilit\u00e9 critique, IA, performance post-croissance, etc.).<\/p><h4>Journ\u00e9e 2 : Pl\u00e9ni\u00e8re d\u2019ouverture et lancement des sessions<\/h4><p>Avec les interventions de Val\u00e9rie Charolles, Robert Oph\u00e8le et Chrystelle Richard, pour un d\u00e9bat passionnant \u00e0 la crois\u00e9e des enjeux acad\u00e9miques, normatifs et soci\u00e9taux.<\/p><h4>Journ\u00e9es 2 &amp; 3 : les symposiums CCA-AAC et ACCRA et 44 sessions parall\u00e8les sur les sujets cl\u00e9s de notre discipline<\/h4><ul><li>Reporting de durabilit\u00e9<\/li><li>Processus de normalisation<\/li><li>Rh\u00e9torique et transitions<\/li><li>Approches critiques&#8230;<\/li><\/ul><p>Le tout ponctu\u00e9 de moments conviviaux, dont une belle soir\u00e9e de gala en bord de mer.<\/p><h4>Prix de la meilleure communication<\/h4><p>D\u00e9cern\u00e9 \u00e0 :<br \/><strong>Herv\u00e9 Kohler, Marion Brivot &amp; Anne Le Manh<\/strong><br \/>pour <strong>\u00ab Epistemic Injustice and Global-Local Tensions\u2026 \u00bb.<\/strong><\/p><h4>Merci \u00e0 toutes et tous pour votre participation, votre engagement et votre \u00e9nergie !<\/h4><p>Et un immense bravo \u00e0 l\u2019\u00e9quipe d\u2019organisation men\u00e9e par <strong>Lionel Touchais, <\/strong>avec <strong>Ga\u00eblle Lenormand, Aur\u00e9lien Ragaigne, Gervais Thenet, Matthieu Belarouci, Christophe Herriau et Julien Lachuer<\/strong>, ainsi qu\u2019\u00e0 nos doctorants : <strong>Novalis Ahouandjinou, Jihane bou zakhem, Najib Bwanika, Aly Camara, Ronan Michel, Farida Nebie, Camille Planchais, Joanna Tahtouh<\/strong>.<\/p><h4>Rendez-vous \u00e0 Nancy en 2026 pour le 47e Congr\u00e8s de l\u2019AFC !<\/h4>\t\t\t\t\t\t<\/div>\n\t\t\t\t<\/div>\n\t\t\t\t\t<\/div>\n\t\t<\/div>\n\t\t\t\t\t\t\t<\/div>\n\t\t<\/section>\n\t\t\t\t<section class=\"elementor-section elementor-top-section elementor-element elementor-element-9215cfe elementor-section-boxed elementor-section-height-default elementor-section-height-default\" data-id=\"9215cfe\" data-element_type=\"section\">\n\t\t\t\t\t\t<div class=\"elementor-container elementor-column-gap-default\">\n\t\t\t\t\t<div class=\"elementor-column elementor-col-100 elementor-top-column elementor-element elementor-element-cadd756\" data-id=\"cadd756\" data-element_type=\"column\">\n\t\t\t<div class=\"elementor-widget-wrap elementor-element-populated\">\n\t\t\t\t\t\t\t\t<div class=\"elementor-element elementor-element-ae867f5 elementor--h-position-center elementor--v-position-middle elementor-arrows-position-inside elementor-pagination-position-inside elementor-widget elementor-widget-slides\" data-id=\"ae867f5\" data-element_type=\"widget\" data-settings=\"{&quot;navigation&quot;:&quot;both&quot;,&quot;autoplay&quot;:&quot;yes&quot;,&quot;pause_on_hover&quot;:&quot;yes&quot;,&quot;pause_on_interaction&quot;:&quot;yes&quot;,&quot;autoplay_speed&quot;:5000,&quot;infinite&quot;:&quot;yes&quot;,&quot;transition&quot;:&quot;slide&quot;,&quot;transition_speed&quot;:500}\" data-widget_type=\"slides.default\">\n\t\t\t\t<div class=\"elementor-widget-container\">\n\t\t\t\t\t<div class=\"elementor-swiper\">\n\t\t\t<div class=\"elementor-slides-wrapper elementor-main-swiper swiper-container\" dir=\"ltr\" data-animation=\"fadeInUp\">\n\t\t\t\t<div class=\"swiper-wrapper elementor-slides\">\n\t\t\t\t\t\t\t\t\t\t<div class=\"elementor-repeater-item-345944a swiper-slide\"><div class=\"swiper-slide-bg\"><\/div><div class=\"swiper-slide-inner\" ><div class=\"swiper-slide-contents\"><\/div><\/div><\/div><div class=\"elementor-repeater-item-95993a1 swiper-slide\"><div class=\"swiper-slide-bg\"><\/div><div class=\"swiper-slide-inner\" ><div class=\"swiper-slide-contents\"><\/div><\/div><\/div><div class=\"elementor-repeater-item-6dedef9 swiper-slide\"><div class=\"swiper-slide-bg\"><\/div><div class=\"swiper-slide-inner\" ><div class=\"swiper-slide-contents\"><\/div><\/div><\/div><div class=\"elementor-repeater-item-5164fb7 swiper-slide\"><div class=\"swiper-slide-bg\"><\/div><div class=\"swiper-slide-inner\" ><div class=\"swiper-slide-contents\"><\/div><\/div><\/div><div class=\"elementor-repeater-item-58a5b9c swiper-slide\"><div class=\"swiper-slide-bg\"><\/div><div class=\"swiper-slide-inner\" ><div class=\"swiper-slide-contents\"><\/div><\/div><\/div><div class=\"elementor-repeater-item-5145611 swiper-slide\"><div class=\"swiper-slide-bg\"><\/div><div class=\"swiper-slide-inner\" ><div class=\"swiper-slide-contents\"><\/div><\/div><\/div><div class=\"elementor-repeater-item-e26c510 swiper-slide\"><div class=\"swiper-slide-bg\"><\/div><div class=\"swiper-slide-inner\" ><div class=\"swiper-slide-contents\"><\/div><\/div><\/div><div class=\"elementor-repeater-item-433ceaa swiper-slide\"><div class=\"swiper-slide-bg\"><\/div><div class=\"swiper-slide-inner\" ><div class=\"swiper-slide-contents\"><\/div><\/div><\/div><div class=\"elementor-repeater-item-e230b71 swiper-slide\"><div class=\"swiper-slide-bg\"><\/div><div class=\"swiper-slide-inner\" ><div class=\"swiper-slide-contents\"><\/div><\/div><\/div><div class=\"elementor-repeater-item-145c08a swiper-slide\"><div class=\"swiper-slide-bg\"><\/div><div class=\"swiper-slide-inner\" ><div class=\"swiper-slide-contents\"><\/div><\/div><\/div><div class=\"elementor-repeater-item-612c0e8 swiper-slide\"><div class=\"swiper-slide-bg\"><\/div><div class=\"swiper-slide-inner\" ><div class=\"swiper-slide-contents\"><\/div><\/div><\/div><div class=\"elementor-repeater-item-0b52b1c swiper-slide\"><div class=\"swiper-slide-bg\"><\/div><div class=\"swiper-slide-inner\" ><div class=\"swiper-slide-contents\"><\/div><\/div><\/div><div class=\"elementor-repeater-item-ee38b2f swiper-slide\"><div class=\"swiper-slide-bg\"><\/div><div class=\"swiper-slide-inner\" ><div class=\"swiper-slide-contents\"><\/div><\/div><\/div><div class=\"elementor-repeater-item-b03d432 swiper-slide\"><div class=\"swiper-slide-bg\"><\/div><div class=\"swiper-slide-inner\" ><div class=\"swiper-slide-contents\"><\/div><\/div><\/div><div class=\"elementor-repeater-item-2e34af7 swiper-slide\"><div class=\"swiper-slide-bg\"><\/div><div class=\"swiper-slide-inner\" ><div class=\"swiper-slide-contents\"><div class=\"elementor-slide-heading\">Titre de la diapositive<\/div><div class=\"elementor-slide-description\">Lorem ipsum dolor sit amet, consectetur adipiscing elit. Ut elit tellus, luctus nec ullamcorper mattis, pulvinar dapibus leo.<\/div><div  class=\"elementor-button elementor-slide-button elementor-size-sm\">Cliquer ici<\/div><\/div><\/div><\/div>\t\t\t\t<\/div>\n\t\t\t\t\t\t\t\t\t\t\t\t\t\t\t<div class=\"swiper-pagination\"><\/div>\n\t\t\t\t\t\t\t\t\t\t\t\t\t\t\t\t<div class=\"elementor-swiper-button elementor-swiper-button-prev\">\n\t\t\t\t\t\t\t<i aria-hidden=\"true\" class=\"eicon-chevron-left\"><\/i>\t\t\t\t\t\t\t<span class=\"elementor-screen-only\">Pr\u00e9c\u00e9dent<\/span>\n\t\t\t\t\t\t<\/div>\n\t\t\t\t\t\t<div class=\"elementor-swiper-button elementor-swiper-button-next\">\n\t\t\t\t\t\t\t<i aria-hidden=\"true\" class=\"eicon-chevron-right\"><\/i>\t\t\t\t\t\t\t<span class=\"elementor-screen-only\">Suivant<\/span>\n\t\t\t\t\t\t<\/div>\n\t\t\t\t\t\t\t\t\t\t\t\t<\/div>\n\t\t<\/div>\n\t\t\t\t<\/div>\n\t\t\t\t<\/div>\n\t\t\t\t\t<\/div>\n\t\t<\/div>\n\t\t\t\t\t\t\t<\/div>\n\t\t<\/section>\n\t\t\t\t\t\t\t<\/div>\n\t\t","protected":false},"excerpt":{"rendered":"<p>Nous avons eu le grand plaisir d\u2019accueillir la communaut\u00e9 acad\u00e9mique francophone en comptabilit\u00e9, audit et contr\u00f4le \u00e0 Saint-Malo<\/p>\n","protected":false},"author":11,"featured_media":494752,"comment_status":"closed","ping_status":"closed","sticky":true,"template":"","format":"standard","meta":{"footnotes":""},"categories":[66],"tags":[],"yoast_head":"<!-- This site is optimized with the Yoast SEO plugin v21.1 - https:\/\/yoast.com\/wordpress\/plugins\/seo\/ -->\n<title>Retour sur le 46e Congr\u00e8s de l\u2019Association Francophone de Comptabilit\u00e9 (AFC) - IGR IAE Rennes<\/title>\n<meta name=\"robots\" content=\"index, follow, max-snippet:-1, max-image-preview:large, max-video-preview:-1\" \/>\n<link rel=\"canonical\" href=\"https:\/\/www.igr.univ-rennes.fr\/fr\/retour-sur-le-46e-congres-de-lassociation-francophone-de-comptabilite-afc\/\" \/>\n<meta property=\"og:locale\" content=\"fr_FR\" \/>\n<meta property=\"og:type\" content=\"article\" \/>\n<meta property=\"og:title\" content=\"Retour sur le 46e Congr\u00e8s de l\u2019Association Francophone de Comptabilit\u00e9 (AFC) - IGR IAE Rennes\" \/>\n<meta property=\"og:description\" content=\"Nous avons eu le grand plaisir d\u2019accueillir la communaut\u00e9 acad\u00e9mique francophone en comptabilit\u00e9, audit et contr\u00f4le \u00e0 Saint-Malo\" \/>\n<meta property=\"og:url\" content=\"https:\/\/www.igr.univ-rennes.fr\/fr\/retour-sur-le-46e-congres-de-lassociation-francophone-de-comptabilite-afc\/\" \/>\n<meta property=\"og:site_name\" content=\"IGR IAE Rennes\" \/>\n<meta property=\"article:published_time\" content=\"2025-05-19T07:53:25+00:00\" \/>\n<meta property=\"article:modified_time\" content=\"2025-05-19T08:21:01+00:00\" \/>\n<meta property=\"og:image\" content=\"https:\/\/www.igr.univ-rennes.fr\/wp-content\/uploads\/2025\/05\/visuel-congres-AFC-mai2025-retour.jpg\" \/>\n\t<meta property=\"og:image:width\" content=\"1920\" \/>\n\t<meta property=\"og:image:height\" content=\"1080\" \/>\n\t<meta property=\"og:image:type\" content=\"image\/jpeg\" \/>\n<meta name=\"author\" content=\"Marie-Annick Robin\" \/>\n<meta name=\"twitter:card\" content=\"summary_large_image\" \/>\n<meta name=\"twitter:label1\" content=\"\u00c9crit par\" \/>\n\t<meta name=\"twitter:data1\" content=\"Marie-Annick Robin\" \/>\n\t<meta name=\"twitter:label2\" content=\"Dur\u00e9e de lecture estim\u00e9e\" \/>\n\t<meta name=\"twitter:data2\" content=\"2 minutes\" \/>\n<script type=\"application\/ld+json\" class=\"yoast-schema-graph\">{\"@context\":\"https:\/\/schema.org\",\"@graph\":[{\"@type\":\"Article\",\"@id\":\"https:\/\/www.igr.univ-rennes.fr\/fr\/retour-sur-le-46e-congres-de-lassociation-francophone-de-comptabilite-afc\/#article\",\"isPartOf\":{\"@id\":\"https:\/\/www.igr.univ-rennes.fr\/fr\/retour-sur-le-46e-congres-de-lassociation-francophone-de-comptabilite-afc\/\"},\"author\":{\"name\":\"Marie-Annick Robin\",\"@id\":\"https:\/\/www.igr.univ-rennes.fr\/fr\/#\/schema\/person\/5f1ef906f2986c0eaa338b7258c4082b\"},\"headline\":\"Retour sur le 46e Congr\u00e8s de l\u2019Association Francophone de Comptabilit\u00e9 (AFC)\",\"datePublished\":\"2025-05-19T07:53:25+00:00\",\"dateModified\":\"2025-05-19T08:21:01+00:00\",\"mainEntityOfPage\":{\"@id\":\"https:\/\/www.igr.univ-rennes.fr\/fr\/retour-sur-le-46e-congres-de-lassociation-francophone-de-comptabilite-afc\/\"},\"wordCount\":303,\"publisher\":{\"@id\":\"https:\/\/www.igr.univ-rennes.fr\/fr\/#organization\"},\"articleSection\":[\"Recherche\"],\"inLanguage\":\"fr-FR\"},{\"@type\":\"WebPage\",\"@id\":\"https:\/\/www.igr.univ-rennes.fr\/fr\/retour-sur-le-46e-congres-de-lassociation-francophone-de-comptabilite-afc\/\",\"url\":\"https:\/\/www.igr.univ-rennes.fr\/fr\/retour-sur-le-46e-congres-de-lassociation-francophone-de-comptabilite-afc\/\",\"name\":\"Retour sur le 46e Congr\u00e8s de l\u2019Association Francophone de Comptabilit\u00e9 (AFC) - IGR IAE Rennes\",\"isPartOf\":{\"@id\":\"https:\/\/www.igr.univ-rennes.fr\/fr\/#website\"},\"datePublished\":\"2025-05-19T07:53:25+00:00\",\"dateModified\":\"2025-05-19T08:21:01+00:00\",\"breadcrumb\":{\"@id\":\"https:\/\/www.igr.univ-rennes.fr\/fr\/retour-sur-le-46e-congres-de-lassociation-francophone-de-comptabilite-afc\/#breadcrumb\"},\"inLanguage\":\"fr-FR\",\"potentialAction\":[{\"@type\":\"ReadAction\",\"target\":[\"https:\/\/www.igr.univ-rennes.fr\/fr\/retour-sur-le-46e-congres-de-lassociation-francophone-de-comptabilite-afc\/\"]}]},{\"@type\":\"BreadcrumbList\",\"@id\":\"https:\/\/www.igr.univ-rennes.fr\/fr\/retour-sur-le-46e-congres-de-lassociation-francophone-de-comptabilite-afc\/#breadcrumb\",\"itemListElement\":[{\"@type\":\"ListItem\",\"position\":1,\"name\":\"Accueil\",\"item\":\"https:\/\/www.igr.univ-rennes.fr\/fr\/\"},{\"@type\":\"ListItem\",\"position\":2,\"name\":\"Retour sur le 46e Congr\u00e8s de l\u2019Association Francophone de Comptabilit\u00e9 (AFC)\"}]},{\"@type\":\"WebSite\",\"@id\":\"https:\/\/www.igr.univ-rennes.fr\/fr\/#website\",\"url\":\"https:\/\/www.igr.univ-rennes.fr\/fr\/\",\"name\":\"IGR IAE Rennes\",\"description\":\"\",\"publisher\":{\"@id\":\"https:\/\/www.igr.univ-rennes.fr\/fr\/#organization\"},\"potentialAction\":[{\"@type\":\"SearchAction\",\"target\":{\"@type\":\"EntryPoint\",\"urlTemplate\":\"https:\/\/www.igr.univ-rennes.fr\/fr\/?s={search_term_string}\"},\"query-input\":\"required name=search_term_string\"}],\"inLanguage\":\"fr-FR\"},{\"@type\":\"Organization\",\"@id\":\"https:\/\/www.igr.univ-rennes.fr\/fr\/#organization\",\"name\":\"IGR IAE Rennes\",\"url\":\"https:\/\/www.igr.univ-rennes.fr\/fr\/\",\"logo\":{\"@type\":\"ImageObject\",\"inLanguage\":\"fr-FR\",\"@id\":\"https:\/\/www.igr.univ-rennes.fr\/fr\/#\/schema\/logo\/image\/\",\"url\":\"https:\/\/www.igr.univ-rennes.fr\/wp-content\/uploads\/2020\/06\/Logo-IGR-IAE-Rennes_Blanc-300dpi-RVB-e1597327228224.png\",\"contentUrl\":\"https:\/\/www.igr.univ-rennes.fr\/wp-content\/uploads\/2020\/06\/Logo-IGR-IAE-Rennes_Blanc-300dpi-RVB-e1597327228224.png\",\"width\":290,\"height\":107,\"caption\":\"IGR IAE Rennes\"},\"image\":{\"@id\":\"https:\/\/www.igr.univ-rennes.fr\/fr\/#\/schema\/logo\/image\/\"}},{\"@type\":\"Person\",\"@id\":\"https:\/\/www.igr.univ-rennes.fr\/fr\/#\/schema\/person\/5f1ef906f2986c0eaa338b7258c4082b\",\"name\":\"Marie-Annick Robin\",\"image\":{\"@type\":\"ImageObject\",\"inLanguage\":\"fr-FR\",\"@id\":\"https:\/\/www.igr.univ-rennes.fr\/fr\/#\/schema\/person\/image\/\",\"url\":\"https:\/\/secure.gravatar.com\/avatar\/2be340e59f359ca7aa475c1693137388?s=96&d=mm&r=g\",\"contentUrl\":\"https:\/\/secure.gravatar.com\/avatar\/2be340e59f359ca7aa475c1693137388?s=96&d=mm&r=g\",\"caption\":\"Marie-Annick Robin\"}}]}<\/script>\n<!-- \/ Yoast SEO plugin. -->","yoast_head_json":{"title":"Retour sur le 46e Congr\u00e8s de l\u2019Association Francophone de Comptabilit\u00e9 (AFC) - IGR IAE Rennes","robots":{"index":"index","follow":"follow","max-snippet":"max-snippet:-1","max-image-preview":"max-image-preview:large","max-video-preview":"max-video-preview:-1"},"canonical":"https:\/\/www.igr.univ-rennes.fr\/fr\/retour-sur-le-46e-congres-de-lassociation-francophone-de-comptabilite-afc\/","og_locale":"fr_FR","og_type":"article","og_title":"Retour sur le 46e Congr\u00e8s de l\u2019Association Francophone de Comptabilit\u00e9 (AFC) - IGR IAE Rennes","og_description":"Nous avons eu le grand plaisir d\u2019accueillir la communaut\u00e9 acad\u00e9mique francophone en comptabilit\u00e9, audit et contr\u00f4le \u00e0 Saint-Malo","og_url":"https:\/\/www.igr.univ-rennes.fr\/fr\/retour-sur-le-46e-congres-de-lassociation-francophone-de-comptabilite-afc\/","og_site_name":"IGR IAE Rennes","article_published_time":"2025-05-19T07:53:25+00:00","article_modified_time":"2025-05-19T08:21:01+00:00","og_image":[{"width":1920,"height":1080,"url":"https:\/\/www.igr.univ-rennes.fr\/wp-content\/uploads\/2025\/05\/visuel-congres-AFC-mai2025-retour.jpg","type":"image\/jpeg"}],"author":"Marie-Annick Robin","twitter_card":"summary_large_image","twitter_misc":{"\u00c9crit par":"Marie-Annick Robin","Dur\u00e9e de lecture estim\u00e9e":"2 minutes"},"schema":{"@context":"https:\/\/schema.org","@graph":[{"@type":"Article","@id":"https:\/\/www.igr.univ-rennes.fr\/fr\/retour-sur-le-46e-congres-de-lassociation-francophone-de-comptabilite-afc\/#article","isPartOf":{"@id":"https:\/\/www.igr.univ-rennes.fr\/fr\/retour-sur-le-46e-congres-de-lassociation-francophone-de-comptabilite-afc\/"},"author":{"name":"Marie-Annick Robin","@id":"https:\/\/www.igr.univ-rennes.fr\/fr\/#\/schema\/person\/5f1ef906f2986c0eaa338b7258c4082b"},"headline":"Retour sur le 46e Congr\u00e8s de l\u2019Association Francophone de Comptabilit\u00e9 (AFC)","datePublished":"2025-05-19T07:53:25+00:00","dateModified":"2025-05-19T08:21:01+00:00","mainEntityOfPage":{"@id":"https:\/\/www.igr.univ-rennes.fr\/fr\/retour-sur-le-46e-congres-de-lassociation-francophone-de-comptabilite-afc\/"},"wordCount":303,"publisher":{"@id":"https:\/\/www.igr.univ-rennes.fr\/fr\/#organization"},"articleSection":["Recherche"],"inLanguage":"fr-FR"},{"@type":"WebPage","@id":"https:\/\/www.igr.univ-rennes.fr\/fr\/retour-sur-le-46e-congres-de-lassociation-francophone-de-comptabilite-afc\/","url":"https:\/\/www.igr.univ-rennes.fr\/fr\/retour-sur-le-46e-congres-de-lassociation-francophone-de-comptabilite-afc\/","name":"Retour sur le 46e Congr\u00e8s de l\u2019Association Francophone de Comptabilit\u00e9 (AFC) - IGR IAE Rennes","isPartOf":{"@id":"https:\/\/www.igr.univ-rennes.fr\/fr\/#website"},"datePublished":"2025-05-19T07:53:25+00:00","dateModified":"2025-05-19T08:21:01+00:00","breadcrumb":{"@id":"https:\/\/www.igr.univ-rennes.fr\/fr\/retour-sur-le-46e-congres-de-lassociation-francophone-de-comptabilite-afc\/#breadcrumb"},"inLanguage":"fr-FR","potentialAction":[{"@type":"ReadAction","target":["https:\/\/www.igr.univ-rennes.fr\/fr\/retour-sur-le-46e-congres-de-lassociation-francophone-de-comptabilite-afc\/"]}]},{"@type":"BreadcrumbList","@id":"https:\/\/www.igr.univ-rennes.fr\/fr\/retour-sur-le-46e-congres-de-lassociation-francophone-de-comptabilite-afc\/#breadcrumb","itemListElement":[{"@type":"ListItem","position":1,"name":"Accueil","item":"https:\/\/www.igr.univ-rennes.fr\/fr\/"},{"@type":"ListItem","position":2,"name":"Retour sur le 46e Congr\u00e8s de l\u2019Association Francophone de Comptabilit\u00e9 (AFC)"}]},{"@type":"WebSite","@id":"https:\/\/www.igr.univ-rennes.fr\/fr\/#website","url":"https:\/\/www.igr.univ-rennes.fr\/fr\/","name":"IGR IAE Rennes","description":"","publisher":{"@id":"https:\/\/www.igr.univ-rennes.fr\/fr\/#organization"},"potentialAction":[{"@type":"SearchAction","target":{"@type":"EntryPoint","urlTemplate":"https:\/\/www.igr.univ-rennes.fr\/fr\/?s={search_term_string}"},"query-input":"required name=search_term_string"}],"inLanguage":"fr-FR"},{"@type":"Organization","@id":"https:\/\/www.igr.univ-rennes.fr\/fr\/#organization","name":"IGR IAE Rennes","url":"https:\/\/www.igr.univ-rennes.fr\/fr\/","logo":{"@type":"ImageObject","inLanguage":"fr-FR","@id":"https:\/\/www.igr.univ-rennes.fr\/fr\/#\/schema\/logo\/image\/","url":"https:\/\/www.igr.univ-rennes.fr\/wp-content\/uploads\/2020\/06\/Logo-IGR-IAE-Rennes_Blanc-300dpi-RVB-e1597327228224.png","contentUrl":"https:\/\/www.igr.univ-rennes.fr\/wp-content\/uploads\/2020\/06\/Logo-IGR-IAE-Rennes_Blanc-300dpi-RVB-e1597327228224.png","width":290,"height":107,"caption":"IGR IAE Rennes"},"image":{"@id":"https:\/\/www.igr.univ-rennes.fr\/fr\/#\/schema\/logo\/image\/"}},{"@type":"Person","@id":"https:\/\/www.igr.univ-rennes.fr\/fr\/#\/schema\/person\/5f1ef906f2986c0eaa338b7258c4082b","name":"Marie-Annick Robin","image":{"@type":"ImageObject","inLanguage":"fr-FR","@id":"https:\/\/www.igr.univ-rennes.fr\/fr\/#\/schema\/person\/image\/","url":"https:\/\/secure.gravatar.com\/avatar\/2be340e59f359ca7aa475c1693137388?s=96&d=mm&r=g","contentUrl":"https:\/\/secure.gravatar.com\/avatar\/2be340e59f359ca7aa475c1693137388?s=96&d=mm&r=g","caption":"Marie-Annick Robin"}}]}},"_links":{"self":[{"href":"https:\/\/www.igr.univ-rennes.fr\/fr\/wp-json\/wp\/v2\/posts\/494688"}],"collection":[{"href":"https:\/\/www.igr.univ-rennes.fr\/fr\/wp-json\/wp\/v2\/posts"}],"about":[{"href":"https:\/\/www.igr.univ-rennes.fr\/fr\/wp-json\/wp\/v2\/types\/post"}],"author":[{"embeddable":true,"href":"https:\/\/www.igr.univ-rennes.fr\/fr\/wp-json\/wp\/v2\/users\/11"}],"replies":[{"embeddable":true,"href":"https:\/\/www.igr.univ-rennes.fr\/fr\/wp-json\/wp\/v2\/comments?post=494688"}],"version-history":[{"count":62,"href":"https:\/\/www.igr.univ-rennes.fr\/fr\/wp-json\/wp\/v2\/posts\/494688\/revisions"}],"predecessor-version":[{"id":494759,"href":"https:\/\/www.igr.univ-rennes.fr\/fr\/wp-json\/wp\/v2\/posts\/494688\/revisions\/494759"}],"wp:featuredmedia":[{"embeddable":true,"href":"https:\/\/www.igr.univ-rennes.fr\/fr\/wp-json\/wp\/v2\/media\/494752"}],"wp:attachment":[{"href":"https:\/\/www.igr.univ-rennes.fr\/fr\/wp-json\/wp\/v2\/media?parent=494688"}],"wp:term":[{"taxonomy":"category","embeddable":true,"href":"https:\/\/www.igr.univ-rennes.fr\/fr\/wp-json\/wp\/v2\/categories?post=494688"},{"taxonomy":"post_tag","embeddable":true,"href":"https:\/\/www.igr.univ-rennes.fr\/fr\/wp-json\/wp\/v2\/tags?post=494688"}],"curies":[{"name":"wp","href":"https:\/\/api.w.org\/{rel}","templated":true}]}}