{"id":482837,"date":"2025-03-27T15:17:51","date_gmt":"2025-03-27T14:17:51","guid":{"rendered":"https:\/\/www.igr.univ-rennes.fr\/?p=482837"},"modified":"2025-03-27T16:47:57","modified_gmt":"2025-03-27T15:47:57","slug":"un-partenariat-renforce-entre-la-crcc-ouest-atlantique-et-ligr-iae-rennes","status":"publish","type":"post","link":"https:\/\/www.igr.univ-rennes.fr\/fr\/un-partenariat-renforce-entre-la-crcc-ouest-atlantique-et-ligr-iae-rennes\/","title":{"rendered":"Un partenariat renforc\u00e9 entre la CRCC Ouest-Atlantique et l&rsquo;IGR-IAE Rennes"},"content":{"rendered":"\t\t<div data-elementor-type=\"wp-post\" data-elementor-id=\"482837\" class=\"elementor elementor-482837\" data-elementor-post-type=\"post\">\n\t\t\t\t\t\t<section class=\"elementor-section elementor-top-section elementor-element elementor-element-6fe1d83 elementor-section-boxed elementor-section-height-default elementor-section-height-default\" data-id=\"6fe1d83\" data-element_type=\"section\" data-e-type=\"section\">\n\t\t\t\t\t\t<div class=\"elementor-container elementor-column-gap-default\">\n\t\t\t\t\t<div class=\"elementor-column elementor-col-100 elementor-top-column elementor-element elementor-element-4d529dd\" data-id=\"4d529dd\" data-element_type=\"column\" data-e-type=\"column\">\n\t\t\t<div class=\"elementor-widget-wrap elementor-element-populated\">\n\t\t\t\t\t\t<div class=\"elementor-element elementor-element-a0c81b6 elementor-widget elementor-widget-text-editor\" data-id=\"a0c81b6\" data-element_type=\"widget\" data-e-type=\"widget\" data-widget_type=\"text-editor.default\">\n\t\t\t\t<div class=\"elementor-widget-container\">\n\t\t\t\t\t\t\t\t\t<p>La <a href=\"https:\/\/www.crcc-ouestatlantique.fr\/\" target=\"_blank\" rel=\"noopener\">CRCC Ouest-Atlantique<\/a> et l\u2019IGR-IAE Rennes ont officialis\u00e9 un partenariat strat\u00e9gique le mercredi 26 mars 2025.<\/p><h4>La CRCC Ouest-Atlantique \u00e9tait repr\u00e9sent\u00e9e par<\/h4><ul><li><strong>Guillaume Ronco<\/strong>, Pr\u00e9sident<\/li><li><strong>Emmanuelle Schier-Desre<\/strong>, vice-pr\u00e9sidente en charge de l&rsquo;attractivit\u00e9 de la profession et des stagiaires CAFCAC<\/li><\/ul><p>Etaient \u00e9galement pr\u00e9sentes :<\/p><ul><li><strong>Magalie Bibard<\/strong>, Secr\u00e9taire G\u00e9n\u00e9rale<\/li><li><strong> Auriane Cl\u00e9rambault<\/strong>, assistante communication et \u00e9v\u00e9nementiel de la CRCC Ouest-Atlantique<\/li><\/ul><h4>L&rsquo;IGR-IAE Rennes \u00e9tait repr\u00e9sent\u00e9 par<\/h4><ul><li><strong>H\u00e9l\u00e8ne Rainelli Weiss<\/strong>, directrice g\u00e9n\u00e9rale<\/li><li><strong>Lionel Touchais<\/strong>, directeur adjoint<\/li><li><strong>Christophe Herriau<\/strong>, responsable p\u00e9dagogique du Dipl\u00f4me d\u2019Universit\u00e9 Audit Financier et Audit de Durabilit\u00e9 Formation continue et du Master Comptabilit\u00e9-Contr\u00f4le-Audit Formation initiale<\/li><li><strong>Laurent Le Hen<\/strong>, responsable p\u00e9dagogique du Master Comptabilit\u00e9-Contr\u00f4le-Audit Formation initiale et Alternance<\/li><\/ul><p>Etait \u00e9galement pr\u00e9sent :<\/p><ul><li><strong>Gw\u00e9n\u00e9gan Bourhis<\/strong>, responsable du Po\u0302le Entreprises, Relations Partenariales et Qualit\u00e9<\/li><\/ul><p>La CRCC Ouest-Atlantique souhaite ainsi cr\u00e9er des passerelles concr\u00e8tes entre l\u2019enseignement sup\u00e9rieur et la profession de commissaire aux comptes, afin d\u2019accompagner les \u00e9tudiants vers des carri\u00e8res d\u2019avenir.<\/p><h4>Ce partenariat repose sur cinq piliers<\/h4><ul><li>Valorisation du parcours CCA<\/li><li>Promotion des formations de l&rsquo;\u00c9cole Fran\u00e7aise de Formation \u00e0 l&rsquo;Audit (EFFA)<\/li><li>Insertion professionnelle facilit\u00e9e<\/li><li>Renforcement des liens avec les acteurs de l\u2019audit<\/li><li>Acc\u00e8s aux outils de la CNCC pour les \u00e9tudiants stagiaires<\/li><\/ul><h4>Trois initiatives majeures sont pr\u00e9vues en 2025<\/h4><p>\u2705 Forum de l\u2019Audit de Rennes : une 2e \u00e9dition pour rapprocher \u00e9tudiants et professionnels.<br \/>\u2705 Lancement du DU Audit Financier et Audit Durabilit\u00e9 : un dipl\u00f4me innovant pour r\u00e9pondre aux nouveaux enjeux du m\u00e9tier (durabilit\u00e9, cyber-risques\u2026).<br \/>\u2705 Rapprochement avec les chaires universitaires : pour enrichir la recherche et les pratiques en audit.assistante<\/p>\t\t\t\t\t\t\t\t<\/div>\n\t\t\t\t<\/div>\n\t\t\t\t\t<\/div>\n\t\t<\/div>\n\t\t\t\t\t<\/div>\n\t\t<\/section>\n\t\t\t\t<section class=\"elementor-section elementor-top-section elementor-element elementor-element-4629172 elementor-section-boxed elementor-section-height-default elementor-section-height-default\" data-id=\"4629172\" data-element_type=\"section\" data-e-type=\"section\">\n\t\t\t\t\t\t<div class=\"elementor-container elementor-column-gap-default\">\n\t\t\t\t\t<div class=\"elementor-column elementor-col-100 elementor-top-column elementor-element elementor-element-d241b6d\" data-id=\"d241b6d\" data-element_type=\"column\" data-e-type=\"column\">\n\t\t\t<div class=\"elementor-widget-wrap elementor-element-populated\">\n\t\t\t\t\t\t<div class=\"elementor-element elementor-element-5d0abb2 elementor--h-position-center elementor--v-position-middle elementor-arrows-position-inside elementor-pagination-position-inside elementor-widget elementor-widget-slides\" data-id=\"5d0abb2\" data-element_type=\"widget\" data-e-type=\"widget\" data-settings=\"{&quot;navigation&quot;:&quot;both&quot;,&quot;autoplay&quot;:&quot;yes&quot;,&quot;pause_on_hover&quot;:&quot;yes&quot;,&quot;pause_on_interaction&quot;:&quot;yes&quot;,&quot;autoplay_speed&quot;:5000,&quot;infinite&quot;:&quot;yes&quot;,&quot;transition&quot;:&quot;slide&quot;,&quot;transition_speed&quot;:500}\" data-widget_type=\"slides.default\">\n\t\t\t\t<div class=\"elementor-widget-container\">\n\t\t\t\t\t\t\t\t\t<div class=\"elementor-swiper\">\n\t\t\t\t\t<div class=\"elementor-slides-wrapper elementor-main-swiper swiper\" role=\"region\" aria-roledescription=\"carousel\" aria-label=\"Diapositives\" dir=\"ltr\" data-animation=\"fadeInUp\">\n\t\t\t\t<div class=\"swiper-wrapper elementor-slides\">\n\t\t\t\t\t\t\t\t\t\t<div class=\"elementor-repeater-item-35a890e swiper-slide\" role=\"group\" aria-roledescription=\"slide\"><div class=\"swiper-slide-bg\" role=\"img\" aria-label=\"Partenariat CRCC Ouest Atlantique \/ IGR-IAE Rennes\"><\/div><div class=\"swiper-slide-inner\" ><div class=\"swiper-slide-contents\"><\/div><\/div><\/div><div class=\"elementor-repeater-item-184848e swiper-slide\" role=\"group\" aria-roledescription=\"slide\"><div class=\"swiper-slide-bg\" role=\"img\" aria-label=\"Partenariat CRCC Ouest Atlantique \/ IGR-IAE Rennes\"><\/div><div class=\"swiper-slide-inner\" ><div class=\"swiper-slide-contents\"><\/div><\/div><\/div><div class=\"elementor-repeater-item-9f82836 swiper-slide\" role=\"group\" aria-roledescription=\"slide\"><div class=\"swiper-slide-bg\" role=\"img\" aria-label=\"Partenariat CRCC Ouest Atlantique \/ IGR-IAE Rennes\"><\/div><div class=\"swiper-slide-inner\" ><div class=\"swiper-slide-contents\"><\/div><\/div><\/div><div class=\"elementor-repeater-item-03b7427 swiper-slide\" role=\"group\" aria-roledescription=\"slide\"><div class=\"swiper-slide-bg\" role=\"img\" aria-label=\"Partenariat CRCC Ouest Atlantique \/ IGR-IAE Rennes\"><\/div><div class=\"swiper-slide-inner\" ><div class=\"swiper-slide-contents\"><\/div><\/div><\/div><div class=\"elementor-repeater-item-7fd8b0b swiper-slide\" role=\"group\" aria-roledescription=\"slide\"><div class=\"swiper-slide-bg\" role=\"img\" aria-label=\"Partenariat CRCC Ouest Atlantique \/ IGR-IAE Rennes\"><\/div><div class=\"swiper-slide-inner\" ><div class=\"swiper-slide-contents\"><\/div><\/div><\/div><div class=\"elementor-repeater-item-c31d572 swiper-slide\" role=\"group\" aria-roledescription=\"slide\"><div class=\"swiper-slide-bg\" role=\"img\" aria-label=\"Partenariat CRCC Ouest Atlantique \/ IGR-IAE Rennes\"><\/div><div class=\"swiper-slide-inner\" ><div class=\"swiper-slide-contents\"><\/div><\/div><\/div><div class=\"elementor-repeater-item-c82b099 swiper-slide\" role=\"group\" aria-roledescription=\"slide\"><div class=\"swiper-slide-bg\" role=\"img\" aria-label=\"Partenariat CRCC Ouest Atlantique \/ IGR-IAE Rennes\"><\/div><div class=\"swiper-slide-inner\" ><div class=\"swiper-slide-contents\"><\/div><\/div><\/div><div class=\"elementor-repeater-item-bca90c6 swiper-slide\" role=\"group\" aria-roledescription=\"slide\"><div class=\"swiper-slide-bg\" role=\"img\" aria-label=\"Partenariat CRCC Ouest Atlantique \/ IGR-IAE Rennes\"><\/div><div class=\"swiper-slide-inner\" ><div class=\"swiper-slide-contents\"><\/div><\/div><\/div><div class=\"elementor-repeater-item-c5eda44 swiper-slide\" role=\"group\" aria-roledescription=\"slide\"><div class=\"swiper-slide-bg\" role=\"img\" aria-label=\"Partenariat CRCC Ouest Atlantique \/ IGR-IAE Rennes\"><\/div><div class=\"swiper-slide-inner\" ><div class=\"swiper-slide-contents\"><\/div><\/div><\/div><div class=\"elementor-repeater-item-d2be417 swiper-slide\" role=\"group\" aria-roledescription=\"slide\"><div class=\"swiper-slide-bg\" role=\"img\" aria-label=\"Partenariat CRCC Ouest Atlantique \/ IGR-IAE Rennes\"><\/div><div class=\"swiper-slide-inner\" ><div class=\"swiper-slide-contents\"><\/div><\/div><\/div><div class=\"elementor-repeater-item-cf29f4c swiper-slide\" role=\"group\" aria-roledescription=\"slide\"><div class=\"swiper-slide-bg\" role=\"img\" aria-label=\"Partenariat CRCC Ouest Atlantique \/ IGR-IAE Rennes\"><\/div><div class=\"swiper-slide-inner\" ><div class=\"swiper-slide-contents\"><\/div><\/div><\/div>\t\t\t\t<\/div>\n\t\t\t\t\t\t\t\t\t\t\t\t\t\t\t<div class=\"elementor-swiper-button elementor-swiper-button-prev\" role=\"button\" tabindex=\"0\" aria-label=\"Diapositive pr\u00e9c\u00e9dente\">\n\t\t\t\t\t\t\t<i aria-hidden=\"true\" class=\"eicon-chevron-left\"><\/i>\t\t\t\t\t\t<\/div>\n\t\t\t\t\t\t<div class=\"elementor-swiper-button elementor-swiper-button-next\" role=\"button\" tabindex=\"0\" aria-label=\"Diapositive suivante\">\n\t\t\t\t\t\t\t<i aria-hidden=\"true\" class=\"eicon-chevron-right\"><\/i>\t\t\t\t\t\t<\/div>\n\t\t\t\t\t\t\t\t\t\t\t\t\t\t\t\t<div class=\"swiper-pagination\"><\/div>\n\t\t\t\t\t\t\t\t\t\t\t\t<\/div>\n\t\t\t\t<\/div>\n\t\t\t\t\t\t\t\t<\/div>\n\t\t\t\t<\/div>\n\t\t\t\t\t<\/div>\n\t\t<\/div>\n\t\t\t\t\t<\/div>\n\t\t<\/section>\n\t\t\t\t<\/div>\n\t\t","protected":false},"excerpt":{"rendered":"<p>La CRCC Ouest-Atlantique et l\u2019IGR-IAE Rennes ont officialis\u00e9 un partenariat strat\u00e9gique le mercredi 26 mars 2025<\/p>\n","protected":false},"author":11,"featured_media":482854,"comment_status":"closed","ping_status":"closed","sticky":true,"template":"","format":"standard","meta":{"_acf_changed":false,"footnotes":""},"categories":[67],"tags":[],"class_list":["post-482837","post","type-post","status-publish","format-standard","has-post-thumbnail","hentry","category-entreprise"],"acf":[],"yoast_head":"<!-- This site is optimized with the Yoast SEO plugin v27.5 - https:\/\/yoast.com\/product\/yoast-seo-wordpress\/ -->\n<title>Un partenariat renforc\u00e9 entre la CRCC Ouest-Atlantique et l&rsquo;IGR-IAE Rennes - IGR IAE Rennes<\/title>\n<meta name=\"robots\" content=\"index, follow, max-snippet:-1, max-image-preview:large, max-video-preview:-1\" \/>\n<link rel=\"canonical\" href=\"https:\/\/www.igr.univ-rennes.fr\/fr\/un-partenariat-renforce-entre-la-crcc-ouest-atlantique-et-ligr-iae-rennes\/\" \/>\n<meta property=\"og:locale\" content=\"fr_FR\" \/>\n<meta property=\"og:type\" content=\"article\" \/>\n<meta property=\"og:title\" content=\"Un partenariat renforc\u00e9 entre la CRCC Ouest-Atlantique et l&rsquo;IGR-IAE Rennes - IGR IAE Rennes\" \/>\n<meta property=\"og:description\" content=\"La CRCC Ouest-Atlantique et l\u2019IGR-IAE Rennes ont officialis\u00e9 un partenariat strat\u00e9gique le mercredi 26 mars 2025\" \/>\n<meta property=\"og:url\" content=\"https:\/\/www.igr.univ-rennes.fr\/fr\/un-partenariat-renforce-entre-la-crcc-ouest-atlantique-et-ligr-iae-rennes\/\" \/>\n<meta property=\"og:site_name\" content=\"IGR IAE Rennes\" \/>\n<meta property=\"article:published_time\" content=\"2025-03-27T14:17:51+00:00\" \/>\n<meta property=\"article:modified_time\" content=\"2025-03-27T15:47:57+00:00\" \/>\n<meta property=\"og:image\" content=\"https:\/\/www.igr.univ-rennes.fr\/wp-content\/uploads\/2025\/03\/partenariat-CRCC-26mars2025.jpg\" \/>\n\t<meta property=\"og:image:width\" content=\"2400\" \/>\n\t<meta property=\"og:image:height\" content=\"1260\" \/>\n\t<meta property=\"og:image:type\" content=\"image\/jpeg\" \/>\n<meta name=\"author\" content=\"Marie-Annick Robin\" \/>\n<meta name=\"twitter:card\" content=\"summary_large_image\" \/>\n<meta name=\"twitter:label1\" content=\"\u00c9crit par\" \/>\n\t<meta name=\"twitter:data1\" content=\"Marie-Annick Robin\" \/>\n\t<meta name=\"twitter:label2\" content=\"Dur\u00e9e de lecture estim\u00e9e\" \/>\n\t<meta name=\"twitter:data2\" content=\"2 minutes\" \/>\n<script type=\"application\/ld+json\" class=\"yoast-schema-graph\">{\"@context\":\"https:\\\/\\\/schema.org\",\"@graph\":[{\"@type\":\"Article\",\"@id\":\"https:\\\/\\\/www.igr.univ-rennes.fr\\\/fr\\\/un-partenariat-renforce-entre-la-crcc-ouest-atlantique-et-ligr-iae-rennes\\\/#article\",\"isPartOf\":{\"@id\":\"https:\\\/\\\/www.igr.univ-rennes.fr\\\/fr\\\/un-partenariat-renforce-entre-la-crcc-ouest-atlantique-et-ligr-iae-rennes\\\/\"},\"author\":{\"name\":\"Marie-Annick Robin\",\"@id\":\"https:\\\/\\\/www.igr.univ-rennes.fr\\\/fr\\\/#\\\/schema\\\/person\\\/5f1ef906f2986c0eaa338b7258c4082b\"},\"headline\":\"Un partenariat renforc\u00e9 entre la CRCC Ouest-Atlantique et l&rsquo;IGR-IAE Rennes\",\"datePublished\":\"2025-03-27T14:17:51+00:00\",\"dateModified\":\"2025-03-27T15:47:57+00:00\",\"mainEntityOfPage\":{\"@id\":\"https:\\\/\\\/www.igr.univ-rennes.fr\\\/fr\\\/un-partenariat-renforce-entre-la-crcc-ouest-atlantique-et-ligr-iae-rennes\\\/\"},\"wordCount\":301,\"publisher\":{\"@id\":\"https:\\\/\\\/www.igr.univ-rennes.fr\\\/fr\\\/#organization\"},\"image\":{\"@id\":\"https:\\\/\\\/www.igr.univ-rennes.fr\\\/fr\\\/un-partenariat-renforce-entre-la-crcc-ouest-atlantique-et-ligr-iae-rennes\\\/#primaryimage\"},\"thumbnailUrl\":\"https:\\\/\\\/www.igr.univ-rennes.fr\\\/wp-content\\\/uploads\\\/2025\\\/03\\\/partenariat-CRCC-26mars2025.jpg\",\"articleSection\":[\"Entreprise\"],\"inLanguage\":\"fr-FR\"},{\"@type\":\"WebPage\",\"@id\":\"https:\\\/\\\/www.igr.univ-rennes.fr\\\/fr\\\/un-partenariat-renforce-entre-la-crcc-ouest-atlantique-et-ligr-iae-rennes\\\/\",\"url\":\"https:\\\/\\\/www.igr.univ-rennes.fr\\\/fr\\\/un-partenariat-renforce-entre-la-crcc-ouest-atlantique-et-ligr-iae-rennes\\\/\",\"name\":\"Un partenariat renforc\u00e9 entre la CRCC Ouest-Atlantique et l&rsquo;IGR-IAE Rennes - IGR IAE Rennes\",\"isPartOf\":{\"@id\":\"https:\\\/\\\/www.igr.univ-rennes.fr\\\/fr\\\/#website\"},\"primaryImageOfPage\":{\"@id\":\"https:\\\/\\\/www.igr.univ-rennes.fr\\\/fr\\\/un-partenariat-renforce-entre-la-crcc-ouest-atlantique-et-ligr-iae-rennes\\\/#primaryimage\"},\"image\":{\"@id\":\"https:\\\/\\\/www.igr.univ-rennes.fr\\\/fr\\\/un-partenariat-renforce-entre-la-crcc-ouest-atlantique-et-ligr-iae-rennes\\\/#primaryimage\"},\"thumbnailUrl\":\"https:\\\/\\\/www.igr.univ-rennes.fr\\\/wp-content\\\/uploads\\\/2025\\\/03\\\/partenariat-CRCC-26mars2025.jpg\",\"datePublished\":\"2025-03-27T14:17:51+00:00\",\"dateModified\":\"2025-03-27T15:47:57+00:00\",\"breadcrumb\":{\"@id\":\"https:\\\/\\\/www.igr.univ-rennes.fr\\\/fr\\\/un-partenariat-renforce-entre-la-crcc-ouest-atlantique-et-ligr-iae-rennes\\\/#breadcrumb\"},\"inLanguage\":\"fr-FR\",\"potentialAction\":[{\"@type\":\"ReadAction\",\"target\":[\"https:\\\/\\\/www.igr.univ-rennes.fr\\\/fr\\\/un-partenariat-renforce-entre-la-crcc-ouest-atlantique-et-ligr-iae-rennes\\\/\"]}]},{\"@type\":\"ImageObject\",\"inLanguage\":\"fr-FR\",\"@id\":\"https:\\\/\\\/www.igr.univ-rennes.fr\\\/fr\\\/un-partenariat-renforce-entre-la-crcc-ouest-atlantique-et-ligr-iae-rennes\\\/#primaryimage\",\"url\":\"https:\\\/\\\/www.igr.univ-rennes.fr\\\/wp-content\\\/uploads\\\/2025\\\/03\\\/partenariat-CRCC-26mars2025.jpg\",\"contentUrl\":\"https:\\\/\\\/www.igr.univ-rennes.fr\\\/wp-content\\\/uploads\\\/2025\\\/03\\\/partenariat-CRCC-26mars2025.jpg\",\"width\":2400,\"height\":1260,\"caption\":\"partenariat-CRCC-26mars2025\"},{\"@type\":\"BreadcrumbList\",\"@id\":\"https:\\\/\\\/www.igr.univ-rennes.fr\\\/fr\\\/un-partenariat-renforce-entre-la-crcc-ouest-atlantique-et-ligr-iae-rennes\\\/#breadcrumb\",\"itemListElement\":[{\"@type\":\"ListItem\",\"position\":1,\"name\":\"Accueil\",\"item\":\"https:\\\/\\\/www.igr.univ-rennes.fr\\\/fr\\\/\"},{\"@type\":\"ListItem\",\"position\":2,\"name\":\"Un partenariat renforc\u00e9 entre la CRCC Ouest-Atlantique et l&rsquo;IGR-IAE Rennes\"}]},{\"@type\":\"WebSite\",\"@id\":\"https:\\\/\\\/www.igr.univ-rennes.fr\\\/fr\\\/#website\",\"url\":\"https:\\\/\\\/www.igr.univ-rennes.fr\\\/fr\\\/\",\"name\":\"IGR IAE Rennes\",\"description\":\"\",\"publisher\":{\"@id\":\"https:\\\/\\\/www.igr.univ-rennes.fr\\\/fr\\\/#organization\"},\"potentialAction\":[{\"@type\":\"SearchAction\",\"target\":{\"@type\":\"EntryPoint\",\"urlTemplate\":\"https:\\\/\\\/www.igr.univ-rennes.fr\\\/fr\\\/?s={search_term_string}\"},\"query-input\":{\"@type\":\"PropertyValueSpecification\",\"valueRequired\":true,\"valueName\":\"search_term_string\"}}],\"inLanguage\":\"fr-FR\"},{\"@type\":\"Organization\",\"@id\":\"https:\\\/\\\/www.igr.univ-rennes.fr\\\/fr\\\/#organization\",\"name\":\"IGR IAE Rennes\",\"url\":\"https:\\\/\\\/www.igr.univ-rennes.fr\\\/fr\\\/\",\"logo\":{\"@type\":\"ImageObject\",\"inLanguage\":\"fr-FR\",\"@id\":\"https:\\\/\\\/www.igr.univ-rennes.fr\\\/fr\\\/#\\\/schema\\\/logo\\\/image\\\/\",\"url\":\"https:\\\/\\\/www.igr.univ-rennes.fr\\\/wp-content\\\/uploads\\\/2020\\\/06\\\/Logo-IGR-IAE-Rennes_Blanc-300dpi-RVB-e1597327228224.png\",\"contentUrl\":\"https:\\\/\\\/www.igr.univ-rennes.fr\\\/wp-content\\\/uploads\\\/2020\\\/06\\\/Logo-IGR-IAE-Rennes_Blanc-300dpi-RVB-e1597327228224.png\",\"width\":290,\"height\":107,\"caption\":\"IGR IAE Rennes\"},\"image\":{\"@id\":\"https:\\\/\\\/www.igr.univ-rennes.fr\\\/fr\\\/#\\\/schema\\\/logo\\\/image\\\/\"}},{\"@type\":\"Person\",\"@id\":\"https:\\\/\\\/www.igr.univ-rennes.fr\\\/fr\\\/#\\\/schema\\\/person\\\/5f1ef906f2986c0eaa338b7258c4082b\",\"name\":\"Marie-Annick Robin\",\"image\":{\"@type\":\"ImageObject\",\"inLanguage\":\"fr-FR\",\"@id\":\"https:\\\/\\\/secure.gravatar.com\\\/avatar\\\/f9293e68571e20c548e6d32c7885fdfb06e6f56349fe920439a102a2234f78c3?s=96&d=mm&r=g\",\"url\":\"https:\\\/\\\/secure.gravatar.com\\\/avatar\\\/f9293e68571e20c548e6d32c7885fdfb06e6f56349fe920439a102a2234f78c3?s=96&d=mm&r=g\",\"contentUrl\":\"https:\\\/\\\/secure.gravatar.com\\\/avatar\\\/f9293e68571e20c548e6d32c7885fdfb06e6f56349fe920439a102a2234f78c3?s=96&d=mm&r=g\",\"caption\":\"Marie-Annick Robin\"}}]}<\/script>\n<!-- \/ Yoast SEO plugin. -->","yoast_head_json":{"title":"Un partenariat renforc\u00e9 entre la CRCC Ouest-Atlantique et l&rsquo;IGR-IAE Rennes - IGR IAE Rennes","robots":{"index":"index","follow":"follow","max-snippet":"max-snippet:-1","max-image-preview":"max-image-preview:large","max-video-preview":"max-video-preview:-1"},"canonical":"https:\/\/www.igr.univ-rennes.fr\/fr\/un-partenariat-renforce-entre-la-crcc-ouest-atlantique-et-ligr-iae-rennes\/","og_locale":"fr_FR","og_type":"article","og_title":"Un partenariat renforc\u00e9 entre la CRCC Ouest-Atlantique et l&rsquo;IGR-IAE Rennes - IGR IAE Rennes","og_description":"La CRCC Ouest-Atlantique et l\u2019IGR-IAE Rennes ont officialis\u00e9 un partenariat strat\u00e9gique le mercredi 26 mars 2025","og_url":"https:\/\/www.igr.univ-rennes.fr\/fr\/un-partenariat-renforce-entre-la-crcc-ouest-atlantique-et-ligr-iae-rennes\/","og_site_name":"IGR IAE Rennes","article_published_time":"2025-03-27T14:17:51+00:00","article_modified_time":"2025-03-27T15:47:57+00:00","og_image":[{"width":2400,"height":1260,"url":"https:\/\/www.igr.univ-rennes.fr\/wp-content\/uploads\/2025\/03\/partenariat-CRCC-26mars2025.jpg","type":"image\/jpeg"}],"author":"Marie-Annick Robin","twitter_card":"summary_large_image","twitter_misc":{"\u00c9crit par":"Marie-Annick Robin","Dur\u00e9e de lecture estim\u00e9e":"2 minutes"},"schema":{"@context":"https:\/\/schema.org","@graph":[{"@type":"Article","@id":"https:\/\/www.igr.univ-rennes.fr\/fr\/un-partenariat-renforce-entre-la-crcc-ouest-atlantique-et-ligr-iae-rennes\/#article","isPartOf":{"@id":"https:\/\/www.igr.univ-rennes.fr\/fr\/un-partenariat-renforce-entre-la-crcc-ouest-atlantique-et-ligr-iae-rennes\/"},"author":{"name":"Marie-Annick Robin","@id":"https:\/\/www.igr.univ-rennes.fr\/fr\/#\/schema\/person\/5f1ef906f2986c0eaa338b7258c4082b"},"headline":"Un partenariat renforc\u00e9 entre la CRCC Ouest-Atlantique et l&rsquo;IGR-IAE Rennes","datePublished":"2025-03-27T14:17:51+00:00","dateModified":"2025-03-27T15:47:57+00:00","mainEntityOfPage":{"@id":"https:\/\/www.igr.univ-rennes.fr\/fr\/un-partenariat-renforce-entre-la-crcc-ouest-atlantique-et-ligr-iae-rennes\/"},"wordCount":301,"publisher":{"@id":"https:\/\/www.igr.univ-rennes.fr\/fr\/#organization"},"image":{"@id":"https:\/\/www.igr.univ-rennes.fr\/fr\/un-partenariat-renforce-entre-la-crcc-ouest-atlantique-et-ligr-iae-rennes\/#primaryimage"},"thumbnailUrl":"https:\/\/www.igr.univ-rennes.fr\/wp-content\/uploads\/2025\/03\/partenariat-CRCC-26mars2025.jpg","articleSection":["Entreprise"],"inLanguage":"fr-FR"},{"@type":"WebPage","@id":"https:\/\/www.igr.univ-rennes.fr\/fr\/un-partenariat-renforce-entre-la-crcc-ouest-atlantique-et-ligr-iae-rennes\/","url":"https:\/\/www.igr.univ-rennes.fr\/fr\/un-partenariat-renforce-entre-la-crcc-ouest-atlantique-et-ligr-iae-rennes\/","name":"Un partenariat renforc\u00e9 entre la CRCC Ouest-Atlantique et l&rsquo;IGR-IAE Rennes - IGR IAE Rennes","isPartOf":{"@id":"https:\/\/www.igr.univ-rennes.fr\/fr\/#website"},"primaryImageOfPage":{"@id":"https:\/\/www.igr.univ-rennes.fr\/fr\/un-partenariat-renforce-entre-la-crcc-ouest-atlantique-et-ligr-iae-rennes\/#primaryimage"},"image":{"@id":"https:\/\/www.igr.univ-rennes.fr\/fr\/un-partenariat-renforce-entre-la-crcc-ouest-atlantique-et-ligr-iae-rennes\/#primaryimage"},"thumbnailUrl":"https:\/\/www.igr.univ-rennes.fr\/wp-content\/uploads\/2025\/03\/partenariat-CRCC-26mars2025.jpg","datePublished":"2025-03-27T14:17:51+00:00","dateModified":"2025-03-27T15:47:57+00:00","breadcrumb":{"@id":"https:\/\/www.igr.univ-rennes.fr\/fr\/un-partenariat-renforce-entre-la-crcc-ouest-atlantique-et-ligr-iae-rennes\/#breadcrumb"},"inLanguage":"fr-FR","potentialAction":[{"@type":"ReadAction","target":["https:\/\/www.igr.univ-rennes.fr\/fr\/un-partenariat-renforce-entre-la-crcc-ouest-atlantique-et-ligr-iae-rennes\/"]}]},{"@type":"ImageObject","inLanguage":"fr-FR","@id":"https:\/\/www.igr.univ-rennes.fr\/fr\/un-partenariat-renforce-entre-la-crcc-ouest-atlantique-et-ligr-iae-rennes\/#primaryimage","url":"https:\/\/www.igr.univ-rennes.fr\/wp-content\/uploads\/2025\/03\/partenariat-CRCC-26mars2025.jpg","contentUrl":"https:\/\/www.igr.univ-rennes.fr\/wp-content\/uploads\/2025\/03\/partenariat-CRCC-26mars2025.jpg","width":2400,"height":1260,"caption":"partenariat-CRCC-26mars2025"},{"@type":"BreadcrumbList","@id":"https:\/\/www.igr.univ-rennes.fr\/fr\/un-partenariat-renforce-entre-la-crcc-ouest-atlantique-et-ligr-iae-rennes\/#breadcrumb","itemListElement":[{"@type":"ListItem","position":1,"name":"Accueil","item":"https:\/\/www.igr.univ-rennes.fr\/fr\/"},{"@type":"ListItem","position":2,"name":"Un partenariat renforc\u00e9 entre la CRCC Ouest-Atlantique et l&rsquo;IGR-IAE Rennes"}]},{"@type":"WebSite","@id":"https:\/\/www.igr.univ-rennes.fr\/fr\/#website","url":"https:\/\/www.igr.univ-rennes.fr\/fr\/","name":"IGR IAE Rennes","description":"","publisher":{"@id":"https:\/\/www.igr.univ-rennes.fr\/fr\/#organization"},"potentialAction":[{"@type":"SearchAction","target":{"@type":"EntryPoint","urlTemplate":"https:\/\/www.igr.univ-rennes.fr\/fr\/?s={search_term_string}"},"query-input":{"@type":"PropertyValueSpecification","valueRequired":true,"valueName":"search_term_string"}}],"inLanguage":"fr-FR"},{"@type":"Organization","@id":"https:\/\/www.igr.univ-rennes.fr\/fr\/#organization","name":"IGR IAE Rennes","url":"https:\/\/www.igr.univ-rennes.fr\/fr\/","logo":{"@type":"ImageObject","inLanguage":"fr-FR","@id":"https:\/\/www.igr.univ-rennes.fr\/fr\/#\/schema\/logo\/image\/","url":"https:\/\/www.igr.univ-rennes.fr\/wp-content\/uploads\/2020\/06\/Logo-IGR-IAE-Rennes_Blanc-300dpi-RVB-e1597327228224.png","contentUrl":"https:\/\/www.igr.univ-rennes.fr\/wp-content\/uploads\/2020\/06\/Logo-IGR-IAE-Rennes_Blanc-300dpi-RVB-e1597327228224.png","width":290,"height":107,"caption":"IGR IAE Rennes"},"image":{"@id":"https:\/\/www.igr.univ-rennes.fr\/fr\/#\/schema\/logo\/image\/"}},{"@type":"Person","@id":"https:\/\/www.igr.univ-rennes.fr\/fr\/#\/schema\/person\/5f1ef906f2986c0eaa338b7258c4082b","name":"Marie-Annick Robin","image":{"@type":"ImageObject","inLanguage":"fr-FR","@id":"https:\/\/secure.gravatar.com\/avatar\/f9293e68571e20c548e6d32c7885fdfb06e6f56349fe920439a102a2234f78c3?s=96&d=mm&r=g","url":"https:\/\/secure.gravatar.com\/avatar\/f9293e68571e20c548e6d32c7885fdfb06e6f56349fe920439a102a2234f78c3?s=96&d=mm&r=g","contentUrl":"https:\/\/secure.gravatar.com\/avatar\/f9293e68571e20c548e6d32c7885fdfb06e6f56349fe920439a102a2234f78c3?s=96&d=mm&r=g","caption":"Marie-Annick Robin"}}]}},"_links":{"self":[{"href":"https:\/\/www.igr.univ-rennes.fr\/fr\/wp-json\/wp\/v2\/posts\/482837","targetHints":{"allow":["GET"]}}],"collection":[{"href":"https:\/\/www.igr.univ-rennes.fr\/fr\/wp-json\/wp\/v2\/posts"}],"about":[{"href":"https:\/\/www.igr.univ-rennes.fr\/fr\/wp-json\/wp\/v2\/types\/post"}],"author":[{"embeddable":true,"href":"https:\/\/www.igr.univ-rennes.fr\/fr\/wp-json\/wp\/v2\/users\/11"}],"replies":[{"embeddable":true,"href":"https:\/\/www.igr.univ-rennes.fr\/fr\/wp-json\/wp\/v2\/comments?post=482837"}],"version-history":[{"count":10,"href":"https:\/\/www.igr.univ-rennes.fr\/fr\/wp-json\/wp\/v2\/posts\/482837\/revisions"}],"predecessor-version":[{"id":482896,"href":"https:\/\/www.igr.univ-rennes.fr\/fr\/wp-json\/wp\/v2\/posts\/482837\/revisions\/482896"}],"wp:featuredmedia":[{"embeddable":true,"href":"https:\/\/www.igr.univ-rennes.fr\/fr\/wp-json\/wp\/v2\/media\/482854"}],"wp:attachment":[{"href":"https:\/\/www.igr.univ-rennes.fr\/fr\/wp-json\/wp\/v2\/media?parent=482837"}],"wp:term":[{"taxonomy":"category","embeddable":true,"href":"https:\/\/www.igr.univ-rennes.fr\/fr\/wp-json\/wp\/v2\/categories?post=482837"},{"taxonomy":"post_tag","embeddable":true,"href":"https:\/\/www.igr.univ-rennes.fr\/fr\/wp-json\/wp\/v2\/tags?post=482837"}],"curies":[{"name":"wp","href":"https:\/\/api.w.org\/{rel}","templated":true}]}}