{"id":475746,"date":"2025-03-26T15:32:43","date_gmt":"2025-03-26T14:32:43","guid":{"rendered":"https:\/\/www.igr.univ-rennes.fr\/?p=475746"},"modified":"2025-04-15T14:37:49","modified_gmt":"2025-04-15T12:37:49","slug":"coupe-de-france-des-iae-2025","status":"publish","type":"post","link":"https:\/\/www.igr.univ-rennes.fr\/fr\/coupe-de-france-des-iae-2025\/","title":{"rendered":"Coupe de France des IAE 2025"},"content":{"rendered":"\t\t<div data-elementor-type=\"wp-post\" data-elementor-id=\"475746\" class=\"elementor elementor-475746\">\n\t\t\t\t\t\t\t\t\t<section class=\"elementor-section elementor-top-section elementor-element elementor-element-884c274 elementor-section-boxed elementor-section-height-default elementor-section-height-default\" data-id=\"884c274\" data-element_type=\"section\">\n\t\t\t\t\t\t<div class=\"elementor-container elementor-column-gap-default\">\n\t\t\t\t\t<div class=\"elementor-column elementor-col-100 elementor-top-column elementor-element elementor-element-b0afaf3\" data-id=\"b0afaf3\" data-element_type=\"column\">\n\t\t\t<div class=\"elementor-widget-wrap elementor-element-populated\">\n\t\t\t\t\t\t\t\t<div class=\"elementor-element elementor-element-e99c03a elementor-widget elementor-widget-text-editor\" data-id=\"e99c03a\" data-element_type=\"widget\" data-widget_type=\"text-editor.default\">\n\t\t\t\t<div class=\"elementor-widget-container\">\n\t\t\t\t\t\t\t<p>Comme annonc\u00e9 en novembre, la <strong>Coupe de France des IAE 2025<\/strong> aura lieu \u00e0 Rennes.<\/p><p>S&rsquo;inscrivant dans le cadre des actions <strong>c\u00e9l\u00e9brant les 70 ans de l&rsquo;\u00e9cole<\/strong>, cet \u00e9v\u00e9nement se tiendra le week-end des <strong>4, 5 et 6 avril 2025<\/strong> sur le Campus de Beaulieu.<\/p><p><strong>Lanc\u00e9e en 2008 par des \u00e9tudiants de l\u2019IGR-IAE Rennes<\/strong> avec la volont\u00e9 de cr\u00e9er un \u00e9v\u00e9nement f\u00e9d\u00e9rateur, la Coupe de France des IAE est bien plus qu\u2019une simple comp\u00e9tition : c\u2019est un moment privil\u00e9gi\u00e9 de rencontre et de partage entre \u00e9tudiants des IAE, propice \u00e0 la convivialit\u00e9, au d\u00e9passement de soi et \u00e0 l\u2019esprit d\u2019\u00e9quipe.<\/p><p>Cette nouvelle \u00e9dition sera l\u2019occasion de cr\u00e9er des souvenirs inoubliables et de renforcer les liens au sein de notre communaut\u00e9.<\/p><h4>En quelques chiffres<\/h4><ul><li>Nombre d\u2019IAE inscrits : <strong>12 IAE<\/strong> (Brest, Nantes, Tours, Caen, Rouen, Lille, Paris Est, Paris Sorbonne, La Rochelle, Lyon, Perpignan, et Rennes)<\/li><li><strong>372 sportifs<\/strong> attendus<\/li><li><strong>100 b\u00e9n\u00e9voles<\/strong><\/li><\/ul><p><strong>Comp\u00e9titions sportives<\/strong> (handball, basketball, football et volleyball), <strong>soir\u00e9es<\/strong> (soir\u00e9e d&rsquo;arriv\u00e9e avec un accessoire ou couleur repr\u00e9sentant chaque IAE au Satory club, soir\u00e9e blanche le samedi \u00e0 l&rsquo;Espace Club), <strong>animations diverses<\/strong> (repas des r\u00e9gions, repas breton, pr\u00e9sentation des \u00ab\u00a0Pompom\u00a0\u00bb, course des mascottes,&#8230;) animeront ce week-end prolong\u00e9.<\/p><h4>Les partenaires<\/h4><p>Un grand merci aux partenaires qui permettent la tenue de cet \u00e9v\u00e9nement :<\/p><ul><li><a href=\"https:\/\/www.groupama.fr\/\" target=\"_blank\" rel=\"noopener\">Groupama<\/a><\/li><li><a href=\"https:\/\/www.capeos.fr\/\" target=\"_blank\" rel=\"noopener\">Capeos<\/a><\/li><li><a href=\"https:\/\/www.mbamutuelle.com\/\" target=\"_blank\" rel=\"noopener\">MBA Mutuelle<\/a><\/li><li><a href=\"https:\/\/service-ea.com\/\" target=\"_blank\" rel=\"noopener\">Servicea<\/a><\/li><li><a href=\"https:\/\/www.paticeo.com\/\" target=\"_blank\" rel=\"noopener\">Paticeo<\/a><\/li><li><a href=\"https:\/\/pouessel.com\/\" target=\"_blank\" rel=\"noopener\">Pouessel<\/a><\/li><\/ul>\t\t\t\t\t\t<\/div>\n\t\t\t\t<\/div>\n\t\t\t\t\t<\/div>\n\t\t<\/div>\n\t\t\t\t\t\t\t<\/div>\n\t\t<\/section>\n\t\t\t\t<section class=\"elementor-section elementor-top-section elementor-element elementor-element-fd5f78e elementor-section-boxed elementor-section-height-default elementor-section-height-default\" data-id=\"fd5f78e\" data-element_type=\"section\">\n\t\t\t\t\t\t<div class=\"elementor-container elementor-column-gap-default\">\n\t\t\t\t\t<div class=\"elementor-column elementor-col-100 elementor-top-column elementor-element elementor-element-f9f65df\" data-id=\"f9f65df\" data-element_type=\"column\">\n\t\t\t<div class=\"elementor-widget-wrap elementor-element-populated\">\n\t\t\t\t\t\t\t\t<div class=\"elementor-element elementor-element-21673c2 elementor-widget elementor-widget-image\" data-id=\"21673c2\" data-element_type=\"widget\" data-widget_type=\"image.default\">\n\t\t\t\t<div class=\"elementor-widget-container\">\n\t\t\t\t\t\t\t\t\t\t\t\t\t\t\t<img decoding=\"async\" width=\"480\" height=\"60\" src=\"https:\/\/www.igr.univ-rennes.fr\/wp-content\/uploads\/2025\/02\/partenaires-CDF2025-1.jpg\" class=\"attachment-full size-full wp-image-477587\" alt=\"partenaires-CDF2025\" srcset=\"https:\/\/www.igr.univ-rennes.fr\/wp-content\/uploads\/2025\/02\/partenaires-CDF2025-1.jpg 480w, https:\/\/www.igr.univ-rennes.fr\/wp-content\/uploads\/2025\/02\/partenaires-CDF2025-1-300x38.jpg 300w, https:\/\/www.igr.univ-rennes.fr\/wp-content\/uploads\/2025\/02\/partenaires-CDF2025-1-474x60.jpg 474w\" sizes=\"(max-width: 480px) 100vw, 480px\" \/>\t\t\t\t\t\t\t\t\t\t\t\t\t\t\t<\/div>\n\t\t\t\t<\/div>\n\t\t\t\t\t<\/div>\n\t\t<\/div>\n\t\t\t\t\t\t\t<\/div>\n\t\t<\/section>\n\t\t\t\t<section class=\"elementor-section elementor-top-section elementor-element elementor-element-d5436cb elementor-section-boxed elementor-section-height-default elementor-section-height-default\" data-id=\"d5436cb\" data-element_type=\"section\">\n\t\t\t\t\t\t<div class=\"elementor-container elementor-column-gap-default\">\n\t\t\t\t\t<div class=\"elementor-column elementor-col-100 elementor-top-column elementor-element elementor-element-ae44753\" data-id=\"ae44753\" data-element_type=\"column\">\n\t\t\t<div class=\"elementor-widget-wrap elementor-element-populated\">\n\t\t\t\t\t\t\t\t<div class=\"elementor-element elementor-element-5f507e6 elementor-widget elementor-widget-text-editor\" data-id=\"5f507e6\" data-element_type=\"widget\" data-widget_type=\"text-editor.default\">\n\t\t\t\t<div class=\"elementor-widget-container\">\n\t\t\t\t\t\t\t<h4>Programme<\/h4>\t\t\t\t\t\t<\/div>\n\t\t\t\t<\/div>\n\t\t\t\t\t<\/div>\n\t\t<\/div>\n\t\t\t\t\t\t\t<\/div>\n\t\t<\/section>\n\t\t\t\t<section class=\"elementor-section elementor-top-section elementor-element elementor-element-4876218 elementor-section-boxed elementor-section-height-default elementor-section-height-default\" data-id=\"4876218\" data-element_type=\"section\">\n\t\t\t\t\t\t<div class=\"elementor-container elementor-column-gap-default\">\n\t\t\t\t\t<div class=\"elementor-column elementor-col-100 elementor-top-column elementor-element elementor-element-cc37eff\" data-id=\"cc37eff\" data-element_type=\"column\">\n\t\t\t<div class=\"elementor-widget-wrap elementor-element-populated\">\n\t\t\t\t\t\t\t\t<div class=\"elementor-element elementor-element-57c60f2 elementor-widget elementor-widget-image\" data-id=\"57c60f2\" data-element_type=\"widget\" data-widget_type=\"image.default\">\n\t\t\t\t<div class=\"elementor-widget-container\">\n\t\t\t\t\t\t\t\t\t\t\t\t\t\t\t<img decoding=\"async\" width=\"501\" height=\"751\" src=\"https:\/\/www.igr.univ-rennes.fr\/wp-content\/uploads\/2025\/02\/prog-CDF2025-copie.jpg\" class=\"attachment-large size-large wp-image-475770\" alt=\"prog-CDF2025\" srcset=\"https:\/\/www.igr.univ-rennes.fr\/wp-content\/uploads\/2025\/02\/prog-CDF2025-copie.jpg 501w, https:\/\/www.igr.univ-rennes.fr\/wp-content\/uploads\/2025\/02\/prog-CDF2025-copie-200x300.jpg 200w\" sizes=\"(max-width: 501px) 100vw, 501px\" \/>\t\t\t\t\t\t\t\t\t\t\t\t\t\t\t<\/div>\n\t\t\t\t<\/div>\n\t\t\t\t\t<\/div>\n\t\t<\/div>\n\t\t\t\t\t\t\t<\/div>\n\t\t<\/section>\n\t\t\t\t\t\t\t<\/div>\n\t\t","protected":false},"excerpt":{"rendered":"<p>Comme annonc\u00e9 en novembre, la Coupe de France des IAE 2025 aura lieu \u00e0 Rennes.<\/p>\n","protected":false},"author":11,"featured_media":475747,"comment_status":"closed","ping_status":"closed","sticky":false,"template":"","format":"standard","meta":{"footnotes":""},"categories":[63],"tags":[],"yoast_head":"<!-- This site is optimized with the Yoast SEO plugin v21.1 - https:\/\/yoast.com\/wordpress\/plugins\/seo\/ -->\n<title>Coupe de France des IAE 2025 - IGR IAE Rennes<\/title>\n<meta name=\"robots\" content=\"index, follow, max-snippet:-1, max-image-preview:large, max-video-preview:-1\" \/>\n<link rel=\"canonical\" href=\"https:\/\/www.igr.univ-rennes.fr\/fr\/coupe-de-france-des-iae-2025\/\" \/>\n<meta property=\"og:locale\" content=\"fr_FR\" \/>\n<meta property=\"og:type\" content=\"article\" \/>\n<meta property=\"og:title\" content=\"Coupe de France des IAE 2025 - IGR IAE Rennes\" \/>\n<meta property=\"og:description\" content=\"Comme annonc\u00e9 en novembre, la Coupe de France des IAE 2025 aura lieu \u00e0 Rennes.\" \/>\n<meta property=\"og:url\" content=\"https:\/\/www.igr.univ-rennes.fr\/fr\/coupe-de-france-des-iae-2025\/\" \/>\n<meta property=\"og:site_name\" content=\"IGR IAE Rennes\" \/>\n<meta property=\"article:published_time\" content=\"2025-03-26T14:32:43+00:00\" \/>\n<meta property=\"article:modified_time\" content=\"2025-04-15T12:37:49+00:00\" \/>\n<meta property=\"og:image\" content=\"https:\/\/www.igr.univ-rennes.fr\/wp-content\/uploads\/2025\/02\/BDS-CDF2025-1024x538.jpg\" \/>\n\t<meta property=\"og:image:width\" content=\"1024\" \/>\n\t<meta property=\"og:image:height\" content=\"538\" \/>\n\t<meta property=\"og:image:type\" content=\"image\/jpeg\" \/>\n<meta name=\"author\" content=\"Marie-Annick Robin\" \/>\n<meta name=\"twitter:card\" content=\"summary_large_image\" \/>\n<meta name=\"twitter:label1\" content=\"\u00c9crit par\" \/>\n\t<meta name=\"twitter:data1\" content=\"Marie-Annick Robin\" \/>\n\t<meta name=\"twitter:label2\" content=\"Dur\u00e9e de lecture estim\u00e9e\" \/>\n\t<meta name=\"twitter:data2\" content=\"2 minutes\" \/>\n<script type=\"application\/ld+json\" class=\"yoast-schema-graph\">{\"@context\":\"https:\/\/schema.org\",\"@graph\":[{\"@type\":\"Article\",\"@id\":\"https:\/\/www.igr.univ-rennes.fr\/fr\/coupe-de-france-des-iae-2025\/#article\",\"isPartOf\":{\"@id\":\"https:\/\/www.igr.univ-rennes.fr\/fr\/coupe-de-france-des-iae-2025\/\"},\"author\":{\"name\":\"Marie-Annick Robin\",\"@id\":\"https:\/\/www.igr.univ-rennes.fr\/fr\/#\/schema\/person\/5f1ef906f2986c0eaa338b7258c4082b\"},\"headline\":\"Coupe de France des IAE 2025\",\"datePublished\":\"2025-03-26T14:32:43+00:00\",\"dateModified\":\"2025-04-15T12:37:49+00:00\",\"mainEntityOfPage\":{\"@id\":\"https:\/\/www.igr.univ-rennes.fr\/fr\/coupe-de-france-des-iae-2025\/\"},\"wordCount\":237,\"publisher\":{\"@id\":\"https:\/\/www.igr.univ-rennes.fr\/fr\/#organization\"},\"articleSection\":[\"Vie associative\"],\"inLanguage\":\"fr-FR\"},{\"@type\":\"WebPage\",\"@id\":\"https:\/\/www.igr.univ-rennes.fr\/fr\/coupe-de-france-des-iae-2025\/\",\"url\":\"https:\/\/www.igr.univ-rennes.fr\/fr\/coupe-de-france-des-iae-2025\/\",\"name\":\"Coupe de France des IAE 2025 - IGR IAE Rennes\",\"isPartOf\":{\"@id\":\"https:\/\/www.igr.univ-rennes.fr\/fr\/#website\"},\"datePublished\":\"2025-03-26T14:32:43+00:00\",\"dateModified\":\"2025-04-15T12:37:49+00:00\",\"breadcrumb\":{\"@id\":\"https:\/\/www.igr.univ-rennes.fr\/fr\/coupe-de-france-des-iae-2025\/#breadcrumb\"},\"inLanguage\":\"fr-FR\",\"potentialAction\":[{\"@type\":\"ReadAction\",\"target\":[\"https:\/\/www.igr.univ-rennes.fr\/fr\/coupe-de-france-des-iae-2025\/\"]}]},{\"@type\":\"BreadcrumbList\",\"@id\":\"https:\/\/www.igr.univ-rennes.fr\/fr\/coupe-de-france-des-iae-2025\/#breadcrumb\",\"itemListElement\":[{\"@type\":\"ListItem\",\"position\":1,\"name\":\"Accueil\",\"item\":\"https:\/\/www.igr.univ-rennes.fr\/fr\/\"},{\"@type\":\"ListItem\",\"position\":2,\"name\":\"Coupe de France des IAE 2025\"}]},{\"@type\":\"WebSite\",\"@id\":\"https:\/\/www.igr.univ-rennes.fr\/fr\/#website\",\"url\":\"https:\/\/www.igr.univ-rennes.fr\/fr\/\",\"name\":\"IGR IAE Rennes\",\"description\":\"\",\"publisher\":{\"@id\":\"https:\/\/www.igr.univ-rennes.fr\/fr\/#organization\"},\"potentialAction\":[{\"@type\":\"SearchAction\",\"target\":{\"@type\":\"EntryPoint\",\"urlTemplate\":\"https:\/\/www.igr.univ-rennes.fr\/fr\/?s={search_term_string}\"},\"query-input\":\"required name=search_term_string\"}],\"inLanguage\":\"fr-FR\"},{\"@type\":\"Organization\",\"@id\":\"https:\/\/www.igr.univ-rennes.fr\/fr\/#organization\",\"name\":\"IGR IAE Rennes\",\"url\":\"https:\/\/www.igr.univ-rennes.fr\/fr\/\",\"logo\":{\"@type\":\"ImageObject\",\"inLanguage\":\"fr-FR\",\"@id\":\"https:\/\/www.igr.univ-rennes.fr\/fr\/#\/schema\/logo\/image\/\",\"url\":\"https:\/\/www.igr.univ-rennes.fr\/wp-content\/uploads\/2020\/06\/Logo-IGR-IAE-Rennes_Blanc-300dpi-RVB-e1597327228224.png\",\"contentUrl\":\"https:\/\/www.igr.univ-rennes.fr\/wp-content\/uploads\/2020\/06\/Logo-IGR-IAE-Rennes_Blanc-300dpi-RVB-e1597327228224.png\",\"width\":290,\"height\":107,\"caption\":\"IGR IAE Rennes\"},\"image\":{\"@id\":\"https:\/\/www.igr.univ-rennes.fr\/fr\/#\/schema\/logo\/image\/\"}},{\"@type\":\"Person\",\"@id\":\"https:\/\/www.igr.univ-rennes.fr\/fr\/#\/schema\/person\/5f1ef906f2986c0eaa338b7258c4082b\",\"name\":\"Marie-Annick Robin\",\"image\":{\"@type\":\"ImageObject\",\"inLanguage\":\"fr-FR\",\"@id\":\"https:\/\/www.igr.univ-rennes.fr\/fr\/#\/schema\/person\/image\/\",\"url\":\"https:\/\/secure.gravatar.com\/avatar\/2be340e59f359ca7aa475c1693137388?s=96&d=mm&r=g\",\"contentUrl\":\"https:\/\/secure.gravatar.com\/avatar\/2be340e59f359ca7aa475c1693137388?s=96&d=mm&r=g\",\"caption\":\"Marie-Annick Robin\"}}]}<\/script>\n<!-- \/ Yoast SEO plugin. -->","yoast_head_json":{"title":"Coupe de France des IAE 2025 - IGR IAE Rennes","robots":{"index":"index","follow":"follow","max-snippet":"max-snippet:-1","max-image-preview":"max-image-preview:large","max-video-preview":"max-video-preview:-1"},"canonical":"https:\/\/www.igr.univ-rennes.fr\/fr\/coupe-de-france-des-iae-2025\/","og_locale":"fr_FR","og_type":"article","og_title":"Coupe de France des IAE 2025 - IGR IAE Rennes","og_description":"Comme annonc\u00e9 en novembre, la Coupe de France des IAE 2025 aura lieu \u00e0 Rennes.","og_url":"https:\/\/www.igr.univ-rennes.fr\/fr\/coupe-de-france-des-iae-2025\/","og_site_name":"IGR IAE Rennes","article_published_time":"2025-03-26T14:32:43+00:00","article_modified_time":"2025-04-15T12:37:49+00:00","og_image":[{"width":1024,"height":538,"url":"https:\/\/www.igr.univ-rennes.fr\/wp-content\/uploads\/2025\/02\/BDS-CDF2025-1024x538.jpg","type":"image\/jpeg"}],"author":"Marie-Annick Robin","twitter_card":"summary_large_image","twitter_misc":{"\u00c9crit par":"Marie-Annick Robin","Dur\u00e9e de lecture estim\u00e9e":"2 minutes"},"schema":{"@context":"https:\/\/schema.org","@graph":[{"@type":"Article","@id":"https:\/\/www.igr.univ-rennes.fr\/fr\/coupe-de-france-des-iae-2025\/#article","isPartOf":{"@id":"https:\/\/www.igr.univ-rennes.fr\/fr\/coupe-de-france-des-iae-2025\/"},"author":{"name":"Marie-Annick Robin","@id":"https:\/\/www.igr.univ-rennes.fr\/fr\/#\/schema\/person\/5f1ef906f2986c0eaa338b7258c4082b"},"headline":"Coupe de France des IAE 2025","datePublished":"2025-03-26T14:32:43+00:00","dateModified":"2025-04-15T12:37:49+00:00","mainEntityOfPage":{"@id":"https:\/\/www.igr.univ-rennes.fr\/fr\/coupe-de-france-des-iae-2025\/"},"wordCount":237,"publisher":{"@id":"https:\/\/www.igr.univ-rennes.fr\/fr\/#organization"},"articleSection":["Vie associative"],"inLanguage":"fr-FR"},{"@type":"WebPage","@id":"https:\/\/www.igr.univ-rennes.fr\/fr\/coupe-de-france-des-iae-2025\/","url":"https:\/\/www.igr.univ-rennes.fr\/fr\/coupe-de-france-des-iae-2025\/","name":"Coupe de France des IAE 2025 - IGR IAE Rennes","isPartOf":{"@id":"https:\/\/www.igr.univ-rennes.fr\/fr\/#website"},"datePublished":"2025-03-26T14:32:43+00:00","dateModified":"2025-04-15T12:37:49+00:00","breadcrumb":{"@id":"https:\/\/www.igr.univ-rennes.fr\/fr\/coupe-de-france-des-iae-2025\/#breadcrumb"},"inLanguage":"fr-FR","potentialAction":[{"@type":"ReadAction","target":["https:\/\/www.igr.univ-rennes.fr\/fr\/coupe-de-france-des-iae-2025\/"]}]},{"@type":"BreadcrumbList","@id":"https:\/\/www.igr.univ-rennes.fr\/fr\/coupe-de-france-des-iae-2025\/#breadcrumb","itemListElement":[{"@type":"ListItem","position":1,"name":"Accueil","item":"https:\/\/www.igr.univ-rennes.fr\/fr\/"},{"@type":"ListItem","position":2,"name":"Coupe de France des IAE 2025"}]},{"@type":"WebSite","@id":"https:\/\/www.igr.univ-rennes.fr\/fr\/#website","url":"https:\/\/www.igr.univ-rennes.fr\/fr\/","name":"IGR IAE Rennes","description":"","publisher":{"@id":"https:\/\/www.igr.univ-rennes.fr\/fr\/#organization"},"potentialAction":[{"@type":"SearchAction","target":{"@type":"EntryPoint","urlTemplate":"https:\/\/www.igr.univ-rennes.fr\/fr\/?s={search_term_string}"},"query-input":"required name=search_term_string"}],"inLanguage":"fr-FR"},{"@type":"Organization","@id":"https:\/\/www.igr.univ-rennes.fr\/fr\/#organization","name":"IGR IAE Rennes","url":"https:\/\/www.igr.univ-rennes.fr\/fr\/","logo":{"@type":"ImageObject","inLanguage":"fr-FR","@id":"https:\/\/www.igr.univ-rennes.fr\/fr\/#\/schema\/logo\/image\/","url":"https:\/\/www.igr.univ-rennes.fr\/wp-content\/uploads\/2020\/06\/Logo-IGR-IAE-Rennes_Blanc-300dpi-RVB-e1597327228224.png","contentUrl":"https:\/\/www.igr.univ-rennes.fr\/wp-content\/uploads\/2020\/06\/Logo-IGR-IAE-Rennes_Blanc-300dpi-RVB-e1597327228224.png","width":290,"height":107,"caption":"IGR IAE Rennes"},"image":{"@id":"https:\/\/www.igr.univ-rennes.fr\/fr\/#\/schema\/logo\/image\/"}},{"@type":"Person","@id":"https:\/\/www.igr.univ-rennes.fr\/fr\/#\/schema\/person\/5f1ef906f2986c0eaa338b7258c4082b","name":"Marie-Annick Robin","image":{"@type":"ImageObject","inLanguage":"fr-FR","@id":"https:\/\/www.igr.univ-rennes.fr\/fr\/#\/schema\/person\/image\/","url":"https:\/\/secure.gravatar.com\/avatar\/2be340e59f359ca7aa475c1693137388?s=96&d=mm&r=g","contentUrl":"https:\/\/secure.gravatar.com\/avatar\/2be340e59f359ca7aa475c1693137388?s=96&d=mm&r=g","caption":"Marie-Annick Robin"}}]}},"_links":{"self":[{"href":"https:\/\/www.igr.univ-rennes.fr\/fr\/wp-json\/wp\/v2\/posts\/475746"}],"collection":[{"href":"https:\/\/www.igr.univ-rennes.fr\/fr\/wp-json\/wp\/v2\/posts"}],"about":[{"href":"https:\/\/www.igr.univ-rennes.fr\/fr\/wp-json\/wp\/v2\/types\/post"}],"author":[{"embeddable":true,"href":"https:\/\/www.igr.univ-rennes.fr\/fr\/wp-json\/wp\/v2\/users\/11"}],"replies":[{"embeddable":true,"href":"https:\/\/www.igr.univ-rennes.fr\/fr\/wp-json\/wp\/v2\/comments?post=475746"}],"version-history":[{"count":48,"href":"https:\/\/www.igr.univ-rennes.fr\/fr\/wp-json\/wp\/v2\/posts\/475746\/revisions"}],"predecessor-version":[{"id":482818,"href":"https:\/\/www.igr.univ-rennes.fr\/fr\/wp-json\/wp\/v2\/posts\/475746\/revisions\/482818"}],"wp:featuredmedia":[{"embeddable":true,"href":"https:\/\/www.igr.univ-rennes.fr\/fr\/wp-json\/wp\/v2\/media\/475747"}],"wp:attachment":[{"href":"https:\/\/www.igr.univ-rennes.fr\/fr\/wp-json\/wp\/v2\/media?parent=475746"}],"wp:term":[{"taxonomy":"category","embeddable":true,"href":"https:\/\/www.igr.univ-rennes.fr\/fr\/wp-json\/wp\/v2\/categories?post=475746"},{"taxonomy":"post_tag","embeddable":true,"href":"https:\/\/www.igr.univ-rennes.fr\/fr\/wp-json\/wp\/v2\/tags?post=475746"}],"curies":[{"name":"wp","href":"https:\/\/api.w.org\/{rel}","templated":true}]}}