{"id":472186,"date":"2025-05-20T10:30:08","date_gmt":"2025-05-20T08:30:08","guid":{"rendered":"https:\/\/www.igr.univ-rennes.fr\/?p=472186"},"modified":"2025-05-26T08:20:54","modified_gmt":"2025-05-26T06:20:54","slug":"ceremonie-de-remise-des-diplomes-rendez-vous-le-vendredi-23-mai-2025","status":"publish","type":"post","link":"https:\/\/www.igr.univ-rennes.fr\/fr\/ceremonie-de-remise-des-diplomes-rendez-vous-le-vendredi-23-mai-2025\/","title":{"rendered":"C\u00e9r\u00e9monie de Remise des Dipl\u00f4mes : Rendez vous le vendredi 23 mai 2025 !"},"content":{"rendered":"\t\t<div data-elementor-type=\"wp-post\" data-elementor-id=\"472186\" class=\"elementor elementor-472186\" data-elementor-post-type=\"post\">\n\t\t\t\t\t\t<section class=\"elementor-section elementor-top-section elementor-element elementor-element-a2597b7 elementor-section-boxed elementor-section-height-default elementor-section-height-default\" data-id=\"a2597b7\" data-element_type=\"section\" data-e-type=\"section\">\n\t\t\t\t\t\t<div class=\"elementor-container elementor-column-gap-default\">\n\t\t\t\t\t<div class=\"elementor-column elementor-col-100 elementor-top-column elementor-element elementor-element-a14bb35\" data-id=\"a14bb35\" data-element_type=\"column\" data-e-type=\"column\">\n\t\t\t<div class=\"elementor-widget-wrap elementor-element-populated\">\n\t\t\t\t\t\t<div class=\"elementor-element elementor-element-a625fa2 elementor-widget elementor-widget-text-editor\" data-id=\"a625fa2\" data-element_type=\"widget\" data-e-type=\"widget\" data-widget_type=\"text-editor.default\">\n\t\t\t\t<div class=\"elementor-widget-container\">\n\t\t\t\t\t\t\t\t\t<p>La <strong>C\u00e9r\u00e9monie de Remise des Dipl\u00f4mes de la promotion 2024<\/strong> se tiendra le <strong>vendredi 23 mai 2025<\/strong> au Diapason, sur le campus de Beaulieu \u00e0 Rennes <strong>(INSCRIPTIONS CLOSES<\/strong>).<\/p><p>Cet \u00e9v\u00e9nement incontournable rassemblera les dipl\u00f4m\u00e9s en <strong>formation initiale, en alternance, en formation continue<\/strong> ainsi que les <strong>dipl\u00f4m\u00e9s internationaux<\/strong>.<\/p><p>Nous avons h\u00e2te de c\u00e9l\u00e9brer cet \u00e9v\u00e9nement avec vous !<\/p><h4>Programme<\/h4><h5>\u00c0 partir de 14h00<\/h5><p>Ouverture des portes et accueil des dipl\u00f4m\u00e9\u00b7es \u2013 retrouvailles, remise des dipl\u00f4mes, photos, etc.<br \/><strong>Important<\/strong> : Si vous avez indiqu\u00e9 des accompagnants, merci de vous pr\u00e9senter ensemble au moment du pointage \u00e0 l\u2019entr\u00e9e.<\/p><h5>15h00 &#8211; 16h30 : C\u00e9r\u00e9monie 1 pour les dipl\u00f4m\u00e9\u00b7es des mentions :<\/h5><ul><li><em>Marketing et Vente<\/em><\/li><li><em>Management et Administration des Entreprises<\/em><\/li><li><em>Dipl\u00f4me Universit\u00e9 Recherche &amp; Management<\/em><\/li><li><em>Dipl\u00f4me Universit\u00e9 \u00c9tudiant Entrepreneur<\/em><\/li><li><em>Comptabilit\u00e9 Contr\u00f4le Audit<\/em><\/li><li><em>Gestion de Production, Logistique et Achat<\/em><\/li><\/ul><p>Si vous \u00eates concern\u00e9.e par la C\u00e9r\u00e9monie 1, vous pourrez profiter du temps apr\u00e8s votre c\u00e9r\u00e9monie et avant le cocktail pour r\u00e9cup\u00e9rer votre dipl\u00f4me et profiter des quelques animations qui seront en place.<\/p><h5>17h00 &#8211; 18h30 : C\u00e9r\u00e9monie 2 pour les dipl\u00f4m\u00e9\u00b7es des mentions :<\/h5><ul><li><em>Finance<\/em><\/li><li><em>Contr\u00f4le de Gestion et Audit Organisationnel<\/em><\/li><li><em>Gestion des Ressources Humaines<\/em><\/li><li><em>Licence Gestion Formation Continue<\/em><\/li><li><em>\u00c9tudiants internationaux<\/em><\/li><\/ul><p>Si vous \u00eates concern\u00e9.e par la C\u00e9r\u00e9monie 2, vous pouvez bien s\u00fbr arriver plus tard (<strong>16h00 maximum<\/strong>) ou bien venir d\u00e8s le d\u00e9but pour r\u00e9cup\u00e9rer votre dipl\u00f4me, prendre le temps de vous retrouver et profiter de quelques animations sur place.<\/p><h5>\u00c0 partir de 18h30 :\u00a0Cocktail ap\u00e9ritif convivial pour clore l\u2019\u00e9v\u00e9nement<\/h5><h5>21h00 :\u00a0Fin du cocktail, fermeture du Diapason<\/h5><h4>Acc\u00e8s \u00e0 la c\u00e9r\u00e9monie<\/h4><ul><li>Nous vous rappelons que l\u2019acc\u00e8s est strictement r\u00e9serv\u00e9 aux personnes inscrites.<\/li><li>Un contr\u00f4le sera effectu\u00e9 \u00e0 l\u2019entr\u00e9e pour des raisons de s\u00e9curit\u00e9 et d\u2019organisation.<\/li><\/ul><h4>Comment r\u00e9cup\u00e9rer votre dipl\u00f4me si vous ne pouvez pas assister \u00e0 la c\u00e9r\u00e9monie<\/h4>\t\t\t\t\t\t\t\t<\/div>\n\t\t\t\t<\/div>\n\t\t\t\t\t<\/div>\n\t\t<\/div>\n\t\t\t\t\t<\/div>\n\t\t<\/section>\n\t\t\t\t<section class=\"elementor-section elementor-top-section elementor-element elementor-element-30e6eee elementor-section-boxed elementor-section-height-default elementor-section-height-default\" data-id=\"30e6eee\" data-element_type=\"section\" data-e-type=\"section\">\n\t\t\t\t\t\t<div class=\"elementor-container elementor-column-gap-default\">\n\t\t\t\t\t<div class=\"elementor-column elementor-col-100 elementor-top-column elementor-element elementor-element-2608d96\" data-id=\"2608d96\" data-element_type=\"column\" data-e-type=\"column\">\n\t\t\t<div class=\"elementor-widget-wrap elementor-element-populated\">\n\t\t\t\t\t\t<div class=\"elementor-element elementor-element-a70a3a8 elementor-align-center elementor-widget elementor-widget-button\" data-id=\"a70a3a8\" data-element_type=\"widget\" data-e-type=\"widget\" data-widget_type=\"button.default\">\n\t\t\t\t<div class=\"elementor-widget-container\">\n\t\t\t\t\t\t\t\t\t<div class=\"elementor-button-wrapper\">\n\t\t\t\t\t<a class=\"elementor-button elementor-button-link elementor-size-sm\" href=\"https:\/\/www.igr.univ-rennes.fr\/fr\/recuperer-diplome\/\" target=\"_blank\">\n\t\t\t\t\t\t<span class=\"elementor-button-content-wrapper\">\n\t\t\t\t\t\t\t\t\t<span class=\"elementor-button-text\">Je r\u00e9cup\u00e8re mon dipl\u00f4me<\/span>\n\t\t\t\t\t<\/span>\n\t\t\t\t\t<\/a>\n\t\t\t\t<\/div>\n\t\t\t\t\t\t\t\t<\/div>\n\t\t\t\t<\/div>\n\t\t\t\t\t<\/div>\n\t\t<\/div>\n\t\t\t\t\t<\/div>\n\t\t<\/section>\n\t\t\t\t<\/div>\n\t\t","protected":false},"excerpt":{"rendered":"<p>L\u2019IGR-IAE Rennes est ravi d\u2019annoncer la c\u00e9r\u00e9monie de remise des dipl\u00f4mes de la promotion 2024, qui se tiendra le vendredi 23 mai 2025. <\/p>\n","protected":false},"author":9,"featured_media":472187,"comment_status":"closed","ping_status":"closed","sticky":false,"template":"","format":"standard","meta":{"_acf_changed":false,"footnotes":""},"categories":[64],"tags":[],"class_list":["post-472186","post","type-post","status-publish","format-standard","has-post-thumbnail","hentry","category-formation"],"acf":[],"yoast_head":"<!-- This site is optimized with the Yoast SEO plugin v27.5 - https:\/\/yoast.com\/product\/yoast-seo-wordpress\/ -->\n<title>C\u00e9r\u00e9monie de Remise des Dipl\u00f4mes : Rendez vous le vendredi 23 mai 2025 ! - IGR IAE Rennes<\/title>\n<meta name=\"robots\" content=\"index, follow, max-snippet:-1, max-image-preview:large, max-video-preview:-1\" \/>\n<link rel=\"canonical\" href=\"https:\/\/www.igr.univ-rennes.fr\/fr\/ceremonie-de-remise-des-diplomes-rendez-vous-le-vendredi-23-mai-2025\/\" \/>\n<meta property=\"og:locale\" content=\"fr_FR\" \/>\n<meta property=\"og:type\" content=\"article\" \/>\n<meta property=\"og:title\" content=\"C\u00e9r\u00e9monie de Remise des Dipl\u00f4mes : Rendez vous le vendredi 23 mai 2025 ! - IGR IAE Rennes\" \/>\n<meta property=\"og:description\" content=\"L\u2019IGR-IAE Rennes est ravi d\u2019annoncer la c\u00e9r\u00e9monie de remise des dipl\u00f4mes de la promotion 2024, qui se tiendra le vendredi 23 mai 2025.\" \/>\n<meta property=\"og:url\" content=\"https:\/\/www.igr.univ-rennes.fr\/fr\/ceremonie-de-remise-des-diplomes-rendez-vous-le-vendredi-23-mai-2025\/\" \/>\n<meta property=\"og:site_name\" content=\"IGR IAE Rennes\" \/>\n<meta property=\"article:published_time\" content=\"2025-05-20T08:30:08+00:00\" \/>\n<meta property=\"article:modified_time\" content=\"2025-05-26T06:20:54+00:00\" \/>\n<meta property=\"og:image\" content=\"https:\/\/www.igr.univ-rennes.fr\/wp-content\/uploads\/2025\/02\/Visuel-mailing-CRDD-copie.jpg\" \/>\n\t<meta property=\"og:image:width\" content=\"1920\" \/>\n\t<meta property=\"og:image:height\" content=\"1080\" \/>\n\t<meta property=\"og:image:type\" content=\"image\/jpeg\" \/>\n<meta name=\"author\" content=\"Emma Lebaut\" \/>\n<meta name=\"twitter:card\" content=\"summary_large_image\" \/>\n<meta name=\"twitter:label1\" content=\"\u00c9crit par\" \/>\n\t<meta name=\"twitter:data1\" content=\"Emma Lebaut\" \/>\n\t<meta name=\"twitter:label2\" content=\"Dur\u00e9e de lecture estim\u00e9e\" \/>\n\t<meta name=\"twitter:data2\" content=\"2 minutes\" \/>\n<script type=\"application\/ld+json\" class=\"yoast-schema-graph\">{\"@context\":\"https:\\\/\\\/schema.org\",\"@graph\":[{\"@type\":\"Article\",\"@id\":\"https:\\\/\\\/www.igr.univ-rennes.fr\\\/fr\\\/ceremonie-de-remise-des-diplomes-rendez-vous-le-vendredi-23-mai-2025\\\/#article\",\"isPartOf\":{\"@id\":\"https:\\\/\\\/www.igr.univ-rennes.fr\\\/fr\\\/ceremonie-de-remise-des-diplomes-rendez-vous-le-vendredi-23-mai-2025\\\/\"},\"author\":{\"name\":\"Emma Lebaut\",\"@id\":\"https:\\\/\\\/www.igr.univ-rennes.fr\\\/fr\\\/#\\\/schema\\\/person\\\/ccc43b9cca93cd7a471bce264778297c\"},\"headline\":\"C\u00e9r\u00e9monie de Remise des Dipl\u00f4mes : Rendez vous le vendredi 23 mai 2025 !\",\"datePublished\":\"2025-05-20T08:30:08+00:00\",\"dateModified\":\"2025-05-26T06:20:54+00:00\",\"mainEntityOfPage\":{\"@id\":\"https:\\\/\\\/www.igr.univ-rennes.fr\\\/fr\\\/ceremonie-de-remise-des-diplomes-rendez-vous-le-vendredi-23-mai-2025\\\/\"},\"wordCount\":359,\"publisher\":{\"@id\":\"https:\\\/\\\/www.igr.univ-rennes.fr\\\/fr\\\/#organization\"},\"image\":{\"@id\":\"https:\\\/\\\/www.igr.univ-rennes.fr\\\/fr\\\/ceremonie-de-remise-des-diplomes-rendez-vous-le-vendredi-23-mai-2025\\\/#primaryimage\"},\"thumbnailUrl\":\"https:\\\/\\\/www.igr.univ-rennes.fr\\\/wp-content\\\/uploads\\\/2025\\\/02\\\/Visuel-mailing-CRDD-copie.jpg\",\"articleSection\":[\"Formation\"],\"inLanguage\":\"fr-FR\"},{\"@type\":\"WebPage\",\"@id\":\"https:\\\/\\\/www.igr.univ-rennes.fr\\\/fr\\\/ceremonie-de-remise-des-diplomes-rendez-vous-le-vendredi-23-mai-2025\\\/\",\"url\":\"https:\\\/\\\/www.igr.univ-rennes.fr\\\/fr\\\/ceremonie-de-remise-des-diplomes-rendez-vous-le-vendredi-23-mai-2025\\\/\",\"name\":\"C\u00e9r\u00e9monie de Remise des Dipl\u00f4mes : Rendez vous le vendredi 23 mai 2025 ! - IGR IAE Rennes\",\"isPartOf\":{\"@id\":\"https:\\\/\\\/www.igr.univ-rennes.fr\\\/fr\\\/#website\"},\"primaryImageOfPage\":{\"@id\":\"https:\\\/\\\/www.igr.univ-rennes.fr\\\/fr\\\/ceremonie-de-remise-des-diplomes-rendez-vous-le-vendredi-23-mai-2025\\\/#primaryimage\"},\"image\":{\"@id\":\"https:\\\/\\\/www.igr.univ-rennes.fr\\\/fr\\\/ceremonie-de-remise-des-diplomes-rendez-vous-le-vendredi-23-mai-2025\\\/#primaryimage\"},\"thumbnailUrl\":\"https:\\\/\\\/www.igr.univ-rennes.fr\\\/wp-content\\\/uploads\\\/2025\\\/02\\\/Visuel-mailing-CRDD-copie.jpg\",\"datePublished\":\"2025-05-20T08:30:08+00:00\",\"dateModified\":\"2025-05-26T06:20:54+00:00\",\"breadcrumb\":{\"@id\":\"https:\\\/\\\/www.igr.univ-rennes.fr\\\/fr\\\/ceremonie-de-remise-des-diplomes-rendez-vous-le-vendredi-23-mai-2025\\\/#breadcrumb\"},\"inLanguage\":\"fr-FR\",\"potentialAction\":[{\"@type\":\"ReadAction\",\"target\":[\"https:\\\/\\\/www.igr.univ-rennes.fr\\\/fr\\\/ceremonie-de-remise-des-diplomes-rendez-vous-le-vendredi-23-mai-2025\\\/\"]}]},{\"@type\":\"ImageObject\",\"inLanguage\":\"fr-FR\",\"@id\":\"https:\\\/\\\/www.igr.univ-rennes.fr\\\/fr\\\/ceremonie-de-remise-des-diplomes-rendez-vous-le-vendredi-23-mai-2025\\\/#primaryimage\",\"url\":\"https:\\\/\\\/www.igr.univ-rennes.fr\\\/wp-content\\\/uploads\\\/2025\\\/02\\\/Visuel-mailing-CRDD-copie.jpg\",\"contentUrl\":\"https:\\\/\\\/www.igr.univ-rennes.fr\\\/wp-content\\\/uploads\\\/2025\\\/02\\\/Visuel-mailing-CRDD-copie.jpg\",\"width\":1920,\"height\":1080},{\"@type\":\"BreadcrumbList\",\"@id\":\"https:\\\/\\\/www.igr.univ-rennes.fr\\\/fr\\\/ceremonie-de-remise-des-diplomes-rendez-vous-le-vendredi-23-mai-2025\\\/#breadcrumb\",\"itemListElement\":[{\"@type\":\"ListItem\",\"position\":1,\"name\":\"Accueil\",\"item\":\"https:\\\/\\\/www.igr.univ-rennes.fr\\\/fr\\\/\"},{\"@type\":\"ListItem\",\"position\":2,\"name\":\"C\u00e9r\u00e9monie de Remise des Dipl\u00f4mes : Rendez vous le vendredi 23 mai 2025 !\"}]},{\"@type\":\"WebSite\",\"@id\":\"https:\\\/\\\/www.igr.univ-rennes.fr\\\/fr\\\/#website\",\"url\":\"https:\\\/\\\/www.igr.univ-rennes.fr\\\/fr\\\/\",\"name\":\"IGR IAE Rennes\",\"description\":\"\",\"publisher\":{\"@id\":\"https:\\\/\\\/www.igr.univ-rennes.fr\\\/fr\\\/#organization\"},\"potentialAction\":[{\"@type\":\"SearchAction\",\"target\":{\"@type\":\"EntryPoint\",\"urlTemplate\":\"https:\\\/\\\/www.igr.univ-rennes.fr\\\/fr\\\/?s={search_term_string}\"},\"query-input\":{\"@type\":\"PropertyValueSpecification\",\"valueRequired\":true,\"valueName\":\"search_term_string\"}}],\"inLanguage\":\"fr-FR\"},{\"@type\":\"Organization\",\"@id\":\"https:\\\/\\\/www.igr.univ-rennes.fr\\\/fr\\\/#organization\",\"name\":\"IGR IAE Rennes\",\"url\":\"https:\\\/\\\/www.igr.univ-rennes.fr\\\/fr\\\/\",\"logo\":{\"@type\":\"ImageObject\",\"inLanguage\":\"fr-FR\",\"@id\":\"https:\\\/\\\/www.igr.univ-rennes.fr\\\/fr\\\/#\\\/schema\\\/logo\\\/image\\\/\",\"url\":\"https:\\\/\\\/www.igr.univ-rennes.fr\\\/wp-content\\\/uploads\\\/2020\\\/06\\\/Logo-IGR-IAE-Rennes_Blanc-300dpi-RVB-e1597327228224.png\",\"contentUrl\":\"https:\\\/\\\/www.igr.univ-rennes.fr\\\/wp-content\\\/uploads\\\/2020\\\/06\\\/Logo-IGR-IAE-Rennes_Blanc-300dpi-RVB-e1597327228224.png\",\"width\":290,\"height\":107,\"caption\":\"IGR IAE Rennes\"},\"image\":{\"@id\":\"https:\\\/\\\/www.igr.univ-rennes.fr\\\/fr\\\/#\\\/schema\\\/logo\\\/image\\\/\"}},{\"@type\":\"Person\",\"@id\":\"https:\\\/\\\/www.igr.univ-rennes.fr\\\/fr\\\/#\\\/schema\\\/person\\\/ccc43b9cca93cd7a471bce264778297c\",\"name\":\"Emma Lebaut\",\"image\":{\"@type\":\"ImageObject\",\"inLanguage\":\"fr-FR\",\"@id\":\"https:\\\/\\\/secure.gravatar.com\\\/avatar\\\/7335cda3e2dfc4ebfa35314bea3e26aafa62f4197b0f5cb8f2f30bb7ce493fe5?s=96&d=mm&r=g\",\"url\":\"https:\\\/\\\/secure.gravatar.com\\\/avatar\\\/7335cda3e2dfc4ebfa35314bea3e26aafa62f4197b0f5cb8f2f30bb7ce493fe5?s=96&d=mm&r=g\",\"contentUrl\":\"https:\\\/\\\/secure.gravatar.com\\\/avatar\\\/7335cda3e2dfc4ebfa35314bea3e26aafa62f4197b0f5cb8f2f30bb7ce493fe5?s=96&d=mm&r=g\",\"caption\":\"Emma Lebaut\"}}]}<\/script>\n<!-- \/ Yoast SEO plugin. -->","yoast_head_json":{"title":"C\u00e9r\u00e9monie de Remise des Dipl\u00f4mes : Rendez vous le vendredi 23 mai 2025 ! - IGR IAE Rennes","robots":{"index":"index","follow":"follow","max-snippet":"max-snippet:-1","max-image-preview":"max-image-preview:large","max-video-preview":"max-video-preview:-1"},"canonical":"https:\/\/www.igr.univ-rennes.fr\/fr\/ceremonie-de-remise-des-diplomes-rendez-vous-le-vendredi-23-mai-2025\/","og_locale":"fr_FR","og_type":"article","og_title":"C\u00e9r\u00e9monie de Remise des Dipl\u00f4mes : Rendez vous le vendredi 23 mai 2025 ! - IGR IAE Rennes","og_description":"L\u2019IGR-IAE Rennes est ravi d\u2019annoncer la c\u00e9r\u00e9monie de remise des dipl\u00f4mes de la promotion 2024, qui se tiendra le vendredi 23 mai 2025.","og_url":"https:\/\/www.igr.univ-rennes.fr\/fr\/ceremonie-de-remise-des-diplomes-rendez-vous-le-vendredi-23-mai-2025\/","og_site_name":"IGR IAE Rennes","article_published_time":"2025-05-20T08:30:08+00:00","article_modified_time":"2025-05-26T06:20:54+00:00","og_image":[{"width":1920,"height":1080,"url":"https:\/\/www.igr.univ-rennes.fr\/wp-content\/uploads\/2025\/02\/Visuel-mailing-CRDD-copie.jpg","type":"image\/jpeg"}],"author":"Emma Lebaut","twitter_card":"summary_large_image","twitter_misc":{"\u00c9crit par":"Emma Lebaut","Dur\u00e9e de lecture estim\u00e9e":"2 minutes"},"schema":{"@context":"https:\/\/schema.org","@graph":[{"@type":"Article","@id":"https:\/\/www.igr.univ-rennes.fr\/fr\/ceremonie-de-remise-des-diplomes-rendez-vous-le-vendredi-23-mai-2025\/#article","isPartOf":{"@id":"https:\/\/www.igr.univ-rennes.fr\/fr\/ceremonie-de-remise-des-diplomes-rendez-vous-le-vendredi-23-mai-2025\/"},"author":{"name":"Emma Lebaut","@id":"https:\/\/www.igr.univ-rennes.fr\/fr\/#\/schema\/person\/ccc43b9cca93cd7a471bce264778297c"},"headline":"C\u00e9r\u00e9monie de Remise des Dipl\u00f4mes : Rendez vous le vendredi 23 mai 2025 !","datePublished":"2025-05-20T08:30:08+00:00","dateModified":"2025-05-26T06:20:54+00:00","mainEntityOfPage":{"@id":"https:\/\/www.igr.univ-rennes.fr\/fr\/ceremonie-de-remise-des-diplomes-rendez-vous-le-vendredi-23-mai-2025\/"},"wordCount":359,"publisher":{"@id":"https:\/\/www.igr.univ-rennes.fr\/fr\/#organization"},"image":{"@id":"https:\/\/www.igr.univ-rennes.fr\/fr\/ceremonie-de-remise-des-diplomes-rendez-vous-le-vendredi-23-mai-2025\/#primaryimage"},"thumbnailUrl":"https:\/\/www.igr.univ-rennes.fr\/wp-content\/uploads\/2025\/02\/Visuel-mailing-CRDD-copie.jpg","articleSection":["Formation"],"inLanguage":"fr-FR"},{"@type":"WebPage","@id":"https:\/\/www.igr.univ-rennes.fr\/fr\/ceremonie-de-remise-des-diplomes-rendez-vous-le-vendredi-23-mai-2025\/","url":"https:\/\/www.igr.univ-rennes.fr\/fr\/ceremonie-de-remise-des-diplomes-rendez-vous-le-vendredi-23-mai-2025\/","name":"C\u00e9r\u00e9monie de Remise des Dipl\u00f4mes : Rendez vous le vendredi 23 mai 2025 ! - IGR IAE Rennes","isPartOf":{"@id":"https:\/\/www.igr.univ-rennes.fr\/fr\/#website"},"primaryImageOfPage":{"@id":"https:\/\/www.igr.univ-rennes.fr\/fr\/ceremonie-de-remise-des-diplomes-rendez-vous-le-vendredi-23-mai-2025\/#primaryimage"},"image":{"@id":"https:\/\/www.igr.univ-rennes.fr\/fr\/ceremonie-de-remise-des-diplomes-rendez-vous-le-vendredi-23-mai-2025\/#primaryimage"},"thumbnailUrl":"https:\/\/www.igr.univ-rennes.fr\/wp-content\/uploads\/2025\/02\/Visuel-mailing-CRDD-copie.jpg","datePublished":"2025-05-20T08:30:08+00:00","dateModified":"2025-05-26T06:20:54+00:00","breadcrumb":{"@id":"https:\/\/www.igr.univ-rennes.fr\/fr\/ceremonie-de-remise-des-diplomes-rendez-vous-le-vendredi-23-mai-2025\/#breadcrumb"},"inLanguage":"fr-FR","potentialAction":[{"@type":"ReadAction","target":["https:\/\/www.igr.univ-rennes.fr\/fr\/ceremonie-de-remise-des-diplomes-rendez-vous-le-vendredi-23-mai-2025\/"]}]},{"@type":"ImageObject","inLanguage":"fr-FR","@id":"https:\/\/www.igr.univ-rennes.fr\/fr\/ceremonie-de-remise-des-diplomes-rendez-vous-le-vendredi-23-mai-2025\/#primaryimage","url":"https:\/\/www.igr.univ-rennes.fr\/wp-content\/uploads\/2025\/02\/Visuel-mailing-CRDD-copie.jpg","contentUrl":"https:\/\/www.igr.univ-rennes.fr\/wp-content\/uploads\/2025\/02\/Visuel-mailing-CRDD-copie.jpg","width":1920,"height":1080},{"@type":"BreadcrumbList","@id":"https:\/\/www.igr.univ-rennes.fr\/fr\/ceremonie-de-remise-des-diplomes-rendez-vous-le-vendredi-23-mai-2025\/#breadcrumb","itemListElement":[{"@type":"ListItem","position":1,"name":"Accueil","item":"https:\/\/www.igr.univ-rennes.fr\/fr\/"},{"@type":"ListItem","position":2,"name":"C\u00e9r\u00e9monie de Remise des Dipl\u00f4mes : Rendez vous le vendredi 23 mai 2025 !"}]},{"@type":"WebSite","@id":"https:\/\/www.igr.univ-rennes.fr\/fr\/#website","url":"https:\/\/www.igr.univ-rennes.fr\/fr\/","name":"IGR IAE Rennes","description":"","publisher":{"@id":"https:\/\/www.igr.univ-rennes.fr\/fr\/#organization"},"potentialAction":[{"@type":"SearchAction","target":{"@type":"EntryPoint","urlTemplate":"https:\/\/www.igr.univ-rennes.fr\/fr\/?s={search_term_string}"},"query-input":{"@type":"PropertyValueSpecification","valueRequired":true,"valueName":"search_term_string"}}],"inLanguage":"fr-FR"},{"@type":"Organization","@id":"https:\/\/www.igr.univ-rennes.fr\/fr\/#organization","name":"IGR IAE Rennes","url":"https:\/\/www.igr.univ-rennes.fr\/fr\/","logo":{"@type":"ImageObject","inLanguage":"fr-FR","@id":"https:\/\/www.igr.univ-rennes.fr\/fr\/#\/schema\/logo\/image\/","url":"https:\/\/www.igr.univ-rennes.fr\/wp-content\/uploads\/2020\/06\/Logo-IGR-IAE-Rennes_Blanc-300dpi-RVB-e1597327228224.png","contentUrl":"https:\/\/www.igr.univ-rennes.fr\/wp-content\/uploads\/2020\/06\/Logo-IGR-IAE-Rennes_Blanc-300dpi-RVB-e1597327228224.png","width":290,"height":107,"caption":"IGR IAE Rennes"},"image":{"@id":"https:\/\/www.igr.univ-rennes.fr\/fr\/#\/schema\/logo\/image\/"}},{"@type":"Person","@id":"https:\/\/www.igr.univ-rennes.fr\/fr\/#\/schema\/person\/ccc43b9cca93cd7a471bce264778297c","name":"Emma Lebaut","image":{"@type":"ImageObject","inLanguage":"fr-FR","@id":"https:\/\/secure.gravatar.com\/avatar\/7335cda3e2dfc4ebfa35314bea3e26aafa62f4197b0f5cb8f2f30bb7ce493fe5?s=96&d=mm&r=g","url":"https:\/\/secure.gravatar.com\/avatar\/7335cda3e2dfc4ebfa35314bea3e26aafa62f4197b0f5cb8f2f30bb7ce493fe5?s=96&d=mm&r=g","contentUrl":"https:\/\/secure.gravatar.com\/avatar\/7335cda3e2dfc4ebfa35314bea3e26aafa62f4197b0f5cb8f2f30bb7ce493fe5?s=96&d=mm&r=g","caption":"Emma Lebaut"}}]}},"_links":{"self":[{"href":"https:\/\/www.igr.univ-rennes.fr\/fr\/wp-json\/wp\/v2\/posts\/472186","targetHints":{"allow":["GET"]}}],"collection":[{"href":"https:\/\/www.igr.univ-rennes.fr\/fr\/wp-json\/wp\/v2\/posts"}],"about":[{"href":"https:\/\/www.igr.univ-rennes.fr\/fr\/wp-json\/wp\/v2\/types\/post"}],"author":[{"embeddable":true,"href":"https:\/\/www.igr.univ-rennes.fr\/fr\/wp-json\/wp\/v2\/users\/9"}],"replies":[{"embeddable":true,"href":"https:\/\/www.igr.univ-rennes.fr\/fr\/wp-json\/wp\/v2\/comments?post=472186"}],"version-history":[{"count":10,"href":"https:\/\/www.igr.univ-rennes.fr\/fr\/wp-json\/wp\/v2\/posts\/472186\/revisions"}],"predecessor-version":[{"id":494794,"href":"https:\/\/www.igr.univ-rennes.fr\/fr\/wp-json\/wp\/v2\/posts\/472186\/revisions\/494794"}],"wp:featuredmedia":[{"embeddable":true,"href":"https:\/\/www.igr.univ-rennes.fr\/fr\/wp-json\/wp\/v2\/media\/472187"}],"wp:attachment":[{"href":"https:\/\/www.igr.univ-rennes.fr\/fr\/wp-json\/wp\/v2\/media?parent=472186"}],"wp:term":[{"taxonomy":"category","embeddable":true,"href":"https:\/\/www.igr.univ-rennes.fr\/fr\/wp-json\/wp\/v2\/categories?post=472186"},{"taxonomy":"post_tag","embeddable":true,"href":"https:\/\/www.igr.univ-rennes.fr\/fr\/wp-json\/wp\/v2\/tags?post=472186"}],"curies":[{"name":"wp","href":"https:\/\/api.w.org\/{rel}","templated":true}]}}