{"id":456543,"date":"2024-12-16T11:55:47","date_gmt":"2024-12-16T10:55:47","guid":{"rendered":"https:\/\/www.igr.univ-rennes.fr\/?p=456543"},"modified":"2025-01-07T15:53:44","modified_gmt":"2025-01-07T14:53:44","slug":"seminaire-futurs-experts-comptables-2024","status":"publish","type":"post","link":"https:\/\/www.igr.univ-rennes.fr\/fr\/seminaire-futurs-experts-comptables-2024\/","title":{"rendered":"S\u00e9minaire futurs experts-comptables 2024"},"content":{"rendered":"\t\t<div data-elementor-type=\"wp-post\" data-elementor-id=\"456543\" class=\"elementor elementor-456543\">\n\t\t\t\t\t\t\t\t\t<section class=\"elementor-section elementor-top-section elementor-element elementor-element-41daa18 elementor-section-boxed elementor-section-height-default elementor-section-height-default\" data-id=\"41daa18\" data-element_type=\"section\">\n\t\t\t\t\t\t<div class=\"elementor-container elementor-column-gap-default\">\n\t\t\t\t\t<div class=\"elementor-column elementor-col-100 elementor-top-column elementor-element elementor-element-d1f4a01\" data-id=\"d1f4a01\" data-element_type=\"column\">\n\t\t\t<div class=\"elementor-widget-wrap elementor-element-populated\">\n\t\t\t\t\t\t\t\t<div class=\"elementor-element elementor-element-be6cd74 elementor-widget elementor-widget-text-editor\" data-id=\"be6cd74\" data-element_type=\"widget\" data-widget_type=\"text-editor.default\">\n\t\t\t\t<div class=\"elementor-widget-container\">\n\t\t\t\t\t\t\t<p>Le s\u00e9minaire de cr\u00e9ation d\u2019entreprises sp\u00e9cial futurs experts-comptables a eu lieu cette ann\u00e9e du <strong>3 au 6 d\u00e9cembre 2024<\/strong>. <\/p><p>48 \u00e9tudiants de <strong>CCA 1 en formation initiale, et CCA 2 en alternance<\/strong> se sont form\u00e9s \u00e0 la posture de conseil en cr\u00e9ation d\u2019entreprise.<\/p><p>\u2022 <strong>Programme recens\u00e9 par l\u2019OPPE<\/strong> : Office P\u00e9dagogique des Pratiques Entrepreneuriales<\/p><p>\u2022 <strong>Programme de formation-action, learning by doing<\/strong>, du c\u00f4t\u00e9 du conseil en cr\u00e9ation sur les aspects strat\u00e9giques, marketing, humains, juridiques, comptables et financiers des projets<\/p><p>Les \u00e9tudiants ont rencontr\u00e9 leurs porteurs de projet en d\u00e9but de semaine (le 3 d\u00e9cembre dans la matin\u00e9e), porteurs de projet qui sont aussi des \u00e9tudiants, inscrits au dipl\u00f4me \u00e9tudiant-entrepreneurs de l\u2019IGR-IAE Rennes avec diff\u00e9rents projets d\u2019entreprise, afin que ceux-ci leur expliquent leurs probl\u00e9matiques ou leurs diff\u00e9rents questionnements. Par groupe de 5 \u00e9tudiants ils ont travaill\u00e9 pour trouver des solutions, des am\u00e9liorations \u00e0 leurs diff\u00e9rentes probl\u00e9matiques comptables et financi\u00e8res. Ils \u00e9taient assist\u00e9s par des professionnels (banquiers, experts-comptables, consultants\u2026) et des enseignants.<\/p><p>Les porteurs de projet ont beaucoup appr\u00e9ci\u00e9 ce s\u00e9minaire puisque cela leur a permis d\u2019avoir des outils de gestion (tableau de bord, suivi de la tr\u00e9sorerie\u2026) dont ils ne disposaient pas.<\/p><p><span style=\"color: #1ecad3;\"><em>\u00ab Ce s\u00e9minaire nous a permis d\u2019avoir acc\u00e8s \u00e0 diff\u00e9rents outils auxquels on n\u2019avait pas acc\u00e8s. En plus, les \u00e9tudiants qui ont travaill\u00e9 sur ce s\u00e9minaire \u00e9taient vraiment supers, ils ont su nous donner de bons conseils pour la suite. \u00bb<\/em><\/span><\/p><p>A la fin de la semaine, les \u00e9tudiants ont pr\u00e9sent\u00e9 aux porteurs de projet leurs propositions. Au final, ils se sont donc test\u00e9s \u00e0 la posture de conseil, posture indispensable dans leur futur m\u00e9tier d\u2019expert-comptable. En bref, ce s\u00e9minaire \u00e9tait une r\u00e9ussite pour tout le monde, que ce soit pour les \u00e9tudiants ou pour les porteurs de projet.<\/p><p>Merci aux diff\u00e9rents intervenants et coll\u00e8gues de l\u2019IGR-IAE Rennes qui ont donn\u00e9 de leur temps ou nous ont aid\u00e9 \u00e0 pr\u00e9parer ce s\u00e9minaire.<\/p><ul><li>Selom AGBETONYO : LRU \u2013 IGR-IAE Rennes<\/li><li>Thomas AUVRAY : Fondateur de Klustomer<\/li><li>Simon DUBOS : Responsable du centre de relations et de la prescription \u2013 Cr\u00e9dit Mutuel Ark\u00e9a<\/li><li>Olivier GUILLAS : Ma\u00eetre de Conf\u00e9rence associ\u00e9, droit social \u2013 IGR-IAE Rennes<\/li><li>Laurent LE HEN : Ma\u00eetre de conf\u00e9rences \u2013 IGR-IAE Rennes<\/li><li>Emmanuel LEHUGER : Conseiller en cr\u00e9ation d\u2019entreprise \u2013 In Extenso<\/li><li>Karine LE RUDULIER : Ma\u00eetre de conf\u00e9rences \u2013 IGR-IAE Rennes<\/li><li>Emmanuel LORANT : Expert-comptable \u2013 BLV Associ\u00e9s<\/li><li>Fr\u00e9d\u00e9ric PITRON : Juriste, charg\u00e9 enseignement, Facult\u00e9 de droit et IGR-IAE Rennes<\/li><li>Laura SABBADO DA ROSA : Ma\u00eetre de conf\u00e9rences \u2013IGR-IAE Rennes<\/li><\/ul>\t\t\t\t\t\t<\/div>\n\t\t\t\t<\/div>\n\t\t\t\t\t<\/div>\n\t\t<\/div>\n\t\t\t\t\t\t\t<\/div>\n\t\t<\/section>\n\t\t\t\t\t\t\t<\/div>\n\t\t","protected":false},"excerpt":{"rendered":"<p>Le s\u00e9minaire de cr\u00e9ation d\u2019entreprises sp\u00e9cial futurs experts-comptables a eu lieu cette ann\u00e9e du 3 au 6 d\u00e9cembre 2024<\/p>\n","protected":false},"author":11,"featured_media":456541,"comment_status":"closed","ping_status":"closed","sticky":false,"template":"","format":"standard","meta":{"footnotes":""},"categories":[64],"tags":[],"yoast_head":"<!-- This site is optimized with the Yoast SEO plugin v21.1 - https:\/\/yoast.com\/wordpress\/plugins\/seo\/ -->\n<title>S\u00e9minaire futurs experts-comptables 2024 - IGR IAE Rennes<\/title>\n<meta name=\"robots\" content=\"index, follow, max-snippet:-1, max-image-preview:large, max-video-preview:-1\" \/>\n<link rel=\"canonical\" href=\"https:\/\/www.igr.univ-rennes.fr\/fr\/seminaire-futurs-experts-comptables-2024\/\" \/>\n<meta property=\"og:locale\" content=\"fr_FR\" \/>\n<meta property=\"og:type\" content=\"article\" \/>\n<meta property=\"og:title\" content=\"S\u00e9minaire futurs experts-comptables 2024 - IGR IAE Rennes\" \/>\n<meta property=\"og:description\" content=\"Le s\u00e9minaire de cr\u00e9ation d\u2019entreprises sp\u00e9cial futurs experts-comptables a eu lieu cette ann\u00e9e du 3 au 6 d\u00e9cembre 2024\" \/>\n<meta property=\"og:url\" content=\"https:\/\/www.igr.univ-rennes.fr\/fr\/seminaire-futurs-experts-comptables-2024\/\" \/>\n<meta property=\"og:site_name\" content=\"IGR IAE Rennes\" \/>\n<meta property=\"article:published_time\" content=\"2024-12-16T10:55:47+00:00\" \/>\n<meta property=\"article:modified_time\" content=\"2025-01-07T14:53:44+00:00\" \/>\n<meta property=\"og:image\" content=\"https:\/\/www.igr.univ-rennes.fr\/wp-content\/uploads\/2024\/12\/Seminaire-futurs-experts-comptables-2024.jpg\" \/>\n\t<meta property=\"og:image:width\" content=\"2400\" \/>\n\t<meta property=\"og:image:height\" content=\"1260\" \/>\n\t<meta property=\"og:image:type\" content=\"image\/jpeg\" \/>\n<meta name=\"author\" content=\"Marie-Annick Robin\" \/>\n<meta name=\"twitter:card\" content=\"summary_large_image\" \/>\n<meta name=\"twitter:label1\" content=\"\u00c9crit par\" \/>\n\t<meta name=\"twitter:data1\" content=\"Marie-Annick Robin\" \/>\n\t<meta name=\"twitter:label2\" content=\"Dur\u00e9e de lecture estim\u00e9e\" \/>\n\t<meta name=\"twitter:data2\" content=\"3 minutes\" \/>\n<script type=\"application\/ld+json\" class=\"yoast-schema-graph\">{\"@context\":\"https:\/\/schema.org\",\"@graph\":[{\"@type\":\"Article\",\"@id\":\"https:\/\/www.igr.univ-rennes.fr\/fr\/seminaire-futurs-experts-comptables-2024\/#article\",\"isPartOf\":{\"@id\":\"https:\/\/www.igr.univ-rennes.fr\/fr\/seminaire-futurs-experts-comptables-2024\/\"},\"author\":{\"name\":\"Marie-Annick Robin\",\"@id\":\"https:\/\/www.igr.univ-rennes.fr\/fr\/#\/schema\/person\/5f1ef906f2986c0eaa338b7258c4082b\"},\"headline\":\"S\u00e9minaire futurs experts-comptables 2024\",\"datePublished\":\"2024-12-16T10:55:47+00:00\",\"dateModified\":\"2025-01-07T14:53:44+00:00\",\"mainEntityOfPage\":{\"@id\":\"https:\/\/www.igr.univ-rennes.fr\/fr\/seminaire-futurs-experts-comptables-2024\/\"},\"wordCount\":447,\"publisher\":{\"@id\":\"https:\/\/www.igr.univ-rennes.fr\/fr\/#organization\"},\"articleSection\":[\"Formation\"],\"inLanguage\":\"fr-FR\"},{\"@type\":\"WebPage\",\"@id\":\"https:\/\/www.igr.univ-rennes.fr\/fr\/seminaire-futurs-experts-comptables-2024\/\",\"url\":\"https:\/\/www.igr.univ-rennes.fr\/fr\/seminaire-futurs-experts-comptables-2024\/\",\"name\":\"S\u00e9minaire futurs experts-comptables 2024 - IGR IAE Rennes\",\"isPartOf\":{\"@id\":\"https:\/\/www.igr.univ-rennes.fr\/fr\/#website\"},\"datePublished\":\"2024-12-16T10:55:47+00:00\",\"dateModified\":\"2025-01-07T14:53:44+00:00\",\"breadcrumb\":{\"@id\":\"https:\/\/www.igr.univ-rennes.fr\/fr\/seminaire-futurs-experts-comptables-2024\/#breadcrumb\"},\"inLanguage\":\"fr-FR\",\"potentialAction\":[{\"@type\":\"ReadAction\",\"target\":[\"https:\/\/www.igr.univ-rennes.fr\/fr\/seminaire-futurs-experts-comptables-2024\/\"]}]},{\"@type\":\"BreadcrumbList\",\"@id\":\"https:\/\/www.igr.univ-rennes.fr\/fr\/seminaire-futurs-experts-comptables-2024\/#breadcrumb\",\"itemListElement\":[{\"@type\":\"ListItem\",\"position\":1,\"name\":\"Accueil\",\"item\":\"https:\/\/www.igr.univ-rennes.fr\/fr\/\"},{\"@type\":\"ListItem\",\"position\":2,\"name\":\"S\u00e9minaire futurs experts-comptables 2024\"}]},{\"@type\":\"WebSite\",\"@id\":\"https:\/\/www.igr.univ-rennes.fr\/fr\/#website\",\"url\":\"https:\/\/www.igr.univ-rennes.fr\/fr\/\",\"name\":\"IGR IAE Rennes\",\"description\":\"\",\"publisher\":{\"@id\":\"https:\/\/www.igr.univ-rennes.fr\/fr\/#organization\"},\"potentialAction\":[{\"@type\":\"SearchAction\",\"target\":{\"@type\":\"EntryPoint\",\"urlTemplate\":\"https:\/\/www.igr.univ-rennes.fr\/fr\/?s={search_term_string}\"},\"query-input\":\"required name=search_term_string\"}],\"inLanguage\":\"fr-FR\"},{\"@type\":\"Organization\",\"@id\":\"https:\/\/www.igr.univ-rennes.fr\/fr\/#organization\",\"name\":\"IGR IAE Rennes\",\"url\":\"https:\/\/www.igr.univ-rennes.fr\/fr\/\",\"logo\":{\"@type\":\"ImageObject\",\"inLanguage\":\"fr-FR\",\"@id\":\"https:\/\/www.igr.univ-rennes.fr\/fr\/#\/schema\/logo\/image\/\",\"url\":\"https:\/\/www.igr.univ-rennes.fr\/wp-content\/uploads\/2020\/06\/Logo-IGR-IAE-Rennes_Blanc-300dpi-RVB-e1597327228224.png\",\"contentUrl\":\"https:\/\/www.igr.univ-rennes.fr\/wp-content\/uploads\/2020\/06\/Logo-IGR-IAE-Rennes_Blanc-300dpi-RVB-e1597327228224.png\",\"width\":290,\"height\":107,\"caption\":\"IGR IAE Rennes\"},\"image\":{\"@id\":\"https:\/\/www.igr.univ-rennes.fr\/fr\/#\/schema\/logo\/image\/\"}},{\"@type\":\"Person\",\"@id\":\"https:\/\/www.igr.univ-rennes.fr\/fr\/#\/schema\/person\/5f1ef906f2986c0eaa338b7258c4082b\",\"name\":\"Marie-Annick Robin\",\"image\":{\"@type\":\"ImageObject\",\"inLanguage\":\"fr-FR\",\"@id\":\"https:\/\/www.igr.univ-rennes.fr\/fr\/#\/schema\/person\/image\/\",\"url\":\"https:\/\/secure.gravatar.com\/avatar\/2be340e59f359ca7aa475c1693137388?s=96&d=mm&r=g\",\"contentUrl\":\"https:\/\/secure.gravatar.com\/avatar\/2be340e59f359ca7aa475c1693137388?s=96&d=mm&r=g\",\"caption\":\"Marie-Annick Robin\"}}]}<\/script>\n<!-- \/ Yoast SEO plugin. -->","yoast_head_json":{"title":"S\u00e9minaire futurs experts-comptables 2024 - IGR IAE Rennes","robots":{"index":"index","follow":"follow","max-snippet":"max-snippet:-1","max-image-preview":"max-image-preview:large","max-video-preview":"max-video-preview:-1"},"canonical":"https:\/\/www.igr.univ-rennes.fr\/fr\/seminaire-futurs-experts-comptables-2024\/","og_locale":"fr_FR","og_type":"article","og_title":"S\u00e9minaire futurs experts-comptables 2024 - IGR IAE Rennes","og_description":"Le s\u00e9minaire de cr\u00e9ation d\u2019entreprises sp\u00e9cial futurs experts-comptables a eu lieu cette ann\u00e9e du 3 au 6 d\u00e9cembre 2024","og_url":"https:\/\/www.igr.univ-rennes.fr\/fr\/seminaire-futurs-experts-comptables-2024\/","og_site_name":"IGR IAE Rennes","article_published_time":"2024-12-16T10:55:47+00:00","article_modified_time":"2025-01-07T14:53:44+00:00","og_image":[{"width":2400,"height":1260,"url":"https:\/\/www.igr.univ-rennes.fr\/wp-content\/uploads\/2024\/12\/Seminaire-futurs-experts-comptables-2024.jpg","type":"image\/jpeg"}],"author":"Marie-Annick Robin","twitter_card":"summary_large_image","twitter_misc":{"\u00c9crit par":"Marie-Annick Robin","Dur\u00e9e de lecture estim\u00e9e":"3 minutes"},"schema":{"@context":"https:\/\/schema.org","@graph":[{"@type":"Article","@id":"https:\/\/www.igr.univ-rennes.fr\/fr\/seminaire-futurs-experts-comptables-2024\/#article","isPartOf":{"@id":"https:\/\/www.igr.univ-rennes.fr\/fr\/seminaire-futurs-experts-comptables-2024\/"},"author":{"name":"Marie-Annick Robin","@id":"https:\/\/www.igr.univ-rennes.fr\/fr\/#\/schema\/person\/5f1ef906f2986c0eaa338b7258c4082b"},"headline":"S\u00e9minaire futurs experts-comptables 2024","datePublished":"2024-12-16T10:55:47+00:00","dateModified":"2025-01-07T14:53:44+00:00","mainEntityOfPage":{"@id":"https:\/\/www.igr.univ-rennes.fr\/fr\/seminaire-futurs-experts-comptables-2024\/"},"wordCount":447,"publisher":{"@id":"https:\/\/www.igr.univ-rennes.fr\/fr\/#organization"},"articleSection":["Formation"],"inLanguage":"fr-FR"},{"@type":"WebPage","@id":"https:\/\/www.igr.univ-rennes.fr\/fr\/seminaire-futurs-experts-comptables-2024\/","url":"https:\/\/www.igr.univ-rennes.fr\/fr\/seminaire-futurs-experts-comptables-2024\/","name":"S\u00e9minaire futurs experts-comptables 2024 - IGR IAE Rennes","isPartOf":{"@id":"https:\/\/www.igr.univ-rennes.fr\/fr\/#website"},"datePublished":"2024-12-16T10:55:47+00:00","dateModified":"2025-01-07T14:53:44+00:00","breadcrumb":{"@id":"https:\/\/www.igr.univ-rennes.fr\/fr\/seminaire-futurs-experts-comptables-2024\/#breadcrumb"},"inLanguage":"fr-FR","potentialAction":[{"@type":"ReadAction","target":["https:\/\/www.igr.univ-rennes.fr\/fr\/seminaire-futurs-experts-comptables-2024\/"]}]},{"@type":"BreadcrumbList","@id":"https:\/\/www.igr.univ-rennes.fr\/fr\/seminaire-futurs-experts-comptables-2024\/#breadcrumb","itemListElement":[{"@type":"ListItem","position":1,"name":"Accueil","item":"https:\/\/www.igr.univ-rennes.fr\/fr\/"},{"@type":"ListItem","position":2,"name":"S\u00e9minaire futurs experts-comptables 2024"}]},{"@type":"WebSite","@id":"https:\/\/www.igr.univ-rennes.fr\/fr\/#website","url":"https:\/\/www.igr.univ-rennes.fr\/fr\/","name":"IGR IAE Rennes","description":"","publisher":{"@id":"https:\/\/www.igr.univ-rennes.fr\/fr\/#organization"},"potentialAction":[{"@type":"SearchAction","target":{"@type":"EntryPoint","urlTemplate":"https:\/\/www.igr.univ-rennes.fr\/fr\/?s={search_term_string}"},"query-input":"required name=search_term_string"}],"inLanguage":"fr-FR"},{"@type":"Organization","@id":"https:\/\/www.igr.univ-rennes.fr\/fr\/#organization","name":"IGR IAE Rennes","url":"https:\/\/www.igr.univ-rennes.fr\/fr\/","logo":{"@type":"ImageObject","inLanguage":"fr-FR","@id":"https:\/\/www.igr.univ-rennes.fr\/fr\/#\/schema\/logo\/image\/","url":"https:\/\/www.igr.univ-rennes.fr\/wp-content\/uploads\/2020\/06\/Logo-IGR-IAE-Rennes_Blanc-300dpi-RVB-e1597327228224.png","contentUrl":"https:\/\/www.igr.univ-rennes.fr\/wp-content\/uploads\/2020\/06\/Logo-IGR-IAE-Rennes_Blanc-300dpi-RVB-e1597327228224.png","width":290,"height":107,"caption":"IGR IAE Rennes"},"image":{"@id":"https:\/\/www.igr.univ-rennes.fr\/fr\/#\/schema\/logo\/image\/"}},{"@type":"Person","@id":"https:\/\/www.igr.univ-rennes.fr\/fr\/#\/schema\/person\/5f1ef906f2986c0eaa338b7258c4082b","name":"Marie-Annick Robin","image":{"@type":"ImageObject","inLanguage":"fr-FR","@id":"https:\/\/www.igr.univ-rennes.fr\/fr\/#\/schema\/person\/image\/","url":"https:\/\/secure.gravatar.com\/avatar\/2be340e59f359ca7aa475c1693137388?s=96&d=mm&r=g","contentUrl":"https:\/\/secure.gravatar.com\/avatar\/2be340e59f359ca7aa475c1693137388?s=96&d=mm&r=g","caption":"Marie-Annick Robin"}}]}},"_links":{"self":[{"href":"https:\/\/www.igr.univ-rennes.fr\/fr\/wp-json\/wp\/v2\/posts\/456543"}],"collection":[{"href":"https:\/\/www.igr.univ-rennes.fr\/fr\/wp-json\/wp\/v2\/posts"}],"about":[{"href":"https:\/\/www.igr.univ-rennes.fr\/fr\/wp-json\/wp\/v2\/types\/post"}],"author":[{"embeddable":true,"href":"https:\/\/www.igr.univ-rennes.fr\/fr\/wp-json\/wp\/v2\/users\/11"}],"replies":[{"embeddable":true,"href":"https:\/\/www.igr.univ-rennes.fr\/fr\/wp-json\/wp\/v2\/comments?post=456543"}],"version-history":[{"count":11,"href":"https:\/\/www.igr.univ-rennes.fr\/fr\/wp-json\/wp\/v2\/posts\/456543\/revisions"}],"predecessor-version":[{"id":456554,"href":"https:\/\/www.igr.univ-rennes.fr\/fr\/wp-json\/wp\/v2\/posts\/456543\/revisions\/456554"}],"wp:featuredmedia":[{"embeddable":true,"href":"https:\/\/www.igr.univ-rennes.fr\/fr\/wp-json\/wp\/v2\/media\/456541"}],"wp:attachment":[{"href":"https:\/\/www.igr.univ-rennes.fr\/fr\/wp-json\/wp\/v2\/media?parent=456543"}],"wp:term":[{"taxonomy":"category","embeddable":true,"href":"https:\/\/www.igr.univ-rennes.fr\/fr\/wp-json\/wp\/v2\/categories?post=456543"},{"taxonomy":"post_tag","embeddable":true,"href":"https:\/\/www.igr.univ-rennes.fr\/fr\/wp-json\/wp\/v2\/tags?post=456543"}],"curies":[{"name":"wp","href":"https:\/\/api.w.org\/{rel}","templated":true}]}}