{"id":415309,"date":"2024-07-17T09:55:07","date_gmt":"2024-07-17T07:55:07","guid":{"rendered":"https:\/\/www.igr.univ-rennes.fr\/?p=415309"},"modified":"2024-09-11T10:09:30","modified_gmt":"2024-09-11T08:09:30","slug":"karine-le-rudulier-promue-chevalier-de-lordre-national-du-merite","status":"publish","type":"post","link":"https:\/\/www.igr.univ-rennes.fr\/fr\/karine-le-rudulier-promue-chevalier-de-lordre-national-du-merite\/","title":{"rendered":"Karine Le Rudulier, promue Chevalier de l&rsquo;Ordre National du M\u00e9rite"},"content":{"rendered":"\t\t<div data-elementor-type=\"wp-post\" data-elementor-id=\"415309\" class=\"elementor elementor-415309\" data-elementor-post-type=\"post\">\n\t\t\t\t\t\t<section class=\"elementor-section elementor-top-section elementor-element elementor-element-123f4cd elementor-section-boxed elementor-section-height-default elementor-section-height-default\" data-id=\"123f4cd\" data-element_type=\"section\" data-e-type=\"section\">\n\t\t\t\t\t\t<div class=\"elementor-container elementor-column-gap-default\">\n\t\t\t\t\t<div class=\"elementor-column elementor-col-100 elementor-top-column elementor-element elementor-element-958d4a2\" data-id=\"958d4a2\" data-element_type=\"column\" data-e-type=\"column\">\n\t\t\t<div class=\"elementor-widget-wrap elementor-element-populated\">\n\t\t\t\t\t\t<div class=\"elementor-element elementor-element-d39b71c elementor-widget elementor-widget-text-editor\" data-id=\"d39b71c\" data-element_type=\"widget\" data-e-type=\"widget\" data-widget_type=\"text-editor.default\">\n\t\t\t\t<div class=\"elementor-widget-container\">\n\t\t\t\t\t\t\t\t\t<p>Plusieurs personnalit\u00e9s d\u2019Ille-et-Vilaine ont \u00e9t\u00e9 d\u00e9cor\u00e9es ou promues par les deux principaux ordres nationaux, entre juin et juillet. Parmi elles, <strong>Karine Le Rudulier<\/strong>, Ma\u00eetre de conf\u00e9rences \u00e0 l&rsquo;IGR-IAE Rennes, a \u00e9t\u00e9 faite <strong>Chevalier de l&rsquo;Ordre National du M\u00e9rite<\/strong>.<\/p><p>Enseignante-chercheuse \u00e0 l\u2019IGR-IAE Rennes \/ Universit\u00e9 de Rennes, ses enseignements et travaux de recherche portent sur la p\u00e9dagogie sur l&rsquo;entrepreneuriat (cr\u00e9ation et reprise d\u2019entreprise). Karine Le Rudulier pratique une p\u00e9dagogie bas\u00e9e sur le learning by doing et cr\u00e9e des outils p\u00e9dagogiques (jeu <a href=\"https:\/\/www.jeukikre.com\/\" target=\"_blank\" rel=\"noopener\">KIKRE<\/a>, <a href=\"http:\/\/laboxentrepreneuriat.fr\/\" target=\"_blank\" rel=\"noopener\">La Box Entrepreneuriat<\/a>). Impliqu\u00e9e dans l&rsquo;\u00e9cosyst\u00e8me li\u00e9 \u00e0 l&rsquo;entrepreneuriat avec des responsabilit\u00e9s institutionnelles. Elle a \u00e9t\u00e9 vice-pr\u00e9sidente Universit\u00e9 Bretagne Loire en charge de l&rsquo;entrepreneuriat \u00e9tudiant pendant deux ans, et directrice de <a href=\"https:\/\/www.pepitebretagne.fr\/\" target=\"_blank\" rel=\"noopener\">PEPITE Bretagne<\/a> pendant trois ans et actuelle administratrice <a href=\"https:\/\/www.bge-bretagne.com\/\" target=\"_blank\" rel=\"noopener\">BGE\u00a0Bretagne<\/a>.<\/p><p>Nous adressons nos f\u00e9licitations \u00e0 Karine pour cette distinction tr\u00e8s m\u00e9rit\u00e9e.<\/p>\t\t\t\t\t\t\t\t<\/div>\n\t\t\t\t<\/div>\n\t\t\t\t\t<\/div>\n\t\t<\/div>\n\t\t\t\t\t<\/div>\n\t\t<\/section>\n\t\t\t\t<section class=\"elementor-section elementor-top-section elementor-element elementor-element-bd15813 elementor-section-boxed elementor-section-height-default elementor-section-height-default\" data-id=\"bd15813\" data-element_type=\"section\" data-e-type=\"section\">\n\t\t\t\t\t\t<div class=\"elementor-container elementor-column-gap-default\">\n\t\t\t\t\t<div class=\"elementor-column elementor-col-100 elementor-top-column elementor-element elementor-element-3486b30\" data-id=\"3486b30\" data-element_type=\"column\" data-e-type=\"column\">\n\t\t\t<div class=\"elementor-widget-wrap elementor-element-populated\">\n\t\t\t\t\t\t<div class=\"elementor-element elementor-element-4162126 elementor-align-center elementor-widget elementor-widget-button\" data-id=\"4162126\" data-element_type=\"widget\" data-e-type=\"widget\" data-widget_type=\"button.default\">\n\t\t\t\t<div class=\"elementor-widget-container\">\n\t\t\t\t\t\t\t\t\t<div class=\"elementor-button-wrapper\">\n\t\t\t\t\t<a class=\"elementor-button elementor-button-link elementor-size-sm\" href=\"https:\/\/www.ouest-france.fr\/bretagne\/ille-et-vilaine\/legion-dhonneur-et-ordre-du-merite-qui-a-ete-decore-en-ille-et-vilaine-7cf30cd0-4293-11ef-b308-87d59cb0f918\" target=\"_blank\">\n\t\t\t\t\t\t<span class=\"elementor-button-content-wrapper\">\n\t\t\t\t\t\t\t\t\t<span class=\"elementor-button-text\">Lire l'article Ouest-France<\/span>\n\t\t\t\t\t<\/span>\n\t\t\t\t\t<\/a>\n\t\t\t\t<\/div>\n\t\t\t\t\t\t\t\t<\/div>\n\t\t\t\t<\/div>\n\t\t\t\t\t<\/div>\n\t\t<\/div>\n\t\t\t\t\t<\/div>\n\t\t<\/section>\n\t\t\t\t<section class=\"elementor-section elementor-top-section elementor-element elementor-element-d25b3d7 elementor-section-boxed elementor-section-height-default elementor-section-height-default\" data-id=\"d25b3d7\" data-element_type=\"section\" data-e-type=\"section\">\n\t\t\t\t\t\t<div class=\"elementor-container elementor-column-gap-default\">\n\t\t\t\t\t<div class=\"elementor-column elementor-col-100 elementor-top-column elementor-element elementor-element-0ff9451\" data-id=\"0ff9451\" data-element_type=\"column\" data-e-type=\"column\">\n\t\t\t<div class=\"elementor-widget-wrap elementor-element-populated\">\n\t\t\t\t\t\t<div class=\"elementor-element elementor-element-ddea45e elementor-widget elementor-widget-text-editor\" data-id=\"ddea45e\" data-element_type=\"widget\" data-e-type=\"widget\" data-widget_type=\"text-editor.default\">\n\t\t\t\t<div class=\"elementor-widget-container\">\n\t\t\t\t\t\t\t\t\t<h4>Quelques rep\u00e8res<\/h4><ul><li>Responsable du dipl\u00f4me d\u2019\u00e9tudiant entrepreneur depuis septembre 2014<\/li><li>Responsable MAE parcours EMPI (Entrepreneuriat et Management de Projets Innovants) depuis septembre 2012<\/li><li>En charge de l&rsquo;entrepreneuriat \u00e0 l&rsquo;IGR-IAE Rennes depuis 2014<\/li><li>Membre du comit\u00e9 de direction et du conseil d\u2019administration de l\u2019IGR-IAE Rennes de janv. 2009 \u00e0 juillet 2020<\/li><li>Responsable de la vie associative \u00e0 l\u2019IGR-IAE Rennes de 2003 \u00e0 2013<\/li><li>Membre Laboratoire IODE, UMR CNRS 6262<\/li><li>Directrice PEPITE Bretagne de 2016 \u00e0 2019<\/li><li>Vice-pr\u00e9sidente Universit\u00e9 Bretagne Loire en charge de l\u2019entrepreneuriat \u00e9tudiant de juin 2016 \u00e0 janvier 2019<\/li><li>Cr\u00e9atrice de la Box Entrepreneuriat<\/li><li>Co-conceptrice du jeu de plateau cr\u00e9ation entreprise Kikr\u00e9 en 2007 : laur\u00e9ate du prix cidefef-Fnege en 2015<\/li><li>Pr\u00e9sidente BGE Ille et Vilaine de 2019 \u00e0 2024<\/li><li>Administratrice de BGE Bretagne depuis juin 2024<\/li><\/ul>\t\t\t\t\t\t\t\t<\/div>\n\t\t\t\t<\/div>\n\t\t\t\t\t<\/div>\n\t\t<\/div>\n\t\t\t\t\t<\/div>\n\t\t<\/section>\n\t\t\t\t<\/div>\n\t\t","protected":false},"excerpt":{"rendered":"<p>Enseignante-chercheuse \u00e0 l\u2019IGR-IAE Rennes \/ Universit\u00e9 de Rennes, ses enseignements et travaux de recherche portent sur la p\u00e9dagogie sur l&rsquo;entrepreneuriat<\/p>\n","protected":false},"author":11,"featured_media":415307,"comment_status":"closed","ping_status":"closed","sticky":true,"template":"","format":"standard","meta":{"_acf_changed":false,"footnotes":""},"categories":[66],"tags":[],"class_list":["post-415309","post","type-post","status-publish","format-standard","has-post-thumbnail","hentry","category-recherche"],"acf":[],"yoast_head":"<!-- This site is optimized with the Yoast SEO plugin v27.5 - https:\/\/yoast.com\/product\/yoast-seo-wordpress\/ -->\n<title>Karine Le Rudulier, promue Chevalier de l&rsquo;Ordre National du M\u00e9rite - IGR IAE Rennes<\/title>\n<meta name=\"robots\" content=\"index, follow, max-snippet:-1, max-image-preview:large, max-video-preview:-1\" \/>\n<link rel=\"canonical\" href=\"https:\/\/www.igr.univ-rennes.fr\/fr\/karine-le-rudulier-promue-chevalier-de-lordre-national-du-merite\/\" \/>\n<meta property=\"og:locale\" content=\"fr_FR\" \/>\n<meta property=\"og:type\" content=\"article\" \/>\n<meta property=\"og:title\" content=\"Karine Le Rudulier, promue Chevalier de l&rsquo;Ordre National du M\u00e9rite - IGR IAE Rennes\" \/>\n<meta property=\"og:description\" content=\"Enseignante-chercheuse \u00e0 l\u2019IGR-IAE Rennes \/ Universit\u00e9 de Rennes, ses enseignements et travaux de recherche portent sur la p\u00e9dagogie sur l&#039;entrepreneuriat\" \/>\n<meta property=\"og:url\" content=\"https:\/\/www.igr.univ-rennes.fr\/fr\/karine-le-rudulier-promue-chevalier-de-lordre-national-du-merite\/\" \/>\n<meta property=\"og:site_name\" content=\"IGR IAE Rennes\" \/>\n<meta property=\"article:published_time\" content=\"2024-07-17T07:55:07+00:00\" \/>\n<meta property=\"article:modified_time\" content=\"2024-09-11T08:09:30+00:00\" \/>\n<meta property=\"og:image\" content=\"https:\/\/www.igr.univ-rennes.fr\/wp-content\/uploads\/2024\/07\/KLR-chevalier-ordre-merite-1024x538.jpg\" \/>\n\t<meta property=\"og:image:width\" content=\"1024\" \/>\n\t<meta property=\"og:image:height\" content=\"538\" \/>\n\t<meta property=\"og:image:type\" content=\"image\/jpeg\" \/>\n<meta name=\"author\" content=\"Marie-Annick Robin\" \/>\n<meta name=\"twitter:card\" content=\"summary_large_image\" \/>\n<meta name=\"twitter:label1\" content=\"\u00c9crit par\" \/>\n\t<meta name=\"twitter:data1\" content=\"Marie-Annick Robin\" \/>\n\t<meta name=\"twitter:label2\" content=\"Dur\u00e9e de lecture estim\u00e9e\" \/>\n\t<meta name=\"twitter:data2\" content=\"2 minutes\" \/>\n<script type=\"application\/ld+json\" class=\"yoast-schema-graph\">{\"@context\":\"https:\\\/\\\/schema.org\",\"@graph\":[{\"@type\":\"Article\",\"@id\":\"https:\\\/\\\/www.igr.univ-rennes.fr\\\/fr\\\/karine-le-rudulier-promue-chevalier-de-lordre-national-du-merite\\\/#article\",\"isPartOf\":{\"@id\":\"https:\\\/\\\/www.igr.univ-rennes.fr\\\/fr\\\/karine-le-rudulier-promue-chevalier-de-lordre-national-du-merite\\\/\"},\"author\":{\"name\":\"Marie-Annick Robin\",\"@id\":\"https:\\\/\\\/www.igr.univ-rennes.fr\\\/fr\\\/#\\\/schema\\\/person\\\/5f1ef906f2986c0eaa338b7258c4082b\"},\"headline\":\"Karine Le Rudulier, promue Chevalier de l&rsquo;Ordre National du M\u00e9rite\",\"datePublished\":\"2024-07-17T07:55:07+00:00\",\"dateModified\":\"2024-09-11T08:09:30+00:00\",\"mainEntityOfPage\":{\"@id\":\"https:\\\/\\\/www.igr.univ-rennes.fr\\\/fr\\\/karine-le-rudulier-promue-chevalier-de-lordre-national-du-merite\\\/\"},\"wordCount\":291,\"publisher\":{\"@id\":\"https:\\\/\\\/www.igr.univ-rennes.fr\\\/fr\\\/#organization\"},\"image\":{\"@id\":\"https:\\\/\\\/www.igr.univ-rennes.fr\\\/fr\\\/karine-le-rudulier-promue-chevalier-de-lordre-national-du-merite\\\/#primaryimage\"},\"thumbnailUrl\":\"https:\\\/\\\/www.igr.univ-rennes.fr\\\/wp-content\\\/uploads\\\/2024\\\/07\\\/KLR-chevalier-ordre-merite.jpg\",\"articleSection\":[\"Recherche\"],\"inLanguage\":\"fr-FR\"},{\"@type\":\"WebPage\",\"@id\":\"https:\\\/\\\/www.igr.univ-rennes.fr\\\/fr\\\/karine-le-rudulier-promue-chevalier-de-lordre-national-du-merite\\\/\",\"url\":\"https:\\\/\\\/www.igr.univ-rennes.fr\\\/fr\\\/karine-le-rudulier-promue-chevalier-de-lordre-national-du-merite\\\/\",\"name\":\"Karine Le Rudulier, promue Chevalier de l&rsquo;Ordre National du M\u00e9rite - IGR IAE Rennes\",\"isPartOf\":{\"@id\":\"https:\\\/\\\/www.igr.univ-rennes.fr\\\/fr\\\/#website\"},\"primaryImageOfPage\":{\"@id\":\"https:\\\/\\\/www.igr.univ-rennes.fr\\\/fr\\\/karine-le-rudulier-promue-chevalier-de-lordre-national-du-merite\\\/#primaryimage\"},\"image\":{\"@id\":\"https:\\\/\\\/www.igr.univ-rennes.fr\\\/fr\\\/karine-le-rudulier-promue-chevalier-de-lordre-national-du-merite\\\/#primaryimage\"},\"thumbnailUrl\":\"https:\\\/\\\/www.igr.univ-rennes.fr\\\/wp-content\\\/uploads\\\/2024\\\/07\\\/KLR-chevalier-ordre-merite.jpg\",\"datePublished\":\"2024-07-17T07:55:07+00:00\",\"dateModified\":\"2024-09-11T08:09:30+00:00\",\"breadcrumb\":{\"@id\":\"https:\\\/\\\/www.igr.univ-rennes.fr\\\/fr\\\/karine-le-rudulier-promue-chevalier-de-lordre-national-du-merite\\\/#breadcrumb\"},\"inLanguage\":\"fr-FR\",\"potentialAction\":[{\"@type\":\"ReadAction\",\"target\":[\"https:\\\/\\\/www.igr.univ-rennes.fr\\\/fr\\\/karine-le-rudulier-promue-chevalier-de-lordre-national-du-merite\\\/\"]}]},{\"@type\":\"ImageObject\",\"inLanguage\":\"fr-FR\",\"@id\":\"https:\\\/\\\/www.igr.univ-rennes.fr\\\/fr\\\/karine-le-rudulier-promue-chevalier-de-lordre-national-du-merite\\\/#primaryimage\",\"url\":\"https:\\\/\\\/www.igr.univ-rennes.fr\\\/wp-content\\\/uploads\\\/2024\\\/07\\\/KLR-chevalier-ordre-merite.jpg\",\"contentUrl\":\"https:\\\/\\\/www.igr.univ-rennes.fr\\\/wp-content\\\/uploads\\\/2024\\\/07\\\/KLR-chevalier-ordre-merite.jpg\",\"width\":2400,\"height\":1260,\"caption\":\"KLR-chevalier-ordre-merite\"},{\"@type\":\"BreadcrumbList\",\"@id\":\"https:\\\/\\\/www.igr.univ-rennes.fr\\\/fr\\\/karine-le-rudulier-promue-chevalier-de-lordre-national-du-merite\\\/#breadcrumb\",\"itemListElement\":[{\"@type\":\"ListItem\",\"position\":1,\"name\":\"Accueil\",\"item\":\"https:\\\/\\\/www.igr.univ-rennes.fr\\\/fr\\\/\"},{\"@type\":\"ListItem\",\"position\":2,\"name\":\"Karine Le Rudulier, promue Chevalier de l&rsquo;Ordre National du M\u00e9rite\"}]},{\"@type\":\"WebSite\",\"@id\":\"https:\\\/\\\/www.igr.univ-rennes.fr\\\/fr\\\/#website\",\"url\":\"https:\\\/\\\/www.igr.univ-rennes.fr\\\/fr\\\/\",\"name\":\"IGR IAE Rennes\",\"description\":\"\",\"publisher\":{\"@id\":\"https:\\\/\\\/www.igr.univ-rennes.fr\\\/fr\\\/#organization\"},\"potentialAction\":[{\"@type\":\"SearchAction\",\"target\":{\"@type\":\"EntryPoint\",\"urlTemplate\":\"https:\\\/\\\/www.igr.univ-rennes.fr\\\/fr\\\/?s={search_term_string}\"},\"query-input\":{\"@type\":\"PropertyValueSpecification\",\"valueRequired\":true,\"valueName\":\"search_term_string\"}}],\"inLanguage\":\"fr-FR\"},{\"@type\":\"Organization\",\"@id\":\"https:\\\/\\\/www.igr.univ-rennes.fr\\\/fr\\\/#organization\",\"name\":\"IGR IAE Rennes\",\"url\":\"https:\\\/\\\/www.igr.univ-rennes.fr\\\/fr\\\/\",\"logo\":{\"@type\":\"ImageObject\",\"inLanguage\":\"fr-FR\",\"@id\":\"https:\\\/\\\/www.igr.univ-rennes.fr\\\/fr\\\/#\\\/schema\\\/logo\\\/image\\\/\",\"url\":\"https:\\\/\\\/www.igr.univ-rennes.fr\\\/wp-content\\\/uploads\\\/2020\\\/06\\\/Logo-IGR-IAE-Rennes_Blanc-300dpi-RVB-e1597327228224.png\",\"contentUrl\":\"https:\\\/\\\/www.igr.univ-rennes.fr\\\/wp-content\\\/uploads\\\/2020\\\/06\\\/Logo-IGR-IAE-Rennes_Blanc-300dpi-RVB-e1597327228224.png\",\"width\":290,\"height\":107,\"caption\":\"IGR IAE Rennes\"},\"image\":{\"@id\":\"https:\\\/\\\/www.igr.univ-rennes.fr\\\/fr\\\/#\\\/schema\\\/logo\\\/image\\\/\"}},{\"@type\":\"Person\",\"@id\":\"https:\\\/\\\/www.igr.univ-rennes.fr\\\/fr\\\/#\\\/schema\\\/person\\\/5f1ef906f2986c0eaa338b7258c4082b\",\"name\":\"Marie-Annick Robin\",\"image\":{\"@type\":\"ImageObject\",\"inLanguage\":\"fr-FR\",\"@id\":\"https:\\\/\\\/secure.gravatar.com\\\/avatar\\\/f9293e68571e20c548e6d32c7885fdfb06e6f56349fe920439a102a2234f78c3?s=96&d=mm&r=g\",\"url\":\"https:\\\/\\\/secure.gravatar.com\\\/avatar\\\/f9293e68571e20c548e6d32c7885fdfb06e6f56349fe920439a102a2234f78c3?s=96&d=mm&r=g\",\"contentUrl\":\"https:\\\/\\\/secure.gravatar.com\\\/avatar\\\/f9293e68571e20c548e6d32c7885fdfb06e6f56349fe920439a102a2234f78c3?s=96&d=mm&r=g\",\"caption\":\"Marie-Annick Robin\"}}]}<\/script>\n<!-- \/ Yoast SEO plugin. -->","yoast_head_json":{"title":"Karine Le Rudulier, promue Chevalier de l&rsquo;Ordre National du M\u00e9rite - IGR IAE Rennes","robots":{"index":"index","follow":"follow","max-snippet":"max-snippet:-1","max-image-preview":"max-image-preview:large","max-video-preview":"max-video-preview:-1"},"canonical":"https:\/\/www.igr.univ-rennes.fr\/fr\/karine-le-rudulier-promue-chevalier-de-lordre-national-du-merite\/","og_locale":"fr_FR","og_type":"article","og_title":"Karine Le Rudulier, promue Chevalier de l&rsquo;Ordre National du M\u00e9rite - IGR IAE Rennes","og_description":"Enseignante-chercheuse \u00e0 l\u2019IGR-IAE Rennes \/ Universit\u00e9 de Rennes, ses enseignements et travaux de recherche portent sur la p\u00e9dagogie sur l'entrepreneuriat","og_url":"https:\/\/www.igr.univ-rennes.fr\/fr\/karine-le-rudulier-promue-chevalier-de-lordre-national-du-merite\/","og_site_name":"IGR IAE Rennes","article_published_time":"2024-07-17T07:55:07+00:00","article_modified_time":"2024-09-11T08:09:30+00:00","og_image":[{"width":1024,"height":538,"url":"https:\/\/www.igr.univ-rennes.fr\/wp-content\/uploads\/2024\/07\/KLR-chevalier-ordre-merite-1024x538.jpg","type":"image\/jpeg"}],"author":"Marie-Annick Robin","twitter_card":"summary_large_image","twitter_misc":{"\u00c9crit par":"Marie-Annick Robin","Dur\u00e9e de lecture estim\u00e9e":"2 minutes"},"schema":{"@context":"https:\/\/schema.org","@graph":[{"@type":"Article","@id":"https:\/\/www.igr.univ-rennes.fr\/fr\/karine-le-rudulier-promue-chevalier-de-lordre-national-du-merite\/#article","isPartOf":{"@id":"https:\/\/www.igr.univ-rennes.fr\/fr\/karine-le-rudulier-promue-chevalier-de-lordre-national-du-merite\/"},"author":{"name":"Marie-Annick Robin","@id":"https:\/\/www.igr.univ-rennes.fr\/fr\/#\/schema\/person\/5f1ef906f2986c0eaa338b7258c4082b"},"headline":"Karine Le Rudulier, promue Chevalier de l&rsquo;Ordre National du M\u00e9rite","datePublished":"2024-07-17T07:55:07+00:00","dateModified":"2024-09-11T08:09:30+00:00","mainEntityOfPage":{"@id":"https:\/\/www.igr.univ-rennes.fr\/fr\/karine-le-rudulier-promue-chevalier-de-lordre-national-du-merite\/"},"wordCount":291,"publisher":{"@id":"https:\/\/www.igr.univ-rennes.fr\/fr\/#organization"},"image":{"@id":"https:\/\/www.igr.univ-rennes.fr\/fr\/karine-le-rudulier-promue-chevalier-de-lordre-national-du-merite\/#primaryimage"},"thumbnailUrl":"https:\/\/www.igr.univ-rennes.fr\/wp-content\/uploads\/2024\/07\/KLR-chevalier-ordre-merite.jpg","articleSection":["Recherche"],"inLanguage":"fr-FR"},{"@type":"WebPage","@id":"https:\/\/www.igr.univ-rennes.fr\/fr\/karine-le-rudulier-promue-chevalier-de-lordre-national-du-merite\/","url":"https:\/\/www.igr.univ-rennes.fr\/fr\/karine-le-rudulier-promue-chevalier-de-lordre-national-du-merite\/","name":"Karine Le Rudulier, promue Chevalier de l&rsquo;Ordre National du M\u00e9rite - IGR IAE Rennes","isPartOf":{"@id":"https:\/\/www.igr.univ-rennes.fr\/fr\/#website"},"primaryImageOfPage":{"@id":"https:\/\/www.igr.univ-rennes.fr\/fr\/karine-le-rudulier-promue-chevalier-de-lordre-national-du-merite\/#primaryimage"},"image":{"@id":"https:\/\/www.igr.univ-rennes.fr\/fr\/karine-le-rudulier-promue-chevalier-de-lordre-national-du-merite\/#primaryimage"},"thumbnailUrl":"https:\/\/www.igr.univ-rennes.fr\/wp-content\/uploads\/2024\/07\/KLR-chevalier-ordre-merite.jpg","datePublished":"2024-07-17T07:55:07+00:00","dateModified":"2024-09-11T08:09:30+00:00","breadcrumb":{"@id":"https:\/\/www.igr.univ-rennes.fr\/fr\/karine-le-rudulier-promue-chevalier-de-lordre-national-du-merite\/#breadcrumb"},"inLanguage":"fr-FR","potentialAction":[{"@type":"ReadAction","target":["https:\/\/www.igr.univ-rennes.fr\/fr\/karine-le-rudulier-promue-chevalier-de-lordre-national-du-merite\/"]}]},{"@type":"ImageObject","inLanguage":"fr-FR","@id":"https:\/\/www.igr.univ-rennes.fr\/fr\/karine-le-rudulier-promue-chevalier-de-lordre-national-du-merite\/#primaryimage","url":"https:\/\/www.igr.univ-rennes.fr\/wp-content\/uploads\/2024\/07\/KLR-chevalier-ordre-merite.jpg","contentUrl":"https:\/\/www.igr.univ-rennes.fr\/wp-content\/uploads\/2024\/07\/KLR-chevalier-ordre-merite.jpg","width":2400,"height":1260,"caption":"KLR-chevalier-ordre-merite"},{"@type":"BreadcrumbList","@id":"https:\/\/www.igr.univ-rennes.fr\/fr\/karine-le-rudulier-promue-chevalier-de-lordre-national-du-merite\/#breadcrumb","itemListElement":[{"@type":"ListItem","position":1,"name":"Accueil","item":"https:\/\/www.igr.univ-rennes.fr\/fr\/"},{"@type":"ListItem","position":2,"name":"Karine Le Rudulier, promue Chevalier de l&rsquo;Ordre National du M\u00e9rite"}]},{"@type":"WebSite","@id":"https:\/\/www.igr.univ-rennes.fr\/fr\/#website","url":"https:\/\/www.igr.univ-rennes.fr\/fr\/","name":"IGR IAE Rennes","description":"","publisher":{"@id":"https:\/\/www.igr.univ-rennes.fr\/fr\/#organization"},"potentialAction":[{"@type":"SearchAction","target":{"@type":"EntryPoint","urlTemplate":"https:\/\/www.igr.univ-rennes.fr\/fr\/?s={search_term_string}"},"query-input":{"@type":"PropertyValueSpecification","valueRequired":true,"valueName":"search_term_string"}}],"inLanguage":"fr-FR"},{"@type":"Organization","@id":"https:\/\/www.igr.univ-rennes.fr\/fr\/#organization","name":"IGR IAE Rennes","url":"https:\/\/www.igr.univ-rennes.fr\/fr\/","logo":{"@type":"ImageObject","inLanguage":"fr-FR","@id":"https:\/\/www.igr.univ-rennes.fr\/fr\/#\/schema\/logo\/image\/","url":"https:\/\/www.igr.univ-rennes.fr\/wp-content\/uploads\/2020\/06\/Logo-IGR-IAE-Rennes_Blanc-300dpi-RVB-e1597327228224.png","contentUrl":"https:\/\/www.igr.univ-rennes.fr\/wp-content\/uploads\/2020\/06\/Logo-IGR-IAE-Rennes_Blanc-300dpi-RVB-e1597327228224.png","width":290,"height":107,"caption":"IGR IAE Rennes"},"image":{"@id":"https:\/\/www.igr.univ-rennes.fr\/fr\/#\/schema\/logo\/image\/"}},{"@type":"Person","@id":"https:\/\/www.igr.univ-rennes.fr\/fr\/#\/schema\/person\/5f1ef906f2986c0eaa338b7258c4082b","name":"Marie-Annick Robin","image":{"@type":"ImageObject","inLanguage":"fr-FR","@id":"https:\/\/secure.gravatar.com\/avatar\/f9293e68571e20c548e6d32c7885fdfb06e6f56349fe920439a102a2234f78c3?s=96&d=mm&r=g","url":"https:\/\/secure.gravatar.com\/avatar\/f9293e68571e20c548e6d32c7885fdfb06e6f56349fe920439a102a2234f78c3?s=96&d=mm&r=g","contentUrl":"https:\/\/secure.gravatar.com\/avatar\/f9293e68571e20c548e6d32c7885fdfb06e6f56349fe920439a102a2234f78c3?s=96&d=mm&r=g","caption":"Marie-Annick Robin"}}]}},"_links":{"self":[{"href":"https:\/\/www.igr.univ-rennes.fr\/fr\/wp-json\/wp\/v2\/posts\/415309","targetHints":{"allow":["GET"]}}],"collection":[{"href":"https:\/\/www.igr.univ-rennes.fr\/fr\/wp-json\/wp\/v2\/posts"}],"about":[{"href":"https:\/\/www.igr.univ-rennes.fr\/fr\/wp-json\/wp\/v2\/types\/post"}],"author":[{"embeddable":true,"href":"https:\/\/www.igr.univ-rennes.fr\/fr\/wp-json\/wp\/v2\/users\/11"}],"replies":[{"embeddable":true,"href":"https:\/\/www.igr.univ-rennes.fr\/fr\/wp-json\/wp\/v2\/comments?post=415309"}],"version-history":[{"count":10,"href":"https:\/\/www.igr.univ-rennes.fr\/fr\/wp-json\/wp\/v2\/posts\/415309\/revisions"}],"predecessor-version":[{"id":429888,"href":"https:\/\/www.igr.univ-rennes.fr\/fr\/wp-json\/wp\/v2\/posts\/415309\/revisions\/429888"}],"wp:featuredmedia":[{"embeddable":true,"href":"https:\/\/www.igr.univ-rennes.fr\/fr\/wp-json\/wp\/v2\/media\/415307"}],"wp:attachment":[{"href":"https:\/\/www.igr.univ-rennes.fr\/fr\/wp-json\/wp\/v2\/media?parent=415309"}],"wp:term":[{"taxonomy":"category","embeddable":true,"href":"https:\/\/www.igr.univ-rennes.fr\/fr\/wp-json\/wp\/v2\/categories?post=415309"},{"taxonomy":"post_tag","embeddable":true,"href":"https:\/\/www.igr.univ-rennes.fr\/fr\/wp-json\/wp\/v2\/tags?post=415309"}],"curies":[{"name":"wp","href":"https:\/\/api.w.org\/{rel}","templated":true}]}}