{"id":403693,"date":"2024-05-31T14:04:41","date_gmt":"2024-05-31T12:04:41","guid":{"rendered":"https:\/\/www.igr.univ-rennes.fr\/?p=403693"},"modified":"2024-05-31T14:11:49","modified_gmt":"2024-05-31T12:11:49","slug":"participation-des-etudiants-du-master-1-grh-fa-a-un-atelier-futurs-proches-ademe","status":"publish","type":"post","link":"https:\/\/www.igr.univ-rennes.fr\/fr\/participation-des-etudiants-du-master-1-grh-fa-a-un-atelier-futurs-proches-ademe\/","title":{"rendered":"Participation des \u00e9tudiants du Master 1 GRH FA \u00e0 un atelier Futurs Proches &#8211; Ademe"},"content":{"rendered":"\t\t<div data-elementor-type=\"wp-post\" data-elementor-id=\"403693\" class=\"elementor elementor-403693\" data-elementor-post-type=\"post\">\n\t\t\t\t\t\t<section class=\"elementor-section elementor-top-section elementor-element elementor-element-18fc748 elementor-section-boxed elementor-section-height-default elementor-section-height-default\" data-id=\"18fc748\" data-element_type=\"section\" data-e-type=\"section\">\n\t\t\t\t\t\t<div class=\"elementor-container elementor-column-gap-default\">\n\t\t\t\t\t<div class=\"elementor-column elementor-col-100 elementor-top-column elementor-element elementor-element-e3692f9\" data-id=\"e3692f9\" data-element_type=\"column\" data-e-type=\"column\">\n\t\t\t<div class=\"elementor-widget-wrap elementor-element-populated\">\n\t\t\t\t\t\t<div class=\"elementor-element elementor-element-4e9ed24 elementor-widget elementor-widget-text-editor\" data-id=\"4e9ed24\" data-element_type=\"widget\" data-e-type=\"widget\" data-widget_type=\"text-editor.default\">\n\t\t\t\t<div class=\"elementor-widget-container\">\n\t\t\t\t\t\t\t\t\t<p>Le 21 mai dernier, Fanny Reniou, enseignante et charg\u00e9e de mission DDRS \u00e0 l&rsquo;IGR-IAE Rennes, a permis aux \u00e9tudiants de Master 1 Gestion des Ressources Humaines en alternance de participer \u00e0 un atelier de prospective sur les scenarios de l&rsquo;ADEME ( <span id=\"OBJ_PREFIX_DWT3490_com_zimbra_url\" class=\"Object\" role=\"link\"><span id=\"OBJ_PREFIX_DWT3500_com_zimbra_url\" class=\"Object\" role=\"link\"><a href=\"https:\/\/www.ademe.fr\/\" target=\"_blank\" rel=\"noopener\">Accueil &#8211; Agence de la transition \u00e9cologique (ademe.fr)<\/a><\/span><\/span>\u00a0) en partenariat avec Futurs Proches (\u00a0<span id=\"OBJ_PREFIX_DWT3491_com_zimbra_url\" class=\"Object\" role=\"link\"><span id=\"OBJ_PREFIX_DWT3501_com_zimbra_url\" class=\"Object\" role=\"link\"><a href=\"https:\/\/futursproches.com\/\" target=\"_blank\" rel=\"noopener\">futurs proches | Nouvelles d&rsquo;un futur d\u00e9sirable<\/a><\/span><\/span>\u00a0).\u00a0<\/p><p>En ayant particip\u00e9 \u00e0 ce dispositif in\u00e9dit, l&rsquo;IGR-IAE Rennes rejoint les autres \u00e9coles de management en France ayant elles aussi embarqu\u00e9 leurs \u00e9tudiants dans cette exp\u00e9rience :\u00a0EM Lyon, Universit\u00e9 Paris Nanterre, Ecole polytechnique de Lausanne, notamment.<\/p><p>Il \u00e9tait question de se pencher sur les questions suivantes :\u00a0\u00ab Et si en 2050, la France \u00e9tait neutre en carbone ?\u00a0 \u00bb, \u00ab Et si on travaillait diff\u00e9remment pour une soci\u00e9t\u00e9 juste et \u00e9cologique ? \u00bb, \u00ab Et si on r\u00e9pondait \u00e0 nos besoins sans exploiter nos ressources humaines et naturelles ? \u00bb, \u00ab Et si on produisait diff\u00e9remment pour faire face \u00e0 la crise \u00e9cologique et sociale ?.<\/p><div>L\u2019ADEME a imagin\u00e9 et d\u00e9crit 4 sc\u00e9narios \u201cTransitions 2050\u201d (\u00a0<span id=\"OBJ_PREFIX_DWT3492_com_zimbra_url\" class=\"Object\" role=\"link\"><span id=\"OBJ_PREFIX_DWT3502_com_zimbra_url\" class=\"Object\" role=\"link\"><a href=\"https:\/\/www.ademe.fr\/les-futurs-en-transition\/les-scenarios\/\" target=\"_blank\" rel=\"noopener\">Les sc\u00e9narios &#8211; Agence de la transition \u00e9cologique (ademe.fr)<\/a><\/span><\/span>\u00a0) qui d\u00e9crivent chacun des trajectoires possibles pour un monde neutre en carbone d\u2019ici 2050 (G\u00e9n\u00e9ration frugale, Coop\u00e9rations territoriales, Technologies vertes, Pari r\u00e9parateur). A travers ces travaux, l\u2019ADEME a souhait\u00e9 soumettre au d\u00e9bat ces 4 sc\u00e9narios imagin\u00e9s pour la France qui pr\u00e9sentent de mani\u00e8re volontairement contrast\u00e9e des options \u00e9conomiques, techniques et de soci\u00e9t\u00e9 pour atteindre la neutralit\u00e9 carbone en 2050.<\/div><div>\u00a0<\/div><div>Apr\u00e8s s&rsquo;\u00eatre familiaris\u00e9s avec les sc\u00e9narios, les \u00e9tudiants ont eu \u00e0\u00a0imaginer un r\u00e9cit r\u00e9aliste, ancr\u00e9 dans un territoire r\u00e9el, avec des personnages confront\u00e9s \u00e0 un \u00e9v\u00e8nement perturbateur ayant pour incidence de rompre leur mode de vie, leur quotidien et conduisant \u00e0 sa transformation. Cet exercice a permis aux \u00e9tudiants de d\u00e9couvrir les scenarios, la prospective mais aussi et surtout de se plonger, en tant que futurs managers en Ressources Humaines, dans un futur n\u00e9cessitant de nouvelles formes de travail, de collaborations, de rapport \u00e0 la nature et aux autres.<\/div><div>\u00a0<\/div><div>Pour r\u00e9aliser l&rsquo;exercice, les \u00e9tudiants ont \u00e9t\u00e9 accompagn\u00e9s par\u00a0Mathilde Guyard,\u00a0Facilitatrice et formatrice en transitions \u00e9cologiques,\u00a0Animatrice pro et formatrice 2tonnes,\u00a0Animatrice et membre du collectif pro futurs proches,\u00a0Guide de voyage en 2030 Glorieuses,\u00a0Formatrice et membre du collectif pro de la Renaissance \u00e9cologique<br \/><span id=\"OBJ_PREFIX_DWT3493_com_zimbra_url\" class=\"Object\" role=\"link\"><span id=\"OBJ_PREFIX_DWT3503_com_zimbra_url\" class=\"Object\" role=\"link\"><a href=\"https:\/\/www.greencyclette.fr\/\" target=\"_blank\" rel=\"noopener\">https:\/\/www.greencyclette.fr\/<\/a><\/span><\/span><span id=\"mce_6_start\"><\/span><\/div><p class=\"has-black-color has-text-color\">Voici les r\u00e9cits que les \u00e9tudiants ont con\u00e7us\u00a0sur\u00a0<span id=\"OBJ_PREFIX_DWT3494_com_zimbra_url\" class=\"Object\" role=\"link\"><span id=\"OBJ_PREFIX_DWT3504_com_zimbra_url\" class=\"Object\" role=\"link\"><a href=\"https:\/\/futursproches.com\/micro-recits-et-blog\/\" target=\"_blank\" rel=\"noopener\">le blog de<em>\u00a0futurs proches<\/em><\/a><\/span><\/span>\u00a0<\/p><p>R\u00e9cit ancr\u00e9 dans le sc\u00e9nario 1 :\u00a0<span id=\"OBJ_PREFIX_DWT3495_com_zimbra_url\" class=\"Object\" role=\"link\"><span id=\"OBJ_PREFIX_DWT3505_com_zimbra_url\" class=\"Object\" role=\"link\"><a href=\"https:\/\/futursproches.com\/chantal-le-symbole-dune-generation-frugale\/\" target=\"_blank\" rel=\"noopener\">Chantal, le symbole d&rsquo;une g\u00e9n\u00e9ration frugale<\/a><\/span><\/span><\/p><p>R\u00e9cit ancr\u00e9 dans le sc\u00e9nario 2 :\u00a0<span id=\"OBJ_PREFIX_DWT3496_com_zimbra_url\" class=\"Object\" role=\"link\"><span id=\"OBJ_PREFIX_DWT3506_com_zimbra_url\" class=\"Object\" role=\"link\"><a href=\"https:\/\/futursproches.com\/les-aventures-de-fleur\/\" target=\"_blank\" rel=\"noopener\">Les aventures de Fleur<\/a><\/span><\/span>,\u00a0<span id=\"OBJ_PREFIX_DWT3497_com_zimbra_url\" class=\"Object\" role=\"link\"><span id=\"OBJ_PREFIX_DWT3507_com_zimbra_url\" class=\"Object\" role=\"link\"><a href=\"https:\/\/futursproches.com\/un-pour-tous\/\" target=\"_blank\" rel=\"noopener\">Un pour Tous<\/a><\/span><\/span><\/p><p>R\u00e9cit ancr\u00e9 dans le sc\u00e9nario 3 :\u00a0<span id=\"OBJ_PREFIX_DWT3498_com_zimbra_url\" class=\"Object\" role=\"link\"><span id=\"OBJ_PREFIX_DWT3508_com_zimbra_url\" class=\"Object\" role=\"link\"><a href=\"https:\/\/futursproches.com\/2050-un-ete-complique\/\" target=\"_blank\" rel=\"noopener\">2050, un \u00e9t\u00e9 compliqu\u00e9&#8230;<\/a><\/span><\/span><\/p><p>R\u00e9cit ancr\u00e9 dans le sc\u00e9nario 4 :\u00a0<span id=\"OBJ_PREFIX_DWT3499_com_zimbra_url\" class=\"Object\" role=\"link\"><span id=\"OBJ_PREFIX_DWT3509_com_zimbra_url\" class=\"Object\" role=\"link\"><a href=\"https:\/\/futursproches.com\/je-vous-parle-dun-temps\/\" target=\"_blank\" rel=\"noopener\">Je vous parle d&rsquo;un temps&#8230;<\/a><\/span><\/span><\/p><p>&#8212;&#8212;&#8212;&#8212;&#8212;&#8212;&#8212;&#8212;&#8212;&#8212;&#8212;&#8212;&#8212;&#8212;&#8212;&#8212;&#8211;<\/p><p>(Ces r\u00e9cits sont tous publi\u00e9s sous la licence \u00ab Creative Commons \u2013 Attribution CC BY \u00bb :\u00a0cette licence permet \u00e0 d\u2019autres (comme\u00a0<em>futurs proches<\/em>\u00a0par exemple) de remixer, arranger, et adapter l&rsquo;ouvre, m\u00eame \u00e0 des fins commerciales, sous deux conditions. La premi\u00e8re est de citer le nom des auteurs, la seconde condition est que les nouvelles cr\u00e9ations soient diffus\u00e9es selon des conditions identiques. Toutes les nouvelles \u0153uvres bas\u00e9es sur celles-ci auront la m\u00eame licence, et toute \u0153uvre d\u00e9riv\u00e9e pourra \u00eatre utilis\u00e9e m\u00eame \u00e0 des fins commerciales. )<\/p>\t\t\t\t\t\t\t\t<\/div>\n\t\t\t\t<\/div>\n\t\t\t\t\t<\/div>\n\t\t<\/div>\n\t\t\t\t\t<\/div>\n\t\t<\/section>\n\t\t\t\t<\/div>\n\t\t","protected":false},"excerpt":{"rendered":"<p>Le 21 mai dernier, 20 \u00e9tudiants du Master 1 Gestion des Ressources ont particip\u00e9 \u00e0 un atelier de prospective sur les scenarios de l&rsquo;ADEME ( Accueil &#8211; Agence de la transition \u00e9cologique (ademe.fr) ) en partenariat avec Futurs Proches ( futurs proches | Nouvelles d&rsquo;un futur d\u00e9sirable ). <\/p>\n","protected":false},"author":9,"featured_media":403694,"comment_status":"closed","ping_status":"closed","sticky":true,"template":"","format":"standard","meta":{"_acf_changed":false,"footnotes":""},"categories":[64],"tags":[],"class_list":["post-403693","post","type-post","status-publish","format-standard","has-post-thumbnail","hentry","category-formation"],"acf":[],"yoast_head":"<!-- This site is optimized with the Yoast SEO plugin v27.5 - https:\/\/yoast.com\/product\/yoast-seo-wordpress\/ -->\n<title>Participation des \u00e9tudiants du Master 1 GRH FA \u00e0 un atelier Futurs Proches &#8211; Ademe - IGR IAE Rennes<\/title>\n<meta name=\"robots\" content=\"index, follow, max-snippet:-1, max-image-preview:large, max-video-preview:-1\" \/>\n<link rel=\"canonical\" href=\"https:\/\/www.igr.univ-rennes.fr\/fr\/participation-des-etudiants-du-master-1-grh-fa-a-un-atelier-futurs-proches-ademe\/\" \/>\n<meta property=\"og:locale\" content=\"fr_FR\" \/>\n<meta property=\"og:type\" content=\"article\" \/>\n<meta property=\"og:title\" content=\"Participation des \u00e9tudiants du Master 1 GRH FA \u00e0 un atelier Futurs Proches &#8211; Ademe - IGR IAE Rennes\" \/>\n<meta property=\"og:description\" content=\"Le 21 mai dernier, 20 \u00e9tudiants du Master 1 Gestion des Ressources ont particip\u00e9 \u00e0 un atelier de prospective sur les scenarios de l&#039;ADEME ( Accueil - Agence de la transition \u00e9cologique (ademe.fr) ) en partenariat avec Futurs Proches ( futurs proches | Nouvelles d&#039;un futur d\u00e9sirable ).\" \/>\n<meta property=\"og:url\" content=\"https:\/\/www.igr.univ-rennes.fr\/fr\/participation-des-etudiants-du-master-1-grh-fa-a-un-atelier-futurs-proches-ademe\/\" \/>\n<meta property=\"og:site_name\" content=\"IGR IAE Rennes\" \/>\n<meta property=\"article:published_time\" content=\"2024-05-31T12:04:41+00:00\" \/>\n<meta property=\"article:modified_time\" content=\"2024-05-31T12:11:49+00:00\" \/>\n<meta property=\"og:image\" content=\"https:\/\/www.igr.univ-rennes.fr\/wp-content\/uploads\/2024\/05\/visuel-atelier-futur-proche-ademee-1024x538.jpg\" \/>\n\t<meta property=\"og:image:width\" content=\"1024\" \/>\n\t<meta property=\"og:image:height\" content=\"538\" \/>\n\t<meta property=\"og:image:type\" content=\"image\/jpeg\" \/>\n<meta name=\"author\" content=\"Emma Lebaut\" \/>\n<meta name=\"twitter:card\" content=\"summary_large_image\" \/>\n<meta name=\"twitter:label1\" content=\"\u00c9crit par\" \/>\n\t<meta name=\"twitter:data1\" content=\"Emma Lebaut\" \/>\n\t<meta name=\"twitter:label2\" content=\"Dur\u00e9e de lecture estim\u00e9e\" \/>\n\t<meta name=\"twitter:data2\" content=\"3 minutes\" \/>\n<script type=\"application\/ld+json\" class=\"yoast-schema-graph\">{\"@context\":\"https:\\\/\\\/schema.org\",\"@graph\":[{\"@type\":\"Article\",\"@id\":\"https:\\\/\\\/www.igr.univ-rennes.fr\\\/fr\\\/participation-des-etudiants-du-master-1-grh-fa-a-un-atelier-futurs-proches-ademe\\\/#article\",\"isPartOf\":{\"@id\":\"https:\\\/\\\/www.igr.univ-rennes.fr\\\/fr\\\/participation-des-etudiants-du-master-1-grh-fa-a-un-atelier-futurs-proches-ademe\\\/\"},\"author\":{\"name\":\"Emma Lebaut\",\"@id\":\"https:\\\/\\\/www.igr.univ-rennes.fr\\\/fr\\\/#\\\/schema\\\/person\\\/ccc43b9cca93cd7a471bce264778297c\"},\"headline\":\"Participation des \u00e9tudiants du Master 1 GRH FA \u00e0 un atelier Futurs Proches &#8211; Ademe\",\"datePublished\":\"2024-05-31T12:04:41+00:00\",\"dateModified\":\"2024-05-31T12:11:49+00:00\",\"mainEntityOfPage\":{\"@id\":\"https:\\\/\\\/www.igr.univ-rennes.fr\\\/fr\\\/participation-des-etudiants-du-master-1-grh-fa-a-un-atelier-futurs-proches-ademe\\\/\"},\"wordCount\":575,\"publisher\":{\"@id\":\"https:\\\/\\\/www.igr.univ-rennes.fr\\\/fr\\\/#organization\"},\"image\":{\"@id\":\"https:\\\/\\\/www.igr.univ-rennes.fr\\\/fr\\\/participation-des-etudiants-du-master-1-grh-fa-a-un-atelier-futurs-proches-ademe\\\/#primaryimage\"},\"thumbnailUrl\":\"https:\\\/\\\/www.igr.univ-rennes.fr\\\/wp-content\\\/uploads\\\/2024\\\/05\\\/visuel-atelier-futur-proche-ademee.jpg\",\"articleSection\":[\"Formation\"],\"inLanguage\":\"fr-FR\"},{\"@type\":\"WebPage\",\"@id\":\"https:\\\/\\\/www.igr.univ-rennes.fr\\\/fr\\\/participation-des-etudiants-du-master-1-grh-fa-a-un-atelier-futurs-proches-ademe\\\/\",\"url\":\"https:\\\/\\\/www.igr.univ-rennes.fr\\\/fr\\\/participation-des-etudiants-du-master-1-grh-fa-a-un-atelier-futurs-proches-ademe\\\/\",\"name\":\"Participation des \u00e9tudiants du Master 1 GRH FA \u00e0 un atelier Futurs Proches &#8211; Ademe - IGR IAE Rennes\",\"isPartOf\":{\"@id\":\"https:\\\/\\\/www.igr.univ-rennes.fr\\\/fr\\\/#website\"},\"primaryImageOfPage\":{\"@id\":\"https:\\\/\\\/www.igr.univ-rennes.fr\\\/fr\\\/participation-des-etudiants-du-master-1-grh-fa-a-un-atelier-futurs-proches-ademe\\\/#primaryimage\"},\"image\":{\"@id\":\"https:\\\/\\\/www.igr.univ-rennes.fr\\\/fr\\\/participation-des-etudiants-du-master-1-grh-fa-a-un-atelier-futurs-proches-ademe\\\/#primaryimage\"},\"thumbnailUrl\":\"https:\\\/\\\/www.igr.univ-rennes.fr\\\/wp-content\\\/uploads\\\/2024\\\/05\\\/visuel-atelier-futur-proche-ademee.jpg\",\"datePublished\":\"2024-05-31T12:04:41+00:00\",\"dateModified\":\"2024-05-31T12:11:49+00:00\",\"breadcrumb\":{\"@id\":\"https:\\\/\\\/www.igr.univ-rennes.fr\\\/fr\\\/participation-des-etudiants-du-master-1-grh-fa-a-un-atelier-futurs-proches-ademe\\\/#breadcrumb\"},\"inLanguage\":\"fr-FR\",\"potentialAction\":[{\"@type\":\"ReadAction\",\"target\":[\"https:\\\/\\\/www.igr.univ-rennes.fr\\\/fr\\\/participation-des-etudiants-du-master-1-grh-fa-a-un-atelier-futurs-proches-ademe\\\/\"]}]},{\"@type\":\"ImageObject\",\"inLanguage\":\"fr-FR\",\"@id\":\"https:\\\/\\\/www.igr.univ-rennes.fr\\\/fr\\\/participation-des-etudiants-du-master-1-grh-fa-a-un-atelier-futurs-proches-ademe\\\/#primaryimage\",\"url\":\"https:\\\/\\\/www.igr.univ-rennes.fr\\\/wp-content\\\/uploads\\\/2024\\\/05\\\/visuel-atelier-futur-proche-ademee.jpg\",\"contentUrl\":\"https:\\\/\\\/www.igr.univ-rennes.fr\\\/wp-content\\\/uploads\\\/2024\\\/05\\\/visuel-atelier-futur-proche-ademee.jpg\",\"width\":2400,\"height\":1260},{\"@type\":\"BreadcrumbList\",\"@id\":\"https:\\\/\\\/www.igr.univ-rennes.fr\\\/fr\\\/participation-des-etudiants-du-master-1-grh-fa-a-un-atelier-futurs-proches-ademe\\\/#breadcrumb\",\"itemListElement\":[{\"@type\":\"ListItem\",\"position\":1,\"name\":\"Accueil\",\"item\":\"https:\\\/\\\/www.igr.univ-rennes.fr\\\/fr\\\/\"},{\"@type\":\"ListItem\",\"position\":2,\"name\":\"Participation des \u00e9tudiants du Master 1 GRH FA \u00e0 un atelier Futurs Proches &#8211; Ademe\"}]},{\"@type\":\"WebSite\",\"@id\":\"https:\\\/\\\/www.igr.univ-rennes.fr\\\/fr\\\/#website\",\"url\":\"https:\\\/\\\/www.igr.univ-rennes.fr\\\/fr\\\/\",\"name\":\"IGR IAE Rennes\",\"description\":\"\",\"publisher\":{\"@id\":\"https:\\\/\\\/www.igr.univ-rennes.fr\\\/fr\\\/#organization\"},\"potentialAction\":[{\"@type\":\"SearchAction\",\"target\":{\"@type\":\"EntryPoint\",\"urlTemplate\":\"https:\\\/\\\/www.igr.univ-rennes.fr\\\/fr\\\/?s={search_term_string}\"},\"query-input\":{\"@type\":\"PropertyValueSpecification\",\"valueRequired\":true,\"valueName\":\"search_term_string\"}}],\"inLanguage\":\"fr-FR\"},{\"@type\":\"Organization\",\"@id\":\"https:\\\/\\\/www.igr.univ-rennes.fr\\\/fr\\\/#organization\",\"name\":\"IGR IAE Rennes\",\"url\":\"https:\\\/\\\/www.igr.univ-rennes.fr\\\/fr\\\/\",\"logo\":{\"@type\":\"ImageObject\",\"inLanguage\":\"fr-FR\",\"@id\":\"https:\\\/\\\/www.igr.univ-rennes.fr\\\/fr\\\/#\\\/schema\\\/logo\\\/image\\\/\",\"url\":\"https:\\\/\\\/www.igr.univ-rennes.fr\\\/wp-content\\\/uploads\\\/2020\\\/06\\\/Logo-IGR-IAE-Rennes_Blanc-300dpi-RVB-e1597327228224.png\",\"contentUrl\":\"https:\\\/\\\/www.igr.univ-rennes.fr\\\/wp-content\\\/uploads\\\/2020\\\/06\\\/Logo-IGR-IAE-Rennes_Blanc-300dpi-RVB-e1597327228224.png\",\"width\":290,\"height\":107,\"caption\":\"IGR IAE Rennes\"},\"image\":{\"@id\":\"https:\\\/\\\/www.igr.univ-rennes.fr\\\/fr\\\/#\\\/schema\\\/logo\\\/image\\\/\"}},{\"@type\":\"Person\",\"@id\":\"https:\\\/\\\/www.igr.univ-rennes.fr\\\/fr\\\/#\\\/schema\\\/person\\\/ccc43b9cca93cd7a471bce264778297c\",\"name\":\"Emma Lebaut\",\"image\":{\"@type\":\"ImageObject\",\"inLanguage\":\"fr-FR\",\"@id\":\"https:\\\/\\\/secure.gravatar.com\\\/avatar\\\/7335cda3e2dfc4ebfa35314bea3e26aafa62f4197b0f5cb8f2f30bb7ce493fe5?s=96&d=mm&r=g\",\"url\":\"https:\\\/\\\/secure.gravatar.com\\\/avatar\\\/7335cda3e2dfc4ebfa35314bea3e26aafa62f4197b0f5cb8f2f30bb7ce493fe5?s=96&d=mm&r=g\",\"contentUrl\":\"https:\\\/\\\/secure.gravatar.com\\\/avatar\\\/7335cda3e2dfc4ebfa35314bea3e26aafa62f4197b0f5cb8f2f30bb7ce493fe5?s=96&d=mm&r=g\",\"caption\":\"Emma Lebaut\"}}]}<\/script>\n<!-- \/ Yoast SEO plugin. -->","yoast_head_json":{"title":"Participation des \u00e9tudiants du Master 1 GRH FA \u00e0 un atelier Futurs Proches &#8211; Ademe - IGR IAE Rennes","robots":{"index":"index","follow":"follow","max-snippet":"max-snippet:-1","max-image-preview":"max-image-preview:large","max-video-preview":"max-video-preview:-1"},"canonical":"https:\/\/www.igr.univ-rennes.fr\/fr\/participation-des-etudiants-du-master-1-grh-fa-a-un-atelier-futurs-proches-ademe\/","og_locale":"fr_FR","og_type":"article","og_title":"Participation des \u00e9tudiants du Master 1 GRH FA \u00e0 un atelier Futurs Proches &#8211; Ademe - IGR IAE Rennes","og_description":"Le 21 mai dernier, 20 \u00e9tudiants du Master 1 Gestion des Ressources ont particip\u00e9 \u00e0 un atelier de prospective sur les scenarios de l'ADEME ( Accueil - Agence de la transition \u00e9cologique (ademe.fr) ) en partenariat avec Futurs Proches ( futurs proches | Nouvelles d'un futur d\u00e9sirable ).","og_url":"https:\/\/www.igr.univ-rennes.fr\/fr\/participation-des-etudiants-du-master-1-grh-fa-a-un-atelier-futurs-proches-ademe\/","og_site_name":"IGR IAE Rennes","article_published_time":"2024-05-31T12:04:41+00:00","article_modified_time":"2024-05-31T12:11:49+00:00","og_image":[{"width":1024,"height":538,"url":"https:\/\/www.igr.univ-rennes.fr\/wp-content\/uploads\/2024\/05\/visuel-atelier-futur-proche-ademee-1024x538.jpg","type":"image\/jpeg"}],"author":"Emma Lebaut","twitter_card":"summary_large_image","twitter_misc":{"\u00c9crit par":"Emma Lebaut","Dur\u00e9e de lecture estim\u00e9e":"3 minutes"},"schema":{"@context":"https:\/\/schema.org","@graph":[{"@type":"Article","@id":"https:\/\/www.igr.univ-rennes.fr\/fr\/participation-des-etudiants-du-master-1-grh-fa-a-un-atelier-futurs-proches-ademe\/#article","isPartOf":{"@id":"https:\/\/www.igr.univ-rennes.fr\/fr\/participation-des-etudiants-du-master-1-grh-fa-a-un-atelier-futurs-proches-ademe\/"},"author":{"name":"Emma Lebaut","@id":"https:\/\/www.igr.univ-rennes.fr\/fr\/#\/schema\/person\/ccc43b9cca93cd7a471bce264778297c"},"headline":"Participation des \u00e9tudiants du Master 1 GRH FA \u00e0 un atelier Futurs Proches &#8211; Ademe","datePublished":"2024-05-31T12:04:41+00:00","dateModified":"2024-05-31T12:11:49+00:00","mainEntityOfPage":{"@id":"https:\/\/www.igr.univ-rennes.fr\/fr\/participation-des-etudiants-du-master-1-grh-fa-a-un-atelier-futurs-proches-ademe\/"},"wordCount":575,"publisher":{"@id":"https:\/\/www.igr.univ-rennes.fr\/fr\/#organization"},"image":{"@id":"https:\/\/www.igr.univ-rennes.fr\/fr\/participation-des-etudiants-du-master-1-grh-fa-a-un-atelier-futurs-proches-ademe\/#primaryimage"},"thumbnailUrl":"https:\/\/www.igr.univ-rennes.fr\/wp-content\/uploads\/2024\/05\/visuel-atelier-futur-proche-ademee.jpg","articleSection":["Formation"],"inLanguage":"fr-FR"},{"@type":"WebPage","@id":"https:\/\/www.igr.univ-rennes.fr\/fr\/participation-des-etudiants-du-master-1-grh-fa-a-un-atelier-futurs-proches-ademe\/","url":"https:\/\/www.igr.univ-rennes.fr\/fr\/participation-des-etudiants-du-master-1-grh-fa-a-un-atelier-futurs-proches-ademe\/","name":"Participation des \u00e9tudiants du Master 1 GRH FA \u00e0 un atelier Futurs Proches &#8211; Ademe - IGR IAE Rennes","isPartOf":{"@id":"https:\/\/www.igr.univ-rennes.fr\/fr\/#website"},"primaryImageOfPage":{"@id":"https:\/\/www.igr.univ-rennes.fr\/fr\/participation-des-etudiants-du-master-1-grh-fa-a-un-atelier-futurs-proches-ademe\/#primaryimage"},"image":{"@id":"https:\/\/www.igr.univ-rennes.fr\/fr\/participation-des-etudiants-du-master-1-grh-fa-a-un-atelier-futurs-proches-ademe\/#primaryimage"},"thumbnailUrl":"https:\/\/www.igr.univ-rennes.fr\/wp-content\/uploads\/2024\/05\/visuel-atelier-futur-proche-ademee.jpg","datePublished":"2024-05-31T12:04:41+00:00","dateModified":"2024-05-31T12:11:49+00:00","breadcrumb":{"@id":"https:\/\/www.igr.univ-rennes.fr\/fr\/participation-des-etudiants-du-master-1-grh-fa-a-un-atelier-futurs-proches-ademe\/#breadcrumb"},"inLanguage":"fr-FR","potentialAction":[{"@type":"ReadAction","target":["https:\/\/www.igr.univ-rennes.fr\/fr\/participation-des-etudiants-du-master-1-grh-fa-a-un-atelier-futurs-proches-ademe\/"]}]},{"@type":"ImageObject","inLanguage":"fr-FR","@id":"https:\/\/www.igr.univ-rennes.fr\/fr\/participation-des-etudiants-du-master-1-grh-fa-a-un-atelier-futurs-proches-ademe\/#primaryimage","url":"https:\/\/www.igr.univ-rennes.fr\/wp-content\/uploads\/2024\/05\/visuel-atelier-futur-proche-ademee.jpg","contentUrl":"https:\/\/www.igr.univ-rennes.fr\/wp-content\/uploads\/2024\/05\/visuel-atelier-futur-proche-ademee.jpg","width":2400,"height":1260},{"@type":"BreadcrumbList","@id":"https:\/\/www.igr.univ-rennes.fr\/fr\/participation-des-etudiants-du-master-1-grh-fa-a-un-atelier-futurs-proches-ademe\/#breadcrumb","itemListElement":[{"@type":"ListItem","position":1,"name":"Accueil","item":"https:\/\/www.igr.univ-rennes.fr\/fr\/"},{"@type":"ListItem","position":2,"name":"Participation des \u00e9tudiants du Master 1 GRH FA \u00e0 un atelier Futurs Proches &#8211; Ademe"}]},{"@type":"WebSite","@id":"https:\/\/www.igr.univ-rennes.fr\/fr\/#website","url":"https:\/\/www.igr.univ-rennes.fr\/fr\/","name":"IGR IAE Rennes","description":"","publisher":{"@id":"https:\/\/www.igr.univ-rennes.fr\/fr\/#organization"},"potentialAction":[{"@type":"SearchAction","target":{"@type":"EntryPoint","urlTemplate":"https:\/\/www.igr.univ-rennes.fr\/fr\/?s={search_term_string}"},"query-input":{"@type":"PropertyValueSpecification","valueRequired":true,"valueName":"search_term_string"}}],"inLanguage":"fr-FR"},{"@type":"Organization","@id":"https:\/\/www.igr.univ-rennes.fr\/fr\/#organization","name":"IGR IAE Rennes","url":"https:\/\/www.igr.univ-rennes.fr\/fr\/","logo":{"@type":"ImageObject","inLanguage":"fr-FR","@id":"https:\/\/www.igr.univ-rennes.fr\/fr\/#\/schema\/logo\/image\/","url":"https:\/\/www.igr.univ-rennes.fr\/wp-content\/uploads\/2020\/06\/Logo-IGR-IAE-Rennes_Blanc-300dpi-RVB-e1597327228224.png","contentUrl":"https:\/\/www.igr.univ-rennes.fr\/wp-content\/uploads\/2020\/06\/Logo-IGR-IAE-Rennes_Blanc-300dpi-RVB-e1597327228224.png","width":290,"height":107,"caption":"IGR IAE Rennes"},"image":{"@id":"https:\/\/www.igr.univ-rennes.fr\/fr\/#\/schema\/logo\/image\/"}},{"@type":"Person","@id":"https:\/\/www.igr.univ-rennes.fr\/fr\/#\/schema\/person\/ccc43b9cca93cd7a471bce264778297c","name":"Emma Lebaut","image":{"@type":"ImageObject","inLanguage":"fr-FR","@id":"https:\/\/secure.gravatar.com\/avatar\/7335cda3e2dfc4ebfa35314bea3e26aafa62f4197b0f5cb8f2f30bb7ce493fe5?s=96&d=mm&r=g","url":"https:\/\/secure.gravatar.com\/avatar\/7335cda3e2dfc4ebfa35314bea3e26aafa62f4197b0f5cb8f2f30bb7ce493fe5?s=96&d=mm&r=g","contentUrl":"https:\/\/secure.gravatar.com\/avatar\/7335cda3e2dfc4ebfa35314bea3e26aafa62f4197b0f5cb8f2f30bb7ce493fe5?s=96&d=mm&r=g","caption":"Emma Lebaut"}}]}},"_links":{"self":[{"href":"https:\/\/www.igr.univ-rennes.fr\/fr\/wp-json\/wp\/v2\/posts\/403693","targetHints":{"allow":["GET"]}}],"collection":[{"href":"https:\/\/www.igr.univ-rennes.fr\/fr\/wp-json\/wp\/v2\/posts"}],"about":[{"href":"https:\/\/www.igr.univ-rennes.fr\/fr\/wp-json\/wp\/v2\/types\/post"}],"author":[{"embeddable":true,"href":"https:\/\/www.igr.univ-rennes.fr\/fr\/wp-json\/wp\/v2\/users\/9"}],"replies":[{"embeddable":true,"href":"https:\/\/www.igr.univ-rennes.fr\/fr\/wp-json\/wp\/v2\/comments?post=403693"}],"version-history":[{"count":7,"href":"https:\/\/www.igr.univ-rennes.fr\/fr\/wp-json\/wp\/v2\/posts\/403693\/revisions"}],"predecessor-version":[{"id":403703,"href":"https:\/\/www.igr.univ-rennes.fr\/fr\/wp-json\/wp\/v2\/posts\/403693\/revisions\/403703"}],"wp:featuredmedia":[{"embeddable":true,"href":"https:\/\/www.igr.univ-rennes.fr\/fr\/wp-json\/wp\/v2\/media\/403694"}],"wp:attachment":[{"href":"https:\/\/www.igr.univ-rennes.fr\/fr\/wp-json\/wp\/v2\/media?parent=403693"}],"wp:term":[{"taxonomy":"category","embeddable":true,"href":"https:\/\/www.igr.univ-rennes.fr\/fr\/wp-json\/wp\/v2\/categories?post=403693"},{"taxonomy":"post_tag","embeddable":true,"href":"https:\/\/www.igr.univ-rennes.fr\/fr\/wp-json\/wp\/v2\/tags?post=403693"}],"curies":[{"name":"wp","href":"https:\/\/api.w.org\/{rel}","templated":true}]}}