{"id":401663,"date":"2024-05-22T14:01:32","date_gmt":"2024-05-22T12:01:32","guid":{"rendered":"https:\/\/www.igr.univ-rennes.fr\/?p=401663"},"modified":"2024-05-23T09:11:47","modified_gmt":"2024-05-23T07:11:47","slug":"la-vie-associative-est-dans-ladn-de-notre-ecole","status":"publish","type":"post","link":"https:\/\/www.igr.univ-rennes.fr\/fr\/la-vie-associative-est-dans-ladn-de-notre-ecole\/","title":{"rendered":"La vie associative est dans l\u2019ADN de notre \u00e9cole"},"content":{"rendered":"\t\t<div data-elementor-type=\"wp-post\" data-elementor-id=\"401663\" class=\"elementor elementor-401663\" data-elementor-post-type=\"post\">\n\t\t\t\t\t\t<section class=\"elementor-section elementor-top-section elementor-element elementor-element-98fbac4 elementor-section-boxed elementor-section-height-default elementor-section-height-default\" data-id=\"98fbac4\" data-element_type=\"section\" data-e-type=\"section\">\n\t\t\t\t\t\t<div class=\"elementor-container elementor-column-gap-default\">\n\t\t\t\t\t<div class=\"elementor-column elementor-col-100 elementor-top-column elementor-element elementor-element-a0efa3a\" data-id=\"a0efa3a\" data-element_type=\"column\" data-e-type=\"column\">\n\t\t\t<div class=\"elementor-widget-wrap elementor-element-populated\">\n\t\t\t\t\t\t<div class=\"elementor-element elementor-element-06ef6af elementor-widget elementor-widget-text-editor\" data-id=\"06ef6af\" data-element_type=\"widget\" data-e-type=\"widget\" data-widget_type=\"text-editor.default\">\n\t\t\t\t<div class=\"elementor-widget-container\">\n\t\t\t\t\t\t\t\t\t<p>Avec 17 associations actives, l&rsquo;IGR-IAE Rennes int\u00e8gre pleinement les activit\u00e9s associatives dans son <strong>programme p\u00e9dagogique<\/strong>, offrant \u00e0 nos \u00e9tudiants une <strong>exp\u00e9rience enrichissante et formatrice<\/strong>.<\/p><p>Depuis 2023, notre \u00e9tablissement r\u00e9compense cet engagement avec la <a href=\"https:\/\/www.igr.univ-rennes.fr\/fr\/gestion-et-management-de-projets-associatifs\/\" target=\"_blank\" rel=\"noopener\">certification Pass \u00ab\u00a0Gestion et management de projets associatifs\u00a0\u00bb<\/a>.<\/p><p>En avril dernier, 50 \u00e9tudiants ont \u00e9t\u00e9 honor\u00e9s lors de la c\u00e9r\u00e9monie <strong>R\u00e9v\u00e8l\u2019Assos<\/strong>, soulignant ainsi l&rsquo;importance et la valeur des comp\u00e9tences acquises \u00e0 travers leurs projets associatifs.<\/p><p>Pour <strong>Baptiste Bahu<\/strong>, enseignant et responsable de la vie associative, cette reconnaissance est essentielle :\u00a0 <span style=\"color: #1ecad3;\">\u00ab\u00a0<em>Les associations sont des espaces de libert\u00e9 o\u00f9 chacun peut exp\u00e9rimenter des savoir-\u00eatre et des notions vues en cours&#8230;\u00a0\u00bb<span style=\"color: #000000;\">.<\/span><\/em><\/span><\/p><p>Nous vous invitons \u00e0 lire cet article pour en savoir plus sur la mani\u00e8re dont l\u2019IGR-IAE Rennes valorise les comp\u00e9tences transversales d\u00e9velopp\u00e9es au sein de ses associations et leur impact positif sur les parcours de nos \u00e9tudiants.<\/p><p>Merci \u00e0 <strong>Baptiste Bahu, Karine Le Rudulier, Laura Sabbado da Rosa et Caroline Ruiller<\/strong> pour leur engagement dans la vie associative de l\u2019IGR-IAE Rennes et f\u00e9licitations encore \u00e0 tous nos \u00e9tudiants !<\/p>\t\t\t\t\t\t\t\t<\/div>\n\t\t\t\t<\/div>\n\t\t\t\t\t<\/div>\n\t\t<\/div>\n\t\t\t\t\t<\/div>\n\t\t<\/section>\n\t\t\t\t<section class=\"elementor-section elementor-top-section elementor-element elementor-element-681a313 elementor-section-boxed elementor-section-height-default elementor-section-height-default\" data-id=\"681a313\" data-element_type=\"section\" data-e-type=\"section\">\n\t\t\t\t\t\t<div class=\"elementor-container elementor-column-gap-default\">\n\t\t\t\t\t<div class=\"elementor-column elementor-col-100 elementor-top-column elementor-element elementor-element-043aa4c\" data-id=\"043aa4c\" data-element_type=\"column\" data-e-type=\"column\">\n\t\t\t<div class=\"elementor-widget-wrap elementor-element-populated\">\n\t\t\t\t\t\t<div class=\"elementor-element elementor-element-eb51990 elementor-align-center elementor-widget elementor-widget-button\" data-id=\"eb51990\" data-element_type=\"widget\" data-e-type=\"widget\" data-widget_type=\"button.default\">\n\t\t\t\t<div class=\"elementor-widget-container\">\n\t\t\t\t\t\t\t\t\t<div class=\"elementor-button-wrapper\">\n\t\t\t\t\t<a class=\"elementor-button elementor-button-link elementor-size-sm\" href=\"https:\/\/www.ouest-france.fr\/economie\/igr-iae-rennes-la-vie-associative-est-dans-ladn-de-notre-ecole-6f1a711a-12ce-11ef-8a2a-01c2428a5400#:~:text=L&#039;aventure%20associative%20offre%20ainsi,&#039;%C3%A9cole%20%2C%20compl%C3%A8te%20Ma%C3%ABlle%20Rubin.\" target=\"_blank\">\n\t\t\t\t\t\t<span class=\"elementor-button-content-wrapper\">\n\t\t\t\t\t\t\t\t\t<span class=\"elementor-button-text\">Lire l'article<\/span>\n\t\t\t\t\t<\/span>\n\t\t\t\t\t<\/a>\n\t\t\t\t<\/div>\n\t\t\t\t\t\t\t\t<\/div>\n\t\t\t\t<\/div>\n\t\t\t\t\t<\/div>\n\t\t<\/div>\n\t\t\t\t\t<\/div>\n\t\t<\/section>\n\t\t\t\t<\/div>\n\t\t","protected":false},"excerpt":{"rendered":"<p>Retrouvez un article passionnant publi\u00e9 dans Ouest France qui met en lumi\u00e8re l&rsquo;engagement associatif au c\u0153ur de notre \u00e9cole<\/p>\n","protected":false},"author":11,"featured_media":401753,"comment_status":"closed","ping_status":"closed","sticky":true,"template":"","format":"standard","meta":{"_acf_changed":false,"footnotes":""},"categories":[63],"tags":[],"class_list":["post-401663","post","type-post","status-publish","format-standard","has-post-thumbnail","hentry","category-vie_associative"],"acf":[],"yoast_head":"<!-- This site is optimized with the Yoast SEO plugin v27.5 - https:\/\/yoast.com\/product\/yoast-seo-wordpress\/ -->\n<title>La vie associative est dans l\u2019ADN de notre \u00e9cole - IGR IAE Rennes<\/title>\n<meta name=\"robots\" content=\"index, follow, max-snippet:-1, max-image-preview:large, max-video-preview:-1\" \/>\n<link rel=\"canonical\" href=\"https:\/\/www.igr.univ-rennes.fr\/fr\/la-vie-associative-est-dans-ladn-de-notre-ecole\/\" \/>\n<meta property=\"og:locale\" content=\"fr_FR\" \/>\n<meta property=\"og:type\" content=\"article\" \/>\n<meta property=\"og:title\" content=\"La vie associative est dans l\u2019ADN de notre \u00e9cole - IGR IAE Rennes\" \/>\n<meta property=\"og:description\" content=\"Retrouvez un article passionnant publi\u00e9 dans Ouest France qui met en lumi\u00e8re l&#039;engagement associatif au c\u0153ur de notre \u00e9cole\" \/>\n<meta property=\"og:url\" content=\"https:\/\/www.igr.univ-rennes.fr\/fr\/la-vie-associative-est-dans-ladn-de-notre-ecole\/\" \/>\n<meta property=\"og:site_name\" content=\"IGR IAE Rennes\" \/>\n<meta property=\"article:published_time\" content=\"2024-05-22T12:01:32+00:00\" \/>\n<meta property=\"article:modified_time\" content=\"2024-05-23T07:11:47+00:00\" \/>\n<meta property=\"og:image\" content=\"https:\/\/www.igr.univ-rennes.fr\/wp-content\/uploads\/2024\/05\/article-presse-baptiste-bahu-1-1024x538.jpg\" \/>\n\t<meta property=\"og:image:width\" content=\"1024\" \/>\n\t<meta property=\"og:image:height\" content=\"538\" \/>\n\t<meta property=\"og:image:type\" content=\"image\/jpeg\" \/>\n<meta name=\"author\" content=\"Marie-Annick Robin\" \/>\n<meta name=\"twitter:card\" content=\"summary_large_image\" \/>\n<meta name=\"twitter:label1\" content=\"\u00c9crit par\" \/>\n\t<meta name=\"twitter:data1\" content=\"Marie-Annick Robin\" \/>\n\t<meta name=\"twitter:label2\" content=\"Dur\u00e9e de lecture estim\u00e9e\" \/>\n\t<meta name=\"twitter:data2\" content=\"1 minute\" \/>\n<script type=\"application\/ld+json\" class=\"yoast-schema-graph\">{\"@context\":\"https:\\\/\\\/schema.org\",\"@graph\":[{\"@type\":\"Article\",\"@id\":\"https:\\\/\\\/www.igr.univ-rennes.fr\\\/fr\\\/la-vie-associative-est-dans-ladn-de-notre-ecole\\\/#article\",\"isPartOf\":{\"@id\":\"https:\\\/\\\/www.igr.univ-rennes.fr\\\/fr\\\/la-vie-associative-est-dans-ladn-de-notre-ecole\\\/\"},\"author\":{\"name\":\"Marie-Annick Robin\",\"@id\":\"https:\\\/\\\/www.igr.univ-rennes.fr\\\/fr\\\/#\\\/schema\\\/person\\\/5f1ef906f2986c0eaa338b7258c4082b\"},\"headline\":\"La vie associative est dans l\u2019ADN de notre \u00e9cole\",\"datePublished\":\"2024-05-22T12:01:32+00:00\",\"dateModified\":\"2024-05-23T07:11:47+00:00\",\"mainEntityOfPage\":{\"@id\":\"https:\\\/\\\/www.igr.univ-rennes.fr\\\/fr\\\/la-vie-associative-est-dans-ladn-de-notre-ecole\\\/\"},\"wordCount\":197,\"publisher\":{\"@id\":\"https:\\\/\\\/www.igr.univ-rennes.fr\\\/fr\\\/#organization\"},\"image\":{\"@id\":\"https:\\\/\\\/www.igr.univ-rennes.fr\\\/fr\\\/la-vie-associative-est-dans-ladn-de-notre-ecole\\\/#primaryimage\"},\"thumbnailUrl\":\"https:\\\/\\\/www.igr.univ-rennes.fr\\\/wp-content\\\/uploads\\\/2024\\\/05\\\/article-presse-baptiste-bahu-1.jpg\",\"articleSection\":[\"Vie associative\"],\"inLanguage\":\"fr-FR\"},{\"@type\":\"WebPage\",\"@id\":\"https:\\\/\\\/www.igr.univ-rennes.fr\\\/fr\\\/la-vie-associative-est-dans-ladn-de-notre-ecole\\\/\",\"url\":\"https:\\\/\\\/www.igr.univ-rennes.fr\\\/fr\\\/la-vie-associative-est-dans-ladn-de-notre-ecole\\\/\",\"name\":\"La vie associative est dans l\u2019ADN de notre \u00e9cole - IGR IAE Rennes\",\"isPartOf\":{\"@id\":\"https:\\\/\\\/www.igr.univ-rennes.fr\\\/fr\\\/#website\"},\"primaryImageOfPage\":{\"@id\":\"https:\\\/\\\/www.igr.univ-rennes.fr\\\/fr\\\/la-vie-associative-est-dans-ladn-de-notre-ecole\\\/#primaryimage\"},\"image\":{\"@id\":\"https:\\\/\\\/www.igr.univ-rennes.fr\\\/fr\\\/la-vie-associative-est-dans-ladn-de-notre-ecole\\\/#primaryimage\"},\"thumbnailUrl\":\"https:\\\/\\\/www.igr.univ-rennes.fr\\\/wp-content\\\/uploads\\\/2024\\\/05\\\/article-presse-baptiste-bahu-1.jpg\",\"datePublished\":\"2024-05-22T12:01:32+00:00\",\"dateModified\":\"2024-05-23T07:11:47+00:00\",\"breadcrumb\":{\"@id\":\"https:\\\/\\\/www.igr.univ-rennes.fr\\\/fr\\\/la-vie-associative-est-dans-ladn-de-notre-ecole\\\/#breadcrumb\"},\"inLanguage\":\"fr-FR\",\"potentialAction\":[{\"@type\":\"ReadAction\",\"target\":[\"https:\\\/\\\/www.igr.univ-rennes.fr\\\/fr\\\/la-vie-associative-est-dans-ladn-de-notre-ecole\\\/\"]}]},{\"@type\":\"ImageObject\",\"inLanguage\":\"fr-FR\",\"@id\":\"https:\\\/\\\/www.igr.univ-rennes.fr\\\/fr\\\/la-vie-associative-est-dans-ladn-de-notre-ecole\\\/#primaryimage\",\"url\":\"https:\\\/\\\/www.igr.univ-rennes.fr\\\/wp-content\\\/uploads\\\/2024\\\/05\\\/article-presse-baptiste-bahu-1.jpg\",\"contentUrl\":\"https:\\\/\\\/www.igr.univ-rennes.fr\\\/wp-content\\\/uploads\\\/2024\\\/05\\\/article-presse-baptiste-bahu-1.jpg\",\"width\":2400,\"height\":1260,\"caption\":\"article presse baptiste bahu (1)\"},{\"@type\":\"BreadcrumbList\",\"@id\":\"https:\\\/\\\/www.igr.univ-rennes.fr\\\/fr\\\/la-vie-associative-est-dans-ladn-de-notre-ecole\\\/#breadcrumb\",\"itemListElement\":[{\"@type\":\"ListItem\",\"position\":1,\"name\":\"Accueil\",\"item\":\"https:\\\/\\\/www.igr.univ-rennes.fr\\\/fr\\\/\"},{\"@type\":\"ListItem\",\"position\":2,\"name\":\"La vie associative est dans l\u2019ADN de notre \u00e9cole\"}]},{\"@type\":\"WebSite\",\"@id\":\"https:\\\/\\\/www.igr.univ-rennes.fr\\\/fr\\\/#website\",\"url\":\"https:\\\/\\\/www.igr.univ-rennes.fr\\\/fr\\\/\",\"name\":\"IGR IAE Rennes\",\"description\":\"\",\"publisher\":{\"@id\":\"https:\\\/\\\/www.igr.univ-rennes.fr\\\/fr\\\/#organization\"},\"potentialAction\":[{\"@type\":\"SearchAction\",\"target\":{\"@type\":\"EntryPoint\",\"urlTemplate\":\"https:\\\/\\\/www.igr.univ-rennes.fr\\\/fr\\\/?s={search_term_string}\"},\"query-input\":{\"@type\":\"PropertyValueSpecification\",\"valueRequired\":true,\"valueName\":\"search_term_string\"}}],\"inLanguage\":\"fr-FR\"},{\"@type\":\"Organization\",\"@id\":\"https:\\\/\\\/www.igr.univ-rennes.fr\\\/fr\\\/#organization\",\"name\":\"IGR IAE Rennes\",\"url\":\"https:\\\/\\\/www.igr.univ-rennes.fr\\\/fr\\\/\",\"logo\":{\"@type\":\"ImageObject\",\"inLanguage\":\"fr-FR\",\"@id\":\"https:\\\/\\\/www.igr.univ-rennes.fr\\\/fr\\\/#\\\/schema\\\/logo\\\/image\\\/\",\"url\":\"https:\\\/\\\/www.igr.univ-rennes.fr\\\/wp-content\\\/uploads\\\/2020\\\/06\\\/Logo-IGR-IAE-Rennes_Blanc-300dpi-RVB-e1597327228224.png\",\"contentUrl\":\"https:\\\/\\\/www.igr.univ-rennes.fr\\\/wp-content\\\/uploads\\\/2020\\\/06\\\/Logo-IGR-IAE-Rennes_Blanc-300dpi-RVB-e1597327228224.png\",\"width\":290,\"height\":107,\"caption\":\"IGR IAE Rennes\"},\"image\":{\"@id\":\"https:\\\/\\\/www.igr.univ-rennes.fr\\\/fr\\\/#\\\/schema\\\/logo\\\/image\\\/\"}},{\"@type\":\"Person\",\"@id\":\"https:\\\/\\\/www.igr.univ-rennes.fr\\\/fr\\\/#\\\/schema\\\/person\\\/5f1ef906f2986c0eaa338b7258c4082b\",\"name\":\"Marie-Annick Robin\",\"image\":{\"@type\":\"ImageObject\",\"inLanguage\":\"fr-FR\",\"@id\":\"https:\\\/\\\/secure.gravatar.com\\\/avatar\\\/f9293e68571e20c548e6d32c7885fdfb06e6f56349fe920439a102a2234f78c3?s=96&d=mm&r=g\",\"url\":\"https:\\\/\\\/secure.gravatar.com\\\/avatar\\\/f9293e68571e20c548e6d32c7885fdfb06e6f56349fe920439a102a2234f78c3?s=96&d=mm&r=g\",\"contentUrl\":\"https:\\\/\\\/secure.gravatar.com\\\/avatar\\\/f9293e68571e20c548e6d32c7885fdfb06e6f56349fe920439a102a2234f78c3?s=96&d=mm&r=g\",\"caption\":\"Marie-Annick Robin\"}}]}<\/script>\n<!-- \/ Yoast SEO plugin. -->","yoast_head_json":{"title":"La vie associative est dans l\u2019ADN de notre \u00e9cole - IGR IAE Rennes","robots":{"index":"index","follow":"follow","max-snippet":"max-snippet:-1","max-image-preview":"max-image-preview:large","max-video-preview":"max-video-preview:-1"},"canonical":"https:\/\/www.igr.univ-rennes.fr\/fr\/la-vie-associative-est-dans-ladn-de-notre-ecole\/","og_locale":"fr_FR","og_type":"article","og_title":"La vie associative est dans l\u2019ADN de notre \u00e9cole - IGR IAE Rennes","og_description":"Retrouvez un article passionnant publi\u00e9 dans Ouest France qui met en lumi\u00e8re l'engagement associatif au c\u0153ur de notre \u00e9cole","og_url":"https:\/\/www.igr.univ-rennes.fr\/fr\/la-vie-associative-est-dans-ladn-de-notre-ecole\/","og_site_name":"IGR IAE Rennes","article_published_time":"2024-05-22T12:01:32+00:00","article_modified_time":"2024-05-23T07:11:47+00:00","og_image":[{"width":1024,"height":538,"url":"https:\/\/www.igr.univ-rennes.fr\/wp-content\/uploads\/2024\/05\/article-presse-baptiste-bahu-1-1024x538.jpg","type":"image\/jpeg"}],"author":"Marie-Annick Robin","twitter_card":"summary_large_image","twitter_misc":{"\u00c9crit par":"Marie-Annick Robin","Dur\u00e9e de lecture estim\u00e9e":"1 minute"},"schema":{"@context":"https:\/\/schema.org","@graph":[{"@type":"Article","@id":"https:\/\/www.igr.univ-rennes.fr\/fr\/la-vie-associative-est-dans-ladn-de-notre-ecole\/#article","isPartOf":{"@id":"https:\/\/www.igr.univ-rennes.fr\/fr\/la-vie-associative-est-dans-ladn-de-notre-ecole\/"},"author":{"name":"Marie-Annick Robin","@id":"https:\/\/www.igr.univ-rennes.fr\/fr\/#\/schema\/person\/5f1ef906f2986c0eaa338b7258c4082b"},"headline":"La vie associative est dans l\u2019ADN de notre \u00e9cole","datePublished":"2024-05-22T12:01:32+00:00","dateModified":"2024-05-23T07:11:47+00:00","mainEntityOfPage":{"@id":"https:\/\/www.igr.univ-rennes.fr\/fr\/la-vie-associative-est-dans-ladn-de-notre-ecole\/"},"wordCount":197,"publisher":{"@id":"https:\/\/www.igr.univ-rennes.fr\/fr\/#organization"},"image":{"@id":"https:\/\/www.igr.univ-rennes.fr\/fr\/la-vie-associative-est-dans-ladn-de-notre-ecole\/#primaryimage"},"thumbnailUrl":"https:\/\/www.igr.univ-rennes.fr\/wp-content\/uploads\/2024\/05\/article-presse-baptiste-bahu-1.jpg","articleSection":["Vie associative"],"inLanguage":"fr-FR"},{"@type":"WebPage","@id":"https:\/\/www.igr.univ-rennes.fr\/fr\/la-vie-associative-est-dans-ladn-de-notre-ecole\/","url":"https:\/\/www.igr.univ-rennes.fr\/fr\/la-vie-associative-est-dans-ladn-de-notre-ecole\/","name":"La vie associative est dans l\u2019ADN de notre \u00e9cole - IGR IAE Rennes","isPartOf":{"@id":"https:\/\/www.igr.univ-rennes.fr\/fr\/#website"},"primaryImageOfPage":{"@id":"https:\/\/www.igr.univ-rennes.fr\/fr\/la-vie-associative-est-dans-ladn-de-notre-ecole\/#primaryimage"},"image":{"@id":"https:\/\/www.igr.univ-rennes.fr\/fr\/la-vie-associative-est-dans-ladn-de-notre-ecole\/#primaryimage"},"thumbnailUrl":"https:\/\/www.igr.univ-rennes.fr\/wp-content\/uploads\/2024\/05\/article-presse-baptiste-bahu-1.jpg","datePublished":"2024-05-22T12:01:32+00:00","dateModified":"2024-05-23T07:11:47+00:00","breadcrumb":{"@id":"https:\/\/www.igr.univ-rennes.fr\/fr\/la-vie-associative-est-dans-ladn-de-notre-ecole\/#breadcrumb"},"inLanguage":"fr-FR","potentialAction":[{"@type":"ReadAction","target":["https:\/\/www.igr.univ-rennes.fr\/fr\/la-vie-associative-est-dans-ladn-de-notre-ecole\/"]}]},{"@type":"ImageObject","inLanguage":"fr-FR","@id":"https:\/\/www.igr.univ-rennes.fr\/fr\/la-vie-associative-est-dans-ladn-de-notre-ecole\/#primaryimage","url":"https:\/\/www.igr.univ-rennes.fr\/wp-content\/uploads\/2024\/05\/article-presse-baptiste-bahu-1.jpg","contentUrl":"https:\/\/www.igr.univ-rennes.fr\/wp-content\/uploads\/2024\/05\/article-presse-baptiste-bahu-1.jpg","width":2400,"height":1260,"caption":"article presse baptiste bahu (1)"},{"@type":"BreadcrumbList","@id":"https:\/\/www.igr.univ-rennes.fr\/fr\/la-vie-associative-est-dans-ladn-de-notre-ecole\/#breadcrumb","itemListElement":[{"@type":"ListItem","position":1,"name":"Accueil","item":"https:\/\/www.igr.univ-rennes.fr\/fr\/"},{"@type":"ListItem","position":2,"name":"La vie associative est dans l\u2019ADN de notre \u00e9cole"}]},{"@type":"WebSite","@id":"https:\/\/www.igr.univ-rennes.fr\/fr\/#website","url":"https:\/\/www.igr.univ-rennes.fr\/fr\/","name":"IGR IAE Rennes","description":"","publisher":{"@id":"https:\/\/www.igr.univ-rennes.fr\/fr\/#organization"},"potentialAction":[{"@type":"SearchAction","target":{"@type":"EntryPoint","urlTemplate":"https:\/\/www.igr.univ-rennes.fr\/fr\/?s={search_term_string}"},"query-input":{"@type":"PropertyValueSpecification","valueRequired":true,"valueName":"search_term_string"}}],"inLanguage":"fr-FR"},{"@type":"Organization","@id":"https:\/\/www.igr.univ-rennes.fr\/fr\/#organization","name":"IGR IAE Rennes","url":"https:\/\/www.igr.univ-rennes.fr\/fr\/","logo":{"@type":"ImageObject","inLanguage":"fr-FR","@id":"https:\/\/www.igr.univ-rennes.fr\/fr\/#\/schema\/logo\/image\/","url":"https:\/\/www.igr.univ-rennes.fr\/wp-content\/uploads\/2020\/06\/Logo-IGR-IAE-Rennes_Blanc-300dpi-RVB-e1597327228224.png","contentUrl":"https:\/\/www.igr.univ-rennes.fr\/wp-content\/uploads\/2020\/06\/Logo-IGR-IAE-Rennes_Blanc-300dpi-RVB-e1597327228224.png","width":290,"height":107,"caption":"IGR IAE Rennes"},"image":{"@id":"https:\/\/www.igr.univ-rennes.fr\/fr\/#\/schema\/logo\/image\/"}},{"@type":"Person","@id":"https:\/\/www.igr.univ-rennes.fr\/fr\/#\/schema\/person\/5f1ef906f2986c0eaa338b7258c4082b","name":"Marie-Annick Robin","image":{"@type":"ImageObject","inLanguage":"fr-FR","@id":"https:\/\/secure.gravatar.com\/avatar\/f9293e68571e20c548e6d32c7885fdfb06e6f56349fe920439a102a2234f78c3?s=96&d=mm&r=g","url":"https:\/\/secure.gravatar.com\/avatar\/f9293e68571e20c548e6d32c7885fdfb06e6f56349fe920439a102a2234f78c3?s=96&d=mm&r=g","contentUrl":"https:\/\/secure.gravatar.com\/avatar\/f9293e68571e20c548e6d32c7885fdfb06e6f56349fe920439a102a2234f78c3?s=96&d=mm&r=g","caption":"Marie-Annick Robin"}}]}},"_links":{"self":[{"href":"https:\/\/www.igr.univ-rennes.fr\/fr\/wp-json\/wp\/v2\/posts\/401663","targetHints":{"allow":["GET"]}}],"collection":[{"href":"https:\/\/www.igr.univ-rennes.fr\/fr\/wp-json\/wp\/v2\/posts"}],"about":[{"href":"https:\/\/www.igr.univ-rennes.fr\/fr\/wp-json\/wp\/v2\/types\/post"}],"author":[{"embeddable":true,"href":"https:\/\/www.igr.univ-rennes.fr\/fr\/wp-json\/wp\/v2\/users\/11"}],"replies":[{"embeddable":true,"href":"https:\/\/www.igr.univ-rennes.fr\/fr\/wp-json\/wp\/v2\/comments?post=401663"}],"version-history":[{"count":10,"href":"https:\/\/www.igr.univ-rennes.fr\/fr\/wp-json\/wp\/v2\/posts\/401663\/revisions"}],"predecessor-version":[{"id":401755,"href":"https:\/\/www.igr.univ-rennes.fr\/fr\/wp-json\/wp\/v2\/posts\/401663\/revisions\/401755"}],"wp:featuredmedia":[{"embeddable":true,"href":"https:\/\/www.igr.univ-rennes.fr\/fr\/wp-json\/wp\/v2\/media\/401753"}],"wp:attachment":[{"href":"https:\/\/www.igr.univ-rennes.fr\/fr\/wp-json\/wp\/v2\/media?parent=401663"}],"wp:term":[{"taxonomy":"category","embeddable":true,"href":"https:\/\/www.igr.univ-rennes.fr\/fr\/wp-json\/wp\/v2\/categories?post=401663"},{"taxonomy":"post_tag","embeddable":true,"href":"https:\/\/www.igr.univ-rennes.fr\/fr\/wp-json\/wp\/v2\/tags?post=401663"}],"curies":[{"name":"wp","href":"https:\/\/api.w.org\/{rel}","templated":true}]}}