{"id":392386,"date":"2024-04-19T14:43:30","date_gmt":"2024-04-19T12:43:30","guid":{"rendered":"https:\/\/www.igr.univ-rennes.fr\/?p=392386"},"modified":"2024-04-24T11:17:33","modified_gmt":"2024-04-24T09:17:33","slug":"lisa-chiappini-master-2-gpla-participe-a-lemission-de-tvr-face-a-leurope","status":"publish","type":"post","link":"https:\/\/www.igr.univ-rennes.fr\/fr\/lisa-chiappini-master-2-gpla-participe-a-lemission-de-tvr-face-a-leurope\/","title":{"rendered":"Lisa Chiappini Master 2 GPLA participe \u00e0 l&rsquo;\u00e9mission de TVR \u00ab\u00a0Face \u00e0 l\u2019Europe\u00a0\u00bb"},"content":{"rendered":"\t\t<div data-elementor-type=\"wp-post\" data-elementor-id=\"392386\" class=\"elementor elementor-392386\">\n\t\t\t\t\t\t\t\t\t<section class=\"elementor-section elementor-top-section elementor-element elementor-element-fba0264 elementor-section-boxed elementor-section-height-default elementor-section-height-default\" data-id=\"fba0264\" data-element_type=\"section\">\n\t\t\t\t\t\t<div class=\"elementor-container elementor-column-gap-default\">\n\t\t\t\t\t<div class=\"elementor-column elementor-col-100 elementor-top-column elementor-element elementor-element-8f3a83f\" data-id=\"8f3a83f\" data-element_type=\"column\">\n\t\t\t<div class=\"elementor-widget-wrap elementor-element-populated\">\n\t\t\t\t\t\t\t\t<div class=\"elementor-element elementor-element-193727d elementor-widget elementor-widget-text-editor\" data-id=\"193727d\" data-element_type=\"widget\" data-widget_type=\"text-editor.default\">\n\t\t\t\t<div class=\"elementor-widget-container\">\n\t\t\t\t\t\t\t<p>L\u2019actuelle d\u00e9put\u00e9e europ\u00e9enne <strong>Marie-Pierre Vedrenne<\/strong> a pu \u00e9changer avec quatre Bretilliens dans le cadre de l\u2019\u00e9mission Face \u00e0 l\u2019Europe <strong>organis\u00e9e par Ouest-France et TVR<\/strong>.<\/p><p>\u00ab\u00a0<em>Rapprochez les citoyens et les citoyennes des hommes et des femmes politiques : et pourquoi pas les faire se rencontrer. ?<\/em> \u00a0\u00bb C\u2019\u00e9tait la proposition de <a href=\"https:\/\/www.ouest-france.fr\/\" target=\"_blank\" rel=\"noopener\">Ouest-France<\/a> et de la chaine de t\u00e9l\u00e9vision locale <a href=\"https:\/\/www.tvr.bzh\/\" target=\"_blank\" rel=\"noopener\">TVR<\/a> \u00e0 l\u2019occasion des prochaines \u00e9lections europ\u00e9ennes dont le scrutin se tiendra en France le 9 juin.<\/p><p>Deux Bretilliens et deux Bretilliennes ont eu cette opportunit\u00e9, dont <a href=\"https:\/\/fr.linkedin.com\/in\/lisa-chiappini-2b13b9196\" target=\"_blank\" rel=\"noopener\">Lisa Chiappini<\/a>, 22 ans, \u00e9tudiante en Master 2 \u00e0 l\u2019IGR-IAE, l\u2019\u00e9cole universitaire de management de Rennes, par ailleurs en alternance au sein du <a href=\"https:\/\/www.roullier.com\/\" target=\"_blank\" rel=\"noopener\">Groupe Roullier<\/a>.<\/p><p>Mardi 2 avril 2024, lors de l\u2019enregistrement des \u00e9missions, ils ont ainsi pu poser directement leurs questions \u00e0 sept hommes et femmes politiques&#8230;<\/p>\t\t\t\t\t\t<\/div>\n\t\t\t\t<\/div>\n\t\t\t\t\t<\/div>\n\t\t<\/div>\n\t\t\t\t\t\t\t<\/div>\n\t\t<\/section>\n\t\t\t\t<section class=\"elementor-section elementor-top-section elementor-element elementor-element-701eb94 elementor-section-boxed elementor-section-height-default elementor-section-height-default\" data-id=\"701eb94\" data-element_type=\"section\">\n\t\t\t\t\t\t<div class=\"elementor-container elementor-column-gap-default\">\n\t\t\t\t\t<div class=\"elementor-column elementor-col-100 elementor-top-column elementor-element elementor-element-3a8b2c0\" data-id=\"3a8b2c0\" data-element_type=\"column\">\n\t\t\t<div class=\"elementor-widget-wrap elementor-element-populated\">\n\t\t\t\t\t\t\t\t<div class=\"elementor-element elementor-element-3ad368c elementor-widget elementor-widget-image\" data-id=\"3ad368c\" data-element_type=\"widget\" data-widget_type=\"image.default\">\n\t\t\t\t<div class=\"elementor-widget-container\">\n\t\t\t\t\t\t\t\t\t\t\t\t\t\t\t<img decoding=\"async\" width=\"375\" height=\"249\" src=\"https:\/\/www.igr.univ-rennes.fr\/wp-content\/uploads\/2024\/04\/Lisa-Chiappini.jpg\" class=\"attachment-large size-large wp-image-392389\" alt=\"Lisa-Chiappini\" srcset=\"https:\/\/www.igr.univ-rennes.fr\/wp-content\/uploads\/2024\/04\/Lisa-Chiappini.jpg 375w, https:\/\/www.igr.univ-rennes.fr\/wp-content\/uploads\/2024\/04\/Lisa-Chiappini-300x199.jpg 300w\" sizes=\"(max-width: 375px) 100vw, 375px\" \/>\t\t\t\t\t\t\t\t\t\t\t\t\t\t\t<\/div>\n\t\t\t\t<\/div>\n\t\t\t\t\t<\/div>\n\t\t<\/div>\n\t\t\t\t\t\t\t<\/div>\n\t\t<\/section>\n\t\t\t\t<section class=\"elementor-section elementor-top-section elementor-element elementor-element-1ea458e elementor-section-boxed elementor-section-height-default elementor-section-height-default\" data-id=\"1ea458e\" data-element_type=\"section\">\n\t\t\t\t\t\t<div class=\"elementor-container elementor-column-gap-default\">\n\t\t\t\t\t<div class=\"elementor-column elementor-col-50 elementor-top-column elementor-element elementor-element-3af3f80\" data-id=\"3af3f80\" data-element_type=\"column\">\n\t\t\t<div class=\"elementor-widget-wrap elementor-element-populated\">\n\t\t\t\t\t\t\t\t<div class=\"elementor-element elementor-element-17d0e09 elementor-align-center elementor-widget elementor-widget-button\" data-id=\"17d0e09\" data-element_type=\"widget\" data-widget_type=\"button.default\">\n\t\t\t\t<div class=\"elementor-widget-container\">\n\t\t\t\t\t<div class=\"elementor-button-wrapper\">\n\t\t\t<a class=\"elementor-button elementor-button-link elementor-size-sm\" href=\"https:\/\/www.tvr.bzh\/v\/573b2b5-face-a-l-europe-16-04-2024\" target=\"_blank\">\n\t\t\t\t\t\t<span class=\"elementor-button-content-wrapper\">\n\t\t\t\t\t\t<span class=\"elementor-button-text\">Voir ou revoir l'\u00e9mission<\/span>\n\t\t<\/span>\n\t\t\t\t\t<\/a>\n\t\t<\/div>\n\t\t\t\t<\/div>\n\t\t\t\t<\/div>\n\t\t\t\t\t<\/div>\n\t\t<\/div>\n\t\t\t\t<div class=\"elementor-column elementor-col-50 elementor-top-column elementor-element elementor-element-c6d57c7\" data-id=\"c6d57c7\" data-element_type=\"column\">\n\t\t\t<div class=\"elementor-widget-wrap elementor-element-populated\">\n\t\t\t\t\t\t\t\t<div class=\"elementor-element elementor-element-13a1a6c elementor-align-center elementor-widget elementor-widget-button\" data-id=\"13a1a6c\" data-element_type=\"widget\" data-widget_type=\"button.default\">\n\t\t\t\t<div class=\"elementor-widget-container\">\n\t\t\t\t\t<div class=\"elementor-button-wrapper\">\n\t\t\t<a class=\"elementor-button elementor-button-link elementor-size-sm\" href=\"https:\/\/www.ouest-france.fr\/bretagne\/rennes-35000\/face-a-leurope-des-citoyens-dille-et-vilaine-interrogent-les-politiques-592b4c1e-f198-11ee-b9d6-e26e1f1545b0\">\n\t\t\t\t\t\t<span class=\"elementor-button-content-wrapper\">\n\t\t\t\t\t\t<span class=\"elementor-button-text\">Extrait de  l'article Ouest-France<\/span>\n\t\t<\/span>\n\t\t\t\t\t<\/a>\n\t\t<\/div>\n\t\t\t\t<\/div>\n\t\t\t\t<\/div>\n\t\t\t\t\t<\/div>\n\t\t<\/div>\n\t\t\t\t\t\t\t<\/div>\n\t\t<\/section>\n\t\t\t\t\t\t\t<\/div>\n\t\t","protected":false},"excerpt":{"rendered":"<p>L\u2019actuelle d\u00e9put\u00e9e europ\u00e9enne Marie-Pierre Vedrenne a pu \u00e9changer avec quatre Bretilliens dans le cadre de l\u2019\u00e9mission \u00ab\u00a0Face \u00e0 l\u2019Europe\u00a0\u00bb organis\u00e9e par Ouest-France et TVR.<\/p>\n","protected":false},"author":11,"featured_media":392428,"comment_status":"closed","ping_status":"closed","sticky":true,"template":"","format":"standard","meta":{"footnotes":""},"categories":[147],"tags":[],"yoast_head":"<!-- This site is optimized with the Yoast SEO plugin v21.1 - https:\/\/yoast.com\/wordpress\/plugins\/seo\/ -->\n<title>Lisa Chiappini Master 2 GPLA participe \u00e0 l&rsquo;\u00e9mission de TVR \u00ab\u00a0Face \u00e0 l\u2019Europe\u00a0\u00bb - IGR IAE Rennes<\/title>\n<meta name=\"robots\" content=\"index, follow, max-snippet:-1, max-image-preview:large, max-video-preview:-1\" \/>\n<link rel=\"canonical\" href=\"https:\/\/www.igr.univ-rennes.fr\/fr\/lisa-chiappini-master-2-gpla-participe-a-lemission-de-tvr-face-a-leurope\/\" \/>\n<meta property=\"og:locale\" content=\"fr_FR\" \/>\n<meta property=\"og:type\" content=\"article\" \/>\n<meta property=\"og:title\" content=\"Lisa Chiappini Master 2 GPLA participe \u00e0 l&rsquo;\u00e9mission de TVR \u00ab\u00a0Face \u00e0 l\u2019Europe\u00a0\u00bb - IGR IAE Rennes\" \/>\n<meta property=\"og:description\" content=\"L\u2019actuelle d\u00e9put\u00e9e europ\u00e9enne Marie-Pierre Vedrenne a pu \u00e9changer avec quatre Bretilliens dans le cadre de l\u2019\u00e9mission &quot;Face \u00e0 l\u2019Europe&quot; organis\u00e9e par Ouest-France et TVR.\" \/>\n<meta property=\"og:url\" content=\"https:\/\/www.igr.univ-rennes.fr\/fr\/lisa-chiappini-master-2-gpla-participe-a-lemission-de-tvr-face-a-leurope\/\" \/>\n<meta property=\"og:site_name\" content=\"IGR IAE Rennes\" \/>\n<meta property=\"article:published_time\" content=\"2024-04-19T12:43:30+00:00\" \/>\n<meta property=\"article:modified_time\" content=\"2024-04-24T09:17:33+00:00\" \/>\n<meta property=\"og:image\" content=\"https:\/\/www.igr.univ-rennes.fr\/wp-content\/uploads\/2024\/04\/face-a-leurope-ok.jpg\" \/>\n\t<meta property=\"og:image:width\" content=\"1049\" \/>\n\t<meta property=\"og:image:height\" content=\"536\" \/>\n\t<meta property=\"og:image:type\" content=\"image\/jpeg\" \/>\n<meta name=\"author\" content=\"Marie-Annick Robin\" \/>\n<meta name=\"twitter:card\" content=\"summary_large_image\" \/>\n<meta name=\"twitter:label1\" content=\"\u00c9crit par\" \/>\n\t<meta name=\"twitter:data1\" content=\"Marie-Annick Robin\" \/>\n\t<meta name=\"twitter:label2\" content=\"Dur\u00e9e de lecture estim\u00e9e\" \/>\n\t<meta name=\"twitter:data2\" content=\"1 minute\" \/>\n<script type=\"application\/ld+json\" class=\"yoast-schema-graph\">{\"@context\":\"https:\/\/schema.org\",\"@graph\":[{\"@type\":\"Article\",\"@id\":\"https:\/\/www.igr.univ-rennes.fr\/fr\/lisa-chiappini-master-2-gpla-participe-a-lemission-de-tvr-face-a-leurope\/#article\",\"isPartOf\":{\"@id\":\"https:\/\/www.igr.univ-rennes.fr\/fr\/lisa-chiappini-master-2-gpla-participe-a-lemission-de-tvr-face-a-leurope\/\"},\"author\":{\"name\":\"Marie-Annick Robin\",\"@id\":\"https:\/\/www.igr.univ-rennes.fr\/fr\/#\/schema\/person\/5f1ef906f2986c0eaa338b7258c4082b\"},\"headline\":\"Lisa Chiappini Master 2 GPLA participe \u00e0 l&rsquo;\u00e9mission de TVR \u00ab\u00a0Face \u00e0 l\u2019Europe\u00a0\u00bb\",\"datePublished\":\"2024-04-19T12:43:30+00:00\",\"dateModified\":\"2024-04-24T09:17:33+00:00\",\"mainEntityOfPage\":{\"@id\":\"https:\/\/www.igr.univ-rennes.fr\/fr\/lisa-chiappini-master-2-gpla-participe-a-lemission-de-tvr-face-a-leurope\/\"},\"wordCount\":158,\"publisher\":{\"@id\":\"https:\/\/www.igr.univ-rennes.fr\/fr\/#organization\"},\"articleSection\":[\"Actualit\u00e9s\"],\"inLanguage\":\"fr-FR\"},{\"@type\":\"WebPage\",\"@id\":\"https:\/\/www.igr.univ-rennes.fr\/fr\/lisa-chiappini-master-2-gpla-participe-a-lemission-de-tvr-face-a-leurope\/\",\"url\":\"https:\/\/www.igr.univ-rennes.fr\/fr\/lisa-chiappini-master-2-gpla-participe-a-lemission-de-tvr-face-a-leurope\/\",\"name\":\"Lisa Chiappini Master 2 GPLA participe \u00e0 l&rsquo;\u00e9mission de TVR \u00ab\u00a0Face \u00e0 l\u2019Europe\u00a0\u00bb - IGR IAE Rennes\",\"isPartOf\":{\"@id\":\"https:\/\/www.igr.univ-rennes.fr\/fr\/#website\"},\"datePublished\":\"2024-04-19T12:43:30+00:00\",\"dateModified\":\"2024-04-24T09:17:33+00:00\",\"breadcrumb\":{\"@id\":\"https:\/\/www.igr.univ-rennes.fr\/fr\/lisa-chiappini-master-2-gpla-participe-a-lemission-de-tvr-face-a-leurope\/#breadcrumb\"},\"inLanguage\":\"fr-FR\",\"potentialAction\":[{\"@type\":\"ReadAction\",\"target\":[\"https:\/\/www.igr.univ-rennes.fr\/fr\/lisa-chiappini-master-2-gpla-participe-a-lemission-de-tvr-face-a-leurope\/\"]}]},{\"@type\":\"BreadcrumbList\",\"@id\":\"https:\/\/www.igr.univ-rennes.fr\/fr\/lisa-chiappini-master-2-gpla-participe-a-lemission-de-tvr-face-a-leurope\/#breadcrumb\",\"itemListElement\":[{\"@type\":\"ListItem\",\"position\":1,\"name\":\"Accueil\",\"item\":\"https:\/\/www.igr.univ-rennes.fr\/fr\/\"},{\"@type\":\"ListItem\",\"position\":2,\"name\":\"Lisa Chiappini Master 2 GPLA participe \u00e0 l&rsquo;\u00e9mission de TVR \u00ab\u00a0Face \u00e0 l\u2019Europe\u00a0\u00bb\"}]},{\"@type\":\"WebSite\",\"@id\":\"https:\/\/www.igr.univ-rennes.fr\/fr\/#website\",\"url\":\"https:\/\/www.igr.univ-rennes.fr\/fr\/\",\"name\":\"IGR IAE Rennes\",\"description\":\"\",\"publisher\":{\"@id\":\"https:\/\/www.igr.univ-rennes.fr\/fr\/#organization\"},\"potentialAction\":[{\"@type\":\"SearchAction\",\"target\":{\"@type\":\"EntryPoint\",\"urlTemplate\":\"https:\/\/www.igr.univ-rennes.fr\/fr\/?s={search_term_string}\"},\"query-input\":\"required name=search_term_string\"}],\"inLanguage\":\"fr-FR\"},{\"@type\":\"Organization\",\"@id\":\"https:\/\/www.igr.univ-rennes.fr\/fr\/#organization\",\"name\":\"IGR IAE Rennes\",\"url\":\"https:\/\/www.igr.univ-rennes.fr\/fr\/\",\"logo\":{\"@type\":\"ImageObject\",\"inLanguage\":\"fr-FR\",\"@id\":\"https:\/\/www.igr.univ-rennes.fr\/fr\/#\/schema\/logo\/image\/\",\"url\":\"https:\/\/www.igr.univ-rennes.fr\/wp-content\/uploads\/2020\/06\/Logo-IGR-IAE-Rennes_Blanc-300dpi-RVB-e1597327228224.png\",\"contentUrl\":\"https:\/\/www.igr.univ-rennes.fr\/wp-content\/uploads\/2020\/06\/Logo-IGR-IAE-Rennes_Blanc-300dpi-RVB-e1597327228224.png\",\"width\":290,\"height\":107,\"caption\":\"IGR IAE Rennes\"},\"image\":{\"@id\":\"https:\/\/www.igr.univ-rennes.fr\/fr\/#\/schema\/logo\/image\/\"}},{\"@type\":\"Person\",\"@id\":\"https:\/\/www.igr.univ-rennes.fr\/fr\/#\/schema\/person\/5f1ef906f2986c0eaa338b7258c4082b\",\"name\":\"Marie-Annick Robin\",\"image\":{\"@type\":\"ImageObject\",\"inLanguage\":\"fr-FR\",\"@id\":\"https:\/\/www.igr.univ-rennes.fr\/fr\/#\/schema\/person\/image\/\",\"url\":\"https:\/\/secure.gravatar.com\/avatar\/2be340e59f359ca7aa475c1693137388?s=96&d=mm&r=g\",\"contentUrl\":\"https:\/\/secure.gravatar.com\/avatar\/2be340e59f359ca7aa475c1693137388?s=96&d=mm&r=g\",\"caption\":\"Marie-Annick Robin\"}}]}<\/script>\n<!-- \/ Yoast SEO plugin. -->","yoast_head_json":{"title":"Lisa Chiappini Master 2 GPLA participe \u00e0 l&rsquo;\u00e9mission de TVR \u00ab\u00a0Face \u00e0 l\u2019Europe\u00a0\u00bb - IGR IAE Rennes","robots":{"index":"index","follow":"follow","max-snippet":"max-snippet:-1","max-image-preview":"max-image-preview:large","max-video-preview":"max-video-preview:-1"},"canonical":"https:\/\/www.igr.univ-rennes.fr\/fr\/lisa-chiappini-master-2-gpla-participe-a-lemission-de-tvr-face-a-leurope\/","og_locale":"fr_FR","og_type":"article","og_title":"Lisa Chiappini Master 2 GPLA participe \u00e0 l&rsquo;\u00e9mission de TVR \u00ab\u00a0Face \u00e0 l\u2019Europe\u00a0\u00bb - IGR IAE Rennes","og_description":"L\u2019actuelle d\u00e9put\u00e9e europ\u00e9enne Marie-Pierre Vedrenne a pu \u00e9changer avec quatre Bretilliens dans le cadre de l\u2019\u00e9mission \"Face \u00e0 l\u2019Europe\" organis\u00e9e par Ouest-France et TVR.","og_url":"https:\/\/www.igr.univ-rennes.fr\/fr\/lisa-chiappini-master-2-gpla-participe-a-lemission-de-tvr-face-a-leurope\/","og_site_name":"IGR IAE Rennes","article_published_time":"2024-04-19T12:43:30+00:00","article_modified_time":"2024-04-24T09:17:33+00:00","og_image":[{"width":1049,"height":536,"url":"https:\/\/www.igr.univ-rennes.fr\/wp-content\/uploads\/2024\/04\/face-a-leurope-ok.jpg","type":"image\/jpeg"}],"author":"Marie-Annick Robin","twitter_card":"summary_large_image","twitter_misc":{"\u00c9crit par":"Marie-Annick Robin","Dur\u00e9e de lecture estim\u00e9e":"1 minute"},"schema":{"@context":"https:\/\/schema.org","@graph":[{"@type":"Article","@id":"https:\/\/www.igr.univ-rennes.fr\/fr\/lisa-chiappini-master-2-gpla-participe-a-lemission-de-tvr-face-a-leurope\/#article","isPartOf":{"@id":"https:\/\/www.igr.univ-rennes.fr\/fr\/lisa-chiappini-master-2-gpla-participe-a-lemission-de-tvr-face-a-leurope\/"},"author":{"name":"Marie-Annick Robin","@id":"https:\/\/www.igr.univ-rennes.fr\/fr\/#\/schema\/person\/5f1ef906f2986c0eaa338b7258c4082b"},"headline":"Lisa Chiappini Master 2 GPLA participe \u00e0 l&rsquo;\u00e9mission de TVR \u00ab\u00a0Face \u00e0 l\u2019Europe\u00a0\u00bb","datePublished":"2024-04-19T12:43:30+00:00","dateModified":"2024-04-24T09:17:33+00:00","mainEntityOfPage":{"@id":"https:\/\/www.igr.univ-rennes.fr\/fr\/lisa-chiappini-master-2-gpla-participe-a-lemission-de-tvr-face-a-leurope\/"},"wordCount":158,"publisher":{"@id":"https:\/\/www.igr.univ-rennes.fr\/fr\/#organization"},"articleSection":["Actualit\u00e9s"],"inLanguage":"fr-FR"},{"@type":"WebPage","@id":"https:\/\/www.igr.univ-rennes.fr\/fr\/lisa-chiappini-master-2-gpla-participe-a-lemission-de-tvr-face-a-leurope\/","url":"https:\/\/www.igr.univ-rennes.fr\/fr\/lisa-chiappini-master-2-gpla-participe-a-lemission-de-tvr-face-a-leurope\/","name":"Lisa Chiappini Master 2 GPLA participe \u00e0 l&rsquo;\u00e9mission de TVR \u00ab\u00a0Face \u00e0 l\u2019Europe\u00a0\u00bb - IGR IAE Rennes","isPartOf":{"@id":"https:\/\/www.igr.univ-rennes.fr\/fr\/#website"},"datePublished":"2024-04-19T12:43:30+00:00","dateModified":"2024-04-24T09:17:33+00:00","breadcrumb":{"@id":"https:\/\/www.igr.univ-rennes.fr\/fr\/lisa-chiappini-master-2-gpla-participe-a-lemission-de-tvr-face-a-leurope\/#breadcrumb"},"inLanguage":"fr-FR","potentialAction":[{"@type":"ReadAction","target":["https:\/\/www.igr.univ-rennes.fr\/fr\/lisa-chiappini-master-2-gpla-participe-a-lemission-de-tvr-face-a-leurope\/"]}]},{"@type":"BreadcrumbList","@id":"https:\/\/www.igr.univ-rennes.fr\/fr\/lisa-chiappini-master-2-gpla-participe-a-lemission-de-tvr-face-a-leurope\/#breadcrumb","itemListElement":[{"@type":"ListItem","position":1,"name":"Accueil","item":"https:\/\/www.igr.univ-rennes.fr\/fr\/"},{"@type":"ListItem","position":2,"name":"Lisa Chiappini Master 2 GPLA participe \u00e0 l&rsquo;\u00e9mission de TVR \u00ab\u00a0Face \u00e0 l\u2019Europe\u00a0\u00bb"}]},{"@type":"WebSite","@id":"https:\/\/www.igr.univ-rennes.fr\/fr\/#website","url":"https:\/\/www.igr.univ-rennes.fr\/fr\/","name":"IGR IAE Rennes","description":"","publisher":{"@id":"https:\/\/www.igr.univ-rennes.fr\/fr\/#organization"},"potentialAction":[{"@type":"SearchAction","target":{"@type":"EntryPoint","urlTemplate":"https:\/\/www.igr.univ-rennes.fr\/fr\/?s={search_term_string}"},"query-input":"required name=search_term_string"}],"inLanguage":"fr-FR"},{"@type":"Organization","@id":"https:\/\/www.igr.univ-rennes.fr\/fr\/#organization","name":"IGR IAE Rennes","url":"https:\/\/www.igr.univ-rennes.fr\/fr\/","logo":{"@type":"ImageObject","inLanguage":"fr-FR","@id":"https:\/\/www.igr.univ-rennes.fr\/fr\/#\/schema\/logo\/image\/","url":"https:\/\/www.igr.univ-rennes.fr\/wp-content\/uploads\/2020\/06\/Logo-IGR-IAE-Rennes_Blanc-300dpi-RVB-e1597327228224.png","contentUrl":"https:\/\/www.igr.univ-rennes.fr\/wp-content\/uploads\/2020\/06\/Logo-IGR-IAE-Rennes_Blanc-300dpi-RVB-e1597327228224.png","width":290,"height":107,"caption":"IGR IAE Rennes"},"image":{"@id":"https:\/\/www.igr.univ-rennes.fr\/fr\/#\/schema\/logo\/image\/"}},{"@type":"Person","@id":"https:\/\/www.igr.univ-rennes.fr\/fr\/#\/schema\/person\/5f1ef906f2986c0eaa338b7258c4082b","name":"Marie-Annick Robin","image":{"@type":"ImageObject","inLanguage":"fr-FR","@id":"https:\/\/www.igr.univ-rennes.fr\/fr\/#\/schema\/person\/image\/","url":"https:\/\/secure.gravatar.com\/avatar\/2be340e59f359ca7aa475c1693137388?s=96&d=mm&r=g","contentUrl":"https:\/\/secure.gravatar.com\/avatar\/2be340e59f359ca7aa475c1693137388?s=96&d=mm&r=g","caption":"Marie-Annick Robin"}}]}},"_links":{"self":[{"href":"https:\/\/www.igr.univ-rennes.fr\/fr\/wp-json\/wp\/v2\/posts\/392386"}],"collection":[{"href":"https:\/\/www.igr.univ-rennes.fr\/fr\/wp-json\/wp\/v2\/posts"}],"about":[{"href":"https:\/\/www.igr.univ-rennes.fr\/fr\/wp-json\/wp\/v2\/types\/post"}],"author":[{"embeddable":true,"href":"https:\/\/www.igr.univ-rennes.fr\/fr\/wp-json\/wp\/v2\/users\/11"}],"replies":[{"embeddable":true,"href":"https:\/\/www.igr.univ-rennes.fr\/fr\/wp-json\/wp\/v2\/comments?post=392386"}],"version-history":[{"count":47,"href":"https:\/\/www.igr.univ-rennes.fr\/fr\/wp-json\/wp\/v2\/posts\/392386\/revisions"}],"predecessor-version":[{"id":394007,"href":"https:\/\/www.igr.univ-rennes.fr\/fr\/wp-json\/wp\/v2\/posts\/392386\/revisions\/394007"}],"wp:featuredmedia":[{"embeddable":true,"href":"https:\/\/www.igr.univ-rennes.fr\/fr\/wp-json\/wp\/v2\/media\/392428"}],"wp:attachment":[{"href":"https:\/\/www.igr.univ-rennes.fr\/fr\/wp-json\/wp\/v2\/media?parent=392386"}],"wp:term":[{"taxonomy":"category","embeddable":true,"href":"https:\/\/www.igr.univ-rennes.fr\/fr\/wp-json\/wp\/v2\/categories?post=392386"},{"taxonomy":"post_tag","embeddable":true,"href":"https:\/\/www.igr.univ-rennes.fr\/fr\/wp-json\/wp\/v2\/tags?post=392386"}],"curies":[{"name":"wp","href":"https:\/\/api.w.org\/{rel}","templated":true}]}}