{"id":392308,"date":"2024-05-27T14:02:54","date_gmt":"2024-05-27T12:02:54","guid":{"rendered":"https:\/\/www.igr.univ-rennes.fr\/?p=392308"},"modified":"2024-06-17T14:59:53","modified_gmt":"2024-06-17T12:59:53","slug":"7eme-edition-du-festival-tigredelik-le-8-juin","status":"publish","type":"post","link":"https:\/\/www.igr.univ-rennes.fr\/fr\/7eme-edition-du-festival-tigredelik-le-8-juin\/","title":{"rendered":"7\u00e8me \u00e9dition du Festival Tigre&rsquo;D\u00e9lik le 8 juin"},"content":{"rendered":"\t\t<div data-elementor-type=\"wp-post\" data-elementor-id=\"392308\" class=\"elementor elementor-392308\">\n\t\t\t\t\t\t\t\t\t<section class=\"elementor-section elementor-top-section elementor-element elementor-element-d465eb2 elementor-section-boxed elementor-section-height-default elementor-section-height-default\" data-id=\"d465eb2\" data-element_type=\"section\">\n\t\t\t\t\t\t<div class=\"elementor-container elementor-column-gap-default\">\n\t\t\t\t\t<div class=\"elementor-column elementor-col-100 elementor-top-column elementor-element elementor-element-dac73d4\" data-id=\"dac73d4\" data-element_type=\"column\">\n\t\t\t<div class=\"elementor-widget-wrap elementor-element-populated\">\n\t\t\t\t\t\t\t\t<div class=\"elementor-element elementor-element-e63cad7 elementor-widget elementor-widget-text-editor\" data-id=\"e63cad7\" data-element_type=\"widget\" data-widget_type=\"text-editor.default\">\n\t\t\t\t<div class=\"elementor-widget-container\">\n\t\t\t\t\t\t\t<p>Le <a href=\"https:\/\/www.igr.univ-rennes.fr\/fr\/association\/bda\/\" target=\"_blank\" rel=\"noopener\">Bureau Des Arts<\/a> organise la septi\u00e8me \u00e9dition du <a href=\"https:\/\/www.festivaltigredelik.fr\/\" target=\"_blank\" rel=\"noopener\">festival Tigre&rsquo;D\u00e9lik<\/a> le 8 juin prochain.<\/p><p>Le Tigre\u2019Delik, c\u2019est un festival musical (\u00e9lectro\/techno) organis\u00e9 par les \u00e9tudiants membres de l\u2019association du Bureau des Arts de l\u2019IGR-IAE Rennes, port\u00e9e par des valeurs fortes de convivialit\u00e9, de bienveillance, d\u2019\u00e9merveillement et de respect.<\/p><p>Cette ann\u00e9e, le festival se tiendra aux <a href=\"https:\/\/www.territoires-rennes.fr\/les-projets\/les-cartoucheries\" target=\"_blank\" rel=\"noopener\">Anciennes Cartoucheries<\/a> pour la partie Open Air de 15h \u00e0 22h et \u00e0 l&rsquo;<a href=\"https:\/\/metropole.rennes.fr\/organisme\/lubu-209\" target=\"_blank\" rel=\"noopener\">UBU<\/a> pour une partie plut\u00f4t techno de 00h \u00e0 6h.\u00a0<\/p>\t\t\t\t\t\t<\/div>\n\t\t\t\t<\/div>\n\t\t\t\t\t<\/div>\n\t\t<\/div>\n\t\t\t\t\t\t\t<\/div>\n\t\t<\/section>\n\t\t\t\t<section class=\"elementor-section elementor-top-section elementor-element elementor-element-5fca7f5 elementor-section-boxed elementor-section-height-default elementor-section-height-default\" data-id=\"5fca7f5\" data-element_type=\"section\">\n\t\t\t\t\t\t<div class=\"elementor-container elementor-column-gap-default\">\n\t\t\t\t\t<div class=\"elementor-column elementor-col-100 elementor-top-column elementor-element elementor-element-53645c3\" data-id=\"53645c3\" data-element_type=\"column\">\n\t\t\t<div class=\"elementor-widget-wrap elementor-element-populated\">\n\t\t\t\t\t\t\t\t<div class=\"elementor-element elementor-element-7c7d131 elementor-align-center elementor-widget elementor-widget-button\" data-id=\"7c7d131\" data-element_type=\"widget\" data-widget_type=\"button.default\">\n\t\t\t\t<div class=\"elementor-widget-container\">\n\t\t\t\t\t<div class=\"elementor-button-wrapper\">\n\t\t\t<a class=\"elementor-button elementor-button-link elementor-size-sm\" href=\"https:\/\/www.festivaltigredelik.fr\/\" target=\"_blank\">\n\t\t\t\t\t\t<span class=\"elementor-button-content-wrapper\">\n\t\t\t\t\t\t<span class=\"elementor-button-text\">Plus d'informations<\/span>\n\t\t<\/span>\n\t\t\t\t\t<\/a>\n\t\t<\/div>\n\t\t\t\t<\/div>\n\t\t\t\t<\/div>\n\t\t\t\t\t<\/div>\n\t\t<\/div>\n\t\t\t\t\t\t\t<\/div>\n\t\t<\/section>\n\t\t\t\t<section class=\"elementor-section elementor-top-section elementor-element elementor-element-a7be456 elementor-section-boxed elementor-section-height-default elementor-section-height-default\" data-id=\"a7be456\" data-element_type=\"section\">\n\t\t\t\t\t\t<div class=\"elementor-container elementor-column-gap-default\">\n\t\t\t\t\t<div class=\"elementor-column elementor-col-100 elementor-top-column elementor-element elementor-element-07d26a2\" data-id=\"07d26a2\" data-element_type=\"column\">\n\t\t\t<div class=\"elementor-widget-wrap elementor-element-populated\">\n\t\t\t\t\t\t\t\t<div class=\"elementor-element elementor-element-c3a635f elementor-widget elementor-widget-image\" data-id=\"c3a635f\" data-element_type=\"widget\" data-widget_type=\"image.default\">\n\t\t\t\t<div class=\"elementor-widget-container\">\n\t\t\t\t\t\t\t\t\t\t\t\t\t\t\t<img decoding=\"async\" width=\"800\" height=\"383\" src=\"https:\/\/www.igr.univ-rennes.fr\/wp-content\/uploads\/2024\/04\/TigreDelik-1024x490.jpg\" class=\"attachment-large size-large wp-image-392322\" alt=\"TigreDelik\" srcset=\"https:\/\/www.igr.univ-rennes.fr\/wp-content\/uploads\/2024\/04\/TigreDelik-1024x490.jpg 1024w, https:\/\/www.igr.univ-rennes.fr\/wp-content\/uploads\/2024\/04\/TigreDelik-300x144.jpg 300w, https:\/\/www.igr.univ-rennes.fr\/wp-content\/uploads\/2024\/04\/TigreDelik-768x367.jpg 768w, https:\/\/www.igr.univ-rennes.fr\/wp-content\/uploads\/2024\/04\/TigreDelik.jpg 1298w\" sizes=\"(max-width: 800px) 100vw, 800px\" \/>\t\t\t\t\t\t\t\t\t\t\t\t\t\t\t<\/div>\n\t\t\t\t<\/div>\n\t\t\t\t\t<\/div>\n\t\t<\/div>\n\t\t\t\t\t\t\t<\/div>\n\t\t<\/section>\n\t\t\t\t\t\t\t<\/div>\n\t\t","protected":false},"excerpt":{"rendered":"<p>Le Bureau Des Arts organise la septi\u00e8me \u00e9dition du festival Tigre&rsquo;D\u00e9lik le 8 juin prochain<\/p>\n","protected":false},"author":11,"featured_media":392346,"comment_status":"closed","ping_status":"closed","sticky":false,"template":"","format":"standard","meta":{"footnotes":""},"categories":[63],"tags":[],"yoast_head":"<!-- This site is optimized with the Yoast SEO plugin v21.1 - https:\/\/yoast.com\/wordpress\/plugins\/seo\/ -->\n<title>7\u00e8me \u00e9dition du Festival Tigre&rsquo;D\u00e9lik le 8 juin - IGR IAE Rennes<\/title>\n<meta name=\"robots\" content=\"index, follow, max-snippet:-1, max-image-preview:large, max-video-preview:-1\" \/>\n<link rel=\"canonical\" href=\"https:\/\/www.igr.univ-rennes.fr\/fr\/7eme-edition-du-festival-tigredelik-le-8-juin\/\" \/>\n<meta property=\"og:locale\" content=\"fr_FR\" \/>\n<meta property=\"og:type\" content=\"article\" \/>\n<meta property=\"og:title\" content=\"7\u00e8me \u00e9dition du Festival Tigre&rsquo;D\u00e9lik le 8 juin - IGR IAE Rennes\" \/>\n<meta property=\"og:description\" content=\"Le Bureau Des Arts organise la septi\u00e8me \u00e9dition du festival Tigre&#039;D\u00e9lik le 8 juin prochain\" \/>\n<meta property=\"og:url\" content=\"https:\/\/www.igr.univ-rennes.fr\/fr\/7eme-edition-du-festival-tigredelik-le-8-juin\/\" \/>\n<meta property=\"og:site_name\" content=\"IGR IAE Rennes\" \/>\n<meta property=\"article:published_time\" content=\"2024-05-27T12:02:54+00:00\" \/>\n<meta property=\"article:modified_time\" content=\"2024-06-17T12:59:53+00:00\" \/>\n<meta property=\"og:image\" content=\"https:\/\/www.igr.univ-rennes.fr\/wp-content\/uploads\/2024\/04\/Affiche-TigreDelik-VF-723x1024.png\" \/>\n\t<meta property=\"og:image:width\" content=\"723\" \/>\n\t<meta property=\"og:image:height\" content=\"1024\" \/>\n\t<meta property=\"og:image:type\" content=\"image\/png\" \/>\n<meta name=\"author\" content=\"Marie-Annick Robin\" \/>\n<meta name=\"twitter:card\" content=\"summary_large_image\" \/>\n<meta name=\"twitter:label1\" content=\"\u00c9crit par\" \/>\n\t<meta name=\"twitter:data1\" content=\"Marie-Annick Robin\" \/>\n\t<meta name=\"twitter:label2\" content=\"Dur\u00e9e de lecture estim\u00e9e\" \/>\n\t<meta name=\"twitter:data2\" content=\"1 minute\" \/>\n<script type=\"application\/ld+json\" class=\"yoast-schema-graph\">{\"@context\":\"https:\/\/schema.org\",\"@graph\":[{\"@type\":\"Article\",\"@id\":\"https:\/\/www.igr.univ-rennes.fr\/fr\/7eme-edition-du-festival-tigredelik-le-8-juin\/#article\",\"isPartOf\":{\"@id\":\"https:\/\/www.igr.univ-rennes.fr\/fr\/7eme-edition-du-festival-tigredelik-le-8-juin\/\"},\"author\":{\"name\":\"Marie-Annick Robin\",\"@id\":\"https:\/\/www.igr.univ-rennes.fr\/fr\/#\/schema\/person\/5f1ef906f2986c0eaa338b7258c4082b\"},\"headline\":\"7\u00e8me \u00e9dition du Festival Tigre&rsquo;D\u00e9lik le 8 juin\",\"datePublished\":\"2024-05-27T12:02:54+00:00\",\"dateModified\":\"2024-06-17T12:59:53+00:00\",\"mainEntityOfPage\":{\"@id\":\"https:\/\/www.igr.univ-rennes.fr\/fr\/7eme-edition-du-festival-tigredelik-le-8-juin\/\"},\"wordCount\":98,\"publisher\":{\"@id\":\"https:\/\/www.igr.univ-rennes.fr\/fr\/#organization\"},\"articleSection\":[\"Vie associative\"],\"inLanguage\":\"fr-FR\"},{\"@type\":\"WebPage\",\"@id\":\"https:\/\/www.igr.univ-rennes.fr\/fr\/7eme-edition-du-festival-tigredelik-le-8-juin\/\",\"url\":\"https:\/\/www.igr.univ-rennes.fr\/fr\/7eme-edition-du-festival-tigredelik-le-8-juin\/\",\"name\":\"7\u00e8me \u00e9dition du Festival Tigre&rsquo;D\u00e9lik le 8 juin - IGR IAE Rennes\",\"isPartOf\":{\"@id\":\"https:\/\/www.igr.univ-rennes.fr\/fr\/#website\"},\"datePublished\":\"2024-05-27T12:02:54+00:00\",\"dateModified\":\"2024-06-17T12:59:53+00:00\",\"breadcrumb\":{\"@id\":\"https:\/\/www.igr.univ-rennes.fr\/fr\/7eme-edition-du-festival-tigredelik-le-8-juin\/#breadcrumb\"},\"inLanguage\":\"fr-FR\",\"potentialAction\":[{\"@type\":\"ReadAction\",\"target\":[\"https:\/\/www.igr.univ-rennes.fr\/fr\/7eme-edition-du-festival-tigredelik-le-8-juin\/\"]}]},{\"@type\":\"BreadcrumbList\",\"@id\":\"https:\/\/www.igr.univ-rennes.fr\/fr\/7eme-edition-du-festival-tigredelik-le-8-juin\/#breadcrumb\",\"itemListElement\":[{\"@type\":\"ListItem\",\"position\":1,\"name\":\"Accueil\",\"item\":\"https:\/\/www.igr.univ-rennes.fr\/fr\/\"},{\"@type\":\"ListItem\",\"position\":2,\"name\":\"7\u00e8me \u00e9dition du Festival Tigre&rsquo;D\u00e9lik le 8 juin\"}]},{\"@type\":\"WebSite\",\"@id\":\"https:\/\/www.igr.univ-rennes.fr\/fr\/#website\",\"url\":\"https:\/\/www.igr.univ-rennes.fr\/fr\/\",\"name\":\"IGR IAE Rennes\",\"description\":\"\",\"publisher\":{\"@id\":\"https:\/\/www.igr.univ-rennes.fr\/fr\/#organization\"},\"potentialAction\":[{\"@type\":\"SearchAction\",\"target\":{\"@type\":\"EntryPoint\",\"urlTemplate\":\"https:\/\/www.igr.univ-rennes.fr\/fr\/?s={search_term_string}\"},\"query-input\":\"required name=search_term_string\"}],\"inLanguage\":\"fr-FR\"},{\"@type\":\"Organization\",\"@id\":\"https:\/\/www.igr.univ-rennes.fr\/fr\/#organization\",\"name\":\"IGR IAE Rennes\",\"url\":\"https:\/\/www.igr.univ-rennes.fr\/fr\/\",\"logo\":{\"@type\":\"ImageObject\",\"inLanguage\":\"fr-FR\",\"@id\":\"https:\/\/www.igr.univ-rennes.fr\/fr\/#\/schema\/logo\/image\/\",\"url\":\"https:\/\/www.igr.univ-rennes.fr\/wp-content\/uploads\/2020\/06\/Logo-IGR-IAE-Rennes_Blanc-300dpi-RVB-e1597327228224.png\",\"contentUrl\":\"https:\/\/www.igr.univ-rennes.fr\/wp-content\/uploads\/2020\/06\/Logo-IGR-IAE-Rennes_Blanc-300dpi-RVB-e1597327228224.png\",\"width\":290,\"height\":107,\"caption\":\"IGR IAE Rennes\"},\"image\":{\"@id\":\"https:\/\/www.igr.univ-rennes.fr\/fr\/#\/schema\/logo\/image\/\"}},{\"@type\":\"Person\",\"@id\":\"https:\/\/www.igr.univ-rennes.fr\/fr\/#\/schema\/person\/5f1ef906f2986c0eaa338b7258c4082b\",\"name\":\"Marie-Annick Robin\",\"image\":{\"@type\":\"ImageObject\",\"inLanguage\":\"fr-FR\",\"@id\":\"https:\/\/www.igr.univ-rennes.fr\/fr\/#\/schema\/person\/image\/\",\"url\":\"https:\/\/secure.gravatar.com\/avatar\/2be340e59f359ca7aa475c1693137388?s=96&d=mm&r=g\",\"contentUrl\":\"https:\/\/secure.gravatar.com\/avatar\/2be340e59f359ca7aa475c1693137388?s=96&d=mm&r=g\",\"caption\":\"Marie-Annick Robin\"}}]}<\/script>\n<!-- \/ Yoast SEO plugin. -->","yoast_head_json":{"title":"7\u00e8me \u00e9dition du Festival Tigre&rsquo;D\u00e9lik le 8 juin - IGR IAE Rennes","robots":{"index":"index","follow":"follow","max-snippet":"max-snippet:-1","max-image-preview":"max-image-preview:large","max-video-preview":"max-video-preview:-1"},"canonical":"https:\/\/www.igr.univ-rennes.fr\/fr\/7eme-edition-du-festival-tigredelik-le-8-juin\/","og_locale":"fr_FR","og_type":"article","og_title":"7\u00e8me \u00e9dition du Festival Tigre&rsquo;D\u00e9lik le 8 juin - IGR IAE Rennes","og_description":"Le Bureau Des Arts organise la septi\u00e8me \u00e9dition du festival Tigre'D\u00e9lik le 8 juin prochain","og_url":"https:\/\/www.igr.univ-rennes.fr\/fr\/7eme-edition-du-festival-tigredelik-le-8-juin\/","og_site_name":"IGR IAE Rennes","article_published_time":"2024-05-27T12:02:54+00:00","article_modified_time":"2024-06-17T12:59:53+00:00","og_image":[{"width":723,"height":1024,"url":"https:\/\/www.igr.univ-rennes.fr\/wp-content\/uploads\/2024\/04\/Affiche-TigreDelik-VF-723x1024.png","type":"image\/png"}],"author":"Marie-Annick Robin","twitter_card":"summary_large_image","twitter_misc":{"\u00c9crit par":"Marie-Annick Robin","Dur\u00e9e de lecture estim\u00e9e":"1 minute"},"schema":{"@context":"https:\/\/schema.org","@graph":[{"@type":"Article","@id":"https:\/\/www.igr.univ-rennes.fr\/fr\/7eme-edition-du-festival-tigredelik-le-8-juin\/#article","isPartOf":{"@id":"https:\/\/www.igr.univ-rennes.fr\/fr\/7eme-edition-du-festival-tigredelik-le-8-juin\/"},"author":{"name":"Marie-Annick Robin","@id":"https:\/\/www.igr.univ-rennes.fr\/fr\/#\/schema\/person\/5f1ef906f2986c0eaa338b7258c4082b"},"headline":"7\u00e8me \u00e9dition du Festival Tigre&rsquo;D\u00e9lik le 8 juin","datePublished":"2024-05-27T12:02:54+00:00","dateModified":"2024-06-17T12:59:53+00:00","mainEntityOfPage":{"@id":"https:\/\/www.igr.univ-rennes.fr\/fr\/7eme-edition-du-festival-tigredelik-le-8-juin\/"},"wordCount":98,"publisher":{"@id":"https:\/\/www.igr.univ-rennes.fr\/fr\/#organization"},"articleSection":["Vie associative"],"inLanguage":"fr-FR"},{"@type":"WebPage","@id":"https:\/\/www.igr.univ-rennes.fr\/fr\/7eme-edition-du-festival-tigredelik-le-8-juin\/","url":"https:\/\/www.igr.univ-rennes.fr\/fr\/7eme-edition-du-festival-tigredelik-le-8-juin\/","name":"7\u00e8me \u00e9dition du Festival Tigre&rsquo;D\u00e9lik le 8 juin - IGR IAE Rennes","isPartOf":{"@id":"https:\/\/www.igr.univ-rennes.fr\/fr\/#website"},"datePublished":"2024-05-27T12:02:54+00:00","dateModified":"2024-06-17T12:59:53+00:00","breadcrumb":{"@id":"https:\/\/www.igr.univ-rennes.fr\/fr\/7eme-edition-du-festival-tigredelik-le-8-juin\/#breadcrumb"},"inLanguage":"fr-FR","potentialAction":[{"@type":"ReadAction","target":["https:\/\/www.igr.univ-rennes.fr\/fr\/7eme-edition-du-festival-tigredelik-le-8-juin\/"]}]},{"@type":"BreadcrumbList","@id":"https:\/\/www.igr.univ-rennes.fr\/fr\/7eme-edition-du-festival-tigredelik-le-8-juin\/#breadcrumb","itemListElement":[{"@type":"ListItem","position":1,"name":"Accueil","item":"https:\/\/www.igr.univ-rennes.fr\/fr\/"},{"@type":"ListItem","position":2,"name":"7\u00e8me \u00e9dition du Festival Tigre&rsquo;D\u00e9lik le 8 juin"}]},{"@type":"WebSite","@id":"https:\/\/www.igr.univ-rennes.fr\/fr\/#website","url":"https:\/\/www.igr.univ-rennes.fr\/fr\/","name":"IGR IAE Rennes","description":"","publisher":{"@id":"https:\/\/www.igr.univ-rennes.fr\/fr\/#organization"},"potentialAction":[{"@type":"SearchAction","target":{"@type":"EntryPoint","urlTemplate":"https:\/\/www.igr.univ-rennes.fr\/fr\/?s={search_term_string}"},"query-input":"required name=search_term_string"}],"inLanguage":"fr-FR"},{"@type":"Organization","@id":"https:\/\/www.igr.univ-rennes.fr\/fr\/#organization","name":"IGR IAE Rennes","url":"https:\/\/www.igr.univ-rennes.fr\/fr\/","logo":{"@type":"ImageObject","inLanguage":"fr-FR","@id":"https:\/\/www.igr.univ-rennes.fr\/fr\/#\/schema\/logo\/image\/","url":"https:\/\/www.igr.univ-rennes.fr\/wp-content\/uploads\/2020\/06\/Logo-IGR-IAE-Rennes_Blanc-300dpi-RVB-e1597327228224.png","contentUrl":"https:\/\/www.igr.univ-rennes.fr\/wp-content\/uploads\/2020\/06\/Logo-IGR-IAE-Rennes_Blanc-300dpi-RVB-e1597327228224.png","width":290,"height":107,"caption":"IGR IAE Rennes"},"image":{"@id":"https:\/\/www.igr.univ-rennes.fr\/fr\/#\/schema\/logo\/image\/"}},{"@type":"Person","@id":"https:\/\/www.igr.univ-rennes.fr\/fr\/#\/schema\/person\/5f1ef906f2986c0eaa338b7258c4082b","name":"Marie-Annick Robin","image":{"@type":"ImageObject","inLanguage":"fr-FR","@id":"https:\/\/www.igr.univ-rennes.fr\/fr\/#\/schema\/person\/image\/","url":"https:\/\/secure.gravatar.com\/avatar\/2be340e59f359ca7aa475c1693137388?s=96&d=mm&r=g","contentUrl":"https:\/\/secure.gravatar.com\/avatar\/2be340e59f359ca7aa475c1693137388?s=96&d=mm&r=g","caption":"Marie-Annick Robin"}}]}},"_links":{"self":[{"href":"https:\/\/www.igr.univ-rennes.fr\/fr\/wp-json\/wp\/v2\/posts\/392308"}],"collection":[{"href":"https:\/\/www.igr.univ-rennes.fr\/fr\/wp-json\/wp\/v2\/posts"}],"about":[{"href":"https:\/\/www.igr.univ-rennes.fr\/fr\/wp-json\/wp\/v2\/types\/post"}],"author":[{"embeddable":true,"href":"https:\/\/www.igr.univ-rennes.fr\/fr\/wp-json\/wp\/v2\/users\/11"}],"replies":[{"embeddable":true,"href":"https:\/\/www.igr.univ-rennes.fr\/fr\/wp-json\/wp\/v2\/comments?post=392308"}],"version-history":[{"count":21,"href":"https:\/\/www.igr.univ-rennes.fr\/fr\/wp-json\/wp\/v2\/posts\/392308\/revisions"}],"predecessor-version":[{"id":392348,"href":"https:\/\/www.igr.univ-rennes.fr\/fr\/wp-json\/wp\/v2\/posts\/392308\/revisions\/392348"}],"wp:featuredmedia":[{"embeddable":true,"href":"https:\/\/www.igr.univ-rennes.fr\/fr\/wp-json\/wp\/v2\/media\/392346"}],"wp:attachment":[{"href":"https:\/\/www.igr.univ-rennes.fr\/fr\/wp-json\/wp\/v2\/media?parent=392308"}],"wp:term":[{"taxonomy":"category","embeddable":true,"href":"https:\/\/www.igr.univ-rennes.fr\/fr\/wp-json\/wp\/v2\/categories?post=392308"},{"taxonomy":"post_tag","embeddable":true,"href":"https:\/\/www.igr.univ-rennes.fr\/fr\/wp-json\/wp\/v2\/tags?post=392308"}],"curies":[{"name":"wp","href":"https:\/\/api.w.org\/{rel}","templated":true}]}}