{"id":387726,"date":"2024-04-03T09:35:14","date_gmt":"2024-04-03T07:35:14","guid":{"rendered":"https:\/\/www.igr.univ-rennes.fr\/?p=387726"},"modified":"2024-04-19T14:28:56","modified_gmt":"2024-04-19T12:28:56","slug":"conference-igr-alumni-entrepreneuriat-et-hypersensibilite-compatible-ou-incompatible","status":"publish","type":"post","link":"https:\/\/www.igr.univ-rennes.fr\/fr\/conference-igr-alumni-entrepreneuriat-et-hypersensibilite-compatible-ou-incompatible\/","title":{"rendered":"Conf\u00e9rence IGR Alumni : Entrepreneuriat et hypersensibilit\u00e9, compatible ou incompatible ?"},"content":{"rendered":"\t\t<div data-elementor-type=\"wp-post\" data-elementor-id=\"387726\" class=\"elementor elementor-387726\" data-elementor-post-type=\"post\">\n\t\t\t\t\t\t<section class=\"elementor-section elementor-top-section elementor-element elementor-element-e079d52 elementor-section-boxed elementor-section-height-default elementor-section-height-default\" data-id=\"e079d52\" data-element_type=\"section\" data-e-type=\"section\">\n\t\t\t\t\t\t<div class=\"elementor-container elementor-column-gap-default\">\n\t\t\t\t\t<div class=\"elementor-column elementor-col-100 elementor-top-column elementor-element elementor-element-f5dc4d6\" data-id=\"f5dc4d6\" data-element_type=\"column\" data-e-type=\"column\">\n\t\t\t<div class=\"elementor-widget-wrap elementor-element-populated\">\n\t\t\t\t\t\t<div class=\"elementor-element elementor-element-91c961d elementor-widget elementor-widget-text-editor\" data-id=\"91c961d\" data-element_type=\"widget\" data-e-type=\"widget\" data-widget_type=\"text-editor.default\">\n\t\t\t\t<div class=\"elementor-widget-container\">\n\t\t\t\t\t\t\t\t\t<p>Le <strong>P\u00f4le Entrepreneuriat<\/strong> d\u2019<a href=\"https:\/\/www.igr-alumni.fr\/fr\/\" target=\"_blank\" rel=\"noopener\">IGR Alumni<\/a> vous invite \u00e0 sa conf\u00e9rence le<strong> 18 avril 2024 \u00e0 18h30<\/strong> au sein de l\u2019IGR-IAE Rennes, \u00ab\u00a0<strong>Entrepreneuriat et hypersensibilit\u00e9, compatible ou incompatible ?\u00a0\u00bb<\/strong>.<\/p><p><span style=\"color: #1ecad3;\">Anim\u00e9 par <strong>Catherine Kindroz<\/strong><\/span><\/p><p>Fondatrice de <a href=\"https:\/\/1000etdeuxidees.fr\/\" target=\"_blank\" rel=\"noopener\">1000 et deux ID\u00e9es<\/a> accompagne des chefs d\u2019entreprise dans le d\u00e9veloppement de leur activit\u00e9.<\/p><p><strong>Sa particularit\u00e9<\/strong> : r\u00e9v\u00e9ler leur potentiel d\u2019hypersensible, transformer ce qui parait \u00eatre une faiblesse en une v\u00e9ritable force !<\/p><p>A travers cette conf\u00e9rence, elle partagera son retour d\u2019exp\u00e9rience et donnera des cl\u00e9s pour apprivoiser son hypersensibilit\u00e9.<\/p>\t\t\t\t\t\t\t\t<\/div>\n\t\t\t\t<\/div>\n\t\t\t\t\t<\/div>\n\t\t<\/div>\n\t\t\t\t\t<\/div>\n\t\t<\/section>\n\t\t\t\t<section class=\"elementor-section elementor-top-section elementor-element elementor-element-6080eae elementor-section-boxed elementor-section-height-default elementor-section-height-default\" data-id=\"6080eae\" data-element_type=\"section\" data-e-type=\"section\">\n\t\t\t\t\t\t<div class=\"elementor-container elementor-column-gap-default\">\n\t\t\t\t\t<div class=\"elementor-column elementor-col-100 elementor-top-column elementor-element elementor-element-fb1b7c3\" data-id=\"fb1b7c3\" data-element_type=\"column\" data-e-type=\"column\">\n\t\t\t<div class=\"elementor-widget-wrap elementor-element-populated\">\n\t\t\t\t\t\t<div class=\"elementor-element elementor-element-18fec68 elementor-align-center elementor-widget elementor-widget-button\" data-id=\"18fec68\" data-element_type=\"widget\" data-e-type=\"widget\" data-widget_type=\"button.default\">\n\t\t\t\t<div class=\"elementor-widget-container\">\n\t\t\t\t\t\t\t\t\t<div class=\"elementor-button-wrapper\">\n\t\t\t\t\t<a class=\"elementor-button elementor-button-link elementor-size-sm\" href=\"https:\/\/www.igr-alumni.fr\/fr\/agenda\/conference-entrepreneuriat-et-hypersensibilite-compatible-ou-incompatible-508?langue_selected=fr\" target=\"_blank\">\n\t\t\t\t\t\t<span class=\"elementor-button-content-wrapper\">\n\t\t\t\t\t\t\t\t\t<span class=\"elementor-button-text\">Plus d'informations et inscriptions<\/span>\n\t\t\t\t\t<\/span>\n\t\t\t\t\t<\/a>\n\t\t\t\t<\/div>\n\t\t\t\t\t\t\t\t<\/div>\n\t\t\t\t<\/div>\n\t\t\t\t\t<\/div>\n\t\t<\/div>\n\t\t\t\t\t<\/div>\n\t\t<\/section>\n\t\t\t\t<\/div>\n\t\t","protected":false},"excerpt":{"rendered":"<p>Le P\u00f4le Entrepreneuriat d\u2019IGR Alumni vous invite \u00e0 sa conf\u00e9rence le 18 avril \u00e0 18h30 au sein de l\u2019IGR-IAE Rennes<\/p>\n","protected":false},"author":11,"featured_media":387727,"comment_status":"closed","ping_status":"closed","sticky":false,"template":"","format":"standard","meta":{"_acf_changed":false,"footnotes":""},"categories":[67,63],"tags":[274,263],"class_list":["post-387726","post","type-post","status-publish","format-standard","has-post-thumbnail","hentry","category-entreprise","category-vie_associative","tag-alumni","tag-entrepreneuriat"],"acf":[],"yoast_head":"<!-- This site is optimized with the Yoast SEO plugin v27.5 - https:\/\/yoast.com\/product\/yoast-seo-wordpress\/ -->\n<title>Conf\u00e9rence IGR Alumni : Entrepreneuriat et hypersensibilit\u00e9, compatible ou incompatible ? - IGR IAE Rennes<\/title>\n<meta name=\"robots\" content=\"index, follow, max-snippet:-1, max-image-preview:large, max-video-preview:-1\" \/>\n<link rel=\"canonical\" href=\"https:\/\/www.igr.univ-rennes.fr\/fr\/conference-igr-alumni-entrepreneuriat-et-hypersensibilite-compatible-ou-incompatible\/\" \/>\n<meta property=\"og:locale\" content=\"fr_FR\" \/>\n<meta property=\"og:type\" content=\"article\" \/>\n<meta property=\"og:title\" content=\"Conf\u00e9rence IGR Alumni : Entrepreneuriat et hypersensibilit\u00e9, compatible ou incompatible ? - IGR IAE Rennes\" \/>\n<meta property=\"og:description\" content=\"Le P\u00f4le Entrepreneuriat d\u2019IGR Alumni vous invite \u00e0 sa conf\u00e9rence le 18 avril \u00e0 18h30 au sein de l\u2019IGR-IAE Rennes\" \/>\n<meta property=\"og:url\" content=\"https:\/\/www.igr.univ-rennes.fr\/fr\/conference-igr-alumni-entrepreneuriat-et-hypersensibilite-compatible-ou-incompatible\/\" \/>\n<meta property=\"og:site_name\" content=\"IGR IAE Rennes\" \/>\n<meta property=\"article:published_time\" content=\"2024-04-03T07:35:14+00:00\" \/>\n<meta property=\"article:modified_time\" content=\"2024-04-19T12:28:56+00:00\" \/>\n<meta property=\"og:image\" content=\"https:\/\/www.igr.univ-rennes.fr\/wp-content\/uploads\/2024\/04\/100_850x531_25_644382976_2024111947-conference-18-avril-fd-blanc.webp\" \/>\n\t<meta property=\"og:image:width\" content=\"849\" \/>\n\t<meta property=\"og:image:height\" content=\"531\" \/>\n\t<meta property=\"og:image:type\" content=\"image\/webp\" \/>\n<meta name=\"author\" content=\"Marie-Annick Robin\" \/>\n<meta name=\"twitter:card\" content=\"summary_large_image\" \/>\n<meta name=\"twitter:label1\" content=\"\u00c9crit par\" \/>\n\t<meta name=\"twitter:data1\" content=\"Marie-Annick Robin\" \/>\n\t<meta name=\"twitter:label2\" content=\"Dur\u00e9e de lecture estim\u00e9e\" \/>\n\t<meta name=\"twitter:data2\" content=\"1 minute\" \/>\n<script type=\"application\/ld+json\" class=\"yoast-schema-graph\">{\"@context\":\"https:\\\/\\\/schema.org\",\"@graph\":[{\"@type\":\"Article\",\"@id\":\"https:\\\/\\\/www.igr.univ-rennes.fr\\\/fr\\\/conference-igr-alumni-entrepreneuriat-et-hypersensibilite-compatible-ou-incompatible\\\/#article\",\"isPartOf\":{\"@id\":\"https:\\\/\\\/www.igr.univ-rennes.fr\\\/fr\\\/conference-igr-alumni-entrepreneuriat-et-hypersensibilite-compatible-ou-incompatible\\\/\"},\"author\":{\"name\":\"Marie-Annick Robin\",\"@id\":\"https:\\\/\\\/www.igr.univ-rennes.fr\\\/fr\\\/#\\\/schema\\\/person\\\/5f1ef906f2986c0eaa338b7258c4082b\"},\"headline\":\"Conf\u00e9rence IGR Alumni : Entrepreneuriat et hypersensibilit\u00e9, compatible ou incompatible ?\",\"datePublished\":\"2024-04-03T07:35:14+00:00\",\"dateModified\":\"2024-04-19T12:28:56+00:00\",\"mainEntityOfPage\":{\"@id\":\"https:\\\/\\\/www.igr.univ-rennes.fr\\\/fr\\\/conference-igr-alumni-entrepreneuriat-et-hypersensibilite-compatible-ou-incompatible\\\/\"},\"wordCount\":106,\"publisher\":{\"@id\":\"https:\\\/\\\/www.igr.univ-rennes.fr\\\/fr\\\/#organization\"},\"image\":{\"@id\":\"https:\\\/\\\/www.igr.univ-rennes.fr\\\/fr\\\/conference-igr-alumni-entrepreneuriat-et-hypersensibilite-compatible-ou-incompatible\\\/#primaryimage\"},\"thumbnailUrl\":\"https:\\\/\\\/www.igr.univ-rennes.fr\\\/wp-content\\\/uploads\\\/2024\\\/04\\\/100_850x531_25_644382976_2024111947-conference-18-avril-fd-blanc.webp\",\"keywords\":[\"alumni\",\"entrepreneuriat\"],\"articleSection\":[\"Entreprise\",\"Vie associative\"],\"inLanguage\":\"fr-FR\"},{\"@type\":\"WebPage\",\"@id\":\"https:\\\/\\\/www.igr.univ-rennes.fr\\\/fr\\\/conference-igr-alumni-entrepreneuriat-et-hypersensibilite-compatible-ou-incompatible\\\/\",\"url\":\"https:\\\/\\\/www.igr.univ-rennes.fr\\\/fr\\\/conference-igr-alumni-entrepreneuriat-et-hypersensibilite-compatible-ou-incompatible\\\/\",\"name\":\"Conf\u00e9rence IGR Alumni : Entrepreneuriat et hypersensibilit\u00e9, compatible ou incompatible ? - IGR IAE Rennes\",\"isPartOf\":{\"@id\":\"https:\\\/\\\/www.igr.univ-rennes.fr\\\/fr\\\/#website\"},\"primaryImageOfPage\":{\"@id\":\"https:\\\/\\\/www.igr.univ-rennes.fr\\\/fr\\\/conference-igr-alumni-entrepreneuriat-et-hypersensibilite-compatible-ou-incompatible\\\/#primaryimage\"},\"image\":{\"@id\":\"https:\\\/\\\/www.igr.univ-rennes.fr\\\/fr\\\/conference-igr-alumni-entrepreneuriat-et-hypersensibilite-compatible-ou-incompatible\\\/#primaryimage\"},\"thumbnailUrl\":\"https:\\\/\\\/www.igr.univ-rennes.fr\\\/wp-content\\\/uploads\\\/2024\\\/04\\\/100_850x531_25_644382976_2024111947-conference-18-avril-fd-blanc.webp\",\"datePublished\":\"2024-04-03T07:35:14+00:00\",\"dateModified\":\"2024-04-19T12:28:56+00:00\",\"breadcrumb\":{\"@id\":\"https:\\\/\\\/www.igr.univ-rennes.fr\\\/fr\\\/conference-igr-alumni-entrepreneuriat-et-hypersensibilite-compatible-ou-incompatible\\\/#breadcrumb\"},\"inLanguage\":\"fr-FR\",\"potentialAction\":[{\"@type\":\"ReadAction\",\"target\":[\"https:\\\/\\\/www.igr.univ-rennes.fr\\\/fr\\\/conference-igr-alumni-entrepreneuriat-et-hypersensibilite-compatible-ou-incompatible\\\/\"]}]},{\"@type\":\"ImageObject\",\"inLanguage\":\"fr-FR\",\"@id\":\"https:\\\/\\\/www.igr.univ-rennes.fr\\\/fr\\\/conference-igr-alumni-entrepreneuriat-et-hypersensibilite-compatible-ou-incompatible\\\/#primaryimage\",\"url\":\"https:\\\/\\\/www.igr.univ-rennes.fr\\\/wp-content\\\/uploads\\\/2024\\\/04\\\/100_850x531_25_644382976_2024111947-conference-18-avril-fd-blanc.webp\",\"contentUrl\":\"https:\\\/\\\/www.igr.univ-rennes.fr\\\/wp-content\\\/uploads\\\/2024\\\/04\\\/100_850x531_25_644382976_2024111947-conference-18-avril-fd-blanc.webp\",\"width\":849,\"height\":531,\"caption\":\"Conf\u00e9rence IGR Alumni 18 avril\"},{\"@type\":\"BreadcrumbList\",\"@id\":\"https:\\\/\\\/www.igr.univ-rennes.fr\\\/fr\\\/conference-igr-alumni-entrepreneuriat-et-hypersensibilite-compatible-ou-incompatible\\\/#breadcrumb\",\"itemListElement\":[{\"@type\":\"ListItem\",\"position\":1,\"name\":\"Accueil\",\"item\":\"https:\\\/\\\/www.igr.univ-rennes.fr\\\/fr\\\/\"},{\"@type\":\"ListItem\",\"position\":2,\"name\":\"Conf\u00e9rence IGR Alumni : Entrepreneuriat et hypersensibilit\u00e9, compatible ou incompatible ?\"}]},{\"@type\":\"WebSite\",\"@id\":\"https:\\\/\\\/www.igr.univ-rennes.fr\\\/fr\\\/#website\",\"url\":\"https:\\\/\\\/www.igr.univ-rennes.fr\\\/fr\\\/\",\"name\":\"IGR IAE Rennes\",\"description\":\"\",\"publisher\":{\"@id\":\"https:\\\/\\\/www.igr.univ-rennes.fr\\\/fr\\\/#organization\"},\"potentialAction\":[{\"@type\":\"SearchAction\",\"target\":{\"@type\":\"EntryPoint\",\"urlTemplate\":\"https:\\\/\\\/www.igr.univ-rennes.fr\\\/fr\\\/?s={search_term_string}\"},\"query-input\":{\"@type\":\"PropertyValueSpecification\",\"valueRequired\":true,\"valueName\":\"search_term_string\"}}],\"inLanguage\":\"fr-FR\"},{\"@type\":\"Organization\",\"@id\":\"https:\\\/\\\/www.igr.univ-rennes.fr\\\/fr\\\/#organization\",\"name\":\"IGR IAE Rennes\",\"url\":\"https:\\\/\\\/www.igr.univ-rennes.fr\\\/fr\\\/\",\"logo\":{\"@type\":\"ImageObject\",\"inLanguage\":\"fr-FR\",\"@id\":\"https:\\\/\\\/www.igr.univ-rennes.fr\\\/fr\\\/#\\\/schema\\\/logo\\\/image\\\/\",\"url\":\"https:\\\/\\\/www.igr.univ-rennes.fr\\\/wp-content\\\/uploads\\\/2020\\\/06\\\/Logo-IGR-IAE-Rennes_Blanc-300dpi-RVB-e1597327228224.png\",\"contentUrl\":\"https:\\\/\\\/www.igr.univ-rennes.fr\\\/wp-content\\\/uploads\\\/2020\\\/06\\\/Logo-IGR-IAE-Rennes_Blanc-300dpi-RVB-e1597327228224.png\",\"width\":290,\"height\":107,\"caption\":\"IGR IAE Rennes\"},\"image\":{\"@id\":\"https:\\\/\\\/www.igr.univ-rennes.fr\\\/fr\\\/#\\\/schema\\\/logo\\\/image\\\/\"}},{\"@type\":\"Person\",\"@id\":\"https:\\\/\\\/www.igr.univ-rennes.fr\\\/fr\\\/#\\\/schema\\\/person\\\/5f1ef906f2986c0eaa338b7258c4082b\",\"name\":\"Marie-Annick Robin\",\"image\":{\"@type\":\"ImageObject\",\"inLanguage\":\"fr-FR\",\"@id\":\"https:\\\/\\\/secure.gravatar.com\\\/avatar\\\/f9293e68571e20c548e6d32c7885fdfb06e6f56349fe920439a102a2234f78c3?s=96&d=mm&r=g\",\"url\":\"https:\\\/\\\/secure.gravatar.com\\\/avatar\\\/f9293e68571e20c548e6d32c7885fdfb06e6f56349fe920439a102a2234f78c3?s=96&d=mm&r=g\",\"contentUrl\":\"https:\\\/\\\/secure.gravatar.com\\\/avatar\\\/f9293e68571e20c548e6d32c7885fdfb06e6f56349fe920439a102a2234f78c3?s=96&d=mm&r=g\",\"caption\":\"Marie-Annick Robin\"}}]}<\/script>\n<!-- \/ Yoast SEO plugin. -->","yoast_head_json":{"title":"Conf\u00e9rence IGR Alumni : Entrepreneuriat et hypersensibilit\u00e9, compatible ou incompatible ? - IGR IAE Rennes","robots":{"index":"index","follow":"follow","max-snippet":"max-snippet:-1","max-image-preview":"max-image-preview:large","max-video-preview":"max-video-preview:-1"},"canonical":"https:\/\/www.igr.univ-rennes.fr\/fr\/conference-igr-alumni-entrepreneuriat-et-hypersensibilite-compatible-ou-incompatible\/","og_locale":"fr_FR","og_type":"article","og_title":"Conf\u00e9rence IGR Alumni : Entrepreneuriat et hypersensibilit\u00e9, compatible ou incompatible ? - IGR IAE Rennes","og_description":"Le P\u00f4le Entrepreneuriat d\u2019IGR Alumni vous invite \u00e0 sa conf\u00e9rence le 18 avril \u00e0 18h30 au sein de l\u2019IGR-IAE Rennes","og_url":"https:\/\/www.igr.univ-rennes.fr\/fr\/conference-igr-alumni-entrepreneuriat-et-hypersensibilite-compatible-ou-incompatible\/","og_site_name":"IGR IAE Rennes","article_published_time":"2024-04-03T07:35:14+00:00","article_modified_time":"2024-04-19T12:28:56+00:00","og_image":[{"width":849,"height":531,"url":"https:\/\/www.igr.univ-rennes.fr\/wp-content\/uploads\/2024\/04\/100_850x531_25_644382976_2024111947-conference-18-avril-fd-blanc.webp","type":"image\/webp"}],"author":"Marie-Annick Robin","twitter_card":"summary_large_image","twitter_misc":{"\u00c9crit par":"Marie-Annick Robin","Dur\u00e9e de lecture estim\u00e9e":"1 minute"},"schema":{"@context":"https:\/\/schema.org","@graph":[{"@type":"Article","@id":"https:\/\/www.igr.univ-rennes.fr\/fr\/conference-igr-alumni-entrepreneuriat-et-hypersensibilite-compatible-ou-incompatible\/#article","isPartOf":{"@id":"https:\/\/www.igr.univ-rennes.fr\/fr\/conference-igr-alumni-entrepreneuriat-et-hypersensibilite-compatible-ou-incompatible\/"},"author":{"name":"Marie-Annick Robin","@id":"https:\/\/www.igr.univ-rennes.fr\/fr\/#\/schema\/person\/5f1ef906f2986c0eaa338b7258c4082b"},"headline":"Conf\u00e9rence IGR Alumni : Entrepreneuriat et hypersensibilit\u00e9, compatible ou incompatible ?","datePublished":"2024-04-03T07:35:14+00:00","dateModified":"2024-04-19T12:28:56+00:00","mainEntityOfPage":{"@id":"https:\/\/www.igr.univ-rennes.fr\/fr\/conference-igr-alumni-entrepreneuriat-et-hypersensibilite-compatible-ou-incompatible\/"},"wordCount":106,"publisher":{"@id":"https:\/\/www.igr.univ-rennes.fr\/fr\/#organization"},"image":{"@id":"https:\/\/www.igr.univ-rennes.fr\/fr\/conference-igr-alumni-entrepreneuriat-et-hypersensibilite-compatible-ou-incompatible\/#primaryimage"},"thumbnailUrl":"https:\/\/www.igr.univ-rennes.fr\/wp-content\/uploads\/2024\/04\/100_850x531_25_644382976_2024111947-conference-18-avril-fd-blanc.webp","keywords":["alumni","entrepreneuriat"],"articleSection":["Entreprise","Vie associative"],"inLanguage":"fr-FR"},{"@type":"WebPage","@id":"https:\/\/www.igr.univ-rennes.fr\/fr\/conference-igr-alumni-entrepreneuriat-et-hypersensibilite-compatible-ou-incompatible\/","url":"https:\/\/www.igr.univ-rennes.fr\/fr\/conference-igr-alumni-entrepreneuriat-et-hypersensibilite-compatible-ou-incompatible\/","name":"Conf\u00e9rence IGR Alumni : Entrepreneuriat et hypersensibilit\u00e9, compatible ou incompatible ? - IGR IAE Rennes","isPartOf":{"@id":"https:\/\/www.igr.univ-rennes.fr\/fr\/#website"},"primaryImageOfPage":{"@id":"https:\/\/www.igr.univ-rennes.fr\/fr\/conference-igr-alumni-entrepreneuriat-et-hypersensibilite-compatible-ou-incompatible\/#primaryimage"},"image":{"@id":"https:\/\/www.igr.univ-rennes.fr\/fr\/conference-igr-alumni-entrepreneuriat-et-hypersensibilite-compatible-ou-incompatible\/#primaryimage"},"thumbnailUrl":"https:\/\/www.igr.univ-rennes.fr\/wp-content\/uploads\/2024\/04\/100_850x531_25_644382976_2024111947-conference-18-avril-fd-blanc.webp","datePublished":"2024-04-03T07:35:14+00:00","dateModified":"2024-04-19T12:28:56+00:00","breadcrumb":{"@id":"https:\/\/www.igr.univ-rennes.fr\/fr\/conference-igr-alumni-entrepreneuriat-et-hypersensibilite-compatible-ou-incompatible\/#breadcrumb"},"inLanguage":"fr-FR","potentialAction":[{"@type":"ReadAction","target":["https:\/\/www.igr.univ-rennes.fr\/fr\/conference-igr-alumni-entrepreneuriat-et-hypersensibilite-compatible-ou-incompatible\/"]}]},{"@type":"ImageObject","inLanguage":"fr-FR","@id":"https:\/\/www.igr.univ-rennes.fr\/fr\/conference-igr-alumni-entrepreneuriat-et-hypersensibilite-compatible-ou-incompatible\/#primaryimage","url":"https:\/\/www.igr.univ-rennes.fr\/wp-content\/uploads\/2024\/04\/100_850x531_25_644382976_2024111947-conference-18-avril-fd-blanc.webp","contentUrl":"https:\/\/www.igr.univ-rennes.fr\/wp-content\/uploads\/2024\/04\/100_850x531_25_644382976_2024111947-conference-18-avril-fd-blanc.webp","width":849,"height":531,"caption":"Conf\u00e9rence IGR Alumni 18 avril"},{"@type":"BreadcrumbList","@id":"https:\/\/www.igr.univ-rennes.fr\/fr\/conference-igr-alumni-entrepreneuriat-et-hypersensibilite-compatible-ou-incompatible\/#breadcrumb","itemListElement":[{"@type":"ListItem","position":1,"name":"Accueil","item":"https:\/\/www.igr.univ-rennes.fr\/fr\/"},{"@type":"ListItem","position":2,"name":"Conf\u00e9rence IGR Alumni : Entrepreneuriat et hypersensibilit\u00e9, compatible ou incompatible ?"}]},{"@type":"WebSite","@id":"https:\/\/www.igr.univ-rennes.fr\/fr\/#website","url":"https:\/\/www.igr.univ-rennes.fr\/fr\/","name":"IGR IAE Rennes","description":"","publisher":{"@id":"https:\/\/www.igr.univ-rennes.fr\/fr\/#organization"},"potentialAction":[{"@type":"SearchAction","target":{"@type":"EntryPoint","urlTemplate":"https:\/\/www.igr.univ-rennes.fr\/fr\/?s={search_term_string}"},"query-input":{"@type":"PropertyValueSpecification","valueRequired":true,"valueName":"search_term_string"}}],"inLanguage":"fr-FR"},{"@type":"Organization","@id":"https:\/\/www.igr.univ-rennes.fr\/fr\/#organization","name":"IGR IAE Rennes","url":"https:\/\/www.igr.univ-rennes.fr\/fr\/","logo":{"@type":"ImageObject","inLanguage":"fr-FR","@id":"https:\/\/www.igr.univ-rennes.fr\/fr\/#\/schema\/logo\/image\/","url":"https:\/\/www.igr.univ-rennes.fr\/wp-content\/uploads\/2020\/06\/Logo-IGR-IAE-Rennes_Blanc-300dpi-RVB-e1597327228224.png","contentUrl":"https:\/\/www.igr.univ-rennes.fr\/wp-content\/uploads\/2020\/06\/Logo-IGR-IAE-Rennes_Blanc-300dpi-RVB-e1597327228224.png","width":290,"height":107,"caption":"IGR IAE Rennes"},"image":{"@id":"https:\/\/www.igr.univ-rennes.fr\/fr\/#\/schema\/logo\/image\/"}},{"@type":"Person","@id":"https:\/\/www.igr.univ-rennes.fr\/fr\/#\/schema\/person\/5f1ef906f2986c0eaa338b7258c4082b","name":"Marie-Annick Robin","image":{"@type":"ImageObject","inLanguage":"fr-FR","@id":"https:\/\/secure.gravatar.com\/avatar\/f9293e68571e20c548e6d32c7885fdfb06e6f56349fe920439a102a2234f78c3?s=96&d=mm&r=g","url":"https:\/\/secure.gravatar.com\/avatar\/f9293e68571e20c548e6d32c7885fdfb06e6f56349fe920439a102a2234f78c3?s=96&d=mm&r=g","contentUrl":"https:\/\/secure.gravatar.com\/avatar\/f9293e68571e20c548e6d32c7885fdfb06e6f56349fe920439a102a2234f78c3?s=96&d=mm&r=g","caption":"Marie-Annick Robin"}}]}},"_links":{"self":[{"href":"https:\/\/www.igr.univ-rennes.fr\/fr\/wp-json\/wp\/v2\/posts\/387726","targetHints":{"allow":["GET"]}}],"collection":[{"href":"https:\/\/www.igr.univ-rennes.fr\/fr\/wp-json\/wp\/v2\/posts"}],"about":[{"href":"https:\/\/www.igr.univ-rennes.fr\/fr\/wp-json\/wp\/v2\/types\/post"}],"author":[{"embeddable":true,"href":"https:\/\/www.igr.univ-rennes.fr\/fr\/wp-json\/wp\/v2\/users\/11"}],"replies":[{"embeddable":true,"href":"https:\/\/www.igr.univ-rennes.fr\/fr\/wp-json\/wp\/v2\/comments?post=387726"}],"version-history":[{"count":10,"href":"https:\/\/www.igr.univ-rennes.fr\/fr\/wp-json\/wp\/v2\/posts\/387726\/revisions"}],"predecessor-version":[{"id":392385,"href":"https:\/\/www.igr.univ-rennes.fr\/fr\/wp-json\/wp\/v2\/posts\/387726\/revisions\/392385"}],"wp:featuredmedia":[{"embeddable":true,"href":"https:\/\/www.igr.univ-rennes.fr\/fr\/wp-json\/wp\/v2\/media\/387727"}],"wp:attachment":[{"href":"https:\/\/www.igr.univ-rennes.fr\/fr\/wp-json\/wp\/v2\/media?parent=387726"}],"wp:term":[{"taxonomy":"category","embeddable":true,"href":"https:\/\/www.igr.univ-rennes.fr\/fr\/wp-json\/wp\/v2\/categories?post=387726"},{"taxonomy":"post_tag","embeddable":true,"href":"https:\/\/www.igr.univ-rennes.fr\/fr\/wp-json\/wp\/v2\/tags?post=387726"}],"curies":[{"name":"wp","href":"https:\/\/api.w.org\/{rel}","templated":true}]}}