{"id":381660,"date":"2024-03-14T11:24:29","date_gmt":"2024-03-14T10:24:29","guid":{"rendered":"https:\/\/www.igr.univ-rennes.fr\/?p=381660"},"modified":"2024-03-14T11:39:01","modified_gmt":"2024-03-14T10:39:01","slug":"presence-de-ligr-iae-rennes-au-salon-apaie","status":"publish","type":"post","link":"https:\/\/www.igr.univ-rennes.fr\/fr\/presence-de-ligr-iae-rennes-au-salon-apaie\/","title":{"rendered":"Pr\u00e9sence de l&rsquo;IGR-IAE Rennes au salon APAIE"},"content":{"rendered":"\t\t<div data-elementor-type=\"wp-post\" data-elementor-id=\"381660\" class=\"elementor elementor-381660\" data-elementor-post-type=\"post\">\n\t\t\t\t\t\t<section class=\"elementor-section elementor-top-section elementor-element elementor-element-82632ba elementor-section-boxed elementor-section-height-default elementor-section-height-default\" data-id=\"82632ba\" data-element_type=\"section\" data-e-type=\"section\">\n\t\t\t\t\t\t<div class=\"elementor-container elementor-column-gap-default\">\n\t\t\t\t\t<div class=\"elementor-column elementor-col-100 elementor-top-column elementor-element elementor-element-335ab69\" data-id=\"335ab69\" data-element_type=\"column\" data-e-type=\"column\">\n\t\t\t<div class=\"elementor-widget-wrap elementor-element-populated\">\n\t\t\t\t\t\t<div class=\"elementor-element elementor-element-b33929d elementor-widget elementor-widget-text-editor\" data-id=\"b33929d\" data-element_type=\"widget\" data-e-type=\"widget\" data-widget_type=\"text-editor.default\">\n\t\t\t\t<div class=\"elementor-widget-container\">\n\t\t\t\t\t\t\t\t\t<div class=\"flex flex-grow flex-col max-w-full\"><div class=\"min-h-[20px] text-message flex flex-col items-start gap-3 whitespace-pre-wrap break-words [.text-message+&amp;]:mt-5 overflow-x-auto\"><div class=\"markdown prose w-full break-words dark:prose-invert light\"><p><span style=\"color: #1ecad3;\"><strong>Du 4 au\u00a0<span id=\"OBJ_PREFIX_DWT2281_com_zimbra_date\" class=\"Object\" role=\"link\"><span id=\"OBJ_PREFIX_DWT2289_com_zimbra_date\" class=\"Object\" role=\"link\">8 mars 2024<\/span><\/span>, l&rsquo;IGR-IAE Rennes a particip\u00e9 au stand d&rsquo;IAE France lors du salon de l&rsquo;APAIE \u00e0 Perth, en Australie. <\/strong><\/span><\/p><p>L&rsquo;<a href=\"https:\/\/www.apaie.net\/\" target=\"_blank\" rel=\"noopener\">APAIE<\/a> est la conf\u00e9rence internationale pour les \u00e9tablissements d&rsquo;enseignement sup\u00e9rieur pour la zone Asie et Pacifique, qui a rassembl\u00e9 cette ann\u00e9e plus de 2000 participants venant de 66 pays diff\u00e9rents. <strong>Ce fut l&rsquo;occasion de rencontrer nos partenaires universitaires du monde entier :<\/strong> <strong>Sejong University, University of Tasmania, Masaryk University, P\u00e8cs University, University of Waseda, University of Saxion, University of Twente<\/strong>&#8230; mais aussi de construire de nouvelles collaborations !<\/p><p>Ces moments riches en partage et en enthousiasme repr\u00e9sentent l&rsquo;essence de notre engagement en faveur de la construction d&rsquo;une \u00e9ducation de qualit\u00e9, offrant de nouvelles perspectives pour la mobilit\u00e9 et la coop\u00e9ration internationale pour nos \u00e9tudiants et enseignants !<\/p><\/div><\/div><\/div>\t\t\t\t\t\t\t\t<\/div>\n\t\t\t\t<\/div>\n\t\t\t\t\t<\/div>\n\t\t<\/div>\n\t\t\t\t\t<\/div>\n\t\t<\/section>\n\t\t\t\t<\/div>\n\t\t","protected":false},"excerpt":{"rendered":"<p>Du 4 au 8 mars 2024, l\u2019IGR-IAE Rennes a particip\u00e9 au stand d\u2019IAE France lors du salon de l\u2019APAIE \u00e0 Perth, en Australie.<\/p>\n","protected":false},"author":9,"featured_media":381661,"comment_status":"closed","ping_status":"closed","sticky":true,"template":"","format":"standard","meta":{"_acf_changed":false,"footnotes":""},"categories":[68],"tags":[],"class_list":["post-381660","post","type-post","status-publish","format-standard","has-post-thumbnail","hentry","category-international"],"acf":[],"yoast_head":"<!-- This site is optimized with the Yoast SEO plugin v27.5 - https:\/\/yoast.com\/product\/yoast-seo-wordpress\/ -->\n<title>Pr\u00e9sence de l&rsquo;IGR-IAE Rennes au salon APAIE - IGR IAE Rennes<\/title>\n<meta name=\"robots\" content=\"index, follow, max-snippet:-1, max-image-preview:large, max-video-preview:-1\" \/>\n<link rel=\"canonical\" href=\"https:\/\/www.igr.univ-rennes.fr\/fr\/presence-de-ligr-iae-rennes-au-salon-apaie\/\" \/>\n<meta property=\"og:locale\" content=\"fr_FR\" \/>\n<meta property=\"og:type\" content=\"article\" \/>\n<meta property=\"og:title\" content=\"Pr\u00e9sence de l&rsquo;IGR-IAE Rennes au salon APAIE - IGR IAE Rennes\" \/>\n<meta property=\"og:description\" content=\"Du 4 au 8 mars 2024, l\u2019IGR-IAE Rennes a particip\u00e9 au stand d\u2019IAE France lors du salon de l\u2019APAIE \u00e0 Perth, en Australie.\" \/>\n<meta property=\"og:url\" content=\"https:\/\/www.igr.univ-rennes.fr\/fr\/presence-de-ligr-iae-rennes-au-salon-apaie\/\" \/>\n<meta property=\"og:site_name\" content=\"IGR IAE Rennes\" \/>\n<meta property=\"article:published_time\" content=\"2024-03-14T10:24:29+00:00\" \/>\n<meta property=\"article:modified_time\" content=\"2024-03-14T10:39:01+00:00\" \/>\n<meta property=\"og:image\" content=\"https:\/\/www.igr.univ-rennes.fr\/wp-content\/uploads\/2024\/03\/Photo-salon-APAIE-scaled.jpg\" \/>\n\t<meta property=\"og:image:width\" content=\"2560\" \/>\n\t<meta property=\"og:image:height\" content=\"1920\" \/>\n\t<meta property=\"og:image:type\" content=\"image\/jpeg\" \/>\n<meta name=\"author\" content=\"Emma Lebaut\" \/>\n<meta name=\"twitter:card\" content=\"summary_large_image\" \/>\n<meta name=\"twitter:label1\" content=\"\u00c9crit par\" \/>\n\t<meta name=\"twitter:data1\" content=\"Emma Lebaut\" \/>\n\t<meta name=\"twitter:label2\" content=\"Dur\u00e9e de lecture estim\u00e9e\" \/>\n\t<meta name=\"twitter:data2\" content=\"1 minute\" \/>\n<script type=\"application\/ld+json\" class=\"yoast-schema-graph\">{\"@context\":\"https:\\\/\\\/schema.org\",\"@graph\":[{\"@type\":\"Article\",\"@id\":\"https:\\\/\\\/www.igr.univ-rennes.fr\\\/fr\\\/presence-de-ligr-iae-rennes-au-salon-apaie\\\/#article\",\"isPartOf\":{\"@id\":\"https:\\\/\\\/www.igr.univ-rennes.fr\\\/fr\\\/presence-de-ligr-iae-rennes-au-salon-apaie\\\/\"},\"author\":{\"name\":\"Emma Lebaut\",\"@id\":\"https:\\\/\\\/www.igr.univ-rennes.fr\\\/fr\\\/#\\\/schema\\\/person\\\/ccc43b9cca93cd7a471bce264778297c\"},\"headline\":\"Pr\u00e9sence de l&rsquo;IGR-IAE Rennes au salon APAIE\",\"datePublished\":\"2024-03-14T10:24:29+00:00\",\"dateModified\":\"2024-03-14T10:39:01+00:00\",\"mainEntityOfPage\":{\"@id\":\"https:\\\/\\\/www.igr.univ-rennes.fr\\\/fr\\\/presence-de-ligr-iae-rennes-au-salon-apaie\\\/\"},\"wordCount\":146,\"publisher\":{\"@id\":\"https:\\\/\\\/www.igr.univ-rennes.fr\\\/fr\\\/#organization\"},\"image\":{\"@id\":\"https:\\\/\\\/www.igr.univ-rennes.fr\\\/fr\\\/presence-de-ligr-iae-rennes-au-salon-apaie\\\/#primaryimage\"},\"thumbnailUrl\":\"https:\\\/\\\/www.igr.univ-rennes.fr\\\/wp-content\\\/uploads\\\/2024\\\/03\\\/Photo-salon-APAIE-scaled.jpg\",\"articleSection\":[\"International\"],\"inLanguage\":\"fr-FR\"},{\"@type\":\"WebPage\",\"@id\":\"https:\\\/\\\/www.igr.univ-rennes.fr\\\/fr\\\/presence-de-ligr-iae-rennes-au-salon-apaie\\\/\",\"url\":\"https:\\\/\\\/www.igr.univ-rennes.fr\\\/fr\\\/presence-de-ligr-iae-rennes-au-salon-apaie\\\/\",\"name\":\"Pr\u00e9sence de l&rsquo;IGR-IAE Rennes au salon APAIE - IGR IAE Rennes\",\"isPartOf\":{\"@id\":\"https:\\\/\\\/www.igr.univ-rennes.fr\\\/fr\\\/#website\"},\"primaryImageOfPage\":{\"@id\":\"https:\\\/\\\/www.igr.univ-rennes.fr\\\/fr\\\/presence-de-ligr-iae-rennes-au-salon-apaie\\\/#primaryimage\"},\"image\":{\"@id\":\"https:\\\/\\\/www.igr.univ-rennes.fr\\\/fr\\\/presence-de-ligr-iae-rennes-au-salon-apaie\\\/#primaryimage\"},\"thumbnailUrl\":\"https:\\\/\\\/www.igr.univ-rennes.fr\\\/wp-content\\\/uploads\\\/2024\\\/03\\\/Photo-salon-APAIE-scaled.jpg\",\"datePublished\":\"2024-03-14T10:24:29+00:00\",\"dateModified\":\"2024-03-14T10:39:01+00:00\",\"breadcrumb\":{\"@id\":\"https:\\\/\\\/www.igr.univ-rennes.fr\\\/fr\\\/presence-de-ligr-iae-rennes-au-salon-apaie\\\/#breadcrumb\"},\"inLanguage\":\"fr-FR\",\"potentialAction\":[{\"@type\":\"ReadAction\",\"target\":[\"https:\\\/\\\/www.igr.univ-rennes.fr\\\/fr\\\/presence-de-ligr-iae-rennes-au-salon-apaie\\\/\"]}]},{\"@type\":\"ImageObject\",\"inLanguage\":\"fr-FR\",\"@id\":\"https:\\\/\\\/www.igr.univ-rennes.fr\\\/fr\\\/presence-de-ligr-iae-rennes-au-salon-apaie\\\/#primaryimage\",\"url\":\"https:\\\/\\\/www.igr.univ-rennes.fr\\\/wp-content\\\/uploads\\\/2024\\\/03\\\/Photo-salon-APAIE-scaled.jpg\",\"contentUrl\":\"https:\\\/\\\/www.igr.univ-rennes.fr\\\/wp-content\\\/uploads\\\/2024\\\/03\\\/Photo-salon-APAIE-scaled.jpg\",\"width\":2560,\"height\":1920},{\"@type\":\"BreadcrumbList\",\"@id\":\"https:\\\/\\\/www.igr.univ-rennes.fr\\\/fr\\\/presence-de-ligr-iae-rennes-au-salon-apaie\\\/#breadcrumb\",\"itemListElement\":[{\"@type\":\"ListItem\",\"position\":1,\"name\":\"Accueil\",\"item\":\"https:\\\/\\\/www.igr.univ-rennes.fr\\\/fr\\\/\"},{\"@type\":\"ListItem\",\"position\":2,\"name\":\"Pr\u00e9sence de l&rsquo;IGR-IAE Rennes au salon APAIE\"}]},{\"@type\":\"WebSite\",\"@id\":\"https:\\\/\\\/www.igr.univ-rennes.fr\\\/fr\\\/#website\",\"url\":\"https:\\\/\\\/www.igr.univ-rennes.fr\\\/fr\\\/\",\"name\":\"IGR IAE Rennes\",\"description\":\"\",\"publisher\":{\"@id\":\"https:\\\/\\\/www.igr.univ-rennes.fr\\\/fr\\\/#organization\"},\"potentialAction\":[{\"@type\":\"SearchAction\",\"target\":{\"@type\":\"EntryPoint\",\"urlTemplate\":\"https:\\\/\\\/www.igr.univ-rennes.fr\\\/fr\\\/?s={search_term_string}\"},\"query-input\":{\"@type\":\"PropertyValueSpecification\",\"valueRequired\":true,\"valueName\":\"search_term_string\"}}],\"inLanguage\":\"fr-FR\"},{\"@type\":\"Organization\",\"@id\":\"https:\\\/\\\/www.igr.univ-rennes.fr\\\/fr\\\/#organization\",\"name\":\"IGR IAE Rennes\",\"url\":\"https:\\\/\\\/www.igr.univ-rennes.fr\\\/fr\\\/\",\"logo\":{\"@type\":\"ImageObject\",\"inLanguage\":\"fr-FR\",\"@id\":\"https:\\\/\\\/www.igr.univ-rennes.fr\\\/fr\\\/#\\\/schema\\\/logo\\\/image\\\/\",\"url\":\"https:\\\/\\\/www.igr.univ-rennes.fr\\\/wp-content\\\/uploads\\\/2020\\\/06\\\/Logo-IGR-IAE-Rennes_Blanc-300dpi-RVB-e1597327228224.png\",\"contentUrl\":\"https:\\\/\\\/www.igr.univ-rennes.fr\\\/wp-content\\\/uploads\\\/2020\\\/06\\\/Logo-IGR-IAE-Rennes_Blanc-300dpi-RVB-e1597327228224.png\",\"width\":290,\"height\":107,\"caption\":\"IGR IAE Rennes\"},\"image\":{\"@id\":\"https:\\\/\\\/www.igr.univ-rennes.fr\\\/fr\\\/#\\\/schema\\\/logo\\\/image\\\/\"}},{\"@type\":\"Person\",\"@id\":\"https:\\\/\\\/www.igr.univ-rennes.fr\\\/fr\\\/#\\\/schema\\\/person\\\/ccc43b9cca93cd7a471bce264778297c\",\"name\":\"Emma Lebaut\",\"image\":{\"@type\":\"ImageObject\",\"inLanguage\":\"fr-FR\",\"@id\":\"https:\\\/\\\/secure.gravatar.com\\\/avatar\\\/7335cda3e2dfc4ebfa35314bea3e26aafa62f4197b0f5cb8f2f30bb7ce493fe5?s=96&d=mm&r=g\",\"url\":\"https:\\\/\\\/secure.gravatar.com\\\/avatar\\\/7335cda3e2dfc4ebfa35314bea3e26aafa62f4197b0f5cb8f2f30bb7ce493fe5?s=96&d=mm&r=g\",\"contentUrl\":\"https:\\\/\\\/secure.gravatar.com\\\/avatar\\\/7335cda3e2dfc4ebfa35314bea3e26aafa62f4197b0f5cb8f2f30bb7ce493fe5?s=96&d=mm&r=g\",\"caption\":\"Emma Lebaut\"}}]}<\/script>\n<!-- \/ Yoast SEO plugin. -->","yoast_head_json":{"title":"Pr\u00e9sence de l&rsquo;IGR-IAE Rennes au salon APAIE - IGR IAE Rennes","robots":{"index":"index","follow":"follow","max-snippet":"max-snippet:-1","max-image-preview":"max-image-preview:large","max-video-preview":"max-video-preview:-1"},"canonical":"https:\/\/www.igr.univ-rennes.fr\/fr\/presence-de-ligr-iae-rennes-au-salon-apaie\/","og_locale":"fr_FR","og_type":"article","og_title":"Pr\u00e9sence de l&rsquo;IGR-IAE Rennes au salon APAIE - IGR IAE Rennes","og_description":"Du 4 au 8 mars 2024, l\u2019IGR-IAE Rennes a particip\u00e9 au stand d\u2019IAE France lors du salon de l\u2019APAIE \u00e0 Perth, en Australie.","og_url":"https:\/\/www.igr.univ-rennes.fr\/fr\/presence-de-ligr-iae-rennes-au-salon-apaie\/","og_site_name":"IGR IAE Rennes","article_published_time":"2024-03-14T10:24:29+00:00","article_modified_time":"2024-03-14T10:39:01+00:00","og_image":[{"width":2560,"height":1920,"url":"https:\/\/www.igr.univ-rennes.fr\/wp-content\/uploads\/2024\/03\/Photo-salon-APAIE-scaled.jpg","type":"image\/jpeg"}],"author":"Emma Lebaut","twitter_card":"summary_large_image","twitter_misc":{"\u00c9crit par":"Emma Lebaut","Dur\u00e9e de lecture estim\u00e9e":"1 minute"},"schema":{"@context":"https:\/\/schema.org","@graph":[{"@type":"Article","@id":"https:\/\/www.igr.univ-rennes.fr\/fr\/presence-de-ligr-iae-rennes-au-salon-apaie\/#article","isPartOf":{"@id":"https:\/\/www.igr.univ-rennes.fr\/fr\/presence-de-ligr-iae-rennes-au-salon-apaie\/"},"author":{"name":"Emma Lebaut","@id":"https:\/\/www.igr.univ-rennes.fr\/fr\/#\/schema\/person\/ccc43b9cca93cd7a471bce264778297c"},"headline":"Pr\u00e9sence de l&rsquo;IGR-IAE Rennes au salon APAIE","datePublished":"2024-03-14T10:24:29+00:00","dateModified":"2024-03-14T10:39:01+00:00","mainEntityOfPage":{"@id":"https:\/\/www.igr.univ-rennes.fr\/fr\/presence-de-ligr-iae-rennes-au-salon-apaie\/"},"wordCount":146,"publisher":{"@id":"https:\/\/www.igr.univ-rennes.fr\/fr\/#organization"},"image":{"@id":"https:\/\/www.igr.univ-rennes.fr\/fr\/presence-de-ligr-iae-rennes-au-salon-apaie\/#primaryimage"},"thumbnailUrl":"https:\/\/www.igr.univ-rennes.fr\/wp-content\/uploads\/2024\/03\/Photo-salon-APAIE-scaled.jpg","articleSection":["International"],"inLanguage":"fr-FR"},{"@type":"WebPage","@id":"https:\/\/www.igr.univ-rennes.fr\/fr\/presence-de-ligr-iae-rennes-au-salon-apaie\/","url":"https:\/\/www.igr.univ-rennes.fr\/fr\/presence-de-ligr-iae-rennes-au-salon-apaie\/","name":"Pr\u00e9sence de l&rsquo;IGR-IAE Rennes au salon APAIE - IGR IAE Rennes","isPartOf":{"@id":"https:\/\/www.igr.univ-rennes.fr\/fr\/#website"},"primaryImageOfPage":{"@id":"https:\/\/www.igr.univ-rennes.fr\/fr\/presence-de-ligr-iae-rennes-au-salon-apaie\/#primaryimage"},"image":{"@id":"https:\/\/www.igr.univ-rennes.fr\/fr\/presence-de-ligr-iae-rennes-au-salon-apaie\/#primaryimage"},"thumbnailUrl":"https:\/\/www.igr.univ-rennes.fr\/wp-content\/uploads\/2024\/03\/Photo-salon-APAIE-scaled.jpg","datePublished":"2024-03-14T10:24:29+00:00","dateModified":"2024-03-14T10:39:01+00:00","breadcrumb":{"@id":"https:\/\/www.igr.univ-rennes.fr\/fr\/presence-de-ligr-iae-rennes-au-salon-apaie\/#breadcrumb"},"inLanguage":"fr-FR","potentialAction":[{"@type":"ReadAction","target":["https:\/\/www.igr.univ-rennes.fr\/fr\/presence-de-ligr-iae-rennes-au-salon-apaie\/"]}]},{"@type":"ImageObject","inLanguage":"fr-FR","@id":"https:\/\/www.igr.univ-rennes.fr\/fr\/presence-de-ligr-iae-rennes-au-salon-apaie\/#primaryimage","url":"https:\/\/www.igr.univ-rennes.fr\/wp-content\/uploads\/2024\/03\/Photo-salon-APAIE-scaled.jpg","contentUrl":"https:\/\/www.igr.univ-rennes.fr\/wp-content\/uploads\/2024\/03\/Photo-salon-APAIE-scaled.jpg","width":2560,"height":1920},{"@type":"BreadcrumbList","@id":"https:\/\/www.igr.univ-rennes.fr\/fr\/presence-de-ligr-iae-rennes-au-salon-apaie\/#breadcrumb","itemListElement":[{"@type":"ListItem","position":1,"name":"Accueil","item":"https:\/\/www.igr.univ-rennes.fr\/fr\/"},{"@type":"ListItem","position":2,"name":"Pr\u00e9sence de l&rsquo;IGR-IAE Rennes au salon APAIE"}]},{"@type":"WebSite","@id":"https:\/\/www.igr.univ-rennes.fr\/fr\/#website","url":"https:\/\/www.igr.univ-rennes.fr\/fr\/","name":"IGR IAE Rennes","description":"","publisher":{"@id":"https:\/\/www.igr.univ-rennes.fr\/fr\/#organization"},"potentialAction":[{"@type":"SearchAction","target":{"@type":"EntryPoint","urlTemplate":"https:\/\/www.igr.univ-rennes.fr\/fr\/?s={search_term_string}"},"query-input":{"@type":"PropertyValueSpecification","valueRequired":true,"valueName":"search_term_string"}}],"inLanguage":"fr-FR"},{"@type":"Organization","@id":"https:\/\/www.igr.univ-rennes.fr\/fr\/#organization","name":"IGR IAE Rennes","url":"https:\/\/www.igr.univ-rennes.fr\/fr\/","logo":{"@type":"ImageObject","inLanguage":"fr-FR","@id":"https:\/\/www.igr.univ-rennes.fr\/fr\/#\/schema\/logo\/image\/","url":"https:\/\/www.igr.univ-rennes.fr\/wp-content\/uploads\/2020\/06\/Logo-IGR-IAE-Rennes_Blanc-300dpi-RVB-e1597327228224.png","contentUrl":"https:\/\/www.igr.univ-rennes.fr\/wp-content\/uploads\/2020\/06\/Logo-IGR-IAE-Rennes_Blanc-300dpi-RVB-e1597327228224.png","width":290,"height":107,"caption":"IGR IAE Rennes"},"image":{"@id":"https:\/\/www.igr.univ-rennes.fr\/fr\/#\/schema\/logo\/image\/"}},{"@type":"Person","@id":"https:\/\/www.igr.univ-rennes.fr\/fr\/#\/schema\/person\/ccc43b9cca93cd7a471bce264778297c","name":"Emma Lebaut","image":{"@type":"ImageObject","inLanguage":"fr-FR","@id":"https:\/\/secure.gravatar.com\/avatar\/7335cda3e2dfc4ebfa35314bea3e26aafa62f4197b0f5cb8f2f30bb7ce493fe5?s=96&d=mm&r=g","url":"https:\/\/secure.gravatar.com\/avatar\/7335cda3e2dfc4ebfa35314bea3e26aafa62f4197b0f5cb8f2f30bb7ce493fe5?s=96&d=mm&r=g","contentUrl":"https:\/\/secure.gravatar.com\/avatar\/7335cda3e2dfc4ebfa35314bea3e26aafa62f4197b0f5cb8f2f30bb7ce493fe5?s=96&d=mm&r=g","caption":"Emma Lebaut"}}]}},"_links":{"self":[{"href":"https:\/\/www.igr.univ-rennes.fr\/fr\/wp-json\/wp\/v2\/posts\/381660","targetHints":{"allow":["GET"]}}],"collection":[{"href":"https:\/\/www.igr.univ-rennes.fr\/fr\/wp-json\/wp\/v2\/posts"}],"about":[{"href":"https:\/\/www.igr.univ-rennes.fr\/fr\/wp-json\/wp\/v2\/types\/post"}],"author":[{"embeddable":true,"href":"https:\/\/www.igr.univ-rennes.fr\/fr\/wp-json\/wp\/v2\/users\/9"}],"replies":[{"embeddable":true,"href":"https:\/\/www.igr.univ-rennes.fr\/fr\/wp-json\/wp\/v2\/comments?post=381660"}],"version-history":[{"count":5,"href":"https:\/\/www.igr.univ-rennes.fr\/fr\/wp-json\/wp\/v2\/posts\/381660\/revisions"}],"predecessor-version":[{"id":381668,"href":"https:\/\/www.igr.univ-rennes.fr\/fr\/wp-json\/wp\/v2\/posts\/381660\/revisions\/381668"}],"wp:featuredmedia":[{"embeddable":true,"href":"https:\/\/www.igr.univ-rennes.fr\/fr\/wp-json\/wp\/v2\/media\/381661"}],"wp:attachment":[{"href":"https:\/\/www.igr.univ-rennes.fr\/fr\/wp-json\/wp\/v2\/media?parent=381660"}],"wp:term":[{"taxonomy":"category","embeddable":true,"href":"https:\/\/www.igr.univ-rennes.fr\/fr\/wp-json\/wp\/v2\/categories?post=381660"},{"taxonomy":"post_tag","embeddable":true,"href":"https:\/\/www.igr.univ-rennes.fr\/fr\/wp-json\/wp\/v2\/tags?post=381660"}],"curies":[{"name":"wp","href":"https:\/\/api.w.org\/{rel}","templated":true}]}}