{"id":377936,"date":"2024-03-12T17:00:14","date_gmt":"2024-03-12T16:00:14","guid":{"rendered":"https:\/\/www.igr.univ-rennes.fr\/?p=377936"},"modified":"2024-03-14T15:08:13","modified_gmt":"2024-03-14T14:08:13","slug":"ligr-iae-rennes-accueille-une-delegation-de-luniversite-de-kiel","status":"publish","type":"post","link":"https:\/\/www.igr.univ-rennes.fr\/fr\/ligr-iae-rennes-accueille-une-delegation-de-luniversite-de-kiel\/","title":{"rendered":"L&rsquo;IGR-IAE Rennes accueille une d\u00e9l\u00e9gation de l&rsquo;Universit\u00e9 de Kiel"},"content":{"rendered":"\t\t<div data-elementor-type=\"wp-post\" data-elementor-id=\"377936\" class=\"elementor elementor-377936\" data-elementor-post-type=\"post\">\n\t\t\t\t\t\t<section class=\"elementor-section elementor-top-section elementor-element elementor-element-fb16b86 elementor-section-boxed elementor-section-height-default elementor-section-height-default\" data-id=\"fb16b86\" data-element_type=\"section\" data-e-type=\"section\">\n\t\t\t\t\t\t<div class=\"elementor-container elementor-column-gap-default\">\n\t\t\t\t\t<div class=\"elementor-column elementor-col-100 elementor-top-column elementor-element elementor-element-b6c84b5\" data-id=\"b6c84b5\" data-element_type=\"column\" data-e-type=\"column\">\n\t\t\t<div class=\"elementor-widget-wrap elementor-element-populated\">\n\t\t\t\t\t\t<div class=\"elementor-element elementor-element-6f6769d elementor-widget elementor-widget-text-editor\" data-id=\"6f6769d\" data-element_type=\"widget\" data-e-type=\"widget\" data-widget_type=\"text-editor.default\">\n\t\t\t\t<div class=\"elementor-widget-container\">\n\t\t\t\t\t\t\t\t\t<p>Nous sommes ravis d&rsquo;accueillir la d\u00e9l\u00e9gation de Kiel. Cet \u00e9v\u00e9nement offre une occasion unique de renforcer les relations entre nos institutions. L\u2019IGR-IAE Rennes entretient un partenariat de longue date avec l&rsquo;<a href=\"https:\/\/www.uni-kiel.de\/en\" target=\"_blank\" rel=\"noopener\">Universit\u00e9 de Kiel<\/a>, initi\u00e9 en 1997.<\/p><p>Du <strong>12 au 13 mars 2024<\/strong>, nous avons l&rsquo;honneur de recevoir des professeurs de l&rsquo;Universit\u00e9 de Kiel :<\/p><ul><li><strong>Professeur Joachim Wolf<\/strong>, sp\u00e9cialis\u00e9 en management international<\/li><li><strong>Professeur Achim Walter<\/strong>, expert en innovation et entrepreneuriat<\/li><li><strong>Professeur Jost Heckemeyer<\/strong>, sp\u00e9cialis\u00e9 en comptabilit\u00e9 et fiscalit\u00e9<\/li><\/ul><p><br \/>L&rsquo;IGR-IAE Rennes et l&rsquo;Universit\u00e9 de Kiel engageront des discussions sur le renouvellement et l&rsquo;\u00e9volution du double dipl\u00f4me de Master en Management International.<\/p><p>Cette occasion repr\u00e9sente \u00e9galement une opportunit\u00e9 d&rsquo;explorer le d\u00e9veloppement du s\u00e9minaire franco-allemand, organis\u00e9 tous les deux ans, au b\u00e9n\u00e9fice des doctorants des deux institutions.<\/p>\t\t\t\t\t\t\t\t<\/div>\n\t\t\t\t<\/div>\n\t\t\t\t\t<\/div>\n\t\t<\/div>\n\t\t\t\t\t<\/div>\n\t\t<\/section>\n\t\t\t\t<section class=\"elementor-section elementor-top-section elementor-element elementor-element-0f7f212 elementor-section-boxed elementor-section-height-default elementor-section-height-default\" data-id=\"0f7f212\" data-element_type=\"section\" data-e-type=\"section\">\n\t\t\t\t\t\t<div class=\"elementor-container elementor-column-gap-default\">\n\t\t\t\t\t<div class=\"elementor-column elementor-col-100 elementor-top-column elementor-element elementor-element-a868854\" data-id=\"a868854\" data-element_type=\"column\" data-e-type=\"column\">\n\t\t\t<div class=\"elementor-widget-wrap elementor-element-populated\">\n\t\t\t\t\t\t<div class=\"elementor-element elementor-element-2097a8a elementor--h-position-center elementor--v-position-middle elementor-arrows-position-inside elementor-pagination-position-inside elementor-widget elementor-widget-slides\" data-id=\"2097a8a\" data-element_type=\"widget\" data-e-type=\"widget\" data-settings=\"{&quot;navigation&quot;:&quot;both&quot;,&quot;autoplay&quot;:&quot;yes&quot;,&quot;pause_on_hover&quot;:&quot;yes&quot;,&quot;pause_on_interaction&quot;:&quot;yes&quot;,&quot;autoplay_speed&quot;:5000,&quot;infinite&quot;:&quot;yes&quot;,&quot;transition&quot;:&quot;slide&quot;,&quot;transition_speed&quot;:500}\" data-widget_type=\"slides.default\">\n\t\t\t\t<div class=\"elementor-widget-container\">\n\t\t\t\t\t\t\t\t\t<div class=\"elementor-swiper\">\n\t\t\t\t\t<div class=\"elementor-slides-wrapper elementor-main-swiper swiper\" role=\"region\" aria-roledescription=\"carousel\" aria-label=\"Diapositives\" dir=\"ltr\" data-animation=\"fadeInUp\">\n\t\t\t\t<div class=\"swiper-wrapper elementor-slides\">\n\t\t\t\t\t\t\t\t\t\t<div class=\"elementor-repeater-item-dbd0cad swiper-slide\" role=\"group\" aria-roledescription=\"slide\"><div class=\"swiper-slide-bg\" role=\"img\" aria-label=\"D\u00e9l\u00e9gation Kiel\"><\/div><div class=\"swiper-slide-inner\" ><div class=\"swiper-slide-contents\"><\/div><\/div><\/div><div class=\"elementor-repeater-item-8be6719 swiper-slide\" role=\"group\" aria-roledescription=\"slide\"><div class=\"swiper-slide-bg\" role=\"img\" aria-label=\"D\u00e9l\u00e9gation Kiel\"><\/div><div class=\"swiper-slide-inner\" ><div class=\"swiper-slide-contents\"><\/div><\/div><\/div><div class=\"elementor-repeater-item-9fc9ee5 swiper-slide\" role=\"group\" aria-roledescription=\"slide\"><div class=\"swiper-slide-bg\" role=\"img\" aria-label=\"D\u00e9l\u00e9gation Kiel\"><\/div><div class=\"swiper-slide-inner\" ><div class=\"swiper-slide-contents\"><\/div><\/div><\/div>\t\t\t\t<\/div>\n\t\t\t\t\t\t\t\t\t\t\t\t\t\t\t<div class=\"elementor-swiper-button elementor-swiper-button-prev\" role=\"button\" tabindex=\"0\" aria-label=\"Diapositive pr\u00e9c\u00e9dente\">\n\t\t\t\t\t\t\t<i aria-hidden=\"true\" class=\"eicon-chevron-left\"><\/i>\t\t\t\t\t\t<\/div>\n\t\t\t\t\t\t<div class=\"elementor-swiper-button elementor-swiper-button-next\" role=\"button\" tabindex=\"0\" aria-label=\"Diapositive suivante\">\n\t\t\t\t\t\t\t<i aria-hidden=\"true\" class=\"eicon-chevron-right\"><\/i>\t\t\t\t\t\t<\/div>\n\t\t\t\t\t\t\t\t\t\t\t\t\t\t\t\t<div class=\"swiper-pagination\"><\/div>\n\t\t\t\t\t\t\t\t\t\t\t\t<\/div>\n\t\t\t\t<\/div>\n\t\t\t\t\t\t\t\t<\/div>\n\t\t\t\t<\/div>\n\t\t\t\t\t<\/div>\n\t\t<\/div>\n\t\t\t\t\t<\/div>\n\t\t<\/section>\n\t\t\t\t<\/div>\n\t\t","protected":false},"excerpt":{"rendered":"<p>Du 12 au 13 mars 2024, nous avons l&rsquo;honneur de recevoir des professeurs de l&rsquo;Universit\u00e9 de Kiel<\/p>\n","protected":false},"author":11,"featured_media":377961,"comment_status":"closed","ping_status":"closed","sticky":false,"template":"","format":"standard","meta":{"_acf_changed":false,"footnotes":""},"categories":[68,66],"tags":[],"class_list":["post-377936","post","type-post","status-publish","format-standard","has-post-thumbnail","hentry","category-international","category-recherche"],"acf":[],"yoast_head":"<!-- This site is optimized with the Yoast SEO plugin v27.5 - https:\/\/yoast.com\/product\/yoast-seo-wordpress\/ -->\n<title>L&rsquo;IGR-IAE Rennes accueille une d\u00e9l\u00e9gation de l&rsquo;Universit\u00e9 de Kiel - IGR IAE Rennes<\/title>\n<meta name=\"robots\" content=\"index, follow, max-snippet:-1, max-image-preview:large, max-video-preview:-1\" \/>\n<link rel=\"canonical\" href=\"https:\/\/www.igr.univ-rennes.fr\/fr\/ligr-iae-rennes-accueille-une-delegation-de-luniversite-de-kiel\/\" \/>\n<meta property=\"og:locale\" content=\"fr_FR\" \/>\n<meta property=\"og:type\" content=\"article\" \/>\n<meta property=\"og:title\" content=\"L&rsquo;IGR-IAE Rennes accueille une d\u00e9l\u00e9gation de l&rsquo;Universit\u00e9 de Kiel - IGR IAE Rennes\" \/>\n<meta property=\"og:description\" content=\"Du 12 au 13 mars 2024, nous avons l&#039;honneur de recevoir des professeurs de l&#039;Universit\u00e9 de Kiel\" \/>\n<meta property=\"og:url\" content=\"https:\/\/www.igr.univ-rennes.fr\/fr\/ligr-iae-rennes-accueille-une-delegation-de-luniversite-de-kiel\/\" \/>\n<meta property=\"og:site_name\" content=\"IGR IAE Rennes\" \/>\n<meta property=\"article:published_time\" content=\"2024-03-12T16:00:14+00:00\" \/>\n<meta property=\"article:modified_time\" content=\"2024-03-14T14:08:13+00:00\" \/>\n<meta property=\"og:image\" content=\"https:\/\/www.igr.univ-rennes.fr\/wp-content\/uploads\/2024\/03\/welcome-Wolf-Heckmeyer-Walter-march2024-1-1024x538.jpg\" \/>\n\t<meta property=\"og:image:width\" content=\"1024\" \/>\n\t<meta property=\"og:image:height\" content=\"538\" \/>\n\t<meta property=\"og:image:type\" content=\"image\/jpeg\" \/>\n<meta name=\"author\" content=\"Marie-Annick Robin\" \/>\n<meta name=\"twitter:card\" content=\"summary_large_image\" \/>\n<meta name=\"twitter:label1\" content=\"\u00c9crit par\" \/>\n\t<meta name=\"twitter:data1\" content=\"Marie-Annick Robin\" \/>\n\t<meta name=\"twitter:label2\" content=\"Dur\u00e9e de lecture estim\u00e9e\" \/>\n\t<meta name=\"twitter:data2\" content=\"1 minute\" \/>\n<script type=\"application\/ld+json\" class=\"yoast-schema-graph\">{\"@context\":\"https:\\\/\\\/schema.org\",\"@graph\":[{\"@type\":\"Article\",\"@id\":\"https:\\\/\\\/www.igr.univ-rennes.fr\\\/fr\\\/ligr-iae-rennes-accueille-une-delegation-de-luniversite-de-kiel\\\/#article\",\"isPartOf\":{\"@id\":\"https:\\\/\\\/www.igr.univ-rennes.fr\\\/fr\\\/ligr-iae-rennes-accueille-une-delegation-de-luniversite-de-kiel\\\/\"},\"author\":{\"name\":\"Marie-Annick Robin\",\"@id\":\"https:\\\/\\\/www.igr.univ-rennes.fr\\\/fr\\\/#\\\/schema\\\/person\\\/5f1ef906f2986c0eaa338b7258c4082b\"},\"headline\":\"L&rsquo;IGR-IAE Rennes accueille une d\u00e9l\u00e9gation de l&rsquo;Universit\u00e9 de Kiel\",\"datePublished\":\"2024-03-12T16:00:14+00:00\",\"dateModified\":\"2024-03-14T14:08:13+00:00\",\"mainEntityOfPage\":{\"@id\":\"https:\\\/\\\/www.igr.univ-rennes.fr\\\/fr\\\/ligr-iae-rennes-accueille-une-delegation-de-luniversite-de-kiel\\\/\"},\"wordCount\":157,\"publisher\":{\"@id\":\"https:\\\/\\\/www.igr.univ-rennes.fr\\\/fr\\\/#organization\"},\"image\":{\"@id\":\"https:\\\/\\\/www.igr.univ-rennes.fr\\\/fr\\\/ligr-iae-rennes-accueille-une-delegation-de-luniversite-de-kiel\\\/#primaryimage\"},\"thumbnailUrl\":\"https:\\\/\\\/www.igr.univ-rennes.fr\\\/wp-content\\\/uploads\\\/2024\\\/03\\\/welcome-Wolf-Heckmeyer-Walter-march2024-1.jpg\",\"articleSection\":[\"International\",\"Recherche\"],\"inLanguage\":\"fr-FR\"},{\"@type\":\"WebPage\",\"@id\":\"https:\\\/\\\/www.igr.univ-rennes.fr\\\/fr\\\/ligr-iae-rennes-accueille-une-delegation-de-luniversite-de-kiel\\\/\",\"url\":\"https:\\\/\\\/www.igr.univ-rennes.fr\\\/fr\\\/ligr-iae-rennes-accueille-une-delegation-de-luniversite-de-kiel\\\/\",\"name\":\"L&rsquo;IGR-IAE Rennes accueille une d\u00e9l\u00e9gation de l&rsquo;Universit\u00e9 de Kiel - IGR IAE Rennes\",\"isPartOf\":{\"@id\":\"https:\\\/\\\/www.igr.univ-rennes.fr\\\/fr\\\/#website\"},\"primaryImageOfPage\":{\"@id\":\"https:\\\/\\\/www.igr.univ-rennes.fr\\\/fr\\\/ligr-iae-rennes-accueille-une-delegation-de-luniversite-de-kiel\\\/#primaryimage\"},\"image\":{\"@id\":\"https:\\\/\\\/www.igr.univ-rennes.fr\\\/fr\\\/ligr-iae-rennes-accueille-une-delegation-de-luniversite-de-kiel\\\/#primaryimage\"},\"thumbnailUrl\":\"https:\\\/\\\/www.igr.univ-rennes.fr\\\/wp-content\\\/uploads\\\/2024\\\/03\\\/welcome-Wolf-Heckmeyer-Walter-march2024-1.jpg\",\"datePublished\":\"2024-03-12T16:00:14+00:00\",\"dateModified\":\"2024-03-14T14:08:13+00:00\",\"breadcrumb\":{\"@id\":\"https:\\\/\\\/www.igr.univ-rennes.fr\\\/fr\\\/ligr-iae-rennes-accueille-une-delegation-de-luniversite-de-kiel\\\/#breadcrumb\"},\"inLanguage\":\"fr-FR\",\"potentialAction\":[{\"@type\":\"ReadAction\",\"target\":[\"https:\\\/\\\/www.igr.univ-rennes.fr\\\/fr\\\/ligr-iae-rennes-accueille-une-delegation-de-luniversite-de-kiel\\\/\"]}]},{\"@type\":\"ImageObject\",\"inLanguage\":\"fr-FR\",\"@id\":\"https:\\\/\\\/www.igr.univ-rennes.fr\\\/fr\\\/ligr-iae-rennes-accueille-une-delegation-de-luniversite-de-kiel\\\/#primaryimage\",\"url\":\"https:\\\/\\\/www.igr.univ-rennes.fr\\\/wp-content\\\/uploads\\\/2024\\\/03\\\/welcome-Wolf-Heckmeyer-Walter-march2024-1.jpg\",\"contentUrl\":\"https:\\\/\\\/www.igr.univ-rennes.fr\\\/wp-content\\\/uploads\\\/2024\\\/03\\\/welcome-Wolf-Heckmeyer-Walter-march2024-1.jpg\",\"width\":2400,\"height\":1260,\"caption\":\"welcome-Wolf-Heckmeyer-Walter-march2024\"},{\"@type\":\"BreadcrumbList\",\"@id\":\"https:\\\/\\\/www.igr.univ-rennes.fr\\\/fr\\\/ligr-iae-rennes-accueille-une-delegation-de-luniversite-de-kiel\\\/#breadcrumb\",\"itemListElement\":[{\"@type\":\"ListItem\",\"position\":1,\"name\":\"Accueil\",\"item\":\"https:\\\/\\\/www.igr.univ-rennes.fr\\\/fr\\\/\"},{\"@type\":\"ListItem\",\"position\":2,\"name\":\"L&rsquo;IGR-IAE Rennes accueille une d\u00e9l\u00e9gation de l&rsquo;Universit\u00e9 de Kiel\"}]},{\"@type\":\"WebSite\",\"@id\":\"https:\\\/\\\/www.igr.univ-rennes.fr\\\/fr\\\/#website\",\"url\":\"https:\\\/\\\/www.igr.univ-rennes.fr\\\/fr\\\/\",\"name\":\"IGR IAE Rennes\",\"description\":\"\",\"publisher\":{\"@id\":\"https:\\\/\\\/www.igr.univ-rennes.fr\\\/fr\\\/#organization\"},\"potentialAction\":[{\"@type\":\"SearchAction\",\"target\":{\"@type\":\"EntryPoint\",\"urlTemplate\":\"https:\\\/\\\/www.igr.univ-rennes.fr\\\/fr\\\/?s={search_term_string}\"},\"query-input\":{\"@type\":\"PropertyValueSpecification\",\"valueRequired\":true,\"valueName\":\"search_term_string\"}}],\"inLanguage\":\"fr-FR\"},{\"@type\":\"Organization\",\"@id\":\"https:\\\/\\\/www.igr.univ-rennes.fr\\\/fr\\\/#organization\",\"name\":\"IGR IAE Rennes\",\"url\":\"https:\\\/\\\/www.igr.univ-rennes.fr\\\/fr\\\/\",\"logo\":{\"@type\":\"ImageObject\",\"inLanguage\":\"fr-FR\",\"@id\":\"https:\\\/\\\/www.igr.univ-rennes.fr\\\/fr\\\/#\\\/schema\\\/logo\\\/image\\\/\",\"url\":\"https:\\\/\\\/www.igr.univ-rennes.fr\\\/wp-content\\\/uploads\\\/2020\\\/06\\\/Logo-IGR-IAE-Rennes_Blanc-300dpi-RVB-e1597327228224.png\",\"contentUrl\":\"https:\\\/\\\/www.igr.univ-rennes.fr\\\/wp-content\\\/uploads\\\/2020\\\/06\\\/Logo-IGR-IAE-Rennes_Blanc-300dpi-RVB-e1597327228224.png\",\"width\":290,\"height\":107,\"caption\":\"IGR IAE Rennes\"},\"image\":{\"@id\":\"https:\\\/\\\/www.igr.univ-rennes.fr\\\/fr\\\/#\\\/schema\\\/logo\\\/image\\\/\"}},{\"@type\":\"Person\",\"@id\":\"https:\\\/\\\/www.igr.univ-rennes.fr\\\/fr\\\/#\\\/schema\\\/person\\\/5f1ef906f2986c0eaa338b7258c4082b\",\"name\":\"Marie-Annick Robin\",\"image\":{\"@type\":\"ImageObject\",\"inLanguage\":\"fr-FR\",\"@id\":\"https:\\\/\\\/secure.gravatar.com\\\/avatar\\\/f9293e68571e20c548e6d32c7885fdfb06e6f56349fe920439a102a2234f78c3?s=96&d=mm&r=g\",\"url\":\"https:\\\/\\\/secure.gravatar.com\\\/avatar\\\/f9293e68571e20c548e6d32c7885fdfb06e6f56349fe920439a102a2234f78c3?s=96&d=mm&r=g\",\"contentUrl\":\"https:\\\/\\\/secure.gravatar.com\\\/avatar\\\/f9293e68571e20c548e6d32c7885fdfb06e6f56349fe920439a102a2234f78c3?s=96&d=mm&r=g\",\"caption\":\"Marie-Annick Robin\"}}]}<\/script>\n<!-- \/ Yoast SEO plugin. -->","yoast_head_json":{"title":"L&rsquo;IGR-IAE Rennes accueille une d\u00e9l\u00e9gation de l&rsquo;Universit\u00e9 de Kiel - IGR IAE Rennes","robots":{"index":"index","follow":"follow","max-snippet":"max-snippet:-1","max-image-preview":"max-image-preview:large","max-video-preview":"max-video-preview:-1"},"canonical":"https:\/\/www.igr.univ-rennes.fr\/fr\/ligr-iae-rennes-accueille-une-delegation-de-luniversite-de-kiel\/","og_locale":"fr_FR","og_type":"article","og_title":"L&rsquo;IGR-IAE Rennes accueille une d\u00e9l\u00e9gation de l&rsquo;Universit\u00e9 de Kiel - IGR IAE Rennes","og_description":"Du 12 au 13 mars 2024, nous avons l'honneur de recevoir des professeurs de l'Universit\u00e9 de Kiel","og_url":"https:\/\/www.igr.univ-rennes.fr\/fr\/ligr-iae-rennes-accueille-une-delegation-de-luniversite-de-kiel\/","og_site_name":"IGR IAE Rennes","article_published_time":"2024-03-12T16:00:14+00:00","article_modified_time":"2024-03-14T14:08:13+00:00","og_image":[{"width":1024,"height":538,"url":"https:\/\/www.igr.univ-rennes.fr\/wp-content\/uploads\/2024\/03\/welcome-Wolf-Heckmeyer-Walter-march2024-1-1024x538.jpg","type":"image\/jpeg"}],"author":"Marie-Annick Robin","twitter_card":"summary_large_image","twitter_misc":{"\u00c9crit par":"Marie-Annick Robin","Dur\u00e9e de lecture estim\u00e9e":"1 minute"},"schema":{"@context":"https:\/\/schema.org","@graph":[{"@type":"Article","@id":"https:\/\/www.igr.univ-rennes.fr\/fr\/ligr-iae-rennes-accueille-une-delegation-de-luniversite-de-kiel\/#article","isPartOf":{"@id":"https:\/\/www.igr.univ-rennes.fr\/fr\/ligr-iae-rennes-accueille-une-delegation-de-luniversite-de-kiel\/"},"author":{"name":"Marie-Annick Robin","@id":"https:\/\/www.igr.univ-rennes.fr\/fr\/#\/schema\/person\/5f1ef906f2986c0eaa338b7258c4082b"},"headline":"L&rsquo;IGR-IAE Rennes accueille une d\u00e9l\u00e9gation de l&rsquo;Universit\u00e9 de Kiel","datePublished":"2024-03-12T16:00:14+00:00","dateModified":"2024-03-14T14:08:13+00:00","mainEntityOfPage":{"@id":"https:\/\/www.igr.univ-rennes.fr\/fr\/ligr-iae-rennes-accueille-une-delegation-de-luniversite-de-kiel\/"},"wordCount":157,"publisher":{"@id":"https:\/\/www.igr.univ-rennes.fr\/fr\/#organization"},"image":{"@id":"https:\/\/www.igr.univ-rennes.fr\/fr\/ligr-iae-rennes-accueille-une-delegation-de-luniversite-de-kiel\/#primaryimage"},"thumbnailUrl":"https:\/\/www.igr.univ-rennes.fr\/wp-content\/uploads\/2024\/03\/welcome-Wolf-Heckmeyer-Walter-march2024-1.jpg","articleSection":["International","Recherche"],"inLanguage":"fr-FR"},{"@type":"WebPage","@id":"https:\/\/www.igr.univ-rennes.fr\/fr\/ligr-iae-rennes-accueille-une-delegation-de-luniversite-de-kiel\/","url":"https:\/\/www.igr.univ-rennes.fr\/fr\/ligr-iae-rennes-accueille-une-delegation-de-luniversite-de-kiel\/","name":"L&rsquo;IGR-IAE Rennes accueille une d\u00e9l\u00e9gation de l&rsquo;Universit\u00e9 de Kiel - IGR IAE Rennes","isPartOf":{"@id":"https:\/\/www.igr.univ-rennes.fr\/fr\/#website"},"primaryImageOfPage":{"@id":"https:\/\/www.igr.univ-rennes.fr\/fr\/ligr-iae-rennes-accueille-une-delegation-de-luniversite-de-kiel\/#primaryimage"},"image":{"@id":"https:\/\/www.igr.univ-rennes.fr\/fr\/ligr-iae-rennes-accueille-une-delegation-de-luniversite-de-kiel\/#primaryimage"},"thumbnailUrl":"https:\/\/www.igr.univ-rennes.fr\/wp-content\/uploads\/2024\/03\/welcome-Wolf-Heckmeyer-Walter-march2024-1.jpg","datePublished":"2024-03-12T16:00:14+00:00","dateModified":"2024-03-14T14:08:13+00:00","breadcrumb":{"@id":"https:\/\/www.igr.univ-rennes.fr\/fr\/ligr-iae-rennes-accueille-une-delegation-de-luniversite-de-kiel\/#breadcrumb"},"inLanguage":"fr-FR","potentialAction":[{"@type":"ReadAction","target":["https:\/\/www.igr.univ-rennes.fr\/fr\/ligr-iae-rennes-accueille-une-delegation-de-luniversite-de-kiel\/"]}]},{"@type":"ImageObject","inLanguage":"fr-FR","@id":"https:\/\/www.igr.univ-rennes.fr\/fr\/ligr-iae-rennes-accueille-une-delegation-de-luniversite-de-kiel\/#primaryimage","url":"https:\/\/www.igr.univ-rennes.fr\/wp-content\/uploads\/2024\/03\/welcome-Wolf-Heckmeyer-Walter-march2024-1.jpg","contentUrl":"https:\/\/www.igr.univ-rennes.fr\/wp-content\/uploads\/2024\/03\/welcome-Wolf-Heckmeyer-Walter-march2024-1.jpg","width":2400,"height":1260,"caption":"welcome-Wolf-Heckmeyer-Walter-march2024"},{"@type":"BreadcrumbList","@id":"https:\/\/www.igr.univ-rennes.fr\/fr\/ligr-iae-rennes-accueille-une-delegation-de-luniversite-de-kiel\/#breadcrumb","itemListElement":[{"@type":"ListItem","position":1,"name":"Accueil","item":"https:\/\/www.igr.univ-rennes.fr\/fr\/"},{"@type":"ListItem","position":2,"name":"L&rsquo;IGR-IAE Rennes accueille une d\u00e9l\u00e9gation de l&rsquo;Universit\u00e9 de Kiel"}]},{"@type":"WebSite","@id":"https:\/\/www.igr.univ-rennes.fr\/fr\/#website","url":"https:\/\/www.igr.univ-rennes.fr\/fr\/","name":"IGR IAE Rennes","description":"","publisher":{"@id":"https:\/\/www.igr.univ-rennes.fr\/fr\/#organization"},"potentialAction":[{"@type":"SearchAction","target":{"@type":"EntryPoint","urlTemplate":"https:\/\/www.igr.univ-rennes.fr\/fr\/?s={search_term_string}"},"query-input":{"@type":"PropertyValueSpecification","valueRequired":true,"valueName":"search_term_string"}}],"inLanguage":"fr-FR"},{"@type":"Organization","@id":"https:\/\/www.igr.univ-rennes.fr\/fr\/#organization","name":"IGR IAE Rennes","url":"https:\/\/www.igr.univ-rennes.fr\/fr\/","logo":{"@type":"ImageObject","inLanguage":"fr-FR","@id":"https:\/\/www.igr.univ-rennes.fr\/fr\/#\/schema\/logo\/image\/","url":"https:\/\/www.igr.univ-rennes.fr\/wp-content\/uploads\/2020\/06\/Logo-IGR-IAE-Rennes_Blanc-300dpi-RVB-e1597327228224.png","contentUrl":"https:\/\/www.igr.univ-rennes.fr\/wp-content\/uploads\/2020\/06\/Logo-IGR-IAE-Rennes_Blanc-300dpi-RVB-e1597327228224.png","width":290,"height":107,"caption":"IGR IAE Rennes"},"image":{"@id":"https:\/\/www.igr.univ-rennes.fr\/fr\/#\/schema\/logo\/image\/"}},{"@type":"Person","@id":"https:\/\/www.igr.univ-rennes.fr\/fr\/#\/schema\/person\/5f1ef906f2986c0eaa338b7258c4082b","name":"Marie-Annick Robin","image":{"@type":"ImageObject","inLanguage":"fr-FR","@id":"https:\/\/secure.gravatar.com\/avatar\/f9293e68571e20c548e6d32c7885fdfb06e6f56349fe920439a102a2234f78c3?s=96&d=mm&r=g","url":"https:\/\/secure.gravatar.com\/avatar\/f9293e68571e20c548e6d32c7885fdfb06e6f56349fe920439a102a2234f78c3?s=96&d=mm&r=g","contentUrl":"https:\/\/secure.gravatar.com\/avatar\/f9293e68571e20c548e6d32c7885fdfb06e6f56349fe920439a102a2234f78c3?s=96&d=mm&r=g","caption":"Marie-Annick Robin"}}]}},"_links":{"self":[{"href":"https:\/\/www.igr.univ-rennes.fr\/fr\/wp-json\/wp\/v2\/posts\/377936","targetHints":{"allow":["GET"]}}],"collection":[{"href":"https:\/\/www.igr.univ-rennes.fr\/fr\/wp-json\/wp\/v2\/posts"}],"about":[{"href":"https:\/\/www.igr.univ-rennes.fr\/fr\/wp-json\/wp\/v2\/types\/post"}],"author":[{"embeddable":true,"href":"https:\/\/www.igr.univ-rennes.fr\/fr\/wp-json\/wp\/v2\/users\/11"}],"replies":[{"embeddable":true,"href":"https:\/\/www.igr.univ-rennes.fr\/fr\/wp-json\/wp\/v2\/comments?post=377936"}],"version-history":[{"count":10,"href":"https:\/\/www.igr.univ-rennes.fr\/fr\/wp-json\/wp\/v2\/posts\/377936\/revisions"}],"predecessor-version":[{"id":381679,"href":"https:\/\/www.igr.univ-rennes.fr\/fr\/wp-json\/wp\/v2\/posts\/377936\/revisions\/381679"}],"wp:featuredmedia":[{"embeddable":true,"href":"https:\/\/www.igr.univ-rennes.fr\/fr\/wp-json\/wp\/v2\/media\/377961"}],"wp:attachment":[{"href":"https:\/\/www.igr.univ-rennes.fr\/fr\/wp-json\/wp\/v2\/media?parent=377936"}],"wp:term":[{"taxonomy":"category","embeddable":true,"href":"https:\/\/www.igr.univ-rennes.fr\/fr\/wp-json\/wp\/v2\/categories?post=377936"},{"taxonomy":"post_tag","embeddable":true,"href":"https:\/\/www.igr.univ-rennes.fr\/fr\/wp-json\/wp\/v2\/tags?post=377936"}],"curies":[{"name":"wp","href":"https:\/\/api.w.org\/{rel}","templated":true}]}}