{"id":377895,"date":"2024-03-19T09:07:06","date_gmt":"2024-03-19T08:07:06","guid":{"rendered":"https:\/\/www.igr.univ-rennes.fr\/?p=377895"},"modified":"2024-03-22T12:17:45","modified_gmt":"2024-03-22T11:17:45","slug":"journee-revelassos-2024-2","status":"publish","type":"post","link":"https:\/\/www.igr.univ-rennes.fr\/fr\/journee-revelassos-2024-2\/","title":{"rendered":"Journ\u00e9e Revel&rsquo;assos 2024"},"content":{"rendered":"\t\t<div data-elementor-type=\"wp-post\" data-elementor-id=\"377895\" class=\"elementor elementor-377895\">\n\t\t\t\t\t\t\t\t\t<section class=\"elementor-section elementor-top-section elementor-element elementor-element-c2f692d elementor-section-boxed elementor-section-height-default elementor-section-height-default\" data-id=\"c2f692d\" data-element_type=\"section\">\n\t\t\t\t\t\t<div class=\"elementor-container elementor-column-gap-default\">\n\t\t\t\t\t<div class=\"elementor-column elementor-col-100 elementor-top-column elementor-element elementor-element-729be21\" data-id=\"729be21\" data-element_type=\"column\">\n\t\t\t<div class=\"elementor-widget-wrap elementor-element-populated\">\n\t\t\t\t\t\t\t\t<div class=\"elementor-element elementor-element-0136d65 elementor-widget elementor-widget-text-editor\" data-id=\"0136d65\" data-element_type=\"widget\" data-widget_type=\"text-editor.default\">\n\t\t\t\t<div class=\"elementor-widget-container\">\n\t\t\t\t\t\t\t<p><strong><span style=\"color: #1ecad3;\">Jeudi 21 mars prochain aura lieu le Revel&rsquo;Assos, un \u00e9v\u00e9nement fort de la vie associative de notre \u00e9tablissement.<\/span><\/strong> C&rsquo;est le moment pour nos \u00e9tudiants de pr\u00e9senter leurs projets associatifs devant un jury compos\u00e9 de professionnels et d&rsquo;enseignants. Ce rendez-vous annuel permet d&rsquo;\u00e9valuer tout le travail accompli par nos \u00e9tudiants au cours de leur ann\u00e9e associative.<\/p>\n<p><strong>D\u00e9roulement<\/strong> : Les associations auront 10 minutes pour exposer leurs r\u00e9alisations de l&rsquo;ann\u00e9e pr\u00e9c\u00e9dente, suivies de 15 minutes de questions-r\u00e9ponses avec le jury.<\/p>\n<p><strong>Composition du Jury<\/strong> : Cette ann\u00e9e, notre jury sera compos\u00e9 de professionnels renomm\u00e9s issus de divers secteurs, ainsi que d&rsquo;enseignants d\u00e9vou\u00e9s. Ils sont pr\u00eats \u00e0 \u00e9valuer les performances et le potentiel des associations \u00e9tudiantes. Voici quelques-uns des membres du jury :<\/p>\n<ul>\n<li>Fabien Boivent, DRH Strat\u00e9gique et Mathieu Roignant, Talent Acquisition, <strong>Groupe Roullier<\/strong><\/li>\n<li>Edouard Reis Carona, R\u00e9dacteur en chef, <strong>Ouest-France<\/strong><\/li>\n<li>Quentin Robert, Auditeur Senior, <strong>Mazars<\/strong><\/li>\n<li>Joan Saccona, Directeur commercial, <strong>Meltone<\/strong><\/li>\n<li>Yohan Lebras, Directeur des Ressources Humaines, <strong>MBA Mutuelle<\/strong><\/li>\n<li>Karine Le Rudulier, Julien Lachuer, Jean-Charles P\u00e9drono, H\u00e9l\u00e8ne Chotard, Corps Professoral, <strong>IGR-IAE Rennes<\/strong><\/li>\n<li>&nbsp;<\/li>\n<\/ul>\n<p><strong>Prix IGR Alumni x CMB<\/strong> : Nous aurons \u00e9galement l&rsquo;honneur de remettre un prix sp\u00e9cial, le Prix IGR Alumni x CMB, qui mettra en lumi\u00e8re le travail exceptionnel de 3 associations \u00e9tudiantes. Ce prix sera d\u00e9cern\u00e9 en pr\u00e9sence de Morgane le Pabic, co-Pr\u00e9sidente d&rsquo;IGR Alumni et Responsable chez H\u00e9l\u00e9os, et Aur\u00e9lie Egault, co-pr\u00e9sidente d&rsquo;IGR Alumni et Experte Comptable chez In\u00e9a, ainsi que de l&rsquo;\u00e9quipe de recrutement de la CMB.<\/p>\n<p>\ud83c\udf89 <strong><span style=\"color: #1ecad3;\">Un grand merci \u00e0 toutes les personnes qui participeront \u00e0 cet \u00e9v\u00e9nement incontournable de la vie associative \u00e0 l&rsquo;IGR-IAE Rennes!<\/span> <\/strong>\ud83c\udf89<\/p>\t\t\t\t\t\t<\/div>\n\t\t\t\t<\/div>\n\t\t\t\t\t<\/div>\n\t\t<\/div>\n\t\t\t\t\t\t\t<\/div>\n\t\t<\/section>\n\t\t\t\t\t\t\t<\/div>\n\t\t","protected":false},"excerpt":{"rendered":"<p>Jeudi 21 mars prochain aura lieu le Revel\u2019Assos, un \u00e9v\u00e9nement fort de la vie associative de notre \u00e9tablissement. C\u2019est le moment pour nos \u00e9tudiants de pr\u00e9senter leurs projets associatifs devant un jury compos\u00e9 de professionnels et d\u2019enseignants. Ce rendez-vous annuel permet d\u2019\u00e9valuer tout le travail accompli par nos \u00e9tudiants au cours de leur ann\u00e9e associative.<\/p>\n","protected":false},"author":9,"featured_media":377896,"comment_status":"closed","ping_status":"closed","sticky":false,"template":"","format":"standard","meta":{"footnotes":""},"categories":[63],"tags":[],"yoast_head":"<!-- This site is optimized with the Yoast SEO plugin v21.1 - https:\/\/yoast.com\/wordpress\/plugins\/seo\/ -->\n<title>Journ\u00e9e Revel&rsquo;assos 2024 - IGR IAE Rennes<\/title>\n<meta name=\"robots\" content=\"index, follow, max-snippet:-1, max-image-preview:large, max-video-preview:-1\" \/>\n<link rel=\"canonical\" href=\"https:\/\/www.igr.univ-rennes.fr\/fr\/journee-revelassos-2024-2\/\" \/>\n<meta property=\"og:locale\" content=\"fr_FR\" \/>\n<meta property=\"og:type\" content=\"article\" \/>\n<meta property=\"og:title\" content=\"Journ\u00e9e Revel&rsquo;assos 2024 - IGR IAE Rennes\" \/>\n<meta property=\"og:description\" content=\"Jeudi 21 mars prochain aura lieu le Revel\u2019Assos, un \u00e9v\u00e9nement fort de la vie associative de notre \u00e9tablissement. C\u2019est le moment pour nos \u00e9tudiants de pr\u00e9senter leurs projets associatifs devant un jury compos\u00e9 de professionnels et d\u2019enseignants. Ce rendez-vous annuel permet d\u2019\u00e9valuer tout le travail accompli par nos \u00e9tudiants au cours de leur ann\u00e9e associative.\" \/>\n<meta property=\"og:url\" content=\"https:\/\/www.igr.univ-rennes.fr\/fr\/journee-revelassos-2024-2\/\" \/>\n<meta property=\"og:site_name\" content=\"IGR IAE Rennes\" \/>\n<meta property=\"article:published_time\" content=\"2024-03-19T08:07:06+00:00\" \/>\n<meta property=\"article:modified_time\" content=\"2024-03-22T11:17:45+00:00\" \/>\n<meta property=\"og:image\" content=\"https:\/\/www.igr.univ-rennes.fr\/wp-content\/uploads\/2024\/02\/VFIGRIAEV10.jpg\" \/>\n\t<meta property=\"og:image:width\" content=\"1920\" \/>\n\t<meta property=\"og:image:height\" content=\"1080\" \/>\n\t<meta property=\"og:image:type\" content=\"image\/jpeg\" \/>\n<meta name=\"author\" content=\"Emma Lebaut\" \/>\n<meta name=\"twitter:card\" content=\"summary_large_image\" \/>\n<meta name=\"twitter:label1\" content=\"\u00c9crit par\" \/>\n\t<meta name=\"twitter:data1\" content=\"Emma Lebaut\" \/>\n\t<meta name=\"twitter:label2\" content=\"Dur\u00e9e de lecture estim\u00e9e\" \/>\n\t<meta name=\"twitter:data2\" content=\"2 minutes\" \/>\n<script type=\"application\/ld+json\" class=\"yoast-schema-graph\">{\"@context\":\"https:\/\/schema.org\",\"@graph\":[{\"@type\":\"Article\",\"@id\":\"https:\/\/www.igr.univ-rennes.fr\/fr\/journee-revelassos-2024-2\/#article\",\"isPartOf\":{\"@id\":\"https:\/\/www.igr.univ-rennes.fr\/fr\/journee-revelassos-2024-2\/\"},\"author\":{\"name\":\"Emma Lebaut\",\"@id\":\"https:\/\/www.igr.univ-rennes.fr\/fr\/#\/schema\/person\/ccc43b9cca93cd7a471bce264778297c\"},\"headline\":\"Journ\u00e9e Revel&rsquo;assos 2024\",\"datePublished\":\"2024-03-19T08:07:06+00:00\",\"dateModified\":\"2024-03-22T11:17:45+00:00\",\"mainEntityOfPage\":{\"@id\":\"https:\/\/www.igr.univ-rennes.fr\/fr\/journee-revelassos-2024-2\/\"},\"wordCount\":282,\"publisher\":{\"@id\":\"https:\/\/www.igr.univ-rennes.fr\/fr\/#organization\"},\"articleSection\":[\"Vie associative\"],\"inLanguage\":\"fr-FR\"},{\"@type\":\"WebPage\",\"@id\":\"https:\/\/www.igr.univ-rennes.fr\/fr\/journee-revelassos-2024-2\/\",\"url\":\"https:\/\/www.igr.univ-rennes.fr\/fr\/journee-revelassos-2024-2\/\",\"name\":\"Journ\u00e9e Revel&rsquo;assos 2024 - IGR IAE Rennes\",\"isPartOf\":{\"@id\":\"https:\/\/www.igr.univ-rennes.fr\/fr\/#website\"},\"datePublished\":\"2024-03-19T08:07:06+00:00\",\"dateModified\":\"2024-03-22T11:17:45+00:00\",\"breadcrumb\":{\"@id\":\"https:\/\/www.igr.univ-rennes.fr\/fr\/journee-revelassos-2024-2\/#breadcrumb\"},\"inLanguage\":\"fr-FR\",\"potentialAction\":[{\"@type\":\"ReadAction\",\"target\":[\"https:\/\/www.igr.univ-rennes.fr\/fr\/journee-revelassos-2024-2\/\"]}]},{\"@type\":\"BreadcrumbList\",\"@id\":\"https:\/\/www.igr.univ-rennes.fr\/fr\/journee-revelassos-2024-2\/#breadcrumb\",\"itemListElement\":[{\"@type\":\"ListItem\",\"position\":1,\"name\":\"Accueil\",\"item\":\"https:\/\/www.igr.univ-rennes.fr\/fr\/\"},{\"@type\":\"ListItem\",\"position\":2,\"name\":\"Journ\u00e9e Revel&rsquo;assos 2024\"}]},{\"@type\":\"WebSite\",\"@id\":\"https:\/\/www.igr.univ-rennes.fr\/fr\/#website\",\"url\":\"https:\/\/www.igr.univ-rennes.fr\/fr\/\",\"name\":\"IGR IAE Rennes\",\"description\":\"\",\"publisher\":{\"@id\":\"https:\/\/www.igr.univ-rennes.fr\/fr\/#organization\"},\"potentialAction\":[{\"@type\":\"SearchAction\",\"target\":{\"@type\":\"EntryPoint\",\"urlTemplate\":\"https:\/\/www.igr.univ-rennes.fr\/fr\/?s={search_term_string}\"},\"query-input\":\"required name=search_term_string\"}],\"inLanguage\":\"fr-FR\"},{\"@type\":\"Organization\",\"@id\":\"https:\/\/www.igr.univ-rennes.fr\/fr\/#organization\",\"name\":\"IGR IAE Rennes\",\"url\":\"https:\/\/www.igr.univ-rennes.fr\/fr\/\",\"logo\":{\"@type\":\"ImageObject\",\"inLanguage\":\"fr-FR\",\"@id\":\"https:\/\/www.igr.univ-rennes.fr\/fr\/#\/schema\/logo\/image\/\",\"url\":\"https:\/\/www.igr.univ-rennes.fr\/wp-content\/uploads\/2020\/06\/Logo-IGR-IAE-Rennes_Blanc-300dpi-RVB-e1597327228224.png\",\"contentUrl\":\"https:\/\/www.igr.univ-rennes.fr\/wp-content\/uploads\/2020\/06\/Logo-IGR-IAE-Rennes_Blanc-300dpi-RVB-e1597327228224.png\",\"width\":290,\"height\":107,\"caption\":\"IGR IAE Rennes\"},\"image\":{\"@id\":\"https:\/\/www.igr.univ-rennes.fr\/fr\/#\/schema\/logo\/image\/\"}},{\"@type\":\"Person\",\"@id\":\"https:\/\/www.igr.univ-rennes.fr\/fr\/#\/schema\/person\/ccc43b9cca93cd7a471bce264778297c\",\"name\":\"Emma Lebaut\",\"image\":{\"@type\":\"ImageObject\",\"inLanguage\":\"fr-FR\",\"@id\":\"https:\/\/www.igr.univ-rennes.fr\/fr\/#\/schema\/person\/image\/\",\"url\":\"https:\/\/secure.gravatar.com\/avatar\/5595dd0d6a0a6d72d586285ccf5929f4?s=96&d=mm&r=g\",\"contentUrl\":\"https:\/\/secure.gravatar.com\/avatar\/5595dd0d6a0a6d72d586285ccf5929f4?s=96&d=mm&r=g\",\"caption\":\"Emma Lebaut\"}}]}<\/script>\n<!-- \/ Yoast SEO plugin. -->","yoast_head_json":{"title":"Journ\u00e9e Revel&rsquo;assos 2024 - IGR IAE Rennes","robots":{"index":"index","follow":"follow","max-snippet":"max-snippet:-1","max-image-preview":"max-image-preview:large","max-video-preview":"max-video-preview:-1"},"canonical":"https:\/\/www.igr.univ-rennes.fr\/fr\/journee-revelassos-2024-2\/","og_locale":"fr_FR","og_type":"article","og_title":"Journ\u00e9e Revel&rsquo;assos 2024 - IGR IAE Rennes","og_description":"Jeudi 21 mars prochain aura lieu le Revel\u2019Assos, un \u00e9v\u00e9nement fort de la vie associative de notre \u00e9tablissement. C\u2019est le moment pour nos \u00e9tudiants de pr\u00e9senter leurs projets associatifs devant un jury compos\u00e9 de professionnels et d\u2019enseignants. Ce rendez-vous annuel permet d\u2019\u00e9valuer tout le travail accompli par nos \u00e9tudiants au cours de leur ann\u00e9e associative.","og_url":"https:\/\/www.igr.univ-rennes.fr\/fr\/journee-revelassos-2024-2\/","og_site_name":"IGR IAE Rennes","article_published_time":"2024-03-19T08:07:06+00:00","article_modified_time":"2024-03-22T11:17:45+00:00","og_image":[{"width":1920,"height":1080,"url":"https:\/\/www.igr.univ-rennes.fr\/wp-content\/uploads\/2024\/02\/VFIGRIAEV10.jpg","type":"image\/jpeg"}],"author":"Emma Lebaut","twitter_card":"summary_large_image","twitter_misc":{"\u00c9crit par":"Emma Lebaut","Dur\u00e9e de lecture estim\u00e9e":"2 minutes"},"schema":{"@context":"https:\/\/schema.org","@graph":[{"@type":"Article","@id":"https:\/\/www.igr.univ-rennes.fr\/fr\/journee-revelassos-2024-2\/#article","isPartOf":{"@id":"https:\/\/www.igr.univ-rennes.fr\/fr\/journee-revelassos-2024-2\/"},"author":{"name":"Emma Lebaut","@id":"https:\/\/www.igr.univ-rennes.fr\/fr\/#\/schema\/person\/ccc43b9cca93cd7a471bce264778297c"},"headline":"Journ\u00e9e Revel&rsquo;assos 2024","datePublished":"2024-03-19T08:07:06+00:00","dateModified":"2024-03-22T11:17:45+00:00","mainEntityOfPage":{"@id":"https:\/\/www.igr.univ-rennes.fr\/fr\/journee-revelassos-2024-2\/"},"wordCount":282,"publisher":{"@id":"https:\/\/www.igr.univ-rennes.fr\/fr\/#organization"},"articleSection":["Vie associative"],"inLanguage":"fr-FR"},{"@type":"WebPage","@id":"https:\/\/www.igr.univ-rennes.fr\/fr\/journee-revelassos-2024-2\/","url":"https:\/\/www.igr.univ-rennes.fr\/fr\/journee-revelassos-2024-2\/","name":"Journ\u00e9e Revel&rsquo;assos 2024 - IGR IAE Rennes","isPartOf":{"@id":"https:\/\/www.igr.univ-rennes.fr\/fr\/#website"},"datePublished":"2024-03-19T08:07:06+00:00","dateModified":"2024-03-22T11:17:45+00:00","breadcrumb":{"@id":"https:\/\/www.igr.univ-rennes.fr\/fr\/journee-revelassos-2024-2\/#breadcrumb"},"inLanguage":"fr-FR","potentialAction":[{"@type":"ReadAction","target":["https:\/\/www.igr.univ-rennes.fr\/fr\/journee-revelassos-2024-2\/"]}]},{"@type":"BreadcrumbList","@id":"https:\/\/www.igr.univ-rennes.fr\/fr\/journee-revelassos-2024-2\/#breadcrumb","itemListElement":[{"@type":"ListItem","position":1,"name":"Accueil","item":"https:\/\/www.igr.univ-rennes.fr\/fr\/"},{"@type":"ListItem","position":2,"name":"Journ\u00e9e Revel&rsquo;assos 2024"}]},{"@type":"WebSite","@id":"https:\/\/www.igr.univ-rennes.fr\/fr\/#website","url":"https:\/\/www.igr.univ-rennes.fr\/fr\/","name":"IGR IAE Rennes","description":"","publisher":{"@id":"https:\/\/www.igr.univ-rennes.fr\/fr\/#organization"},"potentialAction":[{"@type":"SearchAction","target":{"@type":"EntryPoint","urlTemplate":"https:\/\/www.igr.univ-rennes.fr\/fr\/?s={search_term_string}"},"query-input":"required name=search_term_string"}],"inLanguage":"fr-FR"},{"@type":"Organization","@id":"https:\/\/www.igr.univ-rennes.fr\/fr\/#organization","name":"IGR IAE Rennes","url":"https:\/\/www.igr.univ-rennes.fr\/fr\/","logo":{"@type":"ImageObject","inLanguage":"fr-FR","@id":"https:\/\/www.igr.univ-rennes.fr\/fr\/#\/schema\/logo\/image\/","url":"https:\/\/www.igr.univ-rennes.fr\/wp-content\/uploads\/2020\/06\/Logo-IGR-IAE-Rennes_Blanc-300dpi-RVB-e1597327228224.png","contentUrl":"https:\/\/www.igr.univ-rennes.fr\/wp-content\/uploads\/2020\/06\/Logo-IGR-IAE-Rennes_Blanc-300dpi-RVB-e1597327228224.png","width":290,"height":107,"caption":"IGR IAE Rennes"},"image":{"@id":"https:\/\/www.igr.univ-rennes.fr\/fr\/#\/schema\/logo\/image\/"}},{"@type":"Person","@id":"https:\/\/www.igr.univ-rennes.fr\/fr\/#\/schema\/person\/ccc43b9cca93cd7a471bce264778297c","name":"Emma Lebaut","image":{"@type":"ImageObject","inLanguage":"fr-FR","@id":"https:\/\/www.igr.univ-rennes.fr\/fr\/#\/schema\/person\/image\/","url":"https:\/\/secure.gravatar.com\/avatar\/5595dd0d6a0a6d72d586285ccf5929f4?s=96&d=mm&r=g","contentUrl":"https:\/\/secure.gravatar.com\/avatar\/5595dd0d6a0a6d72d586285ccf5929f4?s=96&d=mm&r=g","caption":"Emma Lebaut"}}]}},"_links":{"self":[{"href":"https:\/\/www.igr.univ-rennes.fr\/fr\/wp-json\/wp\/v2\/posts\/377895"}],"collection":[{"href":"https:\/\/www.igr.univ-rennes.fr\/fr\/wp-json\/wp\/v2\/posts"}],"about":[{"href":"https:\/\/www.igr.univ-rennes.fr\/fr\/wp-json\/wp\/v2\/types\/post"}],"author":[{"embeddable":true,"href":"https:\/\/www.igr.univ-rennes.fr\/fr\/wp-json\/wp\/v2\/users\/9"}],"replies":[{"embeddable":true,"href":"https:\/\/www.igr.univ-rennes.fr\/fr\/wp-json\/wp\/v2\/comments?post=377895"}],"version-history":[{"count":11,"href":"https:\/\/www.igr.univ-rennes.fr\/fr\/wp-json\/wp\/v2\/posts\/377895\/revisions"}],"predecessor-version":[{"id":382217,"href":"https:\/\/www.igr.univ-rennes.fr\/fr\/wp-json\/wp\/v2\/posts\/377895\/revisions\/382217"}],"wp:featuredmedia":[{"embeddable":true,"href":"https:\/\/www.igr.univ-rennes.fr\/fr\/wp-json\/wp\/v2\/media\/377896"}],"wp:attachment":[{"href":"https:\/\/www.igr.univ-rennes.fr\/fr\/wp-json\/wp\/v2\/media?parent=377895"}],"wp:term":[{"taxonomy":"category","embeddable":true,"href":"https:\/\/www.igr.univ-rennes.fr\/fr\/wp-json\/wp\/v2\/categories?post=377895"},{"taxonomy":"post_tag","embeddable":true,"href":"https:\/\/www.igr.univ-rennes.fr\/fr\/wp-json\/wp\/v2\/tags?post=377895"}],"curies":[{"name":"wp","href":"https:\/\/api.w.org\/{rel}","templated":true}]}}