{"id":371239,"date":"2024-03-13T15:08:10","date_gmt":"2024-03-13T14:08:10","guid":{"rendered":"https:\/\/www.igr.univ-rennes.fr\/?p=371239"},"modified":"2025-01-23T15:35:47","modified_gmt":"2025-01-23T14:35:47","slug":"conference-en-ligne-master-marketing-en-alternance-le-14-mars","status":"publish","type":"post","link":"https:\/\/www.igr.univ-rennes.fr\/fr\/conference-en-ligne-master-marketing-en-alternance-le-14-mars\/","title":{"rendered":"Conf\u00e9rence en ligne Master Marketing en alternance le 14 mars"},"content":{"rendered":"\t\t<div data-elementor-type=\"wp-post\" data-elementor-id=\"371239\" class=\"elementor elementor-371239\" data-elementor-post-type=\"post\">\n\t\t\t\t\t\t<section class=\"elementor-section elementor-top-section elementor-element elementor-element-f9dad39 elementor-section-boxed elementor-section-height-default elementor-section-height-default\" data-id=\"f9dad39\" data-element_type=\"section\" data-e-type=\"section\">\n\t\t\t\t\t\t<div class=\"elementor-container elementor-column-gap-default\">\n\t\t\t\t\t<div class=\"elementor-column elementor-col-100 elementor-top-column elementor-element elementor-element-0948e5a\" data-id=\"0948e5a\" data-element_type=\"column\" data-e-type=\"column\">\n\t\t\t<div class=\"elementor-widget-wrap elementor-element-populated\">\n\t\t\t\t\t\t<div class=\"elementor-element elementor-element-808534b elementor-widget elementor-widget-text-editor\" data-id=\"808534b\" data-element_type=\"widget\" data-e-type=\"widget\" data-widget_type=\"text-editor.default\">\n\t\t\t\t<div class=\"elementor-widget-container\">\n\t\t\t\t\t\t\t\t\t<p><strong>Jeudi 14 mars \u00e0 12h30<\/strong>, les responsables p\u00e9dagogiques du <strong>Master Marketing Parcours Marketing Strat\u00e9gique et Op\u00e9rationnel en alternance, Dany Vyt et Olivier Droulers,<\/strong> vous proposent une r\u00e9union sur cette formation.<\/p><p>Cette r\u00e9union est ouverte \u00e0 tous ceux qui sont int\u00e9ress\u00e9s par cette formation.<\/p><p>Voici le lien pour se connecter le jour J \u00e0 l\u2019horaire indiqu\u00e9 :<\/p>\t\t\t\t\t\t\t\t<\/div>\n\t\t\t\t<\/div>\n\t\t\t\t\t<\/div>\n\t\t<\/div>\n\t\t\t\t\t<\/div>\n\t\t<\/section>\n\t\t\t\t<section class=\"elementor-section elementor-top-section elementor-element elementor-element-bbed21d elementor-section-boxed elementor-section-height-default elementor-section-height-default\" data-id=\"bbed21d\" data-element_type=\"section\" data-e-type=\"section\">\n\t\t\t\t\t\t<div class=\"elementor-container elementor-column-gap-default\">\n\t\t\t\t\t<div class=\"elementor-column elementor-col-100 elementor-top-column elementor-element elementor-element-f675754\" data-id=\"f675754\" data-element_type=\"column\" data-e-type=\"column\">\n\t\t\t<div class=\"elementor-widget-wrap elementor-element-populated\">\n\t\t\t\t\t\t<div class=\"elementor-element elementor-element-5a844ec elementor-align-center elementor-widget elementor-widget-button\" data-id=\"5a844ec\" data-element_type=\"widget\" data-e-type=\"widget\" data-widget_type=\"button.default\">\n\t\t\t\t<div class=\"elementor-widget-container\">\n\t\t\t\t\t\t\t\t\t<div class=\"elementor-button-wrapper\">\n\t\t\t\t\t<a class=\"elementor-button elementor-button-link elementor-size-sm\" href=\"https:\/\/univ-rennes1-fr.zoom.us\/j\/6256566486\" target=\"_blank\">\n\t\t\t\t\t\t<span class=\"elementor-button-content-wrapper\">\n\t\t\t\t\t\t\t\t\t<span class=\"elementor-button-text\">Lien r\u00e9union Zoom<\/span>\n\t\t\t\t\t<\/span>\n\t\t\t\t\t<\/a>\n\t\t\t\t<\/div>\n\t\t\t\t\t\t\t\t<\/div>\n\t\t\t\t<\/div>\n\t\t\t\t\t<\/div>\n\t\t<\/div>\n\t\t\t\t\t<\/div>\n\t\t<\/section>\n\t\t\t\t<section class=\"elementor-section elementor-top-section elementor-element elementor-element-11912aa elementor-section-boxed elementor-section-height-default elementor-section-height-default\" data-id=\"11912aa\" data-element_type=\"section\" data-e-type=\"section\">\n\t\t\t\t\t\t<div class=\"elementor-container elementor-column-gap-default\">\n\t\t\t\t\t<div class=\"elementor-column elementor-col-100 elementor-top-column elementor-element elementor-element-ca9a4c7\" data-id=\"ca9a4c7\" data-element_type=\"column\" data-e-type=\"column\">\n\t\t\t<div class=\"elementor-widget-wrap elementor-element-populated\">\n\t\t\t\t\t\t<div class=\"elementor-element elementor-element-c47863e elementor-widget elementor-widget-text-editor\" data-id=\"c47863e\" data-element_type=\"widget\" data-e-type=\"widget\" data-widget_type=\"text-editor.default\">\n\t\t\t\t<div class=\"elementor-widget-container\">\n\t\t\t\t\t\t\t\t\t<p>Jeudi 14 mars \u00e0 12h30<br \/>ID de r\u00e9union: 625 656 6486<br \/>Code secret: 424811<\/p>\t\t\t\t\t\t\t\t<\/div>\n\t\t\t\t<\/div>\n\t\t\t\t\t<\/div>\n\t\t<\/div>\n\t\t\t\t\t<\/div>\n\t\t<\/section>\n\t\t\t\t<\/div>\n\t\t","protected":false},"excerpt":{"rendered":"<p>Jeudi 14 mars prochain \u00e0 12h30, les responsables p\u00e9dagogiques du Master 2 Marketing Parcours Marketing Strat\u00e9gique et Op\u00e9rationnel en alternance, Dany Vyt et Olivier Droulers, vous proposent une r\u00e9union sur cette formation<\/p>\n","protected":false},"author":11,"featured_media":371240,"comment_status":"closed","ping_status":"closed","sticky":false,"template":"","format":"standard","meta":{"_acf_changed":false,"footnotes":""},"categories":[64],"tags":[],"class_list":["post-371239","post","type-post","status-publish","format-standard","has-post-thumbnail","hentry","category-formation"],"acf":[],"yoast_head":"<!-- This site is optimized with the Yoast SEO plugin v27.5 - https:\/\/yoast.com\/product\/yoast-seo-wordpress\/ -->\n<title>Conf\u00e9rence en ligne Master Marketing en alternance le 14 mars - IGR IAE Rennes<\/title>\n<meta name=\"robots\" content=\"index, follow, max-snippet:-1, max-image-preview:large, max-video-preview:-1\" \/>\n<link rel=\"canonical\" href=\"https:\/\/www.igr.univ-rennes.fr\/fr\/conference-en-ligne-master-marketing-en-alternance-le-14-mars\/\" \/>\n<meta property=\"og:locale\" content=\"fr_FR\" \/>\n<meta property=\"og:type\" content=\"article\" \/>\n<meta property=\"og:title\" content=\"Conf\u00e9rence en ligne Master Marketing en alternance le 14 mars - IGR IAE Rennes\" \/>\n<meta property=\"og:description\" content=\"Jeudi 14 mars prochain \u00e0 12h30, les responsables p\u00e9dagogiques du Master 2 Marketing Parcours Marketing Strat\u00e9gique et Op\u00e9rationnel en alternance, Dany Vyt et Olivier Droulers, vous proposent une r\u00e9union sur cette formation\" \/>\n<meta property=\"og:url\" content=\"https:\/\/www.igr.univ-rennes.fr\/fr\/conference-en-ligne-master-marketing-en-alternance-le-14-mars\/\" \/>\n<meta property=\"og:site_name\" content=\"IGR IAE Rennes\" \/>\n<meta property=\"article:published_time\" content=\"2024-03-13T14:08:10+00:00\" \/>\n<meta property=\"article:modified_time\" content=\"2025-01-23T14:35:47+00:00\" \/>\n<meta property=\"og:image\" content=\"https:\/\/www.igr.univ-rennes.fr\/wp-content\/uploads\/2024\/02\/MKG-FA-14mars2024-1024x538.jpg\" \/>\n\t<meta property=\"og:image:width\" content=\"1024\" \/>\n\t<meta property=\"og:image:height\" content=\"538\" \/>\n\t<meta property=\"og:image:type\" content=\"image\/jpeg\" \/>\n<meta name=\"author\" content=\"Marie-Annick Robin\" \/>\n<meta name=\"twitter:card\" content=\"summary_large_image\" \/>\n<meta name=\"twitter:label1\" content=\"\u00c9crit par\" \/>\n\t<meta name=\"twitter:data1\" content=\"Marie-Annick Robin\" \/>\n\t<meta name=\"twitter:label2\" content=\"Dur\u00e9e de lecture estim\u00e9e\" \/>\n\t<meta name=\"twitter:data2\" content=\"1 minute\" \/>\n<script type=\"application\/ld+json\" class=\"yoast-schema-graph\">{\"@context\":\"https:\\\/\\\/schema.org\",\"@graph\":[{\"@type\":\"Article\",\"@id\":\"https:\\\/\\\/www.igr.univ-rennes.fr\\\/fr\\\/conference-en-ligne-master-marketing-en-alternance-le-14-mars\\\/#article\",\"isPartOf\":{\"@id\":\"https:\\\/\\\/www.igr.univ-rennes.fr\\\/fr\\\/conference-en-ligne-master-marketing-en-alternance-le-14-mars\\\/\"},\"author\":{\"name\":\"Marie-Annick Robin\",\"@id\":\"https:\\\/\\\/www.igr.univ-rennes.fr\\\/fr\\\/#\\\/schema\\\/person\\\/5f1ef906f2986c0eaa338b7258c4082b\"},\"headline\":\"Conf\u00e9rence en ligne Master Marketing en alternance le 14 mars\",\"datePublished\":\"2024-03-13T14:08:10+00:00\",\"dateModified\":\"2025-01-23T14:35:47+00:00\",\"mainEntityOfPage\":{\"@id\":\"https:\\\/\\\/www.igr.univ-rennes.fr\\\/fr\\\/conference-en-ligne-master-marketing-en-alternance-le-14-mars\\\/\"},\"wordCount\":82,\"publisher\":{\"@id\":\"https:\\\/\\\/www.igr.univ-rennes.fr\\\/fr\\\/#organization\"},\"image\":{\"@id\":\"https:\\\/\\\/www.igr.univ-rennes.fr\\\/fr\\\/conference-en-ligne-master-marketing-en-alternance-le-14-mars\\\/#primaryimage\"},\"thumbnailUrl\":\"https:\\\/\\\/www.igr.univ-rennes.fr\\\/wp-content\\\/uploads\\\/2024\\\/02\\\/MKG-FA-14mars2024.jpg\",\"articleSection\":[\"Formation\"],\"inLanguage\":\"fr-FR\"},{\"@type\":\"WebPage\",\"@id\":\"https:\\\/\\\/www.igr.univ-rennes.fr\\\/fr\\\/conference-en-ligne-master-marketing-en-alternance-le-14-mars\\\/\",\"url\":\"https:\\\/\\\/www.igr.univ-rennes.fr\\\/fr\\\/conference-en-ligne-master-marketing-en-alternance-le-14-mars\\\/\",\"name\":\"Conf\u00e9rence en ligne Master Marketing en alternance le 14 mars - IGR IAE Rennes\",\"isPartOf\":{\"@id\":\"https:\\\/\\\/www.igr.univ-rennes.fr\\\/fr\\\/#website\"},\"primaryImageOfPage\":{\"@id\":\"https:\\\/\\\/www.igr.univ-rennes.fr\\\/fr\\\/conference-en-ligne-master-marketing-en-alternance-le-14-mars\\\/#primaryimage\"},\"image\":{\"@id\":\"https:\\\/\\\/www.igr.univ-rennes.fr\\\/fr\\\/conference-en-ligne-master-marketing-en-alternance-le-14-mars\\\/#primaryimage\"},\"thumbnailUrl\":\"https:\\\/\\\/www.igr.univ-rennes.fr\\\/wp-content\\\/uploads\\\/2024\\\/02\\\/MKG-FA-14mars2024.jpg\",\"datePublished\":\"2024-03-13T14:08:10+00:00\",\"dateModified\":\"2025-01-23T14:35:47+00:00\",\"breadcrumb\":{\"@id\":\"https:\\\/\\\/www.igr.univ-rennes.fr\\\/fr\\\/conference-en-ligne-master-marketing-en-alternance-le-14-mars\\\/#breadcrumb\"},\"inLanguage\":\"fr-FR\",\"potentialAction\":[{\"@type\":\"ReadAction\",\"target\":[\"https:\\\/\\\/www.igr.univ-rennes.fr\\\/fr\\\/conference-en-ligne-master-marketing-en-alternance-le-14-mars\\\/\"]}]},{\"@type\":\"ImageObject\",\"inLanguage\":\"fr-FR\",\"@id\":\"https:\\\/\\\/www.igr.univ-rennes.fr\\\/fr\\\/conference-en-ligne-master-marketing-en-alternance-le-14-mars\\\/#primaryimage\",\"url\":\"https:\\\/\\\/www.igr.univ-rennes.fr\\\/wp-content\\\/uploads\\\/2024\\\/02\\\/MKG-FA-14mars2024.jpg\",\"contentUrl\":\"https:\\\/\\\/www.igr.univ-rennes.fr\\\/wp-content\\\/uploads\\\/2024\\\/02\\\/MKG-FA-14mars2024.jpg\",\"width\":2400,\"height\":1260,\"caption\":\"MKG-FA-14mars2024\"},{\"@type\":\"BreadcrumbList\",\"@id\":\"https:\\\/\\\/www.igr.univ-rennes.fr\\\/fr\\\/conference-en-ligne-master-marketing-en-alternance-le-14-mars\\\/#breadcrumb\",\"itemListElement\":[{\"@type\":\"ListItem\",\"position\":1,\"name\":\"Accueil\",\"item\":\"https:\\\/\\\/www.igr.univ-rennes.fr\\\/fr\\\/\"},{\"@type\":\"ListItem\",\"position\":2,\"name\":\"Conf\u00e9rence en ligne Master Marketing en alternance le 14 mars\"}]},{\"@type\":\"WebSite\",\"@id\":\"https:\\\/\\\/www.igr.univ-rennes.fr\\\/fr\\\/#website\",\"url\":\"https:\\\/\\\/www.igr.univ-rennes.fr\\\/fr\\\/\",\"name\":\"IGR IAE Rennes\",\"description\":\"\",\"publisher\":{\"@id\":\"https:\\\/\\\/www.igr.univ-rennes.fr\\\/fr\\\/#organization\"},\"potentialAction\":[{\"@type\":\"SearchAction\",\"target\":{\"@type\":\"EntryPoint\",\"urlTemplate\":\"https:\\\/\\\/www.igr.univ-rennes.fr\\\/fr\\\/?s={search_term_string}\"},\"query-input\":{\"@type\":\"PropertyValueSpecification\",\"valueRequired\":true,\"valueName\":\"search_term_string\"}}],\"inLanguage\":\"fr-FR\"},{\"@type\":\"Organization\",\"@id\":\"https:\\\/\\\/www.igr.univ-rennes.fr\\\/fr\\\/#organization\",\"name\":\"IGR IAE Rennes\",\"url\":\"https:\\\/\\\/www.igr.univ-rennes.fr\\\/fr\\\/\",\"logo\":{\"@type\":\"ImageObject\",\"inLanguage\":\"fr-FR\",\"@id\":\"https:\\\/\\\/www.igr.univ-rennes.fr\\\/fr\\\/#\\\/schema\\\/logo\\\/image\\\/\",\"url\":\"https:\\\/\\\/www.igr.univ-rennes.fr\\\/wp-content\\\/uploads\\\/2020\\\/06\\\/Logo-IGR-IAE-Rennes_Blanc-300dpi-RVB-e1597327228224.png\",\"contentUrl\":\"https:\\\/\\\/www.igr.univ-rennes.fr\\\/wp-content\\\/uploads\\\/2020\\\/06\\\/Logo-IGR-IAE-Rennes_Blanc-300dpi-RVB-e1597327228224.png\",\"width\":290,\"height\":107,\"caption\":\"IGR IAE Rennes\"},\"image\":{\"@id\":\"https:\\\/\\\/www.igr.univ-rennes.fr\\\/fr\\\/#\\\/schema\\\/logo\\\/image\\\/\"}},{\"@type\":\"Person\",\"@id\":\"https:\\\/\\\/www.igr.univ-rennes.fr\\\/fr\\\/#\\\/schema\\\/person\\\/5f1ef906f2986c0eaa338b7258c4082b\",\"name\":\"Marie-Annick Robin\",\"image\":{\"@type\":\"ImageObject\",\"inLanguage\":\"fr-FR\",\"@id\":\"https:\\\/\\\/secure.gravatar.com\\\/avatar\\\/f9293e68571e20c548e6d32c7885fdfb06e6f56349fe920439a102a2234f78c3?s=96&d=mm&r=g\",\"url\":\"https:\\\/\\\/secure.gravatar.com\\\/avatar\\\/f9293e68571e20c548e6d32c7885fdfb06e6f56349fe920439a102a2234f78c3?s=96&d=mm&r=g\",\"contentUrl\":\"https:\\\/\\\/secure.gravatar.com\\\/avatar\\\/f9293e68571e20c548e6d32c7885fdfb06e6f56349fe920439a102a2234f78c3?s=96&d=mm&r=g\",\"caption\":\"Marie-Annick Robin\"}}]}<\/script>\n<!-- \/ Yoast SEO plugin. -->","yoast_head_json":{"title":"Conf\u00e9rence en ligne Master Marketing en alternance le 14 mars - IGR IAE Rennes","robots":{"index":"index","follow":"follow","max-snippet":"max-snippet:-1","max-image-preview":"max-image-preview:large","max-video-preview":"max-video-preview:-1"},"canonical":"https:\/\/www.igr.univ-rennes.fr\/fr\/conference-en-ligne-master-marketing-en-alternance-le-14-mars\/","og_locale":"fr_FR","og_type":"article","og_title":"Conf\u00e9rence en ligne Master Marketing en alternance le 14 mars - IGR IAE Rennes","og_description":"Jeudi 14 mars prochain \u00e0 12h30, les responsables p\u00e9dagogiques du Master 2 Marketing Parcours Marketing Strat\u00e9gique et Op\u00e9rationnel en alternance, Dany Vyt et Olivier Droulers, vous proposent une r\u00e9union sur cette formation","og_url":"https:\/\/www.igr.univ-rennes.fr\/fr\/conference-en-ligne-master-marketing-en-alternance-le-14-mars\/","og_site_name":"IGR IAE Rennes","article_published_time":"2024-03-13T14:08:10+00:00","article_modified_time":"2025-01-23T14:35:47+00:00","og_image":[{"width":1024,"height":538,"url":"https:\/\/www.igr.univ-rennes.fr\/wp-content\/uploads\/2024\/02\/MKG-FA-14mars2024-1024x538.jpg","type":"image\/jpeg"}],"author":"Marie-Annick Robin","twitter_card":"summary_large_image","twitter_misc":{"\u00c9crit par":"Marie-Annick Robin","Dur\u00e9e de lecture estim\u00e9e":"1 minute"},"schema":{"@context":"https:\/\/schema.org","@graph":[{"@type":"Article","@id":"https:\/\/www.igr.univ-rennes.fr\/fr\/conference-en-ligne-master-marketing-en-alternance-le-14-mars\/#article","isPartOf":{"@id":"https:\/\/www.igr.univ-rennes.fr\/fr\/conference-en-ligne-master-marketing-en-alternance-le-14-mars\/"},"author":{"name":"Marie-Annick Robin","@id":"https:\/\/www.igr.univ-rennes.fr\/fr\/#\/schema\/person\/5f1ef906f2986c0eaa338b7258c4082b"},"headline":"Conf\u00e9rence en ligne Master Marketing en alternance le 14 mars","datePublished":"2024-03-13T14:08:10+00:00","dateModified":"2025-01-23T14:35:47+00:00","mainEntityOfPage":{"@id":"https:\/\/www.igr.univ-rennes.fr\/fr\/conference-en-ligne-master-marketing-en-alternance-le-14-mars\/"},"wordCount":82,"publisher":{"@id":"https:\/\/www.igr.univ-rennes.fr\/fr\/#organization"},"image":{"@id":"https:\/\/www.igr.univ-rennes.fr\/fr\/conference-en-ligne-master-marketing-en-alternance-le-14-mars\/#primaryimage"},"thumbnailUrl":"https:\/\/www.igr.univ-rennes.fr\/wp-content\/uploads\/2024\/02\/MKG-FA-14mars2024.jpg","articleSection":["Formation"],"inLanguage":"fr-FR"},{"@type":"WebPage","@id":"https:\/\/www.igr.univ-rennes.fr\/fr\/conference-en-ligne-master-marketing-en-alternance-le-14-mars\/","url":"https:\/\/www.igr.univ-rennes.fr\/fr\/conference-en-ligne-master-marketing-en-alternance-le-14-mars\/","name":"Conf\u00e9rence en ligne Master Marketing en alternance le 14 mars - IGR IAE Rennes","isPartOf":{"@id":"https:\/\/www.igr.univ-rennes.fr\/fr\/#website"},"primaryImageOfPage":{"@id":"https:\/\/www.igr.univ-rennes.fr\/fr\/conference-en-ligne-master-marketing-en-alternance-le-14-mars\/#primaryimage"},"image":{"@id":"https:\/\/www.igr.univ-rennes.fr\/fr\/conference-en-ligne-master-marketing-en-alternance-le-14-mars\/#primaryimage"},"thumbnailUrl":"https:\/\/www.igr.univ-rennes.fr\/wp-content\/uploads\/2024\/02\/MKG-FA-14mars2024.jpg","datePublished":"2024-03-13T14:08:10+00:00","dateModified":"2025-01-23T14:35:47+00:00","breadcrumb":{"@id":"https:\/\/www.igr.univ-rennes.fr\/fr\/conference-en-ligne-master-marketing-en-alternance-le-14-mars\/#breadcrumb"},"inLanguage":"fr-FR","potentialAction":[{"@type":"ReadAction","target":["https:\/\/www.igr.univ-rennes.fr\/fr\/conference-en-ligne-master-marketing-en-alternance-le-14-mars\/"]}]},{"@type":"ImageObject","inLanguage":"fr-FR","@id":"https:\/\/www.igr.univ-rennes.fr\/fr\/conference-en-ligne-master-marketing-en-alternance-le-14-mars\/#primaryimage","url":"https:\/\/www.igr.univ-rennes.fr\/wp-content\/uploads\/2024\/02\/MKG-FA-14mars2024.jpg","contentUrl":"https:\/\/www.igr.univ-rennes.fr\/wp-content\/uploads\/2024\/02\/MKG-FA-14mars2024.jpg","width":2400,"height":1260,"caption":"MKG-FA-14mars2024"},{"@type":"BreadcrumbList","@id":"https:\/\/www.igr.univ-rennes.fr\/fr\/conference-en-ligne-master-marketing-en-alternance-le-14-mars\/#breadcrumb","itemListElement":[{"@type":"ListItem","position":1,"name":"Accueil","item":"https:\/\/www.igr.univ-rennes.fr\/fr\/"},{"@type":"ListItem","position":2,"name":"Conf\u00e9rence en ligne Master Marketing en alternance le 14 mars"}]},{"@type":"WebSite","@id":"https:\/\/www.igr.univ-rennes.fr\/fr\/#website","url":"https:\/\/www.igr.univ-rennes.fr\/fr\/","name":"IGR IAE Rennes","description":"","publisher":{"@id":"https:\/\/www.igr.univ-rennes.fr\/fr\/#organization"},"potentialAction":[{"@type":"SearchAction","target":{"@type":"EntryPoint","urlTemplate":"https:\/\/www.igr.univ-rennes.fr\/fr\/?s={search_term_string}"},"query-input":{"@type":"PropertyValueSpecification","valueRequired":true,"valueName":"search_term_string"}}],"inLanguage":"fr-FR"},{"@type":"Organization","@id":"https:\/\/www.igr.univ-rennes.fr\/fr\/#organization","name":"IGR IAE Rennes","url":"https:\/\/www.igr.univ-rennes.fr\/fr\/","logo":{"@type":"ImageObject","inLanguage":"fr-FR","@id":"https:\/\/www.igr.univ-rennes.fr\/fr\/#\/schema\/logo\/image\/","url":"https:\/\/www.igr.univ-rennes.fr\/wp-content\/uploads\/2020\/06\/Logo-IGR-IAE-Rennes_Blanc-300dpi-RVB-e1597327228224.png","contentUrl":"https:\/\/www.igr.univ-rennes.fr\/wp-content\/uploads\/2020\/06\/Logo-IGR-IAE-Rennes_Blanc-300dpi-RVB-e1597327228224.png","width":290,"height":107,"caption":"IGR IAE Rennes"},"image":{"@id":"https:\/\/www.igr.univ-rennes.fr\/fr\/#\/schema\/logo\/image\/"}},{"@type":"Person","@id":"https:\/\/www.igr.univ-rennes.fr\/fr\/#\/schema\/person\/5f1ef906f2986c0eaa338b7258c4082b","name":"Marie-Annick Robin","image":{"@type":"ImageObject","inLanguage":"fr-FR","@id":"https:\/\/secure.gravatar.com\/avatar\/f9293e68571e20c548e6d32c7885fdfb06e6f56349fe920439a102a2234f78c3?s=96&d=mm&r=g","url":"https:\/\/secure.gravatar.com\/avatar\/f9293e68571e20c548e6d32c7885fdfb06e6f56349fe920439a102a2234f78c3?s=96&d=mm&r=g","contentUrl":"https:\/\/secure.gravatar.com\/avatar\/f9293e68571e20c548e6d32c7885fdfb06e6f56349fe920439a102a2234f78c3?s=96&d=mm&r=g","caption":"Marie-Annick Robin"}}]}},"_links":{"self":[{"href":"https:\/\/www.igr.univ-rennes.fr\/fr\/wp-json\/wp\/v2\/posts\/371239","targetHints":{"allow":["GET"]}}],"collection":[{"href":"https:\/\/www.igr.univ-rennes.fr\/fr\/wp-json\/wp\/v2\/posts"}],"about":[{"href":"https:\/\/www.igr.univ-rennes.fr\/fr\/wp-json\/wp\/v2\/types\/post"}],"author":[{"embeddable":true,"href":"https:\/\/www.igr.univ-rennes.fr\/fr\/wp-json\/wp\/v2\/users\/11"}],"replies":[{"embeddable":true,"href":"https:\/\/www.igr.univ-rennes.fr\/fr\/wp-json\/wp\/v2\/comments?post=371239"}],"version-history":[{"count":10,"href":"https:\/\/www.igr.univ-rennes.fr\/fr\/wp-json\/wp\/v2\/posts\/371239\/revisions"}],"predecessor-version":[{"id":466819,"href":"https:\/\/www.igr.univ-rennes.fr\/fr\/wp-json\/wp\/v2\/posts\/371239\/revisions\/466819"}],"wp:featuredmedia":[{"embeddable":true,"href":"https:\/\/www.igr.univ-rennes.fr\/fr\/wp-json\/wp\/v2\/media\/371240"}],"wp:attachment":[{"href":"https:\/\/www.igr.univ-rennes.fr\/fr\/wp-json\/wp\/v2\/media?parent=371239"}],"wp:term":[{"taxonomy":"category","embeddable":true,"href":"https:\/\/www.igr.univ-rennes.fr\/fr\/wp-json\/wp\/v2\/categories?post=371239"},{"taxonomy":"post_tag","embeddable":true,"href":"https:\/\/www.igr.univ-rennes.fr\/fr\/wp-json\/wp\/v2\/tags?post=371239"}],"curies":[{"name":"wp","href":"https:\/\/api.w.org\/{rel}","templated":true}]}}