{"id":371161,"date":"2024-03-17T15:15:21","date_gmt":"2024-03-17T14:15:21","guid":{"rendered":"https:\/\/www.igr.univ-rennes.fr\/?p=371161"},"modified":"2025-01-23T15:36:39","modified_gmt":"2025-01-23T14:36:39","slug":"conference-en-ligne-master-2-management-et-administration-des-entreprises-mae-en-formation-continue-le-20-mars","status":"publish","type":"post","link":"https:\/\/www.igr.univ-rennes.fr\/fr\/conference-en-ligne-master-2-management-et-administration-des-entreprises-mae-en-formation-continue-le-20-mars\/","title":{"rendered":"Conf\u00e9rence en ligne Master 2 Management et Administration des Entreprises (MAE) en formation Continue le 20 mars"},"content":{"rendered":"\t\t<div data-elementor-type=\"wp-post\" data-elementor-id=\"371161\" class=\"elementor elementor-371161\">\n\t\t\t\t\t\t\t\t\t<section class=\"elementor-section elementor-top-section elementor-element elementor-element-027b12b elementor-section-boxed elementor-section-height-default elementor-section-height-default\" data-id=\"027b12b\" data-element_type=\"section\">\n\t\t\t\t\t\t<div class=\"elementor-container elementor-column-gap-default\">\n\t\t\t\t\t<div class=\"elementor-column elementor-col-100 elementor-top-column elementor-element elementor-element-7425ea3\" data-id=\"7425ea3\" data-element_type=\"column\">\n\t\t\t<div class=\"elementor-widget-wrap elementor-element-populated\">\n\t\t\t\t\t\t\t\t<div class=\"elementor-element elementor-element-61db6ce elementor-widget elementor-widget-text-editor\" data-id=\"61db6ce\" data-element_type=\"widget\" data-widget_type=\"text-editor.default\">\n\t\t\t\t<div class=\"elementor-widget-container\">\n\t\t\t\t\t\t\t<p><strong>Mercredi 20 mars<\/strong> prochain \u00e0 <strong>12h45<\/strong>, le responsable p\u00e9dagogique du Master 2 <strong>Management et Administration des Entreprises (MAE) en formation Continue, Vincent Hovelaque, Chryst\u00e8le Alix-Peltot<\/strong>, responsable apprentissage et <strong>Charlotte Decouty<\/strong> assistante p\u00e9dagogique, vous proposent une r\u00e9union sur cette formation.<\/p><p>Cette r\u00e9union est ouverte \u00e0 tous ceux qui sont int\u00e9ress\u00e9s par cette formation.<\/p><p>Voici le lien pour se connecter le jour J \u00e0 l\u2019horaire indiqu\u00e9 :<\/p>\t\t\t\t\t\t<\/div>\n\t\t\t\t<\/div>\n\t\t\t\t\t<\/div>\n\t\t<\/div>\n\t\t\t\t\t\t\t<\/div>\n\t\t<\/section>\n\t\t\t\t<section class=\"elementor-section elementor-top-section elementor-element elementor-element-15d9b5b elementor-section-boxed elementor-section-height-default elementor-section-height-default\" data-id=\"15d9b5b\" data-element_type=\"section\">\n\t\t\t\t\t\t<div class=\"elementor-container elementor-column-gap-default\">\n\t\t\t\t\t<div class=\"elementor-column elementor-col-100 elementor-top-column elementor-element elementor-element-9da0d29\" data-id=\"9da0d29\" data-element_type=\"column\">\n\t\t\t<div class=\"elementor-widget-wrap elementor-element-populated\">\n\t\t\t\t\t\t\t\t<div class=\"elementor-element elementor-element-f58ba32 elementor-align-center elementor-widget elementor-widget-button\" data-id=\"f58ba32\" data-element_type=\"widget\" data-widget_type=\"button.default\">\n\t\t\t\t<div class=\"elementor-widget-container\">\n\t\t\t\t\t<div class=\"elementor-button-wrapper\">\n\t\t\t<a class=\"elementor-button elementor-button-link elementor-size-sm\" href=\"https:\/\/univ-rennes1-fr.zoom.us\/j\/61241822884\" target=\"_blank\">\n\t\t\t\t\t\t<span class=\"elementor-button-content-wrapper\">\n\t\t\t\t\t\t<span class=\"elementor-button-text\">Lien r\u00e9union Zoom<\/span>\n\t\t<\/span>\n\t\t\t\t\t<\/a>\n\t\t<\/div>\n\t\t\t\t<\/div>\n\t\t\t\t<\/div>\n\t\t\t\t\t<\/div>\n\t\t<\/div>\n\t\t\t\t\t\t\t<\/div>\n\t\t<\/section>\n\t\t\t\t<section class=\"elementor-section elementor-top-section elementor-element elementor-element-5781fc3 elementor-section-boxed elementor-section-height-default elementor-section-height-default\" data-id=\"5781fc3\" data-element_type=\"section\">\n\t\t\t\t\t\t<div class=\"elementor-container elementor-column-gap-default\">\n\t\t\t\t\t<div class=\"elementor-column elementor-col-100 elementor-top-column elementor-element elementor-element-e383854\" data-id=\"e383854\" data-element_type=\"column\">\n\t\t\t<div class=\"elementor-widget-wrap elementor-element-populated\">\n\t\t\t\t\t\t\t\t<div class=\"elementor-element elementor-element-b3847d9 elementor-widget elementor-widget-text-editor\" data-id=\"b3847d9\" data-element_type=\"widget\" data-widget_type=\"text-editor.default\">\n\t\t\t\t<div class=\"elementor-widget-container\">\n\t\t\t\t\t\t\t<p>Mercredi 20 mars \u00e0 12h45<br \/>ID de r\u00e9union: 612 4182 2884 <br \/>Code secret: MAEFC<\/p>\t\t\t\t\t\t<\/div>\n\t\t\t\t<\/div>\n\t\t\t\t\t<\/div>\n\t\t<\/div>\n\t\t\t\t\t\t\t<\/div>\n\t\t<\/section>\n\t\t\t\t\t\t\t<\/div>\n\t\t","protected":false},"excerpt":{"rendered":"<p>R\u00e9union en ligne Master 2 Management et Administration des Entreprises (MAE) en formation Continue le 20 mars<\/p>\n","protected":false},"author":11,"featured_media":375523,"comment_status":"closed","ping_status":"closed","sticky":false,"template":"","format":"standard","meta":{"footnotes":""},"categories":[64],"tags":[],"yoast_head":"<!-- This site is optimized with the Yoast SEO plugin v21.1 - https:\/\/yoast.com\/wordpress\/plugins\/seo\/ -->\n<title>Conf\u00e9rence en ligne Master 2 Management et Administration des Entreprises (MAE) en formation Continue le 20 mars - IGR IAE Rennes<\/title>\n<meta name=\"robots\" content=\"index, follow, max-snippet:-1, max-image-preview:large, max-video-preview:-1\" \/>\n<link rel=\"canonical\" href=\"https:\/\/www.igr.univ-rennes.fr\/fr\/conference-en-ligne-master-2-management-et-administration-des-entreprises-mae-en-formation-continue-le-20-mars\/\" \/>\n<meta property=\"og:locale\" content=\"fr_FR\" \/>\n<meta property=\"og:type\" content=\"article\" \/>\n<meta property=\"og:title\" content=\"Conf\u00e9rence en ligne Master 2 Management et Administration des Entreprises (MAE) en formation Continue le 20 mars - IGR IAE Rennes\" \/>\n<meta property=\"og:description\" content=\"R\u00e9union en ligne Master 2 Management et Administration des Entreprises (MAE) en formation Continue le 20 mars\" \/>\n<meta property=\"og:url\" content=\"https:\/\/www.igr.univ-rennes.fr\/fr\/conference-en-ligne-master-2-management-et-administration-des-entreprises-mae-en-formation-continue-le-20-mars\/\" \/>\n<meta property=\"og:site_name\" content=\"IGR IAE Rennes\" \/>\n<meta property=\"article:published_time\" content=\"2024-03-17T14:15:21+00:00\" \/>\n<meta property=\"article:modified_time\" content=\"2025-01-23T14:36:39+00:00\" \/>\n<meta property=\"og:image\" content=\"https:\/\/www.igr.univ-rennes.fr\/wp-content\/uploads\/2024\/02\/MAE-FC-20mars2024-1024x538-copie.jpg\" \/>\n\t<meta property=\"og:image:width\" content=\"1024\" \/>\n\t<meta property=\"og:image:height\" content=\"538\" \/>\n\t<meta property=\"og:image:type\" content=\"image\/jpeg\" \/>\n<meta name=\"author\" content=\"Marie-Annick Robin\" \/>\n<meta name=\"twitter:card\" content=\"summary_large_image\" \/>\n<meta name=\"twitter:label1\" content=\"\u00c9crit par\" \/>\n\t<meta name=\"twitter:data1\" content=\"Marie-Annick Robin\" \/>\n\t<meta name=\"twitter:label2\" content=\"Dur\u00e9e de lecture estim\u00e9e\" \/>\n\t<meta name=\"twitter:data2\" content=\"1 minute\" \/>\n<script type=\"application\/ld+json\" class=\"yoast-schema-graph\">{\"@context\":\"https:\/\/schema.org\",\"@graph\":[{\"@type\":\"Article\",\"@id\":\"https:\/\/www.igr.univ-rennes.fr\/fr\/conference-en-ligne-master-2-management-et-administration-des-entreprises-mae-en-formation-continue-le-20-mars\/#article\",\"isPartOf\":{\"@id\":\"https:\/\/www.igr.univ-rennes.fr\/fr\/conference-en-ligne-master-2-management-et-administration-des-entreprises-mae-en-formation-continue-le-20-mars\/\"},\"author\":{\"name\":\"Marie-Annick Robin\",\"@id\":\"https:\/\/www.igr.univ-rennes.fr\/fr\/#\/schema\/person\/5f1ef906f2986c0eaa338b7258c4082b\"},\"headline\":\"Conf\u00e9rence en ligne Master 2 Management et Administration des Entreprises (MAE) en formation Continue le 20 mars\",\"datePublished\":\"2024-03-17T14:15:21+00:00\",\"dateModified\":\"2025-01-23T14:36:39+00:00\",\"mainEntityOfPage\":{\"@id\":\"https:\/\/www.igr.univ-rennes.fr\/fr\/conference-en-ligne-master-2-management-et-administration-des-entreprises-mae-en-formation-continue-le-20-mars\/\"},\"wordCount\":97,\"publisher\":{\"@id\":\"https:\/\/www.igr.univ-rennes.fr\/fr\/#organization\"},\"articleSection\":[\"Formation\"],\"inLanguage\":\"fr-FR\"},{\"@type\":\"WebPage\",\"@id\":\"https:\/\/www.igr.univ-rennes.fr\/fr\/conference-en-ligne-master-2-management-et-administration-des-entreprises-mae-en-formation-continue-le-20-mars\/\",\"url\":\"https:\/\/www.igr.univ-rennes.fr\/fr\/conference-en-ligne-master-2-management-et-administration-des-entreprises-mae-en-formation-continue-le-20-mars\/\",\"name\":\"Conf\u00e9rence en ligne Master 2 Management et Administration des Entreprises (MAE) en formation Continue le 20 mars - IGR IAE Rennes\",\"isPartOf\":{\"@id\":\"https:\/\/www.igr.univ-rennes.fr\/fr\/#website\"},\"datePublished\":\"2024-03-17T14:15:21+00:00\",\"dateModified\":\"2025-01-23T14:36:39+00:00\",\"breadcrumb\":{\"@id\":\"https:\/\/www.igr.univ-rennes.fr\/fr\/conference-en-ligne-master-2-management-et-administration-des-entreprises-mae-en-formation-continue-le-20-mars\/#breadcrumb\"},\"inLanguage\":\"fr-FR\",\"potentialAction\":[{\"@type\":\"ReadAction\",\"target\":[\"https:\/\/www.igr.univ-rennes.fr\/fr\/conference-en-ligne-master-2-management-et-administration-des-entreprises-mae-en-formation-continue-le-20-mars\/\"]}]},{\"@type\":\"BreadcrumbList\",\"@id\":\"https:\/\/www.igr.univ-rennes.fr\/fr\/conference-en-ligne-master-2-management-et-administration-des-entreprises-mae-en-formation-continue-le-20-mars\/#breadcrumb\",\"itemListElement\":[{\"@type\":\"ListItem\",\"position\":1,\"name\":\"Accueil\",\"item\":\"https:\/\/www.igr.univ-rennes.fr\/fr\/\"},{\"@type\":\"ListItem\",\"position\":2,\"name\":\"Conf\u00e9rence en ligne Master 2 Management et Administration des Entreprises (MAE) en formation Continue le 20 mars\"}]},{\"@type\":\"WebSite\",\"@id\":\"https:\/\/www.igr.univ-rennes.fr\/fr\/#website\",\"url\":\"https:\/\/www.igr.univ-rennes.fr\/fr\/\",\"name\":\"IGR IAE Rennes\",\"description\":\"\",\"publisher\":{\"@id\":\"https:\/\/www.igr.univ-rennes.fr\/fr\/#organization\"},\"potentialAction\":[{\"@type\":\"SearchAction\",\"target\":{\"@type\":\"EntryPoint\",\"urlTemplate\":\"https:\/\/www.igr.univ-rennes.fr\/fr\/?s={search_term_string}\"},\"query-input\":\"required name=search_term_string\"}],\"inLanguage\":\"fr-FR\"},{\"@type\":\"Organization\",\"@id\":\"https:\/\/www.igr.univ-rennes.fr\/fr\/#organization\",\"name\":\"IGR IAE Rennes\",\"url\":\"https:\/\/www.igr.univ-rennes.fr\/fr\/\",\"logo\":{\"@type\":\"ImageObject\",\"inLanguage\":\"fr-FR\",\"@id\":\"https:\/\/www.igr.univ-rennes.fr\/fr\/#\/schema\/logo\/image\/\",\"url\":\"https:\/\/www.igr.univ-rennes.fr\/wp-content\/uploads\/2020\/06\/Logo-IGR-IAE-Rennes_Blanc-300dpi-RVB-e1597327228224.png\",\"contentUrl\":\"https:\/\/www.igr.univ-rennes.fr\/wp-content\/uploads\/2020\/06\/Logo-IGR-IAE-Rennes_Blanc-300dpi-RVB-e1597327228224.png\",\"width\":290,\"height\":107,\"caption\":\"IGR IAE Rennes\"},\"image\":{\"@id\":\"https:\/\/www.igr.univ-rennes.fr\/fr\/#\/schema\/logo\/image\/\"}},{\"@type\":\"Person\",\"@id\":\"https:\/\/www.igr.univ-rennes.fr\/fr\/#\/schema\/person\/5f1ef906f2986c0eaa338b7258c4082b\",\"name\":\"Marie-Annick Robin\",\"image\":{\"@type\":\"ImageObject\",\"inLanguage\":\"fr-FR\",\"@id\":\"https:\/\/www.igr.univ-rennes.fr\/fr\/#\/schema\/person\/image\/\",\"url\":\"https:\/\/secure.gravatar.com\/avatar\/2be340e59f359ca7aa475c1693137388?s=96&d=mm&r=g\",\"contentUrl\":\"https:\/\/secure.gravatar.com\/avatar\/2be340e59f359ca7aa475c1693137388?s=96&d=mm&r=g\",\"caption\":\"Marie-Annick Robin\"}}]}<\/script>\n<!-- \/ Yoast SEO plugin. -->","yoast_head_json":{"title":"Conf\u00e9rence en ligne Master 2 Management et Administration des Entreprises (MAE) en formation Continue le 20 mars - IGR IAE Rennes","robots":{"index":"index","follow":"follow","max-snippet":"max-snippet:-1","max-image-preview":"max-image-preview:large","max-video-preview":"max-video-preview:-1"},"canonical":"https:\/\/www.igr.univ-rennes.fr\/fr\/conference-en-ligne-master-2-management-et-administration-des-entreprises-mae-en-formation-continue-le-20-mars\/","og_locale":"fr_FR","og_type":"article","og_title":"Conf\u00e9rence en ligne Master 2 Management et Administration des Entreprises (MAE) en formation Continue le 20 mars - IGR IAE Rennes","og_description":"R\u00e9union en ligne Master 2 Management et Administration des Entreprises (MAE) en formation Continue le 20 mars","og_url":"https:\/\/www.igr.univ-rennes.fr\/fr\/conference-en-ligne-master-2-management-et-administration-des-entreprises-mae-en-formation-continue-le-20-mars\/","og_site_name":"IGR IAE Rennes","article_published_time":"2024-03-17T14:15:21+00:00","article_modified_time":"2025-01-23T14:36:39+00:00","og_image":[{"width":1024,"height":538,"url":"https:\/\/www.igr.univ-rennes.fr\/wp-content\/uploads\/2024\/02\/MAE-FC-20mars2024-1024x538-copie.jpg","type":"image\/jpeg"}],"author":"Marie-Annick Robin","twitter_card":"summary_large_image","twitter_misc":{"\u00c9crit par":"Marie-Annick Robin","Dur\u00e9e de lecture estim\u00e9e":"1 minute"},"schema":{"@context":"https:\/\/schema.org","@graph":[{"@type":"Article","@id":"https:\/\/www.igr.univ-rennes.fr\/fr\/conference-en-ligne-master-2-management-et-administration-des-entreprises-mae-en-formation-continue-le-20-mars\/#article","isPartOf":{"@id":"https:\/\/www.igr.univ-rennes.fr\/fr\/conference-en-ligne-master-2-management-et-administration-des-entreprises-mae-en-formation-continue-le-20-mars\/"},"author":{"name":"Marie-Annick Robin","@id":"https:\/\/www.igr.univ-rennes.fr\/fr\/#\/schema\/person\/5f1ef906f2986c0eaa338b7258c4082b"},"headline":"Conf\u00e9rence en ligne Master 2 Management et Administration des Entreprises (MAE) en formation Continue le 20 mars","datePublished":"2024-03-17T14:15:21+00:00","dateModified":"2025-01-23T14:36:39+00:00","mainEntityOfPage":{"@id":"https:\/\/www.igr.univ-rennes.fr\/fr\/conference-en-ligne-master-2-management-et-administration-des-entreprises-mae-en-formation-continue-le-20-mars\/"},"wordCount":97,"publisher":{"@id":"https:\/\/www.igr.univ-rennes.fr\/fr\/#organization"},"articleSection":["Formation"],"inLanguage":"fr-FR"},{"@type":"WebPage","@id":"https:\/\/www.igr.univ-rennes.fr\/fr\/conference-en-ligne-master-2-management-et-administration-des-entreprises-mae-en-formation-continue-le-20-mars\/","url":"https:\/\/www.igr.univ-rennes.fr\/fr\/conference-en-ligne-master-2-management-et-administration-des-entreprises-mae-en-formation-continue-le-20-mars\/","name":"Conf\u00e9rence en ligne Master 2 Management et Administration des Entreprises (MAE) en formation Continue le 20 mars - IGR IAE Rennes","isPartOf":{"@id":"https:\/\/www.igr.univ-rennes.fr\/fr\/#website"},"datePublished":"2024-03-17T14:15:21+00:00","dateModified":"2025-01-23T14:36:39+00:00","breadcrumb":{"@id":"https:\/\/www.igr.univ-rennes.fr\/fr\/conference-en-ligne-master-2-management-et-administration-des-entreprises-mae-en-formation-continue-le-20-mars\/#breadcrumb"},"inLanguage":"fr-FR","potentialAction":[{"@type":"ReadAction","target":["https:\/\/www.igr.univ-rennes.fr\/fr\/conference-en-ligne-master-2-management-et-administration-des-entreprises-mae-en-formation-continue-le-20-mars\/"]}]},{"@type":"BreadcrumbList","@id":"https:\/\/www.igr.univ-rennes.fr\/fr\/conference-en-ligne-master-2-management-et-administration-des-entreprises-mae-en-formation-continue-le-20-mars\/#breadcrumb","itemListElement":[{"@type":"ListItem","position":1,"name":"Accueil","item":"https:\/\/www.igr.univ-rennes.fr\/fr\/"},{"@type":"ListItem","position":2,"name":"Conf\u00e9rence en ligne Master 2 Management et Administration des Entreprises (MAE) en formation Continue le 20 mars"}]},{"@type":"WebSite","@id":"https:\/\/www.igr.univ-rennes.fr\/fr\/#website","url":"https:\/\/www.igr.univ-rennes.fr\/fr\/","name":"IGR IAE Rennes","description":"","publisher":{"@id":"https:\/\/www.igr.univ-rennes.fr\/fr\/#organization"},"potentialAction":[{"@type":"SearchAction","target":{"@type":"EntryPoint","urlTemplate":"https:\/\/www.igr.univ-rennes.fr\/fr\/?s={search_term_string}"},"query-input":"required name=search_term_string"}],"inLanguage":"fr-FR"},{"@type":"Organization","@id":"https:\/\/www.igr.univ-rennes.fr\/fr\/#organization","name":"IGR IAE Rennes","url":"https:\/\/www.igr.univ-rennes.fr\/fr\/","logo":{"@type":"ImageObject","inLanguage":"fr-FR","@id":"https:\/\/www.igr.univ-rennes.fr\/fr\/#\/schema\/logo\/image\/","url":"https:\/\/www.igr.univ-rennes.fr\/wp-content\/uploads\/2020\/06\/Logo-IGR-IAE-Rennes_Blanc-300dpi-RVB-e1597327228224.png","contentUrl":"https:\/\/www.igr.univ-rennes.fr\/wp-content\/uploads\/2020\/06\/Logo-IGR-IAE-Rennes_Blanc-300dpi-RVB-e1597327228224.png","width":290,"height":107,"caption":"IGR IAE Rennes"},"image":{"@id":"https:\/\/www.igr.univ-rennes.fr\/fr\/#\/schema\/logo\/image\/"}},{"@type":"Person","@id":"https:\/\/www.igr.univ-rennes.fr\/fr\/#\/schema\/person\/5f1ef906f2986c0eaa338b7258c4082b","name":"Marie-Annick Robin","image":{"@type":"ImageObject","inLanguage":"fr-FR","@id":"https:\/\/www.igr.univ-rennes.fr\/fr\/#\/schema\/person\/image\/","url":"https:\/\/secure.gravatar.com\/avatar\/2be340e59f359ca7aa475c1693137388?s=96&d=mm&r=g","contentUrl":"https:\/\/secure.gravatar.com\/avatar\/2be340e59f359ca7aa475c1693137388?s=96&d=mm&r=g","caption":"Marie-Annick Robin"}}]}},"_links":{"self":[{"href":"https:\/\/www.igr.univ-rennes.fr\/fr\/wp-json\/wp\/v2\/posts\/371161"}],"collection":[{"href":"https:\/\/www.igr.univ-rennes.fr\/fr\/wp-json\/wp\/v2\/posts"}],"about":[{"href":"https:\/\/www.igr.univ-rennes.fr\/fr\/wp-json\/wp\/v2\/types\/post"}],"author":[{"embeddable":true,"href":"https:\/\/www.igr.univ-rennes.fr\/fr\/wp-json\/wp\/v2\/users\/11"}],"replies":[{"embeddable":true,"href":"https:\/\/www.igr.univ-rennes.fr\/fr\/wp-json\/wp\/v2\/comments?post=371161"}],"version-history":[{"count":19,"href":"https:\/\/www.igr.univ-rennes.fr\/fr\/wp-json\/wp\/v2\/posts\/371161\/revisions"}],"predecessor-version":[{"id":466820,"href":"https:\/\/www.igr.univ-rennes.fr\/fr\/wp-json\/wp\/v2\/posts\/371161\/revisions\/466820"}],"wp:featuredmedia":[{"embeddable":true,"href":"https:\/\/www.igr.univ-rennes.fr\/fr\/wp-json\/wp\/v2\/media\/375523"}],"wp:attachment":[{"href":"https:\/\/www.igr.univ-rennes.fr\/fr\/wp-json\/wp\/v2\/media?parent=371161"}],"wp:term":[{"taxonomy":"category","embeddable":true,"href":"https:\/\/www.igr.univ-rennes.fr\/fr\/wp-json\/wp\/v2\/categories?post=371161"},{"taxonomy":"post_tag","embeddable":true,"href":"https:\/\/www.igr.univ-rennes.fr\/fr\/wp-json\/wp\/v2\/tags?post=371161"}],"curies":[{"name":"wp","href":"https:\/\/api.w.org\/{rel}","templated":true}]}}