{"id":352813,"date":"2023-11-27T12:34:55","date_gmt":"2023-11-27T11:34:55","guid":{"rendered":"https:\/\/www.igr.univ-rennes.fr\/?p=352813"},"modified":"2024-04-24T11:38:40","modified_gmt":"2024-04-24T09:38:40","slug":"election-des-co-presidents-a-la-tete-de-la-federation-iae-france-partner-un-moment-dengagement-et-de-partage","status":"publish","type":"post","link":"https:\/\/www.igr.univ-rennes.fr\/fr\/election-des-co-presidents-a-la-tete-de-la-federation-iae-france-partner-un-moment-dengagement-et-de-partage\/","title":{"rendered":"\u00c9lection des co-pr\u00e9sidents \u00e0 la t\u00eate de la f\u00e9d\u00e9ration IAE FRANCE PARTNER : un moment d&rsquo;engagement et de partage"},"content":{"rendered":"\t\t<div data-elementor-type=\"wp-post\" data-elementor-id=\"352813\" class=\"elementor elementor-352813\">\n\t\t\t\t\t\t\t\t\t<section class=\"elementor-section elementor-top-section elementor-element elementor-element-991d8cc elementor-section-boxed elementor-section-height-default elementor-section-height-default\" data-id=\"991d8cc\" data-element_type=\"section\">\n\t\t\t\t\t\t<div class=\"elementor-container elementor-column-gap-default\">\n\t\t\t\t\t<div class=\"elementor-column elementor-col-100 elementor-top-column elementor-element elementor-element-bc66c31\" data-id=\"bc66c31\" data-element_type=\"column\">\n\t\t\t<div class=\"elementor-widget-wrap elementor-element-populated\">\n\t\t\t\t\t\t\t\t<div class=\"elementor-element elementor-element-9276dd2 elementor-widget elementor-widget-text-editor\" data-id=\"9276dd2\" data-element_type=\"widget\" data-widget_type=\"text-editor.default\">\n\t\t\t\t<div class=\"elementor-widget-container\">\n\t\t\t\t\t\t\t<p><em>Durant deux journ\u00e9es, les repr\u00e9sentants des associations labellis\u00e9es IAE FRANCE PARTNER se sont r\u00e9unis \u00e0 l&rsquo;IAE Paris &#8211; Sorbonne Business School pour la rencontre annuelle de la f\u00e9d\u00e9ration. Cet \u00e9v\u00e9nement a \u00e9t\u00e9 marqu\u00e9 par des moments inspirants et un engagement sans faille.<\/em><\/p><p>Sous la direction dynamique de Jean-Fran\u00e7ois MANIERE, pr\u00e9sident sortant de la f\u00e9d\u00e9ration, ces deux journ\u00e9es ont \u00e9t\u00e9 des moments d&rsquo;\u00e9changes enrichissants, de tables-rondes captivantes et d&rsquo;ateliers collaboratifs. Ensemble, ils ont trac\u00e9 une ambition commune, port\u00e9e par le mantra \u00ab\u00a0IAE, notre force : unis par la fiert\u00e9, guid\u00e9s par l&rsquo;inclusion\u00a0\u00bb.<\/p><p>L&rsquo;IGR-IAE Rennes tient \u00e0 remercier chaleureusement Jean-Fran\u00e7ois MANIERE pour son animation \u00e9nergique, les \u00e9quipes de l&rsquo;IAE PARIS-SORBONNE pour leur accueil exceptionnel et les repr\u00e9sentants des associations labellis\u00e9es pour leurs contributions pr\u00e9cieuses. Merci \u00e9galement \u00e0 Eric Lamarque pour ses discours inspirants et \u00e0 Laurence MACALUSO qui a impuls\u00e9 une dynamique stimulante \u00e0 cette f\u00e9d\u00e9ration.<\/p><p><strong><span style=\"color: #1ecad3;\">Une mention sp\u00e9ciale revient \u00e0 l&rsquo;\u00e9lection des nouveaux co-pr\u00e9sidents de la f\u00e9d\u00e9ration, tous trois \u00e9tudiants \u00e0 l&rsquo;IGR-IAE Rennes : Emma Wischnewski, Maxence Galy et Gr\u00e9goire Biraud. Leur leadership et leur d\u00e9vouement sont des sources d&rsquo;inspiration pour l&rsquo;avenir de notre f\u00e9d\u00e9ration. Un grand bravo \u00e0 nos \u00e9tudiants !<\/span><\/strong><\/p><p>Cet \u00e9v\u00e9nement a permis \u00e0 nos associations de l&rsquo;IGR-IAE Rennes de cr\u00e9er des liens, d&rsquo;\u00e9changer sur les valeurs et les pratiques de la vie associative, en harmonie avec notre approche p\u00e9dagogique \u00ab\u00a0Learning by Doing\u00a0\u00bb.<\/p><p>Voici un retour de nos 3 Co-pr\u00e9sidents \u00e0 la suite de cette \u00e9lection :\u00a0<br \/>\u00ab\u00a0<em>\u00c9tant 3 \u00e9tudiants de l\u2019IGR-IAE Rennes, un IAE au mod\u00e8le associatif ancr\u00e9 dans sa p\u00e9dagogie, nous sommes bien conscients des opportunit\u00e9s offertes par la vie associative. Pouvoir profiter d\u2019un syst\u00e8me qui, simultan\u00e9ment, anime grandement notre quotidien \u00e0 l\u2019\u00e9cole et nous permet d\u2019acqu\u00e9rir une quantit\u00e9 de soft skills non n\u00e9gligeable est une v\u00e9ritable chance. Ainsi, lorsque l\u2019appel \u00e0 candidature a \u00e9t\u00e9 lanc\u00e9, il nous est apparu naturel de joindre nos forces et de nous mettre au service de l\u2019ensemble du r\u00e9seau IAE France pour permettre le d\u00e9veloppement de la vie associative \u00e0 l\u2019\u00e9chelle nationale. Cela passe par un soutien renforc\u00e9 apport\u00e9 aux process associatifs en place au sein de chaque IAE et l\u2019accompagnement de projets inter-IAE entre autres. IAE, notre force : unis par la fiert\u00e9, guid\u00e9s par l\u2019inclusion !<\/em>\u00ab\u00a0<\/p>\t\t\t\t\t\t<\/div>\n\t\t\t\t<\/div>\n\t\t\t\t\t<\/div>\n\t\t<\/div>\n\t\t\t\t\t\t\t<\/div>\n\t\t<\/section>\n\t\t\t\t<section class=\"elementor-section elementor-top-section elementor-element elementor-element-01c787e elementor-section-boxed elementor-section-height-default elementor-section-height-default\" data-id=\"01c787e\" data-element_type=\"section\">\n\t\t\t\t\t\t<div class=\"elementor-container elementor-column-gap-default\">\n\t\t\t\t\t<div class=\"elementor-column elementor-col-100 elementor-top-column elementor-element elementor-element-5cd83f0\" data-id=\"5cd83f0\" data-element_type=\"column\">\n\t\t\t<div class=\"elementor-widget-wrap elementor-element-populated\">\n\t\t\t\t\t\t\t\t<div class=\"elementor-element elementor-element-63a2094 elementor-widget elementor-widget-image\" data-id=\"63a2094\" data-element_type=\"widget\" data-widget_type=\"image.default\">\n\t\t\t\t<div class=\"elementor-widget-container\">\n\t\t\t\t\t\t\t\t\t\t\t\t\t\t\t<img decoding=\"async\" width=\"800\" height=\"825\" src=\"https:\/\/www.igr.univ-rennes.fr\/wp-content\/uploads\/2023\/11\/Snapchat-1672819537-993x1024.jpg\" class=\"attachment-large size-large wp-image-352817\" alt=\"\" srcset=\"https:\/\/www.igr.univ-rennes.fr\/wp-content\/uploads\/2023\/11\/Snapchat-1672819537-993x1024.jpg 993w, https:\/\/www.igr.univ-rennes.fr\/wp-content\/uploads\/2023\/11\/Snapchat-1672819537-291x300.jpg 291w, https:\/\/www.igr.univ-rennes.fr\/wp-content\/uploads\/2023\/11\/Snapchat-1672819537-768x792.jpg 768w, https:\/\/www.igr.univ-rennes.fr\/wp-content\/uploads\/2023\/11\/Snapchat-1672819537-1490x1536.jpg 1490w, https:\/\/www.igr.univ-rennes.fr\/wp-content\/uploads\/2023\/11\/Snapchat-1672819537.jpg 1553w\" sizes=\"(max-width: 800px) 100vw, 800px\" \/>\t\t\t\t\t\t\t\t\t\t\t\t\t\t\t<\/div>\n\t\t\t\t<\/div>\n\t\t\t\t\t<\/div>\n\t\t<\/div>\n\t\t\t\t\t\t\t<\/div>\n\t\t<\/section>\n\t\t\t\t\t\t\t<\/div>\n\t\t","protected":false},"excerpt":{"rendered":"<p>Durant deux journ\u00e9es, les repr\u00e9sentants des associations labellis\u00e9es IAE FRANCE PARTNER se sont r\u00e9unis \u00e0 l&rsquo;IAE Paris &#8211; Sorbonne Business School pour la rencontre annuelle de la f\u00e9d\u00e9ration. Cet \u00e9v\u00e9nement a \u00e9t\u00e9 marqu\u00e9 par des moments inspirants et un engagement sans faille.<\/p>\n","protected":false},"author":9,"featured_media":352814,"comment_status":"closed","ping_status":"closed","sticky":true,"template":"","format":"standard","meta":{"footnotes":""},"categories":[63],"tags":[],"yoast_head":"<!-- This site is optimized with the Yoast SEO plugin v21.1 - https:\/\/yoast.com\/wordpress\/plugins\/seo\/ -->\n<title>\u00c9lection des co-pr\u00e9sidents \u00e0 la t\u00eate de la f\u00e9d\u00e9ration IAE FRANCE PARTNER : un moment d&rsquo;engagement et de partage - IGR IAE Rennes<\/title>\n<meta name=\"robots\" content=\"index, follow, max-snippet:-1, max-image-preview:large, max-video-preview:-1\" \/>\n<link rel=\"canonical\" href=\"https:\/\/www.igr.univ-rennes.fr\/fr\/election-des-co-presidents-a-la-tete-de-la-federation-iae-france-partner-un-moment-dengagement-et-de-partage\/\" \/>\n<meta property=\"og:locale\" content=\"fr_FR\" \/>\n<meta property=\"og:type\" content=\"article\" \/>\n<meta property=\"og:title\" content=\"\u00c9lection des co-pr\u00e9sidents \u00e0 la t\u00eate de la f\u00e9d\u00e9ration IAE FRANCE PARTNER : un moment d&rsquo;engagement et de partage - IGR IAE Rennes\" \/>\n<meta property=\"og:description\" content=\"Durant deux journ\u00e9es, les repr\u00e9sentants des associations labellis\u00e9es IAE FRANCE PARTNER se sont r\u00e9unis \u00e0 l&#039;IAE Paris - Sorbonne Business School pour la rencontre annuelle de la f\u00e9d\u00e9ration. Cet \u00e9v\u00e9nement a \u00e9t\u00e9 marqu\u00e9 par des moments inspirants et un engagement sans faille.\" \/>\n<meta property=\"og:url\" content=\"https:\/\/www.igr.univ-rennes.fr\/fr\/election-des-co-presidents-a-la-tete-de-la-federation-iae-france-partner-un-moment-dengagement-et-de-partage\/\" \/>\n<meta property=\"og:site_name\" content=\"IGR IAE Rennes\" \/>\n<meta property=\"article:published_time\" content=\"2023-11-27T11:34:55+00:00\" \/>\n<meta property=\"article:modified_time\" content=\"2024-04-24T09:38:40+00:00\" \/>\n<meta property=\"og:image\" content=\"https:\/\/www.igr.univ-rennes.fr\/wp-content\/uploads\/2023\/11\/Snapchat-824716700.jpg\" \/>\n\t<meta property=\"og:image:width\" content=\"1763\" \/>\n\t<meta property=\"og:image:height\" content=\"1062\" \/>\n\t<meta property=\"og:image:type\" content=\"image\/jpeg\" \/>\n<meta name=\"author\" content=\"Emma Lebaut\" \/>\n<meta name=\"twitter:card\" content=\"summary_large_image\" \/>\n<meta name=\"twitter:label1\" content=\"\u00c9crit par\" \/>\n\t<meta name=\"twitter:data1\" content=\"Emma Lebaut\" \/>\n\t<meta name=\"twitter:label2\" content=\"Dur\u00e9e de lecture estim\u00e9e\" \/>\n\t<meta name=\"twitter:data2\" content=\"3 minutes\" \/>\n<script type=\"application\/ld+json\" class=\"yoast-schema-graph\">{\"@context\":\"https:\/\/schema.org\",\"@graph\":[{\"@type\":\"Article\",\"@id\":\"https:\/\/www.igr.univ-rennes.fr\/fr\/election-des-co-presidents-a-la-tete-de-la-federation-iae-france-partner-un-moment-dengagement-et-de-partage\/#article\",\"isPartOf\":{\"@id\":\"https:\/\/www.igr.univ-rennes.fr\/fr\/election-des-co-presidents-a-la-tete-de-la-federation-iae-france-partner-un-moment-dengagement-et-de-partage\/\"},\"author\":{\"name\":\"Emma Lebaut\",\"@id\":\"https:\/\/www.igr.univ-rennes.fr\/fr\/#\/schema\/person\/ccc43b9cca93cd7a471bce264778297c\"},\"headline\":\"\u00c9lection des co-pr\u00e9sidents \u00e0 la t\u00eate de la f\u00e9d\u00e9ration IAE FRANCE PARTNER : un moment d&rsquo;engagement et de partage\",\"datePublished\":\"2023-11-27T11:34:55+00:00\",\"dateModified\":\"2024-04-24T09:38:40+00:00\",\"mainEntityOfPage\":{\"@id\":\"https:\/\/www.igr.univ-rennes.fr\/fr\/election-des-co-presidents-a-la-tete-de-la-federation-iae-france-partner-un-moment-dengagement-et-de-partage\/\"},\"wordCount\":425,\"publisher\":{\"@id\":\"https:\/\/www.igr.univ-rennes.fr\/fr\/#organization\"},\"articleSection\":[\"Vie associative\"],\"inLanguage\":\"fr-FR\"},{\"@type\":\"WebPage\",\"@id\":\"https:\/\/www.igr.univ-rennes.fr\/fr\/election-des-co-presidents-a-la-tete-de-la-federation-iae-france-partner-un-moment-dengagement-et-de-partage\/\",\"url\":\"https:\/\/www.igr.univ-rennes.fr\/fr\/election-des-co-presidents-a-la-tete-de-la-federation-iae-france-partner-un-moment-dengagement-et-de-partage\/\",\"name\":\"\u00c9lection des co-pr\u00e9sidents \u00e0 la t\u00eate de la f\u00e9d\u00e9ration IAE FRANCE PARTNER : un moment d&rsquo;engagement et de partage - IGR IAE Rennes\",\"isPartOf\":{\"@id\":\"https:\/\/www.igr.univ-rennes.fr\/fr\/#website\"},\"datePublished\":\"2023-11-27T11:34:55+00:00\",\"dateModified\":\"2024-04-24T09:38:40+00:00\",\"breadcrumb\":{\"@id\":\"https:\/\/www.igr.univ-rennes.fr\/fr\/election-des-co-presidents-a-la-tete-de-la-federation-iae-france-partner-un-moment-dengagement-et-de-partage\/#breadcrumb\"},\"inLanguage\":\"fr-FR\",\"potentialAction\":[{\"@type\":\"ReadAction\",\"target\":[\"https:\/\/www.igr.univ-rennes.fr\/fr\/election-des-co-presidents-a-la-tete-de-la-federation-iae-france-partner-un-moment-dengagement-et-de-partage\/\"]}]},{\"@type\":\"BreadcrumbList\",\"@id\":\"https:\/\/www.igr.univ-rennes.fr\/fr\/election-des-co-presidents-a-la-tete-de-la-federation-iae-france-partner-un-moment-dengagement-et-de-partage\/#breadcrumb\",\"itemListElement\":[{\"@type\":\"ListItem\",\"position\":1,\"name\":\"Accueil\",\"item\":\"https:\/\/www.igr.univ-rennes.fr\/fr\/\"},{\"@type\":\"ListItem\",\"position\":2,\"name\":\"\u00c9lection des co-pr\u00e9sidents \u00e0 la t\u00eate de la f\u00e9d\u00e9ration IAE FRANCE PARTNER : un moment d&rsquo;engagement et de partage\"}]},{\"@type\":\"WebSite\",\"@id\":\"https:\/\/www.igr.univ-rennes.fr\/fr\/#website\",\"url\":\"https:\/\/www.igr.univ-rennes.fr\/fr\/\",\"name\":\"IGR IAE Rennes\",\"description\":\"\",\"publisher\":{\"@id\":\"https:\/\/www.igr.univ-rennes.fr\/fr\/#organization\"},\"potentialAction\":[{\"@type\":\"SearchAction\",\"target\":{\"@type\":\"EntryPoint\",\"urlTemplate\":\"https:\/\/www.igr.univ-rennes.fr\/fr\/?s={search_term_string}\"},\"query-input\":\"required name=search_term_string\"}],\"inLanguage\":\"fr-FR\"},{\"@type\":\"Organization\",\"@id\":\"https:\/\/www.igr.univ-rennes.fr\/fr\/#organization\",\"name\":\"IGR IAE Rennes\",\"url\":\"https:\/\/www.igr.univ-rennes.fr\/fr\/\",\"logo\":{\"@type\":\"ImageObject\",\"inLanguage\":\"fr-FR\",\"@id\":\"https:\/\/www.igr.univ-rennes.fr\/fr\/#\/schema\/logo\/image\/\",\"url\":\"https:\/\/www.igr.univ-rennes.fr\/wp-content\/uploads\/2020\/06\/Logo-IGR-IAE-Rennes_Blanc-300dpi-RVB-e1597327228224.png\",\"contentUrl\":\"https:\/\/www.igr.univ-rennes.fr\/wp-content\/uploads\/2020\/06\/Logo-IGR-IAE-Rennes_Blanc-300dpi-RVB-e1597327228224.png\",\"width\":290,\"height\":107,\"caption\":\"IGR IAE Rennes\"},\"image\":{\"@id\":\"https:\/\/www.igr.univ-rennes.fr\/fr\/#\/schema\/logo\/image\/\"}},{\"@type\":\"Person\",\"@id\":\"https:\/\/www.igr.univ-rennes.fr\/fr\/#\/schema\/person\/ccc43b9cca93cd7a471bce264778297c\",\"name\":\"Emma Lebaut\",\"image\":{\"@type\":\"ImageObject\",\"inLanguage\":\"fr-FR\",\"@id\":\"https:\/\/www.igr.univ-rennes.fr\/fr\/#\/schema\/person\/image\/\",\"url\":\"https:\/\/secure.gravatar.com\/avatar\/5595dd0d6a0a6d72d586285ccf5929f4?s=96&d=mm&r=g\",\"contentUrl\":\"https:\/\/secure.gravatar.com\/avatar\/5595dd0d6a0a6d72d586285ccf5929f4?s=96&d=mm&r=g\",\"caption\":\"Emma Lebaut\"}}]}<\/script>\n<!-- \/ Yoast SEO plugin. -->","yoast_head_json":{"title":"\u00c9lection des co-pr\u00e9sidents \u00e0 la t\u00eate de la f\u00e9d\u00e9ration IAE FRANCE PARTNER : un moment d&rsquo;engagement et de partage - IGR IAE Rennes","robots":{"index":"index","follow":"follow","max-snippet":"max-snippet:-1","max-image-preview":"max-image-preview:large","max-video-preview":"max-video-preview:-1"},"canonical":"https:\/\/www.igr.univ-rennes.fr\/fr\/election-des-co-presidents-a-la-tete-de-la-federation-iae-france-partner-un-moment-dengagement-et-de-partage\/","og_locale":"fr_FR","og_type":"article","og_title":"\u00c9lection des co-pr\u00e9sidents \u00e0 la t\u00eate de la f\u00e9d\u00e9ration IAE FRANCE PARTNER : un moment d&rsquo;engagement et de partage - IGR IAE Rennes","og_description":"Durant deux journ\u00e9es, les repr\u00e9sentants des associations labellis\u00e9es IAE FRANCE PARTNER se sont r\u00e9unis \u00e0 l'IAE Paris - Sorbonne Business School pour la rencontre annuelle de la f\u00e9d\u00e9ration. Cet \u00e9v\u00e9nement a \u00e9t\u00e9 marqu\u00e9 par des moments inspirants et un engagement sans faille.","og_url":"https:\/\/www.igr.univ-rennes.fr\/fr\/election-des-co-presidents-a-la-tete-de-la-federation-iae-france-partner-un-moment-dengagement-et-de-partage\/","og_site_name":"IGR IAE Rennes","article_published_time":"2023-11-27T11:34:55+00:00","article_modified_time":"2024-04-24T09:38:40+00:00","og_image":[{"width":1763,"height":1062,"url":"https:\/\/www.igr.univ-rennes.fr\/wp-content\/uploads\/2023\/11\/Snapchat-824716700.jpg","type":"image\/jpeg"}],"author":"Emma Lebaut","twitter_card":"summary_large_image","twitter_misc":{"\u00c9crit par":"Emma Lebaut","Dur\u00e9e de lecture estim\u00e9e":"3 minutes"},"schema":{"@context":"https:\/\/schema.org","@graph":[{"@type":"Article","@id":"https:\/\/www.igr.univ-rennes.fr\/fr\/election-des-co-presidents-a-la-tete-de-la-federation-iae-france-partner-un-moment-dengagement-et-de-partage\/#article","isPartOf":{"@id":"https:\/\/www.igr.univ-rennes.fr\/fr\/election-des-co-presidents-a-la-tete-de-la-federation-iae-france-partner-un-moment-dengagement-et-de-partage\/"},"author":{"name":"Emma Lebaut","@id":"https:\/\/www.igr.univ-rennes.fr\/fr\/#\/schema\/person\/ccc43b9cca93cd7a471bce264778297c"},"headline":"\u00c9lection des co-pr\u00e9sidents \u00e0 la t\u00eate de la f\u00e9d\u00e9ration IAE FRANCE PARTNER : un moment d&rsquo;engagement et de partage","datePublished":"2023-11-27T11:34:55+00:00","dateModified":"2024-04-24T09:38:40+00:00","mainEntityOfPage":{"@id":"https:\/\/www.igr.univ-rennes.fr\/fr\/election-des-co-presidents-a-la-tete-de-la-federation-iae-france-partner-un-moment-dengagement-et-de-partage\/"},"wordCount":425,"publisher":{"@id":"https:\/\/www.igr.univ-rennes.fr\/fr\/#organization"},"articleSection":["Vie associative"],"inLanguage":"fr-FR"},{"@type":"WebPage","@id":"https:\/\/www.igr.univ-rennes.fr\/fr\/election-des-co-presidents-a-la-tete-de-la-federation-iae-france-partner-un-moment-dengagement-et-de-partage\/","url":"https:\/\/www.igr.univ-rennes.fr\/fr\/election-des-co-presidents-a-la-tete-de-la-federation-iae-france-partner-un-moment-dengagement-et-de-partage\/","name":"\u00c9lection des co-pr\u00e9sidents \u00e0 la t\u00eate de la f\u00e9d\u00e9ration IAE FRANCE PARTNER : un moment d&rsquo;engagement et de partage - IGR IAE Rennes","isPartOf":{"@id":"https:\/\/www.igr.univ-rennes.fr\/fr\/#website"},"datePublished":"2023-11-27T11:34:55+00:00","dateModified":"2024-04-24T09:38:40+00:00","breadcrumb":{"@id":"https:\/\/www.igr.univ-rennes.fr\/fr\/election-des-co-presidents-a-la-tete-de-la-federation-iae-france-partner-un-moment-dengagement-et-de-partage\/#breadcrumb"},"inLanguage":"fr-FR","potentialAction":[{"@type":"ReadAction","target":["https:\/\/www.igr.univ-rennes.fr\/fr\/election-des-co-presidents-a-la-tete-de-la-federation-iae-france-partner-un-moment-dengagement-et-de-partage\/"]}]},{"@type":"BreadcrumbList","@id":"https:\/\/www.igr.univ-rennes.fr\/fr\/election-des-co-presidents-a-la-tete-de-la-federation-iae-france-partner-un-moment-dengagement-et-de-partage\/#breadcrumb","itemListElement":[{"@type":"ListItem","position":1,"name":"Accueil","item":"https:\/\/www.igr.univ-rennes.fr\/fr\/"},{"@type":"ListItem","position":2,"name":"\u00c9lection des co-pr\u00e9sidents \u00e0 la t\u00eate de la f\u00e9d\u00e9ration IAE FRANCE PARTNER : un moment d&rsquo;engagement et de partage"}]},{"@type":"WebSite","@id":"https:\/\/www.igr.univ-rennes.fr\/fr\/#website","url":"https:\/\/www.igr.univ-rennes.fr\/fr\/","name":"IGR IAE Rennes","description":"","publisher":{"@id":"https:\/\/www.igr.univ-rennes.fr\/fr\/#organization"},"potentialAction":[{"@type":"SearchAction","target":{"@type":"EntryPoint","urlTemplate":"https:\/\/www.igr.univ-rennes.fr\/fr\/?s={search_term_string}"},"query-input":"required name=search_term_string"}],"inLanguage":"fr-FR"},{"@type":"Organization","@id":"https:\/\/www.igr.univ-rennes.fr\/fr\/#organization","name":"IGR IAE Rennes","url":"https:\/\/www.igr.univ-rennes.fr\/fr\/","logo":{"@type":"ImageObject","inLanguage":"fr-FR","@id":"https:\/\/www.igr.univ-rennes.fr\/fr\/#\/schema\/logo\/image\/","url":"https:\/\/www.igr.univ-rennes.fr\/wp-content\/uploads\/2020\/06\/Logo-IGR-IAE-Rennes_Blanc-300dpi-RVB-e1597327228224.png","contentUrl":"https:\/\/www.igr.univ-rennes.fr\/wp-content\/uploads\/2020\/06\/Logo-IGR-IAE-Rennes_Blanc-300dpi-RVB-e1597327228224.png","width":290,"height":107,"caption":"IGR IAE Rennes"},"image":{"@id":"https:\/\/www.igr.univ-rennes.fr\/fr\/#\/schema\/logo\/image\/"}},{"@type":"Person","@id":"https:\/\/www.igr.univ-rennes.fr\/fr\/#\/schema\/person\/ccc43b9cca93cd7a471bce264778297c","name":"Emma Lebaut","image":{"@type":"ImageObject","inLanguage":"fr-FR","@id":"https:\/\/www.igr.univ-rennes.fr\/fr\/#\/schema\/person\/image\/","url":"https:\/\/secure.gravatar.com\/avatar\/5595dd0d6a0a6d72d586285ccf5929f4?s=96&d=mm&r=g","contentUrl":"https:\/\/secure.gravatar.com\/avatar\/5595dd0d6a0a6d72d586285ccf5929f4?s=96&d=mm&r=g","caption":"Emma Lebaut"}}]}},"_links":{"self":[{"href":"https:\/\/www.igr.univ-rennes.fr\/fr\/wp-json\/wp\/v2\/posts\/352813"}],"collection":[{"href":"https:\/\/www.igr.univ-rennes.fr\/fr\/wp-json\/wp\/v2\/posts"}],"about":[{"href":"https:\/\/www.igr.univ-rennes.fr\/fr\/wp-json\/wp\/v2\/types\/post"}],"author":[{"embeddable":true,"href":"https:\/\/www.igr.univ-rennes.fr\/fr\/wp-json\/wp\/v2\/users\/9"}],"replies":[{"embeddable":true,"href":"https:\/\/www.igr.univ-rennes.fr\/fr\/wp-json\/wp\/v2\/comments?post=352813"}],"version-history":[{"count":7,"href":"https:\/\/www.igr.univ-rennes.fr\/fr\/wp-json\/wp\/v2\/posts\/352813\/revisions"}],"predecessor-version":[{"id":394011,"href":"https:\/\/www.igr.univ-rennes.fr\/fr\/wp-json\/wp\/v2\/posts\/352813\/revisions\/394011"}],"wp:featuredmedia":[{"embeddable":true,"href":"https:\/\/www.igr.univ-rennes.fr\/fr\/wp-json\/wp\/v2\/media\/352814"}],"wp:attachment":[{"href":"https:\/\/www.igr.univ-rennes.fr\/fr\/wp-json\/wp\/v2\/media?parent=352813"}],"wp:term":[{"taxonomy":"category","embeddable":true,"href":"https:\/\/www.igr.univ-rennes.fr\/fr\/wp-json\/wp\/v2\/categories?post=352813"},{"taxonomy":"post_tag","embeddable":true,"href":"https:\/\/www.igr.univ-rennes.fr\/fr\/wp-json\/wp\/v2\/tags?post=352813"}],"curies":[{"name":"wp","href":"https:\/\/api.w.org\/{rel}","templated":true}]}}