{"id":347423,"date":"2023-11-22T14:59:50","date_gmt":"2023-11-22T13:59:50","guid":{"rendered":"https:\/\/www.igr.univ-rennes.fr\/?p=347423"},"modified":"2023-12-04T16:11:23","modified_gmt":"2023-12-04T15:11:23","slug":"canon-bretagne-fait-un-don-de-livres-au-cfjm","status":"publish","type":"post","link":"https:\/\/www.igr.univ-rennes.fr\/fr\/canon-bretagne-fait-un-don-de-livres-au-cfjm\/","title":{"rendered":"Canon Bretagne fait un don de livres au CFJM"},"content":{"rendered":"\t\t<div data-elementor-type=\"wp-post\" data-elementor-id=\"347423\" class=\"elementor elementor-347423\" data-elementor-post-type=\"post\">\n\t\t\t\t\t\t<section class=\"elementor-section elementor-top-section elementor-element elementor-element-591b918 elementor-section-boxed elementor-section-height-default elementor-section-height-default\" data-id=\"591b918\" data-element_type=\"section\" data-e-type=\"section\">\n\t\t\t\t\t\t<div class=\"elementor-container elementor-column-gap-default\">\n\t\t\t\t\t<div class=\"elementor-column elementor-col-100 elementor-top-column elementor-element elementor-element-f1801a5\" data-id=\"f1801a5\" data-element_type=\"column\" data-e-type=\"column\">\n\t\t\t<div class=\"elementor-widget-wrap elementor-element-populated\">\n\t\t\t\t\t\t<div class=\"elementor-element elementor-element-5e2d756 elementor-widget elementor-widget-text-editor\" data-id=\"5e2d756\" data-element_type=\"widget\" data-e-type=\"widget\" data-widget_type=\"text-editor.default\">\n\t\t\t\t<div class=\"elementor-widget-container\">\n\t\t\t\t\t\t\t\t\t<p>Fin octobre 2023, Canon Bretagne, a fait don de livres japonais au Centre Franco-Japonais de Managements (CFJM) \u00e0 l&rsquo;IGR-IAE Rennes.<\/p><p>Le Pr\u00e9sident en personne, M. JO Yoshinobu, a sugg\u00e9r\u00e9 que l&rsquo;entreprise utilise les livres de sa biblioth\u00e8que interne au profit des \u00e9tudiants qui \u00e9tudient le japonais et a fait don de 750 livres \u00e0 la biblioth\u00e8que du CFJM, d\u00e9di\u00e9e \u00e0 la langue japonaise. Les livres seront utilis\u00e9s \u00e0 bon escient par les \u00e9tudiants du Master MAE Management des Entreprises Japonaises.<\/p>\t\t\t\t\t\t\t\t<\/div>\n\t\t\t\t<\/div>\n\t\t\t\t\t<\/div>\n\t\t<\/div>\n\t\t\t\t\t<\/div>\n\t\t<\/section>\n\t\t\t\t<section class=\"elementor-section elementor-top-section elementor-element elementor-element-b3c0b10 elementor-section-boxed elementor-section-height-default elementor-section-height-default\" data-id=\"b3c0b10\" data-element_type=\"section\" data-e-type=\"section\">\n\t\t\t\t\t\t<div class=\"elementor-container elementor-column-gap-default\">\n\t\t\t\t\t<div class=\"elementor-column elementor-col-100 elementor-top-column elementor-element elementor-element-4a7247a\" data-id=\"4a7247a\" data-element_type=\"column\" data-e-type=\"column\">\n\t\t\t<div class=\"elementor-widget-wrap elementor-element-populated\">\n\t\t\t\t\t\t<div class=\"elementor-element elementor-element-c5ac269 elementor-widget__width-initial elementor-widget elementor-widget-image\" data-id=\"c5ac269\" data-element_type=\"widget\" data-e-type=\"widget\" data-widget_type=\"image.default\">\n\t\t\t\t<div class=\"elementor-widget-container\">\n\t\t\t\t\t\t\t\t\t\t\t\t\t\t\t<img fetchpriority=\"high\" decoding=\"async\" width=\"800\" height=\"604\" src=\"https:\/\/www.igr.univ-rennes.fr\/wp-content\/uploads\/2023\/11\/Don-de-livres-Canon-Bretagne-1024x773.jpg\" class=\"attachment-large size-large wp-image-347424\" alt=\"\" srcset=\"https:\/\/www.igr.univ-rennes.fr\/wp-content\/uploads\/2023\/11\/Don-de-livres-Canon-Bretagne-1024x773.jpg 1024w, https:\/\/www.igr.univ-rennes.fr\/wp-content\/uploads\/2023\/11\/Don-de-livres-Canon-Bretagne-300x226.jpg 300w, https:\/\/www.igr.univ-rennes.fr\/wp-content\/uploads\/2023\/11\/Don-de-livres-Canon-Bretagne-768x580.jpg 768w, https:\/\/www.igr.univ-rennes.fr\/wp-content\/uploads\/2023\/11\/Don-de-livres-Canon-Bretagne-1536x1159.jpg 1536w, https:\/\/www.igr.univ-rennes.fr\/wp-content\/uploads\/2023\/11\/Don-de-livres-Canon-Bretagne-2048x1545.jpg 2048w\" sizes=\"(max-width: 800px) 100vw, 800px\" \/>\t\t\t\t\t\t\t\t\t\t\t\t\t\t\t<\/div>\n\t\t\t\t<\/div>\n\t\t\t\t\t<\/div>\n\t\t<\/div>\n\t\t\t\t\t<\/div>\n\t\t<\/section>\n\t\t\t\t<section class=\"elementor-section elementor-top-section elementor-element elementor-element-6f9bdb7 elementor-section-boxed elementor-section-height-default elementor-section-height-default\" data-id=\"6f9bdb7\" data-element_type=\"section\" data-e-type=\"section\">\n\t\t\t\t\t\t<div class=\"elementor-container elementor-column-gap-default\">\n\t\t\t\t\t<div class=\"elementor-column elementor-col-100 elementor-top-column elementor-element elementor-element-98b76c3\" data-id=\"98b76c3\" data-element_type=\"column\" data-e-type=\"column\">\n\t\t\t<div class=\"elementor-widget-wrap elementor-element-populated\">\n\t\t\t\t\t\t<div class=\"elementor-element elementor-element-28dff14 elementor-widget elementor-widget-heading\" data-id=\"28dff14\" data-element_type=\"widget\" data-e-type=\"widget\" data-widget_type=\"heading.default\">\n\t\t\t\t<div class=\"elementor-widget-container\">\n\t\t\t\t\t<h2 class=\"elementor-heading-title elementor-size-default\">Canon et le CFJM, une longue histoire<\/h2>\t\t\t\t<\/div>\n\t\t\t\t<\/div>\n\t\t\t\t\t<\/div>\n\t\t<\/div>\n\t\t\t\t\t<\/div>\n\t\t<\/section>\n\t\t\t\t<section class=\"elementor-section elementor-top-section elementor-element elementor-element-3914037 elementor-section-boxed elementor-section-height-default elementor-section-height-default\" data-id=\"3914037\" data-element_type=\"section\" data-e-type=\"section\">\n\t\t\t\t\t\t<div class=\"elementor-container elementor-column-gap-default\">\n\t\t\t\t\t<div class=\"elementor-column elementor-col-100 elementor-top-column elementor-element elementor-element-ceb6dbb\" data-id=\"ceb6dbb\" data-element_type=\"column\" data-e-type=\"column\">\n\t\t\t<div class=\"elementor-widget-wrap elementor-element-populated\">\n\t\t\t\t\t\t<div class=\"elementor-element elementor-element-a5f86f1 elementor-widget elementor-widget-text-editor\" data-id=\"a5f86f1\" data-element_type=\"widget\" data-e-type=\"widget\" data-widget_type=\"text-editor.default\">\n\t\t\t\t<div class=\"elementor-widget-container\">\n\t\t\t\t\t\t\t\t\t<p>Canon Bretagne, filiale du groupe japonais, est bas\u00e9e \u00e0 Liffr\u00e9 et s&rsquo;est sp\u00e9cialis\u00e9e dans la sous-traitance \u00e9lectronique, industrielle et m\u00e9dicale.<\/p>\n<p>Canon Bretagne a \u00e9t\u00e9 une des entreprises japonaises fra\u00eechement install\u00e9es dans notre r\u00e9gion dans les ann\u00e9es 80 \u00e0 soutenir <a href=\"https:\/\/www.igr.univ-rennes.fr\/fr\/capsule-japon-2-rencontre-m-nishino-canon-liffre\/\">la cr\u00e9ation du Centre Franco-Japonais en 1992<\/a>.<\/p>\n<p>Ce partenariat se perp\u00e9tue en Bretagne mais aussi au Japon. En d\u00e9cembre 2022, <a href=\"https:\/\/www.igr.univ-rennes.fr\/fr\/mission-japon-episode-1-visite-chez-canon-corporation\/\">une d\u00e9l\u00e9gation du CFJM<\/a>, men\u00e9e par Pr. Karine Picot-Coupey, Directrice du Centre, s\u2019est rendue au si\u00e8ge historique de l\u2019entreprise Canon \u00e0 Tokyo pour y \u00eatre re\u00e7ue par la Direction des Ressources Humaines du groupe.<\/p>\n<p>Depuis plus de 30 ans, le si\u00e8ge social du groupe ou ses implantations locales accueillent un ou plusieurs stagiaires au Japon chaque ann\u00e9e.&nbsp;<\/p>\t\t\t\t\t\t\t\t<\/div>\n\t\t\t\t<\/div>\n\t\t\t\t\t<\/div>\n\t\t<\/div>\n\t\t\t\t\t<\/div>\n\t\t<\/section>\n\t\t\t\t<section class=\"elementor-section elementor-top-section elementor-element elementor-element-df0385f elementor-section-boxed elementor-section-height-default elementor-section-height-default\" data-id=\"df0385f\" data-element_type=\"section\" data-e-type=\"section\">\n\t\t\t\t\t\t<div class=\"elementor-container elementor-column-gap-default\">\n\t\t\t\t\t<div class=\"elementor-column elementor-col-100 elementor-top-column elementor-element elementor-element-1cd4ba3\" data-id=\"1cd4ba3\" data-element_type=\"column\" data-e-type=\"column\">\n\t\t\t<div class=\"elementor-widget-wrap elementor-element-populated\">\n\t\t\t\t\t\t<div class=\"elementor-element elementor-element-98e70a2 elementor-widget elementor-widget-gallery\" data-id=\"98e70a2\" data-element_type=\"widget\" data-e-type=\"widget\" data-settings=\"{&quot;lazyload&quot;:&quot;yes&quot;,&quot;gallery_layout&quot;:&quot;grid&quot;,&quot;columns&quot;:4,&quot;columns_tablet&quot;:2,&quot;columns_mobile&quot;:1,&quot;gap&quot;:{&quot;unit&quot;:&quot;px&quot;,&quot;size&quot;:10,&quot;sizes&quot;:[]},&quot;gap_widescreen&quot;:{&quot;unit&quot;:&quot;px&quot;,&quot;size&quot;:&quot;&quot;,&quot;sizes&quot;:[]},&quot;gap_laptop&quot;:{&quot;unit&quot;:&quot;px&quot;,&quot;size&quot;:10,&quot;sizes&quot;:[]},&quot;gap_tablet_extra&quot;:{&quot;unit&quot;:&quot;px&quot;,&quot;size&quot;:10,&quot;sizes&quot;:[]},&quot;gap_tablet&quot;:{&quot;unit&quot;:&quot;px&quot;,&quot;size&quot;:10,&quot;sizes&quot;:[]},&quot;gap_mobile&quot;:{&quot;unit&quot;:&quot;px&quot;,&quot;size&quot;:10,&quot;sizes&quot;:[]},&quot;link_to&quot;:&quot;file&quot;,&quot;aspect_ratio&quot;:&quot;3:2&quot;,&quot;overlay_background&quot;:&quot;yes&quot;,&quot;content_hover_animation&quot;:&quot;fade-in&quot;}\" data-widget_type=\"gallery.default\">\n\t\t\t\t<div class=\"elementor-widget-container\">\n\t\t\t\t\t\t\t<div class=\"elementor-gallery__container\">\n\t\t\t\t\t\t\t<a class=\"e-gallery-item elementor-gallery-item elementor-animated-content\" href=\"https:\/\/www.igr.univ-rennes.fr\/wp-content\/uploads\/2023\/11\/Canon2_December2022-scaled.jpg\" data-elementor-open-lightbox=\"yes\" data-elementor-lightbox-slideshow=\"98e70a2\" data-elementor-lightbox-title=\"Canon2_December2022\" data-e-action-hash=\"#elementor-action%3Aaction%3Dlightbox%26settings%3DeyJpZCI6MzQ3NDQxLCJ1cmwiOiJodHRwczpcL1wvd3d3Lmlnci51bml2LXJlbm5lcy5mclwvd3AtY29udGVudFwvdXBsb2Fkc1wvMjAyM1wvMTFcL0Nhbm9uMl9EZWNlbWJlcjIwMjItc2NhbGVkLmpwZyIsInNsaWRlc2hvdyI6Ijk4ZTcwYTIifQ%3D%3D\">\n\t\t\t\t\t<div class=\"e-gallery-image elementor-gallery-item__image\" data-thumbnail=\"https:\/\/www.igr.univ-rennes.fr\/wp-content\/uploads\/2023\/11\/Canon2_December2022-300x225.jpg\" data-width=\"300\" data-height=\"225\" aria-label=\"\" role=\"img\" ><\/div>\n\t\t\t\t\t\t\t\t\t\t\t<div class=\"elementor-gallery-item__overlay\"><\/div>\n\t\t\t\t\t\t\t\t\t\t\t\t\t\t<\/a>\n\t\t\t\t\t\t\t<a class=\"e-gallery-item elementor-gallery-item elementor-animated-content\" href=\"https:\/\/www.igr.univ-rennes.fr\/wp-content\/uploads\/2023\/11\/Canon3_December2022.jpg\" data-elementor-open-lightbox=\"yes\" data-elementor-lightbox-slideshow=\"98e70a2\" data-elementor-lightbox-title=\"Canon3_December2022\" data-e-action-hash=\"#elementor-action%3Aaction%3Dlightbox%26settings%3DeyJpZCI6MzQ3NDQzLCJ1cmwiOiJodHRwczpcL1wvd3d3Lmlnci51bml2LXJlbm5lcy5mclwvd3AtY29udGVudFwvdXBsb2Fkc1wvMjAyM1wvMTFcL0Nhbm9uM19EZWNlbWJlcjIwMjIuanBnIiwic2xpZGVzaG93IjoiOThlNzBhMiJ9\">\n\t\t\t\t\t<div class=\"e-gallery-image elementor-gallery-item__image\" data-thumbnail=\"https:\/\/www.igr.univ-rennes.fr\/wp-content\/uploads\/2023\/11\/Canon3_December2022-225x300.jpg\" data-width=\"225\" data-height=\"300\" aria-label=\"\" role=\"img\" ><\/div>\n\t\t\t\t\t\t\t\t\t\t\t<div class=\"elementor-gallery-item__overlay\"><\/div>\n\t\t\t\t\t\t\t\t\t\t\t\t\t\t<\/a>\n\t\t\t\t\t\t\t<a class=\"e-gallery-item elementor-gallery-item elementor-animated-content\" href=\"https:\/\/www.igr.univ-rennes.fr\/wp-content\/uploads\/2023\/11\/WhatsApp-Image-2023-01-26-at-17.52.14-3-e1675788275896-280x300-1.jpeg\" data-elementor-open-lightbox=\"yes\" data-elementor-lightbox-slideshow=\"98e70a2\" data-elementor-lightbox-title=\"WhatsApp-Image-2023-01-26-at-17.52.14-3-e1675788275896-280x300\" data-e-action-hash=\"#elementor-action%3Aaction%3Dlightbox%26settings%3DeyJpZCI6MzQ3NDQ4LCJ1cmwiOiJodHRwczpcL1wvd3d3Lmlnci51bml2LXJlbm5lcy5mclwvd3AtY29udGVudFwvdXBsb2Fkc1wvMjAyM1wvMTFcL1doYXRzQXBwLUltYWdlLTIwMjMtMDEtMjYtYXQtMTcuNTIuMTQtMy1lMTY3NTc4ODI3NTg5Ni0yODB4MzAwLTEuanBlZyIsInNsaWRlc2hvdyI6Ijk4ZTcwYTIifQ%3D%3D\">\n\t\t\t\t\t<div class=\"e-gallery-image elementor-gallery-item__image\" data-thumbnail=\"https:\/\/www.igr.univ-rennes.fr\/wp-content\/uploads\/2023\/11\/WhatsApp-Image-2023-01-26-at-17.52.14-3-e1675788275896-280x300-1.jpeg\" data-width=\"280\" data-height=\"300\" aria-label=\"\" role=\"img\" ><\/div>\n\t\t\t\t\t\t\t\t\t\t\t<div class=\"elementor-gallery-item__overlay\"><\/div>\n\t\t\t\t\t\t\t\t\t\t\t\t\t\t<\/a>\n\t\t\t\t\t\t\t<a class=\"e-gallery-item elementor-gallery-item elementor-animated-content\" href=\"https:\/\/www.igr.univ-rennes.fr\/wp-content\/uploads\/2023\/11\/Don-de-livres-Canon-Bretagne-scaled.jpg\" data-elementor-open-lightbox=\"yes\" data-elementor-lightbox-slideshow=\"98e70a2\" data-elementor-lightbox-title=\"Don de livres Canon Bretagne\" data-e-action-hash=\"#elementor-action%3Aaction%3Dlightbox%26settings%3DeyJpZCI6MzQ3NDI0LCJ1cmwiOiJodHRwczpcL1wvd3d3Lmlnci51bml2LXJlbm5lcy5mclwvd3AtY29udGVudFwvdXBsb2Fkc1wvMjAyM1wvMTFcL0Rvbi1kZS1saXZyZXMtQ2Fub24tQnJldGFnbmUtc2NhbGVkLmpwZyIsInNsaWRlc2hvdyI6Ijk4ZTcwYTIifQ%3D%3D\">\n\t\t\t\t\t<div class=\"e-gallery-image elementor-gallery-item__image\" data-thumbnail=\"https:\/\/www.igr.univ-rennes.fr\/wp-content\/uploads\/2023\/11\/Don-de-livres-Canon-Bretagne-300x226.jpg\" data-width=\"300\" data-height=\"226\" aria-label=\"\" role=\"img\" ><\/div>\n\t\t\t\t\t\t\t\t\t\t\t<div class=\"elementor-gallery-item__overlay\"><\/div>\n\t\t\t\t\t\t\t\t\t\t\t\t\t\t<\/a>\n\t\t\t\t\t<\/div>\n\t\t\t\t\t<\/div>\n\t\t\t\t<\/div>\n\t\t\t\t\t<\/div>\n\t\t<\/div>\n\t\t\t\t\t<\/div>\n\t\t<\/section>\n\t\t\t\t<section class=\"elementor-section elementor-top-section elementor-element elementor-element-2bed1d1 elementor-section-boxed elementor-section-height-default elementor-section-height-default\" data-id=\"2bed1d1\" data-element_type=\"section\" data-e-type=\"section\">\n\t\t\t\t\t\t<div class=\"elementor-container elementor-column-gap-default\">\n\t\t\t\t\t<div class=\"elementor-column elementor-col-100 elementor-top-column elementor-element elementor-element-6a3195c\" data-id=\"6a3195c\" data-element_type=\"column\" data-e-type=\"column\">\n\t\t\t<div class=\"elementor-widget-wrap elementor-element-populated\">\n\t\t\t\t\t\t<div class=\"elementor-element elementor-element-daeadb3 elementor-widget elementor-widget-text-editor\" data-id=\"daeadb3\" data-element_type=\"widget\" data-e-type=\"widget\" data-widget_type=\"text-editor.default\">\n\t\t\t\t<div class=\"elementor-widget-container\">\n\t\t\t\t\t\t\t\t\t<h4 style=\"text-align: center;\">\u2666\u2666\u2666<\/h4><p>Au nom du CFJM et de l&rsquo;Universit\u00e9 de Rennes, Karine Picot-Coupey exprime ses sinc\u00e8res remerciements \u00e0 Canon Bretagne pour le don de livres effectu\u00e9.<\/p><p>Pour plus d&rsquo;informations sur Canon Bretagne, cliquez <a href=\"https:\/\/canon-bretagne.fr\/\" target=\"_blank\" rel=\"noopener\">ici<\/a>.<\/p>\t\t\t\t\t\t\t\t<\/div>\n\t\t\t\t<\/div>\n\t\t\t\t\t<\/div>\n\t\t<\/div>\n\t\t\t\t\t<\/div>\n\t\t<\/section>\n\t\t\t\t<\/div>\n\t\t","protected":false},"excerpt":{"rendered":"<p> Canon Bretagne a fait un don de livres japonais au Centre Franco-Japonais de Management de l&rsquo;IGR-IAE Rennes.<\/p>\n","protected":false},"author":20,"featured_media":347426,"comment_status":"closed","ping_status":"closed","sticky":true,"template":"","format":"standard","meta":{"_acf_changed":false,"footnotes":""},"categories":[64,68],"tags":[],"class_list":["post-347423","post","type-post","status-publish","format-standard","has-post-thumbnail","hentry","category-formation","category-international"],"acf":[],"yoast_head":"<!-- This site is optimized with the Yoast SEO plugin v27.5 - https:\/\/yoast.com\/product\/yoast-seo-wordpress\/ -->\n<title>Canon Bretagne fait un don de livres au CFJM - IGR IAE Rennes<\/title>\n<meta name=\"robots\" content=\"index, follow, max-snippet:-1, max-image-preview:large, max-video-preview:-1\" \/>\n<link rel=\"canonical\" href=\"https:\/\/www.igr.univ-rennes.fr\/fr\/canon-bretagne-fait-un-don-de-livres-au-cfjm\/\" \/>\n<meta property=\"og:locale\" content=\"fr_FR\" \/>\n<meta property=\"og:type\" content=\"article\" \/>\n<meta property=\"og:title\" content=\"Canon Bretagne fait un don de livres au CFJM - IGR IAE Rennes\" \/>\n<meta property=\"og:description\" content=\"Canon Bretagne a fait un don de livres japonais au Centre Franco-Japonais de Management de l&#039;IGR-IAE Rennes.\" \/>\n<meta property=\"og:url\" content=\"https:\/\/www.igr.univ-rennes.fr\/fr\/canon-bretagne-fait-un-don-de-livres-au-cfjm\/\" \/>\n<meta property=\"og:site_name\" content=\"IGR IAE Rennes\" \/>\n<meta property=\"article:published_time\" content=\"2023-11-22T13:59:50+00:00\" \/>\n<meta property=\"article:modified_time\" content=\"2023-12-04T15:11:23+00:00\" \/>\n<meta property=\"og:image\" content=\"https:\/\/www.igr.univ-rennes.fr\/wp-content\/uploads\/2023\/11\/Don-de-livres-Canon-Bretagne2-scaled.jpg\" \/>\n\t<meta property=\"og:image:width\" content=\"2560\" \/>\n\t<meta property=\"og:image:height\" content=\"1920\" \/>\n\t<meta property=\"og:image:type\" content=\"image\/jpeg\" \/>\n<meta name=\"author\" content=\"Aymeric Lachiver\" \/>\n<meta name=\"twitter:card\" content=\"summary_large_image\" \/>\n<meta name=\"twitter:label1\" content=\"\u00c9crit par\" \/>\n\t<meta name=\"twitter:data1\" content=\"Aymeric Lachiver\" \/>\n\t<meta name=\"twitter:label2\" content=\"Dur\u00e9e de lecture estim\u00e9e\" \/>\n\t<meta name=\"twitter:data2\" content=\"2 minutes\" \/>\n<script type=\"application\/ld+json\" class=\"yoast-schema-graph\">{\"@context\":\"https:\\\/\\\/schema.org\",\"@graph\":[{\"@type\":\"Article\",\"@id\":\"https:\\\/\\\/www.igr.univ-rennes.fr\\\/fr\\\/canon-bretagne-fait-un-don-de-livres-au-cfjm\\\/#article\",\"isPartOf\":{\"@id\":\"https:\\\/\\\/www.igr.univ-rennes.fr\\\/fr\\\/canon-bretagne-fait-un-don-de-livres-au-cfjm\\\/\"},\"author\":{\"name\":\"Aymeric Lachiver\",\"@id\":\"https:\\\/\\\/www.igr.univ-rennes.fr\\\/fr\\\/#\\\/schema\\\/person\\\/0cbdb4434499f99979493cc4d8ed0c22\"},\"headline\":\"Canon Bretagne fait un don de livres au CFJM\",\"datePublished\":\"2023-11-22T13:59:50+00:00\",\"dateModified\":\"2023-12-04T15:11:23+00:00\",\"mainEntityOfPage\":{\"@id\":\"https:\\\/\\\/www.igr.univ-rennes.fr\\\/fr\\\/canon-bretagne-fait-un-don-de-livres-au-cfjm\\\/\"},\"wordCount\":264,\"publisher\":{\"@id\":\"https:\\\/\\\/www.igr.univ-rennes.fr\\\/fr\\\/#organization\"},\"image\":{\"@id\":\"https:\\\/\\\/www.igr.univ-rennes.fr\\\/fr\\\/canon-bretagne-fait-un-don-de-livres-au-cfjm\\\/#primaryimage\"},\"thumbnailUrl\":\"https:\\\/\\\/www.igr.univ-rennes.fr\\\/wp-content\\\/uploads\\\/2023\\\/11\\\/Don-de-livres-Canon-Bretagne2-scaled.jpg\",\"articleSection\":[\"Formation\",\"International\"],\"inLanguage\":\"fr-FR\"},{\"@type\":\"WebPage\",\"@id\":\"https:\\\/\\\/www.igr.univ-rennes.fr\\\/fr\\\/canon-bretagne-fait-un-don-de-livres-au-cfjm\\\/\",\"url\":\"https:\\\/\\\/www.igr.univ-rennes.fr\\\/fr\\\/canon-bretagne-fait-un-don-de-livres-au-cfjm\\\/\",\"name\":\"Canon Bretagne fait un don de livres au CFJM - IGR IAE Rennes\",\"isPartOf\":{\"@id\":\"https:\\\/\\\/www.igr.univ-rennes.fr\\\/fr\\\/#website\"},\"primaryImageOfPage\":{\"@id\":\"https:\\\/\\\/www.igr.univ-rennes.fr\\\/fr\\\/canon-bretagne-fait-un-don-de-livres-au-cfjm\\\/#primaryimage\"},\"image\":{\"@id\":\"https:\\\/\\\/www.igr.univ-rennes.fr\\\/fr\\\/canon-bretagne-fait-un-don-de-livres-au-cfjm\\\/#primaryimage\"},\"thumbnailUrl\":\"https:\\\/\\\/www.igr.univ-rennes.fr\\\/wp-content\\\/uploads\\\/2023\\\/11\\\/Don-de-livres-Canon-Bretagne2-scaled.jpg\",\"datePublished\":\"2023-11-22T13:59:50+00:00\",\"dateModified\":\"2023-12-04T15:11:23+00:00\",\"breadcrumb\":{\"@id\":\"https:\\\/\\\/www.igr.univ-rennes.fr\\\/fr\\\/canon-bretagne-fait-un-don-de-livres-au-cfjm\\\/#breadcrumb\"},\"inLanguage\":\"fr-FR\",\"potentialAction\":[{\"@type\":\"ReadAction\",\"target\":[\"https:\\\/\\\/www.igr.univ-rennes.fr\\\/fr\\\/canon-bretagne-fait-un-don-de-livres-au-cfjm\\\/\"]}]},{\"@type\":\"ImageObject\",\"inLanguage\":\"fr-FR\",\"@id\":\"https:\\\/\\\/www.igr.univ-rennes.fr\\\/fr\\\/canon-bretagne-fait-un-don-de-livres-au-cfjm\\\/#primaryimage\",\"url\":\"https:\\\/\\\/www.igr.univ-rennes.fr\\\/wp-content\\\/uploads\\\/2023\\\/11\\\/Don-de-livres-Canon-Bretagne2-scaled.jpg\",\"contentUrl\":\"https:\\\/\\\/www.igr.univ-rennes.fr\\\/wp-content\\\/uploads\\\/2023\\\/11\\\/Don-de-livres-Canon-Bretagne2-scaled.jpg\",\"width\":2560,\"height\":1920},{\"@type\":\"BreadcrumbList\",\"@id\":\"https:\\\/\\\/www.igr.univ-rennes.fr\\\/fr\\\/canon-bretagne-fait-un-don-de-livres-au-cfjm\\\/#breadcrumb\",\"itemListElement\":[{\"@type\":\"ListItem\",\"position\":1,\"name\":\"Accueil\",\"item\":\"https:\\\/\\\/www.igr.univ-rennes.fr\\\/fr\\\/\"},{\"@type\":\"ListItem\",\"position\":2,\"name\":\"Canon Bretagne fait un don de livres au CFJM\"}]},{\"@type\":\"WebSite\",\"@id\":\"https:\\\/\\\/www.igr.univ-rennes.fr\\\/fr\\\/#website\",\"url\":\"https:\\\/\\\/www.igr.univ-rennes.fr\\\/fr\\\/\",\"name\":\"IGR IAE Rennes\",\"description\":\"\",\"publisher\":{\"@id\":\"https:\\\/\\\/www.igr.univ-rennes.fr\\\/fr\\\/#organization\"},\"potentialAction\":[{\"@type\":\"SearchAction\",\"target\":{\"@type\":\"EntryPoint\",\"urlTemplate\":\"https:\\\/\\\/www.igr.univ-rennes.fr\\\/fr\\\/?s={search_term_string}\"},\"query-input\":{\"@type\":\"PropertyValueSpecification\",\"valueRequired\":true,\"valueName\":\"search_term_string\"}}],\"inLanguage\":\"fr-FR\"},{\"@type\":\"Organization\",\"@id\":\"https:\\\/\\\/www.igr.univ-rennes.fr\\\/fr\\\/#organization\",\"name\":\"IGR IAE Rennes\",\"url\":\"https:\\\/\\\/www.igr.univ-rennes.fr\\\/fr\\\/\",\"logo\":{\"@type\":\"ImageObject\",\"inLanguage\":\"fr-FR\",\"@id\":\"https:\\\/\\\/www.igr.univ-rennes.fr\\\/fr\\\/#\\\/schema\\\/logo\\\/image\\\/\",\"url\":\"https:\\\/\\\/www.igr.univ-rennes.fr\\\/wp-content\\\/uploads\\\/2020\\\/06\\\/Logo-IGR-IAE-Rennes_Blanc-300dpi-RVB-e1597327228224.png\",\"contentUrl\":\"https:\\\/\\\/www.igr.univ-rennes.fr\\\/wp-content\\\/uploads\\\/2020\\\/06\\\/Logo-IGR-IAE-Rennes_Blanc-300dpi-RVB-e1597327228224.png\",\"width\":290,\"height\":107,\"caption\":\"IGR IAE Rennes\"},\"image\":{\"@id\":\"https:\\\/\\\/www.igr.univ-rennes.fr\\\/fr\\\/#\\\/schema\\\/logo\\\/image\\\/\"}},{\"@type\":\"Person\",\"@id\":\"https:\\\/\\\/www.igr.univ-rennes.fr\\\/fr\\\/#\\\/schema\\\/person\\\/0cbdb4434499f99979493cc4d8ed0c22\",\"name\":\"Aymeric Lachiver\",\"image\":{\"@type\":\"ImageObject\",\"inLanguage\":\"fr-FR\",\"@id\":\"https:\\\/\\\/secure.gravatar.com\\\/avatar\\\/b66f428634f5e465c12f631f6273290b0576321476cf82222b7b912558f008d9?s=96&d=mm&r=g\",\"url\":\"https:\\\/\\\/secure.gravatar.com\\\/avatar\\\/b66f428634f5e465c12f631f6273290b0576321476cf82222b7b912558f008d9?s=96&d=mm&r=g\",\"contentUrl\":\"https:\\\/\\\/secure.gravatar.com\\\/avatar\\\/b66f428634f5e465c12f631f6273290b0576321476cf82222b7b912558f008d9?s=96&d=mm&r=g\",\"caption\":\"Aymeric Lachiver\"},\"sameAs\":[\"https:\\\/\\\/www.igr.univ-rennes1.fr\\\/\"]}]}<\/script>\n<!-- \/ Yoast SEO plugin. -->","yoast_head_json":{"title":"Canon Bretagne fait un don de livres au CFJM - IGR IAE Rennes","robots":{"index":"index","follow":"follow","max-snippet":"max-snippet:-1","max-image-preview":"max-image-preview:large","max-video-preview":"max-video-preview:-1"},"canonical":"https:\/\/www.igr.univ-rennes.fr\/fr\/canon-bretagne-fait-un-don-de-livres-au-cfjm\/","og_locale":"fr_FR","og_type":"article","og_title":"Canon Bretagne fait un don de livres au CFJM - IGR IAE Rennes","og_description":"Canon Bretagne a fait un don de livres japonais au Centre Franco-Japonais de Management de l'IGR-IAE Rennes.","og_url":"https:\/\/www.igr.univ-rennes.fr\/fr\/canon-bretagne-fait-un-don-de-livres-au-cfjm\/","og_site_name":"IGR IAE Rennes","article_published_time":"2023-11-22T13:59:50+00:00","article_modified_time":"2023-12-04T15:11:23+00:00","og_image":[{"width":2560,"height":1920,"url":"https:\/\/www.igr.univ-rennes.fr\/wp-content\/uploads\/2023\/11\/Don-de-livres-Canon-Bretagne2-scaled.jpg","type":"image\/jpeg"}],"author":"Aymeric Lachiver","twitter_card":"summary_large_image","twitter_misc":{"\u00c9crit par":"Aymeric Lachiver","Dur\u00e9e de lecture estim\u00e9e":"2 minutes"},"schema":{"@context":"https:\/\/schema.org","@graph":[{"@type":"Article","@id":"https:\/\/www.igr.univ-rennes.fr\/fr\/canon-bretagne-fait-un-don-de-livres-au-cfjm\/#article","isPartOf":{"@id":"https:\/\/www.igr.univ-rennes.fr\/fr\/canon-bretagne-fait-un-don-de-livres-au-cfjm\/"},"author":{"name":"Aymeric Lachiver","@id":"https:\/\/www.igr.univ-rennes.fr\/fr\/#\/schema\/person\/0cbdb4434499f99979493cc4d8ed0c22"},"headline":"Canon Bretagne fait un don de livres au CFJM","datePublished":"2023-11-22T13:59:50+00:00","dateModified":"2023-12-04T15:11:23+00:00","mainEntityOfPage":{"@id":"https:\/\/www.igr.univ-rennes.fr\/fr\/canon-bretagne-fait-un-don-de-livres-au-cfjm\/"},"wordCount":264,"publisher":{"@id":"https:\/\/www.igr.univ-rennes.fr\/fr\/#organization"},"image":{"@id":"https:\/\/www.igr.univ-rennes.fr\/fr\/canon-bretagne-fait-un-don-de-livres-au-cfjm\/#primaryimage"},"thumbnailUrl":"https:\/\/www.igr.univ-rennes.fr\/wp-content\/uploads\/2023\/11\/Don-de-livres-Canon-Bretagne2-scaled.jpg","articleSection":["Formation","International"],"inLanguage":"fr-FR"},{"@type":"WebPage","@id":"https:\/\/www.igr.univ-rennes.fr\/fr\/canon-bretagne-fait-un-don-de-livres-au-cfjm\/","url":"https:\/\/www.igr.univ-rennes.fr\/fr\/canon-bretagne-fait-un-don-de-livres-au-cfjm\/","name":"Canon Bretagne fait un don de livres au CFJM - IGR IAE Rennes","isPartOf":{"@id":"https:\/\/www.igr.univ-rennes.fr\/fr\/#website"},"primaryImageOfPage":{"@id":"https:\/\/www.igr.univ-rennes.fr\/fr\/canon-bretagne-fait-un-don-de-livres-au-cfjm\/#primaryimage"},"image":{"@id":"https:\/\/www.igr.univ-rennes.fr\/fr\/canon-bretagne-fait-un-don-de-livres-au-cfjm\/#primaryimage"},"thumbnailUrl":"https:\/\/www.igr.univ-rennes.fr\/wp-content\/uploads\/2023\/11\/Don-de-livres-Canon-Bretagne2-scaled.jpg","datePublished":"2023-11-22T13:59:50+00:00","dateModified":"2023-12-04T15:11:23+00:00","breadcrumb":{"@id":"https:\/\/www.igr.univ-rennes.fr\/fr\/canon-bretagne-fait-un-don-de-livres-au-cfjm\/#breadcrumb"},"inLanguage":"fr-FR","potentialAction":[{"@type":"ReadAction","target":["https:\/\/www.igr.univ-rennes.fr\/fr\/canon-bretagne-fait-un-don-de-livres-au-cfjm\/"]}]},{"@type":"ImageObject","inLanguage":"fr-FR","@id":"https:\/\/www.igr.univ-rennes.fr\/fr\/canon-bretagne-fait-un-don-de-livres-au-cfjm\/#primaryimage","url":"https:\/\/www.igr.univ-rennes.fr\/wp-content\/uploads\/2023\/11\/Don-de-livres-Canon-Bretagne2-scaled.jpg","contentUrl":"https:\/\/www.igr.univ-rennes.fr\/wp-content\/uploads\/2023\/11\/Don-de-livres-Canon-Bretagne2-scaled.jpg","width":2560,"height":1920},{"@type":"BreadcrumbList","@id":"https:\/\/www.igr.univ-rennes.fr\/fr\/canon-bretagne-fait-un-don-de-livres-au-cfjm\/#breadcrumb","itemListElement":[{"@type":"ListItem","position":1,"name":"Accueil","item":"https:\/\/www.igr.univ-rennes.fr\/fr\/"},{"@type":"ListItem","position":2,"name":"Canon Bretagne fait un don de livres au CFJM"}]},{"@type":"WebSite","@id":"https:\/\/www.igr.univ-rennes.fr\/fr\/#website","url":"https:\/\/www.igr.univ-rennes.fr\/fr\/","name":"IGR IAE Rennes","description":"","publisher":{"@id":"https:\/\/www.igr.univ-rennes.fr\/fr\/#organization"},"potentialAction":[{"@type":"SearchAction","target":{"@type":"EntryPoint","urlTemplate":"https:\/\/www.igr.univ-rennes.fr\/fr\/?s={search_term_string}"},"query-input":{"@type":"PropertyValueSpecification","valueRequired":true,"valueName":"search_term_string"}}],"inLanguage":"fr-FR"},{"@type":"Organization","@id":"https:\/\/www.igr.univ-rennes.fr\/fr\/#organization","name":"IGR IAE Rennes","url":"https:\/\/www.igr.univ-rennes.fr\/fr\/","logo":{"@type":"ImageObject","inLanguage":"fr-FR","@id":"https:\/\/www.igr.univ-rennes.fr\/fr\/#\/schema\/logo\/image\/","url":"https:\/\/www.igr.univ-rennes.fr\/wp-content\/uploads\/2020\/06\/Logo-IGR-IAE-Rennes_Blanc-300dpi-RVB-e1597327228224.png","contentUrl":"https:\/\/www.igr.univ-rennes.fr\/wp-content\/uploads\/2020\/06\/Logo-IGR-IAE-Rennes_Blanc-300dpi-RVB-e1597327228224.png","width":290,"height":107,"caption":"IGR IAE Rennes"},"image":{"@id":"https:\/\/www.igr.univ-rennes.fr\/fr\/#\/schema\/logo\/image\/"}},{"@type":"Person","@id":"https:\/\/www.igr.univ-rennes.fr\/fr\/#\/schema\/person\/0cbdb4434499f99979493cc4d8ed0c22","name":"Aymeric Lachiver","image":{"@type":"ImageObject","inLanguage":"fr-FR","@id":"https:\/\/secure.gravatar.com\/avatar\/b66f428634f5e465c12f631f6273290b0576321476cf82222b7b912558f008d9?s=96&d=mm&r=g","url":"https:\/\/secure.gravatar.com\/avatar\/b66f428634f5e465c12f631f6273290b0576321476cf82222b7b912558f008d9?s=96&d=mm&r=g","contentUrl":"https:\/\/secure.gravatar.com\/avatar\/b66f428634f5e465c12f631f6273290b0576321476cf82222b7b912558f008d9?s=96&d=mm&r=g","caption":"Aymeric Lachiver"},"sameAs":["https:\/\/www.igr.univ-rennes1.fr\/"]}]}},"_links":{"self":[{"href":"https:\/\/www.igr.univ-rennes.fr\/fr\/wp-json\/wp\/v2\/posts\/347423","targetHints":{"allow":["GET"]}}],"collection":[{"href":"https:\/\/www.igr.univ-rennes.fr\/fr\/wp-json\/wp\/v2\/posts"}],"about":[{"href":"https:\/\/www.igr.univ-rennes.fr\/fr\/wp-json\/wp\/v2\/types\/post"}],"author":[{"embeddable":true,"href":"https:\/\/www.igr.univ-rennes.fr\/fr\/wp-json\/wp\/v2\/users\/20"}],"replies":[{"embeddable":true,"href":"https:\/\/www.igr.univ-rennes.fr\/fr\/wp-json\/wp\/v2\/comments?post=347423"}],"version-history":[{"count":10,"href":"https:\/\/www.igr.univ-rennes.fr\/fr\/wp-json\/wp\/v2\/posts\/347423\/revisions"}],"predecessor-version":[{"id":355268,"href":"https:\/\/www.igr.univ-rennes.fr\/fr\/wp-json\/wp\/v2\/posts\/347423\/revisions\/355268"}],"wp:featuredmedia":[{"embeddable":true,"href":"https:\/\/www.igr.univ-rennes.fr\/fr\/wp-json\/wp\/v2\/media\/347426"}],"wp:attachment":[{"href":"https:\/\/www.igr.univ-rennes.fr\/fr\/wp-json\/wp\/v2\/media?parent=347423"}],"wp:term":[{"taxonomy":"category","embeddable":true,"href":"https:\/\/www.igr.univ-rennes.fr\/fr\/wp-json\/wp\/v2\/categories?post=347423"},{"taxonomy":"post_tag","embeddable":true,"href":"https:\/\/www.igr.univ-rennes.fr\/fr\/wp-json\/wp\/v2\/tags?post=347423"}],"curies":[{"name":"wp","href":"https:\/\/api.w.org\/{rel}","templated":true}]}}