{"id":345910,"date":"2024-01-10T12:14:43","date_gmt":"2024-01-10T11:14:43","guid":{"rendered":"https:\/\/www.igr.univ-rennes.fr\/?p=345910"},"modified":"2024-01-15T15:49:26","modified_gmt":"2024-01-15T14:49:26","slug":"conference-exceptionnelle-avec-laurent-taskin-sur-le-management-humain","status":"publish","type":"post","link":"https:\/\/www.igr.univ-rennes.fr\/fr\/conference-exceptionnelle-avec-laurent-taskin-sur-le-management-humain\/","title":{"rendered":"Conf\u00e9rence exceptionnelle avec Laurent Taskin sur le management humain"},"content":{"rendered":"\t\t<div data-elementor-type=\"wp-post\" data-elementor-id=\"345910\" class=\"elementor elementor-345910\" data-elementor-post-type=\"post\">\n\t\t\t\t\t\t<section class=\"elementor-section elementor-top-section elementor-element elementor-element-f2e1cdc elementor-section-boxed elementor-section-height-default elementor-section-height-default\" data-id=\"f2e1cdc\" data-element_type=\"section\" data-e-type=\"section\">\n\t\t\t\t\t\t<div class=\"elementor-container elementor-column-gap-default\">\n\t\t\t\t\t<div class=\"elementor-column elementor-col-100 elementor-top-column elementor-element elementor-element-bbb0826\" data-id=\"bbb0826\" data-element_type=\"column\" data-e-type=\"column\">\n\t\t\t<div class=\"elementor-widget-wrap elementor-element-populated\">\n\t\t\t\t\t\t<div class=\"elementor-element elementor-element-575c9de elementor-widget elementor-widget-text-editor\" data-id=\"575c9de\" data-element_type=\"widget\" data-e-type=\"widget\" data-widget_type=\"text-editor.default\">\n\t\t\t\t<div class=\"elementor-widget-container\">\n\t\t\t\t\t\t\t\t\t<p>L\u2019IGR-IAE Rennes est ravi d&rsquo;accueillir <strong>Laurent Taskin<\/strong>, Professeur \u00e0 l&rsquo;<a href=\"https:\/\/uclouvain.be\/fr\/index.html\" target=\"_blank\" rel=\"noopener\">Universit\u00e9 Catholique de Louvain<\/a> et Professeur invit\u00e9 \u00e0 l&rsquo;\u00e9cole, le <strong>jeudi 11 janvier 2024 \u00e0 19h00 dans l&rsquo;amphith\u00e9\u00e2tre Jane Aubert Krier<\/strong> pour une conf\u00e9rence captivante sur le th\u00e8me <span style=\"color: #1ecad3;\"><strong>\u00ab\u00a0<\/strong><\/span><span style=\"color: #000000;\"><strong><span style=\"color: #1ecad3;\">Le passage de la GRH au management humain : une transition in\u00e9vitable\u00a0\u00bb<\/span>.<\/strong><\/span><\/p><p>Cette conf\u00e9rence s&rsquo;inscrit dans la <a href=\"https:\/\/www.iae-france.fr\/international\/le-mois-de-linternational\/\" target=\"_blank\" rel=\"noopener\">5\u00e8me \u00e9dition du Mois de l&rsquo;International<\/a> IAE France.<\/p><p>Monsieur Taskin partagera ses recherches innovantes sur sa vision du management humain, une <strong>proposition de renouvellement de la GRH<\/strong>. Sa perspective remet en question les pr\u00e9ceptes classiques du management, d\u00e9passant la simple mesure, planification et administration pour s&rsquo;engager dans une <strong>gestion du capital humain qui transcende les indicateurs r\u00e9ducteurs<\/strong>.\u00a0<\/p>\t\t\t\t\t\t\t\t<\/div>\n\t\t\t\t<\/div>\n\t\t\t\t\t<\/div>\n\t\t<\/div>\n\t\t\t\t\t<\/div>\n\t\t<\/section>\n\t\t\t\t<section class=\"elementor-section elementor-top-section elementor-element elementor-element-aeb0b36 elementor-section-boxed elementor-section-height-default elementor-section-height-default\" data-id=\"aeb0b36\" data-element_type=\"section\" data-e-type=\"section\">\n\t\t\t\t\t\t<div class=\"elementor-container elementor-column-gap-default\">\n\t\t\t\t\t<div class=\"elementor-column elementor-col-100 elementor-top-column elementor-element elementor-element-c8aacab\" data-id=\"c8aacab\" data-element_type=\"column\" data-e-type=\"column\">\n\t\t\t<div class=\"elementor-widget-wrap elementor-element-populated\">\n\t\t\t\t\t\t<section class=\"elementor-section elementor-inner-section elementor-element elementor-element-ff08ac6 elementor-section-boxed elementor-section-height-default elementor-section-height-default\" data-id=\"ff08ac6\" data-element_type=\"section\" data-e-type=\"section\">\n\t\t\t\t\t\t<div class=\"elementor-container elementor-column-gap-default\">\n\t\t\t\t\t<div class=\"elementor-column elementor-col-50 elementor-inner-column elementor-element elementor-element-507329a\" data-id=\"507329a\" data-element_type=\"column\" data-e-type=\"column\">\n\t\t\t<div class=\"elementor-widget-wrap elementor-element-populated\">\n\t\t\t\t\t\t<div class=\"elementor-element elementor-element-4ce4266 elementor-widget elementor-widget-image\" data-id=\"4ce4266\" data-element_type=\"widget\" data-e-type=\"widget\" data-widget_type=\"image.default\">\n\t\t\t\t<div class=\"elementor-widget-container\">\n\t\t\t\t\t\t\t\t\t\t\t\t\t\t\t<img decoding=\"async\" src=\"https:\/\/www.igr.univ-rennes.fr\/wp-content\/uploads\/elementor\/thumbs\/9782807320789-g-qfoo49xqw34tnnwp2ygpyuxkh4arwc7hwwtqzrkdsg.jpg\" title=\"9782807320789-g\" alt=\"9782807320789-g\" loading=\"lazy\" \/>\t\t\t\t\t\t\t\t\t\t\t\t\t\t\t<\/div>\n\t\t\t\t<\/div>\n\t\t\t\t\t<\/div>\n\t\t<\/div>\n\t\t\t\t<div class=\"elementor-column elementor-col-50 elementor-inner-column elementor-element elementor-element-3687921\" data-id=\"3687921\" data-element_type=\"column\" data-e-type=\"column\">\n\t\t\t<div class=\"elementor-widget-wrap elementor-element-populated\">\n\t\t\t\t\t\t<div class=\"elementor-element elementor-element-902e2e0 elementor-widget elementor-widget-text-editor\" data-id=\"902e2e0\" data-element_type=\"widget\" data-e-type=\"widget\" data-widget_type=\"text-editor.default\">\n\t\t\t\t<div class=\"elementor-widget-container\">\n\t\t\t\t\t\t\t\t\t<p>Laurent Taskin, auteur \u00e9m\u00e9rite, a \u00e9galement partag\u00e9 sa vision novatrice du management humain \u00e0 travers son ouvrage &lsquo;<strong>Management Humain<\/strong>&lsquo;. Une lecture incontournable pour repenser les dynamiques professionnelles et adopter une approche plus humaine et inclusive du management.\u00a0\u00bb<\/p>\t\t\t\t\t\t\t\t<\/div>\n\t\t\t\t<\/div>\n\t\t\t\t\t<\/div>\n\t\t<\/div>\n\t\t\t\t\t<\/div>\n\t\t<\/section>\n\t\t\t\t\t<\/div>\n\t\t<\/div>\n\t\t\t\t\t<\/div>\n\t\t<\/section>\n\t\t\t\t<section class=\"elementor-section elementor-top-section elementor-element elementor-element-9814d44 elementor-section-boxed elementor-section-height-default elementor-section-height-default\" data-id=\"9814d44\" data-element_type=\"section\" data-e-type=\"section\">\n\t\t\t\t\t\t<div class=\"elementor-container elementor-column-gap-default\">\n\t\t\t\t\t<div class=\"elementor-column elementor-col-100 elementor-top-column elementor-element elementor-element-8a03cd6\" data-id=\"8a03cd6\" data-element_type=\"column\" data-e-type=\"column\">\n\t\t\t<div class=\"elementor-widget-wrap elementor-element-populated\">\n\t\t\t\t\t\t<div class=\"elementor-element elementor-element-13e41c0 elementor-widget elementor-widget-text-editor\" data-id=\"13e41c0\" data-element_type=\"widget\" data-e-type=\"widget\" data-widget_type=\"text-editor.default\">\n\t\t\t\t<div class=\"elementor-widget-container\">\n\t\t\t\t\t\t\t\t\t<p>Cette approche repose sur trois piliers fondamentaux :<\/p><ul><li><strong>Une Vision Renouvel\u00e9e de l&rsquo;\u00catre Humain:<\/strong> Consid\u00e9rant l&rsquo;\u00eatre humain comme r\u00e9flexif, cette vision implique sa participation dans la d\u00e9finition de normes collectives, \u00e9valuant ainsi ses actions et celles d&rsquo;une communaut\u00e9 de travail. Cela incarne une recherche collective de confiance en ces normes, en autrui et en soi-m\u00eame.<\/li><li><strong>La Reconnaissance et la R\u00e9-Humanisation du Travail:<\/strong> Pla\u00e7ant au c\u0153ur de ses objectifs la valorisation et la restauration de l&rsquo;aspect humain au sein du travail.<\/li><li><strong>Une Approche Holistique du Travail R\u00e9el:<\/strong> En se concentrant sur le travail objectif, collectif et subjectif, cette approche permet une compr\u00e9hension plus compl\u00e8te des dynamiques au sein des organisations.<\/li><\/ul><p>\u00a0<\/p><p>Laurent Taskin illustrera sa pr\u00e9sentation par de nombreux exemples concrets d&rsquo;entreprises, r\u00e9sultat de son implication directe sur le terrain.<\/p><p>Nous vous convions chaleureusement \u00e0 cette conf\u00e9rence ouverte \u00e0 tous. Venez nombreux participer \u00e0 cette r\u00e9flexion enrichissante sur le futur du management.<\/p>\t\t\t\t\t\t\t\t<\/div>\n\t\t\t\t<\/div>\n\t\t\t\t\t<\/div>\n\t\t<\/div>\n\t\t\t\t\t<\/div>\n\t\t<\/section>\n\t\t\t\t<\/div>\n\t\t","protected":false},"excerpt":{"rendered":"<p>L\u2019IGR-IAE Rennes est ravi d&rsquo;accueillir Laurent Taskin, Professeur \u00e0 l&rsquo;Universit\u00e9 Catholique de Louvain et Professeur invit\u00e9 \u00e0 l&rsquo;\u00e9cole, le jeudi 11 janvier 2024 \u00e0 19h00 dans l&rsquo;amphith\u00e9\u00e2tre Jane Aubert Krier pour une conf\u00e9rence captivante sur le th\u00e8me \u00ab\u00a0Le passage de la GRH au management humain : une transition in\u00e9vitable\u00a0\u00bb.<\/p>\n","protected":false},"author":9,"featured_media":345911,"comment_status":"closed","ping_status":"closed","sticky":false,"template":"","format":"standard","meta":{"_acf_changed":false,"footnotes":""},"categories":[67,66],"tags":[],"class_list":["post-345910","post","type-post","status-publish","format-standard","has-post-thumbnail","hentry","category-entreprise","category-recherche"],"acf":[],"yoast_head":"<!-- This site is optimized with the Yoast SEO plugin v27.5 - https:\/\/yoast.com\/product\/yoast-seo-wordpress\/ -->\n<title>Conf\u00e9rence exceptionnelle avec Laurent Taskin sur le management humain - IGR IAE Rennes<\/title>\n<meta name=\"robots\" content=\"index, follow, max-snippet:-1, max-image-preview:large, max-video-preview:-1\" \/>\n<link rel=\"canonical\" href=\"https:\/\/www.igr.univ-rennes.fr\/fr\/conference-exceptionnelle-avec-laurent-taskin-sur-le-management-humain\/\" \/>\n<meta property=\"og:locale\" content=\"fr_FR\" \/>\n<meta property=\"og:type\" content=\"article\" \/>\n<meta property=\"og:title\" content=\"Conf\u00e9rence exceptionnelle avec Laurent Taskin sur le management humain - IGR IAE Rennes\" \/>\n<meta property=\"og:description\" content=\"L\u2019IGR-IAE Rennes est ravi d&#039;accueillir Laurent Taskin, Professeur \u00e0 l&#039;Universit\u00e9 Catholique de Louvain et Professeur invit\u00e9 \u00e0 l&#039;\u00e9cole, le jeudi 11 janvier 2024 \u00e0 19h00 dans l&#039;amphith\u00e9\u00e2tre Jane Aubert Krier pour une conf\u00e9rence captivante sur le th\u00e8me &quot;Le passage de la GRH au management humain : une transition in\u00e9vitable&quot;.\" \/>\n<meta property=\"og:url\" content=\"https:\/\/www.igr.univ-rennes.fr\/fr\/conference-exceptionnelle-avec-laurent-taskin-sur-le-management-humain\/\" \/>\n<meta property=\"og:site_name\" content=\"IGR IAE Rennes\" \/>\n<meta property=\"article:published_time\" content=\"2024-01-10T11:14:43+00:00\" \/>\n<meta property=\"article:modified_time\" content=\"2024-01-15T14:49:26+00:00\" \/>\n<meta property=\"og:image\" content=\"https:\/\/www.igr.univ-rennes.fr\/wp-content\/uploads\/2023\/11\/Visuel-Laurent-Taskin-conference-IGR-IAE-Rennes-1024x538.jpg\" \/>\n\t<meta property=\"og:image:width\" content=\"1024\" \/>\n\t<meta property=\"og:image:height\" content=\"538\" \/>\n\t<meta property=\"og:image:type\" content=\"image\/jpeg\" \/>\n<meta name=\"author\" content=\"Emma Lebaut\" \/>\n<meta name=\"twitter:card\" content=\"summary_large_image\" \/>\n<meta name=\"twitter:label1\" content=\"\u00c9crit par\" \/>\n\t<meta name=\"twitter:data1\" content=\"Emma Lebaut\" \/>\n\t<meta name=\"twitter:label2\" content=\"Dur\u00e9e de lecture estim\u00e9e\" \/>\n\t<meta name=\"twitter:data2\" content=\"2 minutes\" \/>\n<script type=\"application\/ld+json\" class=\"yoast-schema-graph\">{\"@context\":\"https:\\\/\\\/schema.org\",\"@graph\":[{\"@type\":\"Article\",\"@id\":\"https:\\\/\\\/www.igr.univ-rennes.fr\\\/fr\\\/conference-exceptionnelle-avec-laurent-taskin-sur-le-management-humain\\\/#article\",\"isPartOf\":{\"@id\":\"https:\\\/\\\/www.igr.univ-rennes.fr\\\/fr\\\/conference-exceptionnelle-avec-laurent-taskin-sur-le-management-humain\\\/\"},\"author\":{\"name\":\"Emma Lebaut\",\"@id\":\"https:\\\/\\\/www.igr.univ-rennes.fr\\\/fr\\\/#\\\/schema\\\/person\\\/ccc43b9cca93cd7a471bce264778297c\"},\"headline\":\"Conf\u00e9rence exceptionnelle avec Laurent Taskin sur le management humain\",\"datePublished\":\"2024-01-10T11:14:43+00:00\",\"dateModified\":\"2024-01-15T14:49:26+00:00\",\"mainEntityOfPage\":{\"@id\":\"https:\\\/\\\/www.igr.univ-rennes.fr\\\/fr\\\/conference-exceptionnelle-avec-laurent-taskin-sur-le-management-humain\\\/\"},\"wordCount\":334,\"publisher\":{\"@id\":\"https:\\\/\\\/www.igr.univ-rennes.fr\\\/fr\\\/#organization\"},\"image\":{\"@id\":\"https:\\\/\\\/www.igr.univ-rennes.fr\\\/fr\\\/conference-exceptionnelle-avec-laurent-taskin-sur-le-management-humain\\\/#primaryimage\"},\"thumbnailUrl\":\"https:\\\/\\\/www.igr.univ-rennes.fr\\\/wp-content\\\/uploads\\\/2023\\\/11\\\/Visuel-Laurent-Taskin-conference-IGR-IAE-Rennes.jpg\",\"articleSection\":[\"Entreprise\",\"Recherche\"],\"inLanguage\":\"fr-FR\"},{\"@type\":\"WebPage\",\"@id\":\"https:\\\/\\\/www.igr.univ-rennes.fr\\\/fr\\\/conference-exceptionnelle-avec-laurent-taskin-sur-le-management-humain\\\/\",\"url\":\"https:\\\/\\\/www.igr.univ-rennes.fr\\\/fr\\\/conference-exceptionnelle-avec-laurent-taskin-sur-le-management-humain\\\/\",\"name\":\"Conf\u00e9rence exceptionnelle avec Laurent Taskin sur le management humain - IGR IAE Rennes\",\"isPartOf\":{\"@id\":\"https:\\\/\\\/www.igr.univ-rennes.fr\\\/fr\\\/#website\"},\"primaryImageOfPage\":{\"@id\":\"https:\\\/\\\/www.igr.univ-rennes.fr\\\/fr\\\/conference-exceptionnelle-avec-laurent-taskin-sur-le-management-humain\\\/#primaryimage\"},\"image\":{\"@id\":\"https:\\\/\\\/www.igr.univ-rennes.fr\\\/fr\\\/conference-exceptionnelle-avec-laurent-taskin-sur-le-management-humain\\\/#primaryimage\"},\"thumbnailUrl\":\"https:\\\/\\\/www.igr.univ-rennes.fr\\\/wp-content\\\/uploads\\\/2023\\\/11\\\/Visuel-Laurent-Taskin-conference-IGR-IAE-Rennes.jpg\",\"datePublished\":\"2024-01-10T11:14:43+00:00\",\"dateModified\":\"2024-01-15T14:49:26+00:00\",\"breadcrumb\":{\"@id\":\"https:\\\/\\\/www.igr.univ-rennes.fr\\\/fr\\\/conference-exceptionnelle-avec-laurent-taskin-sur-le-management-humain\\\/#breadcrumb\"},\"inLanguage\":\"fr-FR\",\"potentialAction\":[{\"@type\":\"ReadAction\",\"target\":[\"https:\\\/\\\/www.igr.univ-rennes.fr\\\/fr\\\/conference-exceptionnelle-avec-laurent-taskin-sur-le-management-humain\\\/\"]}]},{\"@type\":\"ImageObject\",\"inLanguage\":\"fr-FR\",\"@id\":\"https:\\\/\\\/www.igr.univ-rennes.fr\\\/fr\\\/conference-exceptionnelle-avec-laurent-taskin-sur-le-management-humain\\\/#primaryimage\",\"url\":\"https:\\\/\\\/www.igr.univ-rennes.fr\\\/wp-content\\\/uploads\\\/2023\\\/11\\\/Visuel-Laurent-Taskin-conference-IGR-IAE-Rennes.jpg\",\"contentUrl\":\"https:\\\/\\\/www.igr.univ-rennes.fr\\\/wp-content\\\/uploads\\\/2023\\\/11\\\/Visuel-Laurent-Taskin-conference-IGR-IAE-Rennes.jpg\",\"width\":2400,\"height\":1260},{\"@type\":\"BreadcrumbList\",\"@id\":\"https:\\\/\\\/www.igr.univ-rennes.fr\\\/fr\\\/conference-exceptionnelle-avec-laurent-taskin-sur-le-management-humain\\\/#breadcrumb\",\"itemListElement\":[{\"@type\":\"ListItem\",\"position\":1,\"name\":\"Accueil\",\"item\":\"https:\\\/\\\/www.igr.univ-rennes.fr\\\/fr\\\/\"},{\"@type\":\"ListItem\",\"position\":2,\"name\":\"Conf\u00e9rence exceptionnelle avec Laurent Taskin sur le management humain\"}]},{\"@type\":\"WebSite\",\"@id\":\"https:\\\/\\\/www.igr.univ-rennes.fr\\\/fr\\\/#website\",\"url\":\"https:\\\/\\\/www.igr.univ-rennes.fr\\\/fr\\\/\",\"name\":\"IGR IAE Rennes\",\"description\":\"\",\"publisher\":{\"@id\":\"https:\\\/\\\/www.igr.univ-rennes.fr\\\/fr\\\/#organization\"},\"potentialAction\":[{\"@type\":\"SearchAction\",\"target\":{\"@type\":\"EntryPoint\",\"urlTemplate\":\"https:\\\/\\\/www.igr.univ-rennes.fr\\\/fr\\\/?s={search_term_string}\"},\"query-input\":{\"@type\":\"PropertyValueSpecification\",\"valueRequired\":true,\"valueName\":\"search_term_string\"}}],\"inLanguage\":\"fr-FR\"},{\"@type\":\"Organization\",\"@id\":\"https:\\\/\\\/www.igr.univ-rennes.fr\\\/fr\\\/#organization\",\"name\":\"IGR IAE Rennes\",\"url\":\"https:\\\/\\\/www.igr.univ-rennes.fr\\\/fr\\\/\",\"logo\":{\"@type\":\"ImageObject\",\"inLanguage\":\"fr-FR\",\"@id\":\"https:\\\/\\\/www.igr.univ-rennes.fr\\\/fr\\\/#\\\/schema\\\/logo\\\/image\\\/\",\"url\":\"https:\\\/\\\/www.igr.univ-rennes.fr\\\/wp-content\\\/uploads\\\/2020\\\/06\\\/Logo-IGR-IAE-Rennes_Blanc-300dpi-RVB-e1597327228224.png\",\"contentUrl\":\"https:\\\/\\\/www.igr.univ-rennes.fr\\\/wp-content\\\/uploads\\\/2020\\\/06\\\/Logo-IGR-IAE-Rennes_Blanc-300dpi-RVB-e1597327228224.png\",\"width\":290,\"height\":107,\"caption\":\"IGR IAE Rennes\"},\"image\":{\"@id\":\"https:\\\/\\\/www.igr.univ-rennes.fr\\\/fr\\\/#\\\/schema\\\/logo\\\/image\\\/\"}},{\"@type\":\"Person\",\"@id\":\"https:\\\/\\\/www.igr.univ-rennes.fr\\\/fr\\\/#\\\/schema\\\/person\\\/ccc43b9cca93cd7a471bce264778297c\",\"name\":\"Emma Lebaut\",\"image\":{\"@type\":\"ImageObject\",\"inLanguage\":\"fr-FR\",\"@id\":\"https:\\\/\\\/secure.gravatar.com\\\/avatar\\\/7335cda3e2dfc4ebfa35314bea3e26aafa62f4197b0f5cb8f2f30bb7ce493fe5?s=96&d=mm&r=g\",\"url\":\"https:\\\/\\\/secure.gravatar.com\\\/avatar\\\/7335cda3e2dfc4ebfa35314bea3e26aafa62f4197b0f5cb8f2f30bb7ce493fe5?s=96&d=mm&r=g\",\"contentUrl\":\"https:\\\/\\\/secure.gravatar.com\\\/avatar\\\/7335cda3e2dfc4ebfa35314bea3e26aafa62f4197b0f5cb8f2f30bb7ce493fe5?s=96&d=mm&r=g\",\"caption\":\"Emma Lebaut\"}}]}<\/script>\n<!-- \/ Yoast SEO plugin. -->","yoast_head_json":{"title":"Conf\u00e9rence exceptionnelle avec Laurent Taskin sur le management humain - IGR IAE Rennes","robots":{"index":"index","follow":"follow","max-snippet":"max-snippet:-1","max-image-preview":"max-image-preview:large","max-video-preview":"max-video-preview:-1"},"canonical":"https:\/\/www.igr.univ-rennes.fr\/fr\/conference-exceptionnelle-avec-laurent-taskin-sur-le-management-humain\/","og_locale":"fr_FR","og_type":"article","og_title":"Conf\u00e9rence exceptionnelle avec Laurent Taskin sur le management humain - IGR IAE Rennes","og_description":"L\u2019IGR-IAE Rennes est ravi d'accueillir Laurent Taskin, Professeur \u00e0 l'Universit\u00e9 Catholique de Louvain et Professeur invit\u00e9 \u00e0 l'\u00e9cole, le jeudi 11 janvier 2024 \u00e0 19h00 dans l'amphith\u00e9\u00e2tre Jane Aubert Krier pour une conf\u00e9rence captivante sur le th\u00e8me \"Le passage de la GRH au management humain : une transition in\u00e9vitable\".","og_url":"https:\/\/www.igr.univ-rennes.fr\/fr\/conference-exceptionnelle-avec-laurent-taskin-sur-le-management-humain\/","og_site_name":"IGR IAE Rennes","article_published_time":"2024-01-10T11:14:43+00:00","article_modified_time":"2024-01-15T14:49:26+00:00","og_image":[{"width":1024,"height":538,"url":"https:\/\/www.igr.univ-rennes.fr\/wp-content\/uploads\/2023\/11\/Visuel-Laurent-Taskin-conference-IGR-IAE-Rennes-1024x538.jpg","type":"image\/jpeg"}],"author":"Emma Lebaut","twitter_card":"summary_large_image","twitter_misc":{"\u00c9crit par":"Emma Lebaut","Dur\u00e9e de lecture estim\u00e9e":"2 minutes"},"schema":{"@context":"https:\/\/schema.org","@graph":[{"@type":"Article","@id":"https:\/\/www.igr.univ-rennes.fr\/fr\/conference-exceptionnelle-avec-laurent-taskin-sur-le-management-humain\/#article","isPartOf":{"@id":"https:\/\/www.igr.univ-rennes.fr\/fr\/conference-exceptionnelle-avec-laurent-taskin-sur-le-management-humain\/"},"author":{"name":"Emma Lebaut","@id":"https:\/\/www.igr.univ-rennes.fr\/fr\/#\/schema\/person\/ccc43b9cca93cd7a471bce264778297c"},"headline":"Conf\u00e9rence exceptionnelle avec Laurent Taskin sur le management humain","datePublished":"2024-01-10T11:14:43+00:00","dateModified":"2024-01-15T14:49:26+00:00","mainEntityOfPage":{"@id":"https:\/\/www.igr.univ-rennes.fr\/fr\/conference-exceptionnelle-avec-laurent-taskin-sur-le-management-humain\/"},"wordCount":334,"publisher":{"@id":"https:\/\/www.igr.univ-rennes.fr\/fr\/#organization"},"image":{"@id":"https:\/\/www.igr.univ-rennes.fr\/fr\/conference-exceptionnelle-avec-laurent-taskin-sur-le-management-humain\/#primaryimage"},"thumbnailUrl":"https:\/\/www.igr.univ-rennes.fr\/wp-content\/uploads\/2023\/11\/Visuel-Laurent-Taskin-conference-IGR-IAE-Rennes.jpg","articleSection":["Entreprise","Recherche"],"inLanguage":"fr-FR"},{"@type":"WebPage","@id":"https:\/\/www.igr.univ-rennes.fr\/fr\/conference-exceptionnelle-avec-laurent-taskin-sur-le-management-humain\/","url":"https:\/\/www.igr.univ-rennes.fr\/fr\/conference-exceptionnelle-avec-laurent-taskin-sur-le-management-humain\/","name":"Conf\u00e9rence exceptionnelle avec Laurent Taskin sur le management humain - IGR IAE Rennes","isPartOf":{"@id":"https:\/\/www.igr.univ-rennes.fr\/fr\/#website"},"primaryImageOfPage":{"@id":"https:\/\/www.igr.univ-rennes.fr\/fr\/conference-exceptionnelle-avec-laurent-taskin-sur-le-management-humain\/#primaryimage"},"image":{"@id":"https:\/\/www.igr.univ-rennes.fr\/fr\/conference-exceptionnelle-avec-laurent-taskin-sur-le-management-humain\/#primaryimage"},"thumbnailUrl":"https:\/\/www.igr.univ-rennes.fr\/wp-content\/uploads\/2023\/11\/Visuel-Laurent-Taskin-conference-IGR-IAE-Rennes.jpg","datePublished":"2024-01-10T11:14:43+00:00","dateModified":"2024-01-15T14:49:26+00:00","breadcrumb":{"@id":"https:\/\/www.igr.univ-rennes.fr\/fr\/conference-exceptionnelle-avec-laurent-taskin-sur-le-management-humain\/#breadcrumb"},"inLanguage":"fr-FR","potentialAction":[{"@type":"ReadAction","target":["https:\/\/www.igr.univ-rennes.fr\/fr\/conference-exceptionnelle-avec-laurent-taskin-sur-le-management-humain\/"]}]},{"@type":"ImageObject","inLanguage":"fr-FR","@id":"https:\/\/www.igr.univ-rennes.fr\/fr\/conference-exceptionnelle-avec-laurent-taskin-sur-le-management-humain\/#primaryimage","url":"https:\/\/www.igr.univ-rennes.fr\/wp-content\/uploads\/2023\/11\/Visuel-Laurent-Taskin-conference-IGR-IAE-Rennes.jpg","contentUrl":"https:\/\/www.igr.univ-rennes.fr\/wp-content\/uploads\/2023\/11\/Visuel-Laurent-Taskin-conference-IGR-IAE-Rennes.jpg","width":2400,"height":1260},{"@type":"BreadcrumbList","@id":"https:\/\/www.igr.univ-rennes.fr\/fr\/conference-exceptionnelle-avec-laurent-taskin-sur-le-management-humain\/#breadcrumb","itemListElement":[{"@type":"ListItem","position":1,"name":"Accueil","item":"https:\/\/www.igr.univ-rennes.fr\/fr\/"},{"@type":"ListItem","position":2,"name":"Conf\u00e9rence exceptionnelle avec Laurent Taskin sur le management humain"}]},{"@type":"WebSite","@id":"https:\/\/www.igr.univ-rennes.fr\/fr\/#website","url":"https:\/\/www.igr.univ-rennes.fr\/fr\/","name":"IGR IAE Rennes","description":"","publisher":{"@id":"https:\/\/www.igr.univ-rennes.fr\/fr\/#organization"},"potentialAction":[{"@type":"SearchAction","target":{"@type":"EntryPoint","urlTemplate":"https:\/\/www.igr.univ-rennes.fr\/fr\/?s={search_term_string}"},"query-input":{"@type":"PropertyValueSpecification","valueRequired":true,"valueName":"search_term_string"}}],"inLanguage":"fr-FR"},{"@type":"Organization","@id":"https:\/\/www.igr.univ-rennes.fr\/fr\/#organization","name":"IGR IAE Rennes","url":"https:\/\/www.igr.univ-rennes.fr\/fr\/","logo":{"@type":"ImageObject","inLanguage":"fr-FR","@id":"https:\/\/www.igr.univ-rennes.fr\/fr\/#\/schema\/logo\/image\/","url":"https:\/\/www.igr.univ-rennes.fr\/wp-content\/uploads\/2020\/06\/Logo-IGR-IAE-Rennes_Blanc-300dpi-RVB-e1597327228224.png","contentUrl":"https:\/\/www.igr.univ-rennes.fr\/wp-content\/uploads\/2020\/06\/Logo-IGR-IAE-Rennes_Blanc-300dpi-RVB-e1597327228224.png","width":290,"height":107,"caption":"IGR IAE Rennes"},"image":{"@id":"https:\/\/www.igr.univ-rennes.fr\/fr\/#\/schema\/logo\/image\/"}},{"@type":"Person","@id":"https:\/\/www.igr.univ-rennes.fr\/fr\/#\/schema\/person\/ccc43b9cca93cd7a471bce264778297c","name":"Emma Lebaut","image":{"@type":"ImageObject","inLanguage":"fr-FR","@id":"https:\/\/secure.gravatar.com\/avatar\/7335cda3e2dfc4ebfa35314bea3e26aafa62f4197b0f5cb8f2f30bb7ce493fe5?s=96&d=mm&r=g","url":"https:\/\/secure.gravatar.com\/avatar\/7335cda3e2dfc4ebfa35314bea3e26aafa62f4197b0f5cb8f2f30bb7ce493fe5?s=96&d=mm&r=g","contentUrl":"https:\/\/secure.gravatar.com\/avatar\/7335cda3e2dfc4ebfa35314bea3e26aafa62f4197b0f5cb8f2f30bb7ce493fe5?s=96&d=mm&r=g","caption":"Emma Lebaut"}}]}},"_links":{"self":[{"href":"https:\/\/www.igr.univ-rennes.fr\/fr\/wp-json\/wp\/v2\/posts\/345910","targetHints":{"allow":["GET"]}}],"collection":[{"href":"https:\/\/www.igr.univ-rennes.fr\/fr\/wp-json\/wp\/v2\/posts"}],"about":[{"href":"https:\/\/www.igr.univ-rennes.fr\/fr\/wp-json\/wp\/v2\/types\/post"}],"author":[{"embeddable":true,"href":"https:\/\/www.igr.univ-rennes.fr\/fr\/wp-json\/wp\/v2\/users\/9"}],"replies":[{"embeddable":true,"href":"https:\/\/www.igr.univ-rennes.fr\/fr\/wp-json\/wp\/v2\/comments?post=345910"}],"version-history":[{"count":10,"href":"https:\/\/www.igr.univ-rennes.fr\/fr\/wp-json\/wp\/v2\/posts\/345910\/revisions"}],"predecessor-version":[{"id":365085,"href":"https:\/\/www.igr.univ-rennes.fr\/fr\/wp-json\/wp\/v2\/posts\/345910\/revisions\/365085"}],"wp:featuredmedia":[{"embeddable":true,"href":"https:\/\/www.igr.univ-rennes.fr\/fr\/wp-json\/wp\/v2\/media\/345911"}],"wp:attachment":[{"href":"https:\/\/www.igr.univ-rennes.fr\/fr\/wp-json\/wp\/v2\/media?parent=345910"}],"wp:term":[{"taxonomy":"category","embeddable":true,"href":"https:\/\/www.igr.univ-rennes.fr\/fr\/wp-json\/wp\/v2\/categories?post=345910"},{"taxonomy":"post_tag","embeddable":true,"href":"https:\/\/www.igr.univ-rennes.fr\/fr\/wp-json\/wp\/v2\/tags?post=345910"}],"curies":[{"name":"wp","href":"https:\/\/api.w.org\/{rel}","templated":true}]}}