{"id":332093,"date":"2023-11-13T15:26:41","date_gmt":"2023-11-13T14:26:41","guid":{"rendered":"https:\/\/www.igr.univ-rennes.fr\/?p=332093"},"modified":"2023-11-16T16:53:07","modified_gmt":"2023-11-16T15:53:07","slug":"journee-des-poles-orn-cir-du-crem","status":"publish","type":"post","link":"https:\/\/www.igr.univ-rennes.fr\/fr\/journee-des-poles-orn-cir-du-crem\/","title":{"rendered":"Journ\u00e9e des p\u00f4les ORN &#038; CIR du CREM"},"content":{"rendered":"\t\t<div data-elementor-type=\"wp-post\" data-elementor-id=\"332093\" class=\"elementor elementor-332093\">\n\t\t\t\t\t\t\t\t\t<section class=\"elementor-section elementor-top-section elementor-element elementor-element-6d57ae1 elementor-section-boxed elementor-section-height-default elementor-section-height-default\" data-id=\"6d57ae1\" data-element_type=\"section\">\n\t\t\t\t\t\t<div class=\"elementor-container elementor-column-gap-default\">\n\t\t\t\t\t<div class=\"elementor-column elementor-col-100 elementor-top-column elementor-element elementor-element-eb37ee2\" data-id=\"eb37ee2\" data-element_type=\"column\">\n\t\t\t<div class=\"elementor-widget-wrap elementor-element-populated\">\n\t\t\t\t\t\t\t\t<div class=\"elementor-element elementor-element-1799415 elementor-widget elementor-widget-text-editor\" data-id=\"1799415\" data-element_type=\"widget\" data-widget_type=\"text-editor.default\">\n\t\t\t\t<div class=\"elementor-widget-container\">\n\t\t\t\t\t\t\t<p>Les p\u00f4les ORN &amp; CIR du CREM organisent une <strong>journ\u00e9e autour des derni\u00e8res avanc\u00e9es en mati\u00e8re de m\u00e9thodologies de recherche \u00e0 l&rsquo;IGR-IAE Rennes<\/strong>.<br \/><br \/>Les interventions sontt orient\u00e9es autour des <strong>analyses syst\u00e9matiques de litt\u00e9rature<\/strong>\u00a0et les\u00a0<strong>analyses bibliom\u00e9triques<\/strong>, avec Christophe BENAVANT (Universit\u00e9 Paris Dauphine), Damien BELVEZE et Laurent JONCHERE (Universit\u00e9 de Rennes).<\/p><p>\u00a0<\/p><h4>Programme de cette journ\u00e9e recherche<\/h4><ul><li>9H30 : Accueil caf\u00e9 &#8211; Hall Amphi 2<\/li><li>10H &#8211; 12H : Amphi Jane Aubert Krier<\/li><\/ul><p><em>Recherche dans les bases citationnelles et visualisations bibliom\u00e9triques : Comment utiliser le Web of Science et Open Alex en lien avec VOS Viewer<\/em><br \/><span style=\"color: #ffcc00;\">Damien Belv\u00e8ze et Laurent Jonch\u00e8re, Universit\u00e9 de Rennes<\/span><\/p><ul><li>12H &#8211; 14H30 : Salle du Conseil<\/li><\/ul><p>Buffet d\u00e9jeunatoire &#8211; Caf\u00e9 &amp; th\u00e9 gourmand<br \/>Animation\/\u00e9change entre coll\u00e8gues<\/p><ul><li>14H30 &#8211; 16H30 : Amphi Jane Aubert Krier<\/li><\/ul><p><em>Analyser massivement le texte : les ressources du NLP<\/em><br \/><span style=\"color: #ffcc00;\">Christophe B\u00e9navent, Universit\u00e9 Paris Dauphine<\/span><\/p><p>\u00a0<\/p><h4>Intervenants<\/h4><p><strong>Damien Belv\u00e8ze<\/strong>\u00a0est conservateur de biblioth\u00e8ques, Responsable de la formation des publics au Service Commun de Documentation (SCD) de l&rsquo;Universit\u00e9 de Rennes et charg\u00e9 de la mission \u00ab\u00a0accompagnement des chercheurs \u00e0 la gestion de leurs donn\u00e9es de recherche\u00a0\u00bb au sein du Service d&rsquo;Appui \u00e0 la Recherche et Documentation En Ligne (ARDEL).<\/p><p><strong>Laurent Jonch\u00e8re<\/strong>\u00a0est ing\u00e9nieur d&rsquo;\u00e9tudes, charg\u00e9 de mission Publications ouvertes au Service d\u2019Appui \u00e0 la Recherche et Documentation En Ligne (ARDEL), service transverse du Service Commun de la Documentation (SCD) de l&rsquo;Universit\u00e9 de Rennes. Son activit\u00e9 consiste \u00e0 r\u00e9f\u00e9rencer en acc\u00e8s ouvert, dans l&rsquo;archive ouverte HAL-Rennes, les publications des unit\u00e9s de recherche affili\u00e9es \u00e0 l&rsquo;Universit\u00e9 de Rennes.<\/p><p><strong>Christophe Benavent<\/strong>\u00a0est Professeur des Universit\u00e9s \u00e0 l\u2019Universit\u00e9 Paris Dauphine PSL et membre de Dauphine Recherches en Management. Docteur en Sciences de Gestion de l\u2019IAE de Lille, ses travaux portent sur les cons\u00e9quences des technologies de l\u2019information sur les strat\u00e9gies et le marketing des entreprises. Il est membre de l&rsquo;institut ACSS qui d\u00e9veloppe une expertise sur la transformation num\u00e9rique, la collecte et le traitement \u00e0 large \u00e9chelle de donn\u00e9es h\u00e9t\u00e9rog\u00e8nes (data science). Il est aussi l\u2019auteur de \u201cPlateformes\u201d Fyp, 2016.<\/p>\t\t\t\t\t\t<\/div>\n\t\t\t\t<\/div>\n\t\t\t\t\t<\/div>\n\t\t<\/div>\n\t\t\t\t\t\t\t<\/div>\n\t\t<\/section>\n\t\t\t\t\t\t\t<\/div>\n\t\t","protected":false},"excerpt":{"rendered":"<p>Les p\u00f4les ORN &#038; CIR du CREM organisent une journ\u00e9e autour des derni\u00e8res avanc\u00e9es en mati\u00e8re de m\u00e9thodologies de recherche \u00e0 l\u2019IGR-IAE Rennes.<\/p>\n","protected":false},"author":9,"featured_media":332094,"comment_status":"closed","ping_status":"closed","sticky":true,"template":"","format":"standard","meta":{"footnotes":""},"categories":[66],"tags":[],"yoast_head":"<!-- This site is optimized with the Yoast SEO plugin v21.1 - https:\/\/yoast.com\/wordpress\/plugins\/seo\/ -->\n<title>Journ\u00e9e des p\u00f4les ORN &#038; CIR du CREM - IGR IAE Rennes<\/title>\n<meta name=\"robots\" content=\"index, follow, max-snippet:-1, max-image-preview:large, max-video-preview:-1\" \/>\n<link rel=\"canonical\" href=\"https:\/\/www.igr.univ-rennes.fr\/fr\/journee-des-poles-orn-cir-du-crem\/\" \/>\n<meta property=\"og:locale\" content=\"fr_FR\" \/>\n<meta property=\"og:type\" content=\"article\" \/>\n<meta property=\"og:title\" content=\"Journ\u00e9e des p\u00f4les ORN &#038; CIR du CREM - IGR IAE Rennes\" \/>\n<meta property=\"og:description\" content=\"Les p\u00f4les ORN &amp; CIR du CREM organisent une journ\u00e9e autour des derni\u00e8res avanc\u00e9es en mati\u00e8re de m\u00e9thodologies de recherche \u00e0 l\u2019IGR-IAE Rennes.\" \/>\n<meta property=\"og:url\" content=\"https:\/\/www.igr.univ-rennes.fr\/fr\/journee-des-poles-orn-cir-du-crem\/\" \/>\n<meta property=\"og:site_name\" content=\"IGR IAE Rennes\" \/>\n<meta property=\"article:published_time\" content=\"2023-11-13T14:26:41+00:00\" \/>\n<meta property=\"article:modified_time\" content=\"2023-11-16T15:53:07+00:00\" \/>\n<meta property=\"og:image\" content=\"https:\/\/www.igr.univ-rennes.fr\/wp-content\/uploads\/2023\/11\/IMG_1472-scaled.jpg\" \/>\n\t<meta property=\"og:image:width\" content=\"2560\" \/>\n\t<meta property=\"og:image:height\" content=\"1258\" \/>\n\t<meta property=\"og:image:type\" content=\"image\/jpeg\" \/>\n<meta name=\"author\" content=\"Emma Lebaut\" \/>\n<meta name=\"twitter:card\" content=\"summary_large_image\" \/>\n<meta name=\"twitter:label1\" content=\"\u00c9crit par\" \/>\n\t<meta name=\"twitter:data1\" content=\"Emma Lebaut\" \/>\n\t<meta name=\"twitter:label2\" content=\"Dur\u00e9e de lecture estim\u00e9e\" \/>\n\t<meta name=\"twitter:data2\" content=\"2 minutes\" \/>\n<script type=\"application\/ld+json\" class=\"yoast-schema-graph\">{\"@context\":\"https:\/\/schema.org\",\"@graph\":[{\"@type\":\"Article\",\"@id\":\"https:\/\/www.igr.univ-rennes.fr\/fr\/journee-des-poles-orn-cir-du-crem\/#article\",\"isPartOf\":{\"@id\":\"https:\/\/www.igr.univ-rennes.fr\/fr\/journee-des-poles-orn-cir-du-crem\/\"},\"author\":{\"name\":\"Emma Lebaut\",\"@id\":\"https:\/\/www.igr.univ-rennes.fr\/fr\/#\/schema\/person\/ccc43b9cca93cd7a471bce264778297c\"},\"headline\":\"Journ\u00e9e des p\u00f4les ORN &#038; CIR du CREM\",\"datePublished\":\"2023-11-13T14:26:41+00:00\",\"dateModified\":\"2023-11-16T15:53:07+00:00\",\"mainEntityOfPage\":{\"@id\":\"https:\/\/www.igr.univ-rennes.fr\/fr\/journee-des-poles-orn-cir-du-crem\/\"},\"wordCount\":367,\"publisher\":{\"@id\":\"https:\/\/www.igr.univ-rennes.fr\/fr\/#organization\"},\"articleSection\":[\"Recherche\"],\"inLanguage\":\"fr-FR\"},{\"@type\":\"WebPage\",\"@id\":\"https:\/\/www.igr.univ-rennes.fr\/fr\/journee-des-poles-orn-cir-du-crem\/\",\"url\":\"https:\/\/www.igr.univ-rennes.fr\/fr\/journee-des-poles-orn-cir-du-crem\/\",\"name\":\"Journ\u00e9e des p\u00f4les ORN &#038; CIR du CREM - IGR IAE Rennes\",\"isPartOf\":{\"@id\":\"https:\/\/www.igr.univ-rennes.fr\/fr\/#website\"},\"datePublished\":\"2023-11-13T14:26:41+00:00\",\"dateModified\":\"2023-11-16T15:53:07+00:00\",\"breadcrumb\":{\"@id\":\"https:\/\/www.igr.univ-rennes.fr\/fr\/journee-des-poles-orn-cir-du-crem\/#breadcrumb\"},\"inLanguage\":\"fr-FR\",\"potentialAction\":[{\"@type\":\"ReadAction\",\"target\":[\"https:\/\/www.igr.univ-rennes.fr\/fr\/journee-des-poles-orn-cir-du-crem\/\"]}]},{\"@type\":\"BreadcrumbList\",\"@id\":\"https:\/\/www.igr.univ-rennes.fr\/fr\/journee-des-poles-orn-cir-du-crem\/#breadcrumb\",\"itemListElement\":[{\"@type\":\"ListItem\",\"position\":1,\"name\":\"Accueil\",\"item\":\"https:\/\/www.igr.univ-rennes.fr\/fr\/\"},{\"@type\":\"ListItem\",\"position\":2,\"name\":\"Journ\u00e9e des p\u00f4les ORN &#038; CIR du CREM\"}]},{\"@type\":\"WebSite\",\"@id\":\"https:\/\/www.igr.univ-rennes.fr\/fr\/#website\",\"url\":\"https:\/\/www.igr.univ-rennes.fr\/fr\/\",\"name\":\"IGR IAE Rennes\",\"description\":\"\",\"publisher\":{\"@id\":\"https:\/\/www.igr.univ-rennes.fr\/fr\/#organization\"},\"potentialAction\":[{\"@type\":\"SearchAction\",\"target\":{\"@type\":\"EntryPoint\",\"urlTemplate\":\"https:\/\/www.igr.univ-rennes.fr\/fr\/?s={search_term_string}\"},\"query-input\":\"required name=search_term_string\"}],\"inLanguage\":\"fr-FR\"},{\"@type\":\"Organization\",\"@id\":\"https:\/\/www.igr.univ-rennes.fr\/fr\/#organization\",\"name\":\"IGR IAE Rennes\",\"url\":\"https:\/\/www.igr.univ-rennes.fr\/fr\/\",\"logo\":{\"@type\":\"ImageObject\",\"inLanguage\":\"fr-FR\",\"@id\":\"https:\/\/www.igr.univ-rennes.fr\/fr\/#\/schema\/logo\/image\/\",\"url\":\"https:\/\/www.igr.univ-rennes.fr\/wp-content\/uploads\/2020\/06\/Logo-IGR-IAE-Rennes_Blanc-300dpi-RVB-e1597327228224.png\",\"contentUrl\":\"https:\/\/www.igr.univ-rennes.fr\/wp-content\/uploads\/2020\/06\/Logo-IGR-IAE-Rennes_Blanc-300dpi-RVB-e1597327228224.png\",\"width\":290,\"height\":107,\"caption\":\"IGR IAE Rennes\"},\"image\":{\"@id\":\"https:\/\/www.igr.univ-rennes.fr\/fr\/#\/schema\/logo\/image\/\"}},{\"@type\":\"Person\",\"@id\":\"https:\/\/www.igr.univ-rennes.fr\/fr\/#\/schema\/person\/ccc43b9cca93cd7a471bce264778297c\",\"name\":\"Emma Lebaut\",\"image\":{\"@type\":\"ImageObject\",\"inLanguage\":\"fr-FR\",\"@id\":\"https:\/\/www.igr.univ-rennes.fr\/fr\/#\/schema\/person\/image\/\",\"url\":\"https:\/\/secure.gravatar.com\/avatar\/5595dd0d6a0a6d72d586285ccf5929f4?s=96&d=mm&r=g\",\"contentUrl\":\"https:\/\/secure.gravatar.com\/avatar\/5595dd0d6a0a6d72d586285ccf5929f4?s=96&d=mm&r=g\",\"caption\":\"Emma Lebaut\"}}]}<\/script>\n<!-- \/ Yoast SEO plugin. -->","yoast_head_json":{"title":"Journ\u00e9e des p\u00f4les ORN &#038; CIR du CREM - IGR IAE Rennes","robots":{"index":"index","follow":"follow","max-snippet":"max-snippet:-1","max-image-preview":"max-image-preview:large","max-video-preview":"max-video-preview:-1"},"canonical":"https:\/\/www.igr.univ-rennes.fr\/fr\/journee-des-poles-orn-cir-du-crem\/","og_locale":"fr_FR","og_type":"article","og_title":"Journ\u00e9e des p\u00f4les ORN &#038; CIR du CREM - IGR IAE Rennes","og_description":"Les p\u00f4les ORN & CIR du CREM organisent une journ\u00e9e autour des derni\u00e8res avanc\u00e9es en mati\u00e8re de m\u00e9thodologies de recherche \u00e0 l\u2019IGR-IAE Rennes.","og_url":"https:\/\/www.igr.univ-rennes.fr\/fr\/journee-des-poles-orn-cir-du-crem\/","og_site_name":"IGR IAE Rennes","article_published_time":"2023-11-13T14:26:41+00:00","article_modified_time":"2023-11-16T15:53:07+00:00","og_image":[{"width":2560,"height":1258,"url":"https:\/\/www.igr.univ-rennes.fr\/wp-content\/uploads\/2023\/11\/IMG_1472-scaled.jpg","type":"image\/jpeg"}],"author":"Emma Lebaut","twitter_card":"summary_large_image","twitter_misc":{"\u00c9crit par":"Emma Lebaut","Dur\u00e9e de lecture estim\u00e9e":"2 minutes"},"schema":{"@context":"https:\/\/schema.org","@graph":[{"@type":"Article","@id":"https:\/\/www.igr.univ-rennes.fr\/fr\/journee-des-poles-orn-cir-du-crem\/#article","isPartOf":{"@id":"https:\/\/www.igr.univ-rennes.fr\/fr\/journee-des-poles-orn-cir-du-crem\/"},"author":{"name":"Emma Lebaut","@id":"https:\/\/www.igr.univ-rennes.fr\/fr\/#\/schema\/person\/ccc43b9cca93cd7a471bce264778297c"},"headline":"Journ\u00e9e des p\u00f4les ORN &#038; CIR du CREM","datePublished":"2023-11-13T14:26:41+00:00","dateModified":"2023-11-16T15:53:07+00:00","mainEntityOfPage":{"@id":"https:\/\/www.igr.univ-rennes.fr\/fr\/journee-des-poles-orn-cir-du-crem\/"},"wordCount":367,"publisher":{"@id":"https:\/\/www.igr.univ-rennes.fr\/fr\/#organization"},"articleSection":["Recherche"],"inLanguage":"fr-FR"},{"@type":"WebPage","@id":"https:\/\/www.igr.univ-rennes.fr\/fr\/journee-des-poles-orn-cir-du-crem\/","url":"https:\/\/www.igr.univ-rennes.fr\/fr\/journee-des-poles-orn-cir-du-crem\/","name":"Journ\u00e9e des p\u00f4les ORN &#038; CIR du CREM - IGR IAE Rennes","isPartOf":{"@id":"https:\/\/www.igr.univ-rennes.fr\/fr\/#website"},"datePublished":"2023-11-13T14:26:41+00:00","dateModified":"2023-11-16T15:53:07+00:00","breadcrumb":{"@id":"https:\/\/www.igr.univ-rennes.fr\/fr\/journee-des-poles-orn-cir-du-crem\/#breadcrumb"},"inLanguage":"fr-FR","potentialAction":[{"@type":"ReadAction","target":["https:\/\/www.igr.univ-rennes.fr\/fr\/journee-des-poles-orn-cir-du-crem\/"]}]},{"@type":"BreadcrumbList","@id":"https:\/\/www.igr.univ-rennes.fr\/fr\/journee-des-poles-orn-cir-du-crem\/#breadcrumb","itemListElement":[{"@type":"ListItem","position":1,"name":"Accueil","item":"https:\/\/www.igr.univ-rennes.fr\/fr\/"},{"@type":"ListItem","position":2,"name":"Journ\u00e9e des p\u00f4les ORN &#038; CIR du CREM"}]},{"@type":"WebSite","@id":"https:\/\/www.igr.univ-rennes.fr\/fr\/#website","url":"https:\/\/www.igr.univ-rennes.fr\/fr\/","name":"IGR IAE Rennes","description":"","publisher":{"@id":"https:\/\/www.igr.univ-rennes.fr\/fr\/#organization"},"potentialAction":[{"@type":"SearchAction","target":{"@type":"EntryPoint","urlTemplate":"https:\/\/www.igr.univ-rennes.fr\/fr\/?s={search_term_string}"},"query-input":"required name=search_term_string"}],"inLanguage":"fr-FR"},{"@type":"Organization","@id":"https:\/\/www.igr.univ-rennes.fr\/fr\/#organization","name":"IGR IAE Rennes","url":"https:\/\/www.igr.univ-rennes.fr\/fr\/","logo":{"@type":"ImageObject","inLanguage":"fr-FR","@id":"https:\/\/www.igr.univ-rennes.fr\/fr\/#\/schema\/logo\/image\/","url":"https:\/\/www.igr.univ-rennes.fr\/wp-content\/uploads\/2020\/06\/Logo-IGR-IAE-Rennes_Blanc-300dpi-RVB-e1597327228224.png","contentUrl":"https:\/\/www.igr.univ-rennes.fr\/wp-content\/uploads\/2020\/06\/Logo-IGR-IAE-Rennes_Blanc-300dpi-RVB-e1597327228224.png","width":290,"height":107,"caption":"IGR IAE Rennes"},"image":{"@id":"https:\/\/www.igr.univ-rennes.fr\/fr\/#\/schema\/logo\/image\/"}},{"@type":"Person","@id":"https:\/\/www.igr.univ-rennes.fr\/fr\/#\/schema\/person\/ccc43b9cca93cd7a471bce264778297c","name":"Emma Lebaut","image":{"@type":"ImageObject","inLanguage":"fr-FR","@id":"https:\/\/www.igr.univ-rennes.fr\/fr\/#\/schema\/person\/image\/","url":"https:\/\/secure.gravatar.com\/avatar\/5595dd0d6a0a6d72d586285ccf5929f4?s=96&d=mm&r=g","contentUrl":"https:\/\/secure.gravatar.com\/avatar\/5595dd0d6a0a6d72d586285ccf5929f4?s=96&d=mm&r=g","caption":"Emma Lebaut"}}]}},"_links":{"self":[{"href":"https:\/\/www.igr.univ-rennes.fr\/fr\/wp-json\/wp\/v2\/posts\/332093"}],"collection":[{"href":"https:\/\/www.igr.univ-rennes.fr\/fr\/wp-json\/wp\/v2\/posts"}],"about":[{"href":"https:\/\/www.igr.univ-rennes.fr\/fr\/wp-json\/wp\/v2\/types\/post"}],"author":[{"embeddable":true,"href":"https:\/\/www.igr.univ-rennes.fr\/fr\/wp-json\/wp\/v2\/users\/9"}],"replies":[{"embeddable":true,"href":"https:\/\/www.igr.univ-rennes.fr\/fr\/wp-json\/wp\/v2\/comments?post=332093"}],"version-history":[{"count":5,"href":"https:\/\/www.igr.univ-rennes.fr\/fr\/wp-json\/wp\/v2\/posts\/332093\/revisions"}],"predecessor-version":[{"id":333954,"href":"https:\/\/www.igr.univ-rennes.fr\/fr\/wp-json\/wp\/v2\/posts\/332093\/revisions\/333954"}],"wp:featuredmedia":[{"embeddable":true,"href":"https:\/\/www.igr.univ-rennes.fr\/fr\/wp-json\/wp\/v2\/media\/332094"}],"wp:attachment":[{"href":"https:\/\/www.igr.univ-rennes.fr\/fr\/wp-json\/wp\/v2\/media?parent=332093"}],"wp:term":[{"taxonomy":"category","embeddable":true,"href":"https:\/\/www.igr.univ-rennes.fr\/fr\/wp-json\/wp\/v2\/categories?post=332093"},{"taxonomy":"post_tag","embeddable":true,"href":"https:\/\/www.igr.univ-rennes.fr\/fr\/wp-json\/wp\/v2\/tags?post=332093"}],"curies":[{"name":"wp","href":"https:\/\/api.w.org\/{rel}","templated":true}]}}