{"id":324586,"date":"2023-10-16T12:30:33","date_gmt":"2023-10-16T10:30:33","guid":{"rendered":"https:\/\/www.igr.univ-rennes.fr\/?p=324586"},"modified":"2023-10-16T14:53:30","modified_gmt":"2023-10-16T12:53:30","slug":"hommage-a-dominique-bernard","status":"publish","type":"post","link":"https:\/\/www.igr.univ-rennes.fr\/fr\/hommage-a-dominique-bernard\/","title":{"rendered":"Hommage \u00e0 Dominique Bernard"},"content":{"rendered":"\t\t<div data-elementor-type=\"wp-post\" data-elementor-id=\"324586\" class=\"elementor elementor-324586\">\n\t\t\t\t\t\t\t\t\t<section class=\"elementor-section elementor-top-section elementor-element elementor-element-6c10642 elementor-section-boxed elementor-section-height-default elementor-section-height-default\" data-id=\"6c10642\" data-element_type=\"section\">\n\t\t\t\t\t\t<div class=\"elementor-container elementor-column-gap-default\">\n\t\t\t\t\t<div class=\"elementor-column elementor-col-100 elementor-top-column elementor-element elementor-element-08d7e0e\" data-id=\"08d7e0e\" data-element_type=\"column\">\n\t\t\t<div class=\"elementor-widget-wrap elementor-element-populated\">\n\t\t\t\t\t\t\t\t<div class=\"elementor-element elementor-element-eaf5f29 elementor-widget elementor-widget-text-editor\" data-id=\"eaf5f29\" data-element_type=\"widget\" data-widget_type=\"text-editor.default\">\n\t\t\t\t<div class=\"elementor-widget-container\">\n\t\t\t\t\t\t\t<p>L\u2019universit\u00e9 s\u2019associe \u00e0 l\u2019hommage national : ce lundi 16 octobre 2023 \u00e0 14h, une minute de silence et de recueillement sera respect\u00e9e en m\u00e9moire des victimes des attentats commis contre l\u2019\u00c9cole de la R\u00e9publique.<\/p><p>Vendredi 13 octobre, Dominique Bernard, professeur agr\u00e9g\u00e9 de lettres au coll\u00e8ge-lyc\u00e9e Gambetta-Carnot d\u2019Arras, a \u00e9t\u00e9 assassin\u00e9, tandis que deux de ses coll\u00e8gues ont \u00e9t\u00e9 gri\u00e8vement bless\u00e9s dans le cadre d\u2019une attaque terroriste.<\/p><p>L\u2019Universit\u00e9 de Rennes et ses \u00e9tablissements-composantes condamnent ce crime barbare d\u2019un professeur de la R\u00e9publique. Avec \u00e9motion, nos communaut\u00e9s partagent la peine de la famille, des proches et de la communaut\u00e9 \u00e9ducative de Dominique Bernard, trois ans presque jour pour jour apr\u00e8s l\u2019assassinat de Samuel Paty.<\/p><p>L&rsquo;Universit\u00e9 de Rennes agit avec d\u00e9termination et sans faille pour le respect des valeurs r\u00e9publicaines de fraternit\u00e9, de la\u00efcit\u00e9, de libert\u00e9 de conscience, de libre arbitre et de paix. Elle combat toutes les formes de discrimination, de racisme et d\u2019antis\u00e9mitisme. Face \u00e0 l\u2019obscurantisme, l\u2019Universit\u00e9 de Rennes, doit plus que jamais, offrir \u00e0 chacune et chacun d\u2019entre nous un espace d\u2019\u00e9ducation et de raison, de culture du d\u00e9bat, d\u2019acc\u00e8s aux savoirs, de respect et de tol\u00e9rance partag\u00e9e. <\/p><p>L\u2019universit\u00e9 s\u2019associe \u00e0 l\u2019hommage national et invite \u00e0 respecter ce lundi \u00e0 14h, une minute de silence et de recueillement en m\u00e9moire des victimes des attentats commis contre l\u2019\u00c9cole de la R\u00e9publique.<\/p>\t\t\t\t\t\t<\/div>\n\t\t\t\t<\/div>\n\t\t\t\t\t<\/div>\n\t\t<\/div>\n\t\t\t\t\t\t\t<\/div>\n\t\t<\/section>\n\t\t\t\t\t\t\t<\/div>\n\t\t","protected":false},"excerpt":{"rendered":"<p>L\u2019universit\u00e9 s\u2019associe \u00e0 l\u2019hommage national : ce lundi 16 octobre 2023 \u00e0 14h, une minute de silence et de recueillement sera respect\u00e9e en m\u00e9moire des victimes des attentats commis contre l\u2019\u00c9cole de la R\u00e9publique.<\/p>\n","protected":false},"author":11,"featured_media":324587,"comment_status":"closed","ping_status":"closed","sticky":true,"template":"","format":"standard","meta":{"footnotes":""},"categories":[147],"tags":[],"yoast_head":"<!-- This site is optimized with the Yoast SEO plugin v21.1 - https:\/\/yoast.com\/wordpress\/plugins\/seo\/ -->\n<title>Hommage \u00e0 Dominique Bernard - IGR IAE Rennes<\/title>\n<meta name=\"robots\" content=\"index, follow, max-snippet:-1, max-image-preview:large, max-video-preview:-1\" \/>\n<link rel=\"canonical\" href=\"https:\/\/www.igr.univ-rennes.fr\/fr\/hommage-a-dominique-bernard\/\" \/>\n<meta property=\"og:locale\" content=\"fr_FR\" \/>\n<meta property=\"og:type\" content=\"article\" \/>\n<meta property=\"og:title\" content=\"Hommage \u00e0 Dominique Bernard - IGR IAE Rennes\" \/>\n<meta property=\"og:description\" content=\"L\u2019universit\u00e9 s\u2019associe \u00e0 l\u2019hommage national : ce lundi 16 octobre 2023 \u00e0 14h, une minute de silence et de recueillement sera respect\u00e9e en m\u00e9moire des victimes des attentats commis contre l\u2019\u00c9cole de la R\u00e9publique.\" \/>\n<meta property=\"og:url\" content=\"https:\/\/www.igr.univ-rennes.fr\/fr\/hommage-a-dominique-bernard\/\" \/>\n<meta property=\"og:site_name\" content=\"IGR IAE Rennes\" \/>\n<meta property=\"article:published_time\" content=\"2023-10-16T10:30:33+00:00\" \/>\n<meta property=\"article:modified_time\" content=\"2023-10-16T12:53:30+00:00\" \/>\n<meta property=\"og:image\" content=\"https:\/\/www.igr.univ-rennes.fr\/wp-content\/uploads\/2023\/10\/jesuisprof.jpg\" \/>\n\t<meta property=\"og:image:width\" content=\"960\" \/>\n\t<meta property=\"og:image:height\" content=\"540\" \/>\n\t<meta property=\"og:image:type\" content=\"image\/jpeg\" \/>\n<meta name=\"author\" content=\"Marie-Annick Robin\" \/>\n<meta name=\"twitter:card\" content=\"summary_large_image\" \/>\n<meta name=\"twitter:label1\" content=\"\u00c9crit par\" \/>\n\t<meta name=\"twitter:data1\" content=\"Marie-Annick Robin\" \/>\n\t<meta name=\"twitter:label2\" content=\"Dur\u00e9e de lecture estim\u00e9e\" \/>\n\t<meta name=\"twitter:data2\" content=\"2 minutes\" \/>\n<script type=\"application\/ld+json\" class=\"yoast-schema-graph\">{\"@context\":\"https:\/\/schema.org\",\"@graph\":[{\"@type\":\"Article\",\"@id\":\"https:\/\/www.igr.univ-rennes.fr\/fr\/hommage-a-dominique-bernard\/#article\",\"isPartOf\":{\"@id\":\"https:\/\/www.igr.univ-rennes.fr\/fr\/hommage-a-dominique-bernard\/\"},\"author\":{\"name\":\"Marie-Annick Robin\",\"@id\":\"https:\/\/www.igr.univ-rennes.fr\/fr\/#\/schema\/person\/5f1ef906f2986c0eaa338b7258c4082b\"},\"headline\":\"Hommage \u00e0 Dominique Bernard\",\"datePublished\":\"2023-10-16T10:30:33+00:00\",\"dateModified\":\"2023-10-16T12:53:30+00:00\",\"mainEntityOfPage\":{\"@id\":\"https:\/\/www.igr.univ-rennes.fr\/fr\/hommage-a-dominique-bernard\/\"},\"wordCount\":253,\"publisher\":{\"@id\":\"https:\/\/www.igr.univ-rennes.fr\/fr\/#organization\"},\"articleSection\":[\"Actualit\u00e9s\"],\"inLanguage\":\"fr-FR\"},{\"@type\":\"WebPage\",\"@id\":\"https:\/\/www.igr.univ-rennes.fr\/fr\/hommage-a-dominique-bernard\/\",\"url\":\"https:\/\/www.igr.univ-rennes.fr\/fr\/hommage-a-dominique-bernard\/\",\"name\":\"Hommage \u00e0 Dominique Bernard - IGR IAE Rennes\",\"isPartOf\":{\"@id\":\"https:\/\/www.igr.univ-rennes.fr\/fr\/#website\"},\"datePublished\":\"2023-10-16T10:30:33+00:00\",\"dateModified\":\"2023-10-16T12:53:30+00:00\",\"breadcrumb\":{\"@id\":\"https:\/\/www.igr.univ-rennes.fr\/fr\/hommage-a-dominique-bernard\/#breadcrumb\"},\"inLanguage\":\"fr-FR\",\"potentialAction\":[{\"@type\":\"ReadAction\",\"target\":[\"https:\/\/www.igr.univ-rennes.fr\/fr\/hommage-a-dominique-bernard\/\"]}]},{\"@type\":\"BreadcrumbList\",\"@id\":\"https:\/\/www.igr.univ-rennes.fr\/fr\/hommage-a-dominique-bernard\/#breadcrumb\",\"itemListElement\":[{\"@type\":\"ListItem\",\"position\":1,\"name\":\"Accueil\",\"item\":\"https:\/\/www.igr.univ-rennes.fr\/fr\/\"},{\"@type\":\"ListItem\",\"position\":2,\"name\":\"Hommage \u00e0 Dominique Bernard\"}]},{\"@type\":\"WebSite\",\"@id\":\"https:\/\/www.igr.univ-rennes.fr\/fr\/#website\",\"url\":\"https:\/\/www.igr.univ-rennes.fr\/fr\/\",\"name\":\"IGR IAE Rennes\",\"description\":\"\",\"publisher\":{\"@id\":\"https:\/\/www.igr.univ-rennes.fr\/fr\/#organization\"},\"potentialAction\":[{\"@type\":\"SearchAction\",\"target\":{\"@type\":\"EntryPoint\",\"urlTemplate\":\"https:\/\/www.igr.univ-rennes.fr\/fr\/?s={search_term_string}\"},\"query-input\":\"required name=search_term_string\"}],\"inLanguage\":\"fr-FR\"},{\"@type\":\"Organization\",\"@id\":\"https:\/\/www.igr.univ-rennes.fr\/fr\/#organization\",\"name\":\"IGR IAE Rennes\",\"url\":\"https:\/\/www.igr.univ-rennes.fr\/fr\/\",\"logo\":{\"@type\":\"ImageObject\",\"inLanguage\":\"fr-FR\",\"@id\":\"https:\/\/www.igr.univ-rennes.fr\/fr\/#\/schema\/logo\/image\/\",\"url\":\"https:\/\/www.igr.univ-rennes.fr\/wp-content\/uploads\/2020\/06\/Logo-IGR-IAE-Rennes_Blanc-300dpi-RVB-e1597327228224.png\",\"contentUrl\":\"https:\/\/www.igr.univ-rennes.fr\/wp-content\/uploads\/2020\/06\/Logo-IGR-IAE-Rennes_Blanc-300dpi-RVB-e1597327228224.png\",\"width\":290,\"height\":107,\"caption\":\"IGR IAE Rennes\"},\"image\":{\"@id\":\"https:\/\/www.igr.univ-rennes.fr\/fr\/#\/schema\/logo\/image\/\"}},{\"@type\":\"Person\",\"@id\":\"https:\/\/www.igr.univ-rennes.fr\/fr\/#\/schema\/person\/5f1ef906f2986c0eaa338b7258c4082b\",\"name\":\"Marie-Annick Robin\",\"image\":{\"@type\":\"ImageObject\",\"inLanguage\":\"fr-FR\",\"@id\":\"https:\/\/www.igr.univ-rennes.fr\/fr\/#\/schema\/person\/image\/\",\"url\":\"https:\/\/secure.gravatar.com\/avatar\/2be340e59f359ca7aa475c1693137388?s=96&d=mm&r=g\",\"contentUrl\":\"https:\/\/secure.gravatar.com\/avatar\/2be340e59f359ca7aa475c1693137388?s=96&d=mm&r=g\",\"caption\":\"Marie-Annick Robin\"}}]}<\/script>\n<!-- \/ Yoast SEO plugin. -->","yoast_head_json":{"title":"Hommage \u00e0 Dominique Bernard - IGR IAE Rennes","robots":{"index":"index","follow":"follow","max-snippet":"max-snippet:-1","max-image-preview":"max-image-preview:large","max-video-preview":"max-video-preview:-1"},"canonical":"https:\/\/www.igr.univ-rennes.fr\/fr\/hommage-a-dominique-bernard\/","og_locale":"fr_FR","og_type":"article","og_title":"Hommage \u00e0 Dominique Bernard - IGR IAE Rennes","og_description":"L\u2019universit\u00e9 s\u2019associe \u00e0 l\u2019hommage national : ce lundi 16 octobre 2023 \u00e0 14h, une minute de silence et de recueillement sera respect\u00e9e en m\u00e9moire des victimes des attentats commis contre l\u2019\u00c9cole de la R\u00e9publique.","og_url":"https:\/\/www.igr.univ-rennes.fr\/fr\/hommage-a-dominique-bernard\/","og_site_name":"IGR IAE Rennes","article_published_time":"2023-10-16T10:30:33+00:00","article_modified_time":"2023-10-16T12:53:30+00:00","og_image":[{"width":960,"height":540,"url":"https:\/\/www.igr.univ-rennes.fr\/wp-content\/uploads\/2023\/10\/jesuisprof.jpg","type":"image\/jpeg"}],"author":"Marie-Annick Robin","twitter_card":"summary_large_image","twitter_misc":{"\u00c9crit par":"Marie-Annick Robin","Dur\u00e9e de lecture estim\u00e9e":"2 minutes"},"schema":{"@context":"https:\/\/schema.org","@graph":[{"@type":"Article","@id":"https:\/\/www.igr.univ-rennes.fr\/fr\/hommage-a-dominique-bernard\/#article","isPartOf":{"@id":"https:\/\/www.igr.univ-rennes.fr\/fr\/hommage-a-dominique-bernard\/"},"author":{"name":"Marie-Annick Robin","@id":"https:\/\/www.igr.univ-rennes.fr\/fr\/#\/schema\/person\/5f1ef906f2986c0eaa338b7258c4082b"},"headline":"Hommage \u00e0 Dominique Bernard","datePublished":"2023-10-16T10:30:33+00:00","dateModified":"2023-10-16T12:53:30+00:00","mainEntityOfPage":{"@id":"https:\/\/www.igr.univ-rennes.fr\/fr\/hommage-a-dominique-bernard\/"},"wordCount":253,"publisher":{"@id":"https:\/\/www.igr.univ-rennes.fr\/fr\/#organization"},"articleSection":["Actualit\u00e9s"],"inLanguage":"fr-FR"},{"@type":"WebPage","@id":"https:\/\/www.igr.univ-rennes.fr\/fr\/hommage-a-dominique-bernard\/","url":"https:\/\/www.igr.univ-rennes.fr\/fr\/hommage-a-dominique-bernard\/","name":"Hommage \u00e0 Dominique Bernard - IGR IAE Rennes","isPartOf":{"@id":"https:\/\/www.igr.univ-rennes.fr\/fr\/#website"},"datePublished":"2023-10-16T10:30:33+00:00","dateModified":"2023-10-16T12:53:30+00:00","breadcrumb":{"@id":"https:\/\/www.igr.univ-rennes.fr\/fr\/hommage-a-dominique-bernard\/#breadcrumb"},"inLanguage":"fr-FR","potentialAction":[{"@type":"ReadAction","target":["https:\/\/www.igr.univ-rennes.fr\/fr\/hommage-a-dominique-bernard\/"]}]},{"@type":"BreadcrumbList","@id":"https:\/\/www.igr.univ-rennes.fr\/fr\/hommage-a-dominique-bernard\/#breadcrumb","itemListElement":[{"@type":"ListItem","position":1,"name":"Accueil","item":"https:\/\/www.igr.univ-rennes.fr\/fr\/"},{"@type":"ListItem","position":2,"name":"Hommage \u00e0 Dominique Bernard"}]},{"@type":"WebSite","@id":"https:\/\/www.igr.univ-rennes.fr\/fr\/#website","url":"https:\/\/www.igr.univ-rennes.fr\/fr\/","name":"IGR IAE Rennes","description":"","publisher":{"@id":"https:\/\/www.igr.univ-rennes.fr\/fr\/#organization"},"potentialAction":[{"@type":"SearchAction","target":{"@type":"EntryPoint","urlTemplate":"https:\/\/www.igr.univ-rennes.fr\/fr\/?s={search_term_string}"},"query-input":"required name=search_term_string"}],"inLanguage":"fr-FR"},{"@type":"Organization","@id":"https:\/\/www.igr.univ-rennes.fr\/fr\/#organization","name":"IGR IAE Rennes","url":"https:\/\/www.igr.univ-rennes.fr\/fr\/","logo":{"@type":"ImageObject","inLanguage":"fr-FR","@id":"https:\/\/www.igr.univ-rennes.fr\/fr\/#\/schema\/logo\/image\/","url":"https:\/\/www.igr.univ-rennes.fr\/wp-content\/uploads\/2020\/06\/Logo-IGR-IAE-Rennes_Blanc-300dpi-RVB-e1597327228224.png","contentUrl":"https:\/\/www.igr.univ-rennes.fr\/wp-content\/uploads\/2020\/06\/Logo-IGR-IAE-Rennes_Blanc-300dpi-RVB-e1597327228224.png","width":290,"height":107,"caption":"IGR IAE Rennes"},"image":{"@id":"https:\/\/www.igr.univ-rennes.fr\/fr\/#\/schema\/logo\/image\/"}},{"@type":"Person","@id":"https:\/\/www.igr.univ-rennes.fr\/fr\/#\/schema\/person\/5f1ef906f2986c0eaa338b7258c4082b","name":"Marie-Annick Robin","image":{"@type":"ImageObject","inLanguage":"fr-FR","@id":"https:\/\/www.igr.univ-rennes.fr\/fr\/#\/schema\/person\/image\/","url":"https:\/\/secure.gravatar.com\/avatar\/2be340e59f359ca7aa475c1693137388?s=96&d=mm&r=g","contentUrl":"https:\/\/secure.gravatar.com\/avatar\/2be340e59f359ca7aa475c1693137388?s=96&d=mm&r=g","caption":"Marie-Annick Robin"}}]}},"_links":{"self":[{"href":"https:\/\/www.igr.univ-rennes.fr\/fr\/wp-json\/wp\/v2\/posts\/324586"}],"collection":[{"href":"https:\/\/www.igr.univ-rennes.fr\/fr\/wp-json\/wp\/v2\/posts"}],"about":[{"href":"https:\/\/www.igr.univ-rennes.fr\/fr\/wp-json\/wp\/v2\/types\/post"}],"author":[{"embeddable":true,"href":"https:\/\/www.igr.univ-rennes.fr\/fr\/wp-json\/wp\/v2\/users\/11"}],"replies":[{"embeddable":true,"href":"https:\/\/www.igr.univ-rennes.fr\/fr\/wp-json\/wp\/v2\/comments?post=324586"}],"version-history":[{"count":6,"href":"https:\/\/www.igr.univ-rennes.fr\/fr\/wp-json\/wp\/v2\/posts\/324586\/revisions"}],"predecessor-version":[{"id":324594,"href":"https:\/\/www.igr.univ-rennes.fr\/fr\/wp-json\/wp\/v2\/posts\/324586\/revisions\/324594"}],"wp:featuredmedia":[{"embeddable":true,"href":"https:\/\/www.igr.univ-rennes.fr\/fr\/wp-json\/wp\/v2\/media\/324587"}],"wp:attachment":[{"href":"https:\/\/www.igr.univ-rennes.fr\/fr\/wp-json\/wp\/v2\/media?parent=324586"}],"wp:term":[{"taxonomy":"category","embeddable":true,"href":"https:\/\/www.igr.univ-rennes.fr\/fr\/wp-json\/wp\/v2\/categories?post=324586"},{"taxonomy":"post_tag","embeddable":true,"href":"https:\/\/www.igr.univ-rennes.fr\/fr\/wp-json\/wp\/v2\/tags?post=324586"}],"curies":[{"name":"wp","href":"https:\/\/api.w.org\/{rel}","templated":true}]}}