{"id":324187,"date":"2023-10-12T15:45:46","date_gmt":"2023-10-12T13:45:46","guid":{"rendered":"https:\/\/www.igr.univ-rennes.fr\/?p=324187"},"modified":"2023-11-17T10:18:46","modified_gmt":"2023-11-17T09:18:46","slug":"les-etudiants-presents-au-forum-seisme-grand-ouest","status":"publish","type":"post","link":"https:\/\/www.igr.univ-rennes.fr\/fr\/les-etudiants-presents-au-forum-seisme-grand-ouest\/","title":{"rendered":"L&rsquo;IGR-IAE Rennes au Forum S\u00e9isme Grand Ouest"},"content":{"rendered":"\t\t<div data-elementor-type=\"wp-post\" data-elementor-id=\"324187\" class=\"elementor elementor-324187\">\n\t\t\t\t\t\t\t\t\t<section class=\"elementor-section elementor-top-section elementor-element elementor-element-6dd5228 elementor-section-boxed elementor-section-height-default elementor-section-height-default\" data-id=\"6dd5228\" data-element_type=\"section\">\n\t\t\t\t\t\t<div class=\"elementor-container elementor-column-gap-default\">\n\t\t\t\t\t<div class=\"elementor-column elementor-col-100 elementor-top-column elementor-element elementor-element-9d310a1\" data-id=\"9d310a1\" data-element_type=\"column\">\n\t\t\t<div class=\"elementor-widget-wrap elementor-element-populated\">\n\t\t\t\t\t\t\t\t<div class=\"elementor-element elementor-element-a4ead89 elementor-widget elementor-widget-text-editor\" data-id=\"a4ead89\" data-element_type=\"widget\" data-widget_type=\"text-editor.default\">\n\t\t\t\t<div class=\"elementor-widget-container\">\n\t\t\t\t\t\t\t<p>Les \u00e9tudiants de Master 1 Marketing et Vente, Gestion des Ressources Humaines, Contr\u00f4le de Gestion et Audit Organisationnel ainsi que les \u00e9tudiants de Master 2 Marketing et Vente en formation initiale, ont eu l&rsquo;opportunit\u00e9 de se rendre au Forum S\u00e9isme Grand Ouest.<\/p>\t\t\t\t\t\t<\/div>\n\t\t\t\t<\/div>\n\t\t\t\t\t<\/div>\n\t\t<\/div>\n\t\t\t\t\t\t\t<\/div>\n\t\t<\/section>\n\t\t\t\t<section class=\"elementor-section elementor-top-section elementor-element elementor-element-b7c452e elementor-section-boxed elementor-section-height-default elementor-section-height-default\" data-id=\"b7c452e\" data-element_type=\"section\">\n\t\t\t\t\t\t<div class=\"elementor-container elementor-column-gap-default\">\n\t\t\t\t\t<div class=\"elementor-column elementor-col-100 elementor-top-column elementor-element elementor-element-f55dac8\" data-id=\"f55dac8\" data-element_type=\"column\">\n\t\t\t<div class=\"elementor-widget-wrap elementor-element-populated\">\n\t\t\t\t\t\t\t\t<div class=\"elementor-element elementor-element-c34fd9d elementor-widget elementor-widget-heading\" data-id=\"c34fd9d\" data-element_type=\"widget\" data-widget_type=\"heading.default\">\n\t\t\t\t<div class=\"elementor-widget-container\">\n\t\t\t<h2 class=\"elementor-heading-title elementor-size-default\">C'est quoi le Forum S\u00e9isme Grand Ouest ?<\/h2>\t\t<\/div>\n\t\t\t\t<\/div>\n\t\t\t\t\t<\/div>\n\t\t<\/div>\n\t\t\t\t\t\t\t<\/div>\n\t\t<\/section>\n\t\t\t\t<section class=\"elementor-section elementor-top-section elementor-element elementor-element-1fd059d elementor-section-boxed elementor-section-height-default elementor-section-height-default\" data-id=\"1fd059d\" data-element_type=\"section\">\n\t\t\t\t\t\t<div class=\"elementor-container elementor-column-gap-default\">\n\t\t\t\t\t<div class=\"elementor-column elementor-col-100 elementor-top-column elementor-element elementor-element-b859b07\" data-id=\"b859b07\" data-element_type=\"column\">\n\t\t\t<div class=\"elementor-widget-wrap elementor-element-populated\">\n\t\t\t\t\t\t\t\t<div class=\"elementor-element elementor-element-13bd9ac elementor-widget elementor-widget-text-editor\" data-id=\"13bd9ac\" data-element_type=\"widget\" data-widget_type=\"text-editor.default\">\n\t\t\t\t<div class=\"elementor-widget-container\">\n\t\t\t\t\t\t\t<p><a href=\"https:\/\/www.seisme.org\/forum-seisme-grand-ouest\/\" target=\"_blank\" rel=\"noopener\">S\u00e9isme Grand Ouest<\/a>, c&rsquo;est le premier forum de l&#8217;emploi \u00e0 impact \u00e9cologique et social dans le Grand Ouest. Il met en lumi\u00e8re les mani\u00e8res de s\u2019engager dans son travail, avec un village de 100 initiatives vertueuses du territoire, des tables rondes et t\u00e9moignages inspirants, des ateliers, job dating, agoras, rencontres&#8230;<\/p>\t\t\t\t\t\t<\/div>\n\t\t\t\t<\/div>\n\t\t\t\t\t<\/div>\n\t\t<\/div>\n\t\t\t\t\t\t\t<\/div>\n\t\t<\/section>\n\t\t\t\t<section class=\"elementor-section elementor-top-section elementor-element elementor-element-8383298 elementor-section-boxed elementor-section-height-default elementor-section-height-default\" data-id=\"8383298\" data-element_type=\"section\">\n\t\t\t\t\t\t<div class=\"elementor-container elementor-column-gap-default\">\n\t\t\t\t\t<div class=\"elementor-column elementor-col-100 elementor-top-column elementor-element elementor-element-64b92e7\" data-id=\"64b92e7\" data-element_type=\"column\">\n\t\t\t<div class=\"elementor-widget-wrap elementor-element-populated\">\n\t\t\t\t\t\t\t\t<div class=\"elementor-element elementor-element-f9fe36e elementor-widget elementor-widget-image\" data-id=\"f9fe36e\" data-element_type=\"widget\" data-widget_type=\"image.default\">\n\t\t\t\t<div class=\"elementor-widget-container\">\n\t\t\t\t\t\t\t\t\t\t\t\t\t\t\t\t<a href=\"https:\/\/www.seisme.org\/forum-seisme-grand-ouest\/intervenants\/\" target=\"_blank\">\n\t\t\t\t\t\t\t<img decoding=\"async\" width=\"800\" height=\"341\" src=\"https:\/\/www.igr.univ-rennes.fr\/wp-content\/uploads\/2023\/10\/intervenants-1024x436.png\" class=\"attachment-large size-large wp-image-324193\" alt=\"\" srcset=\"https:\/\/www.igr.univ-rennes.fr\/wp-content\/uploads\/2023\/10\/intervenants-1024x436.png 1024w, https:\/\/www.igr.univ-rennes.fr\/wp-content\/uploads\/2023\/10\/intervenants-300x128.png 300w, https:\/\/www.igr.univ-rennes.fr\/wp-content\/uploads\/2023\/10\/intervenants-768x327.png 768w, https:\/\/www.igr.univ-rennes.fr\/wp-content\/uploads\/2023\/10\/intervenants-1536x653.png 1536w, https:\/\/www.igr.univ-rennes.fr\/wp-content\/uploads\/2023\/10\/intervenants.png 1864w\" sizes=\"(max-width: 800px) 100vw, 800px\" \/>\t\t\t\t\t\t\t\t<\/a>\n\t\t\t\t\t\t\t\t\t\t\t\t\t\t\t<\/div>\n\t\t\t\t<\/div>\n\t\t\t\t\t<\/div>\n\t\t<\/div>\n\t\t\t\t\t\t\t<\/div>\n\t\t<\/section>\n\t\t\t\t<section class=\"elementor-section elementor-top-section elementor-element elementor-element-2285429 elementor-section-boxed elementor-section-height-default elementor-section-height-default\" data-id=\"2285429\" data-element_type=\"section\">\n\t\t\t\t\t\t<div class=\"elementor-container elementor-column-gap-default\">\n\t\t\t\t\t<div class=\"elementor-column elementor-col-100 elementor-top-column elementor-element elementor-element-9855dd1\" data-id=\"9855dd1\" data-element_type=\"column\">\n\t\t\t<div class=\"elementor-widget-wrap elementor-element-populated\">\n\t\t\t\t\t\t\t\t<div class=\"elementor-element elementor-element-1f2cdc2 elementor-widget elementor-widget-text-editor\" data-id=\"1f2cdc2\" data-element_type=\"widget\" data-widget_type=\"text-editor.default\">\n\t\t\t\t<div class=\"elementor-widget-container\">\n\t\t\t\t\t\t\t<p>Les \u00e9tudiants ont pu assister \u00e0 plusieurs tables rondes sur des th\u00e9matiques telles que \u00ab\u00a0Eduquer pour transformer\u00a0\u00bb, \u00ab\u00a0Bouger les lignes et les humains\u00a0\u00bb, \u00ab\u00a0Informer pour embarquer\u00a0\u00bb,&#8230; Ils ont visit\u00e9 le forum et ont pu rencontrer des entreprises et organisations alternatives inspirantes et \u00e9couter des t\u00e9moignages de communicants engag\u00e9s.<\/p>\t\t\t\t\t\t<\/div>\n\t\t\t\t<\/div>\n\t\t\t\t\t<\/div>\n\t\t<\/div>\n\t\t\t\t\t\t\t<\/div>\n\t\t<\/section>\n\t\t\t\t<section class=\"elementor-section elementor-top-section elementor-element elementor-element-cc98e04 elementor-section-boxed elementor-section-height-default elementor-section-height-default\" data-id=\"cc98e04\" data-element_type=\"section\">\n\t\t\t\t\t\t<div class=\"elementor-container elementor-column-gap-default\">\n\t\t\t\t\t<div class=\"elementor-column elementor-col-100 elementor-top-column elementor-element elementor-element-5a9e013\" data-id=\"5a9e013\" data-element_type=\"column\">\n\t\t\t<div class=\"elementor-widget-wrap elementor-element-populated\">\n\t\t\t\t\t\t\t\t<div class=\"elementor-element elementor-element-548e6fd elementor-widget elementor-widget-image\" data-id=\"548e6fd\" data-element_type=\"widget\" data-widget_type=\"image.default\">\n\t\t\t\t<div class=\"elementor-widget-container\">\n\t\t\t\t\t\t\t\t\t\t\t\t<figure class=\"wp-caption\">\n\t\t\t\t\t\t\t\t\t\t<img decoding=\"async\" width=\"800\" height=\"800\" src=\"https:\/\/www.igr.univ-rennes.fr\/wp-content\/uploads\/2023\/10\/MicrosoftTeams-image-1-1024x1024.jpg\" class=\"attachment-large size-large wp-image-324202\" alt=\"\" srcset=\"https:\/\/www.igr.univ-rennes.fr\/wp-content\/uploads\/2023\/10\/MicrosoftTeams-image-1-1024x1024.jpg 1024w, https:\/\/www.igr.univ-rennes.fr\/wp-content\/uploads\/2023\/10\/MicrosoftTeams-image-1-300x300.jpg 300w, https:\/\/www.igr.univ-rennes.fr\/wp-content\/uploads\/2023\/10\/MicrosoftTeams-image-1-150x150.jpg 150w, https:\/\/www.igr.univ-rennes.fr\/wp-content\/uploads\/2023\/10\/MicrosoftTeams-image-1-768x768.jpg 768w, https:\/\/www.igr.univ-rennes.fr\/wp-content\/uploads\/2023\/10\/MicrosoftTeams-image-1.jpg 1312w\" sizes=\"(max-width: 800px) 100vw, 800px\" \/>\t\t\t\t\t\t\t\t\t\t\t<figcaption class=\"widget-image-caption wp-caption-text\">Etudiants de la promotion Master 2 Marketing &amp; Vente<\/figcaption>\n\t\t\t\t\t\t\t\t\t\t<\/figure>\n\t\t\t\t\t\t\t\t\t<\/div>\n\t\t\t\t<\/div>\n\t\t\t\t\t<\/div>\n\t\t<\/div>\n\t\t\t\t\t\t\t<\/div>\n\t\t<\/section>\n\t\t\t\t\t\t\t<\/div>\n\t\t","protected":false},"excerpt":{"rendered":"<p>Nos \u00e9tudiants ont eu l\u2019opportunit\u00e9 de se rendre au Forum S\u00e9isme Grand Ouest<\/p>\n","protected":false},"author":9,"featured_media":324188,"comment_status":"closed","ping_status":"closed","sticky":true,"template":"","format":"standard","meta":{"footnotes":""},"categories":[64],"tags":[],"yoast_head":"<!-- This site is optimized with the Yoast SEO plugin v21.1 - https:\/\/yoast.com\/wordpress\/plugins\/seo\/ -->\n<title>L&rsquo;IGR-IAE Rennes au Forum S\u00e9isme Grand Ouest - IGR IAE Rennes<\/title>\n<meta name=\"robots\" content=\"index, follow, max-snippet:-1, max-image-preview:large, max-video-preview:-1\" \/>\n<link rel=\"canonical\" href=\"https:\/\/www.igr.univ-rennes.fr\/fr\/les-etudiants-presents-au-forum-seisme-grand-ouest\/\" \/>\n<meta property=\"og:locale\" content=\"fr_FR\" \/>\n<meta property=\"og:type\" content=\"article\" \/>\n<meta property=\"og:title\" content=\"L&rsquo;IGR-IAE Rennes au Forum S\u00e9isme Grand Ouest - IGR IAE Rennes\" \/>\n<meta property=\"og:description\" content=\"Nos \u00e9tudiants ont eu l\u2019opportunit\u00e9 de se rendre au Forum S\u00e9isme Grand Ouest\" \/>\n<meta property=\"og:url\" content=\"https:\/\/www.igr.univ-rennes.fr\/fr\/les-etudiants-presents-au-forum-seisme-grand-ouest\/\" \/>\n<meta property=\"og:site_name\" content=\"IGR IAE Rennes\" \/>\n<meta property=\"article:published_time\" content=\"2023-10-12T13:45:46+00:00\" \/>\n<meta property=\"article:modified_time\" content=\"2023-11-17T09:18:46+00:00\" \/>\n<meta property=\"og:image\" content=\"https:\/\/www.igr.univ-rennes.fr\/wp-content\/uploads\/2023\/10\/MicrosoftTeams-image-2.jpg\" \/>\n\t<meta property=\"og:image:width\" content=\"1864\" \/>\n\t<meta property=\"og:image:height\" content=\"1529\" \/>\n\t<meta property=\"og:image:type\" content=\"image\/jpeg\" \/>\n<meta name=\"author\" content=\"Emma Lebaut\" \/>\n<meta name=\"twitter:card\" content=\"summary_large_image\" \/>\n<meta name=\"twitter:label1\" content=\"\u00c9crit par\" \/>\n\t<meta name=\"twitter:data1\" content=\"Emma Lebaut\" \/>\n\t<meta name=\"twitter:label2\" content=\"Dur\u00e9e de lecture estim\u00e9e\" \/>\n\t<meta name=\"twitter:data2\" content=\"2 minutes\" \/>\n<script type=\"application\/ld+json\" class=\"yoast-schema-graph\">{\"@context\":\"https:\/\/schema.org\",\"@graph\":[{\"@type\":\"Article\",\"@id\":\"https:\/\/www.igr.univ-rennes.fr\/fr\/les-etudiants-presents-au-forum-seisme-grand-ouest\/#article\",\"isPartOf\":{\"@id\":\"https:\/\/www.igr.univ-rennes.fr\/fr\/les-etudiants-presents-au-forum-seisme-grand-ouest\/\"},\"author\":{\"name\":\"Emma Lebaut\",\"@id\":\"https:\/\/www.igr.univ-rennes.fr\/fr\/#\/schema\/person\/ccc43b9cca93cd7a471bce264778297c\"},\"headline\":\"L&rsquo;IGR-IAE Rennes au Forum S\u00e9isme Grand Ouest\",\"datePublished\":\"2023-10-12T13:45:46+00:00\",\"dateModified\":\"2023-11-17T09:18:46+00:00\",\"mainEntityOfPage\":{\"@id\":\"https:\/\/www.igr.univ-rennes.fr\/fr\/les-etudiants-presents-au-forum-seisme-grand-ouest\/\"},\"wordCount\":171,\"publisher\":{\"@id\":\"https:\/\/www.igr.univ-rennes.fr\/fr\/#organization\"},\"articleSection\":[\"Formation\"],\"inLanguage\":\"fr-FR\"},{\"@type\":\"WebPage\",\"@id\":\"https:\/\/www.igr.univ-rennes.fr\/fr\/les-etudiants-presents-au-forum-seisme-grand-ouest\/\",\"url\":\"https:\/\/www.igr.univ-rennes.fr\/fr\/les-etudiants-presents-au-forum-seisme-grand-ouest\/\",\"name\":\"L&rsquo;IGR-IAE Rennes au Forum S\u00e9isme Grand Ouest - IGR IAE Rennes\",\"isPartOf\":{\"@id\":\"https:\/\/www.igr.univ-rennes.fr\/fr\/#website\"},\"datePublished\":\"2023-10-12T13:45:46+00:00\",\"dateModified\":\"2023-11-17T09:18:46+00:00\",\"breadcrumb\":{\"@id\":\"https:\/\/www.igr.univ-rennes.fr\/fr\/les-etudiants-presents-au-forum-seisme-grand-ouest\/#breadcrumb\"},\"inLanguage\":\"fr-FR\",\"potentialAction\":[{\"@type\":\"ReadAction\",\"target\":[\"https:\/\/www.igr.univ-rennes.fr\/fr\/les-etudiants-presents-au-forum-seisme-grand-ouest\/\"]}]},{\"@type\":\"BreadcrumbList\",\"@id\":\"https:\/\/www.igr.univ-rennes.fr\/fr\/les-etudiants-presents-au-forum-seisme-grand-ouest\/#breadcrumb\",\"itemListElement\":[{\"@type\":\"ListItem\",\"position\":1,\"name\":\"Accueil\",\"item\":\"https:\/\/www.igr.univ-rennes.fr\/fr\/\"},{\"@type\":\"ListItem\",\"position\":2,\"name\":\"L&rsquo;IGR-IAE Rennes au Forum S\u00e9isme Grand Ouest\"}]},{\"@type\":\"WebSite\",\"@id\":\"https:\/\/www.igr.univ-rennes.fr\/fr\/#website\",\"url\":\"https:\/\/www.igr.univ-rennes.fr\/fr\/\",\"name\":\"IGR IAE Rennes\",\"description\":\"\",\"publisher\":{\"@id\":\"https:\/\/www.igr.univ-rennes.fr\/fr\/#organization\"},\"potentialAction\":[{\"@type\":\"SearchAction\",\"target\":{\"@type\":\"EntryPoint\",\"urlTemplate\":\"https:\/\/www.igr.univ-rennes.fr\/fr\/?s={search_term_string}\"},\"query-input\":\"required name=search_term_string\"}],\"inLanguage\":\"fr-FR\"},{\"@type\":\"Organization\",\"@id\":\"https:\/\/www.igr.univ-rennes.fr\/fr\/#organization\",\"name\":\"IGR IAE Rennes\",\"url\":\"https:\/\/www.igr.univ-rennes.fr\/fr\/\",\"logo\":{\"@type\":\"ImageObject\",\"inLanguage\":\"fr-FR\",\"@id\":\"https:\/\/www.igr.univ-rennes.fr\/fr\/#\/schema\/logo\/image\/\",\"url\":\"https:\/\/www.igr.univ-rennes.fr\/wp-content\/uploads\/2020\/06\/Logo-IGR-IAE-Rennes_Blanc-300dpi-RVB-e1597327228224.png\",\"contentUrl\":\"https:\/\/www.igr.univ-rennes.fr\/wp-content\/uploads\/2020\/06\/Logo-IGR-IAE-Rennes_Blanc-300dpi-RVB-e1597327228224.png\",\"width\":290,\"height\":107,\"caption\":\"IGR IAE Rennes\"},\"image\":{\"@id\":\"https:\/\/www.igr.univ-rennes.fr\/fr\/#\/schema\/logo\/image\/\"}},{\"@type\":\"Person\",\"@id\":\"https:\/\/www.igr.univ-rennes.fr\/fr\/#\/schema\/person\/ccc43b9cca93cd7a471bce264778297c\",\"name\":\"Emma Lebaut\",\"image\":{\"@type\":\"ImageObject\",\"inLanguage\":\"fr-FR\",\"@id\":\"https:\/\/www.igr.univ-rennes.fr\/fr\/#\/schema\/person\/image\/\",\"url\":\"https:\/\/secure.gravatar.com\/avatar\/5595dd0d6a0a6d72d586285ccf5929f4?s=96&d=mm&r=g\",\"contentUrl\":\"https:\/\/secure.gravatar.com\/avatar\/5595dd0d6a0a6d72d586285ccf5929f4?s=96&d=mm&r=g\",\"caption\":\"Emma Lebaut\"}}]}<\/script>\n<!-- \/ Yoast SEO plugin. -->","yoast_head_json":{"title":"L&rsquo;IGR-IAE Rennes au Forum S\u00e9isme Grand Ouest - IGR IAE Rennes","robots":{"index":"index","follow":"follow","max-snippet":"max-snippet:-1","max-image-preview":"max-image-preview:large","max-video-preview":"max-video-preview:-1"},"canonical":"https:\/\/www.igr.univ-rennes.fr\/fr\/les-etudiants-presents-au-forum-seisme-grand-ouest\/","og_locale":"fr_FR","og_type":"article","og_title":"L&rsquo;IGR-IAE Rennes au Forum S\u00e9isme Grand Ouest - IGR IAE Rennes","og_description":"Nos \u00e9tudiants ont eu l\u2019opportunit\u00e9 de se rendre au Forum S\u00e9isme Grand Ouest","og_url":"https:\/\/www.igr.univ-rennes.fr\/fr\/les-etudiants-presents-au-forum-seisme-grand-ouest\/","og_site_name":"IGR IAE Rennes","article_published_time":"2023-10-12T13:45:46+00:00","article_modified_time":"2023-11-17T09:18:46+00:00","og_image":[{"width":1864,"height":1529,"url":"https:\/\/www.igr.univ-rennes.fr\/wp-content\/uploads\/2023\/10\/MicrosoftTeams-image-2.jpg","type":"image\/jpeg"}],"author":"Emma Lebaut","twitter_card":"summary_large_image","twitter_misc":{"\u00c9crit par":"Emma Lebaut","Dur\u00e9e de lecture estim\u00e9e":"2 minutes"},"schema":{"@context":"https:\/\/schema.org","@graph":[{"@type":"Article","@id":"https:\/\/www.igr.univ-rennes.fr\/fr\/les-etudiants-presents-au-forum-seisme-grand-ouest\/#article","isPartOf":{"@id":"https:\/\/www.igr.univ-rennes.fr\/fr\/les-etudiants-presents-au-forum-seisme-grand-ouest\/"},"author":{"name":"Emma Lebaut","@id":"https:\/\/www.igr.univ-rennes.fr\/fr\/#\/schema\/person\/ccc43b9cca93cd7a471bce264778297c"},"headline":"L&rsquo;IGR-IAE Rennes au Forum S\u00e9isme Grand Ouest","datePublished":"2023-10-12T13:45:46+00:00","dateModified":"2023-11-17T09:18:46+00:00","mainEntityOfPage":{"@id":"https:\/\/www.igr.univ-rennes.fr\/fr\/les-etudiants-presents-au-forum-seisme-grand-ouest\/"},"wordCount":171,"publisher":{"@id":"https:\/\/www.igr.univ-rennes.fr\/fr\/#organization"},"articleSection":["Formation"],"inLanguage":"fr-FR"},{"@type":"WebPage","@id":"https:\/\/www.igr.univ-rennes.fr\/fr\/les-etudiants-presents-au-forum-seisme-grand-ouest\/","url":"https:\/\/www.igr.univ-rennes.fr\/fr\/les-etudiants-presents-au-forum-seisme-grand-ouest\/","name":"L&rsquo;IGR-IAE Rennes au Forum S\u00e9isme Grand Ouest - IGR IAE Rennes","isPartOf":{"@id":"https:\/\/www.igr.univ-rennes.fr\/fr\/#website"},"datePublished":"2023-10-12T13:45:46+00:00","dateModified":"2023-11-17T09:18:46+00:00","breadcrumb":{"@id":"https:\/\/www.igr.univ-rennes.fr\/fr\/les-etudiants-presents-au-forum-seisme-grand-ouest\/#breadcrumb"},"inLanguage":"fr-FR","potentialAction":[{"@type":"ReadAction","target":["https:\/\/www.igr.univ-rennes.fr\/fr\/les-etudiants-presents-au-forum-seisme-grand-ouest\/"]}]},{"@type":"BreadcrumbList","@id":"https:\/\/www.igr.univ-rennes.fr\/fr\/les-etudiants-presents-au-forum-seisme-grand-ouest\/#breadcrumb","itemListElement":[{"@type":"ListItem","position":1,"name":"Accueil","item":"https:\/\/www.igr.univ-rennes.fr\/fr\/"},{"@type":"ListItem","position":2,"name":"L&rsquo;IGR-IAE Rennes au Forum S\u00e9isme Grand Ouest"}]},{"@type":"WebSite","@id":"https:\/\/www.igr.univ-rennes.fr\/fr\/#website","url":"https:\/\/www.igr.univ-rennes.fr\/fr\/","name":"IGR IAE Rennes","description":"","publisher":{"@id":"https:\/\/www.igr.univ-rennes.fr\/fr\/#organization"},"potentialAction":[{"@type":"SearchAction","target":{"@type":"EntryPoint","urlTemplate":"https:\/\/www.igr.univ-rennes.fr\/fr\/?s={search_term_string}"},"query-input":"required name=search_term_string"}],"inLanguage":"fr-FR"},{"@type":"Organization","@id":"https:\/\/www.igr.univ-rennes.fr\/fr\/#organization","name":"IGR IAE Rennes","url":"https:\/\/www.igr.univ-rennes.fr\/fr\/","logo":{"@type":"ImageObject","inLanguage":"fr-FR","@id":"https:\/\/www.igr.univ-rennes.fr\/fr\/#\/schema\/logo\/image\/","url":"https:\/\/www.igr.univ-rennes.fr\/wp-content\/uploads\/2020\/06\/Logo-IGR-IAE-Rennes_Blanc-300dpi-RVB-e1597327228224.png","contentUrl":"https:\/\/www.igr.univ-rennes.fr\/wp-content\/uploads\/2020\/06\/Logo-IGR-IAE-Rennes_Blanc-300dpi-RVB-e1597327228224.png","width":290,"height":107,"caption":"IGR IAE Rennes"},"image":{"@id":"https:\/\/www.igr.univ-rennes.fr\/fr\/#\/schema\/logo\/image\/"}},{"@type":"Person","@id":"https:\/\/www.igr.univ-rennes.fr\/fr\/#\/schema\/person\/ccc43b9cca93cd7a471bce264778297c","name":"Emma Lebaut","image":{"@type":"ImageObject","inLanguage":"fr-FR","@id":"https:\/\/www.igr.univ-rennes.fr\/fr\/#\/schema\/person\/image\/","url":"https:\/\/secure.gravatar.com\/avatar\/5595dd0d6a0a6d72d586285ccf5929f4?s=96&d=mm&r=g","contentUrl":"https:\/\/secure.gravatar.com\/avatar\/5595dd0d6a0a6d72d586285ccf5929f4?s=96&d=mm&r=g","caption":"Emma Lebaut"}}]}},"_links":{"self":[{"href":"https:\/\/www.igr.univ-rennes.fr\/fr\/wp-json\/wp\/v2\/posts\/324187"}],"collection":[{"href":"https:\/\/www.igr.univ-rennes.fr\/fr\/wp-json\/wp\/v2\/posts"}],"about":[{"href":"https:\/\/www.igr.univ-rennes.fr\/fr\/wp-json\/wp\/v2\/types\/post"}],"author":[{"embeddable":true,"href":"https:\/\/www.igr.univ-rennes.fr\/fr\/wp-json\/wp\/v2\/users\/9"}],"replies":[{"embeddable":true,"href":"https:\/\/www.igr.univ-rennes.fr\/fr\/wp-json\/wp\/v2\/comments?post=324187"}],"version-history":[{"count":12,"href":"https:\/\/www.igr.univ-rennes.fr\/fr\/wp-json\/wp\/v2\/posts\/324187\/revisions"}],"predecessor-version":[{"id":333972,"href":"https:\/\/www.igr.univ-rennes.fr\/fr\/wp-json\/wp\/v2\/posts\/324187\/revisions\/333972"}],"wp:featuredmedia":[{"embeddable":true,"href":"https:\/\/www.igr.univ-rennes.fr\/fr\/wp-json\/wp\/v2\/media\/324188"}],"wp:attachment":[{"href":"https:\/\/www.igr.univ-rennes.fr\/fr\/wp-json\/wp\/v2\/media?parent=324187"}],"wp:term":[{"taxonomy":"category","embeddable":true,"href":"https:\/\/www.igr.univ-rennes.fr\/fr\/wp-json\/wp\/v2\/categories?post=324187"},{"taxonomy":"post_tag","embeddable":true,"href":"https:\/\/www.igr.univ-rennes.fr\/fr\/wp-json\/wp\/v2\/tags?post=324187"}],"curies":[{"name":"wp","href":"https:\/\/api.w.org\/{rel}","templated":true}]}}