{"id":324168,"date":"2023-10-11T11:55:44","date_gmt":"2023-10-11T09:55:44","guid":{"rendered":"https:\/\/www.igr.univ-rennes.fr\/?p=324168"},"modified":"2023-10-20T12:22:42","modified_gmt":"2023-10-20T10:22:42","slug":"ligr-iae-rennes-present-au-salon-international-eaie-de-rotterdam","status":"publish","type":"post","link":"https:\/\/www.igr.univ-rennes.fr\/fr\/ligr-iae-rennes-present-au-salon-international-eaie-de-rotterdam\/","title":{"rendered":"L&rsquo;IGR-IAE Rennes pr\u00e9sent au salon international EAIE de Rotterdam"},"content":{"rendered":"\t\t<div data-elementor-type=\"wp-post\" data-elementor-id=\"324168\" class=\"elementor elementor-324168\">\n\t\t\t\t\t\t\t\t\t<section class=\"elementor-section elementor-top-section elementor-element elementor-element-e3b3bd1 elementor-section-boxed elementor-section-height-default elementor-section-height-default\" data-id=\"e3b3bd1\" data-element_type=\"section\">\n\t\t\t\t\t\t<div class=\"elementor-container elementor-column-gap-default\">\n\t\t\t\t\t<div class=\"elementor-column elementor-col-100 elementor-top-column elementor-element elementor-element-a2e1ad5\" data-id=\"a2e1ad5\" data-element_type=\"column\">\n\t\t\t<div class=\"elementor-widget-wrap elementor-element-populated\">\n\t\t\t\t\t\t\t\t<div class=\"elementor-element elementor-element-be32f56 elementor-widget elementor-widget-text-editor\" data-id=\"be32f56\" data-element_type=\"widget\" data-widget_type=\"text-editor.default\">\n\t\t\t\t<div class=\"elementor-widget-container\">\n\t\t\t\t\t\t\t<p>Laura SABBADO DA ROSA, Directrice D\u00e9l\u00e9gu\u00e9e aux affaires internationales de l&rsquo;IGR-IAE Rennes, a repr\u00e9sent\u00e9 l&rsquo;\u00e9cole \u00e0 la r\u00e9union annuelle de l&rsquo;EAIE, la plus importante conf\u00e9rence europ\u00e9enne dans le monde de l&rsquo;enseignement sup\u00e9rieur international. L&rsquo;\u00e9v\u00e9nement a eu lieu \u00e0 Rotterdam du 26 au 29 septembre et a rassembl\u00e9 des repr\u00e9sentants d&rsquo;universit\u00e9s du monde entier.<\/p>\t\t\t\t\t\t<\/div>\n\t\t\t\t<\/div>\n\t\t\t\t\t<\/div>\n\t\t<\/div>\n\t\t\t\t\t\t\t<\/div>\n\t\t<\/section>\n\t\t\t\t<section class=\"elementor-section elementor-top-section elementor-element elementor-element-97d280f elementor-section-boxed elementor-section-height-default elementor-section-height-default\" data-id=\"97d280f\" data-element_type=\"section\">\n\t\t\t\t\t\t<div class=\"elementor-container elementor-column-gap-default\">\n\t\t\t\t\t<div class=\"elementor-column elementor-col-100 elementor-top-column elementor-element elementor-element-25dc07f\" data-id=\"25dc07f\" data-element_type=\"column\">\n\t\t\t<div class=\"elementor-widget-wrap elementor-element-populated\">\n\t\t\t\t\t\t\t\t<div class=\"elementor-element elementor-element-5a4baad elementor-widget elementor-widget-heading\" data-id=\"5a4baad\" data-element_type=\"widget\" data-widget_type=\"heading.default\">\n\t\t\t\t<div class=\"elementor-widget-container\">\n\t\t\t<h2 class=\"elementor-heading-title elementor-size-default\">L'IGR-IAE a particip\u00e9 \u00e0 cet \u00e9v\u00e9nement aux c\u00f4t\u00e9s de l'IAE France.<\/h2>\t\t<\/div>\n\t\t\t\t<\/div>\n\t\t\t\t\t<\/div>\n\t\t<\/div>\n\t\t\t\t\t\t\t<\/div>\n\t\t<\/section>\n\t\t\t\t<section class=\"elementor-section elementor-top-section elementor-element elementor-element-243d2c9 elementor-section-boxed elementor-section-height-default elementor-section-height-default\" data-id=\"243d2c9\" data-element_type=\"section\">\n\t\t\t\t\t\t<div class=\"elementor-container elementor-column-gap-default\">\n\t\t\t\t\t<div class=\"elementor-column elementor-col-100 elementor-top-column elementor-element elementor-element-81935e4\" data-id=\"81935e4\" data-element_type=\"column\">\n\t\t\t<div class=\"elementor-widget-wrap elementor-element-populated\">\n\t\t\t\t\t\t\t\t<div class=\"elementor-element elementor-element-a6c466e elementor-widget elementor-widget-text-editor\" data-id=\"a6c466e\" data-element_type=\"widget\" data-widget_type=\"text-editor.default\">\n\t\t\t\t<div class=\"elementor-widget-container\">\n\t\t\t\t\t\t\t<p>IGR-IAE a particip\u00e9 \u00e0 cet \u00e9v\u00e9nement avec IAE France afin de rencontrer et d&rsquo;\u00e9changer avec nos partenaires internationaux actuels. Ce fut \u00e9galement l&rsquo;occasion de finaliser ou poursuivre les discussions avec un certain nombre d&rsquo;universit\u00e9 tel que:\u00a0 University College Cork, Irlande ; Chiba University, Japon ; University of South-Eastern Norway, Norv\u00e8ge ; Universidad de la Rep\u00fablica, Uruguay ; Pontifical Catholic University of Parana, Br\u00e9sil ; Universit\u00e9 de Talca, Chili.<\/p><p>Cet \u00e9v\u00e9nement a \u00e9t\u00e9 une v\u00e9ritable source d&rsquo;inspiration, avec plus de 6 500 participants venus d&rsquo;environ 90 pays. Ce fut une occasion incroyable de nouer des liens avec des partenaires de diff\u00e9rents continents et d&rsquo;envisager de nouvelles collaborations.<br \/>Nous sommes d\u00e9termin\u00e9s \u00e0 \u00e9tendre notre r\u00e9seau mondial et \u00e0 promouvoir l&rsquo;excellence \u00e9ducative dans le monde entier.<\/p>\t\t\t\t\t\t<\/div>\n\t\t\t\t<\/div>\n\t\t\t\t\t<\/div>\n\t\t<\/div>\n\t\t\t\t\t\t\t<\/div>\n\t\t<\/section>\n\t\t\t\t<section class=\"elementor-section elementor-top-section elementor-element elementor-element-fd8030e elementor-section-boxed elementor-section-height-default elementor-section-height-default\" data-id=\"fd8030e\" data-element_type=\"section\">\n\t\t\t\t\t\t<div class=\"elementor-container elementor-column-gap-default\">\n\t\t\t\t\t<div class=\"elementor-column elementor-col-100 elementor-top-column elementor-element elementor-element-2486cef\" data-id=\"2486cef\" data-element_type=\"column\">\n\t\t\t<div class=\"elementor-widget-wrap elementor-element-populated\">\n\t\t\t\t\t\t\t\t<div class=\"elementor-element elementor-element-16c0f45 elementor-widget elementor-widget-image-gallery\" data-id=\"16c0f45\" data-element_type=\"widget\" data-widget_type=\"image-gallery.default\">\n\t\t\t\t<div class=\"elementor-widget-container\">\n\t\t\t\t\t<div class=\"elementor-image-gallery\">\n\t\t\t<div id='gallery-1' class='gallery galleryid-324168 gallery-columns-4 gallery-size-thumbnail'><figure class='gallery-item'>\n\t\t\t<div class='gallery-icon portrait'>\n\t\t\t\t<a data-elementor-open-lightbox=\"yes\" data-elementor-lightbox-slideshow=\"16c0f45\" data-elementor-lightbox-title=\"1696504514890\" data-e-action-hash=\"#elementor-action%3Aaction%3Dlightbox%26settings%3DeyJpZCI6MzI0MTQzLCJ1cmwiOiJodHRwczpcL1wvd3d3Lmlnci51bml2LXJlbm5lcy5mclwvd3AtY29udGVudFwvdXBsb2Fkc1wvMjAyM1wvMTBcLzE2OTY1MDQ1MTQ4OTAuanBnIiwic2xpZGVzaG93IjoiMTZjMGY0NSJ9\" href='https:\/\/www.igr.univ-rennes.fr\/wp-content\/uploads\/2023\/10\/1696504514890.jpg'><img width=\"150\" height=\"150\" src=\"https:\/\/www.igr.univ-rennes.fr\/wp-content\/uploads\/2023\/10\/1696504514890-150x150.jpg\" class=\"attachment-thumbnail size-thumbnail\" alt=\"\" decoding=\"async\" srcset=\"https:\/\/www.igr.univ-rennes.fr\/wp-content\/uploads\/2023\/10\/1696504514890-150x150.jpg 150w, https:\/\/www.igr.univ-rennes.fr\/wp-content\/uploads\/2023\/10\/1696504514890-300x300.jpg 300w\" sizes=\"(max-width: 150px) 100vw, 150px\" \/><\/a>\n\t\t\t<\/div><\/figure><figure class='gallery-item'>\n\t\t\t<div class='gallery-icon landscape'>\n\t\t\t\t<a data-elementor-open-lightbox=\"yes\" data-elementor-lightbox-slideshow=\"16c0f45\" data-elementor-lightbox-title=\"1696504514584\" data-e-action-hash=\"#elementor-action%3Aaction%3Dlightbox%26settings%3DeyJpZCI6MzI0MTQxLCJ1cmwiOiJodHRwczpcL1wvd3d3Lmlnci51bml2LXJlbm5lcy5mclwvd3AtY29udGVudFwvdXBsb2Fkc1wvMjAyM1wvMTBcLzE2OTY1MDQ1MTQ1ODQuanBnIiwic2xpZGVzaG93IjoiMTZjMGY0NSJ9\" href='https:\/\/www.igr.univ-rennes.fr\/wp-content\/uploads\/2023\/10\/1696504514584.jpg'><img width=\"150\" height=\"150\" src=\"https:\/\/www.igr.univ-rennes.fr\/wp-content\/uploads\/2023\/10\/1696504514584-150x150.jpg\" class=\"attachment-thumbnail size-thumbnail\" alt=\"\" decoding=\"async\" srcset=\"https:\/\/www.igr.univ-rennes.fr\/wp-content\/uploads\/2023\/10\/1696504514584-150x150.jpg 150w, https:\/\/www.igr.univ-rennes.fr\/wp-content\/uploads\/2023\/10\/1696504514584-300x300.jpg 300w\" sizes=\"(max-width: 150px) 100vw, 150px\" \/><\/a>\n\t\t\t<\/div><\/figure><figure class='gallery-item'>\n\t\t\t<div class='gallery-icon portrait'>\n\t\t\t\t<a data-elementor-open-lightbox=\"yes\" data-elementor-lightbox-slideshow=\"16c0f45\" data-elementor-lightbox-title=\"1696504514275\" data-e-action-hash=\"#elementor-action%3Aaction%3Dlightbox%26settings%3DeyJpZCI6MzI0MTM5LCJ1cmwiOiJodHRwczpcL1wvd3d3Lmlnci51bml2LXJlbm5lcy5mclwvd3AtY29udGVudFwvdXBsb2Fkc1wvMjAyM1wvMTBcLzE2OTY1MDQ1MTQyNzUuanBnIiwic2xpZGVzaG93IjoiMTZjMGY0NSJ9\" href='https:\/\/www.igr.univ-rennes.fr\/wp-content\/uploads\/2023\/10\/1696504514275.jpg'><img width=\"150\" height=\"150\" src=\"https:\/\/www.igr.univ-rennes.fr\/wp-content\/uploads\/2023\/10\/1696504514275-150x150.jpg\" class=\"attachment-thumbnail size-thumbnail\" alt=\"\" decoding=\"async\" srcset=\"https:\/\/www.igr.univ-rennes.fr\/wp-content\/uploads\/2023\/10\/1696504514275-150x150.jpg 150w, https:\/\/www.igr.univ-rennes.fr\/wp-content\/uploads\/2023\/10\/1696504514275-300x300.jpg 300w\" sizes=\"(max-width: 150px) 100vw, 150px\" \/><\/a>\n\t\t\t<\/div><\/figure><figure class='gallery-item'>\n\t\t\t<div class='gallery-icon landscape'>\n\t\t\t\t<a data-elementor-open-lightbox=\"yes\" data-elementor-lightbox-slideshow=\"16c0f45\" data-elementor-lightbox-title=\"1684751765454\" data-e-action-hash=\"#elementor-action%3Aaction%3Dlightbox%26settings%3DeyJpZCI6MzI0MTU2LCJ1cmwiOiJodHRwczpcL1wvd3d3Lmlnci51bml2LXJlbm5lcy5mclwvd3AtY29udGVudFwvdXBsb2Fkc1wvMjAyM1wvMTBcLzE2ODQ3NTE3NjU0NTQucG5nIiwic2xpZGVzaG93IjoiMTZjMGY0NSJ9\" href='https:\/\/www.igr.univ-rennes.fr\/wp-content\/uploads\/2023\/10\/1684751765454.png'><img width=\"150\" height=\"150\" src=\"https:\/\/www.igr.univ-rennes.fr\/wp-content\/uploads\/2023\/10\/1684751765454-150x150.png\" class=\"attachment-thumbnail size-thumbnail\" alt=\"\" decoding=\"async\" srcset=\"https:\/\/www.igr.univ-rennes.fr\/wp-content\/uploads\/2023\/10\/1684751765454-150x150.png 150w, https:\/\/www.igr.univ-rennes.fr\/wp-content\/uploads\/2023\/10\/1684751765454-300x300.png 300w\" sizes=\"(max-width: 150px) 100vw, 150px\" \/><\/a>\n\t\t\t<\/div><\/figure>\n\t\t<\/div>\n\t\t<\/div>\n\t\t\t\t<\/div>\n\t\t\t\t<\/div>\n\t\t\t\t\t<\/div>\n\t\t<\/div>\n\t\t\t\t\t\t\t<\/div>\n\t\t<\/section>\n\t\t\t\t\t\t\t<\/div>\n\t\t","protected":false},"excerpt":{"rendered":"<p>Laura SABBADO DA ROSA, Directrice D\u00e9l\u00e9gu\u00e9e aux affaires internationales \u00e0 l&rsquo;IGR-IAE Rennes, a repr\u00e9sent\u00e9 l&rsquo;\u00e9cole \u00e0 la r\u00e9union annuelle de l&rsquo;EAIE.<\/p>\n","protected":false},"author":20,"featured_media":324143,"comment_status":"closed","ping_status":"closed","sticky":false,"template":"","format":"standard","meta":{"footnotes":""},"categories":[68],"tags":[],"yoast_head":"<!-- This site is optimized with the Yoast SEO plugin v21.1 - https:\/\/yoast.com\/wordpress\/plugins\/seo\/ -->\n<title>L&rsquo;IGR-IAE Rennes pr\u00e9sent au salon international EAIE de Rotterdam - IGR IAE Rennes<\/title>\n<meta name=\"robots\" content=\"index, follow, max-snippet:-1, max-image-preview:large, max-video-preview:-1\" \/>\n<link rel=\"canonical\" href=\"https:\/\/www.igr.univ-rennes.fr\/fr\/ligr-iae-rennes-present-au-salon-international-eaie-de-rotterdam\/\" \/>\n<meta property=\"og:locale\" content=\"fr_FR\" \/>\n<meta property=\"og:type\" content=\"article\" \/>\n<meta property=\"og:title\" content=\"L&rsquo;IGR-IAE Rennes pr\u00e9sent au salon international EAIE de Rotterdam - IGR IAE Rennes\" \/>\n<meta property=\"og:description\" content=\"Laura SABBADO DA ROSA, Directrice D\u00e9l\u00e9gu\u00e9e aux affaires internationales \u00e0 l&#039;IGR-IAE Rennes, a repr\u00e9sent\u00e9 l&#039;\u00e9cole \u00e0 la r\u00e9union annuelle de l&#039;EAIE.\" \/>\n<meta property=\"og:url\" content=\"https:\/\/www.igr.univ-rennes.fr\/fr\/ligr-iae-rennes-present-au-salon-international-eaie-de-rotterdam\/\" \/>\n<meta property=\"og:site_name\" content=\"IGR IAE Rennes\" \/>\n<meta property=\"article:published_time\" content=\"2023-10-11T09:55:44+00:00\" \/>\n<meta property=\"article:modified_time\" content=\"2023-10-20T10:22:42+00:00\" \/>\n<meta property=\"og:image\" content=\"https:\/\/www.igr.univ-rennes.fr\/wp-content\/uploads\/2023\/10\/1696504514890.jpg\" \/>\n\t<meta property=\"og:image:width\" content=\"1280\" \/>\n\t<meta property=\"og:image:height\" content=\"1588\" \/>\n\t<meta property=\"og:image:type\" content=\"image\/jpeg\" \/>\n<meta name=\"author\" content=\"Aymeric Lachiver\" \/>\n<meta name=\"twitter:card\" content=\"summary_large_image\" \/>\n<meta name=\"twitter:label1\" content=\"\u00c9crit par\" \/>\n\t<meta name=\"twitter:data1\" content=\"Aymeric Lachiver\" \/>\n\t<meta name=\"twitter:label2\" content=\"Dur\u00e9e de lecture estim\u00e9e\" \/>\n\t<meta name=\"twitter:data2\" content=\"2 minutes\" \/>\n<script type=\"application\/ld+json\" class=\"yoast-schema-graph\">{\"@context\":\"https:\/\/schema.org\",\"@graph\":[{\"@type\":\"Article\",\"@id\":\"https:\/\/www.igr.univ-rennes.fr\/fr\/ligr-iae-rennes-present-au-salon-international-eaie-de-rotterdam\/#article\",\"isPartOf\":{\"@id\":\"https:\/\/www.igr.univ-rennes.fr\/fr\/ligr-iae-rennes-present-au-salon-international-eaie-de-rotterdam\/\"},\"author\":{\"name\":\"Aymeric Lachiver\",\"@id\":\"https:\/\/www.igr.univ-rennes.fr\/fr\/#\/schema\/person\/0cbdb4434499f99979493cc4d8ed0c22\"},\"headline\":\"L&rsquo;IGR-IAE Rennes pr\u00e9sent au salon international EAIE de Rotterdam\",\"datePublished\":\"2023-10-11T09:55:44+00:00\",\"dateModified\":\"2023-10-20T10:22:42+00:00\",\"mainEntityOfPage\":{\"@id\":\"https:\/\/www.igr.univ-rennes.fr\/fr\/ligr-iae-rennes-present-au-salon-international-eaie-de-rotterdam\/\"},\"wordCount\":210,\"publisher\":{\"@id\":\"https:\/\/www.igr.univ-rennes.fr\/fr\/#organization\"},\"articleSection\":[\"International\"],\"inLanguage\":\"fr-FR\"},{\"@type\":\"WebPage\",\"@id\":\"https:\/\/www.igr.univ-rennes.fr\/fr\/ligr-iae-rennes-present-au-salon-international-eaie-de-rotterdam\/\",\"url\":\"https:\/\/www.igr.univ-rennes.fr\/fr\/ligr-iae-rennes-present-au-salon-international-eaie-de-rotterdam\/\",\"name\":\"L&rsquo;IGR-IAE Rennes pr\u00e9sent au salon international EAIE de Rotterdam - IGR IAE Rennes\",\"isPartOf\":{\"@id\":\"https:\/\/www.igr.univ-rennes.fr\/fr\/#website\"},\"datePublished\":\"2023-10-11T09:55:44+00:00\",\"dateModified\":\"2023-10-20T10:22:42+00:00\",\"breadcrumb\":{\"@id\":\"https:\/\/www.igr.univ-rennes.fr\/fr\/ligr-iae-rennes-present-au-salon-international-eaie-de-rotterdam\/#breadcrumb\"},\"inLanguage\":\"fr-FR\",\"potentialAction\":[{\"@type\":\"ReadAction\",\"target\":[\"https:\/\/www.igr.univ-rennes.fr\/fr\/ligr-iae-rennes-present-au-salon-international-eaie-de-rotterdam\/\"]}]},{\"@type\":\"BreadcrumbList\",\"@id\":\"https:\/\/www.igr.univ-rennes.fr\/fr\/ligr-iae-rennes-present-au-salon-international-eaie-de-rotterdam\/#breadcrumb\",\"itemListElement\":[{\"@type\":\"ListItem\",\"position\":1,\"name\":\"Accueil\",\"item\":\"https:\/\/www.igr.univ-rennes.fr\/fr\/\"},{\"@type\":\"ListItem\",\"position\":2,\"name\":\"L&rsquo;IGR-IAE Rennes pr\u00e9sent au salon international EAIE de Rotterdam\"}]},{\"@type\":\"WebSite\",\"@id\":\"https:\/\/www.igr.univ-rennes.fr\/fr\/#website\",\"url\":\"https:\/\/www.igr.univ-rennes.fr\/fr\/\",\"name\":\"IGR IAE Rennes\",\"description\":\"\",\"publisher\":{\"@id\":\"https:\/\/www.igr.univ-rennes.fr\/fr\/#organization\"},\"potentialAction\":[{\"@type\":\"SearchAction\",\"target\":{\"@type\":\"EntryPoint\",\"urlTemplate\":\"https:\/\/www.igr.univ-rennes.fr\/fr\/?s={search_term_string}\"},\"query-input\":\"required name=search_term_string\"}],\"inLanguage\":\"fr-FR\"},{\"@type\":\"Organization\",\"@id\":\"https:\/\/www.igr.univ-rennes.fr\/fr\/#organization\",\"name\":\"IGR IAE Rennes\",\"url\":\"https:\/\/www.igr.univ-rennes.fr\/fr\/\",\"logo\":{\"@type\":\"ImageObject\",\"inLanguage\":\"fr-FR\",\"@id\":\"https:\/\/www.igr.univ-rennes.fr\/fr\/#\/schema\/logo\/image\/\",\"url\":\"https:\/\/www.igr.univ-rennes.fr\/wp-content\/uploads\/2020\/06\/Logo-IGR-IAE-Rennes_Blanc-300dpi-RVB-e1597327228224.png\",\"contentUrl\":\"https:\/\/www.igr.univ-rennes.fr\/wp-content\/uploads\/2020\/06\/Logo-IGR-IAE-Rennes_Blanc-300dpi-RVB-e1597327228224.png\",\"width\":290,\"height\":107,\"caption\":\"IGR IAE Rennes\"},\"image\":{\"@id\":\"https:\/\/www.igr.univ-rennes.fr\/fr\/#\/schema\/logo\/image\/\"}},{\"@type\":\"Person\",\"@id\":\"https:\/\/www.igr.univ-rennes.fr\/fr\/#\/schema\/person\/0cbdb4434499f99979493cc4d8ed0c22\",\"name\":\"Aymeric Lachiver\",\"image\":{\"@type\":\"ImageObject\",\"inLanguage\":\"fr-FR\",\"@id\":\"https:\/\/www.igr.univ-rennes.fr\/fr\/#\/schema\/person\/image\/\",\"url\":\"https:\/\/secure.gravatar.com\/avatar\/a32ec418265e9ce31d872b3b7417633a?s=96&d=mm&r=g\",\"contentUrl\":\"https:\/\/secure.gravatar.com\/avatar\/a32ec418265e9ce31d872b3b7417633a?s=96&d=mm&r=g\",\"caption\":\"Aymeric Lachiver\"},\"sameAs\":[\"https:\/\/www.igr.univ-rennes1.fr\/\"]}]}<\/script>\n<!-- \/ Yoast SEO plugin. -->","yoast_head_json":{"title":"L&rsquo;IGR-IAE Rennes pr\u00e9sent au salon international EAIE de Rotterdam - IGR IAE Rennes","robots":{"index":"index","follow":"follow","max-snippet":"max-snippet:-1","max-image-preview":"max-image-preview:large","max-video-preview":"max-video-preview:-1"},"canonical":"https:\/\/www.igr.univ-rennes.fr\/fr\/ligr-iae-rennes-present-au-salon-international-eaie-de-rotterdam\/","og_locale":"fr_FR","og_type":"article","og_title":"L&rsquo;IGR-IAE Rennes pr\u00e9sent au salon international EAIE de Rotterdam - IGR IAE Rennes","og_description":"Laura SABBADO DA ROSA, Directrice D\u00e9l\u00e9gu\u00e9e aux affaires internationales \u00e0 l'IGR-IAE Rennes, a repr\u00e9sent\u00e9 l'\u00e9cole \u00e0 la r\u00e9union annuelle de l'EAIE.","og_url":"https:\/\/www.igr.univ-rennes.fr\/fr\/ligr-iae-rennes-present-au-salon-international-eaie-de-rotterdam\/","og_site_name":"IGR IAE Rennes","article_published_time":"2023-10-11T09:55:44+00:00","article_modified_time":"2023-10-20T10:22:42+00:00","og_image":[{"width":1280,"height":1588,"url":"https:\/\/www.igr.univ-rennes.fr\/wp-content\/uploads\/2023\/10\/1696504514890.jpg","type":"image\/jpeg"}],"author":"Aymeric Lachiver","twitter_card":"summary_large_image","twitter_misc":{"\u00c9crit par":"Aymeric Lachiver","Dur\u00e9e de lecture estim\u00e9e":"2 minutes"},"schema":{"@context":"https:\/\/schema.org","@graph":[{"@type":"Article","@id":"https:\/\/www.igr.univ-rennes.fr\/fr\/ligr-iae-rennes-present-au-salon-international-eaie-de-rotterdam\/#article","isPartOf":{"@id":"https:\/\/www.igr.univ-rennes.fr\/fr\/ligr-iae-rennes-present-au-salon-international-eaie-de-rotterdam\/"},"author":{"name":"Aymeric Lachiver","@id":"https:\/\/www.igr.univ-rennes.fr\/fr\/#\/schema\/person\/0cbdb4434499f99979493cc4d8ed0c22"},"headline":"L&rsquo;IGR-IAE Rennes pr\u00e9sent au salon international EAIE de Rotterdam","datePublished":"2023-10-11T09:55:44+00:00","dateModified":"2023-10-20T10:22:42+00:00","mainEntityOfPage":{"@id":"https:\/\/www.igr.univ-rennes.fr\/fr\/ligr-iae-rennes-present-au-salon-international-eaie-de-rotterdam\/"},"wordCount":210,"publisher":{"@id":"https:\/\/www.igr.univ-rennes.fr\/fr\/#organization"},"articleSection":["International"],"inLanguage":"fr-FR"},{"@type":"WebPage","@id":"https:\/\/www.igr.univ-rennes.fr\/fr\/ligr-iae-rennes-present-au-salon-international-eaie-de-rotterdam\/","url":"https:\/\/www.igr.univ-rennes.fr\/fr\/ligr-iae-rennes-present-au-salon-international-eaie-de-rotterdam\/","name":"L&rsquo;IGR-IAE Rennes pr\u00e9sent au salon international EAIE de Rotterdam - IGR IAE Rennes","isPartOf":{"@id":"https:\/\/www.igr.univ-rennes.fr\/fr\/#website"},"datePublished":"2023-10-11T09:55:44+00:00","dateModified":"2023-10-20T10:22:42+00:00","breadcrumb":{"@id":"https:\/\/www.igr.univ-rennes.fr\/fr\/ligr-iae-rennes-present-au-salon-international-eaie-de-rotterdam\/#breadcrumb"},"inLanguage":"fr-FR","potentialAction":[{"@type":"ReadAction","target":["https:\/\/www.igr.univ-rennes.fr\/fr\/ligr-iae-rennes-present-au-salon-international-eaie-de-rotterdam\/"]}]},{"@type":"BreadcrumbList","@id":"https:\/\/www.igr.univ-rennes.fr\/fr\/ligr-iae-rennes-present-au-salon-international-eaie-de-rotterdam\/#breadcrumb","itemListElement":[{"@type":"ListItem","position":1,"name":"Accueil","item":"https:\/\/www.igr.univ-rennes.fr\/fr\/"},{"@type":"ListItem","position":2,"name":"L&rsquo;IGR-IAE Rennes pr\u00e9sent au salon international EAIE de Rotterdam"}]},{"@type":"WebSite","@id":"https:\/\/www.igr.univ-rennes.fr\/fr\/#website","url":"https:\/\/www.igr.univ-rennes.fr\/fr\/","name":"IGR IAE Rennes","description":"","publisher":{"@id":"https:\/\/www.igr.univ-rennes.fr\/fr\/#organization"},"potentialAction":[{"@type":"SearchAction","target":{"@type":"EntryPoint","urlTemplate":"https:\/\/www.igr.univ-rennes.fr\/fr\/?s={search_term_string}"},"query-input":"required name=search_term_string"}],"inLanguage":"fr-FR"},{"@type":"Organization","@id":"https:\/\/www.igr.univ-rennes.fr\/fr\/#organization","name":"IGR IAE Rennes","url":"https:\/\/www.igr.univ-rennes.fr\/fr\/","logo":{"@type":"ImageObject","inLanguage":"fr-FR","@id":"https:\/\/www.igr.univ-rennes.fr\/fr\/#\/schema\/logo\/image\/","url":"https:\/\/www.igr.univ-rennes.fr\/wp-content\/uploads\/2020\/06\/Logo-IGR-IAE-Rennes_Blanc-300dpi-RVB-e1597327228224.png","contentUrl":"https:\/\/www.igr.univ-rennes.fr\/wp-content\/uploads\/2020\/06\/Logo-IGR-IAE-Rennes_Blanc-300dpi-RVB-e1597327228224.png","width":290,"height":107,"caption":"IGR IAE Rennes"},"image":{"@id":"https:\/\/www.igr.univ-rennes.fr\/fr\/#\/schema\/logo\/image\/"}},{"@type":"Person","@id":"https:\/\/www.igr.univ-rennes.fr\/fr\/#\/schema\/person\/0cbdb4434499f99979493cc4d8ed0c22","name":"Aymeric Lachiver","image":{"@type":"ImageObject","inLanguage":"fr-FR","@id":"https:\/\/www.igr.univ-rennes.fr\/fr\/#\/schema\/person\/image\/","url":"https:\/\/secure.gravatar.com\/avatar\/a32ec418265e9ce31d872b3b7417633a?s=96&d=mm&r=g","contentUrl":"https:\/\/secure.gravatar.com\/avatar\/a32ec418265e9ce31d872b3b7417633a?s=96&d=mm&r=g","caption":"Aymeric Lachiver"},"sameAs":["https:\/\/www.igr.univ-rennes1.fr\/"]}]}},"_links":{"self":[{"href":"https:\/\/www.igr.univ-rennes.fr\/fr\/wp-json\/wp\/v2\/posts\/324168"}],"collection":[{"href":"https:\/\/www.igr.univ-rennes.fr\/fr\/wp-json\/wp\/v2\/posts"}],"about":[{"href":"https:\/\/www.igr.univ-rennes.fr\/fr\/wp-json\/wp\/v2\/types\/post"}],"author":[{"embeddable":true,"href":"https:\/\/www.igr.univ-rennes.fr\/fr\/wp-json\/wp\/v2\/users\/20"}],"replies":[{"embeddable":true,"href":"https:\/\/www.igr.univ-rennes.fr\/fr\/wp-json\/wp\/v2\/comments?post=324168"}],"version-history":[{"count":9,"href":"https:\/\/www.igr.univ-rennes.fr\/fr\/wp-json\/wp\/v2\/posts\/324168\/revisions"}],"predecessor-version":[{"id":324177,"href":"https:\/\/www.igr.univ-rennes.fr\/fr\/wp-json\/wp\/v2\/posts\/324168\/revisions\/324177"}],"wp:featuredmedia":[{"embeddable":true,"href":"https:\/\/www.igr.univ-rennes.fr\/fr\/wp-json\/wp\/v2\/media\/324143"}],"wp:attachment":[{"href":"https:\/\/www.igr.univ-rennes.fr\/fr\/wp-json\/wp\/v2\/media?parent=324168"}],"wp:term":[{"taxonomy":"category","embeddable":true,"href":"https:\/\/www.igr.univ-rennes.fr\/fr\/wp-json\/wp\/v2\/categories?post=324168"},{"taxonomy":"post_tag","embeddable":true,"href":"https:\/\/www.igr.univ-rennes.fr\/fr\/wp-json\/wp\/v2\/tags?post=324168"}],"curies":[{"name":"wp","href":"https:\/\/api.w.org\/{rel}","templated":true}]}}