{"id":318170,"date":"2023-10-06T16:18:23","date_gmt":"2023-10-06T14:18:23","guid":{"rendered":"https:\/\/www.igr.univ-rennes.fr\/?p=318170"},"modified":"2023-11-17T10:22:19","modified_gmt":"2023-11-17T09:22:19","slug":"sensibilisation-rse-a-ligr-iae-rennes","status":"publish","type":"post","link":"https:\/\/www.igr.univ-rennes.fr\/fr\/sensibilisation-rse-a-ligr-iae-rennes\/","title":{"rendered":"S\u00e9minaire RSE \u00e0 l&rsquo;IGR-IAE Rennes"},"content":{"rendered":"\t\t<div data-elementor-type=\"wp-post\" data-elementor-id=\"318170\" class=\"elementor elementor-318170\">\n\t\t\t\t\t\t\t\t\t<section class=\"elementor-section elementor-top-section elementor-element elementor-element-428aa0c elementor-section-boxed elementor-section-height-default elementor-section-height-default\" data-id=\"428aa0c\" data-element_type=\"section\">\n\t\t\t\t\t\t<div class=\"elementor-container elementor-column-gap-default\">\n\t\t\t\t\t<div class=\"elementor-column elementor-col-100 elementor-top-column elementor-element elementor-element-989dda6\" data-id=\"989dda6\" data-element_type=\"column\">\n\t\t\t<div class=\"elementor-widget-wrap elementor-element-populated\">\n\t\t\t\t\t\t\t\t<div class=\"elementor-element elementor-element-8678716 elementor-widget elementor-widget-text-editor\" data-id=\"8678716\" data-element_type=\"widget\" data-widget_type=\"text-editor.default\">\n\t\t\t\t<div class=\"elementor-widget-container\">\n\t\t\t\t\t\t\t<p>Ce mois-ci c&rsquo;est la troisi\u00e8me \u00e9dition du mois du D\u00e9veloppement Durable IAE France et l&rsquo;IGR-IAE Rennes sensibilise ses \u00e9tudiants \u00e0 travers plusieurs projets.<\/p><p>D\u00e8s ce vendredi, les \u00e9tudiants de Master 1 CGAO, GRH et Marketing en formation initiale ont commenc\u00e9 \u00e0 suivre le nouveau s\u00e9minaire tronc commun de Responsabilit\u00e9 Soci\u00e9tale.<\/p><p>Ce s\u00e9minaire d\u00e9bute par une matin\u00e9e d\u00e9di\u00e9e \u00e0 une fresque du climat pour sensibiliser les \u00e9tudiants aux enjeux et risques du r\u00e9chauffement climatique. Cette fresque est suivie d&rsquo;un atelier \u00ab\u00a0Nouveaux R\u00e9cits\u00a0\u00bb qui vise \u00e0 imaginer des solutions pour un futur plus d\u00e9sirable. 12 animateurs, enseignants-chercheurs administratifs et formateurs ext\u00e9rieurs, se sont mobilis\u00e9s pour l&rsquo;animation de ces deux temps forts.<\/p><p>Un grand bravo aux \u00e9tudiants pour leur investissement dans ce projet, et un grand merci aux enseignants, administratifs et formateurs pr\u00e9sents pour accompagner et \u00e9changer avec les \u00e9tudiants\u00a0!<\/p><p>Les prochains projets \u00e0 venir dans le cadre de ce s\u00e9minaire RSE\u00a0:<\/p><ul><li>11 &amp; 12 octobre\u00a0: Participation de nos \u00e9tudiants au <a href=\"https:\/\/www.seisme.org\/forum-seisme-grand-ouest\/\" target=\"_blank\" rel=\"noopener\">Forum S\u00e9isme Grand Ouest<\/a>, forum de l\u2019emploi \u00e0 impact \u00e9cologique et social<\/li><li>10 novembre\u00a0: Participation \u00e0 2 conf\u00e9rences pour aller plus loin sur le sujet de la responsabilit\u00e9 soci\u00e9tale\u00a0:<ul><li>Conf\u00e9rence avec Luc Aquilina, Professeur des Universit\u00e9s \u00e0 G\u00e9osciences Rennes sur la question des ressources (eau, biodiversit\u00e9,\u2026)<\/li><li>Conf\u00e9rence avec Philippe Robert-Demontrond, Professeur des Universit\u00e9s \u00e0 l\u2019IGR-IAE Rennes, sur la complexit\u00e9 de la responsabilit\u00e9 soci\u00e9tale et son caract\u00e8re syst\u00e9mique<\/li><\/ul><\/li><\/ul>\t\t\t\t\t\t<\/div>\n\t\t\t\t<\/div>\n\t\t\t\t\t<\/div>\n\t\t<\/div>\n\t\t\t\t\t\t\t<\/div>\n\t\t<\/section>\n\t\t\t\t\t\t\t<\/div>\n\t\t","protected":false},"excerpt":{"rendered":"<p>Troisi\u00e8me \u00e9dition du mois du D\u00e9veloppement Durable IAE France, l\u2019IGR-IAE Rennes sensibilise ses \u00e9tudiants \u00e0 travers plusieurs projets<\/p>\n","protected":false},"author":9,"featured_media":318171,"comment_status":"closed","ping_status":"closed","sticky":true,"template":"","format":"standard","meta":{"footnotes":""},"categories":[64],"tags":[],"yoast_head":"<!-- This site is optimized with the Yoast SEO plugin v21.1 - https:\/\/yoast.com\/wordpress\/plugins\/seo\/ -->\n<title>S\u00e9minaire RSE \u00e0 l&rsquo;IGR-IAE Rennes - IGR IAE Rennes<\/title>\n<meta name=\"robots\" content=\"index, follow, max-snippet:-1, max-image-preview:large, max-video-preview:-1\" \/>\n<link rel=\"canonical\" href=\"https:\/\/www.igr.univ-rennes.fr\/fr\/sensibilisation-rse-a-ligr-iae-rennes\/\" \/>\n<meta property=\"og:locale\" content=\"fr_FR\" \/>\n<meta property=\"og:type\" content=\"article\" \/>\n<meta property=\"og:title\" content=\"S\u00e9minaire RSE \u00e0 l&rsquo;IGR-IAE Rennes - IGR IAE Rennes\" \/>\n<meta property=\"og:description\" content=\"Troisi\u00e8me \u00e9dition du mois du D\u00e9veloppement Durable IAE France, l\u2019IGR-IAE Rennes sensibilise ses \u00e9tudiants \u00e0 travers plusieurs projets\" \/>\n<meta property=\"og:url\" content=\"https:\/\/www.igr.univ-rennes.fr\/fr\/sensibilisation-rse-a-ligr-iae-rennes\/\" \/>\n<meta property=\"og:site_name\" content=\"IGR IAE Rennes\" \/>\n<meta property=\"article:published_time\" content=\"2023-10-06T14:18:23+00:00\" \/>\n<meta property=\"article:modified_time\" content=\"2023-11-17T09:22:19+00:00\" \/>\n<meta property=\"og:image\" content=\"https:\/\/www.igr.univ-rennes.fr\/wp-content\/uploads\/2023\/10\/IMG_1139-scaled.jpg\" \/>\n\t<meta property=\"og:image:width\" content=\"2560\" \/>\n\t<meta property=\"og:image:height\" content=\"1566\" \/>\n\t<meta property=\"og:image:type\" content=\"image\/jpeg\" \/>\n<meta name=\"author\" content=\"Emma Lebaut\" \/>\n<meta name=\"twitter:card\" content=\"summary_large_image\" \/>\n<meta name=\"twitter:label1\" content=\"\u00c9crit par\" \/>\n\t<meta name=\"twitter:data1\" content=\"Emma Lebaut\" \/>\n\t<meta name=\"twitter:label2\" content=\"Dur\u00e9e de lecture estim\u00e9e\" \/>\n\t<meta name=\"twitter:data2\" content=\"2 minutes\" \/>\n<script type=\"application\/ld+json\" class=\"yoast-schema-graph\">{\"@context\":\"https:\/\/schema.org\",\"@graph\":[{\"@type\":\"Article\",\"@id\":\"https:\/\/www.igr.univ-rennes.fr\/fr\/sensibilisation-rse-a-ligr-iae-rennes\/#article\",\"isPartOf\":{\"@id\":\"https:\/\/www.igr.univ-rennes.fr\/fr\/sensibilisation-rse-a-ligr-iae-rennes\/\"},\"author\":{\"name\":\"Emma Lebaut\",\"@id\":\"https:\/\/www.igr.univ-rennes.fr\/fr\/#\/schema\/person\/ccc43b9cca93cd7a471bce264778297c\"},\"headline\":\"S\u00e9minaire RSE \u00e0 l&rsquo;IGR-IAE Rennes\",\"datePublished\":\"2023-10-06T14:18:23+00:00\",\"dateModified\":\"2023-11-17T09:22:19+00:00\",\"mainEntityOfPage\":{\"@id\":\"https:\/\/www.igr.univ-rennes.fr\/fr\/sensibilisation-rse-a-ligr-iae-rennes\/\"},\"wordCount\":247,\"publisher\":{\"@id\":\"https:\/\/www.igr.univ-rennes.fr\/fr\/#organization\"},\"articleSection\":[\"Formation\"],\"inLanguage\":\"fr-FR\"},{\"@type\":\"WebPage\",\"@id\":\"https:\/\/www.igr.univ-rennes.fr\/fr\/sensibilisation-rse-a-ligr-iae-rennes\/\",\"url\":\"https:\/\/www.igr.univ-rennes.fr\/fr\/sensibilisation-rse-a-ligr-iae-rennes\/\",\"name\":\"S\u00e9minaire RSE \u00e0 l&rsquo;IGR-IAE Rennes - IGR IAE Rennes\",\"isPartOf\":{\"@id\":\"https:\/\/www.igr.univ-rennes.fr\/fr\/#website\"},\"datePublished\":\"2023-10-06T14:18:23+00:00\",\"dateModified\":\"2023-11-17T09:22:19+00:00\",\"breadcrumb\":{\"@id\":\"https:\/\/www.igr.univ-rennes.fr\/fr\/sensibilisation-rse-a-ligr-iae-rennes\/#breadcrumb\"},\"inLanguage\":\"fr-FR\",\"potentialAction\":[{\"@type\":\"ReadAction\",\"target\":[\"https:\/\/www.igr.univ-rennes.fr\/fr\/sensibilisation-rse-a-ligr-iae-rennes\/\"]}]},{\"@type\":\"BreadcrumbList\",\"@id\":\"https:\/\/www.igr.univ-rennes.fr\/fr\/sensibilisation-rse-a-ligr-iae-rennes\/#breadcrumb\",\"itemListElement\":[{\"@type\":\"ListItem\",\"position\":1,\"name\":\"Accueil\",\"item\":\"https:\/\/www.igr.univ-rennes.fr\/fr\/\"},{\"@type\":\"ListItem\",\"position\":2,\"name\":\"S\u00e9minaire RSE \u00e0 l&rsquo;IGR-IAE Rennes\"}]},{\"@type\":\"WebSite\",\"@id\":\"https:\/\/www.igr.univ-rennes.fr\/fr\/#website\",\"url\":\"https:\/\/www.igr.univ-rennes.fr\/fr\/\",\"name\":\"IGR IAE Rennes\",\"description\":\"\",\"publisher\":{\"@id\":\"https:\/\/www.igr.univ-rennes.fr\/fr\/#organization\"},\"potentialAction\":[{\"@type\":\"SearchAction\",\"target\":{\"@type\":\"EntryPoint\",\"urlTemplate\":\"https:\/\/www.igr.univ-rennes.fr\/fr\/?s={search_term_string}\"},\"query-input\":\"required name=search_term_string\"}],\"inLanguage\":\"fr-FR\"},{\"@type\":\"Organization\",\"@id\":\"https:\/\/www.igr.univ-rennes.fr\/fr\/#organization\",\"name\":\"IGR IAE Rennes\",\"url\":\"https:\/\/www.igr.univ-rennes.fr\/fr\/\",\"logo\":{\"@type\":\"ImageObject\",\"inLanguage\":\"fr-FR\",\"@id\":\"https:\/\/www.igr.univ-rennes.fr\/fr\/#\/schema\/logo\/image\/\",\"url\":\"https:\/\/www.igr.univ-rennes.fr\/wp-content\/uploads\/2020\/06\/Logo-IGR-IAE-Rennes_Blanc-300dpi-RVB-e1597327228224.png\",\"contentUrl\":\"https:\/\/www.igr.univ-rennes.fr\/wp-content\/uploads\/2020\/06\/Logo-IGR-IAE-Rennes_Blanc-300dpi-RVB-e1597327228224.png\",\"width\":290,\"height\":107,\"caption\":\"IGR IAE Rennes\"},\"image\":{\"@id\":\"https:\/\/www.igr.univ-rennes.fr\/fr\/#\/schema\/logo\/image\/\"}},{\"@type\":\"Person\",\"@id\":\"https:\/\/www.igr.univ-rennes.fr\/fr\/#\/schema\/person\/ccc43b9cca93cd7a471bce264778297c\",\"name\":\"Emma Lebaut\",\"image\":{\"@type\":\"ImageObject\",\"inLanguage\":\"fr-FR\",\"@id\":\"https:\/\/www.igr.univ-rennes.fr\/fr\/#\/schema\/person\/image\/\",\"url\":\"https:\/\/secure.gravatar.com\/avatar\/5595dd0d6a0a6d72d586285ccf5929f4?s=96&d=mm&r=g\",\"contentUrl\":\"https:\/\/secure.gravatar.com\/avatar\/5595dd0d6a0a6d72d586285ccf5929f4?s=96&d=mm&r=g\",\"caption\":\"Emma Lebaut\"}}]}<\/script>\n<!-- \/ Yoast SEO plugin. -->","yoast_head_json":{"title":"S\u00e9minaire RSE \u00e0 l&rsquo;IGR-IAE Rennes - IGR IAE Rennes","robots":{"index":"index","follow":"follow","max-snippet":"max-snippet:-1","max-image-preview":"max-image-preview:large","max-video-preview":"max-video-preview:-1"},"canonical":"https:\/\/www.igr.univ-rennes.fr\/fr\/sensibilisation-rse-a-ligr-iae-rennes\/","og_locale":"fr_FR","og_type":"article","og_title":"S\u00e9minaire RSE \u00e0 l&rsquo;IGR-IAE Rennes - IGR IAE Rennes","og_description":"Troisi\u00e8me \u00e9dition du mois du D\u00e9veloppement Durable IAE France, l\u2019IGR-IAE Rennes sensibilise ses \u00e9tudiants \u00e0 travers plusieurs projets","og_url":"https:\/\/www.igr.univ-rennes.fr\/fr\/sensibilisation-rse-a-ligr-iae-rennes\/","og_site_name":"IGR IAE Rennes","article_published_time":"2023-10-06T14:18:23+00:00","article_modified_time":"2023-11-17T09:22:19+00:00","og_image":[{"width":2560,"height":1566,"url":"https:\/\/www.igr.univ-rennes.fr\/wp-content\/uploads\/2023\/10\/IMG_1139-scaled.jpg","type":"image\/jpeg"}],"author":"Emma Lebaut","twitter_card":"summary_large_image","twitter_misc":{"\u00c9crit par":"Emma Lebaut","Dur\u00e9e de lecture estim\u00e9e":"2 minutes"},"schema":{"@context":"https:\/\/schema.org","@graph":[{"@type":"Article","@id":"https:\/\/www.igr.univ-rennes.fr\/fr\/sensibilisation-rse-a-ligr-iae-rennes\/#article","isPartOf":{"@id":"https:\/\/www.igr.univ-rennes.fr\/fr\/sensibilisation-rse-a-ligr-iae-rennes\/"},"author":{"name":"Emma Lebaut","@id":"https:\/\/www.igr.univ-rennes.fr\/fr\/#\/schema\/person\/ccc43b9cca93cd7a471bce264778297c"},"headline":"S\u00e9minaire RSE \u00e0 l&rsquo;IGR-IAE Rennes","datePublished":"2023-10-06T14:18:23+00:00","dateModified":"2023-11-17T09:22:19+00:00","mainEntityOfPage":{"@id":"https:\/\/www.igr.univ-rennes.fr\/fr\/sensibilisation-rse-a-ligr-iae-rennes\/"},"wordCount":247,"publisher":{"@id":"https:\/\/www.igr.univ-rennes.fr\/fr\/#organization"},"articleSection":["Formation"],"inLanguage":"fr-FR"},{"@type":"WebPage","@id":"https:\/\/www.igr.univ-rennes.fr\/fr\/sensibilisation-rse-a-ligr-iae-rennes\/","url":"https:\/\/www.igr.univ-rennes.fr\/fr\/sensibilisation-rse-a-ligr-iae-rennes\/","name":"S\u00e9minaire RSE \u00e0 l&rsquo;IGR-IAE Rennes - IGR IAE Rennes","isPartOf":{"@id":"https:\/\/www.igr.univ-rennes.fr\/fr\/#website"},"datePublished":"2023-10-06T14:18:23+00:00","dateModified":"2023-11-17T09:22:19+00:00","breadcrumb":{"@id":"https:\/\/www.igr.univ-rennes.fr\/fr\/sensibilisation-rse-a-ligr-iae-rennes\/#breadcrumb"},"inLanguage":"fr-FR","potentialAction":[{"@type":"ReadAction","target":["https:\/\/www.igr.univ-rennes.fr\/fr\/sensibilisation-rse-a-ligr-iae-rennes\/"]}]},{"@type":"BreadcrumbList","@id":"https:\/\/www.igr.univ-rennes.fr\/fr\/sensibilisation-rse-a-ligr-iae-rennes\/#breadcrumb","itemListElement":[{"@type":"ListItem","position":1,"name":"Accueil","item":"https:\/\/www.igr.univ-rennes.fr\/fr\/"},{"@type":"ListItem","position":2,"name":"S\u00e9minaire RSE \u00e0 l&rsquo;IGR-IAE Rennes"}]},{"@type":"WebSite","@id":"https:\/\/www.igr.univ-rennes.fr\/fr\/#website","url":"https:\/\/www.igr.univ-rennes.fr\/fr\/","name":"IGR IAE Rennes","description":"","publisher":{"@id":"https:\/\/www.igr.univ-rennes.fr\/fr\/#organization"},"potentialAction":[{"@type":"SearchAction","target":{"@type":"EntryPoint","urlTemplate":"https:\/\/www.igr.univ-rennes.fr\/fr\/?s={search_term_string}"},"query-input":"required name=search_term_string"}],"inLanguage":"fr-FR"},{"@type":"Organization","@id":"https:\/\/www.igr.univ-rennes.fr\/fr\/#organization","name":"IGR IAE Rennes","url":"https:\/\/www.igr.univ-rennes.fr\/fr\/","logo":{"@type":"ImageObject","inLanguage":"fr-FR","@id":"https:\/\/www.igr.univ-rennes.fr\/fr\/#\/schema\/logo\/image\/","url":"https:\/\/www.igr.univ-rennes.fr\/wp-content\/uploads\/2020\/06\/Logo-IGR-IAE-Rennes_Blanc-300dpi-RVB-e1597327228224.png","contentUrl":"https:\/\/www.igr.univ-rennes.fr\/wp-content\/uploads\/2020\/06\/Logo-IGR-IAE-Rennes_Blanc-300dpi-RVB-e1597327228224.png","width":290,"height":107,"caption":"IGR IAE Rennes"},"image":{"@id":"https:\/\/www.igr.univ-rennes.fr\/fr\/#\/schema\/logo\/image\/"}},{"@type":"Person","@id":"https:\/\/www.igr.univ-rennes.fr\/fr\/#\/schema\/person\/ccc43b9cca93cd7a471bce264778297c","name":"Emma Lebaut","image":{"@type":"ImageObject","inLanguage":"fr-FR","@id":"https:\/\/www.igr.univ-rennes.fr\/fr\/#\/schema\/person\/image\/","url":"https:\/\/secure.gravatar.com\/avatar\/5595dd0d6a0a6d72d586285ccf5929f4?s=96&d=mm&r=g","contentUrl":"https:\/\/secure.gravatar.com\/avatar\/5595dd0d6a0a6d72d586285ccf5929f4?s=96&d=mm&r=g","caption":"Emma Lebaut"}}]}},"_links":{"self":[{"href":"https:\/\/www.igr.univ-rennes.fr\/fr\/wp-json\/wp\/v2\/posts\/318170"}],"collection":[{"href":"https:\/\/www.igr.univ-rennes.fr\/fr\/wp-json\/wp\/v2\/posts"}],"about":[{"href":"https:\/\/www.igr.univ-rennes.fr\/fr\/wp-json\/wp\/v2\/types\/post"}],"author":[{"embeddable":true,"href":"https:\/\/www.igr.univ-rennes.fr\/fr\/wp-json\/wp\/v2\/users\/9"}],"replies":[{"embeddable":true,"href":"https:\/\/www.igr.univ-rennes.fr\/fr\/wp-json\/wp\/v2\/comments?post=318170"}],"version-history":[{"count":8,"href":"https:\/\/www.igr.univ-rennes.fr\/fr\/wp-json\/wp\/v2\/posts\/318170\/revisions"}],"predecessor-version":[{"id":333974,"href":"https:\/\/www.igr.univ-rennes.fr\/fr\/wp-json\/wp\/v2\/posts\/318170\/revisions\/333974"}],"wp:featuredmedia":[{"embeddable":true,"href":"https:\/\/www.igr.univ-rennes.fr\/fr\/wp-json\/wp\/v2\/media\/318171"}],"wp:attachment":[{"href":"https:\/\/www.igr.univ-rennes.fr\/fr\/wp-json\/wp\/v2\/media?parent=318170"}],"wp:term":[{"taxonomy":"category","embeddable":true,"href":"https:\/\/www.igr.univ-rennes.fr\/fr\/wp-json\/wp\/v2\/categories?post=318170"},{"taxonomy":"post_tag","embeddable":true,"href":"https:\/\/www.igr.univ-rennes.fr\/fr\/wp-json\/wp\/v2\/tags?post=318170"}],"curies":[{"name":"wp","href":"https:\/\/api.w.org\/{rel}","templated":true}]}}