{"id":317901,"date":"2023-10-03T12:00:24","date_gmt":"2023-10-03T10:00:24","guid":{"rendered":"https:\/\/www.igr.univ-rennes.fr\/?p=317901"},"modified":"2023-11-17T10:41:42","modified_gmt":"2023-11-17T09:41:42","slug":"la-cafet-utopi-sinstalle-a-ligr-iae-un-bel-exemple-dinclusion-des-personnes-en-situation-de-handicap","status":"publish","type":"post","link":"https:\/\/www.igr.univ-rennes.fr\/fr\/la-cafet-utopi-sinstalle-a-ligr-iae-un-bel-exemple-dinclusion-des-personnes-en-situation-de-handicap\/","title":{"rendered":"La cafet&rsquo; Utopi s&rsquo;installe \u00e0 l&rsquo;IGR-IAE : un bel exemple d&rsquo;inclusion des personnes en situation de handicap"},"content":{"rendered":"\t\t<div data-elementor-type=\"wp-post\" data-elementor-id=\"317901\" class=\"elementor elementor-317901\">\n\t\t\t\t\t\t\t\t\t<section class=\"elementor-section elementor-top-section elementor-element elementor-element-a3867af elementor-section-boxed elementor-section-height-default elementor-section-height-default\" data-id=\"a3867af\" data-element_type=\"section\">\n\t\t\t\t\t\t<div class=\"elementor-container elementor-column-gap-default\">\n\t\t\t\t\t<div class=\"elementor-column elementor-col-100 elementor-top-column elementor-element elementor-element-345ac6b\" data-id=\"345ac6b\" data-element_type=\"column\">\n\t\t\t<div class=\"elementor-widget-wrap elementor-element-populated\">\n\t\t\t\t\t\t\t\t<div class=\"elementor-element elementor-element-8cf750e elementor-widget elementor-widget-text-editor\" data-id=\"8cf750e\" data-element_type=\"widget\" data-widget_type=\"text-editor.default\">\n\t\t\t\t<div class=\"elementor-widget-container\">\n\t\t\t\t\t\t\t<p>D\u00e8s le mardi 3 octobre, la Cafet&rsquo; Utopi offrira ses services de restauration aux \u00e9tudiants et aux \u00e9quipes de l&rsquo;IGR-IAE Rennes, \u00e9cole Universitaire de Management.<\/p><p>Fid\u00e8le \u00e0 sa mission premi\u00e8re, la Cafet&rsquo; Utopi vise \u00e0 offrir une solution de restauration qualitative et abordable, directement adapt\u00e9e \u00e0 l&rsquo;environnement quotidien des \u00e9tudiants et des professionnels de l&rsquo;\u00e9cole. Gr\u00e2ce \u00e0 cette nouvelle implantation, elle souhaite faciliter l&rsquo;acc\u00e8s \u00e0 des repas sains avec des produits de saison et favorisant les circuits courts. L&rsquo;offre y sera vari\u00e9e avec des formules plats desserts int\u00e9grant une alternative v\u00e9g\u00e9tarienne, des sandwichs ou des soupes en hiver, un repas complet servi en bocaux, ainsi que des desserts, p\u00e2tisseries et boissons.<\/p>\t\t\t\t\t\t<\/div>\n\t\t\t\t<\/div>\n\t\t\t\t\t<\/div>\n\t\t<\/div>\n\t\t\t\t\t\t\t<\/div>\n\t\t<\/section>\n\t\t\t\t<section class=\"elementor-section elementor-top-section elementor-element elementor-element-e11c157 elementor-section-boxed elementor-section-height-default elementor-section-height-default\" data-id=\"e11c157\" data-element_type=\"section\">\n\t\t\t\t\t\t<div class=\"elementor-container elementor-column-gap-default\">\n\t\t\t\t\t<div class=\"elementor-column elementor-col-100 elementor-top-column elementor-element elementor-element-4870a9f\" data-id=\"4870a9f\" data-element_type=\"column\">\n\t\t\t<div class=\"elementor-widget-wrap elementor-element-populated\">\n\t\t\t\t\t\t\t\t<div class=\"elementor-element elementor-element-d3b689d elementor-widget elementor-widget-heading\" data-id=\"d3b689d\" data-element_type=\"widget\" data-widget_type=\"heading.default\">\n\t\t\t\t<div class=\"elementor-widget-container\">\n\t\t\t<h2 class=\"elementor-heading-title elementor-size-default\">C'est quoi la cafet' Utopi ?<\/h2>\t\t<\/div>\n\t\t\t\t<\/div>\n\t\t\t\t\t<\/div>\n\t\t<\/div>\n\t\t\t\t\t\t\t<\/div>\n\t\t<\/section>\n\t\t\t\t<section class=\"elementor-section elementor-top-section elementor-element elementor-element-23388a8 elementor-section-boxed elementor-section-height-default elementor-section-height-default\" data-id=\"23388a8\" data-element_type=\"section\">\n\t\t\t\t\t\t<div class=\"elementor-container elementor-column-gap-default\">\n\t\t\t\t\t<div class=\"elementor-column elementor-col-100 elementor-top-column elementor-element elementor-element-96c3aa8\" data-id=\"96c3aa8\" data-element_type=\"column\">\n\t\t\t<div class=\"elementor-widget-wrap elementor-element-populated\">\n\t\t\t\t\t\t\t\t<div class=\"elementor-element elementor-element-7916105 elementor-widget elementor-widget-text-editor\" data-id=\"7916105\" data-element_type=\"widget\" data-widget_type=\"text-editor.default\">\n\t\t\t\t<div class=\"elementor-widget-container\">\n\t\t\t\t\t\t\t<p>La Cafet&rsquo; Utopi a pour objectif de contribuer \u00e0 l&rsquo;insertion professionnelle des personnes en situation de handicap.<\/p><p>C&rsquo;est une prestation de restauration rapide sur site, \u00e9thique et responsable, port\u00e9e par <a href=\"https:\/\/utopi.bzh\/\" target=\"_blank\" rel=\"noopener\">Produit en Utopi<\/a>, la marque de prestation de services de l&rsquo;<a href=\"https:\/\/www.adapei35.com\/\" target=\"_blank\" rel=\"noopener\">Adapei 35<\/a>, acteur fort de l&rsquo;\u00e9conomie sociale et solidaire. Utopi regroupe l&rsquo;ensemble des ESAT (Etablissements et Services d\u2019Aide par le Travail) et EA (entreprise adapt\u00e9e) de l&rsquo;association.<\/p><p>Cette organisation est cr\u00e9atrice de biens et de services de qualit\u00e9, en assurant un \u00e9panouissement des travailleurs en situation de handicap par l&rsquo;action socio-\u00e9ducative et en d\u00e9veloppant leurs comp\u00e9tences, tout en assurant la performance pour leurs clients.<\/p>\t\t\t\t\t\t<\/div>\n\t\t\t\t<\/div>\n\t\t\t\t\t<\/div>\n\t\t<\/div>\n\t\t\t\t\t\t\t<\/div>\n\t\t<\/section>\n\t\t\t\t\t\t\t<\/div>\n\t\t","protected":false},"excerpt":{"rendered":"<p>D\u00e8s le mardi 3 octobre, la Cafet\u2019 Utopi offrira ses services de restauration aux \u00e9tudiants et aux \u00e9quipes de l\u2019IGR-IAE Rennes<\/p>\n","protected":false},"author":9,"featured_media":317902,"comment_status":"closed","ping_status":"closed","sticky":true,"template":"","format":"standard","meta":{"footnotes":""},"categories":[147,67],"tags":[],"yoast_head":"<!-- This site is optimized with the Yoast SEO plugin v21.1 - https:\/\/yoast.com\/wordpress\/plugins\/seo\/ -->\n<title>La cafet&rsquo; Utopi s&rsquo;installe \u00e0 l&rsquo;IGR-IAE : un bel exemple d&rsquo;inclusion des personnes en situation de handicap - IGR IAE Rennes<\/title>\n<meta name=\"robots\" content=\"index, follow, max-snippet:-1, max-image-preview:large, max-video-preview:-1\" \/>\n<link rel=\"canonical\" href=\"https:\/\/www.igr.univ-rennes.fr\/fr\/la-cafet-utopi-sinstalle-a-ligr-iae-un-bel-exemple-dinclusion-des-personnes-en-situation-de-handicap\/\" \/>\n<meta property=\"og:locale\" content=\"fr_FR\" \/>\n<meta property=\"og:type\" content=\"article\" \/>\n<meta property=\"og:title\" content=\"La cafet&rsquo; Utopi s&rsquo;installe \u00e0 l&rsquo;IGR-IAE : un bel exemple d&rsquo;inclusion des personnes en situation de handicap - IGR IAE Rennes\" \/>\n<meta property=\"og:description\" content=\"D\u00e8s le mardi 3 octobre, la Cafet\u2019 Utopi offrira ses services de restauration aux \u00e9tudiants et aux \u00e9quipes de l\u2019IGR-IAE Rennes\" \/>\n<meta property=\"og:url\" content=\"https:\/\/www.igr.univ-rennes.fr\/fr\/la-cafet-utopi-sinstalle-a-ligr-iae-un-bel-exemple-dinclusion-des-personnes-en-situation-de-handicap\/\" \/>\n<meta property=\"og:site_name\" content=\"IGR IAE Rennes\" \/>\n<meta property=\"article:published_time\" content=\"2023-10-03T10:00:24+00:00\" \/>\n<meta property=\"article:modified_time\" content=\"2023-11-17T09:41:42+00:00\" \/>\n<meta property=\"og:image\" content=\"https:\/\/www.igr.univ-rennes.fr\/wp-content\/uploads\/2023\/10\/MicrosoftTeams-image-39.jpg\" \/>\n\t<meta property=\"og:image:width\" content=\"840\" \/>\n\t<meta property=\"og:image:height\" content=\"1024\" \/>\n\t<meta property=\"og:image:type\" content=\"image\/jpeg\" \/>\n<meta name=\"author\" content=\"Emma Lebaut\" \/>\n<meta name=\"twitter:card\" content=\"summary_large_image\" \/>\n<meta name=\"twitter:label1\" content=\"\u00c9crit par\" \/>\n\t<meta name=\"twitter:data1\" content=\"Emma Lebaut\" \/>\n\t<meta name=\"twitter:label2\" content=\"Dur\u00e9e de lecture estim\u00e9e\" \/>\n\t<meta name=\"twitter:data2\" content=\"2 minutes\" \/>\n<script type=\"application\/ld+json\" class=\"yoast-schema-graph\">{\"@context\":\"https:\/\/schema.org\",\"@graph\":[{\"@type\":\"Article\",\"@id\":\"https:\/\/www.igr.univ-rennes.fr\/fr\/la-cafet-utopi-sinstalle-a-ligr-iae-un-bel-exemple-dinclusion-des-personnes-en-situation-de-handicap\/#article\",\"isPartOf\":{\"@id\":\"https:\/\/www.igr.univ-rennes.fr\/fr\/la-cafet-utopi-sinstalle-a-ligr-iae-un-bel-exemple-dinclusion-des-personnes-en-situation-de-handicap\/\"},\"author\":{\"name\":\"Emma Lebaut\",\"@id\":\"https:\/\/www.igr.univ-rennes.fr\/fr\/#\/schema\/person\/ccc43b9cca93cd7a471bce264778297c\"},\"headline\":\"La cafet&rsquo; Utopi s&rsquo;installe \u00e0 l&rsquo;IGR-IAE : un bel exemple d&rsquo;inclusion des personnes en situation de handicap\",\"datePublished\":\"2023-10-03T10:00:24+00:00\",\"dateModified\":\"2023-11-17T09:41:42+00:00\",\"mainEntityOfPage\":{\"@id\":\"https:\/\/www.igr.univ-rennes.fr\/fr\/la-cafet-utopi-sinstalle-a-ligr-iae-un-bel-exemple-dinclusion-des-personnes-en-situation-de-handicap\/\"},\"wordCount\":254,\"publisher\":{\"@id\":\"https:\/\/www.igr.univ-rennes.fr\/fr\/#organization\"},\"articleSection\":[\"Actualit\u00e9s\",\"Entreprise\"],\"inLanguage\":\"fr-FR\"},{\"@type\":\"WebPage\",\"@id\":\"https:\/\/www.igr.univ-rennes.fr\/fr\/la-cafet-utopi-sinstalle-a-ligr-iae-un-bel-exemple-dinclusion-des-personnes-en-situation-de-handicap\/\",\"url\":\"https:\/\/www.igr.univ-rennes.fr\/fr\/la-cafet-utopi-sinstalle-a-ligr-iae-un-bel-exemple-dinclusion-des-personnes-en-situation-de-handicap\/\",\"name\":\"La cafet&rsquo; Utopi s&rsquo;installe \u00e0 l&rsquo;IGR-IAE : un bel exemple d&rsquo;inclusion des personnes en situation de handicap - IGR IAE Rennes\",\"isPartOf\":{\"@id\":\"https:\/\/www.igr.univ-rennes.fr\/fr\/#website\"},\"datePublished\":\"2023-10-03T10:00:24+00:00\",\"dateModified\":\"2023-11-17T09:41:42+00:00\",\"breadcrumb\":{\"@id\":\"https:\/\/www.igr.univ-rennes.fr\/fr\/la-cafet-utopi-sinstalle-a-ligr-iae-un-bel-exemple-dinclusion-des-personnes-en-situation-de-handicap\/#breadcrumb\"},\"inLanguage\":\"fr-FR\",\"potentialAction\":[{\"@type\":\"ReadAction\",\"target\":[\"https:\/\/www.igr.univ-rennes.fr\/fr\/la-cafet-utopi-sinstalle-a-ligr-iae-un-bel-exemple-dinclusion-des-personnes-en-situation-de-handicap\/\"]}]},{\"@type\":\"BreadcrumbList\",\"@id\":\"https:\/\/www.igr.univ-rennes.fr\/fr\/la-cafet-utopi-sinstalle-a-ligr-iae-un-bel-exemple-dinclusion-des-personnes-en-situation-de-handicap\/#breadcrumb\",\"itemListElement\":[{\"@type\":\"ListItem\",\"position\":1,\"name\":\"Accueil\",\"item\":\"https:\/\/www.igr.univ-rennes.fr\/fr\/\"},{\"@type\":\"ListItem\",\"position\":2,\"name\":\"La cafet&rsquo; Utopi s&rsquo;installe \u00e0 l&rsquo;IGR-IAE : un bel exemple d&rsquo;inclusion des personnes en situation de handicap\"}]},{\"@type\":\"WebSite\",\"@id\":\"https:\/\/www.igr.univ-rennes.fr\/fr\/#website\",\"url\":\"https:\/\/www.igr.univ-rennes.fr\/fr\/\",\"name\":\"IGR IAE Rennes\",\"description\":\"\",\"publisher\":{\"@id\":\"https:\/\/www.igr.univ-rennes.fr\/fr\/#organization\"},\"potentialAction\":[{\"@type\":\"SearchAction\",\"target\":{\"@type\":\"EntryPoint\",\"urlTemplate\":\"https:\/\/www.igr.univ-rennes.fr\/fr\/?s={search_term_string}\"},\"query-input\":\"required name=search_term_string\"}],\"inLanguage\":\"fr-FR\"},{\"@type\":\"Organization\",\"@id\":\"https:\/\/www.igr.univ-rennes.fr\/fr\/#organization\",\"name\":\"IGR IAE Rennes\",\"url\":\"https:\/\/www.igr.univ-rennes.fr\/fr\/\",\"logo\":{\"@type\":\"ImageObject\",\"inLanguage\":\"fr-FR\",\"@id\":\"https:\/\/www.igr.univ-rennes.fr\/fr\/#\/schema\/logo\/image\/\",\"url\":\"https:\/\/www.igr.univ-rennes.fr\/wp-content\/uploads\/2020\/06\/Logo-IGR-IAE-Rennes_Blanc-300dpi-RVB-e1597327228224.png\",\"contentUrl\":\"https:\/\/www.igr.univ-rennes.fr\/wp-content\/uploads\/2020\/06\/Logo-IGR-IAE-Rennes_Blanc-300dpi-RVB-e1597327228224.png\",\"width\":290,\"height\":107,\"caption\":\"IGR IAE Rennes\"},\"image\":{\"@id\":\"https:\/\/www.igr.univ-rennes.fr\/fr\/#\/schema\/logo\/image\/\"}},{\"@type\":\"Person\",\"@id\":\"https:\/\/www.igr.univ-rennes.fr\/fr\/#\/schema\/person\/ccc43b9cca93cd7a471bce264778297c\",\"name\":\"Emma Lebaut\",\"image\":{\"@type\":\"ImageObject\",\"inLanguage\":\"fr-FR\",\"@id\":\"https:\/\/www.igr.univ-rennes.fr\/fr\/#\/schema\/person\/image\/\",\"url\":\"https:\/\/secure.gravatar.com\/avatar\/5595dd0d6a0a6d72d586285ccf5929f4?s=96&d=mm&r=g\",\"contentUrl\":\"https:\/\/secure.gravatar.com\/avatar\/5595dd0d6a0a6d72d586285ccf5929f4?s=96&d=mm&r=g\",\"caption\":\"Emma Lebaut\"}}]}<\/script>\n<!-- \/ Yoast SEO plugin. -->","yoast_head_json":{"title":"La cafet&rsquo; Utopi s&rsquo;installe \u00e0 l&rsquo;IGR-IAE : un bel exemple d&rsquo;inclusion des personnes en situation de handicap - IGR IAE Rennes","robots":{"index":"index","follow":"follow","max-snippet":"max-snippet:-1","max-image-preview":"max-image-preview:large","max-video-preview":"max-video-preview:-1"},"canonical":"https:\/\/www.igr.univ-rennes.fr\/fr\/la-cafet-utopi-sinstalle-a-ligr-iae-un-bel-exemple-dinclusion-des-personnes-en-situation-de-handicap\/","og_locale":"fr_FR","og_type":"article","og_title":"La cafet&rsquo; Utopi s&rsquo;installe \u00e0 l&rsquo;IGR-IAE : un bel exemple d&rsquo;inclusion des personnes en situation de handicap - IGR IAE Rennes","og_description":"D\u00e8s le mardi 3 octobre, la Cafet\u2019 Utopi offrira ses services de restauration aux \u00e9tudiants et aux \u00e9quipes de l\u2019IGR-IAE Rennes","og_url":"https:\/\/www.igr.univ-rennes.fr\/fr\/la-cafet-utopi-sinstalle-a-ligr-iae-un-bel-exemple-dinclusion-des-personnes-en-situation-de-handicap\/","og_site_name":"IGR IAE Rennes","article_published_time":"2023-10-03T10:00:24+00:00","article_modified_time":"2023-11-17T09:41:42+00:00","og_image":[{"width":840,"height":1024,"url":"https:\/\/www.igr.univ-rennes.fr\/wp-content\/uploads\/2023\/10\/MicrosoftTeams-image-39.jpg","type":"image\/jpeg"}],"author":"Emma Lebaut","twitter_card":"summary_large_image","twitter_misc":{"\u00c9crit par":"Emma Lebaut","Dur\u00e9e de lecture estim\u00e9e":"2 minutes"},"schema":{"@context":"https:\/\/schema.org","@graph":[{"@type":"Article","@id":"https:\/\/www.igr.univ-rennes.fr\/fr\/la-cafet-utopi-sinstalle-a-ligr-iae-un-bel-exemple-dinclusion-des-personnes-en-situation-de-handicap\/#article","isPartOf":{"@id":"https:\/\/www.igr.univ-rennes.fr\/fr\/la-cafet-utopi-sinstalle-a-ligr-iae-un-bel-exemple-dinclusion-des-personnes-en-situation-de-handicap\/"},"author":{"name":"Emma Lebaut","@id":"https:\/\/www.igr.univ-rennes.fr\/fr\/#\/schema\/person\/ccc43b9cca93cd7a471bce264778297c"},"headline":"La cafet&rsquo; Utopi s&rsquo;installe \u00e0 l&rsquo;IGR-IAE : un bel exemple d&rsquo;inclusion des personnes en situation de handicap","datePublished":"2023-10-03T10:00:24+00:00","dateModified":"2023-11-17T09:41:42+00:00","mainEntityOfPage":{"@id":"https:\/\/www.igr.univ-rennes.fr\/fr\/la-cafet-utopi-sinstalle-a-ligr-iae-un-bel-exemple-dinclusion-des-personnes-en-situation-de-handicap\/"},"wordCount":254,"publisher":{"@id":"https:\/\/www.igr.univ-rennes.fr\/fr\/#organization"},"articleSection":["Actualit\u00e9s","Entreprise"],"inLanguage":"fr-FR"},{"@type":"WebPage","@id":"https:\/\/www.igr.univ-rennes.fr\/fr\/la-cafet-utopi-sinstalle-a-ligr-iae-un-bel-exemple-dinclusion-des-personnes-en-situation-de-handicap\/","url":"https:\/\/www.igr.univ-rennes.fr\/fr\/la-cafet-utopi-sinstalle-a-ligr-iae-un-bel-exemple-dinclusion-des-personnes-en-situation-de-handicap\/","name":"La cafet&rsquo; Utopi s&rsquo;installe \u00e0 l&rsquo;IGR-IAE : un bel exemple d&rsquo;inclusion des personnes en situation de handicap - IGR IAE Rennes","isPartOf":{"@id":"https:\/\/www.igr.univ-rennes.fr\/fr\/#website"},"datePublished":"2023-10-03T10:00:24+00:00","dateModified":"2023-11-17T09:41:42+00:00","breadcrumb":{"@id":"https:\/\/www.igr.univ-rennes.fr\/fr\/la-cafet-utopi-sinstalle-a-ligr-iae-un-bel-exemple-dinclusion-des-personnes-en-situation-de-handicap\/#breadcrumb"},"inLanguage":"fr-FR","potentialAction":[{"@type":"ReadAction","target":["https:\/\/www.igr.univ-rennes.fr\/fr\/la-cafet-utopi-sinstalle-a-ligr-iae-un-bel-exemple-dinclusion-des-personnes-en-situation-de-handicap\/"]}]},{"@type":"BreadcrumbList","@id":"https:\/\/www.igr.univ-rennes.fr\/fr\/la-cafet-utopi-sinstalle-a-ligr-iae-un-bel-exemple-dinclusion-des-personnes-en-situation-de-handicap\/#breadcrumb","itemListElement":[{"@type":"ListItem","position":1,"name":"Accueil","item":"https:\/\/www.igr.univ-rennes.fr\/fr\/"},{"@type":"ListItem","position":2,"name":"La cafet&rsquo; Utopi s&rsquo;installe \u00e0 l&rsquo;IGR-IAE : un bel exemple d&rsquo;inclusion des personnes en situation de handicap"}]},{"@type":"WebSite","@id":"https:\/\/www.igr.univ-rennes.fr\/fr\/#website","url":"https:\/\/www.igr.univ-rennes.fr\/fr\/","name":"IGR IAE Rennes","description":"","publisher":{"@id":"https:\/\/www.igr.univ-rennes.fr\/fr\/#organization"},"potentialAction":[{"@type":"SearchAction","target":{"@type":"EntryPoint","urlTemplate":"https:\/\/www.igr.univ-rennes.fr\/fr\/?s={search_term_string}"},"query-input":"required name=search_term_string"}],"inLanguage":"fr-FR"},{"@type":"Organization","@id":"https:\/\/www.igr.univ-rennes.fr\/fr\/#organization","name":"IGR IAE Rennes","url":"https:\/\/www.igr.univ-rennes.fr\/fr\/","logo":{"@type":"ImageObject","inLanguage":"fr-FR","@id":"https:\/\/www.igr.univ-rennes.fr\/fr\/#\/schema\/logo\/image\/","url":"https:\/\/www.igr.univ-rennes.fr\/wp-content\/uploads\/2020\/06\/Logo-IGR-IAE-Rennes_Blanc-300dpi-RVB-e1597327228224.png","contentUrl":"https:\/\/www.igr.univ-rennes.fr\/wp-content\/uploads\/2020\/06\/Logo-IGR-IAE-Rennes_Blanc-300dpi-RVB-e1597327228224.png","width":290,"height":107,"caption":"IGR IAE Rennes"},"image":{"@id":"https:\/\/www.igr.univ-rennes.fr\/fr\/#\/schema\/logo\/image\/"}},{"@type":"Person","@id":"https:\/\/www.igr.univ-rennes.fr\/fr\/#\/schema\/person\/ccc43b9cca93cd7a471bce264778297c","name":"Emma Lebaut","image":{"@type":"ImageObject","inLanguage":"fr-FR","@id":"https:\/\/www.igr.univ-rennes.fr\/fr\/#\/schema\/person\/image\/","url":"https:\/\/secure.gravatar.com\/avatar\/5595dd0d6a0a6d72d586285ccf5929f4?s=96&d=mm&r=g","contentUrl":"https:\/\/secure.gravatar.com\/avatar\/5595dd0d6a0a6d72d586285ccf5929f4?s=96&d=mm&r=g","caption":"Emma Lebaut"}}]}},"_links":{"self":[{"href":"https:\/\/www.igr.univ-rennes.fr\/fr\/wp-json\/wp\/v2\/posts\/317901"}],"collection":[{"href":"https:\/\/www.igr.univ-rennes.fr\/fr\/wp-json\/wp\/v2\/posts"}],"about":[{"href":"https:\/\/www.igr.univ-rennes.fr\/fr\/wp-json\/wp\/v2\/types\/post"}],"author":[{"embeddable":true,"href":"https:\/\/www.igr.univ-rennes.fr\/fr\/wp-json\/wp\/v2\/users\/9"}],"replies":[{"embeddable":true,"href":"https:\/\/www.igr.univ-rennes.fr\/fr\/wp-json\/wp\/v2\/comments?post=317901"}],"version-history":[{"count":10,"href":"https:\/\/www.igr.univ-rennes.fr\/fr\/wp-json\/wp\/v2\/posts\/317901\/revisions"}],"predecessor-version":[{"id":333981,"href":"https:\/\/www.igr.univ-rennes.fr\/fr\/wp-json\/wp\/v2\/posts\/317901\/revisions\/333981"}],"wp:featuredmedia":[{"embeddable":true,"href":"https:\/\/www.igr.univ-rennes.fr\/fr\/wp-json\/wp\/v2\/media\/317902"}],"wp:attachment":[{"href":"https:\/\/www.igr.univ-rennes.fr\/fr\/wp-json\/wp\/v2\/media?parent=317901"}],"wp:term":[{"taxonomy":"category","embeddable":true,"href":"https:\/\/www.igr.univ-rennes.fr\/fr\/wp-json\/wp\/v2\/categories?post=317901"},{"taxonomy":"post_tag","embeddable":true,"href":"https:\/\/www.igr.univ-rennes.fr\/fr\/wp-json\/wp\/v2\/tags?post=317901"}],"curies":[{"name":"wp","href":"https:\/\/api.w.org\/{rel}","templated":true}]}}