{"id":314131,"date":"2023-09-18T13:21:48","date_gmt":"2023-09-18T11:21:48","guid":{"rendered":"https:\/\/www.igr.univ-rennes.fr\/?p=314131"},"modified":"2023-11-17T10:44:21","modified_gmt":"2023-11-17T09:44:21","slug":"lancement-du-master-1-rh-alternance-negociation-strategie-et-dialogue-social","status":"publish","type":"post","link":"https:\/\/www.igr.univ-rennes.fr\/fr\/lancement-du-master-1-rh-alternance-negociation-strategie-et-dialogue-social\/","title":{"rendered":"Lancement du Master 1 RH alternance N\u00e9gociation, Strat\u00e9gie et Dialogue Social"},"content":{"rendered":"\t\t<div data-elementor-type=\"wp-post\" data-elementor-id=\"314131\" class=\"elementor elementor-314131\">\n\t\t\t\t\t\t\t\t\t<section class=\"elementor-section elementor-top-section elementor-element elementor-element-917d79d elementor-section-boxed elementor-section-height-default elementor-section-height-default\" data-id=\"917d79d\" data-element_type=\"section\">\n\t\t\t\t\t\t<div class=\"elementor-container elementor-column-gap-default\">\n\t\t\t\t\t<div class=\"elementor-column elementor-col-100 elementor-top-column elementor-element elementor-element-3a91df1\" data-id=\"3a91df1\" data-element_type=\"column\">\n\t\t\t<div class=\"elementor-widget-wrap elementor-element-populated\">\n\t\t\t\t\t\t\t\t<div class=\"elementor-element elementor-element-5bcc7e6 elementor-widget elementor-widget-text-editor\" data-id=\"5bcc7e6\" data-element_type=\"widget\" data-widget_type=\"text-editor.default\">\n\t\t\t\t<div class=\"elementor-widget-container\">\n\t\t\t\t\t\t\t<p>Cette semaine c&rsquo;est la rentr\u00e9e de nos \u00e9tudiants RH en alternance accompagn\u00e9s de l&rsquo;\u00e9quipe administrative et p\u00e9dagogique de cette formation !<\/p><p><strong>La grande nouveaut\u00e9 de cette ann\u00e9e c&rsquo;est notre promotion de Master 1 Gestion des Ressources Humaines en alternance qui vient d&rsquo;ouvrir<\/strong>.<\/p><p>Une belle opportunit\u00e9 pour les \u00e9tudiants qui peuvent maintenant effectuer 2 ann\u00e9es de Master RH en alternance \u00e0 l&rsquo;IGR-IAE Rennes, avec un enseignement de qualit\u00e9 dont le contenu a \u00e9t\u00e9 enrichi pour r\u00e9pondre aux besoins de comp\u00e9tences sp\u00e9cifiques des entreprises en mati\u00e8re de n\u00e9gociation et de dialogue social.<\/p><p>Cette ann\u00e9e, nos \u00e9tudiants RH alternance seront dans des entreprises tr\u00e8s diverses : priv\u00e9es et publiques, PME mais aussi des grands groupes (Safran, La Poste, L&rsquo;Or\u00e9al,&#8230;).<\/p><p>Nous souhaitons une tr\u00e8s belle exp\u00e9rience en alternance \u00e0 nos \u00e9tudiants ig\u00e9riens !<\/p>\t\t\t\t\t\t<\/div>\n\t\t\t\t<\/div>\n\t\t\t\t\t<\/div>\n\t\t<\/div>\n\t\t\t\t\t\t\t<\/div>\n\t\t<\/section>\n\t\t\t\t<section class=\"elementor-section elementor-top-section elementor-element elementor-element-bd51dd7 elementor-section-boxed elementor-section-height-default elementor-section-height-default\" data-id=\"bd51dd7\" data-element_type=\"section\">\n\t\t\t\t\t\t<div class=\"elementor-container elementor-column-gap-default\">\n\t\t\t\t\t<div class=\"elementor-column elementor-col-100 elementor-top-column elementor-element elementor-element-52d6577\" data-id=\"52d6577\" data-element_type=\"column\">\n\t\t\t<div class=\"elementor-widget-wrap elementor-element-populated\">\n\t\t\t\t\t\t\t\t<section class=\"elementor-section elementor-inner-section elementor-element elementor-element-463ef7f elementor-section-boxed elementor-section-height-default elementor-section-height-default\" data-id=\"463ef7f\" data-element_type=\"section\">\n\t\t\t\t\t\t<div class=\"elementor-container elementor-column-gap-default\">\n\t\t\t\t\t<div class=\"elementor-column elementor-col-50 elementor-inner-column elementor-element elementor-element-39d13b2\" data-id=\"39d13b2\" data-element_type=\"column\">\n\t\t\t<div class=\"elementor-widget-wrap elementor-element-populated\">\n\t\t\t\t\t\t\t\t<div class=\"elementor-element elementor-element-cb2dfde elementor-align-center elementor-widget elementor-widget-button\" data-id=\"cb2dfde\" data-element_type=\"widget\" data-widget_type=\"button.default\">\n\t\t\t\t<div class=\"elementor-widget-container\">\n\t\t\t\t\t<div class=\"elementor-button-wrapper\">\n\t\t\t<a class=\"elementor-button elementor-button-link elementor-size-sm\" href=\"https:\/\/www.igr.univ-rennes.fr\/fr\/formation\/master-1-grh-fa\/\" target=\"_blank\">\n\t\t\t\t\t\t<span class=\"elementor-button-content-wrapper\">\n\t\t\t\t\t\t<span class=\"elementor-button-text\">Master 1 RH FA<\/span>\n\t\t<\/span>\n\t\t\t\t\t<\/a>\n\t\t<\/div>\n\t\t\t\t<\/div>\n\t\t\t\t<\/div>\n\t\t\t\t\t<\/div>\n\t\t<\/div>\n\t\t\t\t<div class=\"elementor-column elementor-col-50 elementor-inner-column elementor-element elementor-element-afc9827\" data-id=\"afc9827\" data-element_type=\"column\">\n\t\t\t<div class=\"elementor-widget-wrap elementor-element-populated\">\n\t\t\t\t\t\t\t\t<div class=\"elementor-element elementor-element-bad4959 elementor-align-center elementor-widget elementor-widget-button\" data-id=\"bad4959\" data-element_type=\"widget\" data-widget_type=\"button.default\">\n\t\t\t\t<div class=\"elementor-widget-container\">\n\t\t\t\t\t<div class=\"elementor-button-wrapper\">\n\t\t\t<a class=\"elementor-button elementor-button-link elementor-size-sm\" href=\"https:\/\/www.igr.univ-rennes.fr\/fr\/formation\/master-rh-strategie-dialogue-social\/\" target=\"_blank\">\n\t\t\t\t\t\t<span class=\"elementor-button-content-wrapper\">\n\t\t\t\t\t\t<span class=\"elementor-button-text\">Master 2 RH FA<\/span>\n\t\t<\/span>\n\t\t\t\t\t<\/a>\n\t\t<\/div>\n\t\t\t\t<\/div>\n\t\t\t\t<\/div>\n\t\t\t\t\t<\/div>\n\t\t<\/div>\n\t\t\t\t\t\t\t<\/div>\n\t\t<\/section>\n\t\t\t\t\t<\/div>\n\t\t<\/div>\n\t\t\t\t\t\t\t<\/div>\n\t\t<\/section>\n\t\t\t\t\t\t\t<\/div>\n\t\t","protected":false},"excerpt":{"rendered":"<p>Cette semaine c\u2019est la rentr\u00e9e de nos \u00e9tudiants RH en alternance accompagn\u00e9s de l\u2019\u00e9quipe administrative et p\u00e9dagogique de cette formation !<\/p>\n","protected":false},"author":9,"featured_media":314132,"comment_status":"closed","ping_status":"closed","sticky":true,"template":"","format":"standard","meta":{"footnotes":""},"categories":[64],"tags":[],"yoast_head":"<!-- This site is optimized with the Yoast SEO plugin v21.1 - https:\/\/yoast.com\/wordpress\/plugins\/seo\/ -->\n<title>Lancement du Master 1 RH alternance N\u00e9gociation, Strat\u00e9gie et Dialogue Social - IGR IAE Rennes<\/title>\n<meta name=\"robots\" content=\"index, follow, max-snippet:-1, max-image-preview:large, max-video-preview:-1\" \/>\n<link rel=\"canonical\" href=\"https:\/\/www.igr.univ-rennes.fr\/fr\/lancement-du-master-1-rh-alternance-negociation-strategie-et-dialogue-social\/\" \/>\n<meta property=\"og:locale\" content=\"fr_FR\" \/>\n<meta property=\"og:type\" content=\"article\" \/>\n<meta property=\"og:title\" content=\"Lancement du Master 1 RH alternance N\u00e9gociation, Strat\u00e9gie et Dialogue Social - IGR IAE Rennes\" \/>\n<meta property=\"og:description\" content=\"Cette semaine c\u2019est la rentr\u00e9e de nos \u00e9tudiants RH en alternance accompagn\u00e9s de l\u2019\u00e9quipe administrative et p\u00e9dagogique de cette formation !\" \/>\n<meta property=\"og:url\" content=\"https:\/\/www.igr.univ-rennes.fr\/fr\/lancement-du-master-1-rh-alternance-negociation-strategie-et-dialogue-social\/\" \/>\n<meta property=\"og:site_name\" content=\"IGR IAE Rennes\" \/>\n<meta property=\"article:published_time\" content=\"2023-09-18T11:21:48+00:00\" \/>\n<meta property=\"article:modified_time\" content=\"2023-11-17T09:44:21+00:00\" \/>\n<meta property=\"og:image\" content=\"https:\/\/www.igr.univ-rennes.fr\/wp-content\/uploads\/2023\/09\/IMG_0963-scaled.jpg\" \/>\n\t<meta property=\"og:image:width\" content=\"2560\" \/>\n\t<meta property=\"og:image:height\" content=\"1711\" \/>\n\t<meta property=\"og:image:type\" content=\"image\/jpeg\" \/>\n<meta name=\"author\" content=\"Emma Lebaut\" \/>\n<meta name=\"twitter:card\" content=\"summary_large_image\" \/>\n<meta name=\"twitter:label1\" content=\"\u00c9crit par\" \/>\n\t<meta name=\"twitter:data1\" content=\"Emma Lebaut\" \/>\n\t<meta name=\"twitter:label2\" content=\"Dur\u00e9e de lecture estim\u00e9e\" \/>\n\t<meta name=\"twitter:data2\" content=\"1 minute\" \/>\n<script type=\"application\/ld+json\" class=\"yoast-schema-graph\">{\"@context\":\"https:\/\/schema.org\",\"@graph\":[{\"@type\":\"Article\",\"@id\":\"https:\/\/www.igr.univ-rennes.fr\/fr\/lancement-du-master-1-rh-alternance-negociation-strategie-et-dialogue-social\/#article\",\"isPartOf\":{\"@id\":\"https:\/\/www.igr.univ-rennes.fr\/fr\/lancement-du-master-1-rh-alternance-negociation-strategie-et-dialogue-social\/\"},\"author\":{\"name\":\"Emma Lebaut\",\"@id\":\"https:\/\/www.igr.univ-rennes.fr\/fr\/#\/schema\/person\/ccc43b9cca93cd7a471bce264778297c\"},\"headline\":\"Lancement du Master 1 RH alternance N\u00e9gociation, Strat\u00e9gie et Dialogue Social\",\"datePublished\":\"2023-09-18T11:21:48+00:00\",\"dateModified\":\"2023-11-17T09:44:21+00:00\",\"mainEntityOfPage\":{\"@id\":\"https:\/\/www.igr.univ-rennes.fr\/fr\/lancement-du-master-1-rh-alternance-negociation-strategie-et-dialogue-social\/\"},\"wordCount\":158,\"publisher\":{\"@id\":\"https:\/\/www.igr.univ-rennes.fr\/fr\/#organization\"},\"articleSection\":[\"Formation\"],\"inLanguage\":\"fr-FR\"},{\"@type\":\"WebPage\",\"@id\":\"https:\/\/www.igr.univ-rennes.fr\/fr\/lancement-du-master-1-rh-alternance-negociation-strategie-et-dialogue-social\/\",\"url\":\"https:\/\/www.igr.univ-rennes.fr\/fr\/lancement-du-master-1-rh-alternance-negociation-strategie-et-dialogue-social\/\",\"name\":\"Lancement du Master 1 RH alternance N\u00e9gociation, Strat\u00e9gie et Dialogue Social - IGR IAE Rennes\",\"isPartOf\":{\"@id\":\"https:\/\/www.igr.univ-rennes.fr\/fr\/#website\"},\"datePublished\":\"2023-09-18T11:21:48+00:00\",\"dateModified\":\"2023-11-17T09:44:21+00:00\",\"breadcrumb\":{\"@id\":\"https:\/\/www.igr.univ-rennes.fr\/fr\/lancement-du-master-1-rh-alternance-negociation-strategie-et-dialogue-social\/#breadcrumb\"},\"inLanguage\":\"fr-FR\",\"potentialAction\":[{\"@type\":\"ReadAction\",\"target\":[\"https:\/\/www.igr.univ-rennes.fr\/fr\/lancement-du-master-1-rh-alternance-negociation-strategie-et-dialogue-social\/\"]}]},{\"@type\":\"BreadcrumbList\",\"@id\":\"https:\/\/www.igr.univ-rennes.fr\/fr\/lancement-du-master-1-rh-alternance-negociation-strategie-et-dialogue-social\/#breadcrumb\",\"itemListElement\":[{\"@type\":\"ListItem\",\"position\":1,\"name\":\"Accueil\",\"item\":\"https:\/\/www.igr.univ-rennes.fr\/fr\/\"},{\"@type\":\"ListItem\",\"position\":2,\"name\":\"Lancement du Master 1 RH alternance N\u00e9gociation, Strat\u00e9gie et Dialogue Social\"}]},{\"@type\":\"WebSite\",\"@id\":\"https:\/\/www.igr.univ-rennes.fr\/fr\/#website\",\"url\":\"https:\/\/www.igr.univ-rennes.fr\/fr\/\",\"name\":\"IGR IAE Rennes\",\"description\":\"\",\"publisher\":{\"@id\":\"https:\/\/www.igr.univ-rennes.fr\/fr\/#organization\"},\"potentialAction\":[{\"@type\":\"SearchAction\",\"target\":{\"@type\":\"EntryPoint\",\"urlTemplate\":\"https:\/\/www.igr.univ-rennes.fr\/fr\/?s={search_term_string}\"},\"query-input\":\"required name=search_term_string\"}],\"inLanguage\":\"fr-FR\"},{\"@type\":\"Organization\",\"@id\":\"https:\/\/www.igr.univ-rennes.fr\/fr\/#organization\",\"name\":\"IGR IAE Rennes\",\"url\":\"https:\/\/www.igr.univ-rennes.fr\/fr\/\",\"logo\":{\"@type\":\"ImageObject\",\"inLanguage\":\"fr-FR\",\"@id\":\"https:\/\/www.igr.univ-rennes.fr\/fr\/#\/schema\/logo\/image\/\",\"url\":\"https:\/\/www.igr.univ-rennes.fr\/wp-content\/uploads\/2020\/06\/Logo-IGR-IAE-Rennes_Blanc-300dpi-RVB-e1597327228224.png\",\"contentUrl\":\"https:\/\/www.igr.univ-rennes.fr\/wp-content\/uploads\/2020\/06\/Logo-IGR-IAE-Rennes_Blanc-300dpi-RVB-e1597327228224.png\",\"width\":290,\"height\":107,\"caption\":\"IGR IAE Rennes\"},\"image\":{\"@id\":\"https:\/\/www.igr.univ-rennes.fr\/fr\/#\/schema\/logo\/image\/\"}},{\"@type\":\"Person\",\"@id\":\"https:\/\/www.igr.univ-rennes.fr\/fr\/#\/schema\/person\/ccc43b9cca93cd7a471bce264778297c\",\"name\":\"Emma Lebaut\",\"image\":{\"@type\":\"ImageObject\",\"inLanguage\":\"fr-FR\",\"@id\":\"https:\/\/www.igr.univ-rennes.fr\/fr\/#\/schema\/person\/image\/\",\"url\":\"https:\/\/secure.gravatar.com\/avatar\/5595dd0d6a0a6d72d586285ccf5929f4?s=96&d=mm&r=g\",\"contentUrl\":\"https:\/\/secure.gravatar.com\/avatar\/5595dd0d6a0a6d72d586285ccf5929f4?s=96&d=mm&r=g\",\"caption\":\"Emma Lebaut\"}}]}<\/script>\n<!-- \/ Yoast SEO plugin. -->","yoast_head_json":{"title":"Lancement du Master 1 RH alternance N\u00e9gociation, Strat\u00e9gie et Dialogue Social - IGR IAE Rennes","robots":{"index":"index","follow":"follow","max-snippet":"max-snippet:-1","max-image-preview":"max-image-preview:large","max-video-preview":"max-video-preview:-1"},"canonical":"https:\/\/www.igr.univ-rennes.fr\/fr\/lancement-du-master-1-rh-alternance-negociation-strategie-et-dialogue-social\/","og_locale":"fr_FR","og_type":"article","og_title":"Lancement du Master 1 RH alternance N\u00e9gociation, Strat\u00e9gie et Dialogue Social - IGR IAE Rennes","og_description":"Cette semaine c\u2019est la rentr\u00e9e de nos \u00e9tudiants RH en alternance accompagn\u00e9s de l\u2019\u00e9quipe administrative et p\u00e9dagogique de cette formation !","og_url":"https:\/\/www.igr.univ-rennes.fr\/fr\/lancement-du-master-1-rh-alternance-negociation-strategie-et-dialogue-social\/","og_site_name":"IGR IAE Rennes","article_published_time":"2023-09-18T11:21:48+00:00","article_modified_time":"2023-11-17T09:44:21+00:00","og_image":[{"width":2560,"height":1711,"url":"https:\/\/www.igr.univ-rennes.fr\/wp-content\/uploads\/2023\/09\/IMG_0963-scaled.jpg","type":"image\/jpeg"}],"author":"Emma Lebaut","twitter_card":"summary_large_image","twitter_misc":{"\u00c9crit par":"Emma Lebaut","Dur\u00e9e de lecture estim\u00e9e":"1 minute"},"schema":{"@context":"https:\/\/schema.org","@graph":[{"@type":"Article","@id":"https:\/\/www.igr.univ-rennes.fr\/fr\/lancement-du-master-1-rh-alternance-negociation-strategie-et-dialogue-social\/#article","isPartOf":{"@id":"https:\/\/www.igr.univ-rennes.fr\/fr\/lancement-du-master-1-rh-alternance-negociation-strategie-et-dialogue-social\/"},"author":{"name":"Emma Lebaut","@id":"https:\/\/www.igr.univ-rennes.fr\/fr\/#\/schema\/person\/ccc43b9cca93cd7a471bce264778297c"},"headline":"Lancement du Master 1 RH alternance N\u00e9gociation, Strat\u00e9gie et Dialogue Social","datePublished":"2023-09-18T11:21:48+00:00","dateModified":"2023-11-17T09:44:21+00:00","mainEntityOfPage":{"@id":"https:\/\/www.igr.univ-rennes.fr\/fr\/lancement-du-master-1-rh-alternance-negociation-strategie-et-dialogue-social\/"},"wordCount":158,"publisher":{"@id":"https:\/\/www.igr.univ-rennes.fr\/fr\/#organization"},"articleSection":["Formation"],"inLanguage":"fr-FR"},{"@type":"WebPage","@id":"https:\/\/www.igr.univ-rennes.fr\/fr\/lancement-du-master-1-rh-alternance-negociation-strategie-et-dialogue-social\/","url":"https:\/\/www.igr.univ-rennes.fr\/fr\/lancement-du-master-1-rh-alternance-negociation-strategie-et-dialogue-social\/","name":"Lancement du Master 1 RH alternance N\u00e9gociation, Strat\u00e9gie et Dialogue Social - IGR IAE Rennes","isPartOf":{"@id":"https:\/\/www.igr.univ-rennes.fr\/fr\/#website"},"datePublished":"2023-09-18T11:21:48+00:00","dateModified":"2023-11-17T09:44:21+00:00","breadcrumb":{"@id":"https:\/\/www.igr.univ-rennes.fr\/fr\/lancement-du-master-1-rh-alternance-negociation-strategie-et-dialogue-social\/#breadcrumb"},"inLanguage":"fr-FR","potentialAction":[{"@type":"ReadAction","target":["https:\/\/www.igr.univ-rennes.fr\/fr\/lancement-du-master-1-rh-alternance-negociation-strategie-et-dialogue-social\/"]}]},{"@type":"BreadcrumbList","@id":"https:\/\/www.igr.univ-rennes.fr\/fr\/lancement-du-master-1-rh-alternance-negociation-strategie-et-dialogue-social\/#breadcrumb","itemListElement":[{"@type":"ListItem","position":1,"name":"Accueil","item":"https:\/\/www.igr.univ-rennes.fr\/fr\/"},{"@type":"ListItem","position":2,"name":"Lancement du Master 1 RH alternance N\u00e9gociation, Strat\u00e9gie et Dialogue Social"}]},{"@type":"WebSite","@id":"https:\/\/www.igr.univ-rennes.fr\/fr\/#website","url":"https:\/\/www.igr.univ-rennes.fr\/fr\/","name":"IGR IAE Rennes","description":"","publisher":{"@id":"https:\/\/www.igr.univ-rennes.fr\/fr\/#organization"},"potentialAction":[{"@type":"SearchAction","target":{"@type":"EntryPoint","urlTemplate":"https:\/\/www.igr.univ-rennes.fr\/fr\/?s={search_term_string}"},"query-input":"required name=search_term_string"}],"inLanguage":"fr-FR"},{"@type":"Organization","@id":"https:\/\/www.igr.univ-rennes.fr\/fr\/#organization","name":"IGR IAE Rennes","url":"https:\/\/www.igr.univ-rennes.fr\/fr\/","logo":{"@type":"ImageObject","inLanguage":"fr-FR","@id":"https:\/\/www.igr.univ-rennes.fr\/fr\/#\/schema\/logo\/image\/","url":"https:\/\/www.igr.univ-rennes.fr\/wp-content\/uploads\/2020\/06\/Logo-IGR-IAE-Rennes_Blanc-300dpi-RVB-e1597327228224.png","contentUrl":"https:\/\/www.igr.univ-rennes.fr\/wp-content\/uploads\/2020\/06\/Logo-IGR-IAE-Rennes_Blanc-300dpi-RVB-e1597327228224.png","width":290,"height":107,"caption":"IGR IAE Rennes"},"image":{"@id":"https:\/\/www.igr.univ-rennes.fr\/fr\/#\/schema\/logo\/image\/"}},{"@type":"Person","@id":"https:\/\/www.igr.univ-rennes.fr\/fr\/#\/schema\/person\/ccc43b9cca93cd7a471bce264778297c","name":"Emma Lebaut","image":{"@type":"ImageObject","inLanguage":"fr-FR","@id":"https:\/\/www.igr.univ-rennes.fr\/fr\/#\/schema\/person\/image\/","url":"https:\/\/secure.gravatar.com\/avatar\/5595dd0d6a0a6d72d586285ccf5929f4?s=96&d=mm&r=g","contentUrl":"https:\/\/secure.gravatar.com\/avatar\/5595dd0d6a0a6d72d586285ccf5929f4?s=96&d=mm&r=g","caption":"Emma Lebaut"}}]}},"_links":{"self":[{"href":"https:\/\/www.igr.univ-rennes.fr\/fr\/wp-json\/wp\/v2\/posts\/314131"}],"collection":[{"href":"https:\/\/www.igr.univ-rennes.fr\/fr\/wp-json\/wp\/v2\/posts"}],"about":[{"href":"https:\/\/www.igr.univ-rennes.fr\/fr\/wp-json\/wp\/v2\/types\/post"}],"author":[{"embeddable":true,"href":"https:\/\/www.igr.univ-rennes.fr\/fr\/wp-json\/wp\/v2\/users\/9"}],"replies":[{"embeddable":true,"href":"https:\/\/www.igr.univ-rennes.fr\/fr\/wp-json\/wp\/v2\/comments?post=314131"}],"version-history":[{"count":14,"href":"https:\/\/www.igr.univ-rennes.fr\/fr\/wp-json\/wp\/v2\/posts\/314131\/revisions"}],"predecessor-version":[{"id":333983,"href":"https:\/\/www.igr.univ-rennes.fr\/fr\/wp-json\/wp\/v2\/posts\/314131\/revisions\/333983"}],"wp:featuredmedia":[{"embeddable":true,"href":"https:\/\/www.igr.univ-rennes.fr\/fr\/wp-json\/wp\/v2\/media\/314132"}],"wp:attachment":[{"href":"https:\/\/www.igr.univ-rennes.fr\/fr\/wp-json\/wp\/v2\/media?parent=314131"}],"wp:term":[{"taxonomy":"category","embeddable":true,"href":"https:\/\/www.igr.univ-rennes.fr\/fr\/wp-json\/wp\/v2\/categories?post=314131"},{"taxonomy":"post_tag","embeddable":true,"href":"https:\/\/www.igr.univ-rennes.fr\/fr\/wp-json\/wp\/v2\/tags?post=314131"}],"curies":[{"name":"wp","href":"https:\/\/api.w.org\/{rel}","templated":true}]}}