{"id":314090,"date":"2023-09-18T12:09:14","date_gmt":"2023-09-18T10:09:14","guid":{"rendered":"https:\/\/www.igr.univ-rennes.fr\/?p=314090"},"modified":"2023-11-17T10:46:58","modified_gmt":"2023-11-17T09:46:58","slug":"les-etudiants-en-formation-continue-font-leur-rentree","status":"publish","type":"post","link":"https:\/\/www.igr.univ-rennes.fr\/fr\/les-etudiants-en-formation-continue-font-leur-rentree\/","title":{"rendered":"Les \u00e9tudiants en Formation Continue font leur rentr\u00e9e"},"content":{"rendered":"\t\t<div data-elementor-type=\"wp-post\" data-elementor-id=\"314090\" class=\"elementor elementor-314090\" data-elementor-post-type=\"post\">\n\t\t\t\t\t\t<section class=\"elementor-section elementor-top-section elementor-element elementor-element-f8ae0ee elementor-section-boxed elementor-section-height-default elementor-section-height-default\" data-id=\"f8ae0ee\" data-element_type=\"section\" data-e-type=\"section\">\n\t\t\t\t\t\t<div class=\"elementor-container elementor-column-gap-default\">\n\t\t\t\t\t<div class=\"elementor-column elementor-col-100 elementor-top-column elementor-element elementor-element-37a25cb\" data-id=\"37a25cb\" data-element_type=\"column\" data-e-type=\"column\">\n\t\t\t<div class=\"elementor-widget-wrap elementor-element-populated\">\n\t\t\t\t\t\t<div class=\"elementor-element elementor-element-b11dc8d elementor-widget elementor-widget-text-editor\" data-id=\"b11dc8d\" data-element_type=\"widget\" data-e-type=\"widget\" data-widget_type=\"text-editor.default\">\n\t\t\t\t<div class=\"elementor-widget-container\">\n\t\t\t\t\t\t\t\t\t<p>Les \u00e9tudiants en Formation Continue font aussi leur rentr\u00e9e des classes ! \ud83d\udcab<\/p><p>Comme chaque ann\u00e9e, l\u2019IGR-IAE Rennes accueille pr\u00e8s de 200 professionnels qui souhaitent donner une nouvelle impulsion \u00e0 leur carri\u00e8re. \ud83d\udc4f<\/p><p>Les \u00e9tudiants de Master 1 CCA et CGAO avaient le sourire \u00e0 l\u2019id\u00e9e de d\u00e9marrer cette nouvelle ann\u00e9e universitaire, tout comme leurs camarades des autres promotions de formation continue qui ont aussi fait leur rentr\u00e9e :<br \/>\ud83d\udc49 M2 Comptabilit\u00e9-Contr\u00f4le-Audit<br \/>\ud83d\udc49 M2 Contr\u00f4le de Gestion et Audit Organisationnel<br \/>\ud83d\udc49 Management et Administration des Entreprises<br \/>\ud83d\udc49 Licence Comptabilit\u00e9 et Gestion<br \/>\ud83d\udc49 M2 Gestion des Ressources Humaines<br \/>\ud83d\udc49 M2 Marketing<\/p><p>Nous souhaitons une belle rentr\u00e9e 2023 \u00e0 tous nos \u00e9tudiants. \ud83e\udd70<\/p>\t\t\t\t\t\t\t\t<\/div>\n\t\t\t\t<\/div>\n\t\t\t\t\t<\/div>\n\t\t<\/div>\n\t\t\t\t\t<\/div>\n\t\t<\/section>\n\t\t\t\t<\/div>\n\t\t","protected":false},"excerpt":{"rendered":"<p>Les \u00e9tudiants en Formation Continue font aussi leur rentr\u00e9e des classes ! <\/p>\n","protected":false},"author":9,"featured_media":314091,"comment_status":"closed","ping_status":"closed","sticky":true,"template":"","format":"standard","meta":{"_acf_changed":false,"footnotes":""},"categories":[64],"tags":[],"class_list":["post-314090","post","type-post","status-publish","format-standard","has-post-thumbnail","hentry","category-formation"],"acf":[],"yoast_head":"<!-- This site is optimized with the Yoast SEO plugin v27.5 - https:\/\/yoast.com\/product\/yoast-seo-wordpress\/ -->\n<title>Les \u00e9tudiants en Formation Continue font leur rentr\u00e9e - IGR IAE Rennes<\/title>\n<meta name=\"robots\" content=\"index, follow, max-snippet:-1, max-image-preview:large, max-video-preview:-1\" \/>\n<link rel=\"canonical\" href=\"https:\/\/www.igr.univ-rennes.fr\/fr\/les-etudiants-en-formation-continue-font-leur-rentree\/\" \/>\n<meta property=\"og:locale\" content=\"fr_FR\" \/>\n<meta property=\"og:type\" content=\"article\" \/>\n<meta property=\"og:title\" content=\"Les \u00e9tudiants en Formation Continue font leur rentr\u00e9e - IGR IAE Rennes\" \/>\n<meta property=\"og:description\" content=\"Les \u00e9tudiants en Formation Continue font aussi leur rentr\u00e9e des classes !\" \/>\n<meta property=\"og:url\" content=\"https:\/\/www.igr.univ-rennes.fr\/fr\/les-etudiants-en-formation-continue-font-leur-rentree\/\" \/>\n<meta property=\"og:site_name\" content=\"IGR IAE Rennes\" \/>\n<meta property=\"article:published_time\" content=\"2023-09-18T10:09:14+00:00\" \/>\n<meta property=\"article:modified_time\" content=\"2023-11-17T09:46:58+00:00\" \/>\n<meta property=\"og:image\" content=\"https:\/\/www.igr.univ-rennes.fr\/wp-content\/uploads\/2023\/09\/1694447409168.jpg\" \/>\n\t<meta property=\"og:image:width\" content=\"2048\" \/>\n\t<meta property=\"og:image:height\" content=\"1248\" \/>\n\t<meta property=\"og:image:type\" content=\"image\/jpeg\" \/>\n<meta name=\"author\" content=\"Emma Lebaut\" \/>\n<meta name=\"twitter:card\" content=\"summary_large_image\" \/>\n<meta name=\"twitter:label1\" content=\"\u00c9crit par\" \/>\n\t<meta name=\"twitter:data1\" content=\"Emma Lebaut\" \/>\n\t<meta name=\"twitter:label2\" content=\"Dur\u00e9e de lecture estim\u00e9e\" \/>\n\t<meta name=\"twitter:data2\" content=\"1 minute\" \/>\n<script type=\"application\/ld+json\" class=\"yoast-schema-graph\">{\"@context\":\"https:\\\/\\\/schema.org\",\"@graph\":[{\"@type\":\"Article\",\"@id\":\"https:\\\/\\\/www.igr.univ-rennes.fr\\\/fr\\\/les-etudiants-en-formation-continue-font-leur-rentree\\\/#article\",\"isPartOf\":{\"@id\":\"https:\\\/\\\/www.igr.univ-rennes.fr\\\/fr\\\/les-etudiants-en-formation-continue-font-leur-rentree\\\/\"},\"author\":{\"name\":\"Emma Lebaut\",\"@id\":\"https:\\\/\\\/www.igr.univ-rennes.fr\\\/fr\\\/#\\\/schema\\\/person\\\/ccc43b9cca93cd7a471bce264778297c\"},\"headline\":\"Les \u00e9tudiants en Formation Continue font leur rentr\u00e9e\",\"datePublished\":\"2023-09-18T10:09:14+00:00\",\"dateModified\":\"2023-11-17T09:46:58+00:00\",\"mainEntityOfPage\":{\"@id\":\"https:\\\/\\\/www.igr.univ-rennes.fr\\\/fr\\\/les-etudiants-en-formation-continue-font-leur-rentree\\\/\"},\"wordCount\":117,\"publisher\":{\"@id\":\"https:\\\/\\\/www.igr.univ-rennes.fr\\\/fr\\\/#organization\"},\"image\":{\"@id\":\"https:\\\/\\\/www.igr.univ-rennes.fr\\\/fr\\\/les-etudiants-en-formation-continue-font-leur-rentree\\\/#primaryimage\"},\"thumbnailUrl\":\"https:\\\/\\\/www.igr.univ-rennes.fr\\\/wp-content\\\/uploads\\\/2023\\\/09\\\/1694447409168.jpg\",\"articleSection\":[\"Formation\"],\"inLanguage\":\"fr-FR\"},{\"@type\":\"WebPage\",\"@id\":\"https:\\\/\\\/www.igr.univ-rennes.fr\\\/fr\\\/les-etudiants-en-formation-continue-font-leur-rentree\\\/\",\"url\":\"https:\\\/\\\/www.igr.univ-rennes.fr\\\/fr\\\/les-etudiants-en-formation-continue-font-leur-rentree\\\/\",\"name\":\"Les \u00e9tudiants en Formation Continue font leur rentr\u00e9e - IGR IAE Rennes\",\"isPartOf\":{\"@id\":\"https:\\\/\\\/www.igr.univ-rennes.fr\\\/fr\\\/#website\"},\"primaryImageOfPage\":{\"@id\":\"https:\\\/\\\/www.igr.univ-rennes.fr\\\/fr\\\/les-etudiants-en-formation-continue-font-leur-rentree\\\/#primaryimage\"},\"image\":{\"@id\":\"https:\\\/\\\/www.igr.univ-rennes.fr\\\/fr\\\/les-etudiants-en-formation-continue-font-leur-rentree\\\/#primaryimage\"},\"thumbnailUrl\":\"https:\\\/\\\/www.igr.univ-rennes.fr\\\/wp-content\\\/uploads\\\/2023\\\/09\\\/1694447409168.jpg\",\"datePublished\":\"2023-09-18T10:09:14+00:00\",\"dateModified\":\"2023-11-17T09:46:58+00:00\",\"breadcrumb\":{\"@id\":\"https:\\\/\\\/www.igr.univ-rennes.fr\\\/fr\\\/les-etudiants-en-formation-continue-font-leur-rentree\\\/#breadcrumb\"},\"inLanguage\":\"fr-FR\",\"potentialAction\":[{\"@type\":\"ReadAction\",\"target\":[\"https:\\\/\\\/www.igr.univ-rennes.fr\\\/fr\\\/les-etudiants-en-formation-continue-font-leur-rentree\\\/\"]}]},{\"@type\":\"ImageObject\",\"inLanguage\":\"fr-FR\",\"@id\":\"https:\\\/\\\/www.igr.univ-rennes.fr\\\/fr\\\/les-etudiants-en-formation-continue-font-leur-rentree\\\/#primaryimage\",\"url\":\"https:\\\/\\\/www.igr.univ-rennes.fr\\\/wp-content\\\/uploads\\\/2023\\\/09\\\/1694447409168.jpg\",\"contentUrl\":\"https:\\\/\\\/www.igr.univ-rennes.fr\\\/wp-content\\\/uploads\\\/2023\\\/09\\\/1694447409168.jpg\",\"width\":2048,\"height\":1248},{\"@type\":\"BreadcrumbList\",\"@id\":\"https:\\\/\\\/www.igr.univ-rennes.fr\\\/fr\\\/les-etudiants-en-formation-continue-font-leur-rentree\\\/#breadcrumb\",\"itemListElement\":[{\"@type\":\"ListItem\",\"position\":1,\"name\":\"Accueil\",\"item\":\"https:\\\/\\\/www.igr.univ-rennes.fr\\\/fr\\\/\"},{\"@type\":\"ListItem\",\"position\":2,\"name\":\"Les \u00e9tudiants en Formation Continue font leur rentr\u00e9e\"}]},{\"@type\":\"WebSite\",\"@id\":\"https:\\\/\\\/www.igr.univ-rennes.fr\\\/fr\\\/#website\",\"url\":\"https:\\\/\\\/www.igr.univ-rennes.fr\\\/fr\\\/\",\"name\":\"IGR IAE Rennes\",\"description\":\"\",\"publisher\":{\"@id\":\"https:\\\/\\\/www.igr.univ-rennes.fr\\\/fr\\\/#organization\"},\"potentialAction\":[{\"@type\":\"SearchAction\",\"target\":{\"@type\":\"EntryPoint\",\"urlTemplate\":\"https:\\\/\\\/www.igr.univ-rennes.fr\\\/fr\\\/?s={search_term_string}\"},\"query-input\":{\"@type\":\"PropertyValueSpecification\",\"valueRequired\":true,\"valueName\":\"search_term_string\"}}],\"inLanguage\":\"fr-FR\"},{\"@type\":\"Organization\",\"@id\":\"https:\\\/\\\/www.igr.univ-rennes.fr\\\/fr\\\/#organization\",\"name\":\"IGR IAE Rennes\",\"url\":\"https:\\\/\\\/www.igr.univ-rennes.fr\\\/fr\\\/\",\"logo\":{\"@type\":\"ImageObject\",\"inLanguage\":\"fr-FR\",\"@id\":\"https:\\\/\\\/www.igr.univ-rennes.fr\\\/fr\\\/#\\\/schema\\\/logo\\\/image\\\/\",\"url\":\"https:\\\/\\\/www.igr.univ-rennes.fr\\\/wp-content\\\/uploads\\\/2020\\\/06\\\/Logo-IGR-IAE-Rennes_Blanc-300dpi-RVB-e1597327228224.png\",\"contentUrl\":\"https:\\\/\\\/www.igr.univ-rennes.fr\\\/wp-content\\\/uploads\\\/2020\\\/06\\\/Logo-IGR-IAE-Rennes_Blanc-300dpi-RVB-e1597327228224.png\",\"width\":290,\"height\":107,\"caption\":\"IGR IAE Rennes\"},\"image\":{\"@id\":\"https:\\\/\\\/www.igr.univ-rennes.fr\\\/fr\\\/#\\\/schema\\\/logo\\\/image\\\/\"}},{\"@type\":\"Person\",\"@id\":\"https:\\\/\\\/www.igr.univ-rennes.fr\\\/fr\\\/#\\\/schema\\\/person\\\/ccc43b9cca93cd7a471bce264778297c\",\"name\":\"Emma Lebaut\",\"image\":{\"@type\":\"ImageObject\",\"inLanguage\":\"fr-FR\",\"@id\":\"https:\\\/\\\/secure.gravatar.com\\\/avatar\\\/7335cda3e2dfc4ebfa35314bea3e26aafa62f4197b0f5cb8f2f30bb7ce493fe5?s=96&d=mm&r=g\",\"url\":\"https:\\\/\\\/secure.gravatar.com\\\/avatar\\\/7335cda3e2dfc4ebfa35314bea3e26aafa62f4197b0f5cb8f2f30bb7ce493fe5?s=96&d=mm&r=g\",\"contentUrl\":\"https:\\\/\\\/secure.gravatar.com\\\/avatar\\\/7335cda3e2dfc4ebfa35314bea3e26aafa62f4197b0f5cb8f2f30bb7ce493fe5?s=96&d=mm&r=g\",\"caption\":\"Emma Lebaut\"}}]}<\/script>\n<!-- \/ Yoast SEO plugin. -->","yoast_head_json":{"title":"Les \u00e9tudiants en Formation Continue font leur rentr\u00e9e - IGR IAE Rennes","robots":{"index":"index","follow":"follow","max-snippet":"max-snippet:-1","max-image-preview":"max-image-preview:large","max-video-preview":"max-video-preview:-1"},"canonical":"https:\/\/www.igr.univ-rennes.fr\/fr\/les-etudiants-en-formation-continue-font-leur-rentree\/","og_locale":"fr_FR","og_type":"article","og_title":"Les \u00e9tudiants en Formation Continue font leur rentr\u00e9e - IGR IAE Rennes","og_description":"Les \u00e9tudiants en Formation Continue font aussi leur rentr\u00e9e des classes !","og_url":"https:\/\/www.igr.univ-rennes.fr\/fr\/les-etudiants-en-formation-continue-font-leur-rentree\/","og_site_name":"IGR IAE Rennes","article_published_time":"2023-09-18T10:09:14+00:00","article_modified_time":"2023-11-17T09:46:58+00:00","og_image":[{"width":2048,"height":1248,"url":"https:\/\/www.igr.univ-rennes.fr\/wp-content\/uploads\/2023\/09\/1694447409168.jpg","type":"image\/jpeg"}],"author":"Emma Lebaut","twitter_card":"summary_large_image","twitter_misc":{"\u00c9crit par":"Emma Lebaut","Dur\u00e9e de lecture estim\u00e9e":"1 minute"},"schema":{"@context":"https:\/\/schema.org","@graph":[{"@type":"Article","@id":"https:\/\/www.igr.univ-rennes.fr\/fr\/les-etudiants-en-formation-continue-font-leur-rentree\/#article","isPartOf":{"@id":"https:\/\/www.igr.univ-rennes.fr\/fr\/les-etudiants-en-formation-continue-font-leur-rentree\/"},"author":{"name":"Emma Lebaut","@id":"https:\/\/www.igr.univ-rennes.fr\/fr\/#\/schema\/person\/ccc43b9cca93cd7a471bce264778297c"},"headline":"Les \u00e9tudiants en Formation Continue font leur rentr\u00e9e","datePublished":"2023-09-18T10:09:14+00:00","dateModified":"2023-11-17T09:46:58+00:00","mainEntityOfPage":{"@id":"https:\/\/www.igr.univ-rennes.fr\/fr\/les-etudiants-en-formation-continue-font-leur-rentree\/"},"wordCount":117,"publisher":{"@id":"https:\/\/www.igr.univ-rennes.fr\/fr\/#organization"},"image":{"@id":"https:\/\/www.igr.univ-rennes.fr\/fr\/les-etudiants-en-formation-continue-font-leur-rentree\/#primaryimage"},"thumbnailUrl":"https:\/\/www.igr.univ-rennes.fr\/wp-content\/uploads\/2023\/09\/1694447409168.jpg","articleSection":["Formation"],"inLanguage":"fr-FR"},{"@type":"WebPage","@id":"https:\/\/www.igr.univ-rennes.fr\/fr\/les-etudiants-en-formation-continue-font-leur-rentree\/","url":"https:\/\/www.igr.univ-rennes.fr\/fr\/les-etudiants-en-formation-continue-font-leur-rentree\/","name":"Les \u00e9tudiants en Formation Continue font leur rentr\u00e9e - IGR IAE Rennes","isPartOf":{"@id":"https:\/\/www.igr.univ-rennes.fr\/fr\/#website"},"primaryImageOfPage":{"@id":"https:\/\/www.igr.univ-rennes.fr\/fr\/les-etudiants-en-formation-continue-font-leur-rentree\/#primaryimage"},"image":{"@id":"https:\/\/www.igr.univ-rennes.fr\/fr\/les-etudiants-en-formation-continue-font-leur-rentree\/#primaryimage"},"thumbnailUrl":"https:\/\/www.igr.univ-rennes.fr\/wp-content\/uploads\/2023\/09\/1694447409168.jpg","datePublished":"2023-09-18T10:09:14+00:00","dateModified":"2023-11-17T09:46:58+00:00","breadcrumb":{"@id":"https:\/\/www.igr.univ-rennes.fr\/fr\/les-etudiants-en-formation-continue-font-leur-rentree\/#breadcrumb"},"inLanguage":"fr-FR","potentialAction":[{"@type":"ReadAction","target":["https:\/\/www.igr.univ-rennes.fr\/fr\/les-etudiants-en-formation-continue-font-leur-rentree\/"]}]},{"@type":"ImageObject","inLanguage":"fr-FR","@id":"https:\/\/www.igr.univ-rennes.fr\/fr\/les-etudiants-en-formation-continue-font-leur-rentree\/#primaryimage","url":"https:\/\/www.igr.univ-rennes.fr\/wp-content\/uploads\/2023\/09\/1694447409168.jpg","contentUrl":"https:\/\/www.igr.univ-rennes.fr\/wp-content\/uploads\/2023\/09\/1694447409168.jpg","width":2048,"height":1248},{"@type":"BreadcrumbList","@id":"https:\/\/www.igr.univ-rennes.fr\/fr\/les-etudiants-en-formation-continue-font-leur-rentree\/#breadcrumb","itemListElement":[{"@type":"ListItem","position":1,"name":"Accueil","item":"https:\/\/www.igr.univ-rennes.fr\/fr\/"},{"@type":"ListItem","position":2,"name":"Les \u00e9tudiants en Formation Continue font leur rentr\u00e9e"}]},{"@type":"WebSite","@id":"https:\/\/www.igr.univ-rennes.fr\/fr\/#website","url":"https:\/\/www.igr.univ-rennes.fr\/fr\/","name":"IGR IAE Rennes","description":"","publisher":{"@id":"https:\/\/www.igr.univ-rennes.fr\/fr\/#organization"},"potentialAction":[{"@type":"SearchAction","target":{"@type":"EntryPoint","urlTemplate":"https:\/\/www.igr.univ-rennes.fr\/fr\/?s={search_term_string}"},"query-input":{"@type":"PropertyValueSpecification","valueRequired":true,"valueName":"search_term_string"}}],"inLanguage":"fr-FR"},{"@type":"Organization","@id":"https:\/\/www.igr.univ-rennes.fr\/fr\/#organization","name":"IGR IAE Rennes","url":"https:\/\/www.igr.univ-rennes.fr\/fr\/","logo":{"@type":"ImageObject","inLanguage":"fr-FR","@id":"https:\/\/www.igr.univ-rennes.fr\/fr\/#\/schema\/logo\/image\/","url":"https:\/\/www.igr.univ-rennes.fr\/wp-content\/uploads\/2020\/06\/Logo-IGR-IAE-Rennes_Blanc-300dpi-RVB-e1597327228224.png","contentUrl":"https:\/\/www.igr.univ-rennes.fr\/wp-content\/uploads\/2020\/06\/Logo-IGR-IAE-Rennes_Blanc-300dpi-RVB-e1597327228224.png","width":290,"height":107,"caption":"IGR IAE Rennes"},"image":{"@id":"https:\/\/www.igr.univ-rennes.fr\/fr\/#\/schema\/logo\/image\/"}},{"@type":"Person","@id":"https:\/\/www.igr.univ-rennes.fr\/fr\/#\/schema\/person\/ccc43b9cca93cd7a471bce264778297c","name":"Emma Lebaut","image":{"@type":"ImageObject","inLanguage":"fr-FR","@id":"https:\/\/secure.gravatar.com\/avatar\/7335cda3e2dfc4ebfa35314bea3e26aafa62f4197b0f5cb8f2f30bb7ce493fe5?s=96&d=mm&r=g","url":"https:\/\/secure.gravatar.com\/avatar\/7335cda3e2dfc4ebfa35314bea3e26aafa62f4197b0f5cb8f2f30bb7ce493fe5?s=96&d=mm&r=g","contentUrl":"https:\/\/secure.gravatar.com\/avatar\/7335cda3e2dfc4ebfa35314bea3e26aafa62f4197b0f5cb8f2f30bb7ce493fe5?s=96&d=mm&r=g","caption":"Emma Lebaut"}}]}},"_links":{"self":[{"href":"https:\/\/www.igr.univ-rennes.fr\/fr\/wp-json\/wp\/v2\/posts\/314090","targetHints":{"allow":["GET"]}}],"collection":[{"href":"https:\/\/www.igr.univ-rennes.fr\/fr\/wp-json\/wp\/v2\/posts"}],"about":[{"href":"https:\/\/www.igr.univ-rennes.fr\/fr\/wp-json\/wp\/v2\/types\/post"}],"author":[{"embeddable":true,"href":"https:\/\/www.igr.univ-rennes.fr\/fr\/wp-json\/wp\/v2\/users\/9"}],"replies":[{"embeddable":true,"href":"https:\/\/www.igr.univ-rennes.fr\/fr\/wp-json\/wp\/v2\/comments?post=314090"}],"version-history":[{"count":5,"href":"https:\/\/www.igr.univ-rennes.fr\/fr\/wp-json\/wp\/v2\/posts\/314090\/revisions"}],"predecessor-version":[{"id":333986,"href":"https:\/\/www.igr.univ-rennes.fr\/fr\/wp-json\/wp\/v2\/posts\/314090\/revisions\/333986"}],"wp:featuredmedia":[{"embeddable":true,"href":"https:\/\/www.igr.univ-rennes.fr\/fr\/wp-json\/wp\/v2\/media\/314091"}],"wp:attachment":[{"href":"https:\/\/www.igr.univ-rennes.fr\/fr\/wp-json\/wp\/v2\/media?parent=314090"}],"wp:term":[{"taxonomy":"category","embeddable":true,"href":"https:\/\/www.igr.univ-rennes.fr\/fr\/wp-json\/wp\/v2\/categories?post=314090"},{"taxonomy":"post_tag","embeddable":true,"href":"https:\/\/www.igr.univ-rennes.fr\/fr\/wp-json\/wp\/v2\/tags?post=314090"}],"curies":[{"name":"wp","href":"https:\/\/api.w.org\/{rel}","templated":true}]}}