{"id":312004,"date":"2023-08-31T18:37:07","date_gmt":"2023-08-31T16:37:07","guid":{"rendered":"https:\/\/www.igr.univ-rennes.fr\/?p=312004"},"modified":"2023-09-08T15:31:53","modified_gmt":"2023-09-08T13:31:53","slug":"rentree-vie-associative-2023","status":"publish","type":"post","link":"https:\/\/www.igr.univ-rennes.fr\/fr\/rentree-vie-associative-2023\/","title":{"rendered":"Rentr\u00e9e Vie Associative 2023"},"content":{"rendered":"\t\t<div data-elementor-type=\"wp-post\" data-elementor-id=\"312004\" class=\"elementor elementor-312004\">\n\t\t\t\t\t\t\t\t\t<section class=\"elementor-section elementor-top-section elementor-element elementor-element-253b4fe elementor-section-boxed elementor-section-height-default elementor-section-height-default\" data-id=\"253b4fe\" data-element_type=\"section\">\n\t\t\t\t\t\t<div class=\"elementor-container elementor-column-gap-default\">\n\t\t\t\t\t<div class=\"elementor-column elementor-col-100 elementor-top-column elementor-element elementor-element-44cb460\" data-id=\"44cb460\" data-element_type=\"column\">\n\t\t\t<div class=\"elementor-widget-wrap elementor-element-populated\">\n\t\t\t\t\t\t\t\t<div class=\"elementor-element elementor-element-7ea0e89 elementor-widget elementor-widget-text-editor\" data-id=\"7ea0e89\" data-element_type=\"widget\" data-widget_type=\"text-editor.default\">\n\t\t\t\t<div class=\"elementor-widget-container\">\n\t\t\t\t\t\t\t<p>La rentr\u00e9e de la vie associative pour les \u00e9tudiants de Master investis dans ce dispositif p\u00e9dagogique a eu lieu le 31 ao\u00fbt.<\/p><p>Un moment cl\u00e9 pour pr\u00e9parer les nombreux projets associatifs et \u00e9changer sur le fonctionnement de cet axe strat\u00e9gique et les valeurs de l\u2019\u00e9cole.<\/p><p>L\u2019IGR-IAE Rennes accompagne et valorise l\u2019engagement associatif de ses \u00e9tudiants par la d\u00e9livrance du badge P.A.S.S. qui certifie leur investissement et les comp\u00e9tences qu\u2019ils acqui\u00e8rent au sein des projets associatifs. L\u2019ann\u00e9e ne fait que commencer et elle s\u2019annonce d\u00e9j\u00e0 riche en projets.<\/p><p>Les deux co-pr\u00e9sidentes de l\u2019association IGR Alumni, <strong>Aur\u00e9lie Egault<\/strong> et <strong>Morgane Le Pabic<\/strong> \u00e9taient pr\u00e9sentes pour cet \u00e9v\u00e9nement de rentr\u00e9e important.<\/p>\t\t\t\t\t\t<\/div>\n\t\t\t\t<\/div>\n\t\t\t\t\t<\/div>\n\t\t<\/div>\n\t\t\t\t\t\t\t<\/div>\n\t\t<\/section>\n\t\t\t\t<section class=\"elementor-section elementor-top-section elementor-element elementor-element-b2f5962 elementor-section-boxed elementor-section-height-default elementor-section-height-default\" data-id=\"b2f5962\" data-element_type=\"section\">\n\t\t\t\t\t\t<div class=\"elementor-container elementor-column-gap-default\">\n\t\t\t\t\t<div class=\"elementor-column elementor-col-100 elementor-top-column elementor-element elementor-element-b853287\" data-id=\"b853287\" data-element_type=\"column\">\n\t\t\t<div class=\"elementor-widget-wrap elementor-element-populated\">\n\t\t\t\t\t\t\t\t<div class=\"elementor-element elementor-element-23bed0e elementor-widget elementor-widget-gallery\" data-id=\"23bed0e\" data-element_type=\"widget\" data-settings=\"{&quot;lazyload&quot;:&quot;yes&quot;,&quot;gallery_layout&quot;:&quot;grid&quot;,&quot;columns&quot;:4,&quot;columns_tablet&quot;:2,&quot;columns_mobile&quot;:1,&quot;gap&quot;:{&quot;unit&quot;:&quot;px&quot;,&quot;size&quot;:10,&quot;sizes&quot;:[]},&quot;gap_widescreen&quot;:{&quot;unit&quot;:&quot;px&quot;,&quot;size&quot;:&quot;&quot;,&quot;sizes&quot;:[]},&quot;gap_laptop&quot;:{&quot;unit&quot;:&quot;px&quot;,&quot;size&quot;:10,&quot;sizes&quot;:[]},&quot;gap_tablet_extra&quot;:{&quot;unit&quot;:&quot;px&quot;,&quot;size&quot;:10,&quot;sizes&quot;:[]},&quot;gap_tablet&quot;:{&quot;unit&quot;:&quot;px&quot;,&quot;size&quot;:10,&quot;sizes&quot;:[]},&quot;gap_mobile&quot;:{&quot;unit&quot;:&quot;px&quot;,&quot;size&quot;:10,&quot;sizes&quot;:[]},&quot;link_to&quot;:&quot;file&quot;,&quot;aspect_ratio&quot;:&quot;3:2&quot;,&quot;overlay_background&quot;:&quot;yes&quot;,&quot;content_hover_animation&quot;:&quot;fade-in&quot;}\" data-widget_type=\"gallery.default\">\n\t\t\t\t<div class=\"elementor-widget-container\">\n\t\t\t\t\t<div class=\"elementor-gallery__container\">\n\t\t\t\t\t\t\t<a class=\"e-gallery-item elementor-gallery-item elementor-animated-content\" href=\"https:\/\/www.igr.univ-rennes.fr\/wp-content\/uploads\/2023\/05\/IMG_0440-scaled.jpg\" data-elementor-open-lightbox=\"yes\" data-elementor-lightbox-slideshow=\"all-23bed0e\" data-elementor-lightbox-title=\"IMG_0440\" data-e-action-hash=\"#elementor-action%3Aaction%3Dlightbox%26settings%3DeyJpZCI6MzEyMDE1LCJ1cmwiOiJodHRwczpcL1wvd3d3Lmlnci51bml2LXJlbm5lcy5mclwvd3AtY29udGVudFwvdXBsb2Fkc1wvMjAyM1wvMDVcL0lNR18wNDQwLXNjYWxlZC5qcGciLCJzbGlkZXNob3ciOiJhbGwtMjNiZWQwZSJ9\">\n\t\t\t\t\t<div class=\"e-gallery-image elementor-gallery-item__image\" data-thumbnail=\"https:\/\/www.igr.univ-rennes.fr\/wp-content\/uploads\/2023\/05\/IMG_0440-300x200.jpg\" data-width=\"300\" data-height=\"200\" alt=\"\" ><\/div>\n\t\t\t\t\t\t\t\t\t\t\t<div class=\"elementor-gallery-item__overlay\"><\/div>\n\t\t\t\t\t\t\t\t\t\t\t\t\t\t<\/a>\n\t\t\t\t\t\t\t<a class=\"e-gallery-item elementor-gallery-item elementor-animated-content\" href=\"https:\/\/www.igr.univ-rennes.fr\/wp-content\/uploads\/2023\/05\/IMG_0422-scaled.jpg\" data-elementor-open-lightbox=\"yes\" data-elementor-lightbox-slideshow=\"all-23bed0e\" data-elementor-lightbox-title=\"rentr\u00e9e vis asso 2023\" data-e-action-hash=\"#elementor-action%3Aaction%3Dlightbox%26settings%3DeyJpZCI6MzEyMDExLCJ1cmwiOiJodHRwczpcL1wvd3d3Lmlnci51bml2LXJlbm5lcy5mclwvd3AtY29udGVudFwvdXBsb2Fkc1wvMjAyM1wvMDVcL0lNR18wNDIyLXNjYWxlZC5qcGciLCJzbGlkZXNob3ciOiJhbGwtMjNiZWQwZSJ9\">\n\t\t\t\t\t<div class=\"e-gallery-image elementor-gallery-item__image\" data-thumbnail=\"https:\/\/www.igr.univ-rennes.fr\/wp-content\/uploads\/2023\/05\/IMG_0422-300x200.jpg\" data-width=\"300\" data-height=\"200\" alt=\"rentr\u00e9e vis asso 2023\" ><\/div>\n\t\t\t\t\t\t\t\t\t\t\t<div class=\"elementor-gallery-item__overlay\"><\/div>\n\t\t\t\t\t\t\t\t\t\t\t\t\t\t<\/a>\n\t\t\t\t\t\t\t<a class=\"e-gallery-item elementor-gallery-item elementor-animated-content\" href=\"https:\/\/www.igr.univ-rennes.fr\/wp-content\/uploads\/2023\/05\/IMG_0421-scaled.jpg\" data-elementor-open-lightbox=\"yes\" data-elementor-lightbox-slideshow=\"all-23bed0e\" data-elementor-lightbox-title=\"IMG_0421\" data-e-action-hash=\"#elementor-action%3Aaction%3Dlightbox%26settings%3DeyJpZCI6MzEyMDA5LCJ1cmwiOiJodHRwczpcL1wvd3d3Lmlnci51bml2LXJlbm5lcy5mclwvd3AtY29udGVudFwvdXBsb2Fkc1wvMjAyM1wvMDVcL0lNR18wNDIxLXNjYWxlZC5qcGciLCJzbGlkZXNob3ciOiJhbGwtMjNiZWQwZSJ9\">\n\t\t\t\t\t<div class=\"e-gallery-image elementor-gallery-item__image\" data-thumbnail=\"https:\/\/www.igr.univ-rennes.fr\/wp-content\/uploads\/2023\/05\/IMG_0421-300x200.jpg\" data-width=\"300\" data-height=\"200\" alt=\"\" ><\/div>\n\t\t\t\t\t\t\t\t\t\t\t<div class=\"elementor-gallery-item__overlay\"><\/div>\n\t\t\t\t\t\t\t\t\t\t\t\t\t\t<\/a>\n\t\t\t\t\t\t\t<a class=\"e-gallery-item elementor-gallery-item elementor-animated-content\" href=\"https:\/\/www.igr.univ-rennes.fr\/wp-content\/uploads\/2023\/05\/IMG_0406-scaled.jpg\" data-elementor-open-lightbox=\"yes\" data-elementor-lightbox-slideshow=\"all-23bed0e\" data-elementor-lightbox-title=\"IMG_0406\" data-e-action-hash=\"#elementor-action%3Aaction%3Dlightbox%26settings%3DeyJpZCI6MzEyMDA3LCJ1cmwiOiJodHRwczpcL1wvd3d3Lmlnci51bml2LXJlbm5lcy5mclwvd3AtY29udGVudFwvdXBsb2Fkc1wvMjAyM1wvMDVcL0lNR18wNDA2LXNjYWxlZC5qcGciLCJzbGlkZXNob3ciOiJhbGwtMjNiZWQwZSJ9\">\n\t\t\t\t\t<div class=\"e-gallery-image elementor-gallery-item__image\" data-thumbnail=\"https:\/\/www.igr.univ-rennes.fr\/wp-content\/uploads\/2023\/05\/IMG_0406-300x200.jpg\" data-width=\"300\" data-height=\"200\" alt=\"\" ><\/div>\n\t\t\t\t\t\t\t\t\t\t\t<div class=\"elementor-gallery-item__overlay\"><\/div>\n\t\t\t\t\t\t\t\t\t\t\t\t\t\t<\/a>\n\t\t\t\t\t\t\t<a class=\"e-gallery-item elementor-gallery-item elementor-animated-content\" href=\"https:\/\/www.igr.univ-rennes.fr\/wp-content\/uploads\/2023\/05\/IMG_0402-scaled.jpg\" data-elementor-open-lightbox=\"yes\" data-elementor-lightbox-slideshow=\"all-23bed0e\" data-elementor-lightbox-title=\"IMG_0402\" data-e-action-hash=\"#elementor-action%3Aaction%3Dlightbox%26settings%3DeyJpZCI6MzEyMDA1LCJ1cmwiOiJodHRwczpcL1wvd3d3Lmlnci51bml2LXJlbm5lcy5mclwvd3AtY29udGVudFwvdXBsb2Fkc1wvMjAyM1wvMDVcL0lNR18wNDAyLXNjYWxlZC5qcGciLCJzbGlkZXNob3ciOiJhbGwtMjNiZWQwZSJ9\">\n\t\t\t\t\t<div class=\"e-gallery-image elementor-gallery-item__image\" data-thumbnail=\"https:\/\/www.igr.univ-rennes.fr\/wp-content\/uploads\/2023\/05\/IMG_0402-300x200.jpg\" data-width=\"300\" data-height=\"200\" alt=\"\" ><\/div>\n\t\t\t\t\t\t\t\t\t\t\t<div class=\"elementor-gallery-item__overlay\"><\/div>\n\t\t\t\t\t\t\t\t\t\t\t\t\t\t<\/a>\n\t\t\t\t\t\t\t<a class=\"e-gallery-item elementor-gallery-item elementor-animated-content\" href=\"https:\/\/www.igr.univ-rennes.fr\/wp-content\/uploads\/2023\/05\/IMG_0439-scaled.jpg\" data-elementor-open-lightbox=\"yes\" data-elementor-lightbox-slideshow=\"all-23bed0e\" data-elementor-lightbox-title=\"IMG_0439\" data-e-action-hash=\"#elementor-action%3Aaction%3Dlightbox%26settings%3DeyJpZCI6MzEyMDEzLCJ1cmwiOiJodHRwczpcL1wvd3d3Lmlnci51bml2LXJlbm5lcy5mclwvd3AtY29udGVudFwvdXBsb2Fkc1wvMjAyM1wvMDVcL0lNR18wNDM5LXNjYWxlZC5qcGciLCJzbGlkZXNob3ciOiJhbGwtMjNiZWQwZSJ9\">\n\t\t\t\t\t<div class=\"e-gallery-image elementor-gallery-item__image\" data-thumbnail=\"https:\/\/www.igr.univ-rennes.fr\/wp-content\/uploads\/2023\/05\/IMG_0439-300x200.jpg\" data-width=\"300\" data-height=\"200\" alt=\"\" ><\/div>\n\t\t\t\t\t\t\t\t\t\t\t<div class=\"elementor-gallery-item__overlay\"><\/div>\n\t\t\t\t\t\t\t\t\t\t\t\t\t\t<\/a>\n\t\t\t\t\t\t\t<a class=\"e-gallery-item elementor-gallery-item elementor-animated-content\" href=\"https:\/\/www.igr.univ-rennes.fr\/wp-content\/uploads\/2023\/05\/IMG_0403-scaled.jpg\" data-elementor-open-lightbox=\"yes\" data-elementor-lightbox-slideshow=\"all-23bed0e\" data-elementor-lightbox-title=\"IMG_0403\" data-e-action-hash=\"#elementor-action%3Aaction%3Dlightbox%26settings%3DeyJpZCI6MzEyMDI1LCJ1cmwiOiJodHRwczpcL1wvd3d3Lmlnci51bml2LXJlbm5lcy5mclwvd3AtY29udGVudFwvdXBsb2Fkc1wvMjAyM1wvMDVcL0lNR18wNDAzLXNjYWxlZC5qcGciLCJzbGlkZXNob3ciOiJhbGwtMjNiZWQwZSJ9\">\n\t\t\t\t\t<div class=\"e-gallery-image elementor-gallery-item__image\" data-thumbnail=\"https:\/\/www.igr.univ-rennes.fr\/wp-content\/uploads\/2023\/05\/IMG_0403-300x200.jpg\" data-width=\"300\" data-height=\"200\" alt=\"\" ><\/div>\n\t\t\t\t\t\t\t\t\t\t\t<div class=\"elementor-gallery-item__overlay\"><\/div>\n\t\t\t\t\t\t\t\t\t\t\t\t\t\t<\/a>\n\t\t\t\t\t\t\t<a class=\"e-gallery-item elementor-gallery-item elementor-animated-content\" href=\"https:\/\/www.igr.univ-rennes.fr\/wp-content\/uploads\/2023\/05\/IMG_0425-scaled.jpg\" data-elementor-open-lightbox=\"yes\" data-elementor-lightbox-slideshow=\"all-23bed0e\" data-elementor-lightbox-title=\"IMG_0425\" data-e-action-hash=\"#elementor-action%3Aaction%3Dlightbox%26settings%3DeyJpZCI6MzEyMDI3LCJ1cmwiOiJodHRwczpcL1wvd3d3Lmlnci51bml2LXJlbm5lcy5mclwvd3AtY29udGVudFwvdXBsb2Fkc1wvMjAyM1wvMDVcL0lNR18wNDI1LXNjYWxlZC5qcGciLCJzbGlkZXNob3ciOiJhbGwtMjNiZWQwZSJ9\">\n\t\t\t\t\t<div class=\"e-gallery-image elementor-gallery-item__image\" data-thumbnail=\"https:\/\/www.igr.univ-rennes.fr\/wp-content\/uploads\/2023\/05\/IMG_0425-300x200.jpg\" data-width=\"300\" data-height=\"200\" alt=\"\" ><\/div>\n\t\t\t\t\t\t\t\t\t\t\t<div class=\"elementor-gallery-item__overlay\"><\/div>\n\t\t\t\t\t\t\t\t\t\t\t\t\t\t<\/a>\n\t\t\t\t\t<\/div>\n\t\t\t<\/div>\n\t\t\t\t<\/div>\n\t\t\t\t\t<\/div>\n\t\t<\/div>\n\t\t\t\t\t\t\t<\/div>\n\t\t<\/section>\n\t\t\t\t\t\t\t<\/div>\n\t\t","protected":false},"excerpt":{"rendered":"<p>La rentr\u00e9e de la vie associative pour les \u00e9tudiants de Master investis dans ce dispositif p\u00e9dagogique a eu lieu le 31 ao\u00fbt.<\/p>\n","protected":false},"author":11,"featured_media":312017,"comment_status":"closed","ping_status":"closed","sticky":true,"template":"","format":"standard","meta":{"footnotes":""},"categories":[63],"tags":[],"yoast_head":"<!-- This site is optimized with the Yoast SEO plugin v21.1 - https:\/\/yoast.com\/wordpress\/plugins\/seo\/ -->\n<title>Rentr\u00e9e Vie Associative 2023 - IGR IAE Rennes<\/title>\n<meta name=\"robots\" content=\"index, follow, max-snippet:-1, max-image-preview:large, max-video-preview:-1\" \/>\n<link rel=\"canonical\" href=\"https:\/\/www.igr.univ-rennes.fr\/fr\/rentree-vie-associative-2023\/\" \/>\n<meta property=\"og:locale\" content=\"fr_FR\" \/>\n<meta property=\"og:type\" content=\"article\" \/>\n<meta property=\"og:title\" content=\"Rentr\u00e9e Vie Associative 2023 - IGR IAE Rennes\" \/>\n<meta property=\"og:description\" content=\"La rentr\u00e9e de la vie associative pour les \u00e9tudiants de Master investis dans ce dispositif p\u00e9dagogique a eu lieu le 31 ao\u00fbt.\" \/>\n<meta property=\"og:url\" content=\"https:\/\/www.igr.univ-rennes.fr\/fr\/rentree-vie-associative-2023\/\" \/>\n<meta property=\"og:site_name\" content=\"IGR IAE Rennes\" \/>\n<meta property=\"article:published_time\" content=\"2023-08-31T16:37:07+00:00\" \/>\n<meta property=\"article:modified_time\" content=\"2023-09-08T13:31:53+00:00\" \/>\n<meta property=\"og:image\" content=\"https:\/\/www.igr.univ-rennes.fr\/wp-content\/uploads\/2023\/05\/IMG_0442-scaled.jpg\" \/>\n\t<meta property=\"og:image:width\" content=\"2560\" \/>\n\t<meta property=\"og:image:height\" content=\"1707\" \/>\n\t<meta property=\"og:image:type\" content=\"image\/jpeg\" \/>\n<meta name=\"author\" content=\"Marie-Annick Robin\" \/>\n<meta name=\"twitter:card\" content=\"summary_large_image\" \/>\n<meta name=\"twitter:label1\" content=\"\u00c9crit par\" \/>\n\t<meta name=\"twitter:data1\" content=\"Marie-Annick Robin\" \/>\n\t<meta name=\"twitter:label2\" content=\"Dur\u00e9e de lecture estim\u00e9e\" \/>\n\t<meta name=\"twitter:data2\" content=\"1 minute\" \/>\n<script type=\"application\/ld+json\" class=\"yoast-schema-graph\">{\"@context\":\"https:\/\/schema.org\",\"@graph\":[{\"@type\":\"Article\",\"@id\":\"https:\/\/www.igr.univ-rennes.fr\/fr\/rentree-vie-associative-2023\/#article\",\"isPartOf\":{\"@id\":\"https:\/\/www.igr.univ-rennes.fr\/fr\/rentree-vie-associative-2023\/\"},\"author\":{\"name\":\"Marie-Annick Robin\",\"@id\":\"https:\/\/www.igr.univ-rennes.fr\/fr\/#\/schema\/person\/5f1ef906f2986c0eaa338b7258c4082b\"},\"headline\":\"Rentr\u00e9e Vie Associative 2023\",\"datePublished\":\"2023-08-31T16:37:07+00:00\",\"dateModified\":\"2023-09-08T13:31:53+00:00\",\"mainEntityOfPage\":{\"@id\":\"https:\/\/www.igr.univ-rennes.fr\/fr\/rentree-vie-associative-2023\/\"},\"wordCount\":136,\"publisher\":{\"@id\":\"https:\/\/www.igr.univ-rennes.fr\/fr\/#organization\"},\"articleSection\":[\"Vie associative\"],\"inLanguage\":\"fr-FR\"},{\"@type\":\"WebPage\",\"@id\":\"https:\/\/www.igr.univ-rennes.fr\/fr\/rentree-vie-associative-2023\/\",\"url\":\"https:\/\/www.igr.univ-rennes.fr\/fr\/rentree-vie-associative-2023\/\",\"name\":\"Rentr\u00e9e Vie Associative 2023 - IGR IAE Rennes\",\"isPartOf\":{\"@id\":\"https:\/\/www.igr.univ-rennes.fr\/fr\/#website\"},\"datePublished\":\"2023-08-31T16:37:07+00:00\",\"dateModified\":\"2023-09-08T13:31:53+00:00\",\"breadcrumb\":{\"@id\":\"https:\/\/www.igr.univ-rennes.fr\/fr\/rentree-vie-associative-2023\/#breadcrumb\"},\"inLanguage\":\"fr-FR\",\"potentialAction\":[{\"@type\":\"ReadAction\",\"target\":[\"https:\/\/www.igr.univ-rennes.fr\/fr\/rentree-vie-associative-2023\/\"]}]},{\"@type\":\"BreadcrumbList\",\"@id\":\"https:\/\/www.igr.univ-rennes.fr\/fr\/rentree-vie-associative-2023\/#breadcrumb\",\"itemListElement\":[{\"@type\":\"ListItem\",\"position\":1,\"name\":\"Accueil\",\"item\":\"https:\/\/www.igr.univ-rennes.fr\/fr\/\"},{\"@type\":\"ListItem\",\"position\":2,\"name\":\"Rentr\u00e9e Vie Associative 2023\"}]},{\"@type\":\"WebSite\",\"@id\":\"https:\/\/www.igr.univ-rennes.fr\/fr\/#website\",\"url\":\"https:\/\/www.igr.univ-rennes.fr\/fr\/\",\"name\":\"IGR IAE Rennes\",\"description\":\"\",\"publisher\":{\"@id\":\"https:\/\/www.igr.univ-rennes.fr\/fr\/#organization\"},\"potentialAction\":[{\"@type\":\"SearchAction\",\"target\":{\"@type\":\"EntryPoint\",\"urlTemplate\":\"https:\/\/www.igr.univ-rennes.fr\/fr\/?s={search_term_string}\"},\"query-input\":\"required name=search_term_string\"}],\"inLanguage\":\"fr-FR\"},{\"@type\":\"Organization\",\"@id\":\"https:\/\/www.igr.univ-rennes.fr\/fr\/#organization\",\"name\":\"IGR IAE Rennes\",\"url\":\"https:\/\/www.igr.univ-rennes.fr\/fr\/\",\"logo\":{\"@type\":\"ImageObject\",\"inLanguage\":\"fr-FR\",\"@id\":\"https:\/\/www.igr.univ-rennes.fr\/fr\/#\/schema\/logo\/image\/\",\"url\":\"https:\/\/www.igr.univ-rennes.fr\/wp-content\/uploads\/2020\/06\/Logo-IGR-IAE-Rennes_Blanc-300dpi-RVB-e1597327228224.png\",\"contentUrl\":\"https:\/\/www.igr.univ-rennes.fr\/wp-content\/uploads\/2020\/06\/Logo-IGR-IAE-Rennes_Blanc-300dpi-RVB-e1597327228224.png\",\"width\":290,\"height\":107,\"caption\":\"IGR IAE Rennes\"},\"image\":{\"@id\":\"https:\/\/www.igr.univ-rennes.fr\/fr\/#\/schema\/logo\/image\/\"}},{\"@type\":\"Person\",\"@id\":\"https:\/\/www.igr.univ-rennes.fr\/fr\/#\/schema\/person\/5f1ef906f2986c0eaa338b7258c4082b\",\"name\":\"Marie-Annick Robin\",\"image\":{\"@type\":\"ImageObject\",\"inLanguage\":\"fr-FR\",\"@id\":\"https:\/\/www.igr.univ-rennes.fr\/fr\/#\/schema\/person\/image\/\",\"url\":\"https:\/\/secure.gravatar.com\/avatar\/2be340e59f359ca7aa475c1693137388?s=96&d=mm&r=g\",\"contentUrl\":\"https:\/\/secure.gravatar.com\/avatar\/2be340e59f359ca7aa475c1693137388?s=96&d=mm&r=g\",\"caption\":\"Marie-Annick Robin\"}}]}<\/script>\n<!-- \/ Yoast SEO plugin. -->","yoast_head_json":{"title":"Rentr\u00e9e Vie Associative 2023 - IGR IAE Rennes","robots":{"index":"index","follow":"follow","max-snippet":"max-snippet:-1","max-image-preview":"max-image-preview:large","max-video-preview":"max-video-preview:-1"},"canonical":"https:\/\/www.igr.univ-rennes.fr\/fr\/rentree-vie-associative-2023\/","og_locale":"fr_FR","og_type":"article","og_title":"Rentr\u00e9e Vie Associative 2023 - IGR IAE Rennes","og_description":"La rentr\u00e9e de la vie associative pour les \u00e9tudiants de Master investis dans ce dispositif p\u00e9dagogique a eu lieu le 31 ao\u00fbt.","og_url":"https:\/\/www.igr.univ-rennes.fr\/fr\/rentree-vie-associative-2023\/","og_site_name":"IGR IAE Rennes","article_published_time":"2023-08-31T16:37:07+00:00","article_modified_time":"2023-09-08T13:31:53+00:00","og_image":[{"width":2560,"height":1707,"url":"https:\/\/www.igr.univ-rennes.fr\/wp-content\/uploads\/2023\/05\/IMG_0442-scaled.jpg","type":"image\/jpeg"}],"author":"Marie-Annick Robin","twitter_card":"summary_large_image","twitter_misc":{"\u00c9crit par":"Marie-Annick Robin","Dur\u00e9e de lecture estim\u00e9e":"1 minute"},"schema":{"@context":"https:\/\/schema.org","@graph":[{"@type":"Article","@id":"https:\/\/www.igr.univ-rennes.fr\/fr\/rentree-vie-associative-2023\/#article","isPartOf":{"@id":"https:\/\/www.igr.univ-rennes.fr\/fr\/rentree-vie-associative-2023\/"},"author":{"name":"Marie-Annick Robin","@id":"https:\/\/www.igr.univ-rennes.fr\/fr\/#\/schema\/person\/5f1ef906f2986c0eaa338b7258c4082b"},"headline":"Rentr\u00e9e Vie Associative 2023","datePublished":"2023-08-31T16:37:07+00:00","dateModified":"2023-09-08T13:31:53+00:00","mainEntityOfPage":{"@id":"https:\/\/www.igr.univ-rennes.fr\/fr\/rentree-vie-associative-2023\/"},"wordCount":136,"publisher":{"@id":"https:\/\/www.igr.univ-rennes.fr\/fr\/#organization"},"articleSection":["Vie associative"],"inLanguage":"fr-FR"},{"@type":"WebPage","@id":"https:\/\/www.igr.univ-rennes.fr\/fr\/rentree-vie-associative-2023\/","url":"https:\/\/www.igr.univ-rennes.fr\/fr\/rentree-vie-associative-2023\/","name":"Rentr\u00e9e Vie Associative 2023 - IGR IAE Rennes","isPartOf":{"@id":"https:\/\/www.igr.univ-rennes.fr\/fr\/#website"},"datePublished":"2023-08-31T16:37:07+00:00","dateModified":"2023-09-08T13:31:53+00:00","breadcrumb":{"@id":"https:\/\/www.igr.univ-rennes.fr\/fr\/rentree-vie-associative-2023\/#breadcrumb"},"inLanguage":"fr-FR","potentialAction":[{"@type":"ReadAction","target":["https:\/\/www.igr.univ-rennes.fr\/fr\/rentree-vie-associative-2023\/"]}]},{"@type":"BreadcrumbList","@id":"https:\/\/www.igr.univ-rennes.fr\/fr\/rentree-vie-associative-2023\/#breadcrumb","itemListElement":[{"@type":"ListItem","position":1,"name":"Accueil","item":"https:\/\/www.igr.univ-rennes.fr\/fr\/"},{"@type":"ListItem","position":2,"name":"Rentr\u00e9e Vie Associative 2023"}]},{"@type":"WebSite","@id":"https:\/\/www.igr.univ-rennes.fr\/fr\/#website","url":"https:\/\/www.igr.univ-rennes.fr\/fr\/","name":"IGR IAE Rennes","description":"","publisher":{"@id":"https:\/\/www.igr.univ-rennes.fr\/fr\/#organization"},"potentialAction":[{"@type":"SearchAction","target":{"@type":"EntryPoint","urlTemplate":"https:\/\/www.igr.univ-rennes.fr\/fr\/?s={search_term_string}"},"query-input":"required name=search_term_string"}],"inLanguage":"fr-FR"},{"@type":"Organization","@id":"https:\/\/www.igr.univ-rennes.fr\/fr\/#organization","name":"IGR IAE Rennes","url":"https:\/\/www.igr.univ-rennes.fr\/fr\/","logo":{"@type":"ImageObject","inLanguage":"fr-FR","@id":"https:\/\/www.igr.univ-rennes.fr\/fr\/#\/schema\/logo\/image\/","url":"https:\/\/www.igr.univ-rennes.fr\/wp-content\/uploads\/2020\/06\/Logo-IGR-IAE-Rennes_Blanc-300dpi-RVB-e1597327228224.png","contentUrl":"https:\/\/www.igr.univ-rennes.fr\/wp-content\/uploads\/2020\/06\/Logo-IGR-IAE-Rennes_Blanc-300dpi-RVB-e1597327228224.png","width":290,"height":107,"caption":"IGR IAE Rennes"},"image":{"@id":"https:\/\/www.igr.univ-rennes.fr\/fr\/#\/schema\/logo\/image\/"}},{"@type":"Person","@id":"https:\/\/www.igr.univ-rennes.fr\/fr\/#\/schema\/person\/5f1ef906f2986c0eaa338b7258c4082b","name":"Marie-Annick Robin","image":{"@type":"ImageObject","inLanguage":"fr-FR","@id":"https:\/\/www.igr.univ-rennes.fr\/fr\/#\/schema\/person\/image\/","url":"https:\/\/secure.gravatar.com\/avatar\/2be340e59f359ca7aa475c1693137388?s=96&d=mm&r=g","contentUrl":"https:\/\/secure.gravatar.com\/avatar\/2be340e59f359ca7aa475c1693137388?s=96&d=mm&r=g","caption":"Marie-Annick Robin"}}]}},"_links":{"self":[{"href":"https:\/\/www.igr.univ-rennes.fr\/fr\/wp-json\/wp\/v2\/posts\/312004"}],"collection":[{"href":"https:\/\/www.igr.univ-rennes.fr\/fr\/wp-json\/wp\/v2\/posts"}],"about":[{"href":"https:\/\/www.igr.univ-rennes.fr\/fr\/wp-json\/wp\/v2\/types\/post"}],"author":[{"embeddable":true,"href":"https:\/\/www.igr.univ-rennes.fr\/fr\/wp-json\/wp\/v2\/users\/11"}],"replies":[{"embeddable":true,"href":"https:\/\/www.igr.univ-rennes.fr\/fr\/wp-json\/wp\/v2\/comments?post=312004"}],"version-history":[{"count":9,"href":"https:\/\/www.igr.univ-rennes.fr\/fr\/wp-json\/wp\/v2\/posts\/312004\/revisions"}],"predecessor-version":[{"id":312041,"href":"https:\/\/www.igr.univ-rennes.fr\/fr\/wp-json\/wp\/v2\/posts\/312004\/revisions\/312041"}],"wp:featuredmedia":[{"embeddable":true,"href":"https:\/\/www.igr.univ-rennes.fr\/fr\/wp-json\/wp\/v2\/media\/312017"}],"wp:attachment":[{"href":"https:\/\/www.igr.univ-rennes.fr\/fr\/wp-json\/wp\/v2\/media?parent=312004"}],"wp:term":[{"taxonomy":"category","embeddable":true,"href":"https:\/\/www.igr.univ-rennes.fr\/fr\/wp-json\/wp\/v2\/categories?post=312004"},{"taxonomy":"post_tag","embeddable":true,"href":"https:\/\/www.igr.univ-rennes.fr\/fr\/wp-json\/wp\/v2\/tags?post=312004"}],"curies":[{"name":"wp","href":"https:\/\/api.w.org\/{rel}","templated":true}]}}