{"id":295520,"date":"2023-06-21T17:03:02","date_gmt":"2023-06-21T15:03:02","guid":{"rendered":"https:\/\/www.igr.univ-rennes.fr\/?p=295520"},"modified":"2023-06-23T08:45:05","modified_gmt":"2023-06-23T06:45:05","slug":"le-cfjm-acceuille-la-delegation-de-luniversite-de-chiba","status":"publish","type":"post","link":"https:\/\/www.igr.univ-rennes.fr\/fr\/le-cfjm-acceuille-la-delegation-de-luniversite-de-chiba\/","title":{"rendered":"Le CFJM accueille une d\u00e9l\u00e9gation japonaise de l&rsquo;Universit\u00e9 de Chiba"},"content":{"rendered":"\t\t<div data-elementor-type=\"wp-post\" data-elementor-id=\"295520\" class=\"elementor elementor-295520\" data-elementor-post-type=\"post\">\n\t\t\t\t\t\t<section class=\"elementor-section elementor-top-section elementor-element elementor-element-8d045c0 elementor-section-boxed elementor-section-height-default elementor-section-height-default\" data-id=\"8d045c0\" data-element_type=\"section\" data-e-type=\"section\">\n\t\t\t\t\t\t<div class=\"elementor-container elementor-column-gap-default\">\n\t\t\t\t\t<div class=\"elementor-column elementor-col-100 elementor-top-column elementor-element elementor-element-ab0233a\" data-id=\"ab0233a\" data-element_type=\"column\" data-e-type=\"column\">\n\t\t\t<div class=\"elementor-widget-wrap elementor-element-populated\">\n\t\t\t\t\t\t<div class=\"elementor-element elementor-element-80a1a35 elementor-widget elementor-widget-gallery\" data-id=\"80a1a35\" data-element_type=\"widget\" data-e-type=\"widget\" data-settings=\"{&quot;gap&quot;:{&quot;unit&quot;:&quot;px&quot;,&quot;size&quot;:11,&quot;sizes&quot;:[]},&quot;lazyload&quot;:&quot;yes&quot;,&quot;gallery_layout&quot;:&quot;grid&quot;,&quot;columns&quot;:4,&quot;columns_tablet&quot;:2,&quot;columns_mobile&quot;:1,&quot;gap_widescreen&quot;:{&quot;unit&quot;:&quot;px&quot;,&quot;size&quot;:&quot;&quot;,&quot;sizes&quot;:[]},&quot;gap_laptop&quot;:{&quot;unit&quot;:&quot;px&quot;,&quot;size&quot;:10,&quot;sizes&quot;:[]},&quot;gap_tablet_extra&quot;:{&quot;unit&quot;:&quot;px&quot;,&quot;size&quot;:10,&quot;sizes&quot;:[]},&quot;gap_tablet&quot;:{&quot;unit&quot;:&quot;px&quot;,&quot;size&quot;:10,&quot;sizes&quot;:[]},&quot;gap_mobile&quot;:{&quot;unit&quot;:&quot;px&quot;,&quot;size&quot;:10,&quot;sizes&quot;:[]},&quot;link_to&quot;:&quot;file&quot;,&quot;aspect_ratio&quot;:&quot;3:2&quot;,&quot;overlay_background&quot;:&quot;yes&quot;,&quot;content_hover_animation&quot;:&quot;fade-in&quot;}\" data-widget_type=\"gallery.default\">\n\t\t\t\t<div class=\"elementor-widget-container\">\n\t\t\t\t\t\t\t<div class=\"elementor-gallery__container\">\n\t\t\t\t\t\t\t<a class=\"e-gallery-item elementor-gallery-item elementor-animated-content\" href=\"https:\/\/www.igr.univ-rennes.fr\/wp-content\/uploads\/2023\/06\/Capture.jpg\" data-elementor-open-lightbox=\"yes\" data-elementor-lightbox-slideshow=\"80a1a35\" data-elementor-lightbox-title=\"Capture\" data-e-action-hash=\"#elementor-action%3Aaction%3Dlightbox%26settings%3DeyJpZCI6Mjk1NTc0LCJ1cmwiOiJodHRwczpcL1wvd3d3Lmlnci51bml2LXJlbm5lcy5mclwvd3AtY29udGVudFwvdXBsb2Fkc1wvMjAyM1wvMDZcL0NhcHR1cmUuanBnIiwic2xpZGVzaG93IjoiODBhMWEzNSJ9\">\n\t\t\t\t\t<div class=\"e-gallery-image elementor-gallery-item__image\" data-thumbnail=\"https:\/\/www.igr.univ-rennes.fr\/wp-content\/uploads\/2023\/06\/Capture-300x124.jpg\" data-width=\"300\" data-height=\"124\" aria-label=\"\" role=\"img\" ><\/div>\n\t\t\t\t\t\t\t\t\t\t\t<div class=\"elementor-gallery-item__overlay\"><\/div>\n\t\t\t\t\t\t\t\t\t\t\t\t\t\t<\/a>\n\t\t\t\t\t\t\t<a class=\"e-gallery-item elementor-gallery-item elementor-animated-content\" href=\"https:\/\/www.igr.univ-rennes.fr\/wp-content\/uploads\/2023\/06\/WhatsApp-Image-2023-02-09-at-12.15.26-8.jpeg\" data-elementor-open-lightbox=\"yes\" data-elementor-lightbox-slideshow=\"80a1a35\" data-elementor-lightbox-title=\"WhatsApp Image 2023-02-09 at 12.15.26 (8)\" data-e-action-hash=\"#elementor-action%3Aaction%3Dlightbox%26settings%3DeyJpZCI6Mjk1NTU1LCJ1cmwiOiJodHRwczpcL1wvd3d3Lmlnci51bml2LXJlbm5lcy5mclwvd3AtY29udGVudFwvdXBsb2Fkc1wvMjAyM1wvMDZcL1doYXRzQXBwLUltYWdlLTIwMjMtMDItMDktYXQtMTIuMTUuMjYtOC5qcGVnIiwic2xpZGVzaG93IjoiODBhMWEzNSJ9\">\n\t\t\t\t\t<div class=\"e-gallery-image elementor-gallery-item__image\" data-thumbnail=\"https:\/\/www.igr.univ-rennes.fr\/wp-content\/uploads\/2023\/06\/WhatsApp-Image-2023-02-09-at-12.15.26-8-300x225.jpeg\" data-width=\"300\" data-height=\"225\" aria-label=\"\" role=\"img\" ><\/div>\n\t\t\t\t\t\t\t\t\t\t\t<div class=\"elementor-gallery-item__overlay\"><\/div>\n\t\t\t\t\t\t\t\t\t\t\t\t\t\t<\/a>\n\t\t\t\t\t\t\t<a class=\"e-gallery-item elementor-gallery-item elementor-animated-content\" href=\"https:\/\/www.igr.univ-rennes.fr\/wp-content\/uploads\/2023\/06\/IMG_6199-scaled.jpg\" data-elementor-open-lightbox=\"yes\" data-elementor-lightbox-slideshow=\"80a1a35\" data-elementor-lightbox-title=\"IMG_6199\" data-e-action-hash=\"#elementor-action%3Aaction%3Dlightbox%26settings%3DeyJpZCI6Mjk1NTUxLCJ1cmwiOiJodHRwczpcL1wvd3d3Lmlnci51bml2LXJlbm5lcy5mclwvd3AtY29udGVudFwvdXBsb2Fkc1wvMjAyM1wvMDZcL0lNR182MTk5LXNjYWxlZC5qcGciLCJzbGlkZXNob3ciOiI4MGExYTM1In0%3D\">\n\t\t\t\t\t<div class=\"e-gallery-image elementor-gallery-item__image\" data-thumbnail=\"https:\/\/www.igr.univ-rennes.fr\/wp-content\/uploads\/2023\/06\/IMG_6199-300x225.jpg\" data-width=\"300\" data-height=\"225\" aria-label=\"\" role=\"img\" ><\/div>\n\t\t\t\t\t\t\t\t\t\t\t<div class=\"elementor-gallery-item__overlay\"><\/div>\n\t\t\t\t\t\t\t\t\t\t\t\t\t\t<\/a>\n\t\t\t\t\t\t\t<a class=\"e-gallery-item elementor-gallery-item elementor-animated-content\" href=\"https:\/\/www.igr.univ-rennes.fr\/wp-content\/uploads\/2023\/06\/20190405ninmei.png\" data-elementor-open-lightbox=\"yes\" data-elementor-lightbox-slideshow=\"80a1a35\" data-elementor-lightbox-title=\"20190405ninmei\" data-e-action-hash=\"#elementor-action%3Aaction%3Dlightbox%26settings%3DeyJpZCI6Mjk1NTQ2LCJ1cmwiOiJodHRwczpcL1wvd3d3Lmlnci51bml2LXJlbm5lcy5mclwvd3AtY29udGVudFwvdXBsb2Fkc1wvMjAyM1wvMDZcLzIwMTkwNDA1bmlubWVpLnBuZyIsInNsaWRlc2hvdyI6IjgwYTFhMzUifQ%3D%3D\">\n\t\t\t\t\t<div class=\"e-gallery-image elementor-gallery-item__image\" data-thumbnail=\"https:\/\/www.igr.univ-rennes.fr\/wp-content\/uploads\/2023\/06\/20190405ninmei-300x169.png\" data-width=\"300\" data-height=\"169\" aria-label=\"\" role=\"img\" ><\/div>\n\t\t\t\t\t\t\t\t\t\t\t<div class=\"elementor-gallery-item__overlay\"><\/div>\n\t\t\t\t\t\t\t\t\t\t\t\t\t\t<\/a>\n\t\t\t\t\t\t\t<a class=\"e-gallery-item elementor-gallery-item elementor-animated-content\" href=\"https:\/\/www.igr.univ-rennes.fr\/wp-content\/uploads\/2023\/06\/IMG_6200-1-scaled.jpg\" data-elementor-open-lightbox=\"yes\" data-elementor-lightbox-slideshow=\"80a1a35\" data-elementor-lightbox-title=\"IMG_6200 (1)\" data-e-action-hash=\"#elementor-action%3Aaction%3Dlightbox%26settings%3DeyJpZCI6Mjk1NTUzLCJ1cmwiOiJodHRwczpcL1wvd3d3Lmlnci51bml2LXJlbm5lcy5mclwvd3AtY29udGVudFwvdXBsb2Fkc1wvMjAyM1wvMDZcL0lNR182MjAwLTEtc2NhbGVkLmpwZyIsInNsaWRlc2hvdyI6IjgwYTFhMzUifQ%3D%3D\">\n\t\t\t\t\t<div class=\"e-gallery-image elementor-gallery-item__image\" data-thumbnail=\"https:\/\/www.igr.univ-rennes.fr\/wp-content\/uploads\/2023\/06\/IMG_6200-1-300x225.jpg\" data-width=\"300\" data-height=\"225\" aria-label=\"\" role=\"img\" ><\/div>\n\t\t\t\t\t\t\t\t\t\t\t<div class=\"elementor-gallery-item__overlay\"><\/div>\n\t\t\t\t\t\t\t\t\t\t\t\t\t\t<\/a>\n\t\t\t\t\t\t\t<a class=\"e-gallery-item elementor-gallery-item elementor-animated-content\" href=\"https:\/\/www.igr.univ-rennes.fr\/wp-content\/uploads\/2023\/06\/20190405campus.png\" data-elementor-open-lightbox=\"yes\" data-elementor-lightbox-slideshow=\"80a1a35\" data-elementor-lightbox-title=\"20190405campus\" data-e-action-hash=\"#elementor-action%3Aaction%3Dlightbox%26settings%3DeyJpZCI6Mjk1NTQyLCJ1cmwiOiJodHRwczpcL1wvd3d3Lmlnci51bml2LXJlbm5lcy5mclwvd3AtY29udGVudFwvdXBsb2Fkc1wvMjAyM1wvMDZcLzIwMTkwNDA1Y2FtcHVzLnBuZyIsInNsaWRlc2hvdyI6IjgwYTFhMzUifQ%3D%3D\">\n\t\t\t\t\t<div class=\"e-gallery-image elementor-gallery-item__image\" data-thumbnail=\"https:\/\/www.igr.univ-rennes.fr\/wp-content\/uploads\/2023\/06\/20190405campus-300x166.png\" data-width=\"300\" data-height=\"166\" aria-label=\"\" role=\"img\" ><\/div>\n\t\t\t\t\t\t\t\t\t\t\t<div class=\"elementor-gallery-item__overlay\"><\/div>\n\t\t\t\t\t\t\t\t\t\t\t\t\t\t<\/a>\n\t\t\t\t\t\t\t<a class=\"e-gallery-item elementor-gallery-item elementor-animated-content\" href=\"https:\/\/www.igr.univ-rennes.fr\/wp-content\/uploads\/2023\/06\/20190405nim_2.png\" data-elementor-open-lightbox=\"yes\" data-elementor-lightbox-slideshow=\"80a1a35\" data-elementor-lightbox-title=\"20190405nim_2\" data-e-action-hash=\"#elementor-action%3Aaction%3Dlightbox%26settings%3DeyJpZCI6Mjk1NTQ0LCJ1cmwiOiJodHRwczpcL1wvd3d3Lmlnci51bml2LXJlbm5lcy5mclwvd3AtY29udGVudFwvdXBsb2Fkc1wvMjAyM1wvMDZcLzIwMTkwNDA1bmltXzIucG5nIiwic2xpZGVzaG93IjoiODBhMWEzNSJ9\">\n\t\t\t\t\t<div class=\"e-gallery-image elementor-gallery-item__image\" data-thumbnail=\"https:\/\/www.igr.univ-rennes.fr\/wp-content\/uploads\/2023\/06\/20190405nim_2-300x177.png\" data-width=\"300\" data-height=\"177\" aria-label=\"\" role=\"img\" ><\/div>\n\t\t\t\t\t\t\t\t\t\t\t<div class=\"elementor-gallery-item__overlay\"><\/div>\n\t\t\t\t\t\t\t\t\t\t\t\t\t\t<\/a>\n\t\t\t\t\t\t\t<a class=\"e-gallery-item elementor-gallery-item elementor-animated-content\" href=\"https:\/\/www.igr.univ-rennes.fr\/wp-content\/uploads\/2023\/06\/20190405shuugou.jpg\" data-elementor-open-lightbox=\"yes\" data-elementor-lightbox-slideshow=\"80a1a35\" data-elementor-lightbox-title=\"OLYMPUS DIGITAL CAMERA\" data-e-action-hash=\"#elementor-action%3Aaction%3Dlightbox%26settings%3DeyJpZCI6Mjk1NTQ4LCJ1cmwiOiJodHRwczpcL1wvd3d3Lmlnci51bml2LXJlbm5lcy5mclwvd3AtY29udGVudFwvdXBsb2Fkc1wvMjAyM1wvMDZcLzIwMTkwNDA1c2h1dWdvdS5qcGciLCJzbGlkZXNob3ciOiI4MGExYTM1In0%3D\">\n\t\t\t\t\t<div class=\"e-gallery-image elementor-gallery-item__image\" data-thumbnail=\"https:\/\/www.igr.univ-rennes.fr\/wp-content\/uploads\/2023\/06\/20190405shuugou-300x222.jpg\" data-width=\"300\" data-height=\"222\" aria-label=\"\" role=\"img\" ><\/div>\n\t\t\t\t\t\t\t\t\t\t\t<div class=\"elementor-gallery-item__overlay\"><\/div>\n\t\t\t\t\t\t\t\t\t\t\t\t\t\t<\/a>\n\t\t\t\t\t<\/div>\n\t\t\t\t\t<\/div>\n\t\t\t\t<\/div>\n\t\t\t\t\t<\/div>\n\t\t<\/div>\n\t\t\t\t\t<\/div>\n\t\t<\/section>\n\t\t\t\t<\/div>\n\t\t","protected":false},"excerpt":{"rendered":"<p>La d\u00e9l\u00e9gation de l&rsquo;Universit\u00e9 de Chiba \u00e9tait repr\u00e9sent\u00e9e par M.Ozawa, Vice-Pr\u00e9sident, de Mme Motokawa, de la direction des Affaires Internationales et de Mme Tokisata, du bureau des mobilit\u00e9s \u00e9tudiantes.<\/p>\n","protected":false},"author":20,"featured_media":295521,"comment_status":"closed","ping_status":"closed","sticky":true,"template":"","format":"standard","meta":{"_acf_changed":false,"footnotes":""},"categories":[147,64,68],"tags":[],"class_list":["post-295520","post","type-post","status-publish","format-standard","has-post-thumbnail","hentry","category-actualites","category-formation","category-international"],"acf":[],"yoast_head":"<!-- This site is optimized with the Yoast SEO plugin v27.5 - https:\/\/yoast.com\/product\/yoast-seo-wordpress\/ -->\n<title>Le CFJM accueille une d\u00e9l\u00e9gation japonaise de l&rsquo;Universit\u00e9 de Chiba - IGR IAE Rennes<\/title>\n<meta name=\"robots\" content=\"index, follow, max-snippet:-1, max-image-preview:large, max-video-preview:-1\" \/>\n<link rel=\"canonical\" href=\"https:\/\/www.igr.univ-rennes.fr\/fr\/le-cfjm-acceuille-la-delegation-de-luniversite-de-chiba\/\" \/>\n<meta property=\"og:locale\" content=\"fr_FR\" \/>\n<meta property=\"og:type\" content=\"article\" \/>\n<meta property=\"og:title\" content=\"Le CFJM accueille une d\u00e9l\u00e9gation japonaise de l&rsquo;Universit\u00e9 de Chiba - IGR IAE Rennes\" \/>\n<meta property=\"og:description\" content=\"La d\u00e9l\u00e9gation de l&#039;Universit\u00e9 de Chiba \u00e9tait repr\u00e9sent\u00e9e par M.Ozawa, Vice-Pr\u00e9sident, de Mme Motokawa, de la direction des Affaires Internationales et de Mme Tokisata, du bureau des mobilit\u00e9s \u00e9tudiantes.\" \/>\n<meta property=\"og:url\" content=\"https:\/\/www.igr.univ-rennes.fr\/fr\/le-cfjm-acceuille-la-delegation-de-luniversite-de-chiba\/\" \/>\n<meta property=\"og:site_name\" content=\"IGR IAE Rennes\" \/>\n<meta property=\"article:published_time\" content=\"2023-06-21T15:03:02+00:00\" \/>\n<meta property=\"article:modified_time\" content=\"2023-06-23T06:45:05+00:00\" \/>\n<meta property=\"og:image\" content=\"https:\/\/www.igr.univ-rennes.fr\/wp-content\/uploads\/2023\/06\/IMG_6200-scaled-e1687354204175.jpg\" \/>\n\t<meta property=\"og:image:width\" content=\"2457\" \/>\n\t<meta property=\"og:image:height\" content=\"1433\" \/>\n\t<meta property=\"og:image:type\" content=\"image\/jpeg\" \/>\n<meta name=\"author\" content=\"Aymeric Lachiver\" \/>\n<meta name=\"twitter:card\" content=\"summary_large_image\" \/>\n<meta name=\"twitter:label1\" content=\"\u00c9crit par\" \/>\n\t<meta name=\"twitter:data1\" content=\"Aymeric Lachiver\" \/>\n<script type=\"application\/ld+json\" class=\"yoast-schema-graph\">{\"@context\":\"https:\\\/\\\/schema.org\",\"@graph\":[{\"@type\":\"Article\",\"@id\":\"https:\\\/\\\/www.igr.univ-rennes.fr\\\/fr\\\/le-cfjm-acceuille-la-delegation-de-luniversite-de-chiba\\\/#article\",\"isPartOf\":{\"@id\":\"https:\\\/\\\/www.igr.univ-rennes.fr\\\/fr\\\/le-cfjm-acceuille-la-delegation-de-luniversite-de-chiba\\\/\"},\"author\":{\"name\":\"Aymeric Lachiver\",\"@id\":\"https:\\\/\\\/www.igr.univ-rennes.fr\\\/fr\\\/#\\\/schema\\\/person\\\/0cbdb4434499f99979493cc4d8ed0c22\"},\"headline\":\"Le CFJM accueille une d\u00e9l\u00e9gation japonaise de l&rsquo;Universit\u00e9 de Chiba\",\"datePublished\":\"2023-06-21T15:03:02+00:00\",\"dateModified\":\"2023-06-23T06:45:05+00:00\",\"mainEntityOfPage\":{\"@id\":\"https:\\\/\\\/www.igr.univ-rennes.fr\\\/fr\\\/le-cfjm-acceuille-la-delegation-de-luniversite-de-chiba\\\/\"},\"wordCount\":14,\"publisher\":{\"@id\":\"https:\\\/\\\/www.igr.univ-rennes.fr\\\/fr\\\/#organization\"},\"image\":{\"@id\":\"https:\\\/\\\/www.igr.univ-rennes.fr\\\/fr\\\/le-cfjm-acceuille-la-delegation-de-luniversite-de-chiba\\\/#primaryimage\"},\"thumbnailUrl\":\"https:\\\/\\\/www.igr.univ-rennes.fr\\\/wp-content\\\/uploads\\\/2023\\\/06\\\/IMG_6200-scaled-e1687354204175.jpg\",\"articleSection\":[\"Actualit\u00e9s\",\"Formation\",\"International\"],\"inLanguage\":\"fr-FR\"},{\"@type\":\"WebPage\",\"@id\":\"https:\\\/\\\/www.igr.univ-rennes.fr\\\/fr\\\/le-cfjm-acceuille-la-delegation-de-luniversite-de-chiba\\\/\",\"url\":\"https:\\\/\\\/www.igr.univ-rennes.fr\\\/fr\\\/le-cfjm-acceuille-la-delegation-de-luniversite-de-chiba\\\/\",\"name\":\"Le CFJM accueille une d\u00e9l\u00e9gation japonaise de l&rsquo;Universit\u00e9 de Chiba - IGR IAE Rennes\",\"isPartOf\":{\"@id\":\"https:\\\/\\\/www.igr.univ-rennes.fr\\\/fr\\\/#website\"},\"primaryImageOfPage\":{\"@id\":\"https:\\\/\\\/www.igr.univ-rennes.fr\\\/fr\\\/le-cfjm-acceuille-la-delegation-de-luniversite-de-chiba\\\/#primaryimage\"},\"image\":{\"@id\":\"https:\\\/\\\/www.igr.univ-rennes.fr\\\/fr\\\/le-cfjm-acceuille-la-delegation-de-luniversite-de-chiba\\\/#primaryimage\"},\"thumbnailUrl\":\"https:\\\/\\\/www.igr.univ-rennes.fr\\\/wp-content\\\/uploads\\\/2023\\\/06\\\/IMG_6200-scaled-e1687354204175.jpg\",\"datePublished\":\"2023-06-21T15:03:02+00:00\",\"dateModified\":\"2023-06-23T06:45:05+00:00\",\"breadcrumb\":{\"@id\":\"https:\\\/\\\/www.igr.univ-rennes.fr\\\/fr\\\/le-cfjm-acceuille-la-delegation-de-luniversite-de-chiba\\\/#breadcrumb\"},\"inLanguage\":\"fr-FR\",\"potentialAction\":[{\"@type\":\"ReadAction\",\"target\":[\"https:\\\/\\\/www.igr.univ-rennes.fr\\\/fr\\\/le-cfjm-acceuille-la-delegation-de-luniversite-de-chiba\\\/\"]}]},{\"@type\":\"ImageObject\",\"inLanguage\":\"fr-FR\",\"@id\":\"https:\\\/\\\/www.igr.univ-rennes.fr\\\/fr\\\/le-cfjm-acceuille-la-delegation-de-luniversite-de-chiba\\\/#primaryimage\",\"url\":\"https:\\\/\\\/www.igr.univ-rennes.fr\\\/wp-content\\\/uploads\\\/2023\\\/06\\\/IMG_6200-scaled-e1687354204175.jpg\",\"contentUrl\":\"https:\\\/\\\/www.igr.univ-rennes.fr\\\/wp-content\\\/uploads\\\/2023\\\/06\\\/IMG_6200-scaled-e1687354204175.jpg\",\"width\":2457,\"height\":1433,\"caption\":\"Chiba 202306\"},{\"@type\":\"BreadcrumbList\",\"@id\":\"https:\\\/\\\/www.igr.univ-rennes.fr\\\/fr\\\/le-cfjm-acceuille-la-delegation-de-luniversite-de-chiba\\\/#breadcrumb\",\"itemListElement\":[{\"@type\":\"ListItem\",\"position\":1,\"name\":\"Accueil\",\"item\":\"https:\\\/\\\/www.igr.univ-rennes.fr\\\/fr\\\/\"},{\"@type\":\"ListItem\",\"position\":2,\"name\":\"Le CFJM accueille une d\u00e9l\u00e9gation japonaise de l&rsquo;Universit\u00e9 de Chiba\"}]},{\"@type\":\"WebSite\",\"@id\":\"https:\\\/\\\/www.igr.univ-rennes.fr\\\/fr\\\/#website\",\"url\":\"https:\\\/\\\/www.igr.univ-rennes.fr\\\/fr\\\/\",\"name\":\"IGR IAE Rennes\",\"description\":\"\",\"publisher\":{\"@id\":\"https:\\\/\\\/www.igr.univ-rennes.fr\\\/fr\\\/#organization\"},\"potentialAction\":[{\"@type\":\"SearchAction\",\"target\":{\"@type\":\"EntryPoint\",\"urlTemplate\":\"https:\\\/\\\/www.igr.univ-rennes.fr\\\/fr\\\/?s={search_term_string}\"},\"query-input\":{\"@type\":\"PropertyValueSpecification\",\"valueRequired\":true,\"valueName\":\"search_term_string\"}}],\"inLanguage\":\"fr-FR\"},{\"@type\":\"Organization\",\"@id\":\"https:\\\/\\\/www.igr.univ-rennes.fr\\\/fr\\\/#organization\",\"name\":\"IGR IAE Rennes\",\"url\":\"https:\\\/\\\/www.igr.univ-rennes.fr\\\/fr\\\/\",\"logo\":{\"@type\":\"ImageObject\",\"inLanguage\":\"fr-FR\",\"@id\":\"https:\\\/\\\/www.igr.univ-rennes.fr\\\/fr\\\/#\\\/schema\\\/logo\\\/image\\\/\",\"url\":\"https:\\\/\\\/www.igr.univ-rennes.fr\\\/wp-content\\\/uploads\\\/2020\\\/06\\\/Logo-IGR-IAE-Rennes_Blanc-300dpi-RVB-e1597327228224.png\",\"contentUrl\":\"https:\\\/\\\/www.igr.univ-rennes.fr\\\/wp-content\\\/uploads\\\/2020\\\/06\\\/Logo-IGR-IAE-Rennes_Blanc-300dpi-RVB-e1597327228224.png\",\"width\":290,\"height\":107,\"caption\":\"IGR IAE Rennes\"},\"image\":{\"@id\":\"https:\\\/\\\/www.igr.univ-rennes.fr\\\/fr\\\/#\\\/schema\\\/logo\\\/image\\\/\"}},{\"@type\":\"Person\",\"@id\":\"https:\\\/\\\/www.igr.univ-rennes.fr\\\/fr\\\/#\\\/schema\\\/person\\\/0cbdb4434499f99979493cc4d8ed0c22\",\"name\":\"Aymeric Lachiver\",\"image\":{\"@type\":\"ImageObject\",\"inLanguage\":\"fr-FR\",\"@id\":\"https:\\\/\\\/secure.gravatar.com\\\/avatar\\\/b66f428634f5e465c12f631f6273290b0576321476cf82222b7b912558f008d9?s=96&d=mm&r=g\",\"url\":\"https:\\\/\\\/secure.gravatar.com\\\/avatar\\\/b66f428634f5e465c12f631f6273290b0576321476cf82222b7b912558f008d9?s=96&d=mm&r=g\",\"contentUrl\":\"https:\\\/\\\/secure.gravatar.com\\\/avatar\\\/b66f428634f5e465c12f631f6273290b0576321476cf82222b7b912558f008d9?s=96&d=mm&r=g\",\"caption\":\"Aymeric Lachiver\"},\"sameAs\":[\"https:\\\/\\\/www.igr.univ-rennes1.fr\\\/\"]}]}<\/script>\n<!-- \/ Yoast SEO plugin. -->","yoast_head_json":{"title":"Le CFJM accueille une d\u00e9l\u00e9gation japonaise de l&rsquo;Universit\u00e9 de Chiba - IGR IAE Rennes","robots":{"index":"index","follow":"follow","max-snippet":"max-snippet:-1","max-image-preview":"max-image-preview:large","max-video-preview":"max-video-preview:-1"},"canonical":"https:\/\/www.igr.univ-rennes.fr\/fr\/le-cfjm-acceuille-la-delegation-de-luniversite-de-chiba\/","og_locale":"fr_FR","og_type":"article","og_title":"Le CFJM accueille une d\u00e9l\u00e9gation japonaise de l&rsquo;Universit\u00e9 de Chiba - IGR IAE Rennes","og_description":"La d\u00e9l\u00e9gation de l'Universit\u00e9 de Chiba \u00e9tait repr\u00e9sent\u00e9e par M.Ozawa, Vice-Pr\u00e9sident, de Mme Motokawa, de la direction des Affaires Internationales et de Mme Tokisata, du bureau des mobilit\u00e9s \u00e9tudiantes.","og_url":"https:\/\/www.igr.univ-rennes.fr\/fr\/le-cfjm-acceuille-la-delegation-de-luniversite-de-chiba\/","og_site_name":"IGR IAE Rennes","article_published_time":"2023-06-21T15:03:02+00:00","article_modified_time":"2023-06-23T06:45:05+00:00","og_image":[{"width":2457,"height":1433,"url":"https:\/\/www.igr.univ-rennes.fr\/wp-content\/uploads\/2023\/06\/IMG_6200-scaled-e1687354204175.jpg","type":"image\/jpeg"}],"author":"Aymeric Lachiver","twitter_card":"summary_large_image","twitter_misc":{"\u00c9crit par":"Aymeric Lachiver"},"schema":{"@context":"https:\/\/schema.org","@graph":[{"@type":"Article","@id":"https:\/\/www.igr.univ-rennes.fr\/fr\/le-cfjm-acceuille-la-delegation-de-luniversite-de-chiba\/#article","isPartOf":{"@id":"https:\/\/www.igr.univ-rennes.fr\/fr\/le-cfjm-acceuille-la-delegation-de-luniversite-de-chiba\/"},"author":{"name":"Aymeric Lachiver","@id":"https:\/\/www.igr.univ-rennes.fr\/fr\/#\/schema\/person\/0cbdb4434499f99979493cc4d8ed0c22"},"headline":"Le CFJM accueille une d\u00e9l\u00e9gation japonaise de l&rsquo;Universit\u00e9 de Chiba","datePublished":"2023-06-21T15:03:02+00:00","dateModified":"2023-06-23T06:45:05+00:00","mainEntityOfPage":{"@id":"https:\/\/www.igr.univ-rennes.fr\/fr\/le-cfjm-acceuille-la-delegation-de-luniversite-de-chiba\/"},"wordCount":14,"publisher":{"@id":"https:\/\/www.igr.univ-rennes.fr\/fr\/#organization"},"image":{"@id":"https:\/\/www.igr.univ-rennes.fr\/fr\/le-cfjm-acceuille-la-delegation-de-luniversite-de-chiba\/#primaryimage"},"thumbnailUrl":"https:\/\/www.igr.univ-rennes.fr\/wp-content\/uploads\/2023\/06\/IMG_6200-scaled-e1687354204175.jpg","articleSection":["Actualit\u00e9s","Formation","International"],"inLanguage":"fr-FR"},{"@type":"WebPage","@id":"https:\/\/www.igr.univ-rennes.fr\/fr\/le-cfjm-acceuille-la-delegation-de-luniversite-de-chiba\/","url":"https:\/\/www.igr.univ-rennes.fr\/fr\/le-cfjm-acceuille-la-delegation-de-luniversite-de-chiba\/","name":"Le CFJM accueille une d\u00e9l\u00e9gation japonaise de l&rsquo;Universit\u00e9 de Chiba - IGR IAE Rennes","isPartOf":{"@id":"https:\/\/www.igr.univ-rennes.fr\/fr\/#website"},"primaryImageOfPage":{"@id":"https:\/\/www.igr.univ-rennes.fr\/fr\/le-cfjm-acceuille-la-delegation-de-luniversite-de-chiba\/#primaryimage"},"image":{"@id":"https:\/\/www.igr.univ-rennes.fr\/fr\/le-cfjm-acceuille-la-delegation-de-luniversite-de-chiba\/#primaryimage"},"thumbnailUrl":"https:\/\/www.igr.univ-rennes.fr\/wp-content\/uploads\/2023\/06\/IMG_6200-scaled-e1687354204175.jpg","datePublished":"2023-06-21T15:03:02+00:00","dateModified":"2023-06-23T06:45:05+00:00","breadcrumb":{"@id":"https:\/\/www.igr.univ-rennes.fr\/fr\/le-cfjm-acceuille-la-delegation-de-luniversite-de-chiba\/#breadcrumb"},"inLanguage":"fr-FR","potentialAction":[{"@type":"ReadAction","target":["https:\/\/www.igr.univ-rennes.fr\/fr\/le-cfjm-acceuille-la-delegation-de-luniversite-de-chiba\/"]}]},{"@type":"ImageObject","inLanguage":"fr-FR","@id":"https:\/\/www.igr.univ-rennes.fr\/fr\/le-cfjm-acceuille-la-delegation-de-luniversite-de-chiba\/#primaryimage","url":"https:\/\/www.igr.univ-rennes.fr\/wp-content\/uploads\/2023\/06\/IMG_6200-scaled-e1687354204175.jpg","contentUrl":"https:\/\/www.igr.univ-rennes.fr\/wp-content\/uploads\/2023\/06\/IMG_6200-scaled-e1687354204175.jpg","width":2457,"height":1433,"caption":"Chiba 202306"},{"@type":"BreadcrumbList","@id":"https:\/\/www.igr.univ-rennes.fr\/fr\/le-cfjm-acceuille-la-delegation-de-luniversite-de-chiba\/#breadcrumb","itemListElement":[{"@type":"ListItem","position":1,"name":"Accueil","item":"https:\/\/www.igr.univ-rennes.fr\/fr\/"},{"@type":"ListItem","position":2,"name":"Le CFJM accueille une d\u00e9l\u00e9gation japonaise de l&rsquo;Universit\u00e9 de Chiba"}]},{"@type":"WebSite","@id":"https:\/\/www.igr.univ-rennes.fr\/fr\/#website","url":"https:\/\/www.igr.univ-rennes.fr\/fr\/","name":"IGR IAE Rennes","description":"","publisher":{"@id":"https:\/\/www.igr.univ-rennes.fr\/fr\/#organization"},"potentialAction":[{"@type":"SearchAction","target":{"@type":"EntryPoint","urlTemplate":"https:\/\/www.igr.univ-rennes.fr\/fr\/?s={search_term_string}"},"query-input":{"@type":"PropertyValueSpecification","valueRequired":true,"valueName":"search_term_string"}}],"inLanguage":"fr-FR"},{"@type":"Organization","@id":"https:\/\/www.igr.univ-rennes.fr\/fr\/#organization","name":"IGR IAE Rennes","url":"https:\/\/www.igr.univ-rennes.fr\/fr\/","logo":{"@type":"ImageObject","inLanguage":"fr-FR","@id":"https:\/\/www.igr.univ-rennes.fr\/fr\/#\/schema\/logo\/image\/","url":"https:\/\/www.igr.univ-rennes.fr\/wp-content\/uploads\/2020\/06\/Logo-IGR-IAE-Rennes_Blanc-300dpi-RVB-e1597327228224.png","contentUrl":"https:\/\/www.igr.univ-rennes.fr\/wp-content\/uploads\/2020\/06\/Logo-IGR-IAE-Rennes_Blanc-300dpi-RVB-e1597327228224.png","width":290,"height":107,"caption":"IGR IAE Rennes"},"image":{"@id":"https:\/\/www.igr.univ-rennes.fr\/fr\/#\/schema\/logo\/image\/"}},{"@type":"Person","@id":"https:\/\/www.igr.univ-rennes.fr\/fr\/#\/schema\/person\/0cbdb4434499f99979493cc4d8ed0c22","name":"Aymeric Lachiver","image":{"@type":"ImageObject","inLanguage":"fr-FR","@id":"https:\/\/secure.gravatar.com\/avatar\/b66f428634f5e465c12f631f6273290b0576321476cf82222b7b912558f008d9?s=96&d=mm&r=g","url":"https:\/\/secure.gravatar.com\/avatar\/b66f428634f5e465c12f631f6273290b0576321476cf82222b7b912558f008d9?s=96&d=mm&r=g","contentUrl":"https:\/\/secure.gravatar.com\/avatar\/b66f428634f5e465c12f631f6273290b0576321476cf82222b7b912558f008d9?s=96&d=mm&r=g","caption":"Aymeric Lachiver"},"sameAs":["https:\/\/www.igr.univ-rennes1.fr\/"]}]}},"_links":{"self":[{"href":"https:\/\/www.igr.univ-rennes.fr\/fr\/wp-json\/wp\/v2\/posts\/295520","targetHints":{"allow":["GET"]}}],"collection":[{"href":"https:\/\/www.igr.univ-rennes.fr\/fr\/wp-json\/wp\/v2\/posts"}],"about":[{"href":"https:\/\/www.igr.univ-rennes.fr\/fr\/wp-json\/wp\/v2\/types\/post"}],"author":[{"embeddable":true,"href":"https:\/\/www.igr.univ-rennes.fr\/fr\/wp-json\/wp\/v2\/users\/20"}],"replies":[{"embeddable":true,"href":"https:\/\/www.igr.univ-rennes.fr\/fr\/wp-json\/wp\/v2\/comments?post=295520"}],"version-history":[{"count":10,"href":"https:\/\/www.igr.univ-rennes.fr\/fr\/wp-json\/wp\/v2\/posts\/295520\/revisions"}],"predecessor-version":[{"id":296993,"href":"https:\/\/www.igr.univ-rennes.fr\/fr\/wp-json\/wp\/v2\/posts\/295520\/revisions\/296993"}],"wp:featuredmedia":[{"embeddable":true,"href":"https:\/\/www.igr.univ-rennes.fr\/fr\/wp-json\/wp\/v2\/media\/295521"}],"wp:attachment":[{"href":"https:\/\/www.igr.univ-rennes.fr\/fr\/wp-json\/wp\/v2\/media?parent=295520"}],"wp:term":[{"taxonomy":"category","embeddable":true,"href":"https:\/\/www.igr.univ-rennes.fr\/fr\/wp-json\/wp\/v2\/categories?post=295520"},{"taxonomy":"post_tag","embeddable":true,"href":"https:\/\/www.igr.univ-rennes.fr\/fr\/wp-json\/wp\/v2\/tags?post=295520"}],"curies":[{"name":"wp","href":"https:\/\/api.w.org\/{rel}","templated":true}]}}